{"id":10805,"date":"2013-08-05T18:13:13","date_gmt":"2013-08-05T21:13:13","guid":{"rendered":"https:\/\/www.mochileiros.com\/blog\/?p=10805"},"modified":"2016-12-29T07:17:23","modified_gmt":"2016-12-29T10:17:23","slug":"serie-acompanha-casal-brasileiro-e-seu-cachorro-em-volta-ao-mundo","status":"publish","type":"post","link":"https:\/\/www.mochileiros.com\/blog\/serie-acompanha-casal-brasileiro-e-seu-cachorro-em-volta-ao-mundo","title":{"rendered":"S\u00e9rie acompanha casal brasileiro e seu cachorro em volta ao mundo"},"content":{"rendered":"<p style=\"text-align: justify;\"><em>Viajantes compartilham dicas para quem quer viajar com seu pet<\/em><\/p>\n<p style=\"text-align: justify;\">A partir de sexta-feira, 16 de agosto, \u00e0s 20h, o <a href=\"http:\/\/www.tlctv.com.br\/\" target=\"_blank\" rel=\"noopener\">TLC<\/a> acompanha um intr\u00e9pido casal e seu c\u00e3o em uma aventura por 46 pa\u00edses na nova s\u00e9rie &#8216;Viagens maneiras&#8217;.<\/p>\n<p style=\"text-align: justify;\">O administrador de empresas Gustavo Vivacqua e a psic\u00f3loga Ana Machado decidiram equipar um carro para uma viagem de dois anos. Na rota, destinos nos quatro cantos o mundo entre Am\u00e9rica do Sul, Am\u00e9rica do Norte, Europa, \u00c1frica e Oriente M\u00e9dio. Na bagagem, al\u00e9m de mantimentos e roupas adequadas para todo tipo de clima, estava o Tapa, um c\u00e3o labrador, ou \u201clabradoido\u201d como seus pr\u00f3prios donos o definem em raz\u00e3o de seu comportamento estabanado.<\/p>\n<p style=\"text-align: justify;\">Juntos, os tr\u00eas percorreram mais de 130 mil quil\u00f4metros, durante os 746 dias na estrada. A cada parada, compartilham com o telespectador experi\u00eancias adquiridas em forma de dicas valiosas para mochileiros, farofeiros e turistas que querem viajar com seu pet. Nos quinze epis\u00f3dios que comp\u00f5em a s\u00e9rie, o pr\u00f3prio Tapa ganha voz e relata em primeira pessoa suas impress\u00f5es de c\u00e3o mais viajado do mundo.<\/p>\n<div id=\"attachment_10807\" style=\"width: 650px\" class=\"wp-caption alignnone\"><a href=\"https:\/\/www.mochileiros.com\/blog\/livros-cinema-afins\/serie-acompanha-casal-brasileiro-e-seu-cachorro-em-volta-ao-mundo\/attachment\/viagensmaneiras-tapanatailandia\" rel=\"attachment wp-att-10807\"><img loading=\"lazy\" decoding=\"async\" aria-describedby=\"caption-attachment-10807\" class=\"size-full wp-image-10807\" src=\"https:\/\/www.mochileiros.com\/blog\/wp-content\/uploads\/2013\/08\/viagensmaneiras-tapanatailandia.jpg\" alt=\"Olha o 'Tapa' em Ko Phi Phi, na Tail\u00e2ndia | Foto: Viagens maneiras\" width=\"640\" height=\"441\" srcset=\"https:\/\/www.mochileiros.com\/blog\/wp-content\/uploads\/2013\/08\/viagensmaneiras-tapanatailandia.jpg 640w, https:\/\/www.mochileiros.com\/blog\/wp-content\/uploads\/2013\/08\/viagensmaneiras-tapanatailandia-300x207.jpg 300w, https:\/\/www.mochileiros.com\/blog\/wp-content\/uploads\/2013\/08\/viagensmaneiras-tapanatailandia-313x216.jpg 313w, https:\/\/www.mochileiros.com\/blog\/wp-content\/uploads\/2013\/08\/viagensmaneiras-tapanatailandia-20x14.jpg 20w\" sizes=\"auto, (max-width: 640px) 100vw, 640px\" \/><\/a><p id=\"caption-attachment-10807\" class=\"wp-caption-text\">Olha o &#8216;Tapa&#8217; em Ko Phi Phi, na Tail\u00e2ndia | Foto: Viagens maneiras<\/p><\/div>\n<p style=\"text-align: justify;\">O carro, ou \u201cfarofam\u00f3vel\u201d \u00e9 uma atra\u00e7\u00e3o \u00e0 parte. Adaptado especialmente para a viagem, ele foi pensado para caber em um cont\u00eainer e ser despachado para atravessar oceanos. O ve\u00edculo traz a infraestrutura de uma casa para os humanos e tamb\u00e9m para o c\u00e3o: cama, arm\u00e1rios, micro-ondas, geladeira, vaso sanit\u00e1rio qu\u00edmico, pia, chuveiro e toda a parafern\u00e1lia el\u00e9trica para que tudo funcione e, \u00e9 claro, os aposentos de Tapa.<\/p>\n<p style=\"text-align: justify;\">A bordo do farofam\u00f3vel, os viajantes cruzaram desertos, praias, florestas e tempestades e enfrentaram desafios como intoxica\u00e7\u00e3o alimentar e uma fuga de Tapa no Equador. Turismo, hist\u00f3ria, arquitetura e gastronomia est\u00e3o juntos no roteiro da s\u00e9rie, apresentada pelos carism\u00e1ticos protagonistas e produzida pela Soul Filmes.<\/p>\n<p style=\"text-align: justify;\"><strong>NOTA:<\/strong> <em>Quando conhecemos o Gustavo (via web em 1999, nos prim\u00f3rdios do &#8216;mochilismo virtual&#8217; &#8211; risos), seu cachorro companheiro de viagem era o Haxixe, o site at\u00e9 chegou a chamar &#8220;Haxitrips&#8221; inicialmente (divulgamos no antigo Mochila Brasil).<br \/>\n<\/em><em>O Haxi, uma mistura de doberman com labrador, viajou por uns 10 anos e morreu. Entrou em cena o Tapa, pra &#8216;tapar o buraco&#8217; deixado pelo Haxixe.<br \/>\n<\/em><em>Dois cachorros muito amados e viajados!\u00a0<\/em><\/p>\n<p style=\"text-align: justify;\"><strong>&gt;&gt; Al\u00e9m da s\u00e9rie pelo TLC, voc\u00ea pode conferir as aventuras dos 3 viajantes no <a href=\"http:\/\/www.viagensmaneiras.com\/\" target=\"_blank\" rel=\"noopener\">site<\/a>\u00a0e nas p\u00e1ginas no Facebook (<a href=\"https:\/\/www.facebook.com\/pages\/Viagens-Maneiras\/190694420965864\" target=\"_blank\" rel=\"noopener\">aqui<\/a> e <a href=\"https:\/\/www.facebook.com\/viagens.maneiras\" target=\"_blank\" rel=\"noopener\">aqui<\/a>).\u00a0<\/strong><\/p>\n<p style=\"text-align: justify;\"><em>Com informa\u00e7\u00f5es da Assessoria de Imprensa.<br \/>\n<\/em><em id=\"__mceDel\"><\/em><em id=\"__mceDel\"><\/em><em>Fotos: Divulga\u00e7\u00e3o.<\/em><\/p>\n","protected":false},"excerpt":{"rendered":"<p>Viajantes compartilham dicas para quem quer viajar com seu pet A partir de sexta-feira, 16 de agosto, \u00e0s 20h, o TLC acompanha um intr\u00e9pido casal e seu c\u00e3o em uma aventura por 46 pa\u00edses na nova s\u00e9rie &#8216;Viagens maneiras&#8217;. O administrador de empresas Gustavo Vivacqua e a psic\u00f3loga Ana Machado decidiram equipar um carro para [&hellip;]<\/p>\n","protected":false},"author":2,"featured_media":10806,"comment_status":"open","ping_status":"closed","sticky":false,"template":"","format":"standard","meta":{"googlesitekit_rrm_CAoiELM5mIOjYRN0nfylq3_9r-8:productID":"","_crdt_document":"","_daim_seo_power":"","_daim_enable_ail":"","footnotes":""},"categories":[],"tags":[12,1365],"class_list":["post-10805","post","type-post","status-publish","format-standard","has-post-thumbnail","hentry","tag-livros-cinema-afins","tag-vanlife"],"_links":{"self":[{"href":"https:\/\/www.mochileiros.com\/blog\/wp-json\/wp\/v2\/posts\/10805","targetHints":{"allow":["GET"]}}],"collection":[{"href":"https:\/\/www.mochileiros.com\/blog\/wp-json\/wp\/v2\/posts"}],"about":[{"href":"https:\/\/www.mochileiros.com\/blog\/wp-json\/wp\/v2\/types\/post"}],"author":[{"embeddable":true,"href":"https:\/\/www.mochileiros.com\/blog\/wp-json\/wp\/v2\/users\/2"}],"replies":[{"embeddable":true,"href":"https:\/\/www.mochileiros.com\/blog\/wp-json\/wp\/v2\/comments?post=10805"}],"version-history":[{"count":0,"href":"https:\/\/www.mochileiros.com\/blog\/wp-json\/wp\/v2\/posts\/10805\/revisions"}],"wp:featuredmedia":[{"embeddable":true,"href":"https:\/\/www.mochileiros.com\/blog\/wp-json\/wp\/v2\/media\/10806"}],"wp:attachment":[{"href":"https:\/\/www.mochileiros.com\/blog\/wp-json\/wp\/v2\/media?parent=10805"}],"wp:term":[{"taxonomy":"category","embeddable":true,"href":"https:\/\/www.mochileiros.com\/blog\/wp-json\/wp\/v2\/categories?post=10805"},{"taxonomy":"post_tag","embeddable":true,"href":"https:\/\/www.mochileiros.com\/blog\/wp-json\/wp\/v2\/tags?post=10805"}],"curies":[{"name":"wp","href":"https:\/\/api.w.org\/{rel}","templated":true}]}}