{"id":11592,"date":"2013-12-11T11:48:00","date_gmt":"2013-12-11T14:48:00","guid":{"rendered":"https:\/\/www.mochileiros.com\/blog\/?p=11592"},"modified":"2016-11-19T17:09:30","modified_gmt":"2016-11-19T20:09:30","slug":"10-livros-para-presentear-apaixonados-por-viagem","status":"publish","type":"post","link":"https:\/\/www.mochileiros.com\/blog\/10-livros-para-presentear-apaixonados-por-viagem","title":{"rendered":"10 livros para presentear apaixonados por viagem"},"content":{"rendered":"<p style=\"text-align: justify;\">O mercado editorial de viagem tem um vasto mundo pra nos oferecer. Seria um &#8216;viajar&#8217; antes, durante e depois da viagem propriamente dita. S\u00e3o obras que informam, ajudam a planejar, inspiram, que fazem sonhar.<br \/>\nN\u00f3s levantamos 10 t\u00edtulos que ser\u00e3o presente certo para aquele(a) amigo(a) apaixonado(o) por viagem ou pra voc\u00ea mesmo (a) se presentear.<\/p>\n<div id=\"ez-toc-container\" class=\"ez-toc-v2_0_82_2 counter-hierarchy ez-toc-counter ez-toc-grey ez-toc-container-direction\">\n<div class=\"ez-toc-title-container\">\n<p class=\"ez-toc-title\" style=\"cursor:inherit\">\u00cdndice<\/p>\n<span class=\"ez-toc-title-toggle\"><a href=\"#\" class=\"ez-toc-pull-right ez-toc-btn ez-toc-btn-xs ez-toc-btn-default ez-toc-toggle\" aria-label=\"Alternar tabela de conte\u00fado\"><span class=\"ez-toc-js-icon-con\"><span class=\"\"><span class=\"eztoc-hide\" style=\"display:none;\">Toggle<\/span><span class=\"ez-toc-icon-toggle-span\"><svg style=\"fill: #999;color:#999\" xmlns=\"http:\/\/www.w3.org\/2000\/svg\" class=\"list-377408\" width=\"20px\" height=\"20px\" viewBox=\"0 0 24 24\" fill=\"none\"><path d=\"M6 6H4v2h2V6zm14 0H8v2h12V6zM4 11h2v2H4v-2zm16 0H8v2h12v-2zM4 16h2v2H4v-2zm16 0H8v2h12v-2z\" fill=\"currentColor\"><\/path><\/svg><svg style=\"fill: #999;color:#999\" class=\"arrow-unsorted-368013\" xmlns=\"http:\/\/www.w3.org\/2000\/svg\" width=\"10px\" height=\"10px\" viewBox=\"0 0 24 24\" version=\"1.2\" baseProfile=\"tiny\"><path d=\"M18.2 9.3l-6.2-6.3-6.2 6.3c-.2.2-.3.4-.3.7s.1.5.3.7c.2.2.4.3.7.3h11c.3 0 .5-.1.7-.3.2-.2.3-.5.3-.7s-.1-.5-.3-.7zM5.8 14.7l6.2 6.3 6.2-6.3c.2-.2.3-.5.3-.7s-.1-.5-.3-.7c-.2-.2-.4-.3-.7-.3h-11c-.3 0-.5.1-.7.3-.2.2-.3.5-.3.7s.1.5.3.7z\"\/><\/svg><\/span><\/span><\/span><\/a><\/span><\/div>\n<nav><ul class='ez-toc-list ez-toc-list-level-1 ' ><li class='ez-toc-page-1 ez-toc-heading-level-2'><a class=\"ez-toc-link ez-toc-heading-1\" href=\"https:\/\/www.mochileiros.com\/blog\/10-livros-para-presentear-apaixonados-por-viagem\/#1_%E2%80%93_Na_Natureza_Selvagem\" >1 &#8211; Na Natureza Selvagem<\/a><\/li><li class='ez-toc-page-1 ez-toc-heading-level-2'><a class=\"ez-toc-link ez-toc-heading-2\" href=\"https:\/\/www.mochileiros.com\/blog\/10-livros-para-presentear-apaixonados-por-viagem\/#2_%E2%80%93_Walden_ou_a_vida_nos_bosques\" >2 &#8211; Walden; ou, a vida nos bosques<\/a><\/li><li class='ez-toc-page-1 ez-toc-heading-level-2'><a class=\"ez-toc-link ez-toc-heading-3\" href=\"https:\/\/www.mochileiros.com\/blog\/10-livros-para-presentear-apaixonados-por-viagem\/#3_%E2%80%93_Verdes_vales_do_fim_do_mundo\" >3 &#8211; Verdes vales do fim do mundo<\/a><\/li><li class='ez-toc-page-1 ez-toc-heading-level-2'><a class=\"ez-toc-link ez-toc-heading-4\" href=\"https:\/\/www.mochileiros.com\/blog\/10-livros-para-presentear-apaixonados-por-viagem\/#4_%E2%80%93_Livre\" >4 &#8211; Livre<\/a><\/li><li class='ez-toc-page-1 ez-toc-heading-level-2'><a class=\"ez-toc-link ez-toc-heading-5\" href=\"https:\/\/www.mochileiros.com\/blog\/10-livros-para-presentear-apaixonados-por-viagem\/#5_%E2%80%93_Paises_que_nao_existem\" >5 &#8211;\u00a0Pa\u00edses que n\u00e3o existem<\/a><\/li><li class='ez-toc-page-1 ez-toc-heading-level-2'><a class=\"ez-toc-link ez-toc-heading-6\" href=\"https:\/\/www.mochileiros.com\/blog\/10-livros-para-presentear-apaixonados-por-viagem\/#6_%E2%80%93_De_moto_pela_America_do_Sul\" >6 &#8211; De moto pela Am\u00e9rica do Sul<\/a><\/li><li class='ez-toc-page-1 ez-toc-heading-level-2'><a class=\"ez-toc-link ez-toc-heading-7\" href=\"https:\/\/www.mochileiros.com\/blog\/10-livros-para-presentear-apaixonados-por-viagem\/#7_%E2%80%93_On_the_road\" >7 &#8211; On the road<\/a><\/li><li class='ez-toc-page-1 ez-toc-heading-level-2'><a class=\"ez-toc-link ez-toc-heading-8\" href=\"https:\/\/www.mochileiros.com\/blog\/10-livros-para-presentear-apaixonados-por-viagem\/#8_%E2%80%93_Os_vagabundos_iluminados\" >8 &#8211; Os vagabundos iluminados<\/a><\/li><li class='ez-toc-page-1 ez-toc-heading-level-2'><a class=\"ez-toc-link ez-toc-heading-9\" href=\"https:\/\/www.mochileiros.com\/blog\/10-livros-para-presentear-apaixonados-por-viagem\/#9_%E2%80%93_O_Enigma_do_Coronel_Fawcett\" >9 &#8211; O Enigma do Coronel Fawcett<\/a><\/li><li class='ez-toc-page-1 ez-toc-heading-level-2'><a class=\"ez-toc-link ez-toc-heading-10\" href=\"https:\/\/www.mochileiros.com\/blog\/10-livros-para-presentear-apaixonados-por-viagem\/#10_%E2%80%93_Algum_titulo_do_Sergio_Beck\" >10 &#8211;\u00a0Algum t\u00edtulo do S\u00e9rgio Beck<\/a><ul class='ez-toc-list-level-3' ><li class='ez-toc-heading-level-3'><a class=\"ez-toc-link ez-toc-heading-11\" href=\"https:\/\/www.mochileiros.com\/blog\/10-livros-para-presentear-apaixonados-por-viagem\/#Mais\" >Mais<\/a><\/li><\/ul><\/li><\/ul><\/nav><\/div>\n<h2 style=\"text-align: justify;\"><span class=\"ez-toc-section\" id=\"1_%E2%80%93_Na_Natureza_Selvagem\"><\/span>1 &#8211; Na Natureza Selvagem<span class=\"ez-toc-section-end\"><\/span><\/h2>\n<p style=\"text-align: justify;\">O corpo em decomposi\u00e7\u00e3o de um jovem \u00e9 encontrado no Alasca. A pol\u00edcia descobre que se trata de um rapaz de fam\u00edlia rica do Leste americano que largou tudo, se internou sozinho na aridez gelada e morreu de inani\u00e7\u00e3o.<br \/>\nQuem era o garoto? Por que foi para o Alasca? Por que morreu? Para responder a essas e outras perguntas, Jon Krakauer refaz a trajet\u00f3ria de Chris McCandless, revelando a Am\u00e9rica dos que vivem \u00e0 margem, pegando carona ou circulando em carros velhos, vivendo em acampamentos e cidades-fantasmas. Mergulha no mundo da cidadezinha rural, onde homens rudes bebem e conversam sobre o tempo e a colheita. Compara a hist\u00f3ria do jovem com a de outros aventureiros solit\u00e1rios que tiveram fim tr\u00e1gico.<br \/>\nO resultado \u00e9 uma narrativa envolvente, por vezes amarga, em que os sonhos da juventude se transformam em pesadelo.<br \/>\nInspirou o <a href=\"http:\/\/www.imdb.com\/title\/tt0758758\/?ref_=fn_al_tt_1\" target=\"_blank\" rel=\"noopener\">filme<\/a>, hom\u00f4nimo, lan\u00e7ado em 2007.<\/p>\n<div id=\"attachment_11599\" style=\"width: 650px\" class=\"wp-caption alignnone\"><a href=\"https:\/\/www.mochileiros.com\/blog\/livros-cinema-afins\/10-livros-para-presentear-apaixonados-por-viagem\/attachment\/livros01\" rel=\"attachment wp-att-11599\"><img loading=\"lazy\" decoding=\"async\" aria-describedby=\"caption-attachment-11599\" class=\"size-full wp-image-11599\" src=\"https:\/\/www.mochileiros.com\/blog\/wp-content\/uploads\/2013\/12\/livros01.jpg\" alt=\"Foto: Reprodu\u00e7\u00e3o\" width=\"640\" height=\"936\" srcset=\"https:\/\/www.mochileiros.com\/blog\/wp-content\/uploads\/2013\/12\/livros01.jpg 640w, https:\/\/www.mochileiros.com\/blog\/wp-content\/uploads\/2013\/12\/livros01-205x300.jpg 205w, https:\/\/www.mochileiros.com\/blog\/wp-content\/uploads\/2013\/12\/livros01-313x458.jpg 313w, https:\/\/www.mochileiros.com\/blog\/wp-content\/uploads\/2013\/12\/livros01-14x20.jpg 14w\" sizes=\"auto, (max-width: 640px) 100vw, 640px\" \/><\/a><p id=\"caption-attachment-11599\" class=\"wp-caption-text\">Foto: Reprodu\u00e7\u00e3o<\/p><\/div>\n<h2><\/h2>\n<h2><span class=\"ez-toc-section\" id=\"2_%E2%80%93_Walden_ou_a_vida_nos_bosques\"><\/span>2 &#8211; Walden; ou, a vida nos bosques<span class=\"ez-toc-section-end\"><\/span><\/h2>\n<p style=\"text-align: justify;\">A salva\u00e7\u00e3o do mundo e dos povos passa pela salva\u00e7\u00e3o do indiv\u00edduo, pelo respeito \u00e0 liberdade individual e aos direitos \u00e0 diferen\u00e7a e \u00e0 diversidade &#8211; eis a li\u00e7\u00e3o suprema deste livro bel\u00edssimo e s\u00e1bio que, dotado de uma juventude perp\u00e9tua, nos ensina a amar a vida. Pelo seu dom de florir e frutificar o cora\u00e7\u00e3o do homem, Walden ou a vida nos bosques \u00e9 uma semente.<\/p>\n<div id=\"attachment_11600\" style=\"width: 650px\" class=\"wp-caption alignnone\"><a href=\"https:\/\/www.mochileiros.com\/blog\/livros-cinema-afins\/10-livros-para-presentear-apaixonados-por-viagem\/attachment\/livros02\" rel=\"attachment wp-att-11600\"><img loading=\"lazy\" decoding=\"async\" aria-describedby=\"caption-attachment-11600\" class=\"wp-image-11600 size-full\" src=\"https:\/\/www.mochileiros.com\/blog\/wp-content\/uploads\/2013\/12\/livros02.jpg\" alt=\"Foto: Reprodu\u00e7\u00e3o.\" width=\"640\" height=\"1079\" srcset=\"https:\/\/www.mochileiros.com\/blog\/wp-content\/uploads\/2013\/12\/livros02.jpg 640w, https:\/\/www.mochileiros.com\/blog\/wp-content\/uploads\/2013\/12\/livros02-178x300.jpg 178w, https:\/\/www.mochileiros.com\/blog\/wp-content\/uploads\/2013\/12\/livros02-607x1024.jpg 607w, https:\/\/www.mochileiros.com\/blog\/wp-content\/uploads\/2013\/12\/livros02-313x528.jpg 313w, https:\/\/www.mochileiros.com\/blog\/wp-content\/uploads\/2013\/12\/livros02-12x20.jpg 12w\" sizes=\"auto, (max-width: 640px) 100vw, 640px\" \/><\/a><p id=\"caption-attachment-11600\" class=\"wp-caption-text\">Foto: Reprodu\u00e7\u00e3o.<\/p><\/div>\n<h2><span class=\"ez-toc-section\" id=\"3_%E2%80%93_Verdes_vales_do_fim_do_mundo\"><\/span>3 &#8211; Verdes vales do fim do mundo<span class=\"ez-toc-section-end\"><\/span><\/h2>\n<p style=\"text-align: justify;\">Antonio Bivar \u00e9 um intelectual brasileiro importante e peculiar. Escritor, autor de diversas pe\u00e7as de sucesso, como a superpremiada Cord\u00e9lia Brasil, Bivar participou intensamente da agita\u00e7\u00e3o inovadora dos movimentos de contracultura dos anos 60, 70 e come\u00e7o dos 80. Participou \u00e0 sua maneira, como se pode ver neste Verdes vales do fim do mundo, um texto de mem\u00f3rias precoces onde conta a sua estada de um ano e uma semana nos EUA e Europa (com resid\u00eancia em Londres), desfrutando o pr\u00eamio Moli\u00e8re de 1970, ganho com Abre a janela e deixa entrar o ar puro e o sol da manh\u00e3. Por seu texto elegante, preciso e delicioso, este livro com as recorda\u00e7\u00f5es de Bivar, muito mais do que um simples relato biogr\u00e1fico, acabou tornando-se um &#8220;cult&#8221; sobre as andan\u00e7as e tumultos dos anos 70.<br \/>\nVerdes vales do fim do mundo \u00e9 sobretudo um testemunho fundamental sobre o que Londres representou para a rapaziada do come\u00e7o da d\u00e9cada de 70, quando o sonho ainda n\u00e3o tinha acabado e havia uma sincera ilus\u00e3o da fraternidade e o mundo era um quarto pequeno com aquecimento, ou somente uma mochila, ou, ent\u00e3o, singelos baseados fumados sob as estrelas ao som de Jim Morrison, Hendrix, Janis Joplin, no encantado festival da Ilha de Wight. Dos lugares que passou, dos momentos que viveu, das pessoas que conheceu, h\u00e1 sempre um enfoque generoso e invariavelmente interessante. Verdes vales do fim do mundo situa uma \u00e9poca em que quem viveu vai curtir muito relembrar e quem n\u00e3o viveu certamente entender\u00e1 tudo; algo como, parafraseando o velho E\u00e7a, &#8220;\u00e9ramos assim em 1971&#8230;&#8221;<\/p>\n<div id=\"attachment_11601\" style=\"width: 650px\" class=\"wp-caption alignnone\"><a href=\"https:\/\/www.mochileiros.com\/blog\/livros-cinema-afins\/10-livros-para-presentear-apaixonados-por-viagem\/attachment\/livros03\" rel=\"attachment wp-att-11601\"><img loading=\"lazy\" decoding=\"async\" aria-describedby=\"caption-attachment-11601\" class=\"size-full wp-image-11601\" src=\"https:\/\/www.mochileiros.com\/blog\/wp-content\/uploads\/2013\/12\/livros03.jpg\" alt=\"Foto: Reprodu\u00e7\u00e3o.\" width=\"640\" height=\"1077\" srcset=\"https:\/\/www.mochileiros.com\/blog\/wp-content\/uploads\/2013\/12\/livros03.jpg 640w, https:\/\/www.mochileiros.com\/blog\/wp-content\/uploads\/2013\/12\/livros03-178x300.jpg 178w, https:\/\/www.mochileiros.com\/blog\/wp-content\/uploads\/2013\/12\/livros03-609x1024.jpg 609w, https:\/\/www.mochileiros.com\/blog\/wp-content\/uploads\/2013\/12\/livros03-313x527.jpg 313w, https:\/\/www.mochileiros.com\/blog\/wp-content\/uploads\/2013\/12\/livros03-12x20.jpg 12w\" sizes=\"auto, (max-width: 640px) 100vw, 640px\" \/><\/a><p id=\"caption-attachment-11601\" class=\"wp-caption-text\">Foto: Reprodu\u00e7\u00e3o.<\/p><\/div>\n<h2><span class=\"ez-toc-section\" id=\"4_%E2%80%93_Livre\"><\/span>4 &#8211; Livre<span class=\"ez-toc-section-end\"><\/span><\/h2>\n<p>Aos 22 anos, Cheryl Strayed achou que tivesse perdido tudo. Ap\u00f3s a repentina morte da m\u00e3e, a fam\u00edlia se distanciou e seu casamento desmoronou. Quatro anos depois, aos 26 anos, sem nada a perder, tomou a decis\u00e3o mais impulsiva da vida: caminhar 1.770 quil\u00f4metros da Pacific Crest Trail (PCT) \u2013 trilha que atravessa a costa oeste dos Estados Unidos, do deserto de Mojave, atrav\u00e9s da Calif\u00f3rnia e do Oregon, em dire\u00e7\u00e3o ao estado de Washington \u2013 sem qualquer companhia. Cheryl n\u00e3o tinha experi\u00eancia em caminhadas de longa dist\u00e2ncia e a trilha era bem mais que uma linha num mapa. Em sua caminhada solit\u00e1ria, ela se deparou com ursos, cascav\u00e9is e pumas ferozes e sofreu todo tipo de priva\u00e7\u00e3o.<br \/>\nEm Livre, a autora conta como enfrentou, al\u00e9m da exaust\u00e3o, do frio, do calor, da monotonia, da dor, da sede e da fome, outros fantasmas que a assombravam. \u201cTodo processo de transforma\u00e7\u00e3o pessoal depende de entrega e aceita\u00e7\u00e3o\u201d, afirma. Seu relato captura a agonia, tanto f\u00edsica quanto mental, de sua incr\u00edvel jornada; como a enlouqueceu e a assustou e como, principalmente, a fortaleceu. O livro traz uma hist\u00f3ria de sobreviv\u00eancia e reden\u00e7\u00e3o: um retrato pungente do que a vida tem de pior e, acima de tudo, de melhor.<br \/>\n\u201cMinha caminhada solit\u00e1ria de tr\u00eas meses pela costa oeste teve muitos come\u00e7os. Houve a primeira decis\u00e3o repentina de faz\u00ea-la, seguida pela segunda resolu\u00e7\u00e3o, mais s\u00e9ria, de realmente realiz\u00e1-la e ent\u00e3o o longo terceiro come\u00e7o, composto de semanas de compras, empacotamento e prepara\u00e7\u00e3o. Mas, na realidade, minha caminhada come\u00e7ou antes de eu sequer imaginar empreend\u00ea-la, mais precisamente quatro anos, sete meses e tr\u00eas dias antes, quando estava em um pequeno quarto da Cl\u00ednica Mayo, em Rochester, Minnesota, e soube que minha m\u00e3e ia morrer\u201d, escreve a autora.<br \/>\nBobbie, a m\u00e3e de Cheryl, era uma saud\u00e1vel vegetariana n\u00e3o fumante, que morreu aos 45 anos, exatos 49 dias depois do diagn\u00f3stico de c\u00e2ncer de pulm\u00e3o. \u201cSempre soube que minha m\u00e3e havia partido muito jovem. Mas s\u00f3 agora, aos 44 anos, prestes a completar a mesma idade, \u00e9 que me dou conta do quanto ela era jovem\u201d, diz a autora. Seu pai era um homem violento, que saiu de casa abandonando a mulher com os tr\u00eas filhos, quando Cheryl tinha apenas seis anos, a irm\u00e3 Karen, nove, e o irm\u00e3o Leif, dois. \u201cNosso pai nos maltratava, era tir\u00e2nico. Minha m\u00e3e era \u2018minha hero\u00edna\u2019, mas eu estava determinada a n\u00e3o seguir seu exemplo.\u201d, conta a autora, atualmente m\u00e3e de dois filhos e feliz em seu segundo casamento.<br \/>\nO contato de Cheryl com a vida selvagem tem antecedentes. Ao completar 10 anos, sua m\u00e3e casou-se com Eddie, um carpinteiro trabalhador e am\u00e1vel, que levou sua fam\u00edlia para morar numa casa r\u00fastica de madeira de sucata, constru\u00edda por ele num pequeno lote de 40 hectares de terra na \u00e1rea rural de Minnesota. N\u00e3o havia eletricidade, \u00e1gua corrente, telefone nem banheiro interno \u2013 nada, entretanto, que se comparasse ao que enfrentou na caminhada solit\u00e1ria em que se deparou entre ursos, cascav\u00e9is e pumas ferozes, sofrendo todo tipo de priva\u00e7\u00e3o. Como se n\u00e3o bastassem a exaust\u00e3o, o frio, o calor, a monotonia, a dor, a sede e a fome, Cheryl tinha ainda que enfrentar outros fantasmas que a assombravam. \u201cTodo processo de transforma\u00e7\u00e3o pessoal depende de entrega e aceita\u00e7\u00e3o\u201d, afirma.<br \/>\n\u201cMinha m\u00e3e rejeitava a religi\u00e3o cat\u00f3lica e n\u00e3o fomos criados sob nenhuma doutrina. Sa\u00ed nessa experi\u00eancia em busca de uma defini\u00e7\u00e3o de Deus que explicasse a minha perda. Eu n\u00e3o sabia o quanto as duas coisas eram conectadas\u201d, explica. Hoje, a caminhada na PCT \u00e9 uma peregrina\u00e7\u00e3o anual. A cada ano, Cheryl refaz uma parte da trilha com o marido Brian e seus filhos. &#8220;As crian\u00e7as adoram. Brincam dizendo que v\u00e3o fazer \u2018aquela coisa da mam\u00e3e\u2019.\u201d<br \/>\n\u201cMeu principal desejo para meus filhos \u00e9 o mesmo que minha m\u00e3e desejava para n\u00f3s: que se sintam amados e sejam pessoas boas. A bondade \u00e9 a mais importante das virtudes\u201d, acredita Cheryl, que tra\u00e7a um retrato pungente do que a vida tem de melhor e pior. \u201cEste livro \u00e9 sobre como suportar o que n\u00e3o podemos suportar\u201d, resume.<br \/>\nInspirou o <a href=\"https:\/\/www.mochileiros.com\/blog\/blog\/caminhada-para-transformacao-pessoal-em-wild\" target=\"_blank\">filme &#8216;Wild&#8217;<\/a>, que tem estreia prevista para 2014.<\/p>\n<div id=\"attachment_11603\" style=\"width: 650px\" class=\"wp-caption alignnone\"><a href=\"https:\/\/www.mochileiros.com\/blog\/livros-cinema-afins\/10-livros-para-presentear-apaixonados-por-viagem\/attachment\/livros04\" rel=\"attachment wp-att-11603\"><img loading=\"lazy\" decoding=\"async\" aria-describedby=\"caption-attachment-11603\" class=\"wp-image-11603 size-full\" src=\"https:\/\/www.mochileiros.com\/blog\/wp-content\/uploads\/2013\/12\/livros04.jpg\" alt=\"Foto: Reprodu\u00e7\u00e3o.\" width=\"640\" height=\"753\" srcset=\"https:\/\/www.mochileiros.com\/blog\/wp-content\/uploads\/2013\/12\/livros04.jpg 640w, https:\/\/www.mochileiros.com\/blog\/wp-content\/uploads\/2013\/12\/livros04-255x300.jpg 255w, https:\/\/www.mochileiros.com\/blog\/wp-content\/uploads\/2013\/12\/livros04-313x368.jpg 313w, https:\/\/www.mochileiros.com\/blog\/wp-content\/uploads\/2013\/12\/livros04-17x20.jpg 17w\" sizes=\"auto, (max-width: 640px) 100vw, 640px\" \/><\/a><p id=\"caption-attachment-11603\" class=\"wp-caption-text\">Foto: Reprodu\u00e7\u00e3o.<\/p><\/div>\n<h2><span class=\"ez-toc-section\" id=\"5_%E2%80%93_Paises_que_nao_existem\"><\/span>5 &#8211;\u00a0Pa\u00edses que n\u00e3o existem<span class=\"ez-toc-section-end\"><\/span><\/h2>\n<p>O que \u00e9 um pa\u00eds que n\u00e3o existe? Como se vai a um deles? Neste livro o viajante Guilherme Canever relata suas viagens por lugares em que a hist\u00f3ria e os mais variados desdobramentos da pol\u00edtica contempor\u00e2nea transformaram em pa\u00edses, na \u00c1frica, \u00c1sia e Europa, que n\u00e3o fazem parte das Na\u00e7\u00f5es Unidas. \u00a0Mais sobre, <span style=\"text-decoration: underline;\"><a href=\"https:\/\/saiporai.com\/livros\/\" target=\"_blank\" rel=\"noopener\">aqui<\/a><\/span>.<\/p>\n<p>&nbsp;<\/p>\n<h2 style=\"text-align: justify;\"><span class=\"ez-toc-section\" id=\"6_%E2%80%93_De_moto_pela_America_do_Sul\"><\/span>6 &#8211; De moto pela Am\u00e9rica do Sul<span class=\"ez-toc-section-end\"><\/span><\/h2>\n<p style=\"text-align: justify;\">Na garupa de uma moto, rumo \u00e0 desconhecida Am\u00e9rica, este \u00e9 o retrato exato do momento em que come\u00e7a a se formar um mito. E, ao mesmo tempo que descobrimos ind\u00edcios do grande revolucion\u00e1rio que iria se revelar, lemos o relato de um jovem como qualquer um de n\u00f3s: p\u00e9 na estrada, mochila carregada de sonhos.<br \/>\nDi\u00e1rio de viagem de Ernesto Che Guevara, que inspirou o <a href=\"http:\/\/www.imdb.com\/title\/tt0318462\/?ref_=nv_sr_1\" target=\"_blank\" rel=\"noopener\">filme<\/a> Di\u00e1rios de motocicleta, lan\u00e7ado em 2004.<\/p>\n<div id=\"attachment_11605\" style=\"width: 650px\" class=\"wp-caption alignnone\"><a href=\"https:\/\/www.mochileiros.com\/blog\/livros-cinema-afins\/10-livros-para-presentear-apaixonados-por-viagem\/attachment\/livros06\" rel=\"attachment wp-att-11605\"><img loading=\"lazy\" decoding=\"async\" aria-describedby=\"caption-attachment-11605\" class=\"wp-image-11605 size-full\" src=\"https:\/\/www.mochileiros.com\/blog\/wp-content\/uploads\/2013\/12\/livros06.jpg\" alt=\"Foto: Reprodu\u00e7\u00e3o.\" width=\"640\" height=\"968\" srcset=\"https:\/\/www.mochileiros.com\/blog\/wp-content\/uploads\/2013\/12\/livros06.jpg 640w, https:\/\/www.mochileiros.com\/blog\/wp-content\/uploads\/2013\/12\/livros06-198x300.jpg 198w, https:\/\/www.mochileiros.com\/blog\/wp-content\/uploads\/2013\/12\/livros06-313x473.jpg 313w, https:\/\/www.mochileiros.com\/blog\/wp-content\/uploads\/2013\/12\/livros06-13x20.jpg 13w\" sizes=\"auto, (max-width: 640px) 100vw, 640px\" \/><\/a><p id=\"caption-attachment-11605\" class=\"wp-caption-text\">Foto: Reprodu\u00e7\u00e3o.<\/p><\/div>\n<h2><span class=\"ez-toc-section\" id=\"7_%E2%80%93_On_the_road\"><\/span>7 &#8211; On the road<span class=\"ez-toc-section-end\"><\/span><\/h2>\n<p>Sal Paradise \u00e9 o narrador de On the road &#8211; p\u00e9 na estrada. Ele vive com sua tia em New Jersey, Estados Unidos, enquanto tenta escrever um livro. Ele \u00e9 inteligente, carism\u00e1tico e tem muitos amigos. At\u00e9 que em Nova York ele conhece um charmoso e alucinante andarilho de Denver de personalidade magn\u00e9tica chamado Dean Moriarty. Dean \u00e9 cinco anos mais novo que Sal, mas compartilha o seu amor por literatura e jazz, e a \u00e2nsia de correr o mundo. Tornam-se amigos e, juntos, atravessam os Estados Unidos, deparando-se com os mais variados tipos de pessoas, numa jornada que \u00e9 tanto uma viagem pelo interior de um pa\u00eds quanto uma viagem de auto-conhecimento &#8211; de uma gera\u00e7\u00e3o\u00a0assim como dos personagens.<br \/>\nInspirou o <a href=\"http:\/\/www.imdb.com\/title\/tt0337692\/?ref_=fn_al_tt_1\" target=\"_blank\" rel=\"noopener\">filme<\/a>, On the road, lan\u00e7ado em 2012.<\/p>\n<div id=\"attachment_11606\" style=\"width: 650px\" class=\"wp-caption alignnone\"><a href=\"https:\/\/www.mochileiros.com\/blog\/livros-cinema-afins\/10-livros-para-presentear-apaixonados-por-viagem\/attachment\/livros07\" rel=\"attachment wp-att-11606\"><img loading=\"lazy\" decoding=\"async\" aria-describedby=\"caption-attachment-11606\" class=\"size-full wp-image-11606\" src=\"https:\/\/www.mochileiros.com\/blog\/wp-content\/uploads\/2013\/12\/livros07.jpg\" alt=\"Foto: Reprodu\u00e7\u00e3o.\" width=\"640\" height=\"1046\" srcset=\"https:\/\/www.mochileiros.com\/blog\/wp-content\/uploads\/2013\/12\/livros07.jpg 640w, https:\/\/www.mochileiros.com\/blog\/wp-content\/uploads\/2013\/12\/livros07-184x300.jpg 184w, https:\/\/www.mochileiros.com\/blog\/wp-content\/uploads\/2013\/12\/livros07-627x1024.jpg 627w, https:\/\/www.mochileiros.com\/blog\/wp-content\/uploads\/2013\/12\/livros07-313x512.jpg 313w, https:\/\/www.mochileiros.com\/blog\/wp-content\/uploads\/2013\/12\/livros07-12x20.jpg 12w\" sizes=\"auto, (max-width: 640px) 100vw, 640px\" \/><\/a><p id=\"caption-attachment-11606\" class=\"wp-caption-text\">Foto: Reprodu\u00e7\u00e3o.<\/p><\/div>\n<h2><span class=\"ez-toc-section\" id=\"8_%E2%80%93_Os_vagabundos_iluminados\"><\/span>8 &#8211; Os vagabundos iluminados<span class=\"ez-toc-section-end\"><\/span><\/h2>\n<p>Considerado por muitos especialistas e f\u00e3s da literatura beat como o melhor romance de Jack &#8220;On the road&#8221; Kerouac, Os vagabundos iluminados (The dharma bums) conta a hist\u00f3ria de uma busca pela verdade e pela ilumina\u00e7\u00e3o. O protagonista, Ray Smith, \u00e9 um aspirante a escritor de San Francisco que anseia por algo mais na vida. Esse algo mais ser\u00e1 apresentado a ele por Japhy Rider \u2013 um jovem zen-budista adepto do montanhismo que vive com um m\u00ednimo de dinheiro, alheio \u00e0 sociedade de consumo norte-americana.<br \/>\nEm meio a festas, bebedeiras, garotas, jam sessions, saraus po\u00e9ticos, orgias zen-budistas e viagens, Os vagabundos iluminados \u2013 lan\u00e7ado nos Estados Unidos em 1958, apenas um ano ap\u00f3s o estouro de On the road, e somente agora publicado no Brasil \u2013 \u00e9, sem d\u00favida alguma, uma obra \u00e0 altura da sua irm\u00e3 mais famosa. O estilo turbinado, superadjetivado e livre de Kerouac exala doses nunca vistas de humor, sabedoria e contagiante gosto pela vida. Temos aqui uma gera\u00e7\u00e3o beat mais beat\u00edfica, mais otimista e mais tranquila. Em suma: mais iluminada.<\/p>\n<div id=\"attachment_11607\" style=\"width: 650px\" class=\"wp-caption alignnone\"><a href=\"https:\/\/www.mochileiros.com\/blog\/livros-cinema-afins\/10-livros-para-presentear-apaixonados-por-viagem\/attachment\/livros08\" rel=\"attachment wp-att-11607\"><img loading=\"lazy\" decoding=\"async\" aria-describedby=\"caption-attachment-11607\" class=\"size-full wp-image-11607\" src=\"https:\/\/www.mochileiros.com\/blog\/wp-content\/uploads\/2013\/12\/livros08.jpg\" alt=\"Foto: Reprodu\u00e7\u00e3o\" width=\"640\" height=\"639\" srcset=\"https:\/\/www.mochileiros.com\/blog\/wp-content\/uploads\/2013\/12\/livros08.jpg 640w, https:\/\/www.mochileiros.com\/blog\/wp-content\/uploads\/2013\/12\/livros08-150x150.jpg 150w, https:\/\/www.mochileiros.com\/blog\/wp-content\/uploads\/2013\/12\/livros08-300x300.jpg 300w, https:\/\/www.mochileiros.com\/blog\/wp-content\/uploads\/2013\/12\/livros08-80x80.jpg 80w, https:\/\/www.mochileiros.com\/blog\/wp-content\/uploads\/2013\/12\/livros08-350x350.jpg 350w, https:\/\/www.mochileiros.com\/blog\/wp-content\/uploads\/2013\/12\/livros08-313x313.jpg 313w, https:\/\/www.mochileiros.com\/blog\/wp-content\/uploads\/2013\/12\/livros08-20x20.jpg 20w\" sizes=\"auto, (max-width: 640px) 100vw, 640px\" \/><\/a><p id=\"caption-attachment-11607\" class=\"wp-caption-text\">Foto: Reprodu\u00e7\u00e3o<\/p><\/div>\n<h2><span class=\"ez-toc-section\" id=\"9_%E2%80%93_O_Enigma_do_Coronel_Fawcett\"><\/span>9 &#8211; O Enigma do Coronel Fawcett<span class=\"ez-toc-section-end\"><\/span><\/h2>\n<p>Em &#8216;O enigma do Coronel Fawcett&#8217;: o verdadeiro Indiana Jones, lan\u00e7amento da Gera\u00e7\u00e3o Editorial-Ediouro, o escritor e jornalista Hermes Leal se dedicou a instigante tarefa de contar a biografia desse explorador, bem como as impress\u00f5es sobre os lugares por onde passou. O livro detalha a determina\u00e7\u00e3o, a coragem e as dificuldades encontradas por Fawcett para alcan\u00e7ar o seu t\u00e3o almejado sonho &#8211; o de descobrir vest\u00edgios de uma cidade desaparecida no Brasil Central, o que culminou com o seu desaparecimento em 1925. Fato at\u00e9 hoje envolto em um mist\u00e9rio que intriga pesquisadores e expedicion\u00e1rios.<br \/>\nN\u00e3o confundir com o explorador norte-americano, Hiram Bingham, que mostrou as ru\u00ednas de Machu Picchu, para o mundo e que tamb\u00e9m \u00e9 considerado<a href=\"https:\/\/www.mochileiros.com\/blog\/blog\/hiram-bingham-o-verdadeiro-indiana-jones\" target=\"_blank\"> o &#8216;verdadeiro&#8217; Indiana Jones.<br \/>\n<\/a><\/p>\n<div id=\"attachment_11608\" style=\"width: 650px\" class=\"wp-caption alignnone\"><a href=\"https:\/\/www.mochileiros.com\/blog\/livros-cinema-afins\/10-livros-para-presentear-apaixonados-por-viagem\/attachment\/livros09\" rel=\"attachment wp-att-11608\"><img loading=\"lazy\" decoding=\"async\" aria-describedby=\"caption-attachment-11608\" class=\"size-full wp-image-11608\" src=\"https:\/\/www.mochileiros.com\/blog\/wp-content\/uploads\/2013\/12\/livros09.jpg\" alt=\"Foto: Reprodu\u00e7\u00e3o.\" width=\"640\" height=\"938\" srcset=\"https:\/\/www.mochileiros.com\/blog\/wp-content\/uploads\/2013\/12\/livros09.jpg 640w, https:\/\/www.mochileiros.com\/blog\/wp-content\/uploads\/2013\/12\/livros09-205x300.jpg 205w, https:\/\/www.mochileiros.com\/blog\/wp-content\/uploads\/2013\/12\/livros09-313x459.jpg 313w, https:\/\/www.mochileiros.com\/blog\/wp-content\/uploads\/2013\/12\/livros09-14x20.jpg 14w\" sizes=\"auto, (max-width: 640px) 100vw, 640px\" \/><\/a><p id=\"caption-attachment-11608\" class=\"wp-caption-text\">Foto: Reprodu\u00e7\u00e3o.<\/p><\/div>\n<h2><span class=\"ez-toc-section\" id=\"10_%E2%80%93_Algum_titulo_do_Sergio_Beck\"><\/span>10 &#8211;\u00a0Algum t\u00edtulo do S\u00e9rgio Beck<span class=\"ez-toc-section-end\"><\/span><\/h2>\n<p>Para ilustrar essa mat\u00e9ria, escolhemos publicar a sinopse do &#8216;<em>Convite \u00e0 aventura&#8217;<\/em><br \/>\nA explora\u00e7\u00e3o, pela m\u00eddia, dos esportes de aventura (servindo-se de corridas, rapel, arvorismo, tirolesa e outras bobagens-que-parecem-aventura-mas-n\u00e3o-s\u00e3o, apenas como assunto para o esporte espetacular ou para o notici\u00e1rio da noite) lan\u00e7a sobre os interessados a impress\u00e3o de que s\u00f3 se consegue praticar aventura em eventos organizados. Ou sob a supervis\u00e3o de \u201cguias\u201d, \u201cmonitores\u201d, \u201corganizadores\u201d, e outros profissionais do ramo. A comercializa\u00e7\u00e3o desdes mesmos esportes, pelas ag\u00eancias de eco-turismo e guias particulares, tamb\u00e9m procura pintar a aventura como um bicho de sete cabe\u00e7as, para que voc\u00ea nem pense em sair de casa sem um guia a tiracolo. Os (raros) acidentes divulgados pelo notici\u00e1rio, s\u00f3 tendem a confirmar esta impress\u00e3o. E como funciona! Pois as pessoas realmente t\u00eam medo do desconhecido, de se perderem, de se verem v\u00edtimas do inesperado, longe da cidade.No entando, aventuras s\u00e3o uma coisa muito simples, espont\u00e2nea, natural&#8230; Basta jogar dentro de uma mochila, um pouco de roupa, saco de dormir, barraca, \u00e1gua e comida, b\u00fassola e mapa \u2013 e sair por a\u00ed a acampar. Nada muito fora do comum. Mas \u00e9 preciso conhecer as t\u00e9cnicas, familiarizar-se com os perigos, e saber no qu\u00ea est\u00e1 se metendo.Este livro busca resgatar o esp\u00edrito de aventura, o saud\u00e1vel impulso de explorar as trilhas selvagens (ou nem t\u00e3o selvagens) de nossas montanhas, florestas e parques. Mais do que simples esporte ou recrea\u00e7\u00e3o, sair por a\u00ed \u2013 a p\u00e9, ou de bicicleta, de canoa, a cavalo \u2013 \u00e9 uma forma de dar vaz\u00e3o ao seu lado selvagem, refor\u00e7ando a auto-estima e sua auto-confian\u00e7a. De sair da rotina, liberta-se da mesmice do dia a dia, e descobrir suas melhores qualidade. De redescobrir, enfim, sua pr\u00f3pria coragem \u2013 em vez de continuar sendo simplesmente um espectador de proezas alheias.<br \/>\nO Livro de primeiros socorros; O Livro de Cozinha do Excursionista Faminto; O Livro de Estrelas do Excursionista Sonhador ou O Livro de Orienta\u00e7\u00e3o do Excursionista Perdido s\u00e3o algumas op\u00e7\u00f5es.<\/p>\n<div id=\"attachment_11609\" style=\"width: 650px\" class=\"wp-caption alignnone\"><a href=\"https:\/\/www.mochileiros.com\/blog\/livros-cinema-afins\/10-livros-para-presentear-apaixonados-por-viagem\/attachment\/livros010\" rel=\"attachment wp-att-11609\"><img loading=\"lazy\" decoding=\"async\" aria-describedby=\"caption-attachment-11609\" class=\"size-full wp-image-11609\" src=\"https:\/\/www.mochileiros.com\/blog\/wp-content\/uploads\/2013\/12\/livros010.jpg\" alt=\"Foto: Reprodu\u00e7\u00e3o.\" width=\"640\" height=\"452\" srcset=\"https:\/\/www.mochileiros.com\/blog\/wp-content\/uploads\/2013\/12\/livros010.jpg 640w, https:\/\/www.mochileiros.com\/blog\/wp-content\/uploads\/2013\/12\/livros010-300x212.jpg 300w, https:\/\/www.mochileiros.com\/blog\/wp-content\/uploads\/2013\/12\/livros010-313x221.jpg 313w, https:\/\/www.mochileiros.com\/blog\/wp-content\/uploads\/2013\/12\/livros010-20x14.jpg 20w\" sizes=\"auto, (max-width: 640px) 100vw, 640px\" \/><\/a><p id=\"caption-attachment-11609\" class=\"wp-caption-text\">Foto: Reprodu\u00e7\u00e3o.<\/p><\/div>\n<p><em>Com sinopses de <a href=\"http:\/\/www.skoob.com.br\/\" target=\"_blank\" rel=\"noopener\">Skoob<\/a>.<br \/>\nAutores e editoras est\u00e3o dispon\u00edveis nas imagens.<\/em><\/p>\n<h3><span class=\"ez-toc-section\" id=\"Mais\"><\/span>Mais<span class=\"ez-toc-section-end\"><\/span><\/h3>\n<p><strong>Outros t\u00edtulos, coment\u00e1rios e mais<a href=\"http:\/\/www.mochileiros.com\/literatura-mochileira-t4507.html\" target=\"_blank\"> &#8216;literatura mochileira&#8217;<\/a> na comunidade <a href=\"http:\/\/www.mochileiros.com\/\" target=\"_blank\">Mochileiros.com.<\/a><\/strong><\/p>\n","protected":false},"excerpt":{"rendered":"<p>O mercado editorial de viagem tem um vasto mundo pra nos oferecer. Seria um &#8216;viajar&#8217; antes, durante e depois da viagem propriamente dita. S\u00e3o obras que informam, ajudam a planejar, inspiram, que fazem sonhar. N\u00f3s levantamos 10 t\u00edtulos que ser\u00e3o presente certo para aquele(a) amigo(a) apaixonado(o) por viagem ou pra voc\u00ea mesmo (a) se presentear. [&hellip;]<\/p>\n","protected":false},"author":2,"featured_media":11615,"comment_status":"open","ping_status":"closed","sticky":false,"template":"","format":"standard","meta":{"googlesitekit_rrm_CAoiELM5mIOjYRN0nfylq3_9r-8:productID":"","_crdt_document":"","_daim_seo_power":"","_daim_enable_ail":"","footnotes":""},"categories":[],"tags":[1176,169,12,1072],"class_list":["post-11592","post","type-post","status-publish","format-standard","has-post-thumbnail","hentry","tag-listas","tag-livros","tag-livros-cinema-afins","tag-presentes"],"_links":{"self":[{"href":"https:\/\/www.mochileiros.com\/blog\/wp-json\/wp\/v2\/posts\/11592","targetHints":{"allow":["GET"]}}],"collection":[{"href":"https:\/\/www.mochileiros.com\/blog\/wp-json\/wp\/v2\/posts"}],"about":[{"href":"https:\/\/www.mochileiros.com\/blog\/wp-json\/wp\/v2\/types\/post"}],"author":[{"embeddable":true,"href":"https:\/\/www.mochileiros.com\/blog\/wp-json\/wp\/v2\/users\/2"}],"replies":[{"embeddable":true,"href":"https:\/\/www.mochileiros.com\/blog\/wp-json\/wp\/v2\/comments?post=11592"}],"version-history":[{"count":0,"href":"https:\/\/www.mochileiros.com\/blog\/wp-json\/wp\/v2\/posts\/11592\/revisions"}],"wp:featuredmedia":[{"embeddable":true,"href":"https:\/\/www.mochileiros.com\/blog\/wp-json\/wp\/v2\/media\/11615"}],"wp:attachment":[{"href":"https:\/\/www.mochileiros.com\/blog\/wp-json\/wp\/v2\/media?parent=11592"}],"wp:term":[{"taxonomy":"category","embeddable":true,"href":"https:\/\/www.mochileiros.com\/blog\/wp-json\/wp\/v2\/categories?post=11592"},{"taxonomy":"post_tag","embeddable":true,"href":"https:\/\/www.mochileiros.com\/blog\/wp-json\/wp\/v2\/tags?post=11592"}],"curies":[{"name":"wp","href":"https:\/\/api.w.org\/{rel}","templated":true}]}}