{"id":12059,"date":"2014-12-04T23:46:18","date_gmt":"2014-12-05T02:46:18","guid":{"rendered":"https:\/\/www.mochileiros.com\/blog\/?p=12059"},"modified":"2019-02-08T03:27:11","modified_gmt":"2019-02-08T06:27:11","slug":"4-cavernas-mais-espetaculares-mundo","status":"publish","type":"post","link":"https:\/\/www.mochileiros.com\/blog\/4-cavernas-mais-espetaculares-mundo","title":{"rendered":"As 4 cavernas mais espetaculares do mundo (e como chegar at\u00e9 elas)"},"content":{"rendered":"<p><strong>\u00a0\u00a01\u00ba &#8211; \u00a0Son Doong Cave &#8211; Vietn\u00e3<\/strong><\/p>\n<p style=\"text-align: justify;\">A primeira vez que se ouviu falar em Son Doong Cave ou &#8220;Hang Son Soong&#8221; (em vietnamita) \u00a0foi em 1991 quando um fazendeiro local, o Sr Ho Khanh descobriu a cavidade natural. \u00a0Dezoito anos depois, em abril de 2009, \u00a0um grupo de espele\u00f3logos brit\u00e2nicos viajaram ao Vietn\u00e3 para explorar o local e conclu\u00edram que Son Doong\u00a0era a maior caverna j\u00e1 encontrada pelo homem. Algumas de suas cavidades chegam a medir 200m de altura por 150m de largura e estudos recentes constataram que todo o sistema se estende por mais de 62 km. \u00a0O conjunto de cavernas fica dentro do <span style=\"text-decoration: underline;\"><a title=\"Parque Nacional de Phong Nha-Ke Bang\" href=\"http:\/\/pt.wikipedia.org\/wiki\/Parque_Nacional_de_Phong_Nha-K%E1%BA%BB_B%C3%A0ng\" target=\"_blank\" rel=\"noopener\">Parque Nacional de Phong Nha-Ke Bang<\/a><\/span>, localizado na prov\u00edncia de Quang Binh,\u00a0pr\u00f3ximo a fronteira do Laos.<\/p>\n<div id=\"ez-toc-container\" class=\"ez-toc-v2_0_82_2 counter-hierarchy ez-toc-counter ez-toc-grey ez-toc-container-direction\">\n<div class=\"ez-toc-title-container\">\n<p class=\"ez-toc-title\" style=\"cursor:inherit\">\u00cdndice<\/p>\n<span class=\"ez-toc-title-toggle\"><a href=\"#\" class=\"ez-toc-pull-right ez-toc-btn ez-toc-btn-xs ez-toc-btn-default ez-toc-toggle\" aria-label=\"Alternar tabela de conte\u00fado\"><span class=\"ez-toc-js-icon-con\"><span class=\"\"><span class=\"eztoc-hide\" style=\"display:none;\">Toggle<\/span><span class=\"ez-toc-icon-toggle-span\"><svg style=\"fill: #999;color:#999\" xmlns=\"http:\/\/www.w3.org\/2000\/svg\" class=\"list-377408\" width=\"20px\" height=\"20px\" viewBox=\"0 0 24 24\" fill=\"none\"><path d=\"M6 6H4v2h2V6zm14 0H8v2h12V6zM4 11h2v2H4v-2zm16 0H8v2h12v-2zM4 16h2v2H4v-2zm16 0H8v2h12v-2z\" fill=\"currentColor\"><\/path><\/svg><svg style=\"fill: #999;color:#999\" class=\"arrow-unsorted-368013\" xmlns=\"http:\/\/www.w3.org\/2000\/svg\" width=\"10px\" height=\"10px\" viewBox=\"0 0 24 24\" version=\"1.2\" baseProfile=\"tiny\"><path d=\"M18.2 9.3l-6.2-6.3-6.2 6.3c-.2.2-.3.4-.3.7s.1.5.3.7c.2.2.4.3.7.3h11c.3 0 .5-.1.7-.3.2-.2.3-.5.3-.7s-.1-.5-.3-.7zM5.8 14.7l6.2 6.3 6.2-6.3c.2-.2.3-.5.3-.7s-.1-.5-.3-.7c-.2-.2-.4-.3-.7-.3h-11c-.3 0-.5.1-.7.3-.2.2-.3.5-.3.7s.1.5.3.7z\"\/><\/svg><\/span><\/span><\/span><\/a><\/span><\/div>\n<nav><ul class='ez-toc-list ez-toc-list-level-1 ' ><ul class='ez-toc-list-level-3' ><li class='ez-toc-heading-level-3'><a class=\"ez-toc-link ez-toc-heading-1\" href=\"https:\/\/www.mochileiros.com\/blog\/4-cavernas-mais-espetaculares-mundo\/#Como_chegar_la\" >Como chegar l\u00e1?<\/a><\/li><\/ul><\/li><li class='ez-toc-page-1 ez-toc-heading-level-2'><a class=\"ez-toc-link ez-toc-heading-2\" href=\"https:\/\/www.mochileiros.com\/blog\/4-cavernas-mais-espetaculares-mundo\/#2o_%E2%80%93_Vatnajokull_Glacier_Cave_%E2%80%93_Islandia\" >2\u00ba &#8211;\u00a0Vatnajokull Glacier Cave &#8211; Isl\u00e2ndia<\/a><ul class='ez-toc-list-level-3' ><li class='ez-toc-heading-level-3'><a class=\"ez-toc-link ez-toc-heading-3\" href=\"https:\/\/www.mochileiros.com\/blog\/4-cavernas-mais-espetaculares-mundo\/#Como_chegar_la-2\" >Como chegar l\u00e1?<\/a><\/li><\/ul><\/li><li class='ez-toc-page-1 ez-toc-heading-level-2'><a class=\"ez-toc-link ez-toc-heading-4\" href=\"https:\/\/www.mochileiros.com\/blog\/4-cavernas-mais-espetaculares-mundo\/#3o_%E2%80%93_Cuevas_de_Naica_%E2%80%93_Mexico\" >3\u00ba &#8211;\u00a0Cuevas de Naica\u00a0\u00a0&#8211; M\u00e9xico<\/a><ul class='ez-toc-list-level-3' ><li class='ez-toc-heading-level-3'><a class=\"ez-toc-link ez-toc-heading-5\" href=\"https:\/\/www.mochileiros.com\/blog\/4-cavernas-mais-espetaculares-mundo\/#Como_chegar_la-3\" >Como chegar l\u00e1?<\/a><\/li><\/ul><\/li><li class='ez-toc-page-1 ez-toc-heading-level-2'><a class=\"ez-toc-link ez-toc-heading-6\" href=\"https:\/\/www.mochileiros.com\/blog\/4-cavernas-mais-espetaculares-mundo\/#_4o_%E2%80%93_Glowworm_caves_%E2%80%93_Nova_Zelandia_Australia\" >\u00a04\u00ba &#8211; Glowworm caves\u00a0&#8211; Nova Zel\u00e2ndia \/ Austr\u00e1lia<\/a><ul class='ez-toc-list-level-3' ><li class='ez-toc-heading-level-3'><a class=\"ez-toc-link ez-toc-heading-7\" href=\"https:\/\/www.mochileiros.com\/blog\/4-cavernas-mais-espetaculares-mundo\/#Como_chegar_la-4\" >Como chegar l\u00e1?<\/a><\/li><\/ul><\/li><\/ul><\/nav><\/div>\n<h3 style=\"text-align: justify;\"><span class=\"ez-toc-section\" id=\"Como_chegar_la\"><\/span>Como chegar l\u00e1?<span class=\"ez-toc-section-end\"><\/span><\/h3>\n<p style=\"text-align: justify;\">As tours s\u00e3o feitas a partir da cidade de <span style=\"text-decoration: underline;\"><a href=\"http:\/\/pt.wikipedia.org\/wiki\/Dong_Hoi\" target=\"_blank\" rel=\"noopener\">Dong Hoi<\/a><\/span>\u00a0que fica a 65 km de Son Doong (\u00a055km de carro + 10km de trekking). Segundo o site da ag\u00eancia local <span style=\"text-decoration: underline;\"><a title=\"Oxalis Adventure\" href=\"http:\/\/www.oxalis.com.vn\/\" target=\"_blank\" rel=\"noopener\">Oxalis Adventure<\/a><\/span>\u00a0(que \u00e9 a \u00fanica com permiss\u00e3o para fazer as tours dentro das cavernas de Son Doong) apenas 220 turistas\/ano poder\u00e3o entrar na caverna. \u00a0A tour de 8 dias custa US$ 3.000. \u00a0Mesmo se tratando de uma descoberta recente o pre\u00e7o \u00e9 exorbitante e talvez voc\u00ea n\u00e3o tenha ganho na Mega-Sena pra colocar tanta grana \u00a0em um s\u00f3 destino. Por\u00e9m \u00e9 poss\u00edvel fazer um trekking de 2 dias e acampar em\u00a0 Hang En Cave, a caverna da foto abaixo por\u00a0U$ 330.\u00a0\u00a0Hang En Cave\u00a0\u00e9 considerada a segunda maior caverna do Vietn\u00e3 e a terceira maior do mundo.<\/p>\n<p style=\"text-align: justify;\">Na web n\u00e3o h\u00e1 relatos, blogs ou outros sites de brasileiros que estiveram por l\u00e1. Talvez voc\u00ea que esteja lendo esse post ser\u00e1 o primeiro brasileiro(a) a pisar por l\u00e1! \u00a0Se for, conta pra gente quando voltar!<span style=\"line-height: 1.5em;\">\u00a0<\/span><\/p>\n<div id=\"attachment_12085\" style=\"width: 1034px\" class=\"wp-caption alignnone\"><a href=\"https:\/\/www.mochileiros.com\/blog\/wp-content\/uploads\/2014\/03\/Son-Doong-Cave-06.jpg\"><img loading=\"lazy\" decoding=\"async\" aria-describedby=\"caption-attachment-12085\" class=\"wp-image-12085\" src=\"https:\/\/www.mochileiros.com\/blog\/wp-content\/uploads\/2014\/03\/Son-Doong-Cave-06.jpg\" alt=\"Son-Doong-Cave-06\" width=\"1024\" height=\"768\" srcset=\"https:\/\/www.mochileiros.com\/blog\/wp-content\/uploads\/2014\/03\/Son-Doong-Cave-06.jpg 1000w, https:\/\/www.mochileiros.com\/blog\/wp-content\/uploads\/2014\/03\/Son-Doong-Cave-06-300x225.jpg 300w, https:\/\/www.mochileiros.com\/blog\/wp-content\/uploads\/2014\/03\/Son-Doong-Cave-06-1024x768.jpg 1024w, https:\/\/www.mochileiros.com\/blog\/wp-content\/uploads\/2014\/03\/Son-Doong-Cave-06-768x576.jpg 768w, https:\/\/www.mochileiros.com\/blog\/wp-content\/uploads\/2014\/03\/Son-Doong-Cave-06-1536x1152.jpg 1536w, https:\/\/www.mochileiros.com\/blog\/wp-content\/uploads\/2014\/03\/Son-Doong-Cave-06-2048x1536.jpg 2048w, https:\/\/www.mochileiros.com\/blog\/wp-content\/uploads\/2014\/03\/Son-Doong-Cave-06-200x150.jpg 200w, https:\/\/www.mochileiros.com\/blog\/wp-content\/uploads\/2014\/03\/Son-Doong-Cave-06-100x75.jpg 100w, https:\/\/www.mochileiros.com\/blog\/wp-content\/uploads\/2014\/03\/Son-Doong-Cave-06-467x350.jpg 467w, https:\/\/www.mochileiros.com\/blog\/wp-content\/uploads\/2014\/03\/Son-Doong-Cave-06-788x591.jpg 788w, https:\/\/www.mochileiros.com\/blog\/wp-content\/uploads\/2014\/03\/Son-Doong-Cave-06-313x235.jpg 313w, https:\/\/www.mochileiros.com\/blog\/wp-content\/uploads\/2014\/03\/Son-Doong-Cave-06-20x15.jpg 20w\" sizes=\"auto, (max-width: 1024px) 100vw, 1024px\" \/><\/a><p id=\"caption-attachment-12085\" class=\"wp-caption-text\">Hang En cave: Pausa no caminho para a maior caverna do mundo &#8211; Foto: Carsten Peter<\/p><\/div>\n<p>&nbsp;<\/p>\n<div id=\"attachment_12090\" style=\"width: 1034px\" class=\"wp-caption alignnone\"><a href=\"https:\/\/www.mochileiros.com\/blog\/wp-content\/uploads\/2014\/03\/Son-Doong-Cave-05.jpg\"><img loading=\"lazy\" decoding=\"async\" aria-describedby=\"caption-attachment-12090\" class=\"wp-image-12090\" src=\"https:\/\/www.mochileiros.com\/blog\/wp-content\/uploads\/2014\/03\/Son-Doong-Cave-05.jpg\" alt=\"Son-Doong-Cave-05\" width=\"1024\" height=\"768\" srcset=\"https:\/\/www.mochileiros.com\/blog\/wp-content\/uploads\/2014\/03\/Son-Doong-Cave-05.jpg 989w, https:\/\/www.mochileiros.com\/blog\/wp-content\/uploads\/2014\/03\/Son-Doong-Cave-05-300x225.jpg 300w, https:\/\/www.mochileiros.com\/blog\/wp-content\/uploads\/2014\/03\/Son-Doong-Cave-05-1024x768.jpg 1024w, https:\/\/www.mochileiros.com\/blog\/wp-content\/uploads\/2014\/03\/Son-Doong-Cave-05-768x576.jpg 768w, https:\/\/www.mochileiros.com\/blog\/wp-content\/uploads\/2014\/03\/Son-Doong-Cave-05-1536x1152.jpg 1536w, https:\/\/www.mochileiros.com\/blog\/wp-content\/uploads\/2014\/03\/Son-Doong-Cave-05-2048x1537.jpg 2048w, https:\/\/www.mochileiros.com\/blog\/wp-content\/uploads\/2014\/03\/Son-Doong-Cave-05-200x150.jpg 200w, https:\/\/www.mochileiros.com\/blog\/wp-content\/uploads\/2014\/03\/Son-Doong-Cave-05-100x75.jpg 100w, https:\/\/www.mochileiros.com\/blog\/wp-content\/uploads\/2014\/03\/Son-Doong-Cave-05-467x350.jpg 467w, https:\/\/www.mochileiros.com\/blog\/wp-content\/uploads\/2014\/03\/Son-Doong-Cave-05-788x591.jpg 788w, https:\/\/www.mochileiros.com\/blog\/wp-content\/uploads\/2014\/03\/Son-Doong-Cave-05-313x235.jpg 313w, https:\/\/www.mochileiros.com\/blog\/wp-content\/uploads\/2014\/03\/Son-Doong-Cave-05-20x15.jpg 20w\" sizes=\"auto, (max-width: 1024px) 100vw, 1024px\" \/><\/a><p id=\"caption-attachment-12090\" class=\"wp-caption-text\">Son Doong Cave: a maior caverna do mundo &#8211; Foto: Carsten Peter<\/p><\/div>\n<div id=\"attachment_12091\" style=\"width: 1034px\" class=\"wp-caption alignnone\"><a href=\"https:\/\/www.mochileiros.com\/blog\/wp-content\/uploads\/2014\/03\/Ryan-Deboodt-1-1024x682.jpg\"><img loading=\"lazy\" decoding=\"async\" aria-describedby=\"caption-attachment-12091\" class=\"wp-image-12091 size-full\" src=\"https:\/\/www.mochileiros.com\/blog\/wp-content\/uploads\/2014\/03\/Ryan-Deboodt-1-1024x682.jpg\" alt=\"Foto: Ryan Deboodt\" width=\"1024\" height=\"682\" srcset=\"https:\/\/www.mochileiros.com\/blog\/wp-content\/uploads\/2014\/03\/Ryan-Deboodt-1-1024x682.jpg 1024w, https:\/\/www.mochileiros.com\/blog\/wp-content\/uploads\/2014\/03\/Ryan-Deboodt-1-1024x682-300x200.jpg 300w, https:\/\/www.mochileiros.com\/blog\/wp-content\/uploads\/2014\/03\/Ryan-Deboodt-1-1024x682-768x512.jpg 768w, https:\/\/www.mochileiros.com\/blog\/wp-content\/uploads\/2014\/03\/Ryan-Deboodt-1-1024x682-313x208.jpg 313w, https:\/\/www.mochileiros.com\/blog\/wp-content\/uploads\/2014\/03\/Ryan-Deboodt-1-1024x682-20x13.jpg 20w\" sizes=\"auto, (max-width: 1024px) 100vw, 1024px\" \/><\/a><p id=\"caption-attachment-12091\" class=\"wp-caption-text\">Hang En cave: Acampamento durante o trekking a caminho de Son Doong, a maior caverna do mundo &#8211; Foto: Ryan Deboodt<\/p><\/div>\n<div id=\"attachment_12093\" style=\"width: 1034px\" class=\"wp-caption alignnone\"><a href=\"https:\/\/www.mochileiros.com\/blog\/wp-content\/uploads\/2014\/03\/article-2563025-1BA22F4200000578-200_964x639.jpg\"><img loading=\"lazy\" decoding=\"async\" aria-describedby=\"caption-attachment-12093\" class=\"wp-image-12093\" src=\"https:\/\/www.mochileiros.com\/blog\/wp-content\/uploads\/2014\/03\/article-2563025-1BA22F4200000578-200_964x639.jpg\" alt=\"article-2563025-1BA22F4200000578-200_964x639\" width=\"1024\" height=\"679\" srcset=\"https:\/\/www.mochileiros.com\/blog\/wp-content\/uploads\/2014\/03\/article-2563025-1BA22F4200000578-200_964x639.jpg 964w, https:\/\/www.mochileiros.com\/blog\/wp-content\/uploads\/2014\/03\/article-2563025-1BA22F4200000578-200_964x639-300x199.jpg 300w, https:\/\/www.mochileiros.com\/blog\/wp-content\/uploads\/2014\/03\/article-2563025-1BA22F4200000578-200_964x639-768x509.jpg 768w, https:\/\/www.mochileiros.com\/blog\/wp-content\/uploads\/2014\/03\/article-2563025-1BA22F4200000578-200_964x639-313x207.jpg 313w, https:\/\/www.mochileiros.com\/blog\/wp-content\/uploads\/2014\/03\/article-2563025-1BA22F4200000578-200_964x639-20x13.jpg 20w\" sizes=\"auto, (max-width: 1024px) 100vw, 1024px\" \/><\/a><p id=\"caption-attachment-12093\" class=\"wp-caption-text\">Amanhecer em Hang En &#8211; Foto: Ryan Deboodt<\/p><\/div>\n<p>&nbsp;<\/p>\n<div id=\"attachment_12192\" style=\"width: 1034px\" class=\"wp-caption alignnone\"><a href=\"https:\/\/www.mochileiros.com\/blog\/wp-content\/uploads\/2014\/03\/worlds-largest-cave-hang-son-doong-vietnam-6.jpg\"><img loading=\"lazy\" decoding=\"async\" aria-describedby=\"caption-attachment-12192\" class=\"wp-image-12192\" src=\"https:\/\/www.mochileiros.com\/blog\/wp-content\/uploads\/2014\/03\/worlds-largest-cave-hang-son-doong-vietnam-6-766x1024.jpg\" alt=\"Lago de Son Doong Cave - Foto: Carsten Peter\" width=\"1024\" height=\"1368\" srcset=\"https:\/\/www.mochileiros.com\/blog\/wp-content\/uploads\/2014\/03\/worlds-largest-cave-hang-son-doong-vietnam-6-766x1024.jpg 766w, https:\/\/www.mochileiros.com\/blog\/wp-content\/uploads\/2014\/03\/worlds-largest-cave-hang-son-doong-vietnam-6-224x300.jpg 224w, https:\/\/www.mochileiros.com\/blog\/wp-content\/uploads\/2014\/03\/worlds-largest-cave-hang-son-doong-vietnam-6-768x1026.jpg 768w, https:\/\/www.mochileiros.com\/blog\/wp-content\/uploads\/2014\/03\/worlds-largest-cave-hang-son-doong-vietnam-6-313x418.jpg 313w, https:\/\/www.mochileiros.com\/blog\/wp-content\/uploads\/2014\/03\/worlds-largest-cave-hang-son-doong-vietnam-6-15x20.jpg 15w, https:\/\/www.mochileiros.com\/blog\/wp-content\/uploads\/2014\/03\/worlds-largest-cave-hang-son-doong-vietnam-6.jpg 880w\" sizes=\"auto, (max-width: 1024px) 100vw, 1024px\" \/><\/a><p id=\"caption-attachment-12192\" class=\"wp-caption-text\">Lago de Son Doong Cave &#8211; Foto: Carsten Peter<\/p><\/div>\n<h2><span class=\"ez-toc-section\" id=\"2o_%E2%80%93_Vatnajokull_Glacier_Cave_%E2%80%93_Islandia\"><\/span><span style=\"line-height: 1.5em;\">2\u00ba &#8211;\u00a0Vatnajokull Glacier Cave &#8211; Isl\u00e2ndia<\/span><span class=\"ez-toc-section-end\"><\/span><\/h2>\n<p style=\"text-align: justify;\">Como tudo na Isl\u00e2ndia, o nome desta \u00e9 bem complicado de pronunciar:\u00a0<strong><a href=\"http:\/\/pt.wikipedia.org\/wiki\/Vatnaj%C3%B6kull\" target=\"_blank\" rel=\"noopener\">Vatnajokull<\/a>.<\/strong>\u00a0 As cavernas de gelo de Vatnajokull, \u00a0tamb\u00e9m conhecidas como cavernas de cristal, est\u00e3o abaixo da maior geleira do pa\u00eds (que levam o mesmo nome) e s\u00e3o parte do\u00a0Parque Nacional (tamb\u00e9m hom\u00f4nimo),\u00a0o maior da Europa com cerca de 12 000 km\u00b2 (12% da superf\u00edcie da Isl\u00e2ndia). Al\u00e9m das cavernas o parque tamb\u00e9m abriga fontes termais, g\u00eaiseres e vulc\u00f5es ativos.<\/p>\n<h3 style=\"text-align: justify;\"><span class=\"ez-toc-section\" id=\"Como_chegar_la-2\"><\/span>Como chegar l\u00e1?<span class=\"ez-toc-section-end\"><\/span><\/h3>\n<p style=\"text-align: justify;\">As tours at\u00e9 o local partem do vilarejo de\u00a0Fagurh\u00f3lsm\u00fdri \u00a0e\u00a0\u00a0s\u00e3o feitas no inverno \u00e1rtico (1 de novembro a 29 de mar\u00e7o) quando as temperaturas chegam at\u00e9 a 60\u00ba negativos. \u00a0Retirando o fator frio extremo, a tour at\u00e9 o local \u00e9 considerada f\u00e1cil e custa em m\u00e9dia US$110 por pessoa podendo ser reservada com antecedencia nos sites\u00a0<strong><a href=\"http:\/\/www.extremeiceland.is\/\" target=\"_blank\" rel=\"noopener\">Extreme Iceland<\/a><\/strong>\u00a0e \u00a0<strong><a href=\"http:\/\/www.glacierguides.is\/\" target=\"_blank\" rel=\"noopener\">Glacier Guides<\/a>.<br \/>\n<\/strong><\/p>\n<div id=\"attachment_12120\" style=\"width: 1034px\" class=\"wp-caption alignnone\"><a href=\"https:\/\/www.mochileiros.com\/blog\/wp-content\/uploads\/2014\/03\/8532809980_b4e7316275_o.jpg\"><img loading=\"lazy\" decoding=\"async\" aria-describedby=\"caption-attachment-12120\" class=\"wp-image-12120\" src=\"https:\/\/www.mochileiros.com\/blog\/wp-content\/uploads\/2014\/03\/8532809980_b4e7316275_o-1024x682.jpg\" alt=\"Caverna de gelo em Vatnaj\u00f6kull - Foto: Johnathan Esper\" width=\"1024\" height=\"683\" \/><\/a><p id=\"caption-attachment-12120\" class=\"wp-caption-text\">Caverna de gelo em Vatnaj\u00f6kull &#8211; Foto: Johnathan Esper<\/p><\/div>\n<p>&nbsp;<\/p>\n<div id=\"attachment_12122\" style=\"width: 1034px\" class=\"wp-caption alignnone\"><a href=\"https:\/\/www.mochileiros.com\/blog\/wp-content\/uploads\/2014\/03\/8507241430_588c447c2f_h.jpg\"><img loading=\"lazy\" decoding=\"async\" aria-describedby=\"caption-attachment-12122\" class=\"wp-image-12122\" src=\"https:\/\/www.mochileiros.com\/blog\/wp-content\/uploads\/2014\/03\/8507241430_588c447c2f_h-1024x483.jpg\" alt=\"Caverna de gelo em Vatnaj\u00f6kull \u2013 Foto: Johnathan Esper\" width=\"1024\" height=\"484\" \/><\/a><p id=\"caption-attachment-12122\" class=\"wp-caption-text\">Caverna de gelo em Vatnaj\u00f6kull \u2013 Foto: Johnathan Esper<\/p><\/div>\n<p>&nbsp;<\/p>\n<div id=\"attachment_12123\" style=\"width: 1034px\" class=\"wp-caption alignnone\"><a href=\"https:\/\/www.mochileiros.com\/blog\/wp-content\/uploads\/2014\/03\/Ice-cave-in-Vatnajokull-H.Q.-Roosevelt-.jpg\"><img loading=\"lazy\" decoding=\"async\" aria-describedby=\"caption-attachment-12123\" class=\"wp-image-12123\" src=\"https:\/\/www.mochileiros.com\/blog\/wp-content\/uploads\/2014\/03\/Ice-cave-in-Vatnajokull-H.Q.-Roosevelt--1024x678.jpg\" alt=\"Caverna de gelo em Vatnaj\u00f6kull \" width=\"1024\" height=\"678\" srcset=\"https:\/\/www.mochileiros.com\/blog\/wp-content\/uploads\/2014\/03\/Ice-cave-in-Vatnajokull-H.Q.-Roosevelt--1024x678.jpg 1024w, https:\/\/www.mochileiros.com\/blog\/wp-content\/uploads\/2014\/03\/Ice-cave-in-Vatnajokull-H.Q.-Roosevelt--300x199.jpg 300w, https:\/\/www.mochileiros.com\/blog\/wp-content\/uploads\/2014\/03\/Ice-cave-in-Vatnajokull-H.Q.-Roosevelt--768x509.jpg 768w, https:\/\/www.mochileiros.com\/blog\/wp-content\/uploads\/2014\/03\/Ice-cave-in-Vatnajokull-H.Q.-Roosevelt--313x207.jpg 313w, https:\/\/www.mochileiros.com\/blog\/wp-content\/uploads\/2014\/03\/Ice-cave-in-Vatnajokull-H.Q.-Roosevelt--20x13.jpg 20w, https:\/\/www.mochileiros.com\/blog\/wp-content\/uploads\/2014\/03\/Ice-cave-in-Vatnajokull-H.Q.-Roosevelt-.jpg 2048w\" sizes=\"auto, (max-width: 1024px) 100vw, 1024px\" \/><\/a><p id=\"caption-attachment-12123\" class=\"wp-caption-text\">Caverna de gelo em Vatnaj\u00f6kull<\/p><\/div>\n<p>&nbsp;<\/p>\n<h2><span class=\"ez-toc-section\" id=\"3o_%E2%80%93_Cuevas_de_Naica_%E2%80%93_Mexico\"><\/span><span style=\"line-height: 1.5em;\">3\u00ba &#8211;\u00a0<\/span>Cuevas de Naica\u00a0<span style=\"line-height: 1.5em;\">\u00a0&#8211; M\u00e9xico<\/span><span class=\"ez-toc-section-end\"><\/span><\/h2>\n<p style=\"text-align: justify;\"><span style=\"line-height: 1.5em;\">As Cuevas de Naica s\u00e3o cavernas que foram descobertas no ano de 2.000 durante escava\u00e7\u00f5es rotineiras em uma mina de prata e chumbo no M\u00e9xico. \u00a0 Segundo os cientistas do Proyecto Naica que estudam as cavernas desde 2006, estes cristais gigantes de <em>selenita<\/em>\u00a0demoraram mais de um milh\u00e3o de anos para serem formados pela natureza.\u00a0Alguns chegam a medir \u00a015 metros de comprimento por 2 metros de largura.\u00a0<\/span><span style=\"line-height: 1.5em;\">\u00a0As 4 galerias at\u00e9 ent\u00e3o encontradas \u00a0est\u00e3o a 300 metros de profundidade, s\u00e3o elas: Cueva del Ojo de la Reina, Cueva de los Cristales Gigantes,\u00a0<\/span>Cueva de las Velas e\u00a0<em>Cueva de las Espadas.\u00a0<\/em><\/p>\n<h3 style=\"text-align: justify;\"><span class=\"ez-toc-section\" id=\"Como_chegar_la-3\"><\/span>Como chegar l\u00e1?<span class=\"ez-toc-section-end\"><\/span><\/h3>\n<p style=\"text-align: justify;\">A mina est\u00e1 localizada no povoado de Naica, que fica\u00a0a 100 km da cidade de Chihuahua, no norte do M\u00e9xico, mas\u00a0as cavernas s\u00e3o fechadas a visita\u00e7\u00e3o p\u00fablica devido as dif\u00edceis condi\u00e7\u00f5es clim\u00e1ticas do local. \u00a0A temperatura das galerias pode chegar aos 50\u00ba C \u00a0com a umidade do ar de at\u00e9 100%, um verdadeiro inferno \u00famido que pode matar uma pessoa em apenas 30 minutos de exposi\u00e7\u00e3o.<\/p>\n<div id=\"attachment_12134\" style=\"width: 1034px\" class=\"wp-caption alignnone\"><a href=\"https:\/\/www.mochileiros.com\/blog\/wp-content\/uploads\/2014\/03\/20130124171521510117c9ca990.jpg\"><img loading=\"lazy\" decoding=\"async\" aria-describedby=\"caption-attachment-12134\" class=\"wp-image-12134\" src=\"https:\/\/www.mochileiros.com\/blog\/wp-content\/uploads\/2014\/03\/20130124171521510117c9ca990-1024x640.jpg\" alt=\"Cueva de los Cristales Gigantes \" width=\"1024\" height=\"640\" srcset=\"https:\/\/www.mochileiros.com\/blog\/wp-content\/uploads\/2014\/03\/20130124171521510117c9ca990-1024x640.jpg 1024w, https:\/\/www.mochileiros.com\/blog\/wp-content\/uploads\/2014\/03\/20130124171521510117c9ca990-300x188.jpg 300w, https:\/\/www.mochileiros.com\/blog\/wp-content\/uploads\/2014\/03\/20130124171521510117c9ca990-768x480.jpg 768w, https:\/\/www.mochileiros.com\/blog\/wp-content\/uploads\/2014\/03\/20130124171521510117c9ca990-313x196.jpg 313w, https:\/\/www.mochileiros.com\/blog\/wp-content\/uploads\/2014\/03\/20130124171521510117c9ca990-20x13.jpg 20w, https:\/\/www.mochileiros.com\/blog\/wp-content\/uploads\/2014\/03\/20130124171521510117c9ca990.jpg 1280w\" sizes=\"auto, (max-width: 1024px) 100vw, 1024px\" \/><\/a><p id=\"caption-attachment-12134\" class=\"wp-caption-text\">Cueva de los Cristales Gigantes &#8211; Foto: Proyecto Naica<\/p><\/div>\n<p><span style=\"line-height: 1.5em;\">\u00a0<\/span><\/p>\n<div id=\"attachment_12137\" style=\"width: 1034px\" class=\"wp-caption alignnone\"><a href=\"https:\/\/www.mochileiros.com\/blog\/wp-content\/uploads\/2014\/03\/Cristales_cueva_de_Naica.jpg\"><img loading=\"lazy\" decoding=\"async\" aria-describedby=\"caption-attachment-12137\" class=\"wp-image-12137\" src=\"https:\/\/www.mochileiros.com\/blog\/wp-content\/uploads\/2014\/03\/Cristales_cueva_de_Naica-1024x682.jpg\" alt=\"Cueva de los Cristales Gigantes \" width=\"1024\" height=\"682\" srcset=\"https:\/\/www.mochileiros.com\/blog\/wp-content\/uploads\/2014\/03\/Cristales_cueva_de_Naica-1024x682.jpg 1024w, https:\/\/www.mochileiros.com\/blog\/wp-content\/uploads\/2014\/03\/Cristales_cueva_de_Naica-300x200.jpg 300w, https:\/\/www.mochileiros.com\/blog\/wp-content\/uploads\/2014\/03\/Cristales_cueva_de_Naica-768x512.jpg 768w, https:\/\/www.mochileiros.com\/blog\/wp-content\/uploads\/2014\/03\/Cristales_cueva_de_Naica-313x209.jpg 313w, https:\/\/www.mochileiros.com\/blog\/wp-content\/uploads\/2014\/03\/Cristales_cueva_de_Naica-20x13.jpg 20w, https:\/\/www.mochileiros.com\/blog\/wp-content\/uploads\/2014\/03\/Cristales_cueva_de_Naica.jpg 1280w\" sizes=\"auto, (max-width: 1024px) 100vw, 1024px\" \/><\/a><p id=\"caption-attachment-12137\" class=\"wp-caption-text\">Cueva de los Cristales Gigantes &#8211; Foto: Proyecto Naica<\/p><\/div>\n<p>&nbsp;<\/p>\n<div id=\"attachment_12136\" style=\"width: 1034px\" class=\"wp-caption alignnone\"><a href=\"https:\/\/www.mochileiros.com\/blog\/wp-content\/uploads\/2014\/03\/Cave-of-the-Crystals-Chihuahua-Mexico-03.jpg\"><img loading=\"lazy\" decoding=\"async\" aria-describedby=\"caption-attachment-12136\" class=\"wp-image-12136\" src=\"https:\/\/www.mochileiros.com\/blog\/wp-content\/uploads\/2014\/03\/Cave-of-the-Crystals-Chihuahua-Mexico-03-1024x683.jpg\" alt=\"Cueva de los Cristales Gigantes \" width=\"1024\" height=\"683\" srcset=\"https:\/\/www.mochileiros.com\/blog\/wp-content\/uploads\/2014\/03\/Cave-of-the-Crystals-Chihuahua-Mexico-03-1024x683.jpg 1024w, https:\/\/www.mochileiros.com\/blog\/wp-content\/uploads\/2014\/03\/Cave-of-the-Crystals-Chihuahua-Mexico-03-300x200.jpg 300w, https:\/\/www.mochileiros.com\/blog\/wp-content\/uploads\/2014\/03\/Cave-of-the-Crystals-Chihuahua-Mexico-03-768x512.jpg 768w, https:\/\/www.mochileiros.com\/blog\/wp-content\/uploads\/2014\/03\/Cave-of-the-Crystals-Chihuahua-Mexico-03-313x209.jpg 313w, https:\/\/www.mochileiros.com\/blog\/wp-content\/uploads\/2014\/03\/Cave-of-the-Crystals-Chihuahua-Mexico-03-20x13.jpg 20w, https:\/\/www.mochileiros.com\/blog\/wp-content\/uploads\/2014\/03\/Cave-of-the-Crystals-Chihuahua-Mexico-03.jpg 1280w\" sizes=\"auto, (max-width: 1024px) 100vw, 1024px\" \/><\/a><p id=\"caption-attachment-12136\" class=\"wp-caption-text\">Cueva de los Cristales Gigantes &#8211; Foto: Proyecto Naica<\/p><\/div>\n<p>&nbsp;<\/p>\n<div id=\"attachment_12135\" style=\"width: 1034px\" class=\"wp-caption alignnone\"><a href=\"https:\/\/www.mochileiros.com\/blog\/wp-content\/uploads\/2014\/03\/cave-of-crystals.jpeg\"><img loading=\"lazy\" decoding=\"async\" aria-describedby=\"caption-attachment-12135\" class=\"wp-image-12135\" src=\"https:\/\/www.mochileiros.com\/blog\/wp-content\/uploads\/2014\/03\/cave-of-crystals.jpeg\" alt=\"Cueva de los Cristales Gigantes \" width=\"1024\" height=\"712\" srcset=\"https:\/\/www.mochileiros.com\/blog\/wp-content\/uploads\/2014\/03\/cave-of-crystals.jpeg 777w, https:\/\/www.mochileiros.com\/blog\/wp-content\/uploads\/2014\/03\/cave-of-crystals-300x208.jpeg 300w, https:\/\/www.mochileiros.com\/blog\/wp-content\/uploads\/2014\/03\/cave-of-crystals-768x534.jpeg 768w, https:\/\/www.mochileiros.com\/blog\/wp-content\/uploads\/2014\/03\/cave-of-crystals-313x218.jpeg 313w, https:\/\/www.mochileiros.com\/blog\/wp-content\/uploads\/2014\/03\/cave-of-crystals-20x14.jpeg 20w\" sizes=\"auto, (max-width: 1024px) 100vw, 1024px\" \/><\/a><p id=\"caption-attachment-12135\" class=\"wp-caption-text\">Cueva de los Cristales Gigantes &#8211; Foto: Proyecto Naica<\/p><\/div>\n<p>&nbsp;<\/p>\n<h2><span class=\"ez-toc-section\" id=\"_4o_%E2%80%93_Glowworm_caves_%E2%80%93_Nova_Zelandia_Australia\"><\/span>\u00a04\u00ba &#8211; Glowworm caves\u00a0&#8211; Nova Zel\u00e2ndia \/ Austr\u00e1lia<span class=\"ez-toc-section-end\"><\/span><\/h2>\n<p style=\"text-align: justify;\"><span style=\"line-height: 1.5em;\">Voc\u00ea se lembra das florestas iluminadas do filme &#8220;Avatar&#8221;, repletas de seres que emitem luz? Estes seres existem no mundo real, s\u00e3o organismos bioluminescentes.\u00a0\u00a0Um deles, uma mosca chamada &#8220;Arachnocampa&#8221; deposita suas larvas no teto de algumas cavernas na Nova Zel\u00e2ndia criando um espet\u00e1culo bastante parecido com os da pel\u00edcula de James Cameron. \u00a0As imagens abaixo s\u00e3o da\u00a0<\/span><span style=\"line-height: 1.5em;\">Caverna de Waitomo na Nova Zel\u00e2ndia.<\/span><\/p>\n<h3 style=\"text-align: justify;\"><span class=\"ez-toc-section\" id=\"Como_chegar_la-4\"><\/span>Como chegar l\u00e1?<span class=\"ez-toc-section-end\"><\/span><\/h3>\n<p style=\"text-align: justify;\">Ao contr\u00e1rio das outras cavernas citadas acima, esse \u00e9 um passeio bastante tur\u00edstico ou seja, voc\u00ea n\u00e3o precisa ter conhecimento de espeleologia e pode convidar at\u00e9 a vov\u00f3 pra participar. \u00a0Basta entrar no barquinho e seguir caverna adentro. \u00a0O centro de recep\u00e7\u00e3o de visitantes de <strong><a href=\"http:\/\/www.waitomo.com\/\" target=\"_blank\" rel=\"noopener\">Waitomo Glow Worm Caves<\/a><\/strong>\u00a0\u00a0fica a 194 km da cidade Auckland, ilha Norte da Nova Zel\u00e2ndia.<\/p>\n<p>&nbsp;<\/p>\n<div id=\"attachment_12172\" style=\"width: 1034px\" class=\"wp-caption alignnone\"><a href=\"https:\/\/www.mochileiros.com\/blog\/wp-content\/uploads\/2014\/03\/Son-Doong-Cave-15.jpg\"><img loading=\"lazy\" decoding=\"async\" aria-describedby=\"caption-attachment-12172\" class=\"wp-image-12172\" src=\"https:\/\/www.mochileiros.com\/blog\/wp-content\/uploads\/2014\/03\/Son-Doong-Cave-15.jpg\" alt=\"Waitomo Glowworm Caves - Foto: www.waitomo.com\" width=\"1024\" height=\"683\" srcset=\"https:\/\/www.mochileiros.com\/blog\/wp-content\/uploads\/2014\/03\/Son-Doong-Cave-15.jpg 960w, https:\/\/www.mochileiros.com\/blog\/wp-content\/uploads\/2014\/03\/Son-Doong-Cave-15-300x200.jpg 300w, https:\/\/www.mochileiros.com\/blog\/wp-content\/uploads\/2014\/03\/Son-Doong-Cave-15-768x512.jpg 768w, https:\/\/www.mochileiros.com\/blog\/wp-content\/uploads\/2014\/03\/Son-Doong-Cave-15-313x209.jpg 313w, https:\/\/www.mochileiros.com\/blog\/wp-content\/uploads\/2014\/03\/Son-Doong-Cave-15-20x13.jpg 20w\" sizes=\"auto, (max-width: 1024px) 100vw, 1024px\" \/><\/a><p id=\"caption-attachment-12172\" class=\"wp-caption-text\">Waitomo Glowworm Caves &#8211; Foto: www.waitomo.com<\/p><\/div>\n<p>&nbsp;<\/p>\n<div id=\"attachment_12174\" style=\"width: 1034px\" class=\"wp-caption alignnone\"><a href=\"https:\/\/www.mochileiros.com\/blog\/wp-content\/uploads\/2014\/03\/Waitomo-Glow-Worm-Caves.jpg\"><img loading=\"lazy\" decoding=\"async\" aria-describedby=\"caption-attachment-12174\" class=\"wp-image-12174\" src=\"https:\/\/www.mochileiros.com\/blog\/wp-content\/uploads\/2014\/03\/Waitomo-Glow-Worm-Caves-768x1024.jpg\" alt=\"Waitomo Glowworm Caves - Foto: www.waitomo.com\" width=\"1024\" height=\"1365\" srcset=\"https:\/\/www.mochileiros.com\/blog\/wp-content\/uploads\/2014\/03\/Waitomo-Glow-Worm-Caves-768x1024.jpg 768w, https:\/\/www.mochileiros.com\/blog\/wp-content\/uploads\/2014\/03\/Waitomo-Glow-Worm-Caves-225x300.jpg 225w, https:\/\/www.mochileiros.com\/blog\/wp-content\/uploads\/2014\/03\/Waitomo-Glow-Worm-Caves-313x417.jpg 313w, https:\/\/www.mochileiros.com\/blog\/wp-content\/uploads\/2014\/03\/Waitomo-Glow-Worm-Caves-15x20.jpg 15w, https:\/\/www.mochileiros.com\/blog\/wp-content\/uploads\/2014\/03\/Waitomo-Glow-Worm-Caves.jpg 1800w\" sizes=\"auto, (max-width: 1024px) 100vw, 1024px\" \/><\/a><p id=\"caption-attachment-12174\" class=\"wp-caption-text\">Waitomo Glowworm Caves &#8211; Foto: www.waitomo.com<\/p><\/div>\n","protected":false},"excerpt":{"rendered":"<p>\u00a0\u00a01\u00ba &#8211; \u00a0Son Doong Cave &#8211; Vietn\u00e3 A primeira vez que se ouviu falar em Son Doong Cave ou &#8220;Hang Son Soong&#8221; (em vietnamita) \u00a0foi em 1991 quando um fazendeiro local, o Sr Ho Khanh descobriu a cavidade natural. \u00a0Dezoito anos depois, em abril de 2009, \u00a0um grupo de espele\u00f3logos brit\u00e2nicos viajaram ao Vietn\u00e3 para [&hellip;]<\/p>\n","protected":false},"author":55,"featured_media":12085,"comment_status":"open","ping_status":"closed","sticky":false,"template":"","format":"standard","meta":{"googlesitekit_rrm_CAoiELM5mIOjYRN0nfylq3_9r-8:productID":"","_crdt_document":"","_daim_seo_power":"","_daim_enable_ail":"","footnotes":""},"categories":[168],"tags":[1061,982,1176],"class_list":["post-12059","post","type-post","status-publish","format-standard","has-post-thumbnail","hentry","category-blog","tag-cavernas","tag-exploradores-do-seculo-xxi","tag-listas"],"_links":{"self":[{"href":"https:\/\/www.mochileiros.com\/blog\/wp-json\/wp\/v2\/posts\/12059","targetHints":{"allow":["GET"]}}],"collection":[{"href":"https:\/\/www.mochileiros.com\/blog\/wp-json\/wp\/v2\/posts"}],"about":[{"href":"https:\/\/www.mochileiros.com\/blog\/wp-json\/wp\/v2\/types\/post"}],"author":[{"embeddable":true,"href":"https:\/\/www.mochileiros.com\/blog\/wp-json\/wp\/v2\/users\/55"}],"replies":[{"embeddable":true,"href":"https:\/\/www.mochileiros.com\/blog\/wp-json\/wp\/v2\/comments?post=12059"}],"version-history":[{"count":0,"href":"https:\/\/www.mochileiros.com\/blog\/wp-json\/wp\/v2\/posts\/12059\/revisions"}],"wp:featuredmedia":[{"embeddable":true,"href":"https:\/\/www.mochileiros.com\/blog\/wp-json\/wp\/v2\/media\/12085"}],"wp:attachment":[{"href":"https:\/\/www.mochileiros.com\/blog\/wp-json\/wp\/v2\/media?parent=12059"}],"wp:term":[{"taxonomy":"category","embeddable":true,"href":"https:\/\/www.mochileiros.com\/blog\/wp-json\/wp\/v2\/categories?post=12059"},{"taxonomy":"post_tag","embeddable":true,"href":"https:\/\/www.mochileiros.com\/blog\/wp-json\/wp\/v2\/tags?post=12059"}],"curies":[{"name":"wp","href":"https:\/\/api.w.org\/{rel}","templated":true}]}}