{"id":12803,"date":"2015-01-15T21:38:11","date_gmt":"2015-01-16T00:38:11","guid":{"rendered":"https:\/\/www.mochileiros.com\/blog\/?p=12803"},"modified":"2015-01-15T21:38:12","modified_gmt":"2015-01-16T00:38:12","slug":"conheca-o-lugar-mais-quente-do-mundo","status":"publish","type":"post","link":"https:\/\/www.mochileiros.com\/blog\/conheca-o-lugar-mais-quente-do-mundo","title":{"rendered":"Conhe\u00e7a o lugar mais quente do mundo"},"content":{"rendered":"<p style=\"text-align: justify;\">Quem est\u00e1 na cidade do Rio de Janeiro provavelmente disse: \u00e9 aqui. Mas n\u00e3o, a sensa\u00e7\u00e3o t\u00e9rmica de 57 graus vivida na capital fluminense nos \u00faltimos dias ou as altas temperaturas Brasil afora\u00a0s\u00e3o fichinha perto dos 70,7 graus medidos no Deserto de Lut, no sudeste do Ir\u00e3.<br \/>\nA temperatura por l\u00e1 foi registrada em 2004 e 2005 pelo sensor Modis, da Nasa &#8211; ele n\u00e3o mede a temperatura do ar, mas da superf\u00edcie em si.<br \/>\nUm outro grande deserto, o Kavir, junta-se\u00a0ao Lut at\u00e9 a cadeia montanhosa de Alborz. Al\u00e9m de imensas \u00e1rea de sal, a regi\u00e3o tamb\u00e9m \u00e9 rica em reservas de petr\u00f3leo.<br \/>\nAbaixo fotos dos desertos:<\/p>\n<div id=\"attachment_12806\" style=\"width: 1034px\" class=\"wp-caption alignnone\"><a href=\"https:\/\/www.mochileiros.com\/blog\/blog\/conheca-o-lugar-mais-quente-do-mundo\/attachment\/lut01\" rel=\"attachment wp-att-12806\"><img loading=\"lazy\" decoding=\"async\" aria-describedby=\"caption-attachment-12806\" class=\"wp-image-12806 size-full\" src=\"https:\/\/www.mochileiros.com\/blog\/wp-content\/uploads\/2015\/01\/lut01.jpg\" alt=\"Nascer do sol em \u00e1rea de Dasht-e Lut (Deserto de Lut) nas proximidades de Shahdad, prov\u00edncia de Kerman | Foto: Erwin Bolwidt\" width=\"1024\" height=\"576\" srcset=\"https:\/\/www.mochileiros.com\/blog\/wp-content\/uploads\/2015\/01\/lut01.jpg 1024w, https:\/\/www.mochileiros.com\/blog\/wp-content\/uploads\/2015\/01\/lut01-300x169.jpg 300w, https:\/\/www.mochileiros.com\/blog\/wp-content\/uploads\/2015\/01\/lut01-768x432.jpg 768w, https:\/\/www.mochileiros.com\/blog\/wp-content\/uploads\/2015\/01\/lut01-313x176.jpg 313w, https:\/\/www.mochileiros.com\/blog\/wp-content\/uploads\/2015\/01\/lut01-20x11.jpg 20w\" sizes=\"auto, (max-width: 1024px) 100vw, 1024px\" \/><\/a><p id=\"caption-attachment-12806\" class=\"wp-caption-text\">Nascer do sol em \u00e1rea de Dasht-e Lut (Deserto de Lut) nas proximidades de Shahdad, prov\u00edncia de Kerman | Foto: Erwin Bolwidt<\/p><\/div>\n<div id=\"attachment_12807\" style=\"width: 1034px\" class=\"wp-caption alignnone\"><a href=\"https:\/\/www.mochileiros.com\/blog\/blog\/conheca-o-lugar-mais-quente-do-mundo\/attachment\/lut02\" rel=\"attachment wp-att-12807\"><img loading=\"lazy\" decoding=\"async\" aria-describedby=\"caption-attachment-12807\" class=\"wp-image-12807 size-full\" src=\"https:\/\/www.mochileiros.com\/blog\/wp-content\/uploads\/2015\/01\/lut02.jpg\" alt=\"\" width=\"1024\" height=\"683\" srcset=\"https:\/\/www.mochileiros.com\/blog\/wp-content\/uploads\/2015\/01\/lut02.jpg 1024w, https:\/\/www.mochileiros.com\/blog\/wp-content\/uploads\/2015\/01\/lut02-300x200.jpg 300w, https:\/\/www.mochileiros.com\/blog\/wp-content\/uploads\/2015\/01\/lut02-768x512.jpg 768w, https:\/\/www.mochileiros.com\/blog\/wp-content\/uploads\/2015\/01\/lut02-313x209.jpg 313w, https:\/\/www.mochileiros.com\/blog\/wp-content\/uploads\/2015\/01\/lut02-20x13.jpg 20w\" sizes=\"auto, (max-width: 1024px) 100vw, 1024px\" \/><\/a><p id=\"caption-attachment-12807\" class=\"wp-caption-text\">\u00c1rea do Deserto de Lut | Foto: ninara<\/p><\/div>\n<div id=\"attachment_12808\" style=\"width: 1034px\" class=\"wp-caption alignnone\"><a href=\"https:\/\/www.mochileiros.com\/blog\/blog\/conheca-o-lugar-mais-quente-do-mundo\/attachment\/lut03\" rel=\"attachment wp-att-12808\"><img loading=\"lazy\" decoding=\"async\" aria-describedby=\"caption-attachment-12808\" class=\"wp-image-12808 size-full\" src=\"https:\/\/www.mochileiros.com\/blog\/wp-content\/uploads\/2015\/01\/lut03.jpg\" alt=\"\" width=\"1024\" height=\"768\" srcset=\"https:\/\/www.mochileiros.com\/blog\/wp-content\/uploads\/2015\/01\/lut03.jpg 1024w, https:\/\/www.mochileiros.com\/blog\/wp-content\/uploads\/2015\/01\/lut03-300x225.jpg 300w, https:\/\/www.mochileiros.com\/blog\/wp-content\/uploads\/2015\/01\/lut03-768x576.jpg 768w, https:\/\/www.mochileiros.com\/blog\/wp-content\/uploads\/2015\/01\/lut03-313x235.jpg 313w, https:\/\/www.mochileiros.com\/blog\/wp-content\/uploads\/2015\/01\/lut03-20x15.jpg 20w\" sizes=\"auto, (max-width: 1024px) 100vw, 1024px\" \/><\/a><p id=\"caption-attachment-12808\" class=\"wp-caption-text\">Crian\u00e7as brincam em \u00e1rea do deserto | Foto: ix4svs<\/p><\/div>\n<div id=\"attachment_12809\" style=\"width: 1034px\" class=\"wp-caption alignnone\"><a href=\"https:\/\/www.mochileiros.com\/blog\/blog\/conheca-o-lugar-mais-quente-do-mundo\/attachment\/lut04\" rel=\"attachment wp-att-12809\"><img loading=\"lazy\" decoding=\"async\" aria-describedby=\"caption-attachment-12809\" class=\"wp-image-12809 size-full\" src=\"https:\/\/www.mochileiros.com\/blog\/wp-content\/uploads\/2015\/01\/lut04.jpg\" alt=\"\" width=\"1024\" height=\"630\" srcset=\"https:\/\/www.mochileiros.com\/blog\/wp-content\/uploads\/2015\/01\/lut04.jpg 1024w, https:\/\/www.mochileiros.com\/blog\/wp-content\/uploads\/2015\/01\/lut04-300x185.jpg 300w, https:\/\/www.mochileiros.com\/blog\/wp-content\/uploads\/2015\/01\/lut04-768x473.jpg 768w, https:\/\/www.mochileiros.com\/blog\/wp-content\/uploads\/2015\/01\/lut04-313x193.jpg 313w, https:\/\/www.mochileiros.com\/blog\/wp-content\/uploads\/2015\/01\/lut04-20x12.jpg 20w\" sizes=\"auto, (max-width: 1024px) 100vw, 1024px\" \/><\/a><p id=\"caption-attachment-12809\" class=\"wp-caption-text\">Estamos acostumados a ver fotos de um deserto de sal bem mais pr\u00f3ximo de n\u00f3s, o de Uyuni, na Bol\u00edvia. Esta \u00e9 do iraniano, que al\u00e9m do sal a regi\u00e3o possui ricas reservas de petr\u00f3leo | Foto: Jeanne Menj<\/p><\/div>\n<div id=\"attachment_12810\" style=\"width: 1034px\" class=\"wp-caption alignnone\"><a href=\"https:\/\/www.mochileiros.com\/blog\/blog\/conheca-o-lugar-mais-quente-do-mundo\/attachment\/lut05\" rel=\"attachment wp-att-12810\"><img loading=\"lazy\" decoding=\"async\" aria-describedby=\"caption-attachment-12810\" class=\"wp-image-12810 size-full\" src=\"https:\/\/www.mochileiros.com\/blog\/wp-content\/uploads\/2015\/01\/lut05.jpg\" alt=\"\" width=\"1024\" height=\"666\" srcset=\"https:\/\/www.mochileiros.com\/blog\/wp-content\/uploads\/2015\/01\/lut05.jpg 1024w, https:\/\/www.mochileiros.com\/blog\/wp-content\/uploads\/2015\/01\/lut05-300x195.jpg 300w, https:\/\/www.mochileiros.com\/blog\/wp-content\/uploads\/2015\/01\/lut05-768x500.jpg 768w, https:\/\/www.mochileiros.com\/blog\/wp-content\/uploads\/2015\/01\/lut05-313x204.jpg 313w, https:\/\/www.mochileiros.com\/blog\/wp-content\/uploads\/2015\/01\/lut05-20x13.jpg 20w\" sizes=\"auto, (max-width: 1024px) 100vw, 1024px\" \/><\/a><p id=\"caption-attachment-12810\" class=\"wp-caption-text\">Aldeia na regi\u00e3o dos desertos de Lut e Kavir | Foto: Jeanne Menj<\/p><\/div>\n<div id=\"attachment_12811\" style=\"width: 1034px\" class=\"wp-caption alignnone\"><a href=\"https:\/\/www.mochileiros.com\/blog\/blog\/conheca-o-lugar-mais-quente-do-mundo\/attachment\/lut06\" rel=\"attachment wp-att-12811\"><img loading=\"lazy\" decoding=\"async\" aria-describedby=\"caption-attachment-12811\" class=\"wp-image-12811 size-full\" src=\"https:\/\/www.mochileiros.com\/blog\/wp-content\/uploads\/2015\/01\/lut06.jpg\" alt=\"\" width=\"1024\" height=\"1567\" srcset=\"https:\/\/www.mochileiros.com\/blog\/wp-content\/uploads\/2015\/01\/lut06.jpg 1024w, https:\/\/www.mochileiros.com\/blog\/wp-content\/uploads\/2015\/01\/lut06-196x300.jpg 196w, https:\/\/www.mochileiros.com\/blog\/wp-content\/uploads\/2015\/01\/lut06-768x1175.jpg 768w, https:\/\/www.mochileiros.com\/blog\/wp-content\/uploads\/2015\/01\/lut06-669x1024.jpg 669w, https:\/\/www.mochileiros.com\/blog\/wp-content\/uploads\/2015\/01\/lut06-313x479.jpg 313w, https:\/\/www.mochileiros.com\/blog\/wp-content\/uploads\/2015\/01\/lut06-13x20.jpg 13w\" sizes=\"auto, (max-width: 1024px) 100vw, 1024px\" \/><\/a><p id=\"caption-attachment-12811\" class=\"wp-caption-text\">Moradores de aldeia local | Foto: Jeanne Menj<\/p><\/div>\n<div id=\"attachment_12812\" style=\"width: 1034px\" class=\"wp-caption alignnone\"><a href=\"https:\/\/www.mochileiros.com\/blog\/blog\/conheca-o-lugar-mais-quente-do-mundo\/attachment\/lut07\" rel=\"attachment wp-att-12812\"><img loading=\"lazy\" decoding=\"async\" aria-describedby=\"caption-attachment-12812\" class=\"wp-image-12812 size-full\" src=\"https:\/\/www.mochileiros.com\/blog\/wp-content\/uploads\/2015\/01\/lut07.jpg\" alt=\"\" width=\"1024\" height=\"768\" srcset=\"https:\/\/www.mochileiros.com\/blog\/wp-content\/uploads\/2015\/01\/lut07.jpg 1024w, https:\/\/www.mochileiros.com\/blog\/wp-content\/uploads\/2015\/01\/lut07-300x225.jpg 300w, https:\/\/www.mochileiros.com\/blog\/wp-content\/uploads\/2015\/01\/lut07-768x576.jpg 768w, https:\/\/www.mochileiros.com\/blog\/wp-content\/uploads\/2015\/01\/lut07-313x235.jpg 313w, https:\/\/www.mochileiros.com\/blog\/wp-content\/uploads\/2015\/01\/lut07-20x15.jpg 20w\" sizes=\"auto, (max-width: 1024px) 100vw, 1024px\" \/><\/a><p id=\"caption-attachment-12812\" class=\"wp-caption-text\">Camping no Deserto de Lut | Foto: ix4svs<\/p><\/div>\n<div id=\"attachment_12813\" style=\"width: 1034px\" class=\"wp-caption alignnone\"><a href=\"https:\/\/www.mochileiros.com\/blog\/blog\/conheca-o-lugar-mais-quente-do-mundo\/attachment\/lut08\" rel=\"attachment wp-att-12813\"><img loading=\"lazy\" decoding=\"async\" aria-describedby=\"caption-attachment-12813\" class=\"wp-image-12813 size-full\" src=\"https:\/\/www.mochileiros.com\/blog\/wp-content\/uploads\/2015\/01\/lut08.jpg\" alt=\"\" width=\"1024\" height=\"669\" srcset=\"https:\/\/www.mochileiros.com\/blog\/wp-content\/uploads\/2015\/01\/lut08.jpg 1024w, https:\/\/www.mochileiros.com\/blog\/wp-content\/uploads\/2015\/01\/lut08-300x196.jpg 300w, https:\/\/www.mochileiros.com\/blog\/wp-content\/uploads\/2015\/01\/lut08-768x502.jpg 768w, https:\/\/www.mochileiros.com\/blog\/wp-content\/uploads\/2015\/01\/lut08-313x204.jpg 313w, https:\/\/www.mochileiros.com\/blog\/wp-content\/uploads\/2015\/01\/lut08-20x13.jpg 20w\" sizes=\"auto, (max-width: 1024px) 100vw, 1024px\" \/><\/a><p id=\"caption-attachment-12813\" class=\"wp-caption-text\">Rua de aldeia pr\u00f3xima ao Deserto de Kavir | Foto: Jeanne Menj<\/p><\/div>\n<div id=\"attachment_12814\" style=\"width: 1034px\" class=\"wp-caption alignnone\"><a href=\"https:\/\/www.mochileiros.com\/blog\/blog\/conheca-o-lugar-mais-quente-do-mundo\/attachment\/lut09\" rel=\"attachment wp-att-12814\"><img loading=\"lazy\" decoding=\"async\" aria-describedby=\"caption-attachment-12814\" class=\"wp-image-12814 size-full\" src=\"https:\/\/www.mochileiros.com\/blog\/wp-content\/uploads\/2015\/01\/lut09.jpg\" alt=\"\" width=\"1024\" height=\"683\" srcset=\"https:\/\/www.mochileiros.com\/blog\/wp-content\/uploads\/2015\/01\/lut09.jpg 1024w, https:\/\/www.mochileiros.com\/blog\/wp-content\/uploads\/2015\/01\/lut09-300x200.jpg 300w, https:\/\/www.mochileiros.com\/blog\/wp-content\/uploads\/2015\/01\/lut09-768x512.jpg 768w, https:\/\/www.mochileiros.com\/blog\/wp-content\/uploads\/2015\/01\/lut09-313x209.jpg 313w, https:\/\/www.mochileiros.com\/blog\/wp-content\/uploads\/2015\/01\/lut09-20x13.jpg 20w\" sizes=\"auto, (max-width: 1024px) 100vw, 1024px\" \/><\/a><p id=\"caption-attachment-12814\" class=\"wp-caption-text\">Lut e Kavir | Foto: ninara<\/p><\/div>\n<div id=\"attachment_12815\" style=\"width: 1034px\" class=\"wp-caption alignnone\"><a href=\"https:\/\/www.mochileiros.com\/blog\/blog\/conheca-o-lugar-mais-quente-do-mundo\/attachment\/lut010\" rel=\"attachment wp-att-12815\"><img loading=\"lazy\" decoding=\"async\" aria-describedby=\"caption-attachment-12815\" class=\"wp-image-12815 size-full\" src=\"https:\/\/www.mochileiros.com\/blog\/wp-content\/uploads\/2015\/01\/lut010.jpg\" alt=\"\" width=\"1024\" height=\"683\" srcset=\"https:\/\/www.mochileiros.com\/blog\/wp-content\/uploads\/2015\/01\/lut010.jpg 1024w, https:\/\/www.mochileiros.com\/blog\/wp-content\/uploads\/2015\/01\/lut010-300x200.jpg 300w, https:\/\/www.mochileiros.com\/blog\/wp-content\/uploads\/2015\/01\/lut010-768x512.jpg 768w, https:\/\/www.mochileiros.com\/blog\/wp-content\/uploads\/2015\/01\/lut010-313x209.jpg 313w, https:\/\/www.mochileiros.com\/blog\/wp-content\/uploads\/2015\/01\/lut010-20x13.jpg 20w\" sizes=\"auto, (max-width: 1024px) 100vw, 1024px\" \/><\/a><p id=\"caption-attachment-12815\" class=\"wp-caption-text\">Foto: ninara<\/p><\/div>\n<div id=\"attachment_12816\" style=\"width: 1034px\" class=\"wp-caption alignnone\"><a href=\"https:\/\/www.mochileiros.com\/blog\/blog\/conheca-o-lugar-mais-quente-do-mundo\/attachment\/lut011\" rel=\"attachment wp-att-12816\"><img loading=\"lazy\" decoding=\"async\" aria-describedby=\"caption-attachment-12816\" class=\"wp-image-12816 size-full\" src=\"https:\/\/www.mochileiros.com\/blog\/wp-content\/uploads\/2015\/01\/lut011.jpg\" alt=\"\" width=\"1024\" height=\"679\" srcset=\"https:\/\/www.mochileiros.com\/blog\/wp-content\/uploads\/2015\/01\/lut011.jpg 1024w, https:\/\/www.mochileiros.com\/blog\/wp-content\/uploads\/2015\/01\/lut011-300x199.jpg 300w, https:\/\/www.mochileiros.com\/blog\/wp-content\/uploads\/2015\/01\/lut011-768x509.jpg 768w, https:\/\/www.mochileiros.com\/blog\/wp-content\/uploads\/2015\/01\/lut011-313x208.jpg 313w, https:\/\/www.mochileiros.com\/blog\/wp-content\/uploads\/2015\/01\/lut011-20x13.jpg 20w\" sizes=\"auto, (max-width: 1024px) 100vw, 1024px\" \/><\/a><p id=\"caption-attachment-12816\" class=\"wp-caption-text\">Deserto de Lut visto do espa\u00e7o | Foto: ISS<\/p><\/div>\n<p><strong>Nota da autora:<\/strong> este post nasceu pura e simplesmente da necessidade de eu saber em que lugar do mundo fazia mais calor do que\u00a0o que tem feito por aqui (Rio de Janeiro) nos \u00faltimos tempos &#8211; risos.<\/p>\n<p><em>A imagem que abre o post \u00e9 de Sergi Hill.<\/em><\/p>\n","protected":false},"excerpt":{"rendered":"<p>Quem est\u00e1 na cidade do Rio de Janeiro provavelmente disse: \u00e9 aqui. Mas n\u00e3o, a sensa\u00e7\u00e3o t\u00e9rmica de 57 graus vivida na capital fluminense nos \u00faltimos dias ou as altas temperaturas Brasil afora\u00a0s\u00e3o fichinha perto dos 70,7 graus medidos no Deserto de Lut, no sudeste do Ir\u00e3. A temperatura por l\u00e1 foi registrada em 2004 [&hellip;]<\/p>\n","protected":false},"author":2,"featured_media":12805,"comment_status":"open","ping_status":"closed","sticky":false,"template":"","format":"standard","meta":{"googlesitekit_rrm_CAoiELM5mIOjYRN0nfylq3_9r-8:productID":"","_crdt_document":"","_daim_seo_power":"","_daim_enable_ail":"","footnotes":""},"categories":[168],"tags":[1112,1111,1007],"class_list":["post-12803","post","type-post","status-publish","format-standard","has-post-thumbnail","hentry","category-blog","tag-deserto-de-kavir","tag-deserto-de-lut","tag-ira"],"_links":{"self":[{"href":"https:\/\/www.mochileiros.com\/blog\/wp-json\/wp\/v2\/posts\/12803","targetHints":{"allow":["GET"]}}],"collection":[{"href":"https:\/\/www.mochileiros.com\/blog\/wp-json\/wp\/v2\/posts"}],"about":[{"href":"https:\/\/www.mochileiros.com\/blog\/wp-json\/wp\/v2\/types\/post"}],"author":[{"embeddable":true,"href":"https:\/\/www.mochileiros.com\/blog\/wp-json\/wp\/v2\/users\/2"}],"replies":[{"embeddable":true,"href":"https:\/\/www.mochileiros.com\/blog\/wp-json\/wp\/v2\/comments?post=12803"}],"version-history":[{"count":0,"href":"https:\/\/www.mochileiros.com\/blog\/wp-json\/wp\/v2\/posts\/12803\/revisions"}],"wp:featuredmedia":[{"embeddable":true,"href":"https:\/\/www.mochileiros.com\/blog\/wp-json\/wp\/v2\/media\/12805"}],"wp:attachment":[{"href":"https:\/\/www.mochileiros.com\/blog\/wp-json\/wp\/v2\/media?parent=12803"}],"wp:term":[{"taxonomy":"category","embeddable":true,"href":"https:\/\/www.mochileiros.com\/blog\/wp-json\/wp\/v2\/categories?post=12803"},{"taxonomy":"post_tag","embeddable":true,"href":"https:\/\/www.mochileiros.com\/blog\/wp-json\/wp\/v2\/tags?post=12803"}],"curies":[{"name":"wp","href":"https:\/\/api.w.org\/{rel}","templated":true}]}}