{"id":13136,"date":"2015-02-26T18:57:17","date_gmt":"2015-02-26T21:57:17","guid":{"rendered":"https:\/\/www.mochileiros.com\/blog\/?p=13136"},"modified":"2017-11-30T20:09:12","modified_gmt":"2017-11-30T23:09:12","slug":"uma-road-trip-de-mais-de-20-anos","status":"publish","type":"post","link":"https:\/\/www.mochileiros.com\/blog\/uma-road-trip-de-mais-de-20-anos","title":{"rendered":"Uma road trip de mais de 20 anos"},"content":{"rendered":"<p>Era pra ser uma viagem de 18 meses pela \u00c1frica, mas tornou-se uma road trip de mais de 20 anos ou o equivalente a 20 voltas ao redor da Terra. Em 1989, a bordo de um Mercedes G Waggon, o casal alem\u00e3o Gunter e Christine Holtorf partiu para sua (invej\u00e1vel) volta ao mundo. Gunther ent\u00e3o com 53 anos deixou um emprego (de 30 anos) na Lufthansa e foi viver o seu sonho. Christine, com 34 anos o acompanhou.<\/p>\n<div id=\"attachment_13143\" style=\"width: 910px\" class=\"wp-caption aligncenter\"><img loading=\"lazy\" decoding=\"async\" aria-describedby=\"caption-attachment-13143\" class=\"wp-image-13143 size-full\" src=\"https:\/\/www.mochileiros.com\/blog\/wp-content\/uploads\/2015\/02\/20anos04.jpg\" alt=\"Foto: Gunter Holtorf e Mercedes-Benz.\" width=\"900\" height=\"414\" srcset=\"https:\/\/www.mochileiros.com\/blog\/wp-content\/uploads\/2015\/02\/20anos04.jpg 900w, https:\/\/www.mochileiros.com\/blog\/wp-content\/uploads\/2015\/02\/20anos04-300x138.jpg 300w, https:\/\/www.mochileiros.com\/blog\/wp-content\/uploads\/2015\/02\/20anos04-768x353.jpg 768w, https:\/\/www.mochileiros.com\/blog\/wp-content\/uploads\/2015\/02\/20anos04-313x144.jpg 313w, https:\/\/www.mochileiros.com\/blog\/wp-content\/uploads\/2015\/02\/20anos04-20x9.jpg 20w\" sizes=\"auto, (max-width: 900px) 100vw, 900px\" \/><p id=\"caption-attachment-13143\" class=\"wp-caption-text\">Fotos e arte: Gunter Holtorf e Mercedes-Benz.<\/p><\/div>\n<div id=\"attachment_13142\" style=\"width: 910px\" class=\"wp-caption aligncenter\"><img loading=\"lazy\" decoding=\"async\" aria-describedby=\"caption-attachment-13142\" class=\"wp-image-13142 size-full\" src=\"https:\/\/www.mochileiros.com\/blog\/wp-content\/uploads\/2015\/02\/20anos05.jpg\" alt=\"\" width=\"900\" height=\"661\" srcset=\"https:\/\/www.mochileiros.com\/blog\/wp-content\/uploads\/2015\/02\/20anos05.jpg 900w, https:\/\/www.mochileiros.com\/blog\/wp-content\/uploads\/2015\/02\/20anos05-300x220.jpg 300w, https:\/\/www.mochileiros.com\/blog\/wp-content\/uploads\/2015\/02\/20anos05-768x564.jpg 768w, https:\/\/www.mochileiros.com\/blog\/wp-content\/uploads\/2015\/02\/20anos05-313x230.jpg 313w, https:\/\/www.mochileiros.com\/blog\/wp-content\/uploads\/2015\/02\/20anos05-20x15.jpg 20w\" sizes=\"auto, (max-width: 900px) 100vw, 900px\" \/><p id=\"caption-attachment-13142\" class=\"wp-caption-text\">Foto: Gunter Holtorf.<\/p><\/div>\n<p style=\"text-align: justify;\">A jornada come\u00e7ou pelo deserto do Saara e a partir da\u00ed foram mais de 884 mil quil\u00f4metros de estradas por mais de 200 pa\u00edses.<br \/>\nGunther vive em Berlim, onde chegou de viagem em 2014. Christine faleceu em 2010.<br \/>\nO carro deles, parte importante desta hist\u00f3ria tem at\u00e9 nome pr\u00f3prio: Otto. O ve\u00edculo \u00e9 exposto no <span style=\"text-decoration: underline;\"><a href=\"http:\/\/www.mercedes-benz.com\/en\/uncategorized\/the-mercedes-benz-museum-was-also-a-visitor-magnet-in-2014\/\" target=\"_blank\" rel=\"noopener\">museu da Mercedes-Benz<\/a><\/span> na cidade de Stuttgart, na Alemanha.<\/p>\n<div id=\"attachment_13140\" style=\"width: 910px\" class=\"wp-caption alignnone\"><a href=\"https:\/\/www.mochileiros.com\/blog\/blog\/uma-road-trip-de-mais-de-20-anos\/attachment\/20anos07\" rel=\"attachment wp-att-13140\"><img loading=\"lazy\" decoding=\"async\" aria-describedby=\"caption-attachment-13140\" class=\"size-full wp-image-13140\" src=\"https:\/\/www.mochileiros.com\/blog\/wp-content\/uploads\/2015\/02\/20anos07.jpg\" alt=\"Gunter Holtorf | Foto: Mercedes-Benz.\" width=\"900\" height=\"588\" srcset=\"https:\/\/www.mochileiros.com\/blog\/wp-content\/uploads\/2015\/02\/20anos07.jpg 900w, https:\/\/www.mochileiros.com\/blog\/wp-content\/uploads\/2015\/02\/20anos07-300x196.jpg 300w, https:\/\/www.mochileiros.com\/blog\/wp-content\/uploads\/2015\/02\/20anos07-768x502.jpg 768w, https:\/\/www.mochileiros.com\/blog\/wp-content\/uploads\/2015\/02\/20anos07-313x204.jpg 313w, https:\/\/www.mochileiros.com\/blog\/wp-content\/uploads\/2015\/02\/20anos07-20x13.jpg 20w\" sizes=\"auto, (max-width: 900px) 100vw, 900px\" \/><\/a><p id=\"caption-attachment-13140\" class=\"wp-caption-text\">Gunter Holtorf | Foto: Mercedes-Benz.<\/p><\/div>\n<p style=\"text-align: justify;\"><strong>Abaixo algumas fotos dessa incr\u00edvel viagem:<\/strong><\/p>\n<div id=\"attachment_13146\" style=\"width: 910px\" class=\"wp-caption alignnone\"><a href=\"https:\/\/www.mochileiros.com\/blog\/blog\/uma-road-trip-de-mais-de-20-anos\/attachment\/20anos01\" rel=\"attachment wp-att-13146\"><img loading=\"lazy\" decoding=\"async\" aria-describedby=\"caption-attachment-13146\" class=\"size-full wp-image-13146\" src=\"https:\/\/www.mochileiros.com\/blog\/wp-content\/uploads\/2015\/02\/20anos01.jpg\" alt=\"Na Tail\u00e2ndia | Foto: Gunter Holtorf.\" width=\"900\" height=\"584\" srcset=\"https:\/\/www.mochileiros.com\/blog\/wp-content\/uploads\/2015\/02\/20anos01.jpg 900w, https:\/\/www.mochileiros.com\/blog\/wp-content\/uploads\/2015\/02\/20anos01-300x195.jpg 300w, https:\/\/www.mochileiros.com\/blog\/wp-content\/uploads\/2015\/02\/20anos01-768x498.jpg 768w, https:\/\/www.mochileiros.com\/blog\/wp-content\/uploads\/2015\/02\/20anos01-313x203.jpg 313w, https:\/\/www.mochileiros.com\/blog\/wp-content\/uploads\/2015\/02\/20anos01-20x13.jpg 20w\" sizes=\"auto, (max-width: 900px) 100vw, 900px\" \/><\/a><p id=\"caption-attachment-13146\" class=\"wp-caption-text\">Na Tail\u00e2ndia | Foto: Gunter Holtorf.<\/p><\/div>\n<div id=\"attachment_13145\" style=\"width: 910px\" class=\"wp-caption alignnone\"><a href=\"https:\/\/www.mochileiros.com\/blog\/blog\/uma-road-trip-de-mais-de-20-anos\/attachment\/20anos02\" rel=\"attachment wp-att-13145\"><img loading=\"lazy\" decoding=\"async\" aria-describedby=\"caption-attachment-13145\" class=\"size-full wp-image-13145\" src=\"https:\/\/www.mochileiros.com\/blog\/wp-content\/uploads\/2015\/02\/20anos02.jpg\" alt=\"Na \u00cdndia | Foto: Gunter Holtorf.\" width=\"900\" height=\"546\" srcset=\"https:\/\/www.mochileiros.com\/blog\/wp-content\/uploads\/2015\/02\/20anos02.jpg 900w, https:\/\/www.mochileiros.com\/blog\/wp-content\/uploads\/2015\/02\/20anos02-300x182.jpg 300w, https:\/\/www.mochileiros.com\/blog\/wp-content\/uploads\/2015\/02\/20anos02-768x466.jpg 768w, https:\/\/www.mochileiros.com\/blog\/wp-content\/uploads\/2015\/02\/20anos02-313x190.jpg 313w, https:\/\/www.mochileiros.com\/blog\/wp-content\/uploads\/2015\/02\/20anos02-20x12.jpg 20w\" sizes=\"auto, (max-width: 900px) 100vw, 900px\" \/><\/a><p id=\"caption-attachment-13145\" class=\"wp-caption-text\">Na \u00cdndia | Foto: Gunter Holtorf.<\/p><\/div>\n<div id=\"attachment_13137\" style=\"width: 910px\" class=\"wp-caption alignnone\"><a href=\"https:\/\/www.mochileiros.com\/blog\/blog\/uma-road-trip-de-mais-de-20-anos\/attachment\/20anos00\" rel=\"attachment wp-att-13137\"><img loading=\"lazy\" decoding=\"async\" aria-describedby=\"caption-attachment-13137\" class=\"size-full wp-image-13137\" src=\"https:\/\/www.mochileiros.com\/blog\/wp-content\/uploads\/2015\/02\/20anos00.jpg\" alt=\"No Nepal | Foto: Gunter Holtorf.\" width=\"900\" height=\"661\" srcset=\"https:\/\/www.mochileiros.com\/blog\/wp-content\/uploads\/2015\/02\/20anos00.jpg 900w, https:\/\/www.mochileiros.com\/blog\/wp-content\/uploads\/2015\/02\/20anos00-300x220.jpg 300w, https:\/\/www.mochileiros.com\/blog\/wp-content\/uploads\/2015\/02\/20anos00-1024x752.jpg 1024w, https:\/\/www.mochileiros.com\/blog\/wp-content\/uploads\/2015\/02\/20anos00-768x564.jpg 768w, https:\/\/www.mochileiros.com\/blog\/wp-content\/uploads\/2015\/02\/20anos00-1536x1128.jpg 1536w, https:\/\/www.mochileiros.com\/blog\/wp-content\/uploads\/2015\/02\/20anos00-2048x1504.jpg 2048w, https:\/\/www.mochileiros.com\/blog\/wp-content\/uploads\/2015\/02\/20anos00-204x150.jpg 204w, https:\/\/www.mochileiros.com\/blog\/wp-content\/uploads\/2015\/02\/20anos00-100x73.jpg 100w, https:\/\/www.mochileiros.com\/blog\/wp-content\/uploads\/2015\/02\/20anos00-477x350.jpg 477w, https:\/\/www.mochileiros.com\/blog\/wp-content\/uploads\/2015\/02\/20anos00-788x578.jpg 788w, https:\/\/www.mochileiros.com\/blog\/wp-content\/uploads\/2015\/02\/20anos00-313x230.jpg 313w, https:\/\/www.mochileiros.com\/blog\/wp-content\/uploads\/2015\/02\/20anos00-20x15.jpg 20w\" sizes=\"auto, (max-width: 900px) 100vw, 900px\" \/><\/a><p id=\"caption-attachment-13137\" class=\"wp-caption-text\">No Nepal | Foto: Gunter Holtorf.<\/p><\/div>\n<div id=\"attachment_13138\" style=\"width: 910px\" class=\"wp-caption alignnone\"><a href=\"https:\/\/www.mochileiros.com\/blog\/blog\/uma-road-trip-de-mais-de-20-anos\/attachment\/20anos09\" rel=\"attachment wp-att-13138\"><img loading=\"lazy\" decoding=\"async\" aria-describedby=\"caption-attachment-13138\" class=\"size-full wp-image-13138\" src=\"https:\/\/www.mochileiros.com\/blog\/wp-content\/uploads\/2015\/02\/20anos09.jpg\" alt=\"No Brasil | Foto: Gunter Holtorf.\" width=\"900\" height=\"586\" srcset=\"https:\/\/www.mochileiros.com\/blog\/wp-content\/uploads\/2015\/02\/20anos09.jpg 900w, https:\/\/www.mochileiros.com\/blog\/wp-content\/uploads\/2015\/02\/20anos09-300x195.jpg 300w, https:\/\/www.mochileiros.com\/blog\/wp-content\/uploads\/2015\/02\/20anos09-768x500.jpg 768w, https:\/\/www.mochileiros.com\/blog\/wp-content\/uploads\/2015\/02\/20anos09-313x204.jpg 313w, https:\/\/www.mochileiros.com\/blog\/wp-content\/uploads\/2015\/02\/20anos09-20x13.jpg 20w\" sizes=\"auto, (max-width: 900px) 100vw, 900px\" \/><\/a><p id=\"caption-attachment-13138\" class=\"wp-caption-text\">No Brasil | Foto: Gunter Holtorf.<\/p><\/div>\n<div id=\"attachment_13139\" style=\"width: 910px\" class=\"wp-caption alignnone\"><a href=\"https:\/\/www.mochileiros.com\/blog\/blog\/uma-road-trip-de-mais-de-20-anos\/attachment\/20anos08\" rel=\"attachment wp-att-13139\"><img loading=\"lazy\" decoding=\"async\" aria-describedby=\"caption-attachment-13139\" class=\"size-full wp-image-13139\" src=\"https:\/\/www.mochileiros.com\/blog\/wp-content\/uploads\/2015\/02\/20anos08.jpg\" alt=\"Foto: Gunter Holtorf.\" width=\"900\" height=\"588\" srcset=\"https:\/\/www.mochileiros.com\/blog\/wp-content\/uploads\/2015\/02\/20anos08.jpg 900w, https:\/\/www.mochileiros.com\/blog\/wp-content\/uploads\/2015\/02\/20anos08-300x196.jpg 300w, https:\/\/www.mochileiros.com\/blog\/wp-content\/uploads\/2015\/02\/20anos08-768x502.jpg 768w, https:\/\/www.mochileiros.com\/blog\/wp-content\/uploads\/2015\/02\/20anos08-313x204.jpg 313w, https:\/\/www.mochileiros.com\/blog\/wp-content\/uploads\/2015\/02\/20anos08-20x13.jpg 20w\" sizes=\"auto, (max-width: 900px) 100vw, 900px\" \/><\/a><p id=\"caption-attachment-13139\" class=\"wp-caption-text\">Foto: Gunter Holtorf.<\/p><\/div>\n<div id=\"attachment_13141\" style=\"width: 910px\" class=\"wp-caption alignnone\"><a href=\"https:\/\/www.mochileiros.com\/blog\/blog\/uma-road-trip-de-mais-de-20-anos\/attachment\/20anos06\" rel=\"attachment wp-att-13141\"><img loading=\"lazy\" decoding=\"async\" aria-describedby=\"caption-attachment-13141\" class=\"size-full wp-image-13141\" src=\"https:\/\/www.mochileiros.com\/blog\/wp-content\/uploads\/2015\/02\/20anos06.jpg\" alt=\"Gunter Holtorf mostra interior do 'Otto'| Foto: Mercedes-Benz.\" width=\"900\" height=\"588\" srcset=\"https:\/\/www.mochileiros.com\/blog\/wp-content\/uploads\/2015\/02\/20anos06.jpg 900w, https:\/\/www.mochileiros.com\/blog\/wp-content\/uploads\/2015\/02\/20anos06-300x196.jpg 300w, https:\/\/www.mochileiros.com\/blog\/wp-content\/uploads\/2015\/02\/20anos06-768x502.jpg 768w, https:\/\/www.mochileiros.com\/blog\/wp-content\/uploads\/2015\/02\/20anos06-313x204.jpg 313w, https:\/\/www.mochileiros.com\/blog\/wp-content\/uploads\/2015\/02\/20anos06-20x13.jpg 20w\" sizes=\"auto, (max-width: 900px) 100vw, 900px\" \/><\/a><p id=\"caption-attachment-13141\" class=\"wp-caption-text\">Gunter Holtorf mostra interior do &#8216;Otto&#8217;| Foto: Mercedes-Benz.<\/p><\/div>\n<div id=\"attachment_13144\" style=\"width: 910px\" class=\"wp-caption alignnone\"><a href=\"https:\/\/www.mochileiros.com\/blog\/blog\/uma-road-trip-de-mais-de-20-anos\/attachment\/20anos03\" rel=\"attachment wp-att-13144\"><img loading=\"lazy\" decoding=\"async\" aria-describedby=\"caption-attachment-13144\" class=\"size-full wp-image-13144\" src=\"https:\/\/www.mochileiros.com\/blog\/wp-content\/uploads\/2015\/02\/20anos03.jpg\" alt=\"Foto: Gunter Holtorf.\" width=\"900\" height=\"599\" srcset=\"https:\/\/www.mochileiros.com\/blog\/wp-content\/uploads\/2015\/02\/20anos03.jpg 900w, https:\/\/www.mochileiros.com\/blog\/wp-content\/uploads\/2015\/02\/20anos03-300x200.jpg 300w, https:\/\/www.mochileiros.com\/blog\/wp-content\/uploads\/2015\/02\/20anos03-768x511.jpg 768w, https:\/\/www.mochileiros.com\/blog\/wp-content\/uploads\/2015\/02\/20anos03-313x208.jpg 313w, https:\/\/www.mochileiros.com\/blog\/wp-content\/uploads\/2015\/02\/20anos03-20x13.jpg 20w\" sizes=\"auto, (max-width: 900px) 100vw, 900px\" \/><\/a><p id=\"caption-attachment-13144\" class=\"wp-caption-text\">Foto: Gunter Holtorf.<\/p><\/div>\n<p style=\"text-align: justify;\">Um pouco da hist\u00f3ria deles pode ser conferida na <span style=\"text-decoration: underline;\"><a href=\"https:\/\/www.facebook.com\/GuntherandChristineHoltorf\" target=\"_blank\" rel=\"noopener\">fanpage no Facebook<\/a><\/span>.<br \/>\nFicamos sabendo dela atrav\u00e9s da BBC, que fez um especial sobre esta viagem e os Holtorf , <span style=\"text-decoration: underline;\"><a href=\"http:\/\/www.bbc.co.uk\/news\/special\/2014\/newsspec_8703\/index.html\" target=\"_blank\" rel=\"noopener\">aqui<\/a><\/span>.<\/p>\n","protected":false},"excerpt":{"rendered":"<p>Era pra ser uma viagem de 18 meses pela \u00c1frica, mas tornou-se uma road trip de mais de 20 anos ou o equivalente a 20 voltas ao redor da Terra. Em 1989, a bordo de um Mercedes G Waggon, o casal alem\u00e3o Gunter e Christine Holtorf partiu para sua (invej\u00e1vel) volta ao mundo. Gunther ent\u00e3o [&hellip;]<\/p>\n","protected":false},"author":2,"featured_media":13137,"comment_status":"open","ping_status":"closed","sticky":false,"template":"","format":"standard","meta":{"googlesitekit_rrm_CAoiELM5mIOjYRN0nfylq3_9r-8:productID":"","_crdt_document":"","_daim_seo_power":"","_daim_enable_ail":"","footnotes":""},"categories":[168],"tags":[1206,1070,1126],"class_list":["post-13136","post","type-post","status-publish","format-standard","has-post-thumbnail","hentry","category-blog","tag-historias-inspiradoras","tag-viagem-de-carro","tag-volta-ao-mundo"],"_links":{"self":[{"href":"https:\/\/www.mochileiros.com\/blog\/wp-json\/wp\/v2\/posts\/13136","targetHints":{"allow":["GET"]}}],"collection":[{"href":"https:\/\/www.mochileiros.com\/blog\/wp-json\/wp\/v2\/posts"}],"about":[{"href":"https:\/\/www.mochileiros.com\/blog\/wp-json\/wp\/v2\/types\/post"}],"author":[{"embeddable":true,"href":"https:\/\/www.mochileiros.com\/blog\/wp-json\/wp\/v2\/users\/2"}],"replies":[{"embeddable":true,"href":"https:\/\/www.mochileiros.com\/blog\/wp-json\/wp\/v2\/comments?post=13136"}],"version-history":[{"count":0,"href":"https:\/\/www.mochileiros.com\/blog\/wp-json\/wp\/v2\/posts\/13136\/revisions"}],"wp:featuredmedia":[{"embeddable":true,"href":"https:\/\/www.mochileiros.com\/blog\/wp-json\/wp\/v2\/media\/13137"}],"wp:attachment":[{"href":"https:\/\/www.mochileiros.com\/blog\/wp-json\/wp\/v2\/media?parent=13136"}],"wp:term":[{"taxonomy":"category","embeddable":true,"href":"https:\/\/www.mochileiros.com\/blog\/wp-json\/wp\/v2\/categories?post=13136"},{"taxonomy":"post_tag","embeddable":true,"href":"https:\/\/www.mochileiros.com\/blog\/wp-json\/wp\/v2\/tags?post=13136"}],"curies":[{"name":"wp","href":"https:\/\/api.w.org\/{rel}","templated":true}]}}