{"id":13463,"date":"2015-03-18T16:43:30","date_gmt":"2015-03-18T19:43:30","guid":{"rendered":"https:\/\/www.mochileiros.com\/blog\/?p=13463"},"modified":"2015-03-18T16:58:26","modified_gmt":"2015-03-18T19:58:26","slug":"trilha-mais-perigosa-mundo-reabre-dia-28","status":"publish","type":"post","link":"https:\/\/www.mochileiros.com\/blog\/trilha-mais-perigosa-mundo-reabre-dia-28","title":{"rendered":"Trilha &#8216;mais perigosa do mundo&#8217; reabre dia 28"},"content":{"rendered":"<div id=\"attachment_13481\" style=\"width: 1034px\" class=\"wp-caption alignnone\"><a href=\"https:\/\/www.mochileiros.com\/blog\/noticias\/trilha-mais-perigosa-mundo-reabre-dia-28\/attachment\/caminitodelrey00\" rel=\"attachment wp-att-13481\"><img loading=\"lazy\" decoding=\"async\" aria-describedby=\"caption-attachment-13481\" class=\"wp-image-13481 size-full\" src=\"https:\/\/www.mochileiros.com\/blog\/wp-content\/uploads\/2015\/03\/caminitodelrey00.jpg\" alt=\"Em 2001 'Caminito del Rey' entrou em manuten\u00e7\u00e3o depois da morte de duas pessoas | Foto: kozzmen.\" width=\"1024\" height=\"377\" srcset=\"https:\/\/www.mochileiros.com\/blog\/wp-content\/uploads\/2015\/03\/caminitodelrey00.jpg 1024w, https:\/\/www.mochileiros.com\/blog\/wp-content\/uploads\/2015\/03\/caminitodelrey00-300x110.jpg 300w, https:\/\/www.mochileiros.com\/blog\/wp-content\/uploads\/2015\/03\/caminitodelrey00-768x283.jpg 768w, https:\/\/www.mochileiros.com\/blog\/wp-content\/uploads\/2015\/03\/caminitodelrey00-313x115.jpg 313w, https:\/\/www.mochileiros.com\/blog\/wp-content\/uploads\/2015\/03\/caminitodelrey00-20x7.jpg 20w\" sizes=\"auto, (max-width: 1024px) 100vw, 1024px\" \/><\/a><p id=\"caption-attachment-13481\" class=\"wp-caption-text\">Em 2001 &#8216;Caminito del Rey&#8217; entrou em manuten\u00e7\u00e3o depois da morte de duas pessoas | Foto: kozzmen.<\/p><\/div>\n<p style=\"text-align: justify;\">O &#8216;Caminhozinho do Rei&#8217; (em portugu\u00eas) fica no sul da Espanha, com seus 3Km de extens\u00e3o encravados nas paredes de c\u00e2nions, num desfiladeiro (de los Gaitanes) a 100m de altura.<\/p>\n<div id=\"attachment_13467\" style=\"width: 810px\" class=\"wp-caption alignnone\"><a href=\"https:\/\/www.mochileiros.com\/blog\/noticias\/trilha-mais-perigosa-mundo-reabre-dia-28\/attachment\/caminitomapa\" rel=\"attachment wp-att-13467\"><img loading=\"lazy\" decoding=\"async\" aria-describedby=\"caption-attachment-13467\" class=\"size-full wp-image-13467\" src=\"https:\/\/www.mochileiros.com\/blog\/wp-content\/uploads\/2015\/03\/caminitomapa.jpg\" alt=\"Foto: Reprodu\u00e7\u00e3o\/Caminitodelrey.info\" width=\"800\" height=\"566\" srcset=\"https:\/\/www.mochileiros.com\/blog\/wp-content\/uploads\/2015\/03\/caminitomapa.jpg 800w, https:\/\/www.mochileiros.com\/blog\/wp-content\/uploads\/2015\/03\/caminitomapa-300x212.jpg 300w, https:\/\/www.mochileiros.com\/blog\/wp-content\/uploads\/2015\/03\/caminitomapa-768x543.jpg 768w, https:\/\/www.mochileiros.com\/blog\/wp-content\/uploads\/2015\/03\/caminitomapa-313x221.jpg 313w, https:\/\/www.mochileiros.com\/blog\/wp-content\/uploads\/2015\/03\/caminitomapa-20x14.jpg 20w\" sizes=\"auto, (max-width: 800px) 100vw, 800px\" \/><\/a><p id=\"caption-attachment-13467\" class=\"wp-caption-text\">Foto: Reprodu\u00e7\u00e3o\/Caminitodelrey.info<\/p><\/div>\n<p style=\"text-align: justify;\">Ap\u00f3s uma reforma para manuten\u00e7\u00e3o que visa garantir maior seguran\u00e7a a quem far\u00e1 o trajeto, o caminho ser\u00e1 reaberto no pr\u00f3ximo dia 28.<br \/>\nDe acordo com a administra\u00e7\u00e3o do local os interessados em fazer a trilha ter\u00e3o que registrar-se antes de pegar as entradas e observar as regras de seguran\u00e7a.<br \/>\nSegundo\u00a0o <strong><span style=\"text-decoration: underline;\"><a href=\"http:\/\/www.caminitodelrey.info\/es\/#1\" target=\"_blank\" rel=\"noopener\">site oficial<\/a><\/span><\/strong> da atra\u00e7\u00e3o, mais de 32.000 reservas para a trilha foram feitas somente na primeira semana de funcionamento da ferramenta na web. (Numa olhada r\u00e1pida na <strong><span style=\"text-decoration: underline;\"><a href=\"https:\/\/reservas.caminitodelrey.info\/\" target=\"_blank\" rel=\"noopener\">\u00e1rea de reservas do site<\/a><\/span><\/strong>, para os meses de abril e maio n\u00e3o h\u00e1 mais\u00a0vagas dispon\u00edveis. Os meses seguintes n\u00e3o aparecem).<\/p>\n<p style=\"text-align: justify;\"><strong>Hist\u00f3ria<\/strong><br \/>\nOriginalmente o caminho foi constru\u00eddo para servir de passagem para os trabalhadores e transporte de materiais para uma hidrel\u00e9trica local. A obra foi finalizada em 1905.<br \/>\nJ\u00e1 o apelido veio depois que o rei Alfonso XIII percorreu o caminho, em 1921.<\/p>\n<div id=\"attachment_13464\" style=\"width: 810px\" class=\"wp-caption alignnone\"><a href=\"https:\/\/www.mochileiros.com\/blog\/noticias\/trilha-mais-perigosa-mundo-reabre-dia-28\/attachment\/caminitohistoria\" rel=\"attachment wp-att-13464\"><img loading=\"lazy\" decoding=\"async\" aria-describedby=\"caption-attachment-13464\" class=\"size-full wp-image-13464\" src=\"https:\/\/www.mochileiros.com\/blog\/wp-content\/uploads\/2015\/03\/caminitohistoria.jpg\" alt=\"Foto: Caminitodelrey.info\" width=\"800\" height=\"593\" srcset=\"https:\/\/www.mochileiros.com\/blog\/wp-content\/uploads\/2015\/03\/caminitohistoria.jpg 800w, https:\/\/www.mochileiros.com\/blog\/wp-content\/uploads\/2015\/03\/caminitohistoria-300x222.jpg 300w, https:\/\/www.mochileiros.com\/blog\/wp-content\/uploads\/2015\/03\/caminitohistoria-768x569.jpg 768w, https:\/\/www.mochileiros.com\/blog\/wp-content\/uploads\/2015\/03\/caminitohistoria-313x232.jpg 313w, https:\/\/www.mochileiros.com\/blog\/wp-content\/uploads\/2015\/03\/caminitohistoria-20x15.jpg 20w\" sizes=\"auto, (max-width: 800px) 100vw, 800px\" \/><\/a><p id=\"caption-attachment-13464\" class=\"wp-caption-text\">Foto: Caminitodelrey.info<\/p><\/div>\n<div id=\"attachment_13465\" style=\"width: 810px\" class=\"wp-caption alignnone\"><a href=\"https:\/\/www.mochileiros.com\/blog\/noticias\/trilha-mais-perigosa-mundo-reabre-dia-28\/attachment\/caminitohistoria2\" rel=\"attachment wp-att-13465\"><img loading=\"lazy\" decoding=\"async\" aria-describedby=\"caption-attachment-13465\" class=\"size-full wp-image-13465\" src=\"https:\/\/www.mochileiros.com\/blog\/wp-content\/uploads\/2015\/03\/caminitohistoria2.jpg\" alt=\"Outros membros da nobreza tamb\u00e9m apareceram por l\u00e1 | Foto: caminitodelrey.info\" width=\"800\" height=\"582\" srcset=\"https:\/\/www.mochileiros.com\/blog\/wp-content\/uploads\/2015\/03\/caminitohistoria2.jpg 800w, https:\/\/www.mochileiros.com\/blog\/wp-content\/uploads\/2015\/03\/caminitohistoria2-300x218.jpg 300w, https:\/\/www.mochileiros.com\/blog\/wp-content\/uploads\/2015\/03\/caminitohistoria2-768x559.jpg 768w, https:\/\/www.mochileiros.com\/blog\/wp-content\/uploads\/2015\/03\/caminitohistoria2-313x228.jpg 313w, https:\/\/www.mochileiros.com\/blog\/wp-content\/uploads\/2015\/03\/caminitohistoria2-20x15.jpg 20w\" sizes=\"auto, (max-width: 800px) 100vw, 800px\" \/><\/a><p id=\"caption-attachment-13465\" class=\"wp-caption-text\">Outros membros da nobreza tamb\u00e9m apareceram por l\u00e1 | Foto: caminitodelrey.info<\/p><\/div>\n<p style=\"text-align: justify;\"><strong>O perigo<\/strong><br \/>\nAl\u00e9m das condi\u00e7\u00f5es naturais (estar em um desfiladeiro a 100m de altura) o caminho \u00e9 (ou era) uma esp\u00e9cie de &#8216;cal\u00e7ada&#8217; de menos de 1m de largura encravada na parede dos c\u00e2nions. Com o passar do tempo e a falta de manuten\u00e7\u00e3o grades de seguran\u00e7a, peda\u00e7os de pavimento, vigas etc foram se deteriorando.<\/p>\n<div id=\"attachment_13466\" style=\"width: 810px\" class=\"wp-caption alignnone\"><a href=\"https:\/\/www.mochileiros.com\/blog\/noticias\/trilha-mais-perigosa-mundo-reabre-dia-28\/attachment\/caminitogabi\" rel=\"attachment wp-att-13466\"><img loading=\"lazy\" decoding=\"async\" aria-describedby=\"caption-attachment-13466\" class=\"size-full wp-image-13466\" src=\"https:\/\/www.mochileiros.com\/blog\/wp-content\/uploads\/2015\/03\/caminitogabi.jpg\" alt=\"Trecho deteriorado e sem prote\u00e7\u00e3o | Foto: Gabi\" width=\"800\" height=\"600\" srcset=\"https:\/\/www.mochileiros.com\/blog\/wp-content\/uploads\/2015\/03\/caminitogabi.jpg 800w, https:\/\/www.mochileiros.com\/blog\/wp-content\/uploads\/2015\/03\/caminitogabi-300x225.jpg 300w, https:\/\/www.mochileiros.com\/blog\/wp-content\/uploads\/2015\/03\/caminitogabi-1024x768.jpg 1024w, https:\/\/www.mochileiros.com\/blog\/wp-content\/uploads\/2015\/03\/caminitogabi-768x576.jpg 768w, https:\/\/www.mochileiros.com\/blog\/wp-content\/uploads\/2015\/03\/caminitogabi-1536x1152.jpg 1536w, https:\/\/www.mochileiros.com\/blog\/wp-content\/uploads\/2015\/03\/caminitogabi-2048x1536.jpg 2048w, https:\/\/www.mochileiros.com\/blog\/wp-content\/uploads\/2015\/03\/caminitogabi-200x150.jpg 200w, https:\/\/www.mochileiros.com\/blog\/wp-content\/uploads\/2015\/03\/caminitogabi-100x75.jpg 100w, https:\/\/www.mochileiros.com\/blog\/wp-content\/uploads\/2015\/03\/caminitogabi-467x350.jpg 467w, https:\/\/www.mochileiros.com\/blog\/wp-content\/uploads\/2015\/03\/caminitogabi-788x591.jpg 788w, https:\/\/www.mochileiros.com\/blog\/wp-content\/uploads\/2015\/03\/caminitogabi-313x235.jpg 313w, https:\/\/www.mochileiros.com\/blog\/wp-content\/uploads\/2015\/03\/caminitogabi-20x15.jpg 20w\" sizes=\"auto, (max-width: 800px) 100vw, 800px\" \/><\/a><p id=\"caption-attachment-13466\" class=\"wp-caption-text\">Trecho deteriorado e sem prote\u00e7\u00e3o | Foto: Gabi<\/p><\/div>\n<p><strong>Veja fotos do caminho (antes e depois da restaura\u00e7\u00e3o):<\/strong><\/p>\n<div id=\"attachment_13468\" style=\"width: 810px\" class=\"wp-caption alignnone\"><a href=\"https:\/\/www.mochileiros.com\/blog\/noticias\/trilha-mais-perigosa-mundo-reabre-dia-28\/attachment\/caminito01\" rel=\"attachment wp-att-13468\"><img loading=\"lazy\" decoding=\"async\" aria-describedby=\"caption-attachment-13468\" class=\"size-full wp-image-13468\" src=\"https:\/\/www.mochileiros.com\/blog\/wp-content\/uploads\/2015\/03\/caminito01.jpg\" alt=\"Trecho j\u00e1 restaurado | Foto: Caminitodelrey.info\" width=\"800\" height=\"450\" srcset=\"https:\/\/www.mochileiros.com\/blog\/wp-content\/uploads\/2015\/03\/caminito01.jpg 800w, https:\/\/www.mochileiros.com\/blog\/wp-content\/uploads\/2015\/03\/caminito01-300x169.jpg 300w, https:\/\/www.mochileiros.com\/blog\/wp-content\/uploads\/2015\/03\/caminito01-768x432.jpg 768w, https:\/\/www.mochileiros.com\/blog\/wp-content\/uploads\/2015\/03\/caminito01-313x176.jpg 313w, https:\/\/www.mochileiros.com\/blog\/wp-content\/uploads\/2015\/03\/caminito01-20x11.jpg 20w\" sizes=\"auto, (max-width: 800px) 100vw, 800px\" \/><\/a><p id=\"caption-attachment-13468\" class=\"wp-caption-text\">Trecho j\u00e1 restaurado | Foto: Caminitodelrey.info<\/p><\/div>\n<div id=\"attachment_13469\" style=\"width: 810px\" class=\"wp-caption alignnone\"><a href=\"https:\/\/www.mochileiros.com\/blog\/noticias\/trilha-mais-perigosa-mundo-reabre-dia-28\/attachment\/caminito02\" rel=\"attachment wp-att-13469\"><img loading=\"lazy\" decoding=\"async\" aria-describedby=\"caption-attachment-13469\" class=\"size-full wp-image-13469\" src=\"https:\/\/www.mochileiros.com\/blog\/wp-content\/uploads\/2015\/03\/caminito02.jpg\" alt=\"Trecho restaurado | Foto: Caminitodelrey.info\" width=\"800\" height=\"450\" srcset=\"https:\/\/www.mochileiros.com\/blog\/wp-content\/uploads\/2015\/03\/caminito02.jpg 800w, https:\/\/www.mochileiros.com\/blog\/wp-content\/uploads\/2015\/03\/caminito02-300x169.jpg 300w, https:\/\/www.mochileiros.com\/blog\/wp-content\/uploads\/2015\/03\/caminito02-768x432.jpg 768w, https:\/\/www.mochileiros.com\/blog\/wp-content\/uploads\/2015\/03\/caminito02-313x176.jpg 313w, https:\/\/www.mochileiros.com\/blog\/wp-content\/uploads\/2015\/03\/caminito02-20x11.jpg 20w\" sizes=\"auto, (max-width: 800px) 100vw, 800px\" \/><\/a><p id=\"caption-attachment-13469\" class=\"wp-caption-text\">Trecho restaurado | Foto: Caminitodelrey.info<\/p><\/div>\n<div id=\"attachment_13470\" style=\"width: 810px\" class=\"wp-caption alignnone\"><a href=\"https:\/\/www.mochileiros.com\/blog\/noticias\/trilha-mais-perigosa-mundo-reabre-dia-28\/attachment\/caminito03\" rel=\"attachment wp-att-13470\"><img loading=\"lazy\" decoding=\"async\" aria-describedby=\"caption-attachment-13470\" class=\"size-full wp-image-13470\" src=\"https:\/\/www.mochileiros.com\/blog\/wp-content\/uploads\/2015\/03\/caminito03.jpg\" alt=\"Detalhe da restaura\u00e7\u00e3o | Foto: Caminitodelrey.info\" width=\"800\" height=\"450\" srcset=\"https:\/\/www.mochileiros.com\/blog\/wp-content\/uploads\/2015\/03\/caminito03.jpg 800w, https:\/\/www.mochileiros.com\/blog\/wp-content\/uploads\/2015\/03\/caminito03-300x169.jpg 300w, https:\/\/www.mochileiros.com\/blog\/wp-content\/uploads\/2015\/03\/caminito03-768x432.jpg 768w, https:\/\/www.mochileiros.com\/blog\/wp-content\/uploads\/2015\/03\/caminito03-313x176.jpg 313w, https:\/\/www.mochileiros.com\/blog\/wp-content\/uploads\/2015\/03\/caminito03-20x11.jpg 20w\" sizes=\"auto, (max-width: 800px) 100vw, 800px\" \/><\/a><p id=\"caption-attachment-13470\" class=\"wp-caption-text\">Detalhe da restaura\u00e7\u00e3o | Foto: Caminitodelrey.info<\/p><\/div>\n<div id=\"attachment_13471\" style=\"width: 810px\" class=\"wp-caption alignnone\"><a href=\"https:\/\/www.mochileiros.com\/blog\/noticias\/trilha-mais-perigosa-mundo-reabre-dia-28\/attachment\/caminito000\" rel=\"attachment wp-att-13471\"><img loading=\"lazy\" decoding=\"async\" aria-describedby=\"caption-attachment-13471\" class=\"size-full wp-image-13471\" src=\"https:\/\/www.mochileiros.com\/blog\/wp-content\/uploads\/2015\/03\/caminito000.jpg\" alt=\"El Chorro - M\u00e1laga | Foto: Salvador Fornell.\" width=\"800\" height=\"528\" srcset=\"https:\/\/www.mochileiros.com\/blog\/wp-content\/uploads\/2015\/03\/caminito000.jpg 800w, https:\/\/www.mochileiros.com\/blog\/wp-content\/uploads\/2015\/03\/caminito000-300x198.jpg 300w, https:\/\/www.mochileiros.com\/blog\/wp-content\/uploads\/2015\/03\/caminito000-768x507.jpg 768w, https:\/\/www.mochileiros.com\/blog\/wp-content\/uploads\/2015\/03\/caminito000-313x207.jpg 313w, https:\/\/www.mochileiros.com\/blog\/wp-content\/uploads\/2015\/03\/caminito000-20x13.jpg 20w\" sizes=\"auto, (max-width: 800px) 100vw, 800px\" \/><\/a><p id=\"caption-attachment-13471\" class=\"wp-caption-text\">El Chorro &#8211; M\u00e1laga | Foto: Salvador Fornell.<\/p><\/div>\n<div id=\"attachment_13472\" style=\"width: 810px\" class=\"wp-caption alignnone\"><a href=\"https:\/\/www.mochileiros.com\/blog\/noticias\/trilha-mais-perigosa-mundo-reabre-dia-28\/attachment\/caminito001\" rel=\"attachment wp-att-13472\"><img loading=\"lazy\" decoding=\"async\" aria-describedby=\"caption-attachment-13472\" class=\"size-full wp-image-13472\" src=\"https:\/\/www.mochileiros.com\/blog\/wp-content\/uploads\/2015\/03\/caminito001.jpg\" alt=\"Trecho antes da restaura\u00e7\u00e3o | Foto: Caminitodelrey.info\" width=\"800\" height=\"500\" srcset=\"https:\/\/www.mochileiros.com\/blog\/wp-content\/uploads\/2015\/03\/caminito001.jpg 800w, https:\/\/www.mochileiros.com\/blog\/wp-content\/uploads\/2015\/03\/caminito001-300x188.jpg 300w, https:\/\/www.mochileiros.com\/blog\/wp-content\/uploads\/2015\/03\/caminito001-768x480.jpg 768w, https:\/\/www.mochileiros.com\/blog\/wp-content\/uploads\/2015\/03\/caminito001-313x196.jpg 313w, https:\/\/www.mochileiros.com\/blog\/wp-content\/uploads\/2015\/03\/caminito001-20x13.jpg 20w\" sizes=\"auto, (max-width: 800px) 100vw, 800px\" \/><\/a><p id=\"caption-attachment-13472\" class=\"wp-caption-text\">Trecho antes da restaura\u00e7\u00e3o | Foto: Caminitodelrey.info<\/p><\/div>\n<div id=\"attachment_13473\" style=\"width: 810px\" class=\"wp-caption alignnone\"><a href=\"https:\/\/www.mochileiros.com\/blog\/noticias\/trilha-mais-perigosa-mundo-reabre-dia-28\/attachment\/caminito07\" rel=\"attachment wp-att-13473\"><img loading=\"lazy\" decoding=\"async\" aria-describedby=\"caption-attachment-13473\" class=\"size-full wp-image-13473\" src=\"https:\/\/www.mochileiros.com\/blog\/wp-content\/uploads\/2015\/03\/caminito07.jpg\" alt=\"Foto: Caminitodelrey.info\" width=\"800\" height=\"450\" srcset=\"https:\/\/www.mochileiros.com\/blog\/wp-content\/uploads\/2015\/03\/caminito07.jpg 800w, https:\/\/www.mochileiros.com\/blog\/wp-content\/uploads\/2015\/03\/caminito07-300x169.jpg 300w, https:\/\/www.mochileiros.com\/blog\/wp-content\/uploads\/2015\/03\/caminito07-768x432.jpg 768w, https:\/\/www.mochileiros.com\/blog\/wp-content\/uploads\/2015\/03\/caminito07-313x176.jpg 313w, https:\/\/www.mochileiros.com\/blog\/wp-content\/uploads\/2015\/03\/caminito07-20x11.jpg 20w\" sizes=\"auto, (max-width: 800px) 100vw, 800px\" \/><\/a><p id=\"caption-attachment-13473\" class=\"wp-caption-text\">Foto: Caminitodelrey.info<\/p><\/div>\n<div id=\"attachment_13474\" style=\"width: 810px\" class=\"wp-caption alignnone\"><a href=\"https:\/\/www.mochileiros.com\/blog\/noticias\/trilha-mais-perigosa-mundo-reabre-dia-28\/attachment\/caminito002\" rel=\"attachment wp-att-13474\"><img loading=\"lazy\" decoding=\"async\" aria-describedby=\"caption-attachment-13474\" class=\"size-full wp-image-13474\" src=\"https:\/\/www.mochileiros.com\/blog\/wp-content\/uploads\/2015\/03\/caminito002.jpg\" alt=\"Trecho antes da restaura\u00e7\u00e3o | Foto: Caminitodelrey.info\" width=\"800\" height=\"500\" srcset=\"https:\/\/www.mochileiros.com\/blog\/wp-content\/uploads\/2015\/03\/caminito002.jpg 800w, https:\/\/www.mochileiros.com\/blog\/wp-content\/uploads\/2015\/03\/caminito002-300x188.jpg 300w, https:\/\/www.mochileiros.com\/blog\/wp-content\/uploads\/2015\/03\/caminito002-768x480.jpg 768w, https:\/\/www.mochileiros.com\/blog\/wp-content\/uploads\/2015\/03\/caminito002-313x196.jpg 313w, https:\/\/www.mochileiros.com\/blog\/wp-content\/uploads\/2015\/03\/caminito002-20x13.jpg 20w\" sizes=\"auto, (max-width: 800px) 100vw, 800px\" \/><\/a><p id=\"caption-attachment-13474\" class=\"wp-caption-text\">Trecho antes da restaura\u00e7\u00e3o | Foto: Caminitodelrey.info<\/p><\/div>\n<div id=\"attachment_13475\" style=\"width: 810px\" class=\"wp-caption alignnone\"><a href=\"https:\/\/www.mochileiros.com\/blog\/noticias\/trilha-mais-perigosa-mundo-reabre-dia-28\/attachment\/caminito003\" rel=\"attachment wp-att-13475\"><img loading=\"lazy\" decoding=\"async\" aria-describedby=\"caption-attachment-13475\" class=\"size-full wp-image-13475\" src=\"https:\/\/www.mochileiros.com\/blog\/wp-content\/uploads\/2015\/03\/caminito003.jpg\" alt=\"Resto do caminho, antes da restaura\u00e7\u00e3o | Foto: Jose.\" width=\"800\" height=\"500\" srcset=\"https:\/\/www.mochileiros.com\/blog\/wp-content\/uploads\/2015\/03\/caminito003.jpg 800w, https:\/\/www.mochileiros.com\/blog\/wp-content\/uploads\/2015\/03\/caminito003-300x188.jpg 300w, https:\/\/www.mochileiros.com\/blog\/wp-content\/uploads\/2015\/03\/caminito003-768x480.jpg 768w, https:\/\/www.mochileiros.com\/blog\/wp-content\/uploads\/2015\/03\/caminito003-313x196.jpg 313w, https:\/\/www.mochileiros.com\/blog\/wp-content\/uploads\/2015\/03\/caminito003-20x13.jpg 20w\" sizes=\"auto, (max-width: 800px) 100vw, 800px\" \/><\/a><p id=\"caption-attachment-13475\" class=\"wp-caption-text\">Resto do caminho, antes da restaura\u00e7\u00e3o | Foto: Jose.<\/p><\/div>\n<div id=\"attachment_13476\" style=\"width: 810px\" class=\"wp-caption alignnone\"><a href=\"https:\/\/www.mochileiros.com\/blog\/noticias\/trilha-mais-perigosa-mundo-reabre-dia-28\/attachment\/caminito004\" rel=\"attachment wp-att-13476\"><img loading=\"lazy\" decoding=\"async\" aria-describedby=\"caption-attachment-13476\" class=\"size-full wp-image-13476\" src=\"https:\/\/www.mochileiros.com\/blog\/wp-content\/uploads\/2015\/03\/caminito004.jpg\" alt=\"Antes da restaura\u00e7\u00e3o | Foto: Gabi.\" width=\"800\" height=\"1067\" srcset=\"https:\/\/www.mochileiros.com\/blog\/wp-content\/uploads\/2015\/03\/caminito004.jpg 800w, https:\/\/www.mochileiros.com\/blog\/wp-content\/uploads\/2015\/03\/caminito004-225x300.jpg 225w, https:\/\/www.mochileiros.com\/blog\/wp-content\/uploads\/2015\/03\/caminito004-768x1024.jpg 768w, https:\/\/www.mochileiros.com\/blog\/wp-content\/uploads\/2015\/03\/caminito004-313x417.jpg 313w, https:\/\/www.mochileiros.com\/blog\/wp-content\/uploads\/2015\/03\/caminito004-15x20.jpg 15w\" sizes=\"auto, (max-width: 800px) 100vw, 800px\" \/><\/a><p id=\"caption-attachment-13476\" class=\"wp-caption-text\">Antes da restaura\u00e7\u00e3o | Foto: Gabi.<\/p><\/div>\n<div id=\"attachment_13477\" style=\"width: 810px\" class=\"wp-caption alignnone\"><a href=\"https:\/\/www.mochileiros.com\/blog\/noticias\/trilha-mais-perigosa-mundo-reabre-dia-28\/attachment\/caminito005\" rel=\"attachment wp-att-13477\"><img loading=\"lazy\" decoding=\"async\" aria-describedby=\"caption-attachment-13477\" class=\"size-full wp-image-13477\" src=\"https:\/\/www.mochileiros.com\/blog\/wp-content\/uploads\/2015\/03\/caminito005.jpg\" alt=\"Foto: Gabi.\" width=\"800\" height=\"600\" srcset=\"https:\/\/www.mochileiros.com\/blog\/wp-content\/uploads\/2015\/03\/caminito005.jpg 800w, https:\/\/www.mochileiros.com\/blog\/wp-content\/uploads\/2015\/03\/caminito005-300x225.jpg 300w, https:\/\/www.mochileiros.com\/blog\/wp-content\/uploads\/2015\/03\/caminito005-768x576.jpg 768w, https:\/\/www.mochileiros.com\/blog\/wp-content\/uploads\/2015\/03\/caminito005-313x235.jpg 313w, https:\/\/www.mochileiros.com\/blog\/wp-content\/uploads\/2015\/03\/caminito005-20x15.jpg 20w\" sizes=\"auto, (max-width: 800px) 100vw, 800px\" \/><\/a><p id=\"caption-attachment-13477\" class=\"wp-caption-text\">Foto: Gabi.<\/p><\/div>\n<div id=\"attachment_13478\" style=\"width: 810px\" class=\"wp-caption alignnone\"><a href=\"https:\/\/www.mochileiros.com\/blog\/noticias\/trilha-mais-perigosa-mundo-reabre-dia-28\/attachment\/caminito006\" rel=\"attachment wp-att-13478\"><img loading=\"lazy\" decoding=\"async\" aria-describedby=\"caption-attachment-13478\" class=\"size-full wp-image-13478\" src=\"https:\/\/www.mochileiros.com\/blog\/wp-content\/uploads\/2015\/03\/caminito006.jpg\" alt=\"Placa lembra os que morreram no local | Foto: Gabi.\" width=\"800\" height=\"600\" srcset=\"https:\/\/www.mochileiros.com\/blog\/wp-content\/uploads\/2015\/03\/caminito006.jpg 800w, https:\/\/www.mochileiros.com\/blog\/wp-content\/uploads\/2015\/03\/caminito006-300x225.jpg 300w, https:\/\/www.mochileiros.com\/blog\/wp-content\/uploads\/2015\/03\/caminito006-768x576.jpg 768w, https:\/\/www.mochileiros.com\/blog\/wp-content\/uploads\/2015\/03\/caminito006-313x235.jpg 313w, https:\/\/www.mochileiros.com\/blog\/wp-content\/uploads\/2015\/03\/caminito006-20x15.jpg 20w\" sizes=\"auto, (max-width: 800px) 100vw, 800px\" \/><\/a><p id=\"caption-attachment-13478\" class=\"wp-caption-text\">Placa lembra os que morreram no local | Foto: Gabi.<\/p><\/div>\n<p>Mais informa\u00e7\u00f5es sobre o Caminito del Rey podem ser obtidas no <strong><span style=\"text-decoration: underline;\"><a href=\"http:\/\/www.caminitodelrey.info\/es\/#1\" target=\"_blank\" rel=\"noopener\">http:\/\/www.caminitodelrey.info\/es\/#1<\/a><\/span><\/strong><\/p>\n","protected":false},"excerpt":{"rendered":"<p>O &#8216;Caminhozinho do Rei&#8217; (em portugu\u00eas) fica no sul da Espanha, com seus 3Km de extens\u00e3o encravados nas paredes de c\u00e2nions, num desfiladeiro (de los Gaitanes) a 100m de altura. Ap\u00f3s uma reforma para manuten\u00e7\u00e3o que visa garantir maior seguran\u00e7a a quem far\u00e1 o trajeto, o caminho ser\u00e1 reaberto no pr\u00f3ximo dia 28. De acordo [&hellip;]<\/p>\n","protected":false},"author":2,"featured_media":13466,"comment_status":"open","ping_status":"closed","sticky":false,"template":"","format":"standard","meta":{"googlesitekit_rrm_CAoiELM5mIOjYRN0nfylq3_9r-8:productID":"","_crdt_document":"","_daim_seo_power":"","_daim_enable_ail":"","footnotes":""},"categories":[14],"tags":[1002],"class_list":["post-13463","post","type-post","status-publish","format-standard","has-post-thumbnail","hentry","category-noticias","tag-espanha"],"_links":{"self":[{"href":"https:\/\/www.mochileiros.com\/blog\/wp-json\/wp\/v2\/posts\/13463","targetHints":{"allow":["GET"]}}],"collection":[{"href":"https:\/\/www.mochileiros.com\/blog\/wp-json\/wp\/v2\/posts"}],"about":[{"href":"https:\/\/www.mochileiros.com\/blog\/wp-json\/wp\/v2\/types\/post"}],"author":[{"embeddable":true,"href":"https:\/\/www.mochileiros.com\/blog\/wp-json\/wp\/v2\/users\/2"}],"replies":[{"embeddable":true,"href":"https:\/\/www.mochileiros.com\/blog\/wp-json\/wp\/v2\/comments?post=13463"}],"version-history":[{"count":0,"href":"https:\/\/www.mochileiros.com\/blog\/wp-json\/wp\/v2\/posts\/13463\/revisions"}],"wp:featuredmedia":[{"embeddable":true,"href":"https:\/\/www.mochileiros.com\/blog\/wp-json\/wp\/v2\/media\/13466"}],"wp:attachment":[{"href":"https:\/\/www.mochileiros.com\/blog\/wp-json\/wp\/v2\/media?parent=13463"}],"wp:term":[{"taxonomy":"category","embeddable":true,"href":"https:\/\/www.mochileiros.com\/blog\/wp-json\/wp\/v2\/categories?post=13463"},{"taxonomy":"post_tag","embeddable":true,"href":"https:\/\/www.mochileiros.com\/blog\/wp-json\/wp\/v2\/tags?post=13463"}],"curies":[{"name":"wp","href":"https:\/\/api.w.org\/{rel}","templated":true}]}}