{"id":13505,"date":"2023-11-29T17:41:36","date_gmt":"2023-11-29T20:41:36","guid":{"rendered":"https:\/\/www.mochileiros.com\/blog\/?p=13505"},"modified":"2023-11-29T17:41:38","modified_gmt":"2023-11-29T20:41:38","slug":"o-que-fazer-na-bolivia","status":"publish","type":"post","link":"https:\/\/www.mochileiros.com\/blog\/o-que-fazer-na-bolivia","title":{"rendered":"O que fazer na Bol\u00edvia: 15 destinos espetaculares e baratos"},"content":{"rendered":"\n<p class=\"wp-block-paragraph\">A Bol\u00edvia&nbsp;possui uma imensid\u00e3o de atrativos, passando pelas mais belas montanhas da<strong> Cordilheira dos Andes<\/strong>, pelo maior e mais alto deserto de sal do mundo, o <strong>Salar de Uyuni<\/strong>, pela <strong>Amaz\u00f4nia Boliviana<\/strong>, at\u00e9 as paisagens surreais&nbsp; da regi\u00e3o de <strong>Sud L\u00edpez<\/strong>, com suas lagunas coloridas na fronteira com o Deserto de Atacama (Chile).<\/p>\n\n\n\n<p class=\"wp-block-paragraph\">Al\u00e9m de oferecer tamanha diversidade de atra\u00e7\u00f5es, a <strong>Bol\u00edvia<\/strong> ainda \u00e9 <strong>um dos destinos mais baratos da Am\u00e9rica do Sul<\/strong>. N\u00f3s j\u00e1 fomos 2 vezes pra l\u00e1 e provavelmente iremos mais algumas vezes pois ainda h\u00e1 muito o que explorar.<\/p>\n\n\n\n<p class=\"wp-block-paragraph\">Sem mais delongas, confira abaixo a nossa lista de <strong>o<em> que&nbsp;fazer na Bol\u00edvia<\/em><\/strong>.<\/p>\n\n\n\n<div id=\"ez-toc-container\" class=\"ez-toc-v2_0_82_2 counter-hierarchy ez-toc-counter ez-toc-grey ez-toc-container-direction\">\n<div class=\"ez-toc-title-container\">\n<p class=\"ez-toc-title\" style=\"cursor:inherit\">\u00cdndice<\/p>\n<span class=\"ez-toc-title-toggle\"><a href=\"#\" class=\"ez-toc-pull-right ez-toc-btn ez-toc-btn-xs ez-toc-btn-default ez-toc-toggle\" aria-label=\"Alternar tabela de conte\u00fado\"><span class=\"ez-toc-js-icon-con\"><span class=\"\"><span class=\"eztoc-hide\" style=\"display:none;\">Toggle<\/span><span class=\"ez-toc-icon-toggle-span\"><svg style=\"fill: #999;color:#999\" xmlns=\"http:\/\/www.w3.org\/2000\/svg\" class=\"list-377408\" width=\"20px\" height=\"20px\" viewBox=\"0 0 24 24\" fill=\"none\"><path d=\"M6 6H4v2h2V6zm14 0H8v2h12V6zM4 11h2v2H4v-2zm16 0H8v2h12v-2zM4 16h2v2H4v-2zm16 0H8v2h12v-2z\" fill=\"currentColor\"><\/path><\/svg><svg style=\"fill: #999;color:#999\" class=\"arrow-unsorted-368013\" xmlns=\"http:\/\/www.w3.org\/2000\/svg\" width=\"10px\" height=\"10px\" viewBox=\"0 0 24 24\" version=\"1.2\" baseProfile=\"tiny\"><path d=\"M18.2 9.3l-6.2-6.3-6.2 6.3c-.2.2-.3.4-.3.7s.1.5.3.7c.2.2.4.3.7.3h11c.3 0 .5-.1.7-.3.2-.2.3-.5.3-.7s-.1-.5-.3-.7zM5.8 14.7l6.2 6.3 6.2-6.3c.2-.2.3-.5.3-.7s-.1-.5-.3-.7c-.2-.2-.4-.3-.7-.3h-11c-.3 0-.5.1-.7.3-.2.2-.3.5-.3.7s.1.5.3.7z\"\/><\/svg><\/span><\/span><\/span><\/a><\/span><\/div>\n<nav><ul class='ez-toc-list ez-toc-list-level-1 ' ><li class='ez-toc-page-1 ez-toc-heading-level-2'><a class=\"ez-toc-link ez-toc-heading-1\" href=\"https:\/\/www.mochileiros.com\/blog\/o-que-fazer-na-bolivia\/#O_que_fazer_na_Bolivia\" >O que fazer na Bol\u00edvia<\/a><ul class='ez-toc-list-level-3' ><li class='ez-toc-heading-level-3'><a class=\"ez-toc-link ez-toc-heading-2\" href=\"https:\/\/www.mochileiros.com\/blog\/o-que-fazer-na-bolivia\/#Fazer_um_trekking_pelo_altiplano_boliviano\" >Fazer um trekking pelo altiplano boliviano<\/a><\/li><li class='ez-toc-page-1 ez-toc-heading-level-3'><a class=\"ez-toc-link ez-toc-heading-3\" href=\"https:\/\/www.mochileiros.com\/blog\/o-que-fazer-na-bolivia\/#Apreciar_paisagens_vulcanicas_e_se_banhar_na_aguas_termais_no_Sajama_National_Park\" >Apreciar paisagens vulc\u00e2nicas e se banhar na \u00e1guas termais no Sajama National Park<\/a><\/li><li class='ez-toc-page-1 ez-toc-heading-level-3'><a class=\"ez-toc-link ez-toc-heading-4\" href=\"https:\/\/www.mochileiros.com\/blog\/o-que-fazer-na-bolivia\/#Visitar_o_Forte_de_Samaipata\" >Visitar o Forte de Samaipata<\/a><\/li><li class='ez-toc-page-1 ez-toc-heading-level-3'><a class=\"ez-toc-link ez-toc-heading-5\" href=\"https:\/\/www.mochileiros.com\/blog\/o-que-fazer-na-bolivia\/#Visitar_Tiwanaku\" >Visitar Tiwanaku<\/a><\/li><li class='ez-toc-page-1 ez-toc-heading-level-3'><a class=\"ez-toc-link ez-toc-heading-6\" href=\"https:\/\/www.mochileiros.com\/blog\/o-que-fazer-na-bolivia\/#Copacabana_o_Lago_Titicaca_e_as_Ilhas_do_Sol_e_da_Lua\" >Copacabana, o Lago Titicaca e as Ilhas do Sol e da Lua<\/a><\/li><li class='ez-toc-page-1 ez-toc-heading-level-3'><a class=\"ez-toc-link ez-toc-heading-7\" href=\"https:\/\/www.mochileiros.com\/blog\/o-que-fazer-na-bolivia\/#Passar_uns_dias_em_La_Paz\" >Passar uns dias em La Paz<\/a><\/li><li class='ez-toc-page-1 ez-toc-heading-level-3'><a class=\"ez-toc-link ez-toc-heading-8\" href=\"https:\/\/www.mochileiros.com\/blog\/o-que-fazer-na-bolivia\/#Fazer_um_Downhill_na_Estrada_Morte_em_Coroico\" >Fazer um Downhill na Estrada Morte em Coroico<\/a><\/li><li class='ez-toc-page-1 ez-toc-heading-level-3'><a class=\"ez-toc-link ez-toc-heading-9\" href=\"https:\/\/www.mochileiros.com\/blog\/o-que-fazer-na-bolivia\/#Parque_Nacional_de_Torotoro\" >Parque Nacional de Torotoro<\/a><\/li><li class='ez-toc-page-1 ez-toc-heading-level-3'><a class=\"ez-toc-link ez-toc-heading-10\" href=\"https:\/\/www.mochileiros.com\/blog\/o-que-fazer-na-bolivia\/#Sorata_e_Laguna_Glaciar\" >Sorata e Laguna Glaciar<\/a><\/li><li class='ez-toc-page-1 ez-toc-heading-level-3'><a class=\"ez-toc-link ez-toc-heading-11\" href=\"https:\/\/www.mochileiros.com\/blog\/o-que-fazer-na-bolivia\/#Tour_pelos_Vulcoes_e_Lagunas_da_provincia_de_Sud_Lipez\" >Tour pelos Vulc\u00f5es e Lagunas da prov\u00edncia de Sud L\u00edpez<\/a><\/li><li class='ez-toc-page-1 ez-toc-heading-level-3'><a class=\"ez-toc-link ez-toc-heading-12\" href=\"https:\/\/www.mochileiros.com\/blog\/o-que-fazer-na-bolivia\/#Salar_de_Uyuni\" >Salar de Uyuni<\/a><\/li><\/ul><\/li><li class='ez-toc-page-1 ez-toc-heading-level-2'><a class=\"ez-toc-link ez-toc-heading-13\" href=\"https:\/\/www.mochileiros.com\/blog\/o-que-fazer-na-bolivia\/#O_que_fazer_na_Bolivia_fora_dos_roteiros_convencionais\" >O que fazer na Bol\u00edvia fora dos roteiros convencionais<\/a><ul class='ez-toc-list-level-3' ><li class='ez-toc-heading-level-3'><a class=\"ez-toc-link ez-toc-heading-14\" href=\"https:\/\/www.mochileiros.com\/blog\/o-que-fazer-na-bolivia\/#Serranias_Chiquitanas\" >Serranias Chiquitanas<\/a><\/li><li class='ez-toc-page-1 ez-toc-heading-level-3'><a class=\"ez-toc-link ez-toc-heading-15\" href=\"https:\/\/www.mochileiros.com\/blog\/o-que-fazer-na-bolivia\/#Parque_Nacional_Amboro\" >Parque Nacional Ambor\u00f3<\/a><\/li><li class='ez-toc-page-1 ez-toc-heading-level-3'><a class=\"ez-toc-link ez-toc-heading-16\" href=\"https:\/\/www.mochileiros.com\/blog\/o-que-fazer-na-bolivia\/#Parque_Nacional_de_Noel_Kempff_Mercado\" >Parque Nacional de Noel Kempff Mercado<\/a><\/li><li class='ez-toc-page-1 ez-toc-heading-level-3'><a class=\"ez-toc-link ez-toc-heading-17\" href=\"https:\/\/www.mochileiros.com\/blog\/o-que-fazer-na-bolivia\/#Rurrenabaque_e_o_Parque_Nacional_Madidi\" >Rurrenabaque e o Parque Nacional Madidi<\/a><\/li><\/ul><\/li><li class='ez-toc-page-1 ez-toc-heading-level-2'><a class=\"ez-toc-link ez-toc-heading-18\" href=\"https:\/\/www.mochileiros.com\/blog\/o-que-fazer-na-bolivia\/#Documentos_e_novos_requisitos_para_entrar_na_Bolivia\" >Documentos e novos requisitos para entrar na Bol\u00edvia<\/a><\/li><\/ul><\/nav><\/div>\n<h2 class=\"wp-block-heading\" id=\"o-que-fazer-na-bolivia\"><span class=\"ez-toc-section\" id=\"O_que_fazer_na_Bolivia\"><\/span>O que fazer na Bol\u00edvia<span class=\"ez-toc-section-end\"><\/span><\/h2>\n\n\n\n<h3 class=\"wp-block-heading\" id=\"fazer-um-trekking-pelo-altiplano-boliviano\"><span class=\"ez-toc-section\" id=\"Fazer_um_trekking_pelo_altiplano_boliviano\"><\/span>Fazer um trekking pelo altiplano boliviano<span class=\"ez-toc-section-end\"><\/span><\/h3>\n\n\n\n<p class=\"wp-block-paragraph\">A <strong>Bol\u00edvia<\/strong> abriga uma das mais belas faixas da <strong>Cordilheira dos Andes<\/strong> e para quem pretende explor\u00e1-las h\u00e1 v\u00e1rios circuitos de trekking e trilhas com dura\u00e7\u00e3o que variam entre 1 a 13 dias. <\/p>\n\n\n\n<p class=\"wp-block-paragraph\">Entre os melhores trekkings da Bol\u00edvia est\u00e3o: <span style=\"text-decoration: underline;\"><a href=\"https:\/\/pt.wikiloc.com\/trilhas-trekking\/travessia-elchoro-bolivia-29739262\" target=\"_blank\" rel=\"noreferrer noopener\">El Choro Trek<\/a><\/span> (51km) ,&nbsp;<span style=\"text-decoration: underline;\"><a href=\"https:\/\/pt.wikiloc.com\/trilhas-trekking\/trekking-condoriri-3-dias-10798955\" target=\"_blank\" rel=\"noreferrer noopener\">Trekking Condoriri<\/a><\/span> (47km), <span style=\"text-decoration: underline;\"><a href=\"https:\/\/pt.wikiloc.com\/trilhas-trekking\/trekk-circuito-illampu-sorata-cordillera-real-bolivia-46496542\" target=\"_blank\" rel=\"noreferrer noopener\">Circuito Illampu<\/a><\/span> (85km) e a <span style=\"text-decoration: underline;\"><a href=\"https:\/\/www.wikiloc.com\/hiking-trails\/cordillera-real-travessa-integral-waypoints-1638745\" target=\"_blank\" rel=\"noopener\">Trans-cordillera Real<\/a><\/span> (150km).<\/p>\n\n\n\n<p class=\"wp-block-paragraph\">Entre as Trilhas mais curtas os destaques v\u00e3o para: <a href=\"https:\/\/pt.wikiloc.com\/trilhas-montanhismo\/bolivia-huayna-potosi-6088-m-normal-route-13371615\" target=\"_blank\" rel=\"noopener\"><span style=\"text-decoration: underline;\">Huayna Potosi<\/span><\/a> (11km), <a href=\"https:\/\/www.wikiloc.com\/hiking-trails\/laguna-arkhata-33444687\" target=\"_blank\" rel=\"noopener\"><span style=\"text-decoration: underline;\">Laguna Arkhata<\/span><\/a> (8km), <\/p>\n\n\n\n<p class=\"wp-block-paragraph\">A melhor \u00e9poca para fazer <strong>trekking na Bol\u00edvia<\/strong> \u00e9 o per\u00edodo da seca, que dura entre maio e setembro.<\/p>\n\n\n\n<p class=\"wp-block-paragraph\">\u00c9 bom lembrar que algumas trilhas e circuitos est\u00e3o em regi\u00f5es com altitude acima dos 4.000 metros e portanto, \u00e9 recomend\u00e1vel estar em bom condicionamento f\u00edsico e cumprir um <a href=\"https:\/\/pt.wikipedia.org\/wiki\/Aclimata%C3%A7%C3%A3o\" target=\"_blank\" rel=\"noopener\"><span style=\"text-decoration: underline;\">per\u00edodo de aclimata\u00e7\u00e3o<\/span><\/a> antes de percorr\u00ea-los . <\/p>\n\n\n\n<p class=\"wp-block-paragraph\">&nbsp;Em nosso&nbsp;f\u00f3rum <span style=\"text-decoration: underline;\"><a href=\"https:\/\/www.mochileiros.com\/forum\/465-trilhas-e-trekkings-na-bol%C3%ADvia\/\" target=\"_blank\" rel=\"noopener noreferrer\">Trilhas e Trekking na Bol\u00edvia<\/a>&nbsp;<\/span> voc\u00ea encontra mais relatos e informa\u00e7\u00f5es sobre os circuitos de Trekking da Bol\u00edvia<\/p>\n\n\n\n<figure class=\"wp-block-image alignnone\"><a href=\"https:\/\/www.mochileiros.com\/blog\/wp-content\/uploads\/2015\/03\/9488182241_d816b6c58f_b.jpg\"><img loading=\"lazy\" decoding=\"async\" width=\"1024\" height=\"678\" src=\"https:\/\/www.mochileiros.com\/blog\/wp-content\/uploads\/2015\/03\/9488182241_d816b6c58f_b-1024x678.jpg\" alt=\"O que fazer na Bol\u00edvia: Laguna Juri Khota, um dos pontos altos da Travessia Lotia-Huayna Potosi - Foto: F\u00e1bio Fliess\" class=\"wp-image-13506\" srcset=\"https:\/\/www.mochileiros.com\/blog\/wp-content\/uploads\/2015\/03\/9488182241_d816b6c58f_b.jpg 1024w, https:\/\/www.mochileiros.com\/blog\/wp-content\/uploads\/2015\/03\/9488182241_d816b6c58f_b-300x199.jpg 300w, https:\/\/www.mochileiros.com\/blog\/wp-content\/uploads\/2015\/03\/9488182241_d816b6c58f_b-768x509.jpg 768w, https:\/\/www.mochileiros.com\/blog\/wp-content\/uploads\/2015\/03\/9488182241_d816b6c58f_b-313x207.jpg 313w, https:\/\/www.mochileiros.com\/blog\/wp-content\/uploads\/2015\/03\/9488182241_d816b6c58f_b-20x13.jpg 20w\" sizes=\"auto, (max-width: 1024px) 100vw, 1024px\" \/><\/a><figcaption class=\"wp-element-caption\">Laguna Juri Khota, um dos pontos altos da Travessia Kotia x Huayna Potosi &#8211; Foto: F\u00e1bio Fliess<\/figcaption><\/figure>\n\n\n\n<h3 class=\"wp-block-heading\" id=\"apreciar-paisagens-vulcanicas-e-se-banhar-na-aguas-termais-no-sajama-national-park\"><span class=\"ez-toc-section\" id=\"Apreciar_paisagens_vulcanicas_e_se_banhar_na_aguas_termais_no_Sajama_National_Park\"><\/span>Apreciar paisagens vulc\u00e2nicas e se banhar na \u00e1guas termais no Sajama National Park<span class=\"ez-toc-section-end\"><\/span><\/h3>\n\n\n\n<p class=\"wp-block-paragraph\">A 300 km da cidade de Oruro, na fronteira com o Parque Nacional Lauca no Chile, est\u00e1 o <strong>Sajama National Park<\/strong> com suas espetaculares paisagens vulc\u00e2nicas como a do Nevado do vulc\u00e3o Sajama, a montanha mais alta da <strong>Bol\u00edvia<\/strong>, com 6542 metros e os Nevados de&nbsp;<em>Payachatas, <\/em> um complexo com 2 vulc\u00f5es ativos muito pr\u00f3ximos a fronteira com o Chile.&nbsp; &nbsp;A cereja do bolo fica por conta das piscinas naturais de \u00e1guas termais.<\/p>\n\n\n\n<p class=\"wp-block-paragraph\">Voc\u00ea pode chegar ao Sajama National Park partindo de <strong>La Paz<\/strong> ou <strong>Oruro<\/strong>, ou de qualquer outro lugar de onde partam \u00f4nibus para a cidade de <em><strong><a href=\"https:\/\/goo.gl\/maps\/oa6u7c6mb91t6dm9A\" target=\"_blank\" rel=\"noopener noreferrer\">Patacamaya<\/a><\/strong><\/em>.<\/p>\n\n\n\n<p class=\"wp-block-paragraph\">A partir da cidade de Patacamaya h\u00e1 apenas um \u00f4nibus por dia que sai das 12h \u00e0s 13h30.&nbsp;&nbsp;A viagem dura tr\u00eas horas e custa cerca de 25 bolivianos por pessoa. N\u00e3o h\u00e1 paradas ou pausas durante a viagem.<\/p>\n\n\n\n<figure class=\"wp-block-image alignnone size-large wp-image-45468\"><img loading=\"lazy\" decoding=\"async\" width=\"1024\" height=\"634\" src=\"https:\/\/www.mochileiros.com\/blog\/wp-content\/uploads\/2018\/10\/3619641111_4c3fbdec3e_b-1024x634.jpg\" alt=\"\" class=\"wp-image-45468\" srcset=\"https:\/\/www.mochileiros.com\/blog\/wp-content\/uploads\/2018\/10\/3619641111_4c3fbdec3e_b.jpg 1024w, https:\/\/www.mochileiros.com\/blog\/wp-content\/uploads\/2018\/10\/3619641111_4c3fbdec3e_b-300x186.jpg 300w, https:\/\/www.mochileiros.com\/blog\/wp-content\/uploads\/2018\/10\/3619641111_4c3fbdec3e_b-768x476.jpg 768w\" sizes=\"auto, (max-width: 1024px) 100vw, 1024px\" \/><figcaption class=\"wp-element-caption\">\u00c1guas termais no Sajama National Park &#8211;&nbsp; Foto: twiga269 \/ Flickr<\/figcaption><\/figure>\n\n\n\n<h3 class=\"wp-block-heading\" id=\"visitar-o-forte-de-samaipata\"><span class=\"ez-toc-section\" id=\"Visitar_o_Forte_de_Samaipata\"><\/span>Visitar o Forte de Samaipata<span class=\"ez-toc-section-end\"><\/span><\/h3>\n\n\n\n<p class=\"wp-block-paragraph\">O <strong>Forte de Samaipata<\/strong> \u00e9 considerado o maior petr\u00f3glifo do mundo. A pedra que mede&nbsp;250m de comprimento e 60m de largura&nbsp;&nbsp;fica no topo de uma colina a 1.950m de altitude em uma \u00e1rea&nbsp;pr\u00f3xima ao <strong>Parque Nacional Ambor\u00f3<\/strong> na Bol\u00edvia.<\/p>\n\n\n\n<p class=\"wp-block-paragraph\">\u00c9 chamado de \u201cForte\u201d devido sua localiza\u00e7\u00e3o estrat\u00e9gica, mas serviu como um centro cerimonial e ponto de observa\u00e7\u00e3o astron\u00f4mica para a <span style=\"text-decoration: underline;\"><a href=\"http:\/\/es.wikipedia.org\/wiki\/Chan%C3%A9\" target=\"_blank\" rel=\"noopener noreferrer\">Civiliza\u00e7\u00e3o Chan\u00e9<\/a><\/span>, povo que possivelmente teria esculpido o macico rochoso. Na pedra h\u00e1 figuras que representam animais e outros desenhos geom\u00e9tricos.<\/p>\n\n\n\n<p class=\"wp-block-paragraph\">O local que desde 1998 \u00e9 Patrim\u00f4nio Cultural da Humanidade pela UNESCO&nbsp;ainda n\u00e3o passou por estudos aprofundados, mas sabe-se que al\u00e9m dos Chan\u00e9s, foi ocupado pelo imp\u00e9rio Inca pouco antes da invas\u00e3o espanhola. O s\u00edtio arqueol\u00f3gico fica a 9km da cidade de Samaipata, que est\u00e1 a 120km de Santa Cruz de La Sierra.<\/p>\n\n\n\n<figure class=\"wp-block-image alignnone\"><a href=\"https:\/\/www.mochileiros.com\/blog\/wp-content\/uploads\/2015\/03\/Panorama_sin_t\u00edtulo1.jpg\"><img loading=\"lazy\" decoding=\"async\" width=\"1024\" height=\"399\" src=\"https:\/\/www.mochileiros.com\/blog\/wp-content\/uploads\/2015\/03\/Panorama_sin_t\u00edtulo1-1024x399.jpg\" alt=\"O que fazer na Bol\u00edvia: Turistas visitando o Forte de Samaipata - Foto do fot\u00f3grafo Eduardo Tain Daza\" class=\"wp-image-13507\" srcset=\"https:\/\/www.mochileiros.com\/blog\/wp-content\/uploads\/2015\/03\/Panorama_sin_t\u00edtulo1-1024x399.jpg 1024w, https:\/\/www.mochileiros.com\/blog\/wp-content\/uploads\/2015\/03\/Panorama_sin_t\u00edtulo1-300x117.jpg 300w, https:\/\/www.mochileiros.com\/blog\/wp-content\/uploads\/2015\/03\/Panorama_sin_t\u00edtulo1-768x299.jpg 768w, https:\/\/www.mochileiros.com\/blog\/wp-content\/uploads\/2015\/03\/Panorama_sin_t\u00edtulo1-313x122.jpg 313w, https:\/\/www.mochileiros.com\/blog\/wp-content\/uploads\/2015\/03\/Panorama_sin_t\u00edtulo1-20x8.jpg 20w, https:\/\/www.mochileiros.com\/blog\/wp-content\/uploads\/2015\/03\/Panorama_sin_t\u00edtulo1.jpg 1280w\" sizes=\"auto, (max-width: 1024px) 100vw, 1024px\" \/><\/a><figcaption class=\"wp-element-caption\">Turistas visitando o Forte de Samaipata &#8211; Foto do fot\u00f3grafo Eduardo Tain Daza<\/figcaption><\/figure>\n\n\n\n<h3 class=\"wp-block-heading\" id=\"visitar-tiwanaku\"><span class=\"ez-toc-section\" id=\"Visitar_Tiwanaku\"><\/span>Visitar Tiwanaku<span class=\"ez-toc-section-end\"><\/span><\/h3>\n\n\n\n<p class=\"wp-block-paragraph\">A civiliza\u00e7\u00e3o&nbsp;<span style=\"text-decoration: underline;\"><a href=\"http:\/\/es.wikipedia.org\/wiki\/Tiahuanaco\" target=\"_blank\" rel=\"noopener noreferrer\">Tiwanaku<\/a><\/span>&nbsp;foi a mais importante cultura&nbsp;pr\u00e9-incaica do&nbsp;altiplano andino e \u00e9 considerada por alguns historiadores como a \u201c<strong>Cultura M\u00e3e da Bol\u00edvia<\/strong>\u201d. &nbsp;A cidade constru\u00edda \u00e0 margem sudeste do <strong>lago&nbsp;Titicaca<\/strong>, foi o principal centro religioso e urbano desse povo que habitou a regi\u00e3o entre os anos de 1500 a.C e 1.000 d.C.<\/p>\n\n\n\n<p class=\"wp-block-paragraph\">O s\u00edtio arqueol\u00f3gico que possui o t\u00edtulo de Patrim\u00f4nio da Humanidade pela UNESCO, \u00e9 formado por templos, mon\u00f3litos e p\u00f3rticos, e ao longo dos anos sofreu com saques e escava\u00e7\u00f5es amadoras. Alguns de seus monumentos e constru\u00e7\u00f5es est\u00e3o em mau estado de conserva\u00e7\u00e3o ou parcialmente destru\u00eddos, como \u00e9 o caso da Piramide de Akapana, mas a cidade que fica a 76 Km de La Paz, vale a visita e \u00e9 uma das principais atra\u00e7\u00f5es da regi\u00e3o.<\/p>\n\n\n\n<p class=\"wp-block-paragraph\">Confira outras cidades perdidas da Am\u00e9rica do Sul em um especial que fizemos em 2 posts que voc\u00ea pode conferir <span style=\"text-decoration: underline;\"><a href=\"https:\/\/www.mochileiros.com\/blog\/blog\/as-cidades-perdidas-da-america-do-sul\" target=\"_blank\" rel=\"noopener noreferrer\">aqui<\/a><\/span> e <span style=\"text-decoration: underline;\"><a href=\"https:\/\/www.mochileiros.com\/blog\/blog\/as-outras-cidades-perdidas-da-america-do-sul\" target=\"_blank\" rel=\"noopener noreferrer\">aqui<\/a><\/span>.<\/p>\n\n\n\n<figure class=\"wp-block-image alignnone\"><a href=\"https:\/\/www.mochileiros.com\/blog\/wp-content\/uploads\/2015\/03\/IMG_6795.jpg\"><img loading=\"lazy\" decoding=\"async\" width=\"1024\" height=\"768\" src=\"https:\/\/www.mochileiros.com\/blog\/wp-content\/uploads\/2015\/03\/IMG_6795-1024x768.jpg\" alt=\"O que fazer na Bol\u00edvia: Ru\u00ednas de Tiwanaku - Foto: megwandering.blogspot.com.br\/\" class=\"wp-image-13508\" srcset=\"https:\/\/www.mochileiros.com\/blog\/wp-content\/uploads\/2015\/03\/IMG_6795-1024x768.jpg 1024w, https:\/\/www.mochileiros.com\/blog\/wp-content\/uploads\/2015\/03\/IMG_6795-300x225.jpg 300w, https:\/\/www.mochileiros.com\/blog\/wp-content\/uploads\/2015\/03\/IMG_6795-768x576.jpg 768w, https:\/\/www.mochileiros.com\/blog\/wp-content\/uploads\/2015\/03\/IMG_6795-313x235.jpg 313w, https:\/\/www.mochileiros.com\/blog\/wp-content\/uploads\/2015\/03\/IMG_6795-20x15.jpg 20w, https:\/\/www.mochileiros.com\/blog\/wp-content\/uploads\/2015\/03\/IMG_6795.jpg 1280w\" sizes=\"auto, (max-width: 1024px) 100vw, 1024px\" \/><\/a><figcaption class=\"wp-element-caption\">Ru\u00ednas de Tiwanaku &#8211; Foto: megwandering.blogspot.com.br\/<\/figcaption><\/figure>\n\n\n\n<h3 class=\"wp-block-heading\" id=\"copacabana-o-lago-titicaca-e-as-ilhas-do-sol-e-da-lua\"><span class=\"ez-toc-section\" id=\"Copacabana_o_Lago_Titicaca_e_as_Ilhas_do_Sol_e_da_Lua\"><\/span>Copacabana, o Lago Titicaca e as Ilhas do Sol e da Lua<span class=\"ez-toc-section-end\"><\/span><\/h3>\n\n\n\n<p class=\"wp-block-paragraph\">Considerado o lago naveg\u00e1vel mais alto do mundo (3810m), o Lago Titicaca \u00e9 um dos pontos mais bonitos do pa\u00eds e ao seu redor se assentaram as mais importantes culturas pr\u00e9-colombianas.<\/p>\n\n\n\n<p class=\"wp-block-paragraph\">O estreito de Tiquina (que \u00e9 atravessado em lancha) divide o lago em Lago Maior ou Chucuito, ao norte e Lago Menor ou Hui\u00e3nay Marka, ao sul; locais onde est\u00e3o as ilhas do salgado, sagrado, imenso e profundamente azul Titicaca.<\/p>\n\n\n\n<p class=\"wp-block-paragraph\">No Lago Menor est\u00e3o as ilhas Suriqui (h\u00e1 constru\u00e7\u00f5es ind\u00edgenas e embarca\u00e7\u00f5es de papiro) e Kala Uta (h\u00e1 v\u00e1rias casas e torres funer\u00e1rias de pedra \u2013 Chullpares \u2013 atribu\u00eddas \u00e0 cultura Aymar\u00e1).<\/p>\n\n\n\n<p class=\"wp-block-paragraph\">No Lago Maior est\u00e3o as ilhas do Sol e da Lua, a primeira muito visitada pelos mochileiros. O acesso a ambas \u00e9 feito em lanchas que saem de Copacabana.<\/p>\n\n\n\n<figure class=\"wp-block-image alignnone\"><a href=\"https:\/\/www.mochileiros.com\/blog\/wp-content\/uploads\/2015\/03\/Lago-Titicaca.jpg\"><img loading=\"lazy\" decoding=\"async\" width=\"1024\" height=\"576\" src=\"https:\/\/www.mochileiros.com\/blog\/wp-content\/uploads\/2015\/03\/Lago-Titicaca-1024x576.jpg\" alt=\"O que fazer na Bol\u00edvia: Lago Titicaca - Foto: I Love Travel\" class=\"wp-image-13509\"\/><\/a><figcaption class=\"wp-element-caption\">Lago Titicaca &#8211; Foto: I Love Travel<\/figcaption><\/figure>\n\n\n\n<h3 class=\"wp-block-heading\" id=\"passar-uns-dias-em-la-paz\"><span class=\"ez-toc-section\" id=\"Passar_uns_dias_em_La_Paz\"><\/span>Passar uns dias em La Paz<span class=\"ez-toc-section-end\"><\/span><\/h3>\n\n\n\n<p class=\"wp-block-paragraph\">A maioria dos visitantes chega a <strong>La Paz<\/strong> (3600m de altitude) pela plan\u00edcie de El Alto, dela \u00e9 poss\u00edvel avistar o profundo c\u00e2nion que abriga a mais importante cidade boliviana e o <strong>nevado Illimani<\/strong> (6400m).<\/p>\n\n\n\n<p class=\"wp-block-paragraph\">A paisagem \u00e9 fascinante. Parece que chegamos a uma cratera lunar habitada por terr\u00e1queos e arquitetos \u201cdoidos\u201d (tudo \u00e9 meio r\u00fastico e apinhado). &nbsp;Paz? Nem tanto! Agora \u00e9 que d\u00e1 pra sentir o&nbsp;<a href=\"http:\/\/www.mochilabrasil.com.br\/cultura-backpacker\/mal-de-altitude\" target=\"_blank\" rel=\"noopener noreferrer\">soroche<\/a>&nbsp;(mal da altitude) e o tr\u00e2nsito local \u00e9 bastante confuso e como em toda \u201ccidade grande\u201d h\u00e1 pedintes e correria por todos os lados.<\/p>\n\n\n\n<p class=\"wp-block-paragraph\">A cidade tem atra\u00e7\u00f5es para todos os gostos, de artigos esot\u00e9ricos a museus, passando por pista de ski e locais para escalada.<\/p>\n\n\n\n<p class=\"wp-block-paragraph\">Confira tamb\u00e9m os posts:&nbsp;&nbsp;<span style=\"text-decoration: underline;\"><a href=\"http:\/\/www.mochileiros.com\/5-coisas-para-se-fazer-em-la-paz-fotos-e-mapa-t86091.html\" target=\"_blank\" rel=\"noopener noreferrer\">5 coisas pra se fazer em La Paz<\/a><\/span>&nbsp;e <span style=\"text-decoration: underline;\"><a href=\"https:\/\/www.mochileiros.com\/blog\/por-que-conhecer-la-paz\">o que fazer em La Paz<\/a><\/span><\/p>\n\n\n\n<figure class=\"wp-block-image alignnone\"><a href=\"https:\/\/www.mochileiros.com\/blog\/wp-content\/uploads\/2015\/03\/La-Paz.jpg\"><img decoding=\"async\" src=\"https:\/\/www.mochileiros.com\/blog\/wp-content\/uploads\/2015\/03\/La-Paz-1024x674.jpg\" alt=\"O que fazer na Bol\u00edvia: La Paz - Foto: Aizar Raldes\" class=\"wp-image-13510\"\/><\/a><figcaption class=\"wp-element-caption\">La Paz &#8211; Foto: Aizar Raldes<\/figcaption><\/figure>\n\n\n\n<h3 class=\"wp-block-heading\" id=\"fazer-um-downhill-na-estrada-morte-em-coroico\"><span class=\"ez-toc-section\" id=\"Fazer_um_Downhill_na_Estrada_Morte_em_Coroico\"><\/span>Fazer um Downhill na Estrada Morte em Coroico<span class=\"ez-toc-section-end\"><\/span><\/h3>\n\n\n\n<p class=\"wp-block-paragraph\">No Mochileiros.com h\u00e1 um t\u00f3pico especial com mais de 17 p\u00e1ginas e muitas informa\u00e7\u00f5es sobre esse Downhill que voc\u00ea pode acessar <span style=\"text-decoration: underline;\"><a href=\"http:\/\/www.mochileiros.com\/downhill-em-coroico-perguntas-e-respostas-t12865.html\" target=\"_blank\" rel=\"noopener noreferrer\">aqui<\/a><\/span> e tamb\u00e9m h\u00e1 alguns relatos de viajantes que fizeram essa descida pela famosa estrada da Morte boliviana <span style=\"text-decoration: underline;\"><a href=\"http:\/\/www.mochileiros.com\/downhill-pela-estrada-da-morte-t108800.html\" target=\"_blank\" rel=\"noopener noreferrer\">aqui<\/a><\/span> e <span style=\"text-decoration: underline;\"><a href=\"http:\/\/www.mochileiros.com\/downhill-na-death-road-la-paz-imperdivel-t51161.html\" target=\"_blank\" rel=\"noopener noreferrer\">aqui<\/a><\/span>.<\/p>\n\n\n\n<figure class=\"wp-block-image alignnone\"><a href=\"https:\/\/www.mochileiros.com\/blog\/wp-content\/uploads\/2015\/03\/20101025231958.jpg\"><img loading=\"lazy\" decoding=\"async\" width=\"1024\" height=\"768\" src=\"https:\/\/www.mochileiros.com\/blog\/wp-content\/uploads\/2015\/03\/20101025231958-1024x768.jpg\" alt=\"O que fazer na Bol\u00edvia: Downhill na Estrada da Morte em Coroico - Bol\u00edvia - Foto: Fivetech Brasil\" class=\"wp-image-13512\" srcset=\"https:\/\/www.mochileiros.com\/blog\/wp-content\/uploads\/2015\/03\/20101025231958-1024x768.jpg 1024w, https:\/\/www.mochileiros.com\/blog\/wp-content\/uploads\/2015\/03\/20101025231958-300x225.jpg 300w, https:\/\/www.mochileiros.com\/blog\/wp-content\/uploads\/2015\/03\/20101025231958-768x576.jpg 768w, https:\/\/www.mochileiros.com\/blog\/wp-content\/uploads\/2015\/03\/20101025231958-313x235.jpg 313w, https:\/\/www.mochileiros.com\/blog\/wp-content\/uploads\/2015\/03\/20101025231958-20x15.jpg 20w, https:\/\/www.mochileiros.com\/blog\/wp-content\/uploads\/2015\/03\/20101025231958.jpg 1280w\" sizes=\"auto, (max-width: 1024px) 100vw, 1024px\" \/><\/a><figcaption class=\"wp-element-caption\">Downhill na Estrada da Morte em Coroico &#8211; Bol\u00edvia &#8211; Foto: Fivetech Brasil<\/figcaption><\/figure>\n\n\n\n<h3 class=\"wp-block-heading\" id=\"parque-nacional-de-torotoro\"><span class=\"ez-toc-section\" id=\"Parque_Nacional_de_Torotoro\"><\/span>Parque Nacional de Torotoro<span class=\"ez-toc-section-end\"><\/span><\/h3>\n\n\n\n<p class=\"wp-block-paragraph\">&nbsp;A 130 km de Cochabamba, o <strong>Parque Nacional Torotoro<\/strong>, \u00e9 um dos menores parques naturais da Bol\u00edvia, mas possui um belo cen\u00e1rio.<\/p>\n\n\n\n<p class=\"wp-block-paragraph\">O parque abrange um grande vale, com canyons formados pela eros\u00e3o. Nele tamb\u00e9m se encontram pegadas de dinossauros e labirintos de cavernas de calc\u00e1rio, al\u00e9m de nele se encontrar pinturas rupestres e ru\u00ednas pr\u00e9-incas.<\/p>\n\n\n\n<p class=\"wp-block-paragraph\">As principais atra\u00e7\u00f5es do parque s\u00e3o: as cavernas de calc\u00e1rio de Umajallanta, o canyon Torotoro (que \u00e9 cheio de cachoeiras) e expedi\u00e7\u00f5es para a fortaleza pr\u00e9-inca de Llama Chaqui.<\/p>\n\n\n\n<p class=\"wp-block-paragraph\">No Mochileiros.com h\u00e1 um t\u00f3pico especial com v\u00e1rias informa\u00e7\u00f5es sobre o parque que voc\u00ea pode acessar&nbsp;<span style=\"text-decoration: underline;\"><a href=\"http:\/\/www.mochileiros.com\/parque-nacional-torotoro-perguntas-e-respostas-t74183.html\" target=\"_blank\" rel=\"noopener noreferrer\">aqui<\/a><\/span>.<\/p>\n\n\n\n<figure class=\"wp-block-image alignnone\"><a href=\"https:\/\/www.mochileiros.com\/blog\/wp-content\/uploads\/2015\/03\/bolivia13.jpg\"><img loading=\"lazy\" decoding=\"async\" width=\"800\" height=\"397\" src=\"https:\/\/www.mochileiros.com\/blog\/wp-content\/uploads\/2015\/03\/bolivia13.jpg\" alt=\"O que fazer na Bol\u00edvia: Canyon del Vergel - Parque Nacional de Torotoro\" class=\"wp-image-13515\" srcset=\"https:\/\/www.mochileiros.com\/blog\/wp-content\/uploads\/2015\/03\/bolivia13.jpg 800w, https:\/\/www.mochileiros.com\/blog\/wp-content\/uploads\/2015\/03\/bolivia13-300x149.jpg 300w, https:\/\/www.mochileiros.com\/blog\/wp-content\/uploads\/2015\/03\/bolivia13-768x381.jpg 768w, https:\/\/www.mochileiros.com\/blog\/wp-content\/uploads\/2015\/03\/bolivia13-313x155.jpg 313w, https:\/\/www.mochileiros.com\/blog\/wp-content\/uploads\/2015\/03\/bolivia13-20x10.jpg 20w\" sizes=\"auto, (max-width: 800px) 100vw, 800px\" \/><\/a><figcaption class=\"wp-element-caption\">Canyon Torotoro&nbsp;&#8211; Parque Nacional de Torotoro<\/figcaption><\/figure>\n\n\n\n<h3 class=\"wp-block-heading\" id=\"sorata-e-laguna-glaciar\"><span class=\"ez-toc-section\" id=\"Sorata_e_Laguna_Glaciar\"><\/span>Sorata e Laguna Glaciar<span class=\"ez-toc-section-end\"><\/span><\/h3>\n\n\n\n<p class=\"wp-block-paragraph\">A pequena cidade de <strong>Sorata<\/strong> fica ao p\u00e9s da <strong>Cordilheira Real<\/strong> e de l\u00e1 \u00e9 poss\u00edvel fazer um&nbsp;trekking de 2 a 3 dias e subindo at\u00e9 a Laguna Glaciar, uma das paisagens mais belas da Bol\u00edvia. O viajante Marcelo Nogal esteve por l\u00e1 e conta como foi em seu blog neste post <span style=\"text-decoration: underline;\"><a href=\"http:\/\/dicasmochileiros.blogspot.com.br\/2012\/02\/desconhecida-sorata-muitos-brasileiros.html\" target=\"_blank\" rel=\"noopener noreferrer\">aqui<\/a><\/span>.<\/p>\n\n\n\n<figure class=\"wp-block-image alignnone\"><a href=\"https:\/\/www.mochileiros.com\/blog\/wp-content\/uploads\/2015\/03\/Laguna_Glaciar_Bolivia.jpg\"><img loading=\"lazy\" decoding=\"async\" width=\"1024\" height=\"594\" src=\"https:\/\/www.mochileiros.com\/blog\/wp-content\/uploads\/2015\/03\/Laguna_Glaciar_Bolivia-1024x594.jpg\" alt=\"O que fazer na Bol\u00edvia: Laguna Glaciar na Cordilheira Real - Foto: Wikimedia Commons\" class=\"wp-image-13517\" srcset=\"https:\/\/www.mochileiros.com\/blog\/wp-content\/uploads\/2015\/03\/Laguna_Glaciar_Bolivia-1024x594.jpg 1024w, https:\/\/www.mochileiros.com\/blog\/wp-content\/uploads\/2015\/03\/Laguna_Glaciar_Bolivia-300x174.jpg 300w, https:\/\/www.mochileiros.com\/blog\/wp-content\/uploads\/2015\/03\/Laguna_Glaciar_Bolivia-768x445.jpg 768w, https:\/\/www.mochileiros.com\/blog\/wp-content\/uploads\/2015\/03\/Laguna_Glaciar_Bolivia-313x181.jpg 313w, https:\/\/www.mochileiros.com\/blog\/wp-content\/uploads\/2015\/03\/Laguna_Glaciar_Bolivia-20x12.jpg 20w, https:\/\/www.mochileiros.com\/blog\/wp-content\/uploads\/2015\/03\/Laguna_Glaciar_Bolivia.jpg 1066w\" sizes=\"auto, (max-width: 1024px) 100vw, 1024px\" \/><\/a><figcaption class=\"wp-element-caption\">Laguna Glaciar na Cordilheira Real &#8211; Foto: Wikimedia Commons<\/figcaption><\/figure>\n\n\n\n<figure class=\"wp-block-image alignnone\"><a href=\"https:\/\/www.mochileiros.com\/blog\/wp-content\/uploads\/2015\/03\/sorata.jpg\"><img loading=\"lazy\" decoding=\"async\" width=\"1024\" height=\"665\" src=\"https:\/\/www.mochileiros.com\/blog\/wp-content\/uploads\/2015\/03\/sorata-1024x665.jpg\" alt=\"O que fazer na Bol\u00edvia: Sorata e a Cordilheira Real - Foto: Wikimedia Commons\" class=\"wp-image-13518\" srcset=\"https:\/\/www.mochileiros.com\/blog\/wp-content\/uploads\/2015\/03\/sorata-1024x665.jpg 1024w, https:\/\/www.mochileiros.com\/blog\/wp-content\/uploads\/2015\/03\/sorata-300x195.jpg 300w, https:\/\/www.mochileiros.com\/blog\/wp-content\/uploads\/2015\/03\/sorata-768x499.jpg 768w, https:\/\/www.mochileiros.com\/blog\/wp-content\/uploads\/2015\/03\/sorata-313x203.jpg 313w, https:\/\/www.mochileiros.com\/blog\/wp-content\/uploads\/2015\/03\/sorata-20x13.jpg 20w, https:\/\/www.mochileiros.com\/blog\/wp-content\/uploads\/2015\/03\/sorata.jpg 1263w\" sizes=\"auto, (max-width: 1024px) 100vw, 1024px\" \/><\/a><figcaption class=\"wp-element-caption\">Sorata e a Cordilheira Real &#8211; Foto: Wikimedia Commons<\/figcaption><\/figure>\n\n\n\n<h3 class=\"wp-block-heading\" id=\"tour-pelos-vulcoes-e-lagunas-da-provincia-de-sud-lipez\"><span class=\"ez-toc-section\" id=\"Tour_pelos_Vulcoes_e_Lagunas_da_provincia_de_Sud_Lipez\"><\/span>Tour pelos Vulc\u00f5es e Lagunas da prov\u00edncia de Sud L\u00edpez<span class=\"ez-toc-section-end\"><\/span><\/h3>\n\n\n\n<p class=\"wp-block-paragraph\">A tour pelas paisagens psicod\u00e9licas da prov\u00edncia de Sud L\u00edpez partem&nbsp;da cidade de Uyuni at\u00e9 San Pedro do Atacama no Chile.<\/p>\n\n\n\n<p class=\"wp-block-paragraph\">A primeira atra\u00e7\u00e3o e a mais famosa&nbsp;\u00e9&nbsp;a pr\u00f3xima a pr\u00f3xima da lista, o Salar de Uyuni, por\u00e9m al\u00e9m do salar h\u00e1 diversas lagunas, g\u00eaiseres&nbsp;e vulc\u00f5es pelo caminho at\u00e9 San Pedro de Atacama, com destaque para a Laguna Colorada com suas \u00e1guas repletas de flamingos e a Laguna Verde.<\/p>\n\n\n\n<p class=\"wp-block-paragraph\">Voc\u00ea encontra mais informa\u00e7\u00f5es sobre essa tour nesse link <span style=\"text-decoration: underline;\"><a href=\"http:\/\/sanpedrodeatacama.net\/index.php?option=com_content&amp;task=view&amp;id=121&amp;Itemid=\" target=\"_blank\" rel=\"noopener noreferrer\">aqui<\/a><\/span><\/p>\n\n\n\n<figure class=\"wp-block-image alignnone\"><a href=\"https:\/\/www.mochileiros.com\/blog\/wp-content\/uploads\/2015\/03\/Laguna_Colorada_1.jpg\"><img loading=\"lazy\" decoding=\"async\" width=\"1024\" height=\"702\" src=\"https:\/\/www.mochileiros.com\/blog\/wp-content\/uploads\/2015\/03\/Laguna_Colorada_1-1024x702.jpg\" alt=\"O que fazer na Bol\u00edvia: Laguna Colorada - Foto: Wikimedia Commons\" class=\"wp-image-13525\" srcset=\"https:\/\/www.mochileiros.com\/blog\/wp-content\/uploads\/2015\/03\/Laguna_Colorada_1-1024x702.jpg 1024w, https:\/\/www.mochileiros.com\/blog\/wp-content\/uploads\/2015\/03\/Laguna_Colorada_1-300x206.jpg 300w, https:\/\/www.mochileiros.com\/blog\/wp-content\/uploads\/2015\/03\/Laguna_Colorada_1-768x526.jpg 768w, https:\/\/www.mochileiros.com\/blog\/wp-content\/uploads\/2015\/03\/Laguna_Colorada_1-313x214.jpg 313w, https:\/\/www.mochileiros.com\/blog\/wp-content\/uploads\/2015\/03\/Laguna_Colorada_1-20x14.jpg 20w, https:\/\/www.mochileiros.com\/blog\/wp-content\/uploads\/2015\/03\/Laguna_Colorada_1.jpg 1576w\" sizes=\"auto, (max-width: 1024px) 100vw, 1024px\" \/><\/a><figcaption class=\"wp-element-caption\">Laguna Colorada &#8211; Foto: Wikimedia Commons<\/figcaption><\/figure>\n\n\n\n<figure class=\"wp-block-image alignnone\"><a href=\"https:\/\/www.mochileiros.com\/blog\/wp-content\/uploads\/2015\/03\/Laguna_Verde_en_Bolivia.jpg\"><img loading=\"lazy\" decoding=\"async\" width=\"1024\" height=\"503\" src=\"https:\/\/www.mochileiros.com\/blog\/wp-content\/uploads\/2015\/03\/Laguna_Verde_en_Bolivia-1024x503.jpg\" alt=\"O que fazer na Bol\u00edvia: Laguna Verde - Foto: incaadventure.com.br\" class=\"wp-image-13529\" srcset=\"https:\/\/www.mochileiros.com\/blog\/wp-content\/uploads\/2015\/03\/Laguna_Verde_en_Bolivia-1024x503.jpg 1024w, https:\/\/www.mochileiros.com\/blog\/wp-content\/uploads\/2015\/03\/Laguna_Verde_en_Bolivia-300x147.jpg 300w, https:\/\/www.mochileiros.com\/blog\/wp-content\/uploads\/2015\/03\/Laguna_Verde_en_Bolivia-768x377.jpg 768w, https:\/\/www.mochileiros.com\/blog\/wp-content\/uploads\/2015\/03\/Laguna_Verde_en_Bolivia-313x154.jpg 313w, https:\/\/www.mochileiros.com\/blog\/wp-content\/uploads\/2015\/03\/Laguna_Verde_en_Bolivia-20x10.jpg 20w, https:\/\/www.mochileiros.com\/blog\/wp-content\/uploads\/2015\/03\/Laguna_Verde_en_Bolivia.jpg 1600w\" sizes=\"auto, (max-width: 1024px) 100vw, 1024px\" \/><\/a><figcaption class=\"wp-element-caption\">Laguna Verde &#8211; Foto: incaadventure.com.br<\/figcaption><\/figure>\n\n\n\n<h3 class=\"wp-block-heading\" id=\"salar-de-uyuni\"><span class=\"ez-toc-section\" id=\"Salar_de_Uyuni\"><\/span>Salar de Uyuni<span class=\"ez-toc-section-end\"><\/span><\/h3>\n\n\n\n<p class=\"wp-block-paragraph\">O&nbsp;<strong>Salar de Uyuni<\/strong>&nbsp;\u00e9 o mais extenso do mundo: um enorme e lindo lago de sal a 3660m de altitude. A imensid\u00e3o salgada s\u00f3 \u00e9 interrompida por algumas po\u00e7as d\u2019\u00e1gua e pequenas ilhas.<\/p>\n\n\n\n<p class=\"wp-block-paragraph\">A mais conhecida \u00e9 a do Pescado. Pelo salar \u00e9 poss\u00edvel ver alguns montes de sal que formam pequenas pir\u00e2mides.<\/p>\n\n\n\n<p class=\"wp-block-paragraph\">L\u00e1 tamb\u00e9m existe um hotel constru\u00eddo totalmente em sal, incluindo os m\u00f3veis. Voc\u00ea pode conferir alguns relatos de qual passou por l\u00e1 <span style=\"text-decoration: underline;\"><a href=\"http:\/\/www.mochileiros.com\/bolivia-salar-de-uyuni-abril-2014-t97441.html\" target=\"_blank\" rel=\"noopener noreferrer\">aqui<\/a><\/span>&nbsp;e&nbsp;<a href=\"http:\/\/www.mochileiros.com\/salar-de-uyuni-tipos-de-passeios-t62222.html\" target=\"_blank\" rel=\"noopener noreferrer\">aqui<\/a>.<\/p>\n\n\n\n<figure class=\"wp-block-image alignnone\"><a href=\"https:\/\/www.mochileiros.com\/blog\/wp-content\/uploads\/2015\/03\/6UYUNI.jpg\"><img loading=\"lazy\" decoding=\"async\" width=\"1000\" height=\"496\" src=\"https:\/\/www.mochileiros.com\/blog\/wp-content\/uploads\/2015\/03\/6UYUNI.jpg\" alt=\"O que fazer na Bol\u00edvia: Salar de Uyuni a noite - Foto: Wikimedia Commons\" class=\"wp-image-13536\" srcset=\"https:\/\/www.mochileiros.com\/blog\/wp-content\/uploads\/2015\/03\/6UYUNI.jpg 1000w, https:\/\/www.mochileiros.com\/blog\/wp-content\/uploads\/2015\/03\/6UYUNI-300x149.jpg 300w, https:\/\/www.mochileiros.com\/blog\/wp-content\/uploads\/2015\/03\/6UYUNI-768x381.jpg 768w, https:\/\/www.mochileiros.com\/blog\/wp-content\/uploads\/2015\/03\/6UYUNI-313x155.jpg 313w, https:\/\/www.mochileiros.com\/blog\/wp-content\/uploads\/2015\/03\/6UYUNI-20x10.jpg 20w\" sizes=\"auto, (max-width: 1000px) 100vw, 1000px\" \/><\/a><figcaption class=\"wp-element-caption\">Salar de Uyuni a noite &#8211; Foto: Wikimedia Commons<\/figcaption><\/figure>\n\n\n\n<figure class=\"wp-block-image alignnone\"><a href=\"https:\/\/www.mochileiros.com\/blog\/wp-content\/uploads\/2015\/03\/salar-de-uyuni-bolivia.jpg\"><img loading=\"lazy\" decoding=\"async\" width=\"1024\" height=\"576\" src=\"https:\/\/www.mochileiros.com\/blog\/wp-content\/uploads\/2015\/03\/salar-de-uyuni-bolivia-1024x576.jpg\" alt=\"O que fazer na Bol\u00edvia: Salar de Uyuni alagado - Foto: Wikimedia Commons\" class=\"wp-image-13541\" srcset=\"https:\/\/www.mochileiros.com\/blog\/wp-content\/uploads\/2015\/03\/salar-de-uyuni-bolivia-1024x576.jpg 1024w, https:\/\/www.mochileiros.com\/blog\/wp-content\/uploads\/2015\/03\/salar-de-uyuni-bolivia-300x169.jpg 300w, https:\/\/www.mochileiros.com\/blog\/wp-content\/uploads\/2015\/03\/salar-de-uyuni-bolivia-768x432.jpg 768w, https:\/\/www.mochileiros.com\/blog\/wp-content\/uploads\/2015\/03\/salar-de-uyuni-bolivia-313x176.jpg 313w, https:\/\/www.mochileiros.com\/blog\/wp-content\/uploads\/2015\/03\/salar-de-uyuni-bolivia-20x11.jpg 20w, https:\/\/www.mochileiros.com\/blog\/wp-content\/uploads\/2015\/03\/salar-de-uyuni-bolivia.jpg 1920w\" sizes=\"auto, (max-width: 1024px) 100vw, 1024px\" \/><\/a><figcaption class=\"wp-element-caption\">Salar de Uyuni alagado &#8211; Foto: Wikimedia Commons<\/figcaption><\/figure>\n\n\n\n<h2 class=\"wp-block-heading\" id=\"o-que-fazer-na-bolivia-fora-dos-roteiros-convencionais\"><span class=\"ez-toc-section\" id=\"O_que_fazer_na_Bolivia_fora_dos_roteiros_convencionais\"><\/span>O que fazer na Bol\u00edvia fora dos roteiros convencionais<span class=\"ez-toc-section-end\"><\/span><\/h2>\n\n\n\n<p class=\"wp-block-paragraph\">Se voc\u00ea quer explorar e ir al\u00e9m dos destinos mais visitados, confira abaixo os destinos &#8220;off the beaten track&#8221; da Bol\u00edvia<\/p>\n\n\n\n<h3 class=\"wp-block-heading\" id=\"serranias-chiquitanas\"><span class=\"ez-toc-section\" id=\"Serranias_Chiquitanas\"><\/span><strong>Serranias Chiquitanas<\/strong><span class=\"ez-toc-section-end\"><\/span><\/h3>\n\n\n\n<p class=\"wp-block-paragraph\">Quem j\u00e1 pegou o <strong><span style=\"text-decoration: underline;\"><a href=\"https:\/\/www.mochileiros.com\/blog\/destinos\/trem-da-morte\" target=\"_blank\" rel=\"noopener noreferrer\">Trem da Morte<\/a><\/span><\/strong> e foi colado na janela do lado direito do vag\u00e3o, possivelmente viu algumas forma\u00e7\u00f5es rochosas bastante interessantes entre &nbsp;Puerto Quijarro&nbsp;e &nbsp;San Jos\u00e9 de Chiquitos, elas s\u00e3o parte das&nbsp;&#8220;Serranias Chiquitanas&#8221; uma esp\u00e9cie de &#8220;Chapada Diamantina boliviana&#8221;.<\/p>\n\n\n\n<p class=\"wp-block-paragraph\">Na regi\u00e3o s\u00e3o destaques o Valle de Tucavaca,&nbsp;o&nbsp;balne\u00e1rio de \u00c1guas Calientes que fica&nbsp;na cidade de Robor\u00e9&nbsp;e a regi\u00e3o do&nbsp;Cerro Chochis.&nbsp;Al\u00e9m da geografia convidativa pra qualquer aventureiro que se preze, a regi\u00e3o tamb\u00e9m possui&nbsp;um conjunto de 6&nbsp;cidades fundadas pelos mission\u00e1rios jesu\u00edtas entre os anos de 1696 e 1760&nbsp;com&nbsp;&nbsp;6&nbsp;igrejas (San Francisco Javier, Concepci\u00f3n, Santa Ana, San Miguel, San Rafael e San Jos\u00e9) que foram selecionadas em 1990 como Patrim\u00f4nio Mundial da Humanidade pela UNESCO.<\/p>\n\n\n\n<p class=\"wp-block-paragraph\">O acesso aos locais pode ser feito atrav\u00e9s do &#8220;Trem da Morte&#8221;&nbsp;e&nbsp;de carro por trecho da&nbsp;&#8220;Ruta 4&#8221; que vai da fronteira com o Brasil (Corumb\u00e1-MS) at\u00e9 Santa Cruz de La Sierra.<\/p>\n\n\n\n<figure class=\"wp-block-image alignnone\"><a href=\"https:\/\/www.mochileiros.com\/blog\/wp-content\/uploads\/2015\/12\/Valle-de-Tucuvaca-Brian-Carisch.jpg\"><img loading=\"lazy\" decoding=\"async\" width=\"1024\" height=\"682\" src=\"https:\/\/www.mochileiros.com\/blog\/wp-content\/uploads\/2015\/12\/Valle-de-Tucuvaca-Brian-Carisch-1024x682.jpg\" alt=\"Valle de Tucuvaca - Foto: Brian Carisch\" class=\"wp-image-17042\" srcset=\"https:\/\/www.mochileiros.com\/blog\/wp-content\/uploads\/2015\/12\/Valle-de-Tucuvaca-Brian-Carisch.jpg 1024w, https:\/\/www.mochileiros.com\/blog\/wp-content\/uploads\/2015\/12\/Valle-de-Tucuvaca-Brian-Carisch-300x200.jpg 300w, https:\/\/www.mochileiros.com\/blog\/wp-content\/uploads\/2015\/12\/Valle-de-Tucuvaca-Brian-Carisch-768x512.jpg 768w, https:\/\/www.mochileiros.com\/blog\/wp-content\/uploads\/2015\/12\/Valle-de-Tucuvaca-Brian-Carisch-313x208.jpg 313w, https:\/\/www.mochileiros.com\/blog\/wp-content\/uploads\/2015\/12\/Valle-de-Tucuvaca-Brian-Carisch-20x13.jpg 20w\" sizes=\"auto, (max-width: 1024px) 100vw, 1024px\" \/><\/a><figcaption class=\"wp-element-caption\">Valle de Tucuvaca &#8211; Foto: Brian Carisch<\/figcaption><\/figure>\n\n\n\n<figure class=\"wp-block-image alignnone\"><a href=\"https:\/\/www.mochileiros.com\/blog\/wp-content\/uploads\/2015\/12\/El-Puente-Aguas-Calientes-Robor\u00e9-Jorge-Aqu\u00edn.jpg\"><img loading=\"lazy\" decoding=\"async\" width=\"1024\" height=\"768\" src=\"https:\/\/www.mochileiros.com\/blog\/wp-content\/uploads\/2015\/12\/El-Puente-Aguas-Calientes-Robor\u00e9-Jorge-Aqu\u00edn-1024x768.jpg\" alt=\"Balneario El Puente em Aguas Calientes localidade de Robor\u00e9 - Foto: Jorge Aqu\u00edn\" class=\"wp-image-17043\" srcset=\"https:\/\/www.mochileiros.com\/blog\/wp-content\/uploads\/2015\/12\/El-Puente-Aguas-Calientes-Robor\u00e9-Jorge-Aqu\u00edn.jpg 1024w, https:\/\/www.mochileiros.com\/blog\/wp-content\/uploads\/2015\/12\/El-Puente-Aguas-Calientes-Robor\u00e9-Jorge-Aqu\u00edn-300x225.jpg 300w, https:\/\/www.mochileiros.com\/blog\/wp-content\/uploads\/2015\/12\/El-Puente-Aguas-Calientes-Robor\u00e9-Jorge-Aqu\u00edn-768x576.jpg 768w, https:\/\/www.mochileiros.com\/blog\/wp-content\/uploads\/2015\/12\/El-Puente-Aguas-Calientes-Robor\u00e9-Jorge-Aqu\u00edn-313x235.jpg 313w, https:\/\/www.mochileiros.com\/blog\/wp-content\/uploads\/2015\/12\/El-Puente-Aguas-Calientes-Robor\u00e9-Jorge-Aqu\u00edn-20x15.jpg 20w\" sizes=\"auto, (max-width: 1024px) 100vw, 1024px\" \/><\/a><figcaption class=\"wp-element-caption\">Balne\u00e1rio El Puente em Aguas Calientes localidade pr\u00f3xima ao munic\u00edpio de Robor\u00e9 &#8211; Foto: Jorge Aqu\u00edn<\/figcaption><\/figure>\n\n\n\n<figure class=\"wp-block-image alignnone\"><a href=\"https:\/\/www.mochileiros.com\/blog\/wp-content\/uploads\/2015\/12\/SudEsteChiquitano_Seite_12_CreativeT.jpg\"><img loading=\"lazy\" decoding=\"async\" width=\"1024\" height=\"768\" src=\"https:\/\/www.mochileiros.com\/blog\/wp-content\/uploads\/2015\/12\/SudEsteChiquitano_Seite_12_CreativeT-1024x768.jpg\" alt=\"Trilhos do &quot;Trem da Morte&quot; pr\u00f3ximo ao Cerro Chochis - Foto: \" class=\"wp-image-17044\" srcset=\"https:\/\/www.mochileiros.com\/blog\/wp-content\/uploads\/2015\/12\/SudEsteChiquitano_Seite_12_CreativeT-1024x768.jpg 1024w, https:\/\/www.mochileiros.com\/blog\/wp-content\/uploads\/2015\/12\/SudEsteChiquitano_Seite_12_CreativeT-300x225.jpg 300w, https:\/\/www.mochileiros.com\/blog\/wp-content\/uploads\/2015\/12\/SudEsteChiquitano_Seite_12_CreativeT-768x576.jpg 768w, https:\/\/www.mochileiros.com\/blog\/wp-content\/uploads\/2015\/12\/SudEsteChiquitano_Seite_12_CreativeT-313x235.jpg 313w, https:\/\/www.mochileiros.com\/blog\/wp-content\/uploads\/2015\/12\/SudEsteChiquitano_Seite_12_CreativeT-20x15.jpg 20w, https:\/\/www.mochileiros.com\/blog\/wp-content\/uploads\/2015\/12\/SudEsteChiquitano_Seite_12_CreativeT.jpg 1440w\" sizes=\"auto, (max-width: 1024px) 100vw, 1024px\" \/><\/a><figcaption class=\"wp-element-caption\">Casal caminha pelos trilhos do &#8220;Trem da Morte&#8221; pr\u00f3ximo ao Cerro Chochis &#8211; Foto: CreativeT<\/figcaption><\/figure>\n\n\n\n<figure class=\"wp-block-image alignnone\"><a href=\"https:\/\/www.mochileiros.com\/blog\/wp-content\/uploads\/2015\/12\/DSCN5076.jpg\"><img loading=\"lazy\" decoding=\"async\" width=\"1024\" height=\"685\" src=\"https:\/\/www.mochileiros.com\/blog\/wp-content\/uploads\/2015\/12\/DSCN5076-1024x685.jpg\" alt=\"Um dos pared\u00f5es rochosos das Serranias Chiquitanas pr\u00f3ximo a localidade de Santiago de Chiquitos - Foto: Jorge Aqu\u00edn\" class=\"wp-image-17046\" srcset=\"https:\/\/www.mochileiros.com\/blog\/wp-content\/uploads\/2015\/12\/DSCN5076.jpg 1024w, https:\/\/www.mochileiros.com\/blog\/wp-content\/uploads\/2015\/12\/DSCN5076-300x201.jpg 300w, https:\/\/www.mochileiros.com\/blog\/wp-content\/uploads\/2015\/12\/DSCN5076-768x514.jpg 768w, https:\/\/www.mochileiros.com\/blog\/wp-content\/uploads\/2015\/12\/DSCN5076-313x209.jpg 313w, https:\/\/www.mochileiros.com\/blog\/wp-content\/uploads\/2015\/12\/DSCN5076-20x13.jpg 20w\" sizes=\"auto, (max-width: 1024px) 100vw, 1024px\" \/><\/a><figcaption class=\"wp-element-caption\">Um dos pared\u00f5es rochosos das Serranias Chiquitanas pr\u00f3ximo a localidade de Santiago de Chiquitos &#8211; Foto: Jorge Aqu\u00edn<\/figcaption><\/figure>\n\n\n\n<h3 class=\"wp-block-heading\" id=\"parque-nacional-amboro\"><span class=\"ez-toc-section\" id=\"Parque_Nacional_Amboro\"><\/span><strong>Parque Nacional Ambor\u00f3<\/strong><span class=\"ez-toc-section-end\"><\/span><\/h3>\n\n\n\n<p class=\"wp-block-paragraph\">O <strong>Parque Nacional Ambor\u00f3<\/strong> \u00e9 uma reserva natural com mais de 912 esp\u00e9cies de aves, mais de 177 esp\u00e9cies de mam\u00edferos, incluindo o Puma, a Jaguatirica e a \u00fanica esp\u00e9cie de urso da Am\u00e9rica do Sul, o Urso de \u00f3culos.<\/p>\n\n\n\n<p class=\"wp-block-paragraph\">O parque est\u00e1 situado no centro da Bol\u00edvia, &nbsp;na conflu\u00eancia da <strong>Cordilheira dos Andes<\/strong>, Floresta Amaz\u00f4nica e do Chaco do Norte &nbsp;e possui uma \u00e1rea de 4.425 km\u00b2.<\/p>\n\n\n\n<p class=\"wp-block-paragraph\">Uma das maneiras de passar alguns dias pelo parque&nbsp;\u00e9 se hospedando no&nbsp;<span style=\"text-decoration: underline;\">&#8220;Ref\u00fagio Los Volcanes&#8221;<\/span> que fica &nbsp;localizado na parte sul do parque&nbsp;e<span class=\"goog-text-highlight\">&nbsp;oferece vistas espetaculares dos&nbsp;rochedos de arenito. <\/span><\/p>\n\n\n\n<p class=\"wp-block-paragraph\"><span class=\"goog-text-highlight\">A regi\u00e3o possui 15 km de trilhas que levam a pequenas quedas d&#8217;agua e piscinas naturais floresta adentro.<\/span><\/p>\n\n\n\n<figure class=\"wp-block-image alignnone\"><a href=\"https:\/\/www.mochileiros.com\/blog\/wp-content\/uploads\/2015\/12\/6083599702_19762ea330_o.jpg\"><img loading=\"lazy\" decoding=\"async\" width=\"1024\" height=\"588\" src=\"https:\/\/www.mochileiros.com\/blog\/wp-content\/uploads\/2015\/12\/6083599702_19762ea330_o-1024x588.jpg\" alt=\"Vista das forma\u00e7\u00f5es de arenito a partir do Refugio Los Volcanes - Foto: Arthur Anker\" class=\"wp-image-17048\" srcset=\"https:\/\/www.mochileiros.com\/blog\/wp-content\/uploads\/2015\/12\/6083599702_19762ea330_o-1024x588.jpg 1024w, https:\/\/www.mochileiros.com\/blog\/wp-content\/uploads\/2015\/12\/6083599702_19762ea330_o-300x172.jpg 300w, https:\/\/www.mochileiros.com\/blog\/wp-content\/uploads\/2015\/12\/6083599702_19762ea330_o-768x441.jpg 768w, https:\/\/www.mochileiros.com\/blog\/wp-content\/uploads\/2015\/12\/6083599702_19762ea330_o-313x180.jpg 313w, https:\/\/www.mochileiros.com\/blog\/wp-content\/uploads\/2015\/12\/6083599702_19762ea330_o-20x11.jpg 20w, https:\/\/www.mochileiros.com\/blog\/wp-content\/uploads\/2015\/12\/6083599702_19762ea330_o.jpg 2000w\" sizes=\"auto, (max-width: 1024px) 100vw, 1024px\" \/><\/a><figcaption class=\"wp-element-caption\">Vista das forma\u00e7\u00f5es de arenito a partir do Refugio Los Volcanes &#8211; Foto: Arthur Anker<\/figcaption><\/figure>\n\n\n\n<figure class=\"wp-block-image alignnone\"><a href=\"https:\/\/www.mochileiros.com\/blog\/wp-content\/uploads\/2015\/12\/refugio-volcan-parque-amboro-bolivia.jpg\"><img loading=\"lazy\" decoding=\"async\" width=\"988\" height=\"441\" src=\"https:\/\/www.mochileiros.com\/blog\/wp-content\/uploads\/2015\/12\/refugio-volcan-parque-amboro-bolivia.jpg\" alt=\"Pared\u00f5es gigantes de arenito do Parque Naiconal Ambor\u00f3 - Foto: Morten Ross\" class=\"wp-image-17050\" srcset=\"https:\/\/www.mochileiros.com\/blog\/wp-content\/uploads\/2015\/12\/refugio-volcan-parque-amboro-bolivia.jpg 988w, https:\/\/www.mochileiros.com\/blog\/wp-content\/uploads\/2015\/12\/refugio-volcan-parque-amboro-bolivia-300x134.jpg 300w, https:\/\/www.mochileiros.com\/blog\/wp-content\/uploads\/2015\/12\/refugio-volcan-parque-amboro-bolivia-768x343.jpg 768w, https:\/\/www.mochileiros.com\/blog\/wp-content\/uploads\/2015\/12\/refugio-volcan-parque-amboro-bolivia-313x140.jpg 313w, https:\/\/www.mochileiros.com\/blog\/wp-content\/uploads\/2015\/12\/refugio-volcan-parque-amboro-bolivia-20x9.jpg 20w\" sizes=\"auto, (max-width: 988px) 100vw, 988px\" \/><\/a><figcaption class=\"wp-element-caption\">Pared\u00f5es gigantes de arenito do Parque Nacional Ambor\u00f3 &#8211; Foto: Morten Ross<\/figcaption><\/figure>\n\n\n\n<p class=\"wp-block-paragraph\"><strong>Confira mais fotos do Parque Nacional Ambor\u00f3<\/strong> <span style=\"text-decoration: underline;\"><a href=\"https:\/\/www.flickr.com\/photos\/artour_a\/sets\/72157627294073203\/page1\" target=\"_blank\" rel=\"noopener noreferrer\">aqui<\/a><\/span><\/p>\n\n\n\n<h3 class=\"wp-block-heading\" id=\"parque-nacional-de-noel-kempff-mercado\"><span class=\"ez-toc-section\" id=\"Parque_Nacional_de_Noel_Kempff_Mercado\"><\/span><strong>Parque Nacional de Noel Kempff Mercado<\/strong><span class=\"ez-toc-section-end\"><\/span><\/h3>\n\n\n\n<p class=\"wp-block-paragraph\">O <strong>Parque Nacional de Noel Kempff Mercado<\/strong> ainda \u00e9&nbsp;pouqu\u00edssimo explorado pelo turismo&nbsp;e&nbsp;fica&nbsp;no departamento de Santa Cruz, junto \u00e0 fronteira com o Brasil.<\/p>\n\n\n\n<p class=\"wp-block-paragraph\">Criado como &#8220;Parque Nacional Huanchaca&#8221;, &nbsp;mudou de nome em&nbsp;homenagem ao professor Noel Kempff Mercado que realizou&nbsp;v\u00e1rias&nbsp;pesquisas e descobertas no parque.<\/p>\n\n\n\n<p class=\"wp-block-paragraph\">Mercado reconheceu a import\u00e2ncia global da \u00e1rea e prop\u00f4s uma campanha para preserv\u00e1-la. Infelizmente, foi assassinado por traficantes de drogas e n\u00e3o conseguiu em vida ver seu sonho tornar-se&nbsp;realidade.<\/p>\n\n\n\n<p class=\"wp-block-paragraph\">Entre os destaques do parque est\u00e1 o planalto&nbsp;de <strong>Huanchaca Plateau<\/strong> (tamb\u00e9m conhecido como Meseta Caparu) com&nbsp;300 m de altura e seus&nbsp;riachos que formam&nbsp;cachoeiras espetaculares, como a <strong>Arcoiris Falls<\/strong> de 88 m de queda, &nbsp;<strong>Frederico Ahlfeld Falls<\/strong>&nbsp;com 25-45 m de queda e a <strong>El Encanto Falls<\/strong> com cerca de 80 m de queda.<\/p>\n\n\n\n<p class=\"wp-block-paragraph\">&nbsp;A entrada \u00e9 gratuita, mas todos os visitantes s\u00e3o obrigados a se registrar na <span style=\"text-decoration: underline;\"><a href=\"http:\/\/sernap.gob.bo\/\" target=\"_blank\" rel=\"noopener noreferrer\">SERNAP<\/a><\/span>, em Santa Cruz ou San Ignacio.<\/p>\n\n\n\n<p class=\"wp-block-paragraph\">A melhor \u00e9poca para visitar a regi\u00e3o \u00e9 na esta\u00e7\u00e3o seca &nbsp;entre os meses de maio e setembro.<\/p>\n\n\n\n<figure class=\"wp-block-image alignnone\"><a href=\"https:\/\/www.mochileiros.com\/blog\/wp-content\/uploads\/2015\/12\/mesetas.jpg\"><img loading=\"lazy\" decoding=\"async\" width=\"1009\" height=\"679\" src=\"https:\/\/www.mochileiros.com\/blog\/wp-content\/uploads\/2015\/12\/mesetas.jpg\" alt=\"Foto: Gregor Samsa\" class=\"wp-image-17056\" srcset=\"https:\/\/www.mochileiros.com\/blog\/wp-content\/uploads\/2015\/12\/mesetas.jpg 1009w, https:\/\/www.mochileiros.com\/blog\/wp-content\/uploads\/2015\/12\/mesetas-300x202.jpg 300w, https:\/\/www.mochileiros.com\/blog\/wp-content\/uploads\/2015\/12\/mesetas-768x517.jpg 768w, https:\/\/www.mochileiros.com\/blog\/wp-content\/uploads\/2015\/12\/mesetas-313x211.jpg 313w, https:\/\/www.mochileiros.com\/blog\/wp-content\/uploads\/2015\/12\/mesetas-20x13.jpg 20w\" sizes=\"auto, (max-width: 1009px) 100vw, 1009px\" \/><\/a><figcaption class=\"wp-element-caption\">As fal\u00e9sias de Huanchaca Plateau &#8211; Foto: Gregor Samsa<\/figcaption><\/figure>\n\n\n\n<figure class=\"wp-block-image alignnone\"><a href=\"https:\/\/www.mochileiros.com\/blog\/wp-content\/uploads\/2015\/12\/PARQUE-NOEL-KEMPF.jpg\"><img loading=\"lazy\" decoding=\"async\" width=\"1024\" height=\"681\" src=\"https:\/\/www.mochileiros.com\/blog\/wp-content\/uploads\/2015\/12\/PARQUE-NOEL-KEMPF-1024x681.jpg\" alt=\"Cachoeira Frederico Ahlfeld - Foto: periodicolaregion.com\" class=\"wp-image-17054\" srcset=\"https:\/\/www.mochileiros.com\/blog\/wp-content\/uploads\/2015\/12\/PARQUE-NOEL-KEMPF.jpg 1024w, https:\/\/www.mochileiros.com\/blog\/wp-content\/uploads\/2015\/12\/PARQUE-NOEL-KEMPF-300x200.jpg 300w, https:\/\/www.mochileiros.com\/blog\/wp-content\/uploads\/2015\/12\/PARQUE-NOEL-KEMPF-767x510.jpg 767w, https:\/\/www.mochileiros.com\/blog\/wp-content\/uploads\/2015\/12\/PARQUE-NOEL-KEMPF-1536x1022.jpg 1536w, https:\/\/www.mochileiros.com\/blog\/wp-content\/uploads\/2015\/12\/PARQUE-NOEL-KEMPF-2048x1362.jpg 2048w, https:\/\/www.mochileiros.com\/blog\/wp-content\/uploads\/2015\/12\/PARQUE-NOEL-KEMPF-226x150.jpg 226w, https:\/\/www.mochileiros.com\/blog\/wp-content\/uploads\/2015\/12\/PARQUE-NOEL-KEMPF-100x67.jpg 100w, https:\/\/www.mochileiros.com\/blog\/wp-content\/uploads\/2015\/12\/PARQUE-NOEL-KEMPF-526x350.jpg 526w, https:\/\/www.mochileiros.com\/blog\/wp-content\/uploads\/2015\/12\/PARQUE-NOEL-KEMPF-788x524.jpg 788w, https:\/\/www.mochileiros.com\/blog\/wp-content\/uploads\/2015\/12\/PARQUE-NOEL-KEMPF-768x511.jpg 768w, https:\/\/www.mochileiros.com\/blog\/wp-content\/uploads\/2015\/12\/PARQUE-NOEL-KEMPF-313x208.jpg 313w, https:\/\/www.mochileiros.com\/blog\/wp-content\/uploads\/2015\/12\/PARQUE-NOEL-KEMPF-20x13.jpg 20w\" sizes=\"auto, (max-width: 1024px) 100vw, 1024px\" \/><\/a><figcaption class=\"wp-element-caption\">Frederico Ahlfeld Waterfall &#8211; Foto: periodicolaregion.com<\/figcaption><\/figure>\n\n\n\n<figure class=\"wp-block-image alignnone\"><a href=\"https:\/\/www.mochileiros.com\/blog\/wp-content\/uploads\/2015\/12\/3097267385_1778298cd9_o.jpg\"><img loading=\"lazy\" decoding=\"async\" width=\"1024\" height=\"768\" src=\"https:\/\/www.mochileiros.com\/blog\/wp-content\/uploads\/2015\/12\/3097267385_1778298cd9_o-1024x768.jpg\" alt=\"Andorinhas Waterfall - Foto: Suzy qq\" class=\"wp-image-17055\" srcset=\"https:\/\/www.mochileiros.com\/blog\/wp-content\/uploads\/2015\/12\/3097267385_1778298cd9_o-1024x768.jpg 1024w, https:\/\/www.mochileiros.com\/blog\/wp-content\/uploads\/2015\/12\/3097267385_1778298cd9_o-300x225.jpg 300w, https:\/\/www.mochileiros.com\/blog\/wp-content\/uploads\/2015\/12\/3097267385_1778298cd9_o-768x576.jpg 768w, https:\/\/www.mochileiros.com\/blog\/wp-content\/uploads\/2015\/12\/3097267385_1778298cd9_o-313x235.jpg 313w, https:\/\/www.mochileiros.com\/blog\/wp-content\/uploads\/2015\/12\/3097267385_1778298cd9_o-20x15.jpg 20w\" sizes=\"auto, (max-width: 1024px) 100vw, 1024px\" \/><\/a><figcaption class=\"wp-element-caption\">Andorinhas Waterfall &#8211; Foto: Suzy qq<\/figcaption><\/figure>\n\n\n\n<h3 class=\"wp-block-heading\" id=\"rurrenabaque-e-o-parque-nacional-madidi\"><span class=\"ez-toc-section\" id=\"Rurrenabaque_e_o_Parque_Nacional_Madidi\"><\/span>Rurrenabaque e o Parque Nacional Madidi<span class=\"ez-toc-section-end\"><\/span><\/h3>\n\n\n\n<p class=\"wp-block-paragraph\">A pequena cidade Rurrenabaque na Amaz\u00f4nia Boliviana \u00e9 base para visita\u00e7\u00e3o do colossal Parque Nacional Madidi.<\/p>\n\n\n\n<p class=\"wp-block-paragraph\">O parque \u00e9 uma zona de transi\u00e7\u00e3o que engloba a floresta amaz\u00f4nica e a cordilheira dos Andes. Em seu territ\u00f3rio as altitudes variam de&nbsp;180m a 5600m, indo das florestas tropicais ao Altiplano Andino, por esse motivo \u00e9 considerado a \u00e1rea protegida mais biologicamente diversa do mundo.<\/p>\n\n\n\n<p class=\"wp-block-paragraph\">Mais informa\u00e7\u00f5es voc\u00ea encontra em nosso f\u00f3rum no t\u00f3pico sobre a <a href=\"https:\/\/www.mochileiros.com\/topic\/6130-amaz%C3%B4nia-boliviana\/\" target=\"_blank\" rel=\"noopener noreferrer\"><span style=\"text-decoration: underline;\">Amaz\u00f4nia Boliviana<\/span><\/a><\/p>\n\n\n\n<figure class=\"wp-block-image alignnone wp-image-40149 size-large\"><img loading=\"lazy\" decoding=\"async\" width=\"1024\" height=\"669\" src=\"https:\/\/www.mochileiros.com\/blog\/wp-content\/uploads\/2015\/03\/Madidi_national_park_in_Bolivia-1024x669.jpg\" alt=\"\" class=\"wp-image-40149\" srcset=\"https:\/\/www.mochileiros.com\/blog\/wp-content\/uploads\/2015\/03\/Madidi_national_park_in_Bolivia-1024x669.jpg 1024w, https:\/\/www.mochileiros.com\/blog\/wp-content\/uploads\/2015\/03\/Madidi_national_park_in_Bolivia-300x196.jpg 300w, https:\/\/www.mochileiros.com\/blog\/wp-content\/uploads\/2015\/03\/Madidi_national_park_in_Bolivia-768x502.jpg 768w, https:\/\/www.mochileiros.com\/blog\/wp-content\/uploads\/2015\/03\/Madidi_national_park_in_Bolivia-320x209.jpg 320w, https:\/\/www.mochileiros.com\/blog\/wp-content\/uploads\/2015\/03\/Madidi_national_park_in_Bolivia-640x418.jpg 640w, https:\/\/www.mochileiros.com\/blog\/wp-content\/uploads\/2015\/03\/Madidi_national_park_in_Bolivia-360x235.jpg 360w, https:\/\/www.mochileiros.com\/blog\/wp-content\/uploads\/2015\/03\/Madidi_national_park_in_Bolivia-720x470.jpg 720w, https:\/\/www.mochileiros.com\/blog\/wp-content\/uploads\/2015\/03\/Madidi_national_park_in_Bolivia-1080x706.jpg 1080w, https:\/\/www.mochileiros.com\/blog\/wp-content\/uploads\/2015\/03\/Madidi_national_park_in_Bolivia-800x523.jpg 800w, https:\/\/www.mochileiros.com\/blog\/wp-content\/uploads\/2015\/03\/Madidi_national_park_in_Bolivia-313x204.jpg 313w, https:\/\/www.mochileiros.com\/blog\/wp-content\/uploads\/2015\/03\/Madidi_national_park_in_Bolivia.jpg 1200w\" sizes=\"auto, (max-width: 1024px) 100vw, 1024px\" \/><figcaption class=\"wp-element-caption\">Parque Nacional Madidi &#8211; Foto: Michael Kessler, Schweiz\/Wikimedia Commons<\/figcaption><\/figure>\n\n\n\n<h2 class=\"gb-headline gb-headline-43029ed3 gb-headline-text\"><span class=\"ez-toc-section\" id=\"Documentos_e_novos_requisitos_para_entrar_na_Bolivia\"><\/span>Documentos e novos requisitos para entrar na Bol\u00edvia<span class=\"ez-toc-section-end\"><\/span><\/h2>\n\n\n\n<p class=\"wp-block-paragraph\"><strong>Brasileiros n\u00e3o precisam de visto para entrar na Bol\u00edvia<\/strong>, podem circular pelo pa\u00eds por at\u00e9 90 dias e gra\u00e7as ao acordo do Mercosul, podem viajar o pa\u00eds portando somente o RG.   Segue abaixo todos os requisitos para viajar para a Bol\u00edvia:<\/p>\n\n\n\n<ul class=\"wp-block-list\">\n<li><strong>RG ou passaporte v\u00e1lido<\/strong> &#8211; O RG precisa estar em boas condi\u00e7\u00f5es de conserva\u00e7\u00e3o e com foto atual (caso esteja desatualizado ou em m\u00e1s condi\u00e7\u00f5es, o agente de migra\u00e7\u00e3o poder\u00e1 lhe solicitar o passaporte, que deve estar dentro do seu prazo de validade);<\/li>\n\n\n\n<li><strong>Teste PCR negativo para a Covid-19<\/strong> &#8211; Feito no m\u00e1ximo at\u00e9 72 horas antes do embarque. O teste \u00e9 exigido para todas as pessoas acima de 5 anos de idade.<\/li>\n\n\n\n<li><strong>Certificado de Vacina\u00e7\u00e3o Completa contra a Covid-19<\/strong> &#8211;  ou seja, voc\u00ea precisa apresentar o certificado que tomou todas as doses recomendadas de acordo com cada vacina (1 ou 2 doses, dependendo da vacina) . A data da \u00faltima aplica\u00e7\u00e3o deve ser de no m\u00ednimo 14 dias antes da viagem.<\/li>\n<\/ul>\n\n\n\n<ul class=\"wp-block-list\">\n<li>Ap\u00f3lice de <a href=\"https:\/\/www.mochileiros.com\/blog\/seguro-viagem-bolivia\"><strong><span style=\"text-decoration: underline;\">Seguro Viagem Bol\u00edvia<\/span><\/strong><\/a> com cobertura especial para Covid-19. &#8211; O seguro viagem agora \u00e9 obrigat\u00f3rio e deve ter cobertura especial para COVID-19.<\/li>\n\n\n\n<li><strong>Certificado Internacional de Vacina\u00e7\u00e3o ou Profilaxia (CIVP) para a Febre Amarela<\/strong> &#8211;  Voc\u00ea encontra todo o passo a passo de como tomar a vacina contra a Febre Amarela e sobre como emitir o certificado <a href=\"https:\/\/www.gov.br\/pt-br\/servicos\/obter-o-certificado-internacional-de-vacinacao-e-profilaxia\" target=\"_blank\" rel=\"noopener\"><span style=\"text-decoration: underline;\"><strong>clicando aqui<\/strong><\/span><\/a> ou procurando no Google por <strong>CIVP<\/strong>.<\/li>\n\n\n\n<li><strong>Preencher o &#8216;Formulario de Salud para localizar a pasajeros&#8217;<\/strong> (dispon\u00edvel na p\u00e1gina da Dire\u00e7\u00e3o Geral de Migra\u00e7\u00e3o boliviana, <a href=\"https:\/\/www.dgac.gob.bo\/formulario-de-salud-para-localizar-a-pasajeros-ii\/\" target=\"_blank\" rel=\"noopener\"><strong><span style=\"text-decoration: underline;\">aqui<\/span><\/strong><\/a>).<\/li>\n<\/ul>\n\n\n\n<p class=\"wp-block-paragraph\">Mais informa\u00e7\u00f5es atualizadas em<strong>:<\/strong> <a href=\"https:\/\/www.mochileiros.com\/blog\/entrar-na-bolivia\"><strong><span style=\"text-decoration: underline;\">Entrar na Bol\u00edvia: documentos, restri\u00e7\u00f5es e novos requisitos<\/span><\/strong><\/a><\/p>\n\n\n\n<p class=\"wp-block-paragraph\"><strong>Saiba mais acessando todo nosso conte\u00fado sobre a Bol\u00edvia:<\/strong><\/p>\n\n\n\n<ul class=\"wp-block-list\">\n<li>Mais de 150 <span style=\"text-decoration: underline;\"><strong><a href=\"https:\/\/www.mochileiros.com\/forum\/463-bol%C3%ADvia-relatos-de-viagem\/?sortby=start_date&amp;sortdirection=desc\" target=\"_blank\" rel=\"noopener noreferrer\">relatos de viagem sobre a Bol\u00edvia<\/a><\/strong><\/span><\/li>\n\n\n\n<li>F\u00f3rum com&nbsp;<strong><span style=\"text-decoration: underline;\"><a href=\"https:\/\/www.mochileiros.com\/forum\/291-bol%C3%ADvia\/\" target=\"_blank\" rel=\"noopener noreferrer\">Perguntas e Respostas sobre a Bol\u00edvia&nbsp;<\/a><\/span><\/strong><\/li>\n\n\n\n<li>Encontre <strong><span style=\"text-decoration: underline;\"><a href=\"https:\/\/www.mochileiros.com\/forum\/464-bol%C3%ADvia-companhia-para-viajar\/?sortby=start_date&amp;sortdirection=desc\" target=\"_blank\" rel=\"noopener noreferrer\">Companhia para Viajar para a Bol\u00edvia<\/a><\/span><\/strong><\/li>\n<\/ul>\n","protected":false},"excerpt":{"rendered":"<p>A Bol\u00edvia&nbsp;possui uma imensid\u00e3o de atrativos, passando pelas mais belas montanhas da Cordilheira dos Andes, pelo maior e mais alto deserto de sal do mundo, o Salar de Uyuni, pela Amaz\u00f4nia Boliviana, at\u00e9 as paisagens surreais&nbsp; da regi\u00e3o de Sud L\u00edpez, com suas lagunas coloridas na fronteira com o Deserto de Atacama (Chile). Al\u00e9m de [&hellip;]<\/p>\n","protected":false},"author":55,"featured_media":13510,"comment_status":"open","ping_status":"closed","sticky":false,"template":"","format":"standard","meta":{"googlesitekit_rrm_CAoiELM5mIOjYRN0nfylq3_9r-8:productID":"","_crdt_document":"","_daim_seo_power":"1000","_daim_enable_ail":"1","footnotes":""},"categories":[1186,25],"tags":[2605,2606,2604,2239,1032,2607,1213,2603,2608,2609,952],"class_list":["post-13505","post","type-post","status-publish","format-standard","has-post-thumbnail","hentry","category-america-do-sul","category-bolivia","tag-copacabana","tag-coroico","tag-huayna-potosi","tag-la-paz","tag-lago-titicaca","tag-parque-nacional-de-torotoro","tag-salar-de-uyuni","tag-samaipata","tag-sorata","tag-sud-lipez","tag-tiwanaku"],"_links":{"self":[{"href":"https:\/\/www.mochileiros.com\/blog\/wp-json\/wp\/v2\/posts\/13505","targetHints":{"allow":["GET"]}}],"collection":[{"href":"https:\/\/www.mochileiros.com\/blog\/wp-json\/wp\/v2\/posts"}],"about":[{"href":"https:\/\/www.mochileiros.com\/blog\/wp-json\/wp\/v2\/types\/post"}],"author":[{"embeddable":true,"href":"https:\/\/www.mochileiros.com\/blog\/wp-json\/wp\/v2\/users\/55"}],"replies":[{"embeddable":true,"href":"https:\/\/www.mochileiros.com\/blog\/wp-json\/wp\/v2\/comments?post=13505"}],"version-history":[{"count":0,"href":"https:\/\/www.mochileiros.com\/blog\/wp-json\/wp\/v2\/posts\/13505\/revisions"}],"wp:featuredmedia":[{"embeddable":true,"href":"https:\/\/www.mochileiros.com\/blog\/wp-json\/wp\/v2\/media\/13510"}],"wp:attachment":[{"href":"https:\/\/www.mochileiros.com\/blog\/wp-json\/wp\/v2\/media?parent=13505"}],"wp:term":[{"taxonomy":"category","embeddable":true,"href":"https:\/\/www.mochileiros.com\/blog\/wp-json\/wp\/v2\/categories?post=13505"},{"taxonomy":"post_tag","embeddable":true,"href":"https:\/\/www.mochileiros.com\/blog\/wp-json\/wp\/v2\/tags?post=13505"}],"curies":[{"name":"wp","href":"https:\/\/api.w.org\/{rel}","templated":true}]}}