{"id":13652,"date":"2015-03-24T11:02:28","date_gmt":"2015-03-24T14:02:28","guid":{"rendered":"https:\/\/www.mochileiros.com\/blog\/?p=13652"},"modified":"2015-11-18T15:22:07","modified_gmt":"2015-11-18T18:22:07","slug":"imagens-aereas-feitas-em-ultra-hd-na-cordilheira-do-himalaia","status":"publish","type":"post","link":"https:\/\/www.mochileiros.com\/blog\/imagens-aereas-feitas-em-ultra-hd-na-cordilheira-do-himalaia","title":{"rendered":"[V\u00eddeo] Imagens a\u00e9reas feitas em Ultra HD na Cordilheira do Himalaia"},"content":{"rendered":"<div id=\"attachment_13653\" style=\"width: 1034px\" class=\"wp-caption alignnone\"><a href=\"https:\/\/www.mochileiros.com\/blog\/wp-content\/uploads\/2015\/03\/himalaia.jpg\"><img loading=\"lazy\" decoding=\"async\" aria-describedby=\"caption-attachment-13653\" class=\"size-large wp-image-13653\" src=\"https:\/\/www.mochileiros.com\/blog\/wp-content\/uploads\/2015\/03\/himalaia-1024x576.jpg\" alt=\"Cordilheira do Himalaia - Frame do v\u00eddeo: The Himalayas from 20,000 ft.\" width=\"1024\" height=\"576\" srcset=\"https:\/\/www.mochileiros.com\/blog\/wp-content\/uploads\/2015\/03\/himalaia-1024x576.jpg 1024w, https:\/\/www.mochileiros.com\/blog\/wp-content\/uploads\/2015\/03\/himalaia-300x169.jpg 300w, https:\/\/www.mochileiros.com\/blog\/wp-content\/uploads\/2015\/03\/himalaia-768x432.jpg 768w, https:\/\/www.mochileiros.com\/blog\/wp-content\/uploads\/2015\/03\/himalaia-1536x864.jpg 1536w, https:\/\/www.mochileiros.com\/blog\/wp-content\/uploads\/2015\/03\/himalaia-2048x1152.jpg 2048w, https:\/\/www.mochileiros.com\/blog\/wp-content\/uploads\/2015\/03\/himalaia-267x150.jpg 267w, https:\/\/www.mochileiros.com\/blog\/wp-content\/uploads\/2015\/03\/himalaia-100x56.jpg 100w, https:\/\/www.mochileiros.com\/blog\/wp-content\/uploads\/2015\/03\/himalaia-622x350.jpg 622w, https:\/\/www.mochileiros.com\/blog\/wp-content\/uploads\/2015\/03\/himalaia-788x443.jpg 788w, https:\/\/www.mochileiros.com\/blog\/wp-content\/uploads\/2015\/03\/himalaia-313x176.jpg 313w, https:\/\/www.mochileiros.com\/blog\/wp-content\/uploads\/2015\/03\/himalaia-20x11.jpg 20w, https:\/\/www.mochileiros.com\/blog\/wp-content\/uploads\/2015\/03\/himalaia.jpg 1920w\" sizes=\"auto, (max-width: 1024px) 100vw, 1024px\" \/><\/a><p id=\"caption-attachment-13653\" class=\"wp-caption-text\">Cordilheira do Himalaia &#8211; Frame do v\u00eddeo: The Himalayas from 20,000 ft.<\/p><\/div>\n<p style=\"text-align: justify;\">Os especialistas em imagens \u00e1reas da empresa Teton Gravity Research lan\u00e7aram h\u00e1 poucos dias o primeiro v\u00eddeo em Ultra-HD filmado na Cordilheira do Himalaia. S\u00e3o imagens capturadas\u00a0em altitudes acima dos 6.000 metros. Para realizar a proeza a empresa utilizou um helic\u00f3ptero equipado com um sistema de estabiliza\u00e7\u00e3o de imagens de \u00faltima gera\u00e7\u00e3o, o <span style=\"text-decoration: underline;\"><a href=\"https:\/\/www.google.com.br\/search?q=GSS+C520&amp;es_sm=122&amp;source=lnms&amp;tbm=isch&amp;sa=X&amp;ei=YG0RVYOML5LbsAT7-4D4Bw&amp;ved=0CAcQ_AUoAQ&amp;biw=1920&amp;bih=955\" target=\"_blank\" rel=\"noopener\">GSS C520<\/a><\/span>, e partiu da cidade de Catmandu que est\u00e1 a 1.400 metros do n\u00edvel do mar, chegando aos\u00a07 mil metros de altitude durante o sobrevoo. Os tripulantes precisaram usar tubos de oxig\u00eanio por conta do ar rarefeito. O v\u00eddeo inclui imagens incr\u00edveis dos Montes Everest , Ama Dablam e Lhotse. Assista!<\/p>\n<p><iframe loading=\"lazy\" src=\"https:\/\/player.vimeo.com\/video\/121045965\" width=\"1024\" height=\"576\" frameborder=\"0\" allowfullscreen=\"allowfullscreen\"><\/iframe><\/p>\n<p><a href=\"https:\/\/vimeo.com\/121045965\" target=\"_blank\" rel=\"noopener\">The Himalayas from 20,000 ft.<\/a> from <a href=\"https:\/\/vimeo.com\/tetongravity\" target=\"_blank\" rel=\"noopener\">Teton Gravity Research<\/a> on <a href=\"https:\/\/vimeo.com\" target=\"_blank\" rel=\"noopener\">Vimeo<\/a>.<\/p>\n","protected":false},"excerpt":{"rendered":"<p>Os especialistas em imagens \u00e1reas da empresa Teton Gravity Research lan\u00e7aram h\u00e1 poucos dias o primeiro v\u00eddeo em Ultra-HD filmado na Cordilheira do Himalaia. S\u00e3o imagens capturadas\u00a0em altitudes acima dos 6.000 metros. Para realizar a proeza a empresa utilizou um helic\u00f3ptero equipado com um sistema de estabiliza\u00e7\u00e3o de imagens de \u00faltima gera\u00e7\u00e3o, o GSS C520, [&hellip;]<\/p>\n","protected":false},"author":1,"featured_media":13653,"comment_status":"open","ping_status":"closed","sticky":false,"template":"","format":"standard","meta":{"googlesitekit_rrm_CAoiELM5mIOjYRN0nfylq3_9r-8:productID":"","_crdt_document":"","_daim_seo_power":"","_daim_enable_ail":"","footnotes":""},"categories":[160],"tags":[1136],"class_list":["post-13652","post","type-post","status-publish","format-standard","has-post-thumbnail","hentry","category-asia","tag-nepal"],"_links":{"self":[{"href":"https:\/\/www.mochileiros.com\/blog\/wp-json\/wp\/v2\/posts\/13652","targetHints":{"allow":["GET"]}}],"collection":[{"href":"https:\/\/www.mochileiros.com\/blog\/wp-json\/wp\/v2\/posts"}],"about":[{"href":"https:\/\/www.mochileiros.com\/blog\/wp-json\/wp\/v2\/types\/post"}],"author":[{"embeddable":true,"href":"https:\/\/www.mochileiros.com\/blog\/wp-json\/wp\/v2\/users\/1"}],"replies":[{"embeddable":true,"href":"https:\/\/www.mochileiros.com\/blog\/wp-json\/wp\/v2\/comments?post=13652"}],"version-history":[{"count":0,"href":"https:\/\/www.mochileiros.com\/blog\/wp-json\/wp\/v2\/posts\/13652\/revisions"}],"wp:featuredmedia":[{"embeddable":true,"href":"https:\/\/www.mochileiros.com\/blog\/wp-json\/wp\/v2\/media\/13653"}],"wp:attachment":[{"href":"https:\/\/www.mochileiros.com\/blog\/wp-json\/wp\/v2\/media?parent=13652"}],"wp:term":[{"taxonomy":"category","embeddable":true,"href":"https:\/\/www.mochileiros.com\/blog\/wp-json\/wp\/v2\/categories?post=13652"},{"taxonomy":"post_tag","embeddable":true,"href":"https:\/\/www.mochileiros.com\/blog\/wp-json\/wp\/v2\/tags?post=13652"}],"curies":[{"name":"wp","href":"https:\/\/api.w.org\/{rel}","templated":true}]}}