{"id":13783,"date":"2015-03-25T23:19:49","date_gmt":"2015-03-26T02:19:49","guid":{"rendered":"https:\/\/www.mochileiros.com\/blog\/?p=13783"},"modified":"2018-03-19T16:51:11","modified_gmt":"2018-03-19T19:51:11","slug":"12-fotos-que-qualquer-mochileiro-gostaria-de-ter-em-seu-album","status":"publish","type":"post","link":"https:\/\/www.mochileiros.com\/blog\/12-fotos-que-qualquer-mochileiro-gostaria-de-ter-em-seu-album","title":{"rendered":"12 fotos que voc\u00ea iria adorar ter no \u00e1lbum"},"content":{"rendered":"<div id=\"ez-toc-container\" class=\"ez-toc-v2_0_82_2 counter-hierarchy ez-toc-counter ez-toc-grey ez-toc-container-direction\">\n<div class=\"ez-toc-title-container\">\n<p class=\"ez-toc-title\" style=\"cursor:inherit\">\u00cdndice<\/p>\n<span class=\"ez-toc-title-toggle\"><a href=\"#\" class=\"ez-toc-pull-right ez-toc-btn ez-toc-btn-xs ez-toc-btn-default ez-toc-toggle\" aria-label=\"Alternar tabela de conte\u00fado\"><span class=\"ez-toc-js-icon-con\"><span class=\"\"><span class=\"eztoc-hide\" style=\"display:none;\">Toggle<\/span><span class=\"ez-toc-icon-toggle-span\"><svg style=\"fill: #999;color:#999\" xmlns=\"http:\/\/www.w3.org\/2000\/svg\" class=\"list-377408\" width=\"20px\" height=\"20px\" viewBox=\"0 0 24 24\" fill=\"none\"><path d=\"M6 6H4v2h2V6zm14 0H8v2h12V6zM4 11h2v2H4v-2zm16 0H8v2h12v-2zM4 16h2v2H4v-2zm16 0H8v2h12v-2z\" fill=\"currentColor\"><\/path><\/svg><svg style=\"fill: #999;color:#999\" class=\"arrow-unsorted-368013\" xmlns=\"http:\/\/www.w3.org\/2000\/svg\" width=\"10px\" height=\"10px\" viewBox=\"0 0 24 24\" version=\"1.2\" baseProfile=\"tiny\"><path d=\"M18.2 9.3l-6.2-6.3-6.2 6.3c-.2.2-.3.4-.3.7s.1.5.3.7c.2.2.4.3.7.3h11c.3 0 .5-.1.7-.3.2-.2.3-.5.3-.7s-.1-.5-.3-.7zM5.8 14.7l6.2 6.3 6.2-6.3c.2-.2.3-.5.3-.7s-.1-.5-.3-.7c-.2-.2-.4-.3-.7-.3h-11c-.3 0-.5.1-.7.3-.2.2-.3.5-.3.7s.1.5.3.7z\"\/><\/svg><\/span><\/span><\/span><\/a><\/span><\/div>\n<nav><ul class='ez-toc-list ez-toc-list-level-1 ' ><li class='ez-toc-page-1 ez-toc-heading-level-3'><a class=\"ez-toc-link ez-toc-heading-1\" href=\"https:\/\/www.mochileiros.com\/blog\/12-fotos-que-qualquer-mochileiro-gostaria-de-ter-em-seu-album\/#12_%E2%80%93_Sentadoa_na_Trolltunga_Rock_na_Noruega\" >12 &#8211; Sentado(a) na\u00a0Trolltunga Rock na Noruega<\/a><\/li><li class='ez-toc-page-1 ez-toc-heading-level-3'><a class=\"ez-toc-link ez-toc-heading-2\" href=\"https:\/\/www.mochileiros.com\/blog\/12-fotos-que-qualquer-mochileiro-gostaria-de-ter-em-seu-album\/#11_%E2%80%93_Curtindo_a_paisagem_do_Parque_Nacional_de_Yosemite_em_pe_encostado_nas_paredes_do_Half_Dome_na_California\" >11 &#8211; Curtindo a paisagem do\u00a0Parque Nacional de Yosemite em p\u00e9 encostado nas paredes do Half Dome na\u00a0Calif\u00f3rnia<\/a><\/li><li class='ez-toc-page-1 ez-toc-heading-level-3'><a class=\"ez-toc-link ez-toc-heading-3\" href=\"https:\/\/www.mochileiros.com\/blog\/12-fotos-que-qualquer-mochileiro-gostaria-de-ter-em-seu-album\/#_10_%E2%80%93_Comemorando_no_topo_do_Monte_Nimbus_em_British_Columbia_no_Canada\" >\u00a0 10 &#8211; Comemorando no topo do Monte Nimbus\u00a0em British Columbia no Canad\u00e1<\/a><\/li><li class='ez-toc-page-1 ez-toc-heading-level-3'><a class=\"ez-toc-link ez-toc-heading-4\" href=\"https:\/\/www.mochileiros.com\/blog\/12-fotos-que-qualquer-mochileiro-gostaria-de-ter-em-seu-album\/#9_%E2%80%93_Pulando_as_pedras_do_Monte_Wellington_no_Organ_Pipes_National_Park_na_Australia\" >9 &#8211; Pulando as pedras do Monte\u00a0Wellington no\u00a0Organ Pipes National Park na Austr\u00e1lia<\/a><\/li><li class='ez-toc-page-1 ez-toc-heading-level-3'><a class=\"ez-toc-link ez-toc-heading-5\" href=\"https:\/\/www.mochileiros.com\/blog\/12-fotos-que-qualquer-mochileiro-gostaria-de-ter-em-seu-album\/#8_%E2%80%93_Apreciando_a_vista_com_seus_amigos_depois_de_um_passeio_de_caiaque_em_Vitoria_Falls_no_Zimbabwe\" >8 &#8211; Apreciando a vista com seus amigos depois de um\u00a0passeio de caiaque\u00a0em Vit\u00f3ria Falls no\u00a0Zimbabwe<\/a><\/li><li class='ez-toc-page-1 ez-toc-heading-level-3'><a class=\"ez-toc-link ez-toc-heading-6\" href=\"https:\/\/www.mochileiros.com\/blog\/12-fotos-que-qualquer-mochileiro-gostaria-de-ter-em-seu-album\/#_7_%E2%80%93_Aguardando_a_passagem_na_trilha_de_Chang_Kong_Cliff_no_Monte_Hua_na_China\" >\u00a07 &#8211;\u00a0Aguardando a passagem\u00a0na trilha de Chang Kong Cliff no Monte\u00a0Hua na China<\/a><\/li><li class='ez-toc-page-1 ez-toc-heading-level-3'><a class=\"ez-toc-link ez-toc-heading-7\" href=\"https:\/\/www.mochileiros.com\/blog\/12-fotos-que-qualquer-mochileiro-gostaria-de-ter-em-seu-album\/#6_-Escalando_uma_sequoia_gigante_de_750_anos_no_National_Park_em_Sierra_Nevada_na_California\" >6 -Escalando\u00a0uma sequoia gigante de 750 anos no National Park em Sierra Nevada na Calif\u00f3rnia<\/a><\/li><li class='ez-toc-page-1 ez-toc-heading-level-3'><a class=\"ez-toc-link ez-toc-heading-8\" href=\"https:\/\/www.mochileiros.com\/blog\/12-fotos-que-qualquer-mochileiro-gostaria-de-ter-em-seu-album\/#5_%E2%80%93_Passando_a_noite_no_topo_da_Grande_Piramide_de_Queops_no_Egito\" >5 &#8211; Passando a\u00a0noite no topo da\u00a0Grande Pir\u00e2mide de Qu\u00e9ops no Egito<\/a><\/li><li class='ez-toc-page-1 ez-toc-heading-level-3'><a class=\"ez-toc-link ez-toc-heading-9\" href=\"https:\/\/www.mochileiros.com\/blog\/12-fotos-que-qualquer-mochileiro-gostaria-de-ter-em-seu-album\/#_4_%E2%80%93_Fazendo_uma_brincadeira_com_seu_monociclo_em_Troll_Wall_na_Noruega\" >\u00a04 &#8211; Fazendo uma brincadeira\u00a0com seu monociclo\u00a0em\u00a0Troll Wall na Noruega<\/a><\/li><li class='ez-toc-page-1 ez-toc-heading-level-3'><a class=\"ez-toc-link ez-toc-heading-10\" href=\"https:\/\/www.mochileiros.com\/blog\/12-fotos-que-qualquer-mochileiro-gostaria-de-ter-em-seu-album\/#_3_%E2%80%93_Curtindo_a_vista_de_cima_do_Pic_du_Roc_no_Mont_Blanc\" >\u00a03 &#8211; Curtindo a vista de cima do Pic du Roc no\u00a0Mont Blanc<\/a><\/li><li class='ez-toc-page-1 ez-toc-heading-level-3'><a class=\"ez-toc-link ez-toc-heading-11\" href=\"https:\/\/www.mochileiros.com\/blog\/12-fotos-que-qualquer-mochileiro-gostaria-de-ter-em-seu-album\/#_2_%E2%80%93_Namorando_na_Vance_Creek_Bridge_em_Washington_nos_Estados_Unidos\" >\u00a02 &#8211; Namorando na\u00a0Vance Creek Bridge em\u00a0Washington nos Estados Unidos<\/a><\/li><li class='ez-toc-page-1 ez-toc-heading-level-3'><a class=\"ez-toc-link ez-toc-heading-12\" href=\"https:\/\/www.mochileiros.com\/blog\/12-fotos-que-qualquer-mochileiro-gostaria-de-ter-em-seu-album\/#1_%E2%80%93_Fazendo_um_Mountain_Biking_no_Cliffs_of_Moher_na_Irlanda\" >1 &#8211; Fazendo um Mountain Biking no\u00a0Cliffs of Moher na Irlanda<\/a><\/li><\/ul><\/nav><\/div>\n<h3><span class=\"ez-toc-section\" id=\"12_%E2%80%93_Sentadoa_na_Trolltunga_Rock_na_Noruega\"><\/span><strong>12 &#8211; Sentado(a) na\u00a0Trolltunga Rock na Noruega<\/strong><span class=\"ez-toc-section-end\"><\/span><\/h3>\n<div id=\"attachment_13785\" style=\"width: 1034px\" class=\"wp-caption alignnone\"><a href=\"https:\/\/www.mochileiros.com\/blog\/wp-content\/uploads\/2015\/03\/trolltunga.jpg\"><img loading=\"lazy\" decoding=\"async\" aria-describedby=\"caption-attachment-13785\" class=\"wp-image-13785 size-large\" src=\"https:\/\/www.mochileiros.com\/blog\/wp-content\/uploads\/2015\/03\/trolltunga-1024x678.jpg\" alt=\"Trolltunga Rock - Foto: Harald Hognerud\" width=\"1024\" height=\"678\" srcset=\"https:\/\/www.mochileiros.com\/blog\/wp-content\/uploads\/2015\/03\/trolltunga-1024x678.jpg 1024w, https:\/\/www.mochileiros.com\/blog\/wp-content\/uploads\/2015\/03\/trolltunga-300x199.jpg 300w, https:\/\/www.mochileiros.com\/blog\/wp-content\/uploads\/2015\/03\/trolltunga-767x508.jpg 767w, https:\/\/www.mochileiros.com\/blog\/wp-content\/uploads\/2015\/03\/trolltunga-1536x1017.jpg 1536w, https:\/\/www.mochileiros.com\/blog\/wp-content\/uploads\/2015\/03\/trolltunga-2048x1356.jpg 2048w, https:\/\/www.mochileiros.com\/blog\/wp-content\/uploads\/2015\/03\/trolltunga-227x150.jpg 227w, https:\/\/www.mochileiros.com\/blog\/wp-content\/uploads\/2015\/03\/trolltunga-100x66.jpg 100w, https:\/\/www.mochileiros.com\/blog\/wp-content\/uploads\/2015\/03\/trolltunga-529x350.jpg 529w, https:\/\/www.mochileiros.com\/blog\/wp-content\/uploads\/2015\/03\/trolltunga-788x521.jpg 788w, https:\/\/www.mochileiros.com\/blog\/wp-content\/uploads\/2015\/03\/trolltunga-768x509.jpg 768w, https:\/\/www.mochileiros.com\/blog\/wp-content\/uploads\/2015\/03\/trolltunga-313x207.jpg 313w, https:\/\/www.mochileiros.com\/blog\/wp-content\/uploads\/2015\/03\/trolltunga-20x13.jpg 20w, https:\/\/www.mochileiros.com\/blog\/wp-content\/uploads\/2015\/03\/trolltunga.jpg 1631w\" sizes=\"auto, (max-width: 1024px) 100vw, 1024px\" \/><\/a><p id=\"caption-attachment-13785\" class=\"wp-caption-text\">Turista sentado na Trolltunga Rock na Noruega &#8211; Foto: Harald Hognerud<\/p><\/div>\n<p>&nbsp;<\/p>\n<h3><span class=\"ez-toc-section\" id=\"11_%E2%80%93_Curtindo_a_paisagem_do_Parque_Nacional_de_Yosemite_em_pe_encostado_nas_paredes_do_Half_Dome_na_California\"><\/span><strong>11 &#8211; Curtindo a paisagem do\u00a0Parque Nacional de Yosemite em p\u00e9 encostado nas paredes do Half Dome na\u00a0Calif\u00f3rnia<\/strong><span class=\"ez-toc-section-end\"><\/span><\/h3>\n<div id=\"attachment_13787\" style=\"width: 1034px\" class=\"wp-caption alignnone\"><a href=\"https:\/\/www.mochileiros.com\/blog\/wp-content\/uploads\/2015\/03\/20131105_Honnold_credit_Chin_A_mediagallery-fullscreen.jpg\"><img loading=\"lazy\" decoding=\"async\" aria-describedby=\"caption-attachment-13787\" class=\"size-large wp-image-13787\" src=\"https:\/\/www.mochileiros.com\/blog\/wp-content\/uploads\/2015\/03\/20131105_Honnold_credit_Chin_A_mediagallery-fullscreen-1024x640.jpg\" alt=\"Na foto o escalador americano Alex Honnold - Foto: Jimmy Chin\" width=\"1024\" height=\"640\" srcset=\"https:\/\/www.mochileiros.com\/blog\/wp-content\/uploads\/2015\/03\/20131105_Honnold_credit_Chin_A_mediagallery-fullscreen-1024x640.jpg 1024w, https:\/\/www.mochileiros.com\/blog\/wp-content\/uploads\/2015\/03\/20131105_Honnold_credit_Chin_A_mediagallery-fullscreen-300x188.jpg 300w, https:\/\/www.mochileiros.com\/blog\/wp-content\/uploads\/2015\/03\/20131105_Honnold_credit_Chin_A_mediagallery-fullscreen-768x480.jpg 768w, https:\/\/www.mochileiros.com\/blog\/wp-content\/uploads\/2015\/03\/20131105_Honnold_credit_Chin_A_mediagallery-fullscreen-313x196.jpg 313w, https:\/\/www.mochileiros.com\/blog\/wp-content\/uploads\/2015\/03\/20131105_Honnold_credit_Chin_A_mediagallery-fullscreen-20x13.jpg 20w, https:\/\/www.mochileiros.com\/blog\/wp-content\/uploads\/2015\/03\/20131105_Honnold_credit_Chin_A_mediagallery-fullscreen.jpg 1727w\" sizes=\"auto, (max-width: 1024px) 100vw, 1024px\" \/><\/a><p id=\"caption-attachment-13787\" class=\"wp-caption-text\">Na foto o escalador americano Alex Honnold &#8211; Foto: Jimmy Chin<\/p><\/div>\n<h3><span class=\"ez-toc-section\" id=\"_10_%E2%80%93_Comemorando_no_topo_do_Monte_Nimbus_em_British_Columbia_no_Canada\"><\/span><strong>\u00a0 10 &#8211; Comemorando no topo do Monte Nimbus\u00a0em British Columbia no Canad\u00e1<\/strong><span class=\"ez-toc-section-end\"><\/span><\/h3>\n<div id=\"attachment_13791\" style=\"width: 1034px\" class=\"wp-caption alignnone\"><a href=\"https:\/\/www.mochileiros.com\/blog\/wp-content\/uploads\/2015\/03\/a6182d5278b6c5fcb4bf472abfcdfa32b1336f7887dd70cc05f22a8c03596133_-original1.jpg\"><img loading=\"lazy\" decoding=\"async\" aria-describedby=\"caption-attachment-13791\" class=\"wp-image-13791\" src=\"https:\/\/www.mochileiros.com\/blog\/wp-content\/uploads\/2015\/03\/a6182d5278b6c5fcb4bf472abfcdfa32b1336f7887dd70cc05f22a8c03596133_-original1.jpg\" alt=\"Monte Nimbus em British Columbia - Canad\u00e1 - Foto: Canuck Abroad\" width=\"1024\" height=\"1190\" srcset=\"https:\/\/www.mochileiros.com\/blog\/wp-content\/uploads\/2015\/03\/a6182d5278b6c5fcb4bf472abfcdfa32b1336f7887dd70cc05f22a8c03596133_-original1.jpg 1162w, https:\/\/www.mochileiros.com\/blog\/wp-content\/uploads\/2015\/03\/a6182d5278b6c5fcb4bf472abfcdfa32b1336f7887dd70cc05f22a8c03596133_-original1-258x300.jpg 258w, https:\/\/www.mochileiros.com\/blog\/wp-content\/uploads\/2015\/03\/a6182d5278b6c5fcb4bf472abfcdfa32b1336f7887dd70cc05f22a8c03596133_-original1-768x892.jpg 768w, https:\/\/www.mochileiros.com\/blog\/wp-content\/uploads\/2015\/03\/a6182d5278b6c5fcb4bf472abfcdfa32b1336f7887dd70cc05f22a8c03596133_-original1-881x1024.jpg 881w, https:\/\/www.mochileiros.com\/blog\/wp-content\/uploads\/2015\/03\/a6182d5278b6c5fcb4bf472abfcdfa32b1336f7887dd70cc05f22a8c03596133_-original1-313x364.jpg 313w, https:\/\/www.mochileiros.com\/blog\/wp-content\/uploads\/2015\/03\/a6182d5278b6c5fcb4bf472abfcdfa32b1336f7887dd70cc05f22a8c03596133_-original1-17x20.jpg 17w\" sizes=\"auto, (max-width: 1024px) 100vw, 1024px\" \/><\/a><p id=\"caption-attachment-13791\" class=\"wp-caption-text\">Alpinistas no topo do Monte Nimbus em British Columbia &#8211; Canad\u00e1 &#8211; Foto: Canuck Abroad<\/p><\/div>\n<p>&nbsp;<\/p>\n<h3><span class=\"ez-toc-section\" id=\"9_%E2%80%93_Pulando_as_pedras_do_Monte_Wellington_no_Organ_Pipes_National_Park_na_Australia\"><\/span><strong>9 &#8211; Pulando as pedras do Monte\u00a0Wellington no\u00a0Organ Pipes National Park na Austr\u00e1lia<\/strong><span class=\"ez-toc-section-end\"><\/span><\/h3>\n<div id=\"attachment_13794\" style=\"width: 1034px\" class=\"wp-caption alignnone\"><a href=\"https:\/\/www.mochileiros.com\/blog\/wp-content\/uploads\/2015\/03\/1eba8eb788ca237372578093083ec9f7.jpg\"><img loading=\"lazy\" decoding=\"async\" aria-describedby=\"caption-attachment-13794\" class=\"wp-image-13794\" src=\"https:\/\/www.mochileiros.com\/blog\/wp-content\/uploads\/2015\/03\/1eba8eb788ca237372578093083ec9f7.jpg\" alt=\"\" width=\"1024\" height=\"1536\" srcset=\"https:\/\/www.mochileiros.com\/blog\/wp-content\/uploads\/2015\/03\/1eba8eb788ca237372578093083ec9f7.jpg 990w, https:\/\/www.mochileiros.com\/blog\/wp-content\/uploads\/2015\/03\/1eba8eb788ca237372578093083ec9f7-200x300.jpg 200w, https:\/\/www.mochileiros.com\/blog\/wp-content\/uploads\/2015\/03\/1eba8eb788ca237372578093083ec9f7-768x1152.jpg 768w, https:\/\/www.mochileiros.com\/blog\/wp-content\/uploads\/2015\/03\/1eba8eb788ca237372578093083ec9f7-683x1024.jpg 683w, https:\/\/www.mochileiros.com\/blog\/wp-content\/uploads\/2015\/03\/1eba8eb788ca237372578093083ec9f7-313x470.jpg 313w, https:\/\/www.mochileiros.com\/blog\/wp-content\/uploads\/2015\/03\/1eba8eb788ca237372578093083ec9f7-13x20.jpg 13w\" sizes=\"auto, (max-width: 1024px) 100vw, 1024px\" \/><\/a><p id=\"caption-attachment-13794\" class=\"wp-caption-text\">O alpinista Lyle Closs salta para a forma\u00e7\u00e3o rochosa conhecida como Albert&#8217;s Tomb no Monte Wellington que fica no Organ Pipes National Park em Victoria, Australia &#8211; Foto de Stefan Karpiniec \u00a0em 1974<\/p><\/div>\n<p>&nbsp;<\/p>\n<h3><span class=\"ez-toc-section\" id=\"8_%E2%80%93_Apreciando_a_vista_com_seus_amigos_depois_de_um_passeio_de_caiaque_em_Vitoria_Falls_no_Zimbabwe\"><\/span><strong>8 &#8211; Apreciando a vista com seus amigos depois de um\u00a0passeio de caiaque\u00a0em Vit\u00f3ria Falls no\u00a0Zimbabwe<\/strong><span class=\"ez-toc-section-end\"><\/span><\/h3>\n<div id=\"attachment_13796\" style=\"width: 1034px\" class=\"wp-caption alignnone\"><a href=\"https:\/\/www.mochileiros.com\/blog\/wp-content\/uploads\/2015\/03\/FbEoN1.jpg\"><img loading=\"lazy\" decoding=\"async\" aria-describedby=\"caption-attachment-13796\" class=\"wp-image-13796\" src=\"https:\/\/www.mochileiros.com\/blog\/wp-content\/uploads\/2015\/03\/FbEoN1.jpg\" alt=\"\" width=\"1024\" height=\"1463\" srcset=\"https:\/\/www.mochileiros.com\/blog\/wp-content\/uploads\/2015\/03\/FbEoN1.jpg 964w, https:\/\/www.mochileiros.com\/blog\/wp-content\/uploads\/2015\/03\/FbEoN1-210x300.jpg 210w, https:\/\/www.mochileiros.com\/blog\/wp-content\/uploads\/2015\/03\/FbEoN1-768x1097.jpg 768w, https:\/\/www.mochileiros.com\/blog\/wp-content\/uploads\/2015\/03\/FbEoN1-717x1024.jpg 717w, https:\/\/www.mochileiros.com\/blog\/wp-content\/uploads\/2015\/03\/FbEoN1-313x447.jpg 313w, https:\/\/www.mochileiros.com\/blog\/wp-content\/uploads\/2015\/03\/FbEoN1-14x20.jpg 14w\" sizes=\"auto, (max-width: 1024px) 100vw, 1024px\" \/><\/a><p id=\"caption-attachment-13796\" class=\"wp-caption-text\">Os cano\u00edstas Steve Fisher, Dale Jardine e Sam Drevor olhando a queda de Victoria Falls no Zimbabwe &#8211; Foto: Desre Tate<\/p><\/div>\n<p>&nbsp;<\/p>\n<div id=\"attachment_13821\" style=\"width: 1034px\" class=\"wp-caption alignnone\"><a href=\"https:\/\/www.mochileiros.com\/blog\/wp-content\/uploads\/2015\/03\/MG_0580.jpg\"><img loading=\"lazy\" decoding=\"async\" aria-describedby=\"caption-attachment-13821\" class=\"wp-image-13821\" src=\"https:\/\/www.mochileiros.com\/blog\/wp-content\/uploads\/2015\/03\/MG_0580.jpg\" alt=\"Os cano\u00edstas Steve Fisher, Dale Jardine e Sam Drevor olhando a queda de Victoria Falls no Zimbabwe - Foto: Desre Tate\" width=\"1024\" height=\"683\" srcset=\"https:\/\/www.mochileiros.com\/blog\/wp-content\/uploads\/2015\/03\/MG_0580.jpg 1000w, https:\/\/www.mochileiros.com\/blog\/wp-content\/uploads\/2015\/03\/MG_0580-300x200.jpg 300w, https:\/\/www.mochileiros.com\/blog\/wp-content\/uploads\/2015\/03\/MG_0580-768x512.jpg 768w, https:\/\/www.mochileiros.com\/blog\/wp-content\/uploads\/2015\/03\/MG_0580-313x209.jpg 313w, https:\/\/www.mochileiros.com\/blog\/wp-content\/uploads\/2015\/03\/MG_0580-20x13.jpg 20w\" sizes=\"auto, (max-width: 1024px) 100vw, 1024px\" \/><\/a><p id=\"caption-attachment-13821\" class=\"wp-caption-text\">Os cano\u00edstas Steve Fisher, Dale Jardine e Sam Drevor olhando a queda de Victoria Falls no Zimbabwe &#8211; Foto: Desre Tate<\/p><\/div>\n<h3><\/h3>\n<h3><span class=\"ez-toc-section\" id=\"_7_%E2%80%93_Aguardando_a_passagem_na_trilha_de_Chang_Kong_Cliff_no_Monte_Hua_na_China\"><\/span>\u00a07 &#8211;\u00a0<strong>Aguardando a passagem\u00a0na trilha de Chang Kong Cliff no Monte\u00a0Hua na China<\/strong><span class=\"ez-toc-section-end\"><\/span><\/h3>\n<div id=\"attachment_13798\" style=\"width: 1034px\" class=\"wp-caption alignnone\"><a href=\"https:\/\/www.mochileiros.com\/blog\/wp-content\/uploads\/2015\/03\/ay110996778mandatory-credit-e1369864510861.jpg\"><img loading=\"lazy\" decoding=\"async\" aria-describedby=\"caption-attachment-13798\" class=\"wp-image-13798 size-full\" src=\"https:\/\/www.mochileiros.com\/blog\/wp-content\/uploads\/2015\/03\/ay110996778mandatory-credit-e1369864510861.jpg\" alt=\"\" width=\"1024\" height=\"1375\" srcset=\"https:\/\/www.mochileiros.com\/blog\/wp-content\/uploads\/2015\/03\/ay110996778mandatory-credit-e1369864510861.jpg 1024w, https:\/\/www.mochileiros.com\/blog\/wp-content\/uploads\/2015\/03\/ay110996778mandatory-credit-e1369864510861-223x300.jpg 223w, https:\/\/www.mochileiros.com\/blog\/wp-content\/uploads\/2015\/03\/ay110996778mandatory-credit-e1369864510861-768x1031.jpg 768w, https:\/\/www.mochileiros.com\/blog\/wp-content\/uploads\/2015\/03\/ay110996778mandatory-credit-e1369864510861-763x1024.jpg 763w, https:\/\/www.mochileiros.com\/blog\/wp-content\/uploads\/2015\/03\/ay110996778mandatory-credit-e1369864510861-313x420.jpg 313w, https:\/\/www.mochileiros.com\/blog\/wp-content\/uploads\/2015\/03\/ay110996778mandatory-credit-e1369864510861-15x20.jpg 15w\" sizes=\"auto, (max-width: 1024px) 100vw, 1024px\" \/><\/a><p id=\"caption-attachment-13798\" class=\"wp-caption-text\">Turistas chineses na trilha de Chang Kong Cliff no Monte Hua na China &#8211; Foto: China Tours<\/p><\/div>\n<p>&nbsp;<\/p>\n<h3><span class=\"ez-toc-section\" id=\"6_-Escalando_uma_sequoia_gigante_de_750_anos_no_National_Park_em_Sierra_Nevada_na_California\"><\/span><strong>6 -Escalando\u00a0uma sequoia gigante de 750 anos no National Park em Sierra Nevada na Calif\u00f3rnia<\/strong><span class=\"ez-toc-section-end\"><\/span><\/h3>\n<div id=\"attachment_13803\" style=\"width: 1034px\" class=\"wp-caption alignnone\"><a href=\"https:\/\/www.mochileiros.com\/blog\/wp-content\/uploads\/2015\/03\/YCMloN.jpg\"><img loading=\"lazy\" decoding=\"async\" aria-describedby=\"caption-attachment-13803\" class=\"wp-image-13803\" src=\"https:\/\/www.mochileiros.com\/blog\/wp-content\/uploads\/2015\/03\/YCMloN.jpg\" alt=\"\" width=\"1024\" height=\"767\" srcset=\"https:\/\/www.mochileiros.com\/blog\/wp-content\/uploads\/2015\/03\/YCMloN.jpg 1000w, https:\/\/www.mochileiros.com\/blog\/wp-content\/uploads\/2015\/03\/YCMloN-300x225.jpg 300w, https:\/\/www.mochileiros.com\/blog\/wp-content\/uploads\/2015\/03\/YCMloN-768x575.jpg 768w, https:\/\/www.mochileiros.com\/blog\/wp-content\/uploads\/2015\/03\/YCMloN-313x234.jpg 313w, https:\/\/www.mochileiros.com\/blog\/wp-content\/uploads\/2015\/03\/YCMloN-20x15.jpg 20w\" sizes=\"auto, (max-width: 1024px) 100vw, 1024px\" \/><\/a><p id=\"caption-attachment-13803\" class=\"wp-caption-text\">Cientistas escalando uma sequoia de 750 anos no Sequoia National Park em Sierra Nevada na Calif\u00f3rnia &#8211; Foto: Michael Nichols<\/p><\/div>\n<p>&nbsp;<\/p>\n<h3><span class=\"ez-toc-section\" id=\"5_%E2%80%93_Passando_a_noite_no_topo_da_Grande_Piramide_de_Queops_no_Egito\"><\/span><strong>5 &#8211; Passando a\u00a0noite no topo da\u00a0Grande Pir\u00e2mide de Qu\u00e9ops no Egito<\/strong><span class=\"ez-toc-section-end\"><\/span><\/h3>\n<div id=\"attachment_13812\" style=\"width: 1034px\" class=\"wp-caption alignnone\"><a href=\"https:\/\/www.mochileiros.com\/blog\/wp-content\/uploads\/2015\/03\/3OFvmZo.jpg\"><img loading=\"lazy\" decoding=\"async\" aria-describedby=\"caption-attachment-13812\" class=\"wp-image-13812 size-large\" src=\"https:\/\/www.mochileiros.com\/blog\/wp-content\/uploads\/2015\/03\/3OFvmZo-1024x683.jpg\" alt=\"Botando o papo em dia no topo da pir\u00e2mide - Foto: Simon Yorkston\" width=\"1024\" height=\"683\" srcset=\"https:\/\/www.mochileiros.com\/blog\/wp-content\/uploads\/2015\/03\/3OFvmZo-1024x683.jpg 1024w, https:\/\/www.mochileiros.com\/blog\/wp-content\/uploads\/2015\/03\/3OFvmZo-300x200.jpg 300w, https:\/\/www.mochileiros.com\/blog\/wp-content\/uploads\/2015\/03\/3OFvmZo-768x512.jpg 768w, https:\/\/www.mochileiros.com\/blog\/wp-content\/uploads\/2015\/03\/3OFvmZo-313x209.jpg 313w, https:\/\/www.mochileiros.com\/blog\/wp-content\/uploads\/2015\/03\/3OFvmZo-20x13.jpg 20w, https:\/\/www.mochileiros.com\/blog\/wp-content\/uploads\/2015\/03\/3OFvmZo.jpg 1179w\" sizes=\"auto, (max-width: 1024px) 100vw, 1024px\" \/><\/a><p id=\"caption-attachment-13812\" class=\"wp-caption-text\">Em 2013 um grupo de fot\u00f3grafos russos driblaram os guardas e passaram a noite fotografando no topo da Grande Pir\u00e2mide de Qu\u00e9ops no Egito &#8211; Foto: Simon Yorkston<\/p><\/div>\n<p>&nbsp;<\/p>\n<h3><span class=\"ez-toc-section\" id=\"_4_%E2%80%93_Fazendo_uma_brincadeira_com_seu_monociclo_em_Troll_Wall_na_Noruega\"><\/span><strong>\u00a04 &#8211; Fazendo uma brincadeira\u00a0com seu monociclo\u00a0em\u00a0Troll Wall na Noruega<\/strong><span class=\"ez-toc-section-end\"><\/span><\/h3>\n<div id=\"attachment_13815\" style=\"width: 1034px\" class=\"wp-caption alignnone\"><a href=\"https:\/\/www.mochileiros.com\/blog\/wp-content\/uploads\/2015\/03\/Still_On-the-Edge_Trollwall-unicycle_by-Sindre-lundvold.jpg\"><img loading=\"lazy\" decoding=\"async\" aria-describedby=\"caption-attachment-13815\" class=\"wp-image-13815 size-large\" src=\"https:\/\/www.mochileiros.com\/blog\/wp-content\/uploads\/2015\/03\/Still_On-the-Edge_Trollwall-unicycle_by-Sindre-lundvold-1024x683.jpg\" alt=\"\" width=\"1024\" height=\"683\" srcset=\"https:\/\/www.mochileiros.com\/blog\/wp-content\/uploads\/2015\/03\/Still_On-the-Edge_Trollwall-unicycle_by-Sindre-lundvold-1024x683.jpg 1024w, https:\/\/www.mochileiros.com\/blog\/wp-content\/uploads\/2015\/03\/Still_On-the-Edge_Trollwall-unicycle_by-Sindre-lundvold-300x200.jpg 300w, https:\/\/www.mochileiros.com\/blog\/wp-content\/uploads\/2015\/03\/Still_On-the-Edge_Trollwall-unicycle_by-Sindre-lundvold-768x512.jpg 768w, https:\/\/www.mochileiros.com\/blog\/wp-content\/uploads\/2015\/03\/Still_On-the-Edge_Trollwall-unicycle_by-Sindre-lundvold-313x209.jpg 313w, https:\/\/www.mochileiros.com\/blog\/wp-content\/uploads\/2015\/03\/Still_On-the-Edge_Trollwall-unicycle_by-Sindre-lundvold-20x13.jpg 20w, https:\/\/www.mochileiros.com\/blog\/wp-content\/uploads\/2015\/03\/Still_On-the-Edge_Trollwall-unicycle_by-Sindre-lundvold.jpg 1814w\" sizes=\"auto, (max-width: 1024px) 100vw, 1024px\" \/><\/a><p id=\"caption-attachment-13815\" class=\"wp-caption-text\">O artista perform\u00e1tico noruegu\u00eas Eskil R\u00f8nningsbakken se equilibrando em um monociclo no Troll Wall na Noruega &#8211; Foto: Sindre Lundvold<\/p><\/div>\n<h3><\/h3>\n<h3><span class=\"ez-toc-section\" id=\"_3_%E2%80%93_Curtindo_a_vista_de_cima_do_Pic_du_Roc_no_Mont_Blanc\"><\/span><strong>\u00a03 &#8211; Curtindo a vista de cima do Pic du Roc no\u00a0Mont Blanc<\/strong><span class=\"ez-toc-section-end\"><\/span><\/h3>\n<div id=\"attachment_13816\" style=\"width: 1034px\" class=\"wp-caption alignnone\"><a href=\"https:\/\/www.mochileiros.com\/blog\/wp-content\/uploads\/2015\/03\/tumblr_mjpy6mb1il1qzt0oyo1_1280.jpg\"><img loading=\"lazy\" decoding=\"async\" aria-describedby=\"caption-attachment-13816\" class=\"wp-image-13816\" src=\"https:\/\/www.mochileiros.com\/blog\/wp-content\/uploads\/2015\/03\/tumblr_mjpy6mb1il1qzt0oyo1_1280.jpg\" alt=\"O alpinista franc\u00eas Gaston R\u00e9buffat curtindo a vista no Pic du Roc ( 3.409 metros ) na parte inferior do Dent du G\u00e9ant no Mont Blanc - Foto: George Tairraz \" width=\"1024\" height=\"1432\" srcset=\"https:\/\/www.mochileiros.com\/blog\/wp-content\/uploads\/2015\/03\/tumblr_mjpy6mb1il1qzt0oyo1_1280.jpg 1144w, https:\/\/www.mochileiros.com\/blog\/wp-content\/uploads\/2015\/03\/tumblr_mjpy6mb1il1qzt0oyo1_1280-215x300.jpg 215w, https:\/\/www.mochileiros.com\/blog\/wp-content\/uploads\/2015\/03\/tumblr_mjpy6mb1il1qzt0oyo1_1280-768x1074.jpg 768w, https:\/\/www.mochileiros.com\/blog\/wp-content\/uploads\/2015\/03\/tumblr_mjpy6mb1il1qzt0oyo1_1280-732x1024.jpg 732w, https:\/\/www.mochileiros.com\/blog\/wp-content\/uploads\/2015\/03\/tumblr_mjpy6mb1il1qzt0oyo1_1280-313x438.jpg 313w, https:\/\/www.mochileiros.com\/blog\/wp-content\/uploads\/2015\/03\/tumblr_mjpy6mb1il1qzt0oyo1_1280-14x20.jpg 14w\" sizes=\"auto, (max-width: 1024px) 100vw, 1024px\" \/><\/a><p id=\"caption-attachment-13816\" class=\"wp-caption-text\">O alpinista franc\u00eas Gaston R\u00e9buffat curtindo a vista no Pic du Roc ( 3.409 metros ) na parte inferior do Dent du G\u00e9ant no Mont Blanc &#8211; Foto: George Tairraz<\/p><\/div>\n<p>&nbsp;<\/p>\n<h3><span class=\"ez-toc-section\" id=\"_2_%E2%80%93_Namorando_na_Vance_Creek_Bridge_em_Washington_nos_Estados_Unidos\"><\/span><strong>\u00a02 &#8211; Namorando na\u00a0Vance Creek Bridge em\u00a0Washington nos Estados Unidos<\/strong><span class=\"ez-toc-section-end\"><\/span><\/h3>\n<div id=\"attachment_13817\" style=\"width: 1034px\" class=\"wp-caption alignnone\"><a href=\"https:\/\/www.mochileiros.com\/blog\/wp-content\/uploads\/2015\/03\/b0c83cdb1592c1905b71f24438c0a0a8.jpg\"><img loading=\"lazy\" decoding=\"async\" aria-describedby=\"caption-attachment-13817\" class=\"size-large wp-image-13817\" src=\"https:\/\/www.mochileiros.com\/blog\/wp-content\/uploads\/2015\/03\/b0c83cdb1592c1905b71f24438c0a0a8-1024x684.jpg\" alt=\"Foto da s\u00e9rie &quot;Big Drop Romance&quot; do fot\u00f3grafo americano Isaac Gautschi\" width=\"1024\" height=\"684\" srcset=\"https:\/\/www.mochileiros.com\/blog\/wp-content\/uploads\/2015\/03\/b0c83cdb1592c1905b71f24438c0a0a8-1024x684.jpg 1024w, https:\/\/www.mochileiros.com\/blog\/wp-content\/uploads\/2015\/03\/b0c83cdb1592c1905b71f24438c0a0a8-300x200.jpg 300w, https:\/\/www.mochileiros.com\/blog\/wp-content\/uploads\/2015\/03\/b0c83cdb1592c1905b71f24438c0a0a8-768x513.jpg 768w, https:\/\/www.mochileiros.com\/blog\/wp-content\/uploads\/2015\/03\/b0c83cdb1592c1905b71f24438c0a0a8-313x209.jpg 313w, https:\/\/www.mochileiros.com\/blog\/wp-content\/uploads\/2015\/03\/b0c83cdb1592c1905b71f24438c0a0a8-20x13.jpg 20w, https:\/\/www.mochileiros.com\/blog\/wp-content\/uploads\/2015\/03\/b0c83cdb1592c1905b71f24438c0a0a8.jpg 2048w\" sizes=\"auto, (max-width: 1024px) 100vw, 1024px\" \/><\/a><p id=\"caption-attachment-13817\" class=\"wp-caption-text\">Foto da s\u00e9rie &#8220;Big Drop Romance&#8221; do fot\u00f3grafo americano Isaac Gautschi<\/p><\/div>\n<p>&nbsp;<\/p>\n<h3><span class=\"ez-toc-section\" id=\"1_%E2%80%93_Fazendo_um_Mountain_Biking_no_Cliffs_of_Moher_na_Irlanda\"><\/span><strong>1 &#8211; Fazendo um Mountain Biking no\u00a0Cliffs of Moher na Irlanda<\/strong><span class=\"ez-toc-section-end\"><\/span><\/h3>\n<div id=\"attachment_13819\" style=\"width: 1034px\" class=\"wp-caption alignnone\"><a href=\"https:\/\/www.mochileiros.com\/blog\/wp-content\/uploads\/2015\/03\/Cliffs-of-Moher.jpg\"><img loading=\"lazy\" decoding=\"async\" aria-describedby=\"caption-attachment-13819\" class=\"size-large wp-image-13819\" src=\"https:\/\/www.mochileiros.com\/blog\/wp-content\/uploads\/2015\/03\/Cliffs-of-Moher-1024x682.jpg\" alt=\"Os ciclistas Hans Rey e Steve Peat apreciando a vista em Cliffs of Moher - Foto: Victor Lucas\" width=\"1024\" height=\"682\" srcset=\"https:\/\/www.mochileiros.com\/blog\/wp-content\/uploads\/2015\/03\/Cliffs-of-Moher-1024x682.jpg 1024w, https:\/\/www.mochileiros.com\/blog\/wp-content\/uploads\/2015\/03\/Cliffs-of-Moher-300x200.jpg 300w, https:\/\/www.mochileiros.com\/blog\/wp-content\/uploads\/2015\/03\/Cliffs-of-Moher-768x512.jpg 768w, https:\/\/www.mochileiros.com\/blog\/wp-content\/uploads\/2015\/03\/Cliffs-of-Moher-313x209.jpg 313w, https:\/\/www.mochileiros.com\/blog\/wp-content\/uploads\/2015\/03\/Cliffs-of-Moher-20x13.jpg 20w, https:\/\/www.mochileiros.com\/blog\/wp-content\/uploads\/2015\/03\/Cliffs-of-Moher.jpg 2000w\" sizes=\"auto, (max-width: 1024px) 100vw, 1024px\" \/><\/a><p id=\"caption-attachment-13819\" class=\"wp-caption-text\">Os ciclistas Hans Rey e Steve Peat apreciando a vista em Cliffs of Moher &#8211; Foto: Victor Lucas<\/p><\/div>\n<p>&nbsp;<\/p>\n","protected":false},"excerpt":{"rendered":"<p>12 &#8211; Sentado(a) na\u00a0Trolltunga Rock na Noruega &nbsp; 11 &#8211; Curtindo a paisagem do\u00a0Parque Nacional de Yosemite em p\u00e9 encostado nas paredes do Half Dome na\u00a0Calif\u00f3rnia \u00a0 10 &#8211; Comemorando no topo do Monte Nimbus\u00a0em British Columbia no Canad\u00e1 &nbsp; 9 &#8211; Pulando as pedras do Monte\u00a0Wellington no\u00a0Organ Pipes National Park na Austr\u00e1lia &nbsp; 8 [&hellip;]<\/p>\n","protected":false},"author":55,"featured_media":13785,"comment_status":"open","ping_status":"closed","sticky":false,"template":"","format":"standard","meta":{"googlesitekit_rrm_CAoiELM5mIOjYRN0nfylq3_9r-8:productID":"","_crdt_document":"","_daim_seo_power":"","_daim_enable_ail":"","footnotes":""},"categories":[168],"tags":[39,1176],"class_list":["post-13783","post","type-post","status-publish","format-standard","has-post-thumbnail","hentry","category-blog","tag-fotografia-de-viagem","tag-listas"],"_links":{"self":[{"href":"https:\/\/www.mochileiros.com\/blog\/wp-json\/wp\/v2\/posts\/13783","targetHints":{"allow":["GET"]}}],"collection":[{"href":"https:\/\/www.mochileiros.com\/blog\/wp-json\/wp\/v2\/posts"}],"about":[{"href":"https:\/\/www.mochileiros.com\/blog\/wp-json\/wp\/v2\/types\/post"}],"author":[{"embeddable":true,"href":"https:\/\/www.mochileiros.com\/blog\/wp-json\/wp\/v2\/users\/55"}],"replies":[{"embeddable":true,"href":"https:\/\/www.mochileiros.com\/blog\/wp-json\/wp\/v2\/comments?post=13783"}],"version-history":[{"count":0,"href":"https:\/\/www.mochileiros.com\/blog\/wp-json\/wp\/v2\/posts\/13783\/revisions"}],"wp:featuredmedia":[{"embeddable":true,"href":"https:\/\/www.mochileiros.com\/blog\/wp-json\/wp\/v2\/media\/13785"}],"wp:attachment":[{"href":"https:\/\/www.mochileiros.com\/blog\/wp-json\/wp\/v2\/media?parent=13783"}],"wp:term":[{"taxonomy":"category","embeddable":true,"href":"https:\/\/www.mochileiros.com\/blog\/wp-json\/wp\/v2\/categories?post=13783"},{"taxonomy":"post_tag","embeddable":true,"href":"https:\/\/www.mochileiros.com\/blog\/wp-json\/wp\/v2\/tags?post=13783"}],"curies":[{"name":"wp","href":"https:\/\/api.w.org\/{rel}","templated":true}]}}