{"id":14520,"date":"2015-06-12T21:54:56","date_gmt":"2015-06-13T00:54:56","guid":{"rendered":"https:\/\/www.mochileiros.com\/blog\/?p=14520"},"modified":"2016-10-18T11:15:57","modified_gmt":"2016-10-18T14:15:57","slug":"50-razoes-para-amar-o-mundo","status":"publish","type":"post","link":"https:\/\/www.mochileiros.com\/blog\/50-razoes-para-amar-o-mundo","title":{"rendered":"50 raz\u00f5es para amar o mundo"},"content":{"rendered":"<p style=\"text-align: justify;\">O\u00a0Canal BBC Travel pediu para que seus colaboradores (escritores, chefs, m\u00fasicos e fot\u00f3grafos) compartilhassem alguma\u00a0experi\u00eancia vivenciada em suas viagens que pudesse\u00a0sintetizar\u00a0um motivo ou um momento que os mesmos encontraram raz\u00f5es para continuar acreditando, raz\u00f5es para amar\u00a0o mundo. \u00a0O\u00a0resultado voc\u00ea confere abaixo:<\/p>\n<p>&nbsp;<\/p>\n<div id=\"ez-toc-container\" class=\"ez-toc-v2_0_82_2 counter-hierarchy ez-toc-counter ez-toc-grey ez-toc-container-direction\">\n<div class=\"ez-toc-title-container\">\n<p class=\"ez-toc-title\" style=\"cursor:inherit\">\u00cdndice<\/p>\n<span class=\"ez-toc-title-toggle\"><a href=\"#\" class=\"ez-toc-pull-right ez-toc-btn ez-toc-btn-xs ez-toc-btn-default ez-toc-toggle\" aria-label=\"Alternar tabela de conte\u00fado\"><span class=\"ez-toc-js-icon-con\"><span class=\"\"><span class=\"eztoc-hide\" style=\"display:none;\">Toggle<\/span><span class=\"ez-toc-icon-toggle-span\"><svg style=\"fill: #999;color:#999\" xmlns=\"http:\/\/www.w3.org\/2000\/svg\" class=\"list-377408\" width=\"20px\" height=\"20px\" viewBox=\"0 0 24 24\" fill=\"none\"><path d=\"M6 6H4v2h2V6zm14 0H8v2h12V6zM4 11h2v2H4v-2zm16 0H8v2h12v-2zM4 16h2v2H4v-2zm16 0H8v2h12v-2z\" fill=\"currentColor\"><\/path><\/svg><svg style=\"fill: #999;color:#999\" class=\"arrow-unsorted-368013\" xmlns=\"http:\/\/www.w3.org\/2000\/svg\" width=\"10px\" height=\"10px\" viewBox=\"0 0 24 24\" version=\"1.2\" baseProfile=\"tiny\"><path d=\"M18.2 9.3l-6.2-6.3-6.2 6.3c-.2.2-.3.4-.3.7s.1.5.3.7c.2.2.4.3.7.3h11c.3 0 .5-.1.7-.3.2-.2.3-.5.3-.7s-.1-.5-.3-.7zM5.8 14.7l6.2 6.3 6.2-6.3c.2-.2.3-.5.3-.7s-.1-.5-.3-.7c-.2-.2-.4-.3-.7-.3h-11c-.3 0-.5.1-.7.3-.2.2-.3.5-.3.7s.1.5.3.7z\"\/><\/svg><\/span><\/span><\/span><\/a><\/span><\/div>\n<nav><ul class='ez-toc-list ez-toc-list-level-1 ' ><li class='ez-toc-page-1 ez-toc-heading-level-3'><a class=\"ez-toc-link ez-toc-heading-1\" href=\"https:\/\/www.mochileiros.com\/blog\/50-razoes-para-amar-o-mundo\/#50\" >50<\/a><\/li><li class='ez-toc-page-1 ez-toc-heading-level-3'><a class=\"ez-toc-link ez-toc-heading-2\" href=\"https:\/\/www.mochileiros.com\/blog\/50-razoes-para-amar-o-mundo\/#49\" >49<\/a><\/li><li class='ez-toc-page-1 ez-toc-heading-level-3'><a class=\"ez-toc-link ez-toc-heading-3\" href=\"https:\/\/www.mochileiros.com\/blog\/50-razoes-para-amar-o-mundo\/#48\" >48<\/a><\/li><li class='ez-toc-page-1 ez-toc-heading-level-3'><a class=\"ez-toc-link ez-toc-heading-4\" href=\"https:\/\/www.mochileiros.com\/blog\/50-razoes-para-amar-o-mundo\/#47\" >47<\/a><\/li><li class='ez-toc-page-1 ez-toc-heading-level-3'><a class=\"ez-toc-link ez-toc-heading-5\" href=\"https:\/\/www.mochileiros.com\/blog\/50-razoes-para-amar-o-mundo\/#46\" >46<\/a><\/li><li class='ez-toc-page-1 ez-toc-heading-level-3'><a class=\"ez-toc-link ez-toc-heading-6\" href=\"https:\/\/www.mochileiros.com\/blog\/50-razoes-para-amar-o-mundo\/#45\" >45\u00a0<\/a><\/li><li class='ez-toc-page-1 ez-toc-heading-level-3'><a class=\"ez-toc-link ez-toc-heading-7\" href=\"https:\/\/www.mochileiros.com\/blog\/50-razoes-para-amar-o-mundo\/#44\" >44<\/a><\/li><li class='ez-toc-page-1 ez-toc-heading-level-3'><a class=\"ez-toc-link ez-toc-heading-8\" href=\"https:\/\/www.mochileiros.com\/blog\/50-razoes-para-amar-o-mundo\/#43\" >43<\/a><\/li><li class='ez-toc-page-1 ez-toc-heading-level-3'><a class=\"ez-toc-link ez-toc-heading-9\" href=\"https:\/\/www.mochileiros.com\/blog\/50-razoes-para-amar-o-mundo\/#42\" >42<\/a><\/li><li class='ez-toc-page-1 ez-toc-heading-level-3'><a class=\"ez-toc-link ez-toc-heading-10\" href=\"https:\/\/www.mochileiros.com\/blog\/50-razoes-para-amar-o-mundo\/#_41\" >\u00a041<\/a><\/li><li class='ez-toc-page-1 ez-toc-heading-level-3'><a class=\"ez-toc-link ez-toc-heading-11\" href=\"https:\/\/www.mochileiros.com\/blog\/50-razoes-para-amar-o-mundo\/#_40\" >\u00a040<\/a><\/li><li class='ez-toc-page-1 ez-toc-heading-level-3'><a class=\"ez-toc-link ez-toc-heading-12\" href=\"https:\/\/www.mochileiros.com\/blog\/50-razoes-para-amar-o-mundo\/#39\" >39<\/a><\/li><li class='ez-toc-page-1 ez-toc-heading-level-3'><a class=\"ez-toc-link ez-toc-heading-13\" href=\"https:\/\/www.mochileiros.com\/blog\/50-razoes-para-amar-o-mundo\/#38\" >38<\/a><\/li><li class='ez-toc-page-1 ez-toc-heading-level-3'><a class=\"ez-toc-link ez-toc-heading-14\" href=\"https:\/\/www.mochileiros.com\/blog\/50-razoes-para-amar-o-mundo\/#37\" >37<\/a><\/li><li class='ez-toc-page-1 ez-toc-heading-level-3'><a class=\"ez-toc-link ez-toc-heading-15\" href=\"https:\/\/www.mochileiros.com\/blog\/50-razoes-para-amar-o-mundo\/#36\" >36<\/a><\/li><li class='ez-toc-page-1 ez-toc-heading-level-3'><a class=\"ez-toc-link ez-toc-heading-16\" href=\"https:\/\/www.mochileiros.com\/blog\/50-razoes-para-amar-o-mundo\/#35\" >35<\/a><\/li><li class='ez-toc-page-1 ez-toc-heading-level-3'><a class=\"ez-toc-link ez-toc-heading-17\" href=\"https:\/\/www.mochileiros.com\/blog\/50-razoes-para-amar-o-mundo\/#34\" >34<\/a><\/li><li class='ez-toc-page-1 ez-toc-heading-level-3'><a class=\"ez-toc-link ez-toc-heading-18\" href=\"https:\/\/www.mochileiros.com\/blog\/50-razoes-para-amar-o-mundo\/#33\" >33<\/a><\/li><li class='ez-toc-page-1 ez-toc-heading-level-3'><a class=\"ez-toc-link ez-toc-heading-19\" href=\"https:\/\/www.mochileiros.com\/blog\/50-razoes-para-amar-o-mundo\/#32\" >32<\/a><\/li><li class='ez-toc-page-1 ez-toc-heading-level-3'><a class=\"ez-toc-link ez-toc-heading-20\" href=\"https:\/\/www.mochileiros.com\/blog\/50-razoes-para-amar-o-mundo\/#i\" >\u00a0<\/a><\/li><li class='ez-toc-page-1 ez-toc-heading-level-3'><a class=\"ez-toc-link ez-toc-heading-21\" href=\"https:\/\/www.mochileiros.com\/blog\/50-razoes-para-amar-o-mundo\/#31\" >31<\/a><\/li><li class='ez-toc-page-1 ez-toc-heading-level-3'><a class=\"ez-toc-link ez-toc-heading-22\" href=\"https:\/\/www.mochileiros.com\/blog\/50-razoes-para-amar-o-mundo\/#30\" >30<\/a><\/li><li class='ez-toc-page-1 ez-toc-heading-level-3'><a class=\"ez-toc-link ez-toc-heading-23\" href=\"https:\/\/www.mochileiros.com\/blog\/50-razoes-para-amar-o-mundo\/#29\" >29<\/a><\/li><li class='ez-toc-page-1 ez-toc-heading-level-3'><a class=\"ez-toc-link ez-toc-heading-24\" href=\"https:\/\/www.mochileiros.com\/blog\/50-razoes-para-amar-o-mundo\/#28\" >28<\/a><\/li><li class='ez-toc-page-1 ez-toc-heading-level-3'><a class=\"ez-toc-link ez-toc-heading-25\" href=\"https:\/\/www.mochileiros.com\/blog\/50-razoes-para-amar-o-mundo\/#27\" >27<\/a><\/li><li class='ez-toc-page-1 ez-toc-heading-level-3'><a class=\"ez-toc-link ez-toc-heading-26\" href=\"https:\/\/www.mochileiros.com\/blog\/50-razoes-para-amar-o-mundo\/#26\" >26<\/a><\/li><li class='ez-toc-page-1 ez-toc-heading-level-3'><a class=\"ez-toc-link ez-toc-heading-27\" href=\"https:\/\/www.mochileiros.com\/blog\/50-razoes-para-amar-o-mundo\/#25\" >25<\/a><\/li><li class='ez-toc-page-1 ez-toc-heading-level-3'><a class=\"ez-toc-link ez-toc-heading-28\" href=\"https:\/\/www.mochileiros.com\/blog\/50-razoes-para-amar-o-mundo\/#24\" >24<\/a><\/li><li class='ez-toc-page-1 ez-toc-heading-level-3'><a class=\"ez-toc-link ez-toc-heading-29\" href=\"https:\/\/www.mochileiros.com\/blog\/50-razoes-para-amar-o-mundo\/#23\" >23<\/a><\/li><li class='ez-toc-page-1 ez-toc-heading-level-3'><a class=\"ez-toc-link ez-toc-heading-30\" href=\"https:\/\/www.mochileiros.com\/blog\/50-razoes-para-amar-o-mundo\/#i-2\" >\u00a0<\/a><\/li><li class='ez-toc-page-1 ez-toc-heading-level-3'><a class=\"ez-toc-link ez-toc-heading-31\" href=\"https:\/\/www.mochileiros.com\/blog\/50-razoes-para-amar-o-mundo\/#22\" >22<\/a><\/li><li class='ez-toc-page-1 ez-toc-heading-level-3'><a class=\"ez-toc-link ez-toc-heading-32\" href=\"https:\/\/www.mochileiros.com\/blog\/50-razoes-para-amar-o-mundo\/#21\" >21<\/a><\/li><li class='ez-toc-page-1 ez-toc-heading-level-3'><a class=\"ez-toc-link ez-toc-heading-33\" href=\"https:\/\/www.mochileiros.com\/blog\/50-razoes-para-amar-o-mundo\/#20\" >20<\/a><\/li><li class='ez-toc-page-1 ez-toc-heading-level-3'><a class=\"ez-toc-link ez-toc-heading-34\" href=\"https:\/\/www.mochileiros.com\/blog\/50-razoes-para-amar-o-mundo\/#19\" >19<\/a><\/li><li class='ez-toc-page-1 ez-toc-heading-level-3'><a class=\"ez-toc-link ez-toc-heading-35\" href=\"https:\/\/www.mochileiros.com\/blog\/50-razoes-para-amar-o-mundo\/#18\" >18<\/a><\/li><li class='ez-toc-page-1 ez-toc-heading-level-3'><a class=\"ez-toc-link ez-toc-heading-36\" href=\"https:\/\/www.mochileiros.com\/blog\/50-razoes-para-amar-o-mundo\/#17\" >17<\/a><\/li><li class='ez-toc-page-1 ez-toc-heading-level-3'><a class=\"ez-toc-link ez-toc-heading-37\" href=\"https:\/\/www.mochileiros.com\/blog\/50-razoes-para-amar-o-mundo\/#16\" >16\u00a0<\/a><\/li><li class='ez-toc-page-1 ez-toc-heading-level-3'><a class=\"ez-toc-link ez-toc-heading-38\" href=\"https:\/\/www.mochileiros.com\/blog\/50-razoes-para-amar-o-mundo\/#15\" >15<\/a><\/li><li class='ez-toc-page-1 ez-toc-heading-level-3'><a class=\"ez-toc-link ez-toc-heading-39\" href=\"https:\/\/www.mochileiros.com\/blog\/50-razoes-para-amar-o-mundo\/#14\" >14\u00a0<\/a><\/li><li class='ez-toc-page-1 ez-toc-heading-level-3'><a class=\"ez-toc-link ez-toc-heading-40\" href=\"https:\/\/www.mochileiros.com\/blog\/50-razoes-para-amar-o-mundo\/#13\" >13<\/a><\/li><li class='ez-toc-page-1 ez-toc-heading-level-3'><a class=\"ez-toc-link ez-toc-heading-41\" href=\"https:\/\/www.mochileiros.com\/blog\/50-razoes-para-amar-o-mundo\/#12\" >12<\/a><\/li><li class='ez-toc-page-1 ez-toc-heading-level-3'><a class=\"ez-toc-link ez-toc-heading-42\" href=\"https:\/\/www.mochileiros.com\/blog\/50-razoes-para-amar-o-mundo\/#11\" >11<\/a><\/li><li class='ez-toc-page-1 ez-toc-heading-level-3'><a class=\"ez-toc-link ez-toc-heading-43\" href=\"https:\/\/www.mochileiros.com\/blog\/50-razoes-para-amar-o-mundo\/#10\" >10<\/a><\/li><li class='ez-toc-page-1 ez-toc-heading-level-3'><a class=\"ez-toc-link ez-toc-heading-44\" href=\"https:\/\/www.mochileiros.com\/blog\/50-razoes-para-amar-o-mundo\/#9\" >9<\/a><\/li><li class='ez-toc-page-1 ez-toc-heading-level-3'><a class=\"ez-toc-link ez-toc-heading-45\" href=\"https:\/\/www.mochileiros.com\/blog\/50-razoes-para-amar-o-mundo\/#8\" >8<\/a><\/li><li class='ez-toc-page-1 ez-toc-heading-level-3'><a class=\"ez-toc-link ez-toc-heading-46\" href=\"https:\/\/www.mochileiros.com\/blog\/50-razoes-para-amar-o-mundo\/#7\" >7<\/a><\/li><li class='ez-toc-page-1 ez-toc-heading-level-3'><a class=\"ez-toc-link ez-toc-heading-47\" href=\"https:\/\/www.mochileiros.com\/blog\/50-razoes-para-amar-o-mundo\/#4\" >4<\/a><\/li><li class='ez-toc-page-1 ez-toc-heading-level-3'><a class=\"ez-toc-link ez-toc-heading-48\" href=\"https:\/\/www.mochileiros.com\/blog\/50-razoes-para-amar-o-mundo\/#3\" >3<\/a><\/li><li class='ez-toc-page-1 ez-toc-heading-level-3'><a class=\"ez-toc-link ez-toc-heading-49\" href=\"https:\/\/www.mochileiros.com\/blog\/50-razoes-para-amar-o-mundo\/#2\" >2<\/a><\/li><li class='ez-toc-page-1 ez-toc-heading-level-3'><a class=\"ez-toc-link ez-toc-heading-50\" href=\"https:\/\/www.mochileiros.com\/blog\/50-razoes-para-amar-o-mundo\/#1\" >1\u00a0<\/a><\/li><\/ul><\/nav><\/div>\n<h3><span class=\"ez-toc-section\" id=\"50\"><\/span><strong>50<\/strong><span class=\"ez-toc-section-end\"><\/span><\/h3>\n<blockquote><p>Porque flutuei ao lado destas jubartes em Tonga e isso me lembrou de qu\u00e3o belas as criaturas da Terra podem ser.<br \/>\n&#8211; Lia Barrett, colaboradora BBC Travel<\/p><\/blockquote>\n<p>&nbsp;<\/p>\n<div id=\"attachment_14544\" style=\"width: 1034px\" class=\"wp-caption alignnone\"><a href=\"https:\/\/www.mochileiros.com\/blog\/wp-content\/uploads\/2015\/04\/Whale-swim-tonga-water-6.jpg\"><img loading=\"lazy\" decoding=\"async\" aria-describedby=\"caption-attachment-14544\" class=\"size-large wp-image-14544\" src=\"https:\/\/www.mochileiros.com\/blog\/wp-content\/uploads\/2015\/04\/Whale-swim-tonga-water-6-1024x411.jpg\" alt=\"Mergulhando com Baleias Jubarte em Tonga - Foto: Brandon Cole\" width=\"1024\" height=\"411\" srcset=\"https:\/\/www.mochileiros.com\/blog\/wp-content\/uploads\/2015\/04\/Whale-swim-tonga-water-6-1024x411.jpg 1024w, https:\/\/www.mochileiros.com\/blog\/wp-content\/uploads\/2015\/04\/Whale-swim-tonga-water-6-300x121.jpg 300w, https:\/\/www.mochileiros.com\/blog\/wp-content\/uploads\/2015\/04\/Whale-swim-tonga-water-6-768x308.jpg 768w, https:\/\/www.mochileiros.com\/blog\/wp-content\/uploads\/2015\/04\/Whale-swim-tonga-water-6-313x126.jpg 313w, https:\/\/www.mochileiros.com\/blog\/wp-content\/uploads\/2015\/04\/Whale-swim-tonga-water-6-20x8.jpg 20w, https:\/\/www.mochileiros.com\/blog\/wp-content\/uploads\/2015\/04\/Whale-swim-tonga-water-6.jpg 1424w\" sizes=\"auto, (max-width: 1024px) 100vw, 1024px\" \/><\/a><p id=\"caption-attachment-14544\" class=\"wp-caption-text\">Mergulhando com Baleias Jubarte em Tonga &#8211; Foto: Brandon Cole<\/p><\/div>\n<p>&nbsp;<\/p>\n<h3><span class=\"ez-toc-section\" id=\"49\"><\/span><strong>49<\/strong><span class=\"ez-toc-section-end\"><\/span><\/h3>\n<blockquote><p>Fui para a Jamaica e l\u00e1 vi 145 beb\u00eas tartarugas sa\u00edrem do ninho correndo\u00a0para o mar. Senti a alegria da cria\u00e7\u00e3o e fiquei admirado com o\u00a0poder do instinto.<br \/>\n&#8211; chef Mario Batali<\/p><\/blockquote>\n<blockquote class=\"instagram-media\" style=\"background: #FFF; border: 0; border-radius: 3px; box-shadow: 0 0 1px 0 rgba(0,0,0,0.5),0 1px 10px 0 rgba(0,0,0,0.15); margin: 1px; max-width: 658px; padding: 0; width: calc(100% - 2px);\" data-instgrm-version=\"4\">\n<div style=\"padding: 8px;\">\n<div style=\"background: #F8F8F8; line-height: 0; margin-top: 40px; padding: 50% 0; text-align: center; width: 100%;\"><\/div>\n<p style=\"color: #c9c8cd; font-family: Arial,sans-serif; font-size: 14px; line-height: 17px; margin-bottom: 0; margin-top: 8px; overflow: hidden; padding: 8px 0 7px; text-align: center; text-overflow: ellipsis; white-space: nowrap;\"><a style=\"color: #c9c8cd; font-family: Arial,sans-serif; font-size: 14px; font-style: normal; font-weight: normal; line-height: 17px; text-decoration: none;\" href=\"https:\/\/instagram.com\/p\/tIoFHYBRMI\/\" target=\"_top\" rel=\"noopener\">Um v\u00eddeo publicado por Mario Batali (@mariobatali)<\/a> em <time style=\"font-family: Arial,sans-serif; font-size: 14px; line-height: 17px;\" datetime=\"2014-09-19T17:03:54+00:00\">Set 19, 2014 \u00e0s 10:03 PDT<\/time><\/p>\n<\/div>\n<\/blockquote>\n<p><script src=\"\/\/platform.instagram.com\/en_US\/embeds.js\" async=\"\" defer=\"defer\"><\/script><\/p>\n<h3><\/h3>\n<p>&nbsp;<\/p>\n<h3><span class=\"ez-toc-section\" id=\"48\"><\/span><strong>48<\/strong><span class=\"ez-toc-section-end\"><\/span><\/h3>\n<p>&nbsp;<\/p>\n<blockquote><p>Porque eu finalmente subi ao topo do ic\u00f4nico Duomo de Floren\u00e7a, e fui recompensado com uma vista praticamente inalterada desde a \u00e9poca de Michelangelo. &#8211; Eric Weiner, Colaborador BBC\u00a0Travel<\/p><\/blockquote>\n<p>&nbsp;<\/p>\n<div id=\"attachment_14555\" style=\"width: 1034px\" class=\"wp-caption alignnone\"><a href=\"https:\/\/www.mochileiros.com\/blog\/wp-content\/uploads\/2015\/04\/ericweinerleft-hr_PQfeqLD.jpg\"><img loading=\"lazy\" decoding=\"async\" aria-describedby=\"caption-attachment-14555\" class=\"size-large wp-image-14555\" src=\"https:\/\/www.mochileiros.com\/blog\/wp-content\/uploads\/2015\/04\/ericweinerleft-hr_PQfeqLD-1024x576.jpg\" alt=\"Duomo de Floren\u00e7a - Foto: Eric Weiner\" width=\"1024\" height=\"576\" srcset=\"https:\/\/www.mochileiros.com\/blog\/wp-content\/uploads\/2015\/04\/ericweinerleft-hr_PQfeqLD-1024x576.jpg 1024w, https:\/\/www.mochileiros.com\/blog\/wp-content\/uploads\/2015\/04\/ericweinerleft-hr_PQfeqLD-300x169.jpg 300w, https:\/\/www.mochileiros.com\/blog\/wp-content\/uploads\/2015\/04\/ericweinerleft-hr_PQfeqLD-768x432.jpg 768w, https:\/\/www.mochileiros.com\/blog\/wp-content\/uploads\/2015\/04\/ericweinerleft-hr_PQfeqLD-313x176.jpg 313w, https:\/\/www.mochileiros.com\/blog\/wp-content\/uploads\/2015\/04\/ericweinerleft-hr_PQfeqLD-20x11.jpg 20w, https:\/\/www.mochileiros.com\/blog\/wp-content\/uploads\/2015\/04\/ericweinerleft-hr_PQfeqLD.jpg 1920w\" sizes=\"auto, (max-width: 1024px) 100vw, 1024px\" \/><\/a><p id=\"caption-attachment-14555\" class=\"wp-caption-text\">Duomo de Floren\u00e7a &#8211; Foto: Eric Weiner<\/p><\/div>\n<p>&nbsp;<\/p>\n<h3><span class=\"ez-toc-section\" id=\"47\"><\/span><strong>47<\/strong><span class=\"ez-toc-section-end\"><\/span><\/h3>\n<p>&nbsp;<\/p>\n<blockquote><p>\u00a0Porque enquanto eu estava viajando pelas montanhas de Sierra Nevada, na Col\u00f4mbia, a fam\u00edlia dessa extraordin\u00e1ria menina Kogi, me fez uma deliciosa limonada e me acolheu em seu\u00a0mundo. &#8211; Simon Reeve, apresentador da BBC<\/p><\/blockquote>\n<p><a href=\"https:\/\/www.mochileiros.com\/blog\/wp-content\/uploads\/2015\/04\/kogi.jpg\"><img loading=\"lazy\" decoding=\"async\" class=\"alignnone size-full wp-image-14565\" src=\"https:\/\/www.mochileiros.com\/blog\/wp-content\/uploads\/2015\/04\/kogi.jpg\" alt=\"kogi\" width=\"500\" height=\"321\" srcset=\"https:\/\/www.mochileiros.com\/blog\/wp-content\/uploads\/2015\/04\/kogi.jpg 500w, https:\/\/www.mochileiros.com\/blog\/wp-content\/uploads\/2015\/04\/kogi-300x193.jpg 300w, https:\/\/www.mochileiros.com\/blog\/wp-content\/uploads\/2015\/04\/kogi-313x201.jpg 313w, https:\/\/www.mochileiros.com\/blog\/wp-content\/uploads\/2015\/04\/kogi-20x13.jpg 20w\" sizes=\"auto, (max-width: 500px) 100vw, 500px\" \/><\/a><\/p>\n<h3><\/h3>\n<p>&nbsp;<\/p>\n<h3><span class=\"ez-toc-section\" id=\"46\"><\/span><strong>46<\/strong><span class=\"ez-toc-section-end\"><\/span><\/h3>\n<p>&nbsp;<\/p>\n<blockquote><p>Porque eu participei de um desfile de moda em Kibera, na maior favela no Qu\u00eania, que foi organizada pela &#8220;Shining Hope For Communities&#8221;, uma ONG que trabalha com meninas, e as participantes usaram trajes feitos de preservativos para promover o sexo seguro.\u00a0 &#8211; Nicholas Kristof, Escritor<\/p><\/blockquote>\n<p><a href=\"https:\/\/www.mochileiros.com\/blog\/wp-content\/uploads\/2015\/04\/reevekristoff-mr_65MP7yC1.jpg\"><img loading=\"lazy\" decoding=\"async\" class=\"alignnone size-full wp-image-14569\" src=\"https:\/\/www.mochileiros.com\/blog\/wp-content\/uploads\/2015\/04\/reevekristoff-mr_65MP7yC1.jpg\" alt=\"reevekristoff-mr_65MP7yC\" width=\"500\" height=\"313\" srcset=\"https:\/\/www.mochileiros.com\/blog\/wp-content\/uploads\/2015\/04\/reevekristoff-mr_65MP7yC1.jpg 500w, https:\/\/www.mochileiros.com\/blog\/wp-content\/uploads\/2015\/04\/reevekristoff-mr_65MP7yC1-300x188.jpg 300w, https:\/\/www.mochileiros.com\/blog\/wp-content\/uploads\/2015\/04\/reevekristoff-mr_65MP7yC1-313x196.jpg 313w, https:\/\/www.mochileiros.com\/blog\/wp-content\/uploads\/2015\/04\/reevekristoff-mr_65MP7yC1-20x13.jpg 20w\" sizes=\"auto, (max-width: 500px) 100vw, 500px\" \/><\/a><\/p>\n<h3><span class=\"ez-toc-section\" id=\"45\"><\/span><strong>45\u00a0<\/strong><span class=\"ez-toc-section-end\"><\/span><\/h3>\n<p>&nbsp;<\/p>\n<blockquote><p>Porque apesar de eu viajar ao redor do mundo para fotografar atletas em lugares incr\u00edveis, eu sempre volto para Yosemite. E quanto mais eu viajo, mais eu amo este lugar t\u00e3o perto de casa. &#8211; Jimmy Chin\u00a0&#8211; Fot\u00f3grafo de Aventura<\/p><\/blockquote>\n<p><a href=\"https:\/\/www.mochileiros.com\/blog\/wp-content\/uploads\/2015\/04\/jimmy-chin-Alex-Honnold.jpg\"><img loading=\"lazy\" decoding=\"async\" class=\"alignnone size-large wp-image-14570\" src=\"https:\/\/www.mochileiros.com\/blog\/wp-content\/uploads\/2015\/04\/jimmy-chin-Alex-Honnold-1024x679.jpg\" alt=\"jimmy-chin-Alex-Honnold\" width=\"1024\" height=\"679\" srcset=\"https:\/\/www.mochileiros.com\/blog\/wp-content\/uploads\/2015\/04\/jimmy-chin-Alex-Honnold-1024x679.jpg 1024w, https:\/\/www.mochileiros.com\/blog\/wp-content\/uploads\/2015\/04\/jimmy-chin-Alex-Honnold-300x199.jpg 300w, https:\/\/www.mochileiros.com\/blog\/wp-content\/uploads\/2015\/04\/jimmy-chin-Alex-Honnold-768x510.jpg 768w, https:\/\/www.mochileiros.com\/blog\/wp-content\/uploads\/2015\/04\/jimmy-chin-Alex-Honnold-313x208.jpg 313w, https:\/\/www.mochileiros.com\/blog\/wp-content\/uploads\/2015\/04\/jimmy-chin-Alex-Honnold-20x13.jpg 20w, https:\/\/www.mochileiros.com\/blog\/wp-content\/uploads\/2015\/04\/jimmy-chin-Alex-Honnold.jpg 1266w\" sizes=\"auto, (max-width: 1024px) 100vw, 1024px\" \/><\/a><\/p>\n<h3><span class=\"ez-toc-section\" id=\"44\"><\/span><strong>44<\/strong><span class=\"ez-toc-section-end\"><\/span><\/h3>\n<p>&nbsp;<\/p>\n<blockquote><p>Porque eu finalmente consegui seguir os passos do explorador Sir Ernest Shackleton, 100 anos depois dele ter atravessado a ilha de Ge\u00f3rgia do Sul. Vendo pela primeira vez a paisagem por onde ele passou, seus relatos se tornaram ainda mais surpreendentes. &#8211; Allison Busacca &#8211; Editor da BBC Travel<\/p><\/blockquote>\n<p>&nbsp;<\/p>\n<blockquote class=\"instagram-media\" style=\"background: #FFF; border: 0; border-radius: 3px; box-shadow: 0 0 1px 0 rgba(0,0,0,0.5),0 1px 10px 0 rgba(0,0,0,0.15); margin: 1px; max-width: 658px; padding: 0; width: calc(100% - 2px);\" data-instgrm-version=\"4\">\n<div style=\"padding: 8px;\">\n<div style=\"background: #F8F8F8; line-height: 0; margin-top: 40px; padding: 50% 0; text-align: center; width: 100%;\"><\/div>\n<p><a style=\"color: #c9c8cd; font-family: Arial,sans-serif; font-size: 14px; font-style: normal; font-weight: normal; line-height: 17px; text-decoration: none;\" href=\"https:\/\/instagram.com\/p\/lvfl9zRwVZ\/\" target=\"_top\" rel=\"noopener\">Uma foto publicada por BBC Travel (@bbc_travel)<\/a> em <time style=\"font-family: Arial,sans-serif; font-size: 14px; line-height: 17px;\" datetime=\"2014-03-19T23:08:58+00:00\">Mar 19, 2014 \u00e0s 4:08 PDT<\/time><\/p>\n<\/div>\n<\/blockquote>\n<p><script src=\"\/\/platform.instagram.com\/en_US\/embeds.js\" async=\"\" defer=\"defer\"><\/script><\/p>\n<p>&nbsp;<\/p>\n<h3><span class=\"ez-toc-section\" id=\"43\"><\/span><strong>43<\/strong><span class=\"ez-toc-section-end\"><\/span><\/h3>\n<blockquote><p>Porque algumas vezes, mesmo constru\u00e7\u00f5es extraordin\u00e1rias como o Taj Mahal s\u00e3o ofuscadas pela simples beleza da vida cotidiana.<br \/>\n&#8211; Gavin Haines, colaborador BBC Travel<\/p><\/blockquote>\n<p>&nbsp;<\/p>\n<blockquote class=\"instagram-media\" style=\"background: #FFF; border: 0; border-radius: 3px; box-shadow: 0 0 1px 0 rgba(0,0,0,0.5),0 1px 10px 0 rgba(0,0,0,0.15); margin: 1px; max-width: 658px; padding: 0; width: calc(100% - 2px);\" data-instgrm-version=\"4\">\n<div style=\"padding: 8px;\">\n<div style=\"background: #F8F8F8; line-height: 0; margin-top: 40px; padding: 50% 0; text-align: center; width: 100%;\"><\/div>\n<p><a style=\"color: #c9c8cd; font-family: Arial,sans-serif; font-size: 14px; font-style: normal; font-weight: normal; line-height: 17px; text-decoration: none;\" href=\"https:\/\/instagram.com\/p\/tS1ss8EUT0\/\" target=\"_top\" rel=\"noopener\">Uma foto publicada por Gavin Haines (@gavin_haines)<\/a> em <time style=\"font-family: Arial,sans-serif; font-size: 14px; line-height: 17px;\" datetime=\"2014-09-23T16:15:19+00:00\">Set 23, 2014 \u00e0s 9:15 PDT<\/time><\/p>\n<\/div>\n<\/blockquote>\n<p><script src=\"\/\/platform.instagram.com\/en_US\/embeds.js\" async=\"\" defer=\"defer\"><\/script><\/p>\n<h3><span class=\"ez-toc-section\" id=\"42\"><\/span><strong>42<\/strong><span class=\"ez-toc-section-end\"><\/span><\/h3>\n<p>&nbsp;<\/p>\n<blockquote><p>Porque depois de anos desfrutando vinhos Malbec argentinos em jantares e \u00a0restaurantes, eu finalmente testemunhei a colheita da uva em Mendoza. &#8211; Bridget Gleeson, colaborador BBC Travel<\/p><\/blockquote>\n<p>&nbsp;<\/p>\n<blockquote class=\"instagram-media\" style=\"background: #FFF; border: 0; border-radius: 3px; box-shadow: 0 0 1px 0 rgba(0,0,0,0.5),0 1px 10px 0 rgba(0,0,0,0.15); margin: 1px; max-width: 658px; padding: 0; width: calc(100% - 2px);\" data-instgrm-version=\"4\">\n<div style=\"padding: 8px;\">\n<div style=\"background: #F8F8F8; line-height: 0; margin-top: 40px; padding: 50% 0; text-align: center; width: 100%;\"><\/div>\n<p><a style=\"color: #c9c8cd; font-family: Arial,sans-serif; font-size: 14px; font-style: normal; font-weight: normal; line-height: 17px; text-decoration: none;\" href=\"https:\/\/instagram.com\/p\/lw0Lc2KQTM\/\" target=\"_top\" rel=\"noopener\">Uma foto publicada por @bridgetglee<\/a> em <time style=\"font-family: Arial,sans-serif; font-size: 14px; line-height: 17px;\" datetime=\"2014-03-20T11:28:06+00:00\">Mar 20, 2014 \u00e0s 4:28 PDT<\/time><\/p>\n<\/div>\n<\/blockquote>\n<p><script src=\"\/\/platform.instagram.com\/en_US\/embeds.js\" async=\"\" defer=\"defer\"><\/script><\/p>\n<p>&nbsp;<\/p>\n<h3><span class=\"ez-toc-section\" id=\"_41\"><\/span><strong>\u00a041<\/strong><span class=\"ez-toc-section-end\"><\/span><\/h3>\n<blockquote><p>Porque ao nascer do sol no Parque Nacional Torres del Paine, no Chile, resistindo nos confins do mundo, me senti pequeno novamente.<br \/>\n&#8211; Andy Isaacson, escritor e fot\u00f3grafo<\/p><\/blockquote>\n<blockquote class=\"twitter-tweet\" lang=\"pt\"><p>Torres del Paine, Patagonia <a href=\"http:\/\/t.co\/WPF9wVd5QN\">pic.twitter.com\/WPF9wVd5QN<\/a><\/p>\n<p>\u2014 Andy Isaacson (@AndyIsaacson) <a href=\"https:\/\/twitter.com\/AndyIsaacson\/status\/466523005560958978\" target=\"_blank\" rel=\"noopener\">14 maio 2014<\/a><\/p><\/blockquote>\n<p><script src=\"\/\/platform.twitter.com\/widgets.js\" async=\"\" charset=\"utf-8\"><\/script><\/p>\n<h3><span class=\"ez-toc-section\" id=\"_40\"><\/span><strong>\u00a040<\/strong><span class=\"ez-toc-section-end\"><\/span><\/h3>\n<p>&nbsp;<\/p>\n<blockquote><p>Porque eu finalmente fui para o M\u00e9xico para ver o Dia de los Muertos e descobri que de vez em quando, a realidade pode superar as expectativas. &#8211; Brad Cohen, BBC Travel<\/p><\/blockquote>\n<p><a href=\"https:\/\/www.mochileiros.com\/blog\/wp-content\/uploads\/2015\/06\/day-of-the-dead.jpg\"><img loading=\"lazy\" decoding=\"async\" class=\"alignnone size-large wp-image-15043\" src=\"https:\/\/www.mochileiros.com\/blog\/wp-content\/uploads\/2015\/06\/day-of-the-dead-1024x694.jpg\" alt=\"day-of-the-dead\" width=\"1024\" height=\"694\" srcset=\"https:\/\/www.mochileiros.com\/blog\/wp-content\/uploads\/2015\/06\/day-of-the-dead-1024x694.jpg 1024w, https:\/\/www.mochileiros.com\/blog\/wp-content\/uploads\/2015\/06\/day-of-the-dead-300x203.jpg 300w, https:\/\/www.mochileiros.com\/blog\/wp-content\/uploads\/2015\/06\/day-of-the-dead-768x520.jpg 768w, https:\/\/www.mochileiros.com\/blog\/wp-content\/uploads\/2015\/06\/day-of-the-dead-313x212.jpg 313w, https:\/\/www.mochileiros.com\/blog\/wp-content\/uploads\/2015\/06\/day-of-the-dead-20x14.jpg 20w, https:\/\/www.mochileiros.com\/blog\/wp-content\/uploads\/2015\/06\/day-of-the-dead.jpg 1600w\" sizes=\"auto, (max-width: 1024px) 100vw, 1024px\" \/><\/a><\/p>\n<h3><span class=\"ez-toc-section\" id=\"39\"><\/span><strong>39<\/strong><span class=\"ez-toc-section-end\"><\/span><\/h3>\n<p>&nbsp;<\/p>\n<blockquote><p>Porque estivemos\u00a0em Sevilha durante a celebra\u00e7\u00e3o de cinco dias de\u00a0La Feria\u00a0e\u00a0os sons do flamenco, os vestidos das mulheres e o esp\u00edrito dos sevilhanos\u00a0nos passou\u00a0uma energia positiva\u00a0que durou muito tempo depois da\u00a0dan\u00e7a e da bebida terminar. &#8211; \u00c2mbar Paulen, Colaboradora BBC Travel<\/p><\/blockquote>\n<p><a href=\"https:\/\/www.mochileiros.com\/blog\/wp-content\/uploads\/2015\/06\/viajar-feria-sevilla-ni\u00f1os.jpg\"><img loading=\"lazy\" decoding=\"async\" class=\"alignnone size-large wp-image-15045\" src=\"https:\/\/www.mochileiros.com\/blog\/wp-content\/uploads\/2015\/06\/viajar-feria-sevilla-ni\u00f1os-1024x639.jpg\" alt=\"viajar-feria-sevilla-ni\u00f1os\" width=\"1024\" height=\"639\" srcset=\"https:\/\/www.mochileiros.com\/blog\/wp-content\/uploads\/2015\/06\/viajar-feria-sevilla-ni\u00f1os-1024x639.jpg 1024w, https:\/\/www.mochileiros.com\/blog\/wp-content\/uploads\/2015\/06\/viajar-feria-sevilla-ni\u00f1os-300x187.jpg 300w, https:\/\/www.mochileiros.com\/blog\/wp-content\/uploads\/2015\/06\/viajar-feria-sevilla-ni\u00f1os-768x479.jpg 768w, https:\/\/www.mochileiros.com\/blog\/wp-content\/uploads\/2015\/06\/viajar-feria-sevilla-ni\u00f1os-313x195.jpg 313w, https:\/\/www.mochileiros.com\/blog\/wp-content\/uploads\/2015\/06\/viajar-feria-sevilla-ni\u00f1os-20x12.jpg 20w, https:\/\/www.mochileiros.com\/blog\/wp-content\/uploads\/2015\/06\/viajar-feria-sevilla-ni\u00f1os.jpg 1280w\" sizes=\"auto, (max-width: 1024px) 100vw, 1024px\" \/><\/a><\/p>\n<h3><span class=\"ez-toc-section\" id=\"38\"><\/span><strong>38<\/strong><span class=\"ez-toc-section-end\"><\/span><\/h3>\n<p>&nbsp;<\/p>\n<blockquote><p>Porque assistir a\u00a0tentativa de um frango atravessar uma rua\u00a0em Hanoi, me fez refletir sobre grandes quest\u00f5es filos\u00f3ficas da vida. &#8211; David Farley, Colunista BBC Travel<\/p><\/blockquote>\n<p><iframe loading=\"lazy\" width=\"740\" height=\"416\" src=\"https:\/\/www.youtube.com\/embed\/WusHtqs4fJk?feature=oembed\" frameborder=\"0\" allow=\"autoplay; encrypted-media\" allowfullscreen><\/iframe><\/p>\n<p>&nbsp;<\/p>\n<p>&nbsp;<\/p>\n<h3><span class=\"ez-toc-section\" id=\"37\"><\/span><strong>37<\/strong><span class=\"ez-toc-section-end\"><\/span><\/h3>\n<p>&nbsp;<\/p>\n<blockquote><p>Porque eu fiz isso no But\u00e3o, o pa\u00eds mais espiritual e m\u00e1gico que eu j\u00e1 visitei, e ajudei a preparar e servir sopa para jovens monges em um mosteiro. Foi uma honra. &#8211; Chef Eric Ripert<\/p><\/blockquote>\n<p><a href=\"https:\/\/www.mochileiros.com\/blog\/wp-content\/uploads\/2015\/06\/YoungMonksDechencholing.jpg\"><img loading=\"lazy\" decoding=\"async\" class=\"alignnone size-large wp-image-15048\" src=\"https:\/\/www.mochileiros.com\/blog\/wp-content\/uploads\/2015\/06\/YoungMonksDechencholing-1024x683.jpg\" alt=\"YoungMonksDechencholing\" width=\"1024\" height=\"683\" srcset=\"https:\/\/www.mochileiros.com\/blog\/wp-content\/uploads\/2015\/06\/YoungMonksDechencholing-1024x683.jpg 1024w, https:\/\/www.mochileiros.com\/blog\/wp-content\/uploads\/2015\/06\/YoungMonksDechencholing-300x200.jpg 300w, https:\/\/www.mochileiros.com\/blog\/wp-content\/uploads\/2015\/06\/YoungMonksDechencholing-768x512.jpg 768w, https:\/\/www.mochileiros.com\/blog\/wp-content\/uploads\/2015\/06\/YoungMonksDechencholing-313x209.jpg 313w, https:\/\/www.mochileiros.com\/blog\/wp-content\/uploads\/2015\/06\/YoungMonksDechencholing-20x13.jpg 20w\" sizes=\"auto, (max-width: 1024px) 100vw, 1024px\" \/><\/a><\/p>\n<h3><span class=\"ez-toc-section\" id=\"36\"><\/span><strong>36<\/strong><span class=\"ez-toc-section-end\"><\/span><\/h3>\n<p>&nbsp;<\/p>\n<blockquote><p>Porque uma pequena amizade feita no metr\u00f4 de T\u00f3quio me fez lembrar\u00a0que idade, localidade e l\u00edngua n\u00e3o s\u00e3o\u00a0obst\u00e1culos para se fazer\u00a0amizades &#8211; ainda que fugazes. &#8211; Karina Martinez-Carter, colaboradora BBC Travel<\/p><\/blockquote>\n<p><a href=\"https:\/\/www.mochileiros.com\/blog\/wp-content\/uploads\/2015\/06\/metro_tokio.jpg\"><img loading=\"lazy\" decoding=\"async\" class=\"alignnone size-full wp-image-15049\" src=\"https:\/\/www.mochileiros.com\/blog\/wp-content\/uploads\/2015\/06\/metro_tokio.jpg\" alt=\"metro_tokio\" width=\"636\" height=\"636\" srcset=\"https:\/\/www.mochileiros.com\/blog\/wp-content\/uploads\/2015\/06\/metro_tokio.jpg 636w, https:\/\/www.mochileiros.com\/blog\/wp-content\/uploads\/2015\/06\/metro_tokio-150x150.jpg 150w, https:\/\/www.mochileiros.com\/blog\/wp-content\/uploads\/2015\/06\/metro_tokio-300x300.jpg 300w, https:\/\/www.mochileiros.com\/blog\/wp-content\/uploads\/2015\/06\/metro_tokio-80x80.jpg 80w, https:\/\/www.mochileiros.com\/blog\/wp-content\/uploads\/2015\/06\/metro_tokio-350x350.jpg 350w, https:\/\/www.mochileiros.com\/blog\/wp-content\/uploads\/2015\/06\/metro_tokio-313x313.jpg 313w, https:\/\/www.mochileiros.com\/blog\/wp-content\/uploads\/2015\/06\/metro_tokio-20x20.jpg 20w\" sizes=\"auto, (max-width: 636px) 100vw, 636px\" \/><\/a><\/p>\n<h3><span class=\"ez-toc-section\" id=\"35\"><\/span><strong>35<\/strong><span class=\"ez-toc-section-end\"><\/span><\/h3>\n<p>&nbsp;<\/p>\n<blockquote><p>Porque durante o Mid-autumn Festival, os c\u00e9us de Singapura se tornam uma galeria suspensa\u00a0no ar. &#8211; Abbie Kozolchyk, escritor<\/p><\/blockquote>\n<p>&nbsp;<\/p>\n<h3><a href=\"https:\/\/www.mochileiros.com\/blog\/wp-content\/uploads\/2015\/06\/768e1ba60b2c0180387d6c8c54005556.jpg\"><img loading=\"lazy\" decoding=\"async\" class=\"alignnone size-large wp-image-15052\" src=\"https:\/\/www.mochileiros.com\/blog\/wp-content\/uploads\/2015\/06\/768e1ba60b2c0180387d6c8c54005556-1024x651.jpg\" alt=\"768e1ba60b2c0180387d6c8c54005556\" width=\"1024\" height=\"651\" srcset=\"https:\/\/www.mochileiros.com\/blog\/wp-content\/uploads\/2015\/06\/768e1ba60b2c0180387d6c8c54005556-1024x651.jpg 1024w, https:\/\/www.mochileiros.com\/blog\/wp-content\/uploads\/2015\/06\/768e1ba60b2c0180387d6c8c54005556-300x191.jpg 300w, https:\/\/www.mochileiros.com\/blog\/wp-content\/uploads\/2015\/06\/768e1ba60b2c0180387d6c8c54005556-768x488.jpg 768w, https:\/\/www.mochileiros.com\/blog\/wp-content\/uploads\/2015\/06\/768e1ba60b2c0180387d6c8c54005556-313x199.jpg 313w, https:\/\/www.mochileiros.com\/blog\/wp-content\/uploads\/2015\/06\/768e1ba60b2c0180387d6c8c54005556-20x13.jpg 20w\" sizes=\"auto, (max-width: 1024px) 100vw, 1024px\" \/><\/a><\/h3>\n<p>&nbsp;<\/p>\n<h3><span class=\"ez-toc-section\" id=\"34\"><\/span><strong>34<\/strong><span class=\"ez-toc-section-end\"><\/span><\/h3>\n<p>&nbsp;<\/p>\n<blockquote><p>Porque eu chamei\u00a0o Rio de Janeiro de\u00a0casa por algumas semanas e agora eu posso dizer que eu nunca vi no mundo uma cidade t\u00e3o\u00a0deslumbrante. &#8211; Valerie Conners, colaborador BBC\u00a0Travel<\/p><\/blockquote>\n<p><a href=\"https:\/\/www.mochileiros.com\/blog\/wp-content\/uploads\/2015\/06\/cristo-redentor-rio-de-janeiro.jpg\"><img loading=\"lazy\" decoding=\"async\" class=\"alignnone size-full wp-image-15053\" src=\"https:\/\/www.mochileiros.com\/blog\/wp-content\/uploads\/2015\/06\/cristo-redentor-rio-de-janeiro.jpg\" alt=\"cristo-redentor-rio-de-janeiro\" width=\"1015\" height=\"679\" srcset=\"https:\/\/www.mochileiros.com\/blog\/wp-content\/uploads\/2015\/06\/cristo-redentor-rio-de-janeiro.jpg 1015w, https:\/\/www.mochileiros.com\/blog\/wp-content\/uploads\/2015\/06\/cristo-redentor-rio-de-janeiro-300x201.jpg 300w, https:\/\/www.mochileiros.com\/blog\/wp-content\/uploads\/2015\/06\/cristo-redentor-rio-de-janeiro-768x514.jpg 768w, https:\/\/www.mochileiros.com\/blog\/wp-content\/uploads\/2015\/06\/cristo-redentor-rio-de-janeiro-313x209.jpg 313w, https:\/\/www.mochileiros.com\/blog\/wp-content\/uploads\/2015\/06\/cristo-redentor-rio-de-janeiro-20x13.jpg 20w\" sizes=\"auto, (max-width: 1015px) 100vw, 1015px\" \/><\/a><\/p>\n<h3><span class=\"ez-toc-section\" id=\"33\"><\/span><strong>33<\/strong><span class=\"ez-toc-section-end\"><\/span><\/h3>\n<p>&nbsp;<\/p>\n<blockquote><p>Porque quando eu estava me\u00a0sentindo\u00a0t\u00e3o miser\u00e1vel como nunca- encharcado de suor e \u00e1gua de chuva, coberto por\u00a0picadas de mosquitos, com minhas botas cobertas de lama, exausto depois de horas e\u00a0horas em uma\u00a0trilha no\u00a0meio da selva no Camboja\u00a0&#8211; o meu guia apontou para a escurid\u00e3o e eu vi, h\u00e1 uns 4 metros\u00a0de onde eu estava, um rosto gigante esculpido\u00a0na rocha no alto de uma torre. Lembrei-me mais uma vez de como\u00a0o mundo pode nos\u00a0agraciar\u00a0com suas maravilhas\u00a0inesgot\u00e1veis. &#8211; Don George, editor de BBC\u00a0Travel<\/p><\/blockquote>\n<p><a href=\"https:\/\/www.mochileiros.com\/blog\/wp-content\/uploads\/2015\/06\/dsc_9934.jpg\"><img loading=\"lazy\" decoding=\"async\" class=\"alignnone size-full wp-image-15055\" src=\"https:\/\/www.mochileiros.com\/blog\/wp-content\/uploads\/2015\/06\/dsc_9934.jpg\" alt=\"dsc_9934\" width=\"1000\" height=\"667\" srcset=\"https:\/\/www.mochileiros.com\/blog\/wp-content\/uploads\/2015\/06\/dsc_9934.jpg 1000w, https:\/\/www.mochileiros.com\/blog\/wp-content\/uploads\/2015\/06\/dsc_9934-300x200.jpg 300w, https:\/\/www.mochileiros.com\/blog\/wp-content\/uploads\/2015\/06\/dsc_9934-768x512.jpg 768w, https:\/\/www.mochileiros.com\/blog\/wp-content\/uploads\/2015\/06\/dsc_9934-313x209.jpg 313w, https:\/\/www.mochileiros.com\/blog\/wp-content\/uploads\/2015\/06\/dsc_9934-20x13.jpg 20w\" sizes=\"auto, (max-width: 1000px) 100vw, 1000px\" \/><\/a><\/p>\n<h3><span class=\"ez-toc-section\" id=\"32\"><\/span><strong>32<\/strong><span class=\"ez-toc-section-end\"><\/span><\/h3>\n<p>&nbsp;<\/p>\n<blockquote><p>Porque eu me juntei com um grupo de mochileiros roots, cozinheiros e guias e voltando de um trekking em\u00a0Ciudad Perdida na Col\u00f4mbia, me dei conta de como\u00a0\u00e9 bom compartilhar uma\u00a0viagem com os outros. &#8211; Candace Rose Rardon, BBC\u00a0Travel<\/p><\/blockquote>\n<p>&nbsp;<\/p>\n<h3><span class=\"ez-toc-section\" id=\"i\"><\/span>\u00a0<a href=\"https:\/\/www.mochileiros.com\/blog\/wp-content\/uploads\/2015\/06\/Lost_City_Ruins.jpg\"><img loading=\"lazy\" decoding=\"async\" class=\"alignnone size-large wp-image-15056\" src=\"https:\/\/www.mochileiros.com\/blog\/wp-content\/uploads\/2015\/06\/Lost_City_Ruins-1024x575.jpg\" alt=\"Lost_City_Ruins\" width=\"1024\" height=\"575\" srcset=\"https:\/\/www.mochileiros.com\/blog\/wp-content\/uploads\/2015\/06\/Lost_City_Ruins-1024x575.jpg 1024w, https:\/\/www.mochileiros.com\/blog\/wp-content\/uploads\/2015\/06\/Lost_City_Ruins-300x168.jpg 300w, https:\/\/www.mochileiros.com\/blog\/wp-content\/uploads\/2015\/06\/Lost_City_Ruins-768x431.jpg 768w, https:\/\/www.mochileiros.com\/blog\/wp-content\/uploads\/2015\/06\/Lost_City_Ruins-313x176.jpg 313w, https:\/\/www.mochileiros.com\/blog\/wp-content\/uploads\/2015\/06\/Lost_City_Ruins-20x11.jpg 20w, https:\/\/www.mochileiros.com\/blog\/wp-content\/uploads\/2015\/06\/Lost_City_Ruins.jpg 2048w\" sizes=\"auto, (max-width: 1024px) 100vw, 1024px\" \/><\/a><span class=\"ez-toc-section-end\"><\/span><\/h3>\n<p>&nbsp;<\/p>\n<h3><span class=\"ez-toc-section\" id=\"31\"><\/span><strong>31<\/strong><span class=\"ez-toc-section-end\"><\/span><\/h3>\n<p>&nbsp;<\/p>\n<blockquote><p>Porque, quando\u00a0eu estava passeando\u00a0\u00e0 beira-mar no Malec\u00f3n em\u00a0Havana, passou por mim um desfile de carros antigos que me\u00a0trouxe uma onda de nostalgia de um\u00a0tempo que h\u00e1 muito se foi nos Estados Unidos &#8211; mas que ainda continua\u00a0muito vivo em Cuba. &#8211; Jeff Greenwald, \u00a0Colaborador\u00a0BBC Travel<\/p><\/blockquote>\n<p><a href=\"https:\/\/www.mochileiros.com\/blog\/wp-content\/uploads\/2015\/06\/cover-Taxi-by-Mene-171.jpg\"><img loading=\"lazy\" decoding=\"async\" class=\"alignnone wp-image-15057 size-large\" src=\"https:\/\/www.mochileiros.com\/blog\/wp-content\/uploads\/2015\/06\/cover-Taxi-by-Mene-171-1024x576.jpg\" alt=\"\" width=\"1024\" height=\"576\" srcset=\"https:\/\/www.mochileiros.com\/blog\/wp-content\/uploads\/2015\/06\/cover-Taxi-by-Mene-171-1024x576.jpg 1024w, https:\/\/www.mochileiros.com\/blog\/wp-content\/uploads\/2015\/06\/cover-Taxi-by-Mene-171-300x169.jpg 300w, https:\/\/www.mochileiros.com\/blog\/wp-content\/uploads\/2015\/06\/cover-Taxi-by-Mene-171-768x432.jpg 768w, https:\/\/www.mochileiros.com\/blog\/wp-content\/uploads\/2015\/06\/cover-Taxi-by-Mene-171-313x176.jpg 313w, https:\/\/www.mochileiros.com\/blog\/wp-content\/uploads\/2015\/06\/cover-Taxi-by-Mene-171-20x11.jpg 20w, https:\/\/www.mochileiros.com\/blog\/wp-content\/uploads\/2015\/06\/cover-Taxi-by-Mene-171.jpg 1200w\" sizes=\"auto, (max-width: 1024px) 100vw, 1024px\" \/><\/a><\/p>\n<h3><span class=\"ez-toc-section\" id=\"30\"><\/span><strong>30<\/strong><span class=\"ez-toc-section-end\"><\/span><\/h3>\n<p>&nbsp;<\/p>\n<blockquote><p>Porque eu testemunhei dias sem nuvens\u00a0com\u00a0c\u00e9u ensolarado sobre\u00a0\u00e1guas azuis cristalinas e\u00a0montanhas de tirar o f\u00f4lego, enquanto visitava as ilhas San Juan\u00a0em Washington. Foi uma oportunidade \u00fanica na vida de ver as orcas em\u00a0seu ambiente natural. &#8211; Sam Champion, \u00c2ncora do The Weather Channel<\/p><\/blockquote>\n<p><a href=\"https:\/\/www.mochileiros.com\/blog\/wp-content\/uploads\/2015\/06\/sanjuan-pr-vacations.jpg\"><img loading=\"lazy\" decoding=\"async\" class=\"alignnone size-full wp-image-15060\" src=\"https:\/\/www.mochileiros.com\/blog\/wp-content\/uploads\/2015\/06\/sanjuan-pr-vacations.jpg\" alt=\"sanjuan-pr-vacations\" width=\"728\" height=\"417\" srcset=\"https:\/\/www.mochileiros.com\/blog\/wp-content\/uploads\/2015\/06\/sanjuan-pr-vacations.jpg 728w, https:\/\/www.mochileiros.com\/blog\/wp-content\/uploads\/2015\/06\/sanjuan-pr-vacations-300x172.jpg 300w, https:\/\/www.mochileiros.com\/blog\/wp-content\/uploads\/2015\/06\/sanjuan-pr-vacations-1024x587.jpg 1024w, https:\/\/www.mochileiros.com\/blog\/wp-content\/uploads\/2015\/06\/sanjuan-pr-vacations-766x439.jpg 766w, https:\/\/www.mochileiros.com\/blog\/wp-content\/uploads\/2015\/06\/sanjuan-pr-vacations-1536x880.jpg 1536w, https:\/\/www.mochileiros.com\/blog\/wp-content\/uploads\/2015\/06\/sanjuan-pr-vacations-2048x1173.jpg 2048w, https:\/\/www.mochileiros.com\/blog\/wp-content\/uploads\/2015\/06\/sanjuan-pr-vacations-262x150.jpg 262w, https:\/\/www.mochileiros.com\/blog\/wp-content\/uploads\/2015\/06\/sanjuan-pr-vacations-100x57.jpg 100w, https:\/\/www.mochileiros.com\/blog\/wp-content\/uploads\/2015\/06\/sanjuan-pr-vacations-611x350.jpg 611w, https:\/\/www.mochileiros.com\/blog\/wp-content\/uploads\/2015\/06\/sanjuan-pr-vacations-788x451.jpg 788w, https:\/\/www.mochileiros.com\/blog\/wp-content\/uploads\/2015\/06\/sanjuan-pr-vacations-313x179.jpg 313w, https:\/\/www.mochileiros.com\/blog\/wp-content\/uploads\/2015\/06\/sanjuan-pr-vacations-20x11.jpg 20w\" sizes=\"auto, (max-width: 728px) 100vw, 728px\" \/><\/a><\/p>\n<h3><span class=\"ez-toc-section\" id=\"29\"><\/span><strong>29<\/strong><span class=\"ez-toc-section-end\"><\/span><\/h3>\n<p>&nbsp;<\/p>\n<blockquote><p>Porque eu finalmente tive a chance de visitar\u00a0Cork, na Irlanda, e ver as antigas ru\u00ednas e castelos. &#8211; Joe Bastianich, restaurateur<\/p><\/blockquote>\n<p><a href=\"https:\/\/www.mochileiros.com\/blog\/wp-content\/uploads\/2015\/06\/irlanda-castelo_0.jpg\"><img loading=\"lazy\" decoding=\"async\" class=\"alignnone size-large wp-image-15061\" src=\"https:\/\/www.mochileiros.com\/blog\/wp-content\/uploads\/2015\/06\/irlanda-castelo_0-1024x768.jpg\" alt=\"irlanda-castelo_0\" width=\"1024\" height=\"768\" srcset=\"https:\/\/www.mochileiros.com\/blog\/wp-content\/uploads\/2015\/06\/irlanda-castelo_0.jpg 1024w, https:\/\/www.mochileiros.com\/blog\/wp-content\/uploads\/2015\/06\/irlanda-castelo_0-300x225.jpg 300w, https:\/\/www.mochileiros.com\/blog\/wp-content\/uploads\/2015\/06\/irlanda-castelo_0-768x576.jpg 768w, https:\/\/www.mochileiros.com\/blog\/wp-content\/uploads\/2015\/06\/irlanda-castelo_0-313x235.jpg 313w, https:\/\/www.mochileiros.com\/blog\/wp-content\/uploads\/2015\/06\/irlanda-castelo_0-20x15.jpg 20w\" sizes=\"auto, (max-width: 1024px) 100vw, 1024px\" \/><\/a><\/p>\n<h3><span class=\"ez-toc-section\" id=\"28\"><\/span><strong>28<\/strong><span class=\"ez-toc-section-end\"><\/span><\/h3>\n<p>&nbsp;<\/p>\n<blockquote><p>Porque na Tail\u00e2ndia compartilhamos um momento com uma das mais majestosas criaturas da natureza. &#8211; Steven Tyler, vocalista da banda Aerosmith<\/p><\/blockquote>\n<p><a href=\"https:\/\/www.mochileiros.com\/blog\/wp-content\/uploads\/2015\/06\/steventyler-edit-mr_1.jpg\"><img loading=\"lazy\" decoding=\"async\" class=\"alignnone size-large wp-image-15062\" src=\"https:\/\/www.mochileiros.com\/blog\/wp-content\/uploads\/2015\/06\/steventyler-edit-mr_1-679x1024.jpg\" alt=\"steventyler-edit-mr_1\" width=\"679\" height=\"1024\" srcset=\"https:\/\/www.mochileiros.com\/blog\/wp-content\/uploads\/2015\/06\/steventyler-edit-mr_1-679x1024.jpg 679w, https:\/\/www.mochileiros.com\/blog\/wp-content\/uploads\/2015\/06\/steventyler-edit-mr_1-199x300.jpg 199w, https:\/\/www.mochileiros.com\/blog\/wp-content\/uploads\/2015\/06\/steventyler-edit-mr_1-768x1158.jpg 768w, https:\/\/www.mochileiros.com\/blog\/wp-content\/uploads\/2015\/06\/steventyler-edit-mr_1-313x472.jpg 313w, https:\/\/www.mochileiros.com\/blog\/wp-content\/uploads\/2015\/06\/steventyler-edit-mr_1-13x20.jpg 13w, https:\/\/www.mochileiros.com\/blog\/wp-content\/uploads\/2015\/06\/steventyler-edit-mr_1.jpg 995w\" sizes=\"auto, (max-width: 679px) 100vw, 679px\" \/><\/a><\/p>\n<h3><span class=\"ez-toc-section\" id=\"27\"><\/span><strong>27<\/strong><span class=\"ez-toc-section-end\"><\/span><\/h3>\n<p>&nbsp;<\/p>\n<blockquote><p>Porque eu finalmente surpreendi\u00a0meu irm\u00e3o, que ama chocolate, \u00a0com uma viagem para Zurique &#8211; e tivemos a\u00a0chance de encher nossas caras com o melhor chocolate do mundo.\u00a0Dieta? Que dieta? &#8211; John Lee, Colaborador BBC Travel<\/p><\/blockquote>\n<p><a href=\"https:\/\/www.mochileiros.com\/blog\/wp-content\/uploads\/2015\/06\/a-day-of-chocolate-in-zurich-5.jpg\"><img loading=\"lazy\" decoding=\"async\" class=\"alignnone size-large wp-image-15063\" src=\"https:\/\/www.mochileiros.com\/blog\/wp-content\/uploads\/2015\/06\/a-day-of-chocolate-in-zurich-5-1024x682.jpg\" alt=\"a-day-of-chocolate-in-zurich-5\" width=\"1024\" height=\"682\" srcset=\"https:\/\/www.mochileiros.com\/blog\/wp-content\/uploads\/2015\/06\/a-day-of-chocolate-in-zurich-5.jpg 1024w, https:\/\/www.mochileiros.com\/blog\/wp-content\/uploads\/2015\/06\/a-day-of-chocolate-in-zurich-5-300x200.jpg 300w, https:\/\/www.mochileiros.com\/blog\/wp-content\/uploads\/2015\/06\/a-day-of-chocolate-in-zurich-5-768x512.jpg 768w, https:\/\/www.mochileiros.com\/blog\/wp-content\/uploads\/2015\/06\/a-day-of-chocolate-in-zurich-5-313x208.jpg 313w, https:\/\/www.mochileiros.com\/blog\/wp-content\/uploads\/2015\/06\/a-day-of-chocolate-in-zurich-5-20x13.jpg 20w\" sizes=\"auto, (max-width: 1024px) 100vw, 1024px\" \/><\/a><\/p>\n<h3><span class=\"ez-toc-section\" id=\"26\"><\/span><strong>26<\/strong><span class=\"ez-toc-section-end\"><\/span><\/h3>\n<p>&nbsp;<\/p>\n<blockquote><p>Porque n\u00e3o h\u00e1 nada como assistir a um p\u00f4r do sol no deserto empoeirado do Festival de\u00a0Coachella, junto com 184 atra\u00e7\u00f5es musicais, 90 mil pessoas &#8211; e um gigante astronauta flutuante. &#8211; Ashley Winchester, BBC Travel<\/p><\/blockquote>\n<p>&nbsp;<\/p>\n<h3><a href=\"https:\/\/www.mochileiros.com\/blog\/wp-content\/uploads\/2015\/06\/astronaut.jpg\"><img loading=\"lazy\" decoding=\"async\" class=\"alignnone size-large wp-image-15064\" src=\"https:\/\/www.mochileiros.com\/blog\/wp-content\/uploads\/2015\/06\/astronaut-1024x683.jpg\" alt=\"astronaut\" width=\"1024\" height=\"683\" srcset=\"https:\/\/www.mochileiros.com\/blog\/wp-content\/uploads\/2015\/06\/astronaut.jpg 1024w, https:\/\/www.mochileiros.com\/blog\/wp-content\/uploads\/2015\/06\/astronaut-300x200.jpg 300w, https:\/\/www.mochileiros.com\/blog\/wp-content\/uploads\/2015\/06\/astronaut-768x512.jpg 768w, https:\/\/www.mochileiros.com\/blog\/wp-content\/uploads\/2015\/06\/astronaut-313x209.jpg 313w, https:\/\/www.mochileiros.com\/blog\/wp-content\/uploads\/2015\/06\/astronaut-20x13.jpg 20w\" sizes=\"auto, (max-width: 1024px) 100vw, 1024px\" \/><\/a><\/h3>\n<p>&nbsp;<\/p>\n<h3><span class=\"ez-toc-section\" id=\"25\"><\/span><strong>25<\/strong><span class=\"ez-toc-section-end\"><\/span><\/h3>\n<p>&nbsp;<\/p>\n<blockquote><p>Porque a\u00a0paci\u00eancia, tranq\u00fcilidade e generosidade dos estudantes de Hong Kong, mesmo depois de terem sido pulverizados\u00a0por\u00a0g\u00e1s lacrimog\u00eaneo e sprays de pimenta pela pol\u00edcia, se\u00a0mantiveram calmos e focados.\u00a0Ofereceram comida e \u00e1gua para todos que ali estavam protestando e distribu\u00edram abra\u00e7os e massagens gratuitos. &#8211; Kate Whitehead, \u00a0Colaboradora BBC Travel<\/p><\/blockquote>\n<p><a href=\"https:\/\/www.mochileiros.com\/blog\/wp-content\/uploads\/2015\/06\/Hong-Kong-Protests-One-Month-01.jpg\"><img loading=\"lazy\" decoding=\"async\" class=\"alignnone size-large wp-image-15065\" src=\"https:\/\/www.mochileiros.com\/blog\/wp-content\/uploads\/2015\/06\/Hong-Kong-Protests-One-Month-01-1024x678.jpg\" alt=\"Hong Kong Protests One Month 01\" width=\"1024\" height=\"678\" srcset=\"https:\/\/www.mochileiros.com\/blog\/wp-content\/uploads\/2015\/06\/Hong-Kong-Protests-One-Month-01-1024x678.jpg 1024w, https:\/\/www.mochileiros.com\/blog\/wp-content\/uploads\/2015\/06\/Hong-Kong-Protests-One-Month-01-300x199.jpg 300w, https:\/\/www.mochileiros.com\/blog\/wp-content\/uploads\/2015\/06\/Hong-Kong-Protests-One-Month-01-768x508.jpg 768w, https:\/\/www.mochileiros.com\/blog\/wp-content\/uploads\/2015\/06\/Hong-Kong-Protests-One-Month-01-313x207.jpg 313w, https:\/\/www.mochileiros.com\/blog\/wp-content\/uploads\/2015\/06\/Hong-Kong-Protests-One-Month-01-20x13.jpg 20w, https:\/\/www.mochileiros.com\/blog\/wp-content\/uploads\/2015\/06\/Hong-Kong-Protests-One-Month-01.jpg 1440w\" sizes=\"auto, (max-width: 1024px) 100vw, 1024px\" \/><\/a><\/p>\n<h3><span class=\"ez-toc-section\" id=\"24\"><\/span><strong>24<\/strong><span class=\"ez-toc-section-end\"><\/span><\/h3>\n<p>&nbsp;<\/p>\n<blockquote><p>Porque a beleza do Grand Canyon leva as pessoas a sa\u00edrem de l\u00e1 com\u00a0express\u00f5es de alegria in\u00e9ditas. &#8211; Pam Mandel, escritor<\/p><\/blockquote>\n<p><a href=\"https:\/\/www.mochileiros.com\/blog\/wp-content\/uploads\/2015\/06\/background.jpg\"><img loading=\"lazy\" decoding=\"async\" class=\"alignnone wp-image-15066 size-large\" src=\"https:\/\/www.mochileiros.com\/blog\/wp-content\/uploads\/2015\/06\/background-1024x370.jpg\" alt=\"\" width=\"1024\" height=\"370\" srcset=\"https:\/\/www.mochileiros.com\/blog\/wp-content\/uploads\/2015\/06\/background-1024x370.jpg 1024w, https:\/\/www.mochileiros.com\/blog\/wp-content\/uploads\/2015\/06\/background-300x108.jpg 300w, https:\/\/www.mochileiros.com\/blog\/wp-content\/uploads\/2015\/06\/background-768x277.jpg 768w, https:\/\/www.mochileiros.com\/blog\/wp-content\/uploads\/2015\/06\/background-313x113.jpg 313w, https:\/\/www.mochileiros.com\/blog\/wp-content\/uploads\/2015\/06\/background-20x7.jpg 20w, https:\/\/www.mochileiros.com\/blog\/wp-content\/uploads\/2015\/06\/background.jpg 1363w\" sizes=\"auto, (max-width: 1024px) 100vw, 1024px\" \/><\/a><\/p>\n<h3><span class=\"ez-toc-section\" id=\"23\"><\/span><strong>23<\/strong><span class=\"ez-toc-section-end\"><\/span><\/h3>\n<p>&nbsp;<\/p>\n<blockquote><p>Porque, em Istambul, esta poderia ser a paisagem do seu itiner\u00e1rio para ir ao trabalho toda manh\u00e3. &#8211; Amanda Ruggeri, Colaboradora BBC Travel<\/p><\/blockquote>\n<p>&nbsp;<\/p>\n<h3><span class=\"ez-toc-section\" id=\"i-2\"><\/span>\u00a0<a href=\"https:\/\/www.mochileiros.com\/blog\/wp-content\/uploads\/2015\/06\/IMG_9232.jpg\"><img loading=\"lazy\" decoding=\"async\" class=\"alignnone size-large wp-image-15068\" src=\"https:\/\/www.mochileiros.com\/blog\/wp-content\/uploads\/2015\/06\/IMG_9232-1024x768.jpg\" alt=\"IMG_9232\" width=\"1024\" height=\"768\" srcset=\"https:\/\/www.mochileiros.com\/blog\/wp-content\/uploads\/2015\/06\/IMG_9232-1024x768.jpg 1024w, https:\/\/www.mochileiros.com\/blog\/wp-content\/uploads\/2015\/06\/IMG_9232-300x225.jpg 300w, https:\/\/www.mochileiros.com\/blog\/wp-content\/uploads\/2015\/06\/IMG_9232-768x576.jpg 768w, https:\/\/www.mochileiros.com\/blog\/wp-content\/uploads\/2015\/06\/IMG_9232-313x235.jpg 313w, https:\/\/www.mochileiros.com\/blog\/wp-content\/uploads\/2015\/06\/IMG_9232-20x15.jpg 20w, https:\/\/www.mochileiros.com\/blog\/wp-content\/uploads\/2015\/06\/IMG_9232.jpg 1280w\" sizes=\"auto, (max-width: 1024px) 100vw, 1024px\" \/><\/a><span class=\"ez-toc-section-end\"><\/span><\/h3>\n<p>&nbsp;<\/p>\n<h3><span class=\"ez-toc-section\" id=\"22\"><\/span><strong>22<\/strong><span class=\"ez-toc-section-end\"><\/span><\/h3>\n<p>&nbsp;<\/p>\n<blockquote><p>Porque depois de meses de aulas frustrantes de\u00a0tailand\u00eas via\u00a0Skype, eu aprendi corretamente a dizer mais do que um &#8216;Ol\u00e1&#8217; e um &#8216;obrigado&#8217; a um vendedor de rua de Bangkok &#8211; e ele ficou\u00a0t\u00e3o feliz que insistiu para que eu tirasse essa foto. &#8211; Brian Spencer, colaborador BBC\u00a0Travel<\/p><\/blockquote>\n<p>&nbsp;<\/p>\n<blockquote class=\"instagram-media\" style=\"background: #FFF; border: 0; border-radius: 3px; box-shadow: 0 0 1px 0 rgba(0,0,0,0.5),0 1px 10px 0 rgba(0,0,0,0.15); margin: 1px; max-width: 658px; padding: 0; width: calc(100% - 2px);\" data-instgrm-version=\"4\">\n<div style=\"padding: 8px;\">\n<div style=\"background: #F8F8F8; line-height: 0; margin-top: 40px; padding: 50% 0; text-align: center; width: 100%;\"><\/div>\n<p><a style=\"color: #c9c8cd; font-family: Arial,sans-serif; font-size: 14px; font-style: normal; font-weight: normal; line-height: 17px; text-decoration: none;\" href=\"https:\/\/instagram.com\/p\/lZ6VYmRu4n\/\" target=\"_top\" rel=\"noopener\">Uma foto publicada por @brianbspencer<\/a> em <time style=\"font-family: Arial,sans-serif; font-size: 14px; line-height: 17px;\" datetime=\"2014-03-11T13:59:21+00:00\">Mar 11, 2014 \u00e0s 6:59 PDT<\/time><\/p>\n<\/div>\n<\/blockquote>\n<p><script src=\"\/\/platform.instagram.com\/en_US\/embeds.js\" async=\"\" defer=\"defer\"><\/script><\/p>\n<h3><span class=\"ez-toc-section\" id=\"21\"><\/span><strong>21<\/strong><span class=\"ez-toc-section-end\"><\/span><\/h3>\n<blockquote><p>Porque eu finalmente viajei pelos Alpes italianos e su\u00ed\u00e7os\u00a0atrav\u00e9s dos\u00a0hist\u00f3ricos\u00a0122 quil\u00f4metros da ferrovia\u00a0Bernina Express. \u00a0Viagem tranquila que me fez viajar no tempo, quando passei\u00a0pelas esta\u00e7\u00f5es constru\u00eddas em\u00a01910.<br \/>\n&#8211; Erica Firpo, Colaboradora BBC Travel<\/p><\/blockquote>\n<h3><a href=\"https:\/\/www.mochileiros.com\/blog\/wp-content\/uploads\/2015\/06\/Bernina-Express-Sommer_1280x1024.jpg\"><img loading=\"lazy\" decoding=\"async\" class=\"alignnone size-large wp-image-15069\" src=\"https:\/\/www.mochileiros.com\/blog\/wp-content\/uploads\/2015\/06\/Bernina-Express-Sommer_1280x1024-1024x819.jpg\" alt=\"Bernina-Express-Sommer_1280x1024\" width=\"1024\" height=\"819\" srcset=\"https:\/\/www.mochileiros.com\/blog\/wp-content\/uploads\/2015\/06\/Bernina-Express-Sommer_1280x1024-1024x819.jpg 1024w, https:\/\/www.mochileiros.com\/blog\/wp-content\/uploads\/2015\/06\/Bernina-Express-Sommer_1280x1024-300x240.jpg 300w, https:\/\/www.mochileiros.com\/blog\/wp-content\/uploads\/2015\/06\/Bernina-Express-Sommer_1280x1024-768x614.jpg 768w, https:\/\/www.mochileiros.com\/blog\/wp-content\/uploads\/2015\/06\/Bernina-Express-Sommer_1280x1024-313x250.jpg 313w, https:\/\/www.mochileiros.com\/blog\/wp-content\/uploads\/2015\/06\/Bernina-Express-Sommer_1280x1024-20x16.jpg 20w, https:\/\/www.mochileiros.com\/blog\/wp-content\/uploads\/2015\/06\/Bernina-Express-Sommer_1280x1024.jpg 1280w\" sizes=\"auto, (max-width: 1024px) 100vw, 1024px\" \/><\/a><\/h3>\n<h3><span class=\"ez-toc-section\" id=\"20\"><\/span><strong>20<\/strong><span class=\"ez-toc-section-end\"><\/span><\/h3>\n<blockquote><p>Porque pulei em um rio com milh\u00f5es de salm\u00f5es vermelhos brilhantes e isso me deixou feliz\u00a0por estar vivo.<br \/>\n&#8211; Josh Humbert, colaborador BBC Viagem<\/p><\/blockquote>\n<h3><a href=\"https:\/\/www.mochileiros.com\/blog\/wp-content\/uploads\/2015\/06\/diver-salmon-1920-hr_MlI4OzS.jpg\"><img loading=\"lazy\" decoding=\"async\" class=\"alignnone size-large wp-image-15070\" src=\"https:\/\/www.mochileiros.com\/blog\/wp-content\/uploads\/2015\/06\/diver-salmon-1920-hr_MlI4OzS-1024x576.jpg\" alt=\"diver-salmon-1920-hr_MlI4OzS\" width=\"1024\" height=\"576\" srcset=\"https:\/\/www.mochileiros.com\/blog\/wp-content\/uploads\/2015\/06\/diver-salmon-1920-hr_MlI4OzS-1024x576.jpg 1024w, https:\/\/www.mochileiros.com\/blog\/wp-content\/uploads\/2015\/06\/diver-salmon-1920-hr_MlI4OzS-300x169.jpg 300w, https:\/\/www.mochileiros.com\/blog\/wp-content\/uploads\/2015\/06\/diver-salmon-1920-hr_MlI4OzS-768x432.jpg 768w, https:\/\/www.mochileiros.com\/blog\/wp-content\/uploads\/2015\/06\/diver-salmon-1920-hr_MlI4OzS-313x176.jpg 313w, https:\/\/www.mochileiros.com\/blog\/wp-content\/uploads\/2015\/06\/diver-salmon-1920-hr_MlI4OzS-20x11.jpg 20w, https:\/\/www.mochileiros.com\/blog\/wp-content\/uploads\/2015\/06\/diver-salmon-1920-hr_MlI4OzS.jpg 1920w\" sizes=\"auto, (max-width: 1024px) 100vw, 1024px\" \/><\/a><\/h3>\n<h3><span class=\"ez-toc-section\" id=\"19\"><\/span><strong>19<\/strong><span class=\"ez-toc-section-end\"><\/span><\/h3>\n<blockquote><p>Porque percebi na\u00a0austera paisagem de Tigrai na Eti\u00f3pia que voc\u00ea pode pisar dentro de uma igreja esculpida em rocha s\u00f3lida e instantaneamente encontrar a solid\u00e3o silenciosa.<br \/>\n&#8211; Finlo Nelson Rohrer, editor BBC News Magazine<\/p><\/blockquote>\n<h3><a href=\"https:\/\/www.mochileiros.com\/blog\/wp-content\/uploads\/2015\/06\/P9020546.jpg\"><img loading=\"lazy\" decoding=\"async\" class=\"alignnone size-large wp-image-15079\" src=\"https:\/\/www.mochileiros.com\/blog\/wp-content\/uploads\/2015\/06\/P9020546-1024x703.jpg\" alt=\"P9020546\" width=\"1024\" height=\"703\" srcset=\"https:\/\/www.mochileiros.com\/blog\/wp-content\/uploads\/2015\/06\/P9020546-1024x703.jpg 1024w, https:\/\/www.mochileiros.com\/blog\/wp-content\/uploads\/2015\/06\/P9020546-300x206.jpg 300w, https:\/\/www.mochileiros.com\/blog\/wp-content\/uploads\/2015\/06\/P9020546-768x528.jpg 768w, https:\/\/www.mochileiros.com\/blog\/wp-content\/uploads\/2015\/06\/P9020546-313x215.jpg 313w, https:\/\/www.mochileiros.com\/blog\/wp-content\/uploads\/2015\/06\/P9020546-20x14.jpg 20w, https:\/\/www.mochileiros.com\/blog\/wp-content\/uploads\/2015\/06\/P9020546.jpg 1706w\" sizes=\"auto, (max-width: 1024px) 100vw, 1024px\" \/><\/a><\/h3>\n<h3><span class=\"ez-toc-section\" id=\"18\"><\/span><strong>18<\/strong><span class=\"ez-toc-section-end\"><\/span><\/h3>\n<blockquote><p>Porque, depois de oito dias de caminhada \u00e1rdua, cheguei\u00a0ao acampamento base do\u00a0Everest Base que fica a 5,380m de altitude, e percebi que o meu ponto final era\u00a0apenas o come\u00e7o para os escaladores que\u00a0iriam escalar a\u00a0montanha mais alta do mundo.<br \/>\n&#8211; Laurel Robbins &#8211; Colaboradora BBC Travel<\/p><\/blockquote>\n<h3><a href=\"https:\/\/www.mochileiros.com\/blog\/wp-content\/uploads\/2015\/06\/Everest-Base-Camp.jpg\"><img loading=\"lazy\" decoding=\"async\" class=\"alignnone size-large wp-image-15080\" src=\"https:\/\/www.mochileiros.com\/blog\/wp-content\/uploads\/2015\/06\/Everest-Base-Camp-1024x768.jpg\" alt=\"Everest-Base-Camp\" width=\"1024\" height=\"768\" srcset=\"https:\/\/www.mochileiros.com\/blog\/wp-content\/uploads\/2015\/06\/Everest-Base-Camp-1024x768.jpg 1024w, https:\/\/www.mochileiros.com\/blog\/wp-content\/uploads\/2015\/06\/Everest-Base-Camp-300x225.jpg 300w, https:\/\/www.mochileiros.com\/blog\/wp-content\/uploads\/2015\/06\/Everest-Base-Camp-768x576.jpg 768w, https:\/\/www.mochileiros.com\/blog\/wp-content\/uploads\/2015\/06\/Everest-Base-Camp-313x235.jpg 313w, https:\/\/www.mochileiros.com\/blog\/wp-content\/uploads\/2015\/06\/Everest-Base-Camp-20x15.jpg 20w, https:\/\/www.mochileiros.com\/blog\/wp-content\/uploads\/2015\/06\/Everest-Base-Camp.jpg 1890w\" sizes=\"auto, (max-width: 1024px) 100vw, 1024px\" \/><\/a><\/h3>\n<h3><span class=\"ez-toc-section\" id=\"17\"><\/span><strong>17<\/strong><span class=\"ez-toc-section-end\"><\/span><\/h3>\n<blockquote><p>Porque eu navegava a bordo de um pequeno barco em Lysefjord na Noruega e percebi que n\u00e3o h\u00e1 nada mais grandioso do que sentir-se pequeno.<br \/>\n&#8211; Terry Ward, Colaborador BBC Travel<\/p><\/blockquote>\n<p>&nbsp;<\/p>\n<p><a href=\"https:\/\/www.mochileiros.com\/blog\/wp-content\/uploads\/2015\/06\/cruise-ship-in-a-wonderful-fjord-in-norway-hd-wallpaper-508714.jpg\"><img loading=\"lazy\" decoding=\"async\" class=\"alignnone size-large wp-image-15082\" src=\"https:\/\/www.mochileiros.com\/blog\/wp-content\/uploads\/2015\/06\/cruise-ship-in-a-wonderful-fjord-in-norway-hd-wallpaper-508714-1024x576.jpg\" alt=\"Cruise Ship In A Wonderful Fjord In Norway HD Desktop Background\" width=\"1024\" height=\"576\" srcset=\"https:\/\/www.mochileiros.com\/blog\/wp-content\/uploads\/2015\/06\/cruise-ship-in-a-wonderful-fjord-in-norway-hd-wallpaper-508714-1024x576.jpg 1024w, https:\/\/www.mochileiros.com\/blog\/wp-content\/uploads\/2015\/06\/cruise-ship-in-a-wonderful-fjord-in-norway-hd-wallpaper-508714-300x169.jpg 300w, https:\/\/www.mochileiros.com\/blog\/wp-content\/uploads\/2015\/06\/cruise-ship-in-a-wonderful-fjord-in-norway-hd-wallpaper-508714-768x432.jpg 768w, https:\/\/www.mochileiros.com\/blog\/wp-content\/uploads\/2015\/06\/cruise-ship-in-a-wonderful-fjord-in-norway-hd-wallpaper-508714-313x176.jpg 313w, https:\/\/www.mochileiros.com\/blog\/wp-content\/uploads\/2015\/06\/cruise-ship-in-a-wonderful-fjord-in-norway-hd-wallpaper-508714-20x11.jpg 20w, https:\/\/www.mochileiros.com\/blog\/wp-content\/uploads\/2015\/06\/cruise-ship-in-a-wonderful-fjord-in-norway-hd-wallpaper-508714.jpg 1920w\" sizes=\"auto, (max-width: 1024px) 100vw, 1024px\" \/><\/a><\/p>\n<h3><\/h3>\n<h3><span class=\"ez-toc-section\" id=\"16\"><\/span><strong>16\u00a0<\/strong><span class=\"ez-toc-section-end\"><\/span><\/h3>\n<blockquote><p>Porque eu passei um crep\u00fasculo nadando com peixes cegos em um cenote em Yucat\u00e1n, lembrando-me quantos lugares escondidos e misteriosos do mundo ainda temos\u00a0para explorar.<br \/>\n&#8211; Lindsey Galloway, Colunista BBC Travel<\/p><\/blockquote>\n<h3><a href=\"https:\/\/www.mochileiros.com\/blog\/wp-content\/uploads\/2015\/06\/agua00.jpg\"><img loading=\"lazy\" decoding=\"async\" class=\"alignnone size-large wp-image-15083\" src=\"https:\/\/www.mochileiros.com\/blog\/wp-content\/uploads\/2015\/06\/agua00-1024x681.jpg\" alt=\"agua00\" width=\"1024\" height=\"681\" srcset=\"https:\/\/www.mochileiros.com\/blog\/wp-content\/uploads\/2015\/06\/agua00.jpg 1024w, https:\/\/www.mochileiros.com\/blog\/wp-content\/uploads\/2015\/06\/agua00-300x200.jpg 300w, https:\/\/www.mochileiros.com\/blog\/wp-content\/uploads\/2015\/06\/agua00-768x511.jpg 768w, https:\/\/www.mochileiros.com\/blog\/wp-content\/uploads\/2015\/06\/agua00-313x208.jpg 313w, https:\/\/www.mochileiros.com\/blog\/wp-content\/uploads\/2015\/06\/agua00-20x13.jpg 20w\" sizes=\"auto, (max-width: 1024px) 100vw, 1024px\" \/><\/a><\/h3>\n<h3><span class=\"ez-toc-section\" id=\"15\"><\/span><strong>15<\/strong><span class=\"ez-toc-section-end\"><\/span><\/h3>\n<blockquote><p>Porque eu fui para ao\u00a0topo do glaciar Jungfrau em um helic\u00f3ptero para jogar t\u00eanis com Roger Federer. Foi uma das aventuras mais incr\u00edveis da minha vida!<br \/>\n&#8211; Lindsey Vonn, Copa do Mundo de ski racer<\/p><\/blockquote>\n<p><a href=\"https:\/\/www.mochileiros.com\/blog\/wp-content\/uploads\/2015\/06\/pc-140717-alpine-tennis-7a_c4e9e61b17ff1c6c9b09114031937c10.nbcnews-fp-1200-800.jpg\"><img loading=\"lazy\" decoding=\"async\" class=\"alignnone size-large wp-image-15084\" src=\"https:\/\/www.mochileiros.com\/blog\/wp-content\/uploads\/2015\/06\/pc-140717-alpine-tennis-7a_c4e9e61b17ff1c6c9b09114031937c10.nbcnews-fp-1200-800-1024x683.jpg\" alt=\"pc-140717-alpine-tennis-7a_c4e9e61b17ff1c6c9b09114031937c10.nbcnews-fp-1200-800\" width=\"1024\" height=\"683\" srcset=\"https:\/\/www.mochileiros.com\/blog\/wp-content\/uploads\/2015\/06\/pc-140717-alpine-tennis-7a_c4e9e61b17ff1c6c9b09114031937c10.nbcnews-fp-1200-800-1024x683.jpg 1024w, https:\/\/www.mochileiros.com\/blog\/wp-content\/uploads\/2015\/06\/pc-140717-alpine-tennis-7a_c4e9e61b17ff1c6c9b09114031937c10.nbcnews-fp-1200-800-300x200.jpg 300w, https:\/\/www.mochileiros.com\/blog\/wp-content\/uploads\/2015\/06\/pc-140717-alpine-tennis-7a_c4e9e61b17ff1c6c9b09114031937c10.nbcnews-fp-1200-800-768x512.jpg 768w, https:\/\/www.mochileiros.com\/blog\/wp-content\/uploads\/2015\/06\/pc-140717-alpine-tennis-7a_c4e9e61b17ff1c6c9b09114031937c10.nbcnews-fp-1200-800-313x209.jpg 313w, https:\/\/www.mochileiros.com\/blog\/wp-content\/uploads\/2015\/06\/pc-140717-alpine-tennis-7a_c4e9e61b17ff1c6c9b09114031937c10.nbcnews-fp-1200-800-20x13.jpg 20w, https:\/\/www.mochileiros.com\/blog\/wp-content\/uploads\/2015\/06\/pc-140717-alpine-tennis-7a_c4e9e61b17ff1c6c9b09114031937c10.nbcnews-fp-1200-800.jpg 1200w\" sizes=\"auto, (max-width: 1024px) 100vw, 1024px\" \/><\/a><\/p>\n<h3><span class=\"ez-toc-section\" id=\"14\"><\/span><strong>14\u00a0<\/strong><span class=\"ez-toc-section-end\"><\/span><\/h3>\n<blockquote><p>Porque eu conheci cinco leopardos da neve em um centro de reabilita\u00e7\u00e3o no Quirguist\u00e3o, e isso me fez ver\u00a0como belo e selvagem o mundo pode ser.<br \/>\n&#8211; Stephen Lioy, colaborador BBC\u00a0Travel<\/p><\/blockquote>\n<p><a href=\"https:\/\/www.mochileiros.com\/blog\/wp-content\/uploads\/2015\/06\/photo5576.jpg\"><img loading=\"lazy\" decoding=\"async\" class=\"alignnone size-large wp-image-15085\" src=\"https:\/\/www.mochileiros.com\/blog\/wp-content\/uploads\/2015\/06\/photo5576-1024x768.jpg\" alt=\"photo5576\" width=\"1024\" height=\"768\" srcset=\"https:\/\/www.mochileiros.com\/blog\/wp-content\/uploads\/2015\/06\/photo5576-1024x768.jpg 1024w, https:\/\/www.mochileiros.com\/blog\/wp-content\/uploads\/2015\/06\/photo5576-300x225.jpg 300w, https:\/\/www.mochileiros.com\/blog\/wp-content\/uploads\/2015\/06\/photo5576-768x576.jpg 768w, https:\/\/www.mochileiros.com\/blog\/wp-content\/uploads\/2015\/06\/photo5576-313x235.jpg 313w, https:\/\/www.mochileiros.com\/blog\/wp-content\/uploads\/2015\/06\/photo5576-20x15.jpg 20w, https:\/\/www.mochileiros.com\/blog\/wp-content\/uploads\/2015\/06\/photo5576.jpg 1200w\" sizes=\"auto, (max-width: 1024px) 100vw, 1024px\" \/><\/a><\/p>\n<p>&nbsp;<\/p>\n<h3><span class=\"ez-toc-section\" id=\"13\"><\/span><strong>13<\/strong><span class=\"ez-toc-section-end\"><\/span><\/h3>\n<blockquote><p>Porque eu adorava ver o meu filho Sam e meu sobrinho Noah superar todas as adversidades para chegar ao topo do Matterhorn. Um belo cen\u00e1rio, um desafio incr\u00edvel e uma fam\u00edlia<br \/>\namorosa &#8211; tudo o que preciso.<br \/>\n&#8211; Sir Richard Branson, empres\u00e1rio e aventureiro<\/p><\/blockquote>\n<p><a href=\"https:\/\/www.mochileiros.com\/blog\/wp-content\/uploads\/2015\/06\/Matterhorn_from_Domh\u00fctte_-_2.jpg\"><img loading=\"lazy\" decoding=\"async\" class=\"alignnone size-large wp-image-15088\" src=\"https:\/\/www.mochileiros.com\/blog\/wp-content\/uploads\/2015\/06\/Matterhorn_from_Domh\u00fctte_-_2-1024x682.jpg\" alt=\"Matterhorn_from_Domh\u00fctte_-_2\" width=\"1024\" height=\"682\" srcset=\"https:\/\/www.mochileiros.com\/blog\/wp-content\/uploads\/2015\/06\/Matterhorn_from_Domh\u00fctte_-_2-1024x682.jpg 1024w, https:\/\/www.mochileiros.com\/blog\/wp-content\/uploads\/2015\/06\/Matterhorn_from_Domh\u00fctte_-_2-300x200.jpg 300w, https:\/\/www.mochileiros.com\/blog\/wp-content\/uploads\/2015\/06\/Matterhorn_from_Domh\u00fctte_-_2-768x511.jpg 768w, https:\/\/www.mochileiros.com\/blog\/wp-content\/uploads\/2015\/06\/Matterhorn_from_Domh\u00fctte_-_2-313x208.jpg 313w, https:\/\/www.mochileiros.com\/blog\/wp-content\/uploads\/2015\/06\/Matterhorn_from_Domh\u00fctte_-_2-20x13.jpg 20w, https:\/\/www.mochileiros.com\/blog\/wp-content\/uploads\/2015\/06\/Matterhorn_from_Domh\u00fctte_-_2.jpg 1501w\" sizes=\"auto, (max-width: 1024px) 100vw, 1024px\" \/><\/a><\/p>\n<p>&nbsp;<\/p>\n<h3><span class=\"ez-toc-section\" id=\"12\"><\/span><strong>12<\/strong><span class=\"ez-toc-section-end\"><\/span><\/h3>\n<blockquote><p>Porque, na selvagem e maravilhosa Papua Nova Guin\u00e9, fui de barco at\u00e9 a\u00a0base de um vulc\u00e3o ativo.<br \/>\n&#8211; Ian Neubauer, Colaborador BBC\u00a0Travel<\/p><\/blockquote>\n<p>&nbsp;<\/p>\n<p><a href=\"https:\/\/www.mochileiros.com\/blog\/wp-content\/uploads\/2015\/06\/5S3J8136_Tavurvur.jpg\"><img loading=\"lazy\" decoding=\"async\" class=\"alignnone size-full wp-image-15090\" src=\"https:\/\/www.mochileiros.com\/blog\/wp-content\/uploads\/2015\/06\/5S3J8136_Tavurvur.jpg\" alt=\"5S3J8136_Tavurvur\" width=\"999\" height=\"666\" srcset=\"https:\/\/www.mochileiros.com\/blog\/wp-content\/uploads\/2015\/06\/5S3J8136_Tavurvur.jpg 999w, https:\/\/www.mochileiros.com\/blog\/wp-content\/uploads\/2015\/06\/5S3J8136_Tavurvur-300x200.jpg 300w, https:\/\/www.mochileiros.com\/blog\/wp-content\/uploads\/2015\/06\/5S3J8136_Tavurvur-768x512.jpg 768w, https:\/\/www.mochileiros.com\/blog\/wp-content\/uploads\/2015\/06\/5S3J8136_Tavurvur-313x209.jpg 313w, https:\/\/www.mochileiros.com\/blog\/wp-content\/uploads\/2015\/06\/5S3J8136_Tavurvur-20x13.jpg 20w\" sizes=\"auto, (max-width: 999px) 100vw, 999px\" \/><\/a><\/p>\n<h3><span class=\"ez-toc-section\" id=\"11\"><\/span><strong>11<\/strong><span class=\"ez-toc-section-end\"><\/span><\/h3>\n<blockquote><p>Porque nas Seychelles, encontrei\u00a0esses pescadores, Jerry e Leopold, que realmente amam o que fazem.<br \/>\n&#8211; Lola Akinmade \u00c5kerstr\u00f6m, BBC Travel<\/p><\/blockquote>\n<p><a href=\"https:\/\/www.mochileiros.com\/blog\/wp-content\/uploads\/2015\/06\/akerstrom_seychelles_425_crtykdg-hr_BwfxQh3.jpg\"><img loading=\"lazy\" decoding=\"async\" class=\"alignnone size-large wp-image-15091\" src=\"https:\/\/www.mochileiros.com\/blog\/wp-content\/uploads\/2015\/06\/akerstrom_seychelles_425_crtykdg-hr_BwfxQh3-1024x576.jpg\" alt=\"akerstrom_seychelles_425_crtykdg-hr_BwfxQh3\" width=\"1024\" height=\"576\" srcset=\"https:\/\/www.mochileiros.com\/blog\/wp-content\/uploads\/2015\/06\/akerstrom_seychelles_425_crtykdg-hr_BwfxQh3-1024x576.jpg 1024w, https:\/\/www.mochileiros.com\/blog\/wp-content\/uploads\/2015\/06\/akerstrom_seychelles_425_crtykdg-hr_BwfxQh3-300x169.jpg 300w, https:\/\/www.mochileiros.com\/blog\/wp-content\/uploads\/2015\/06\/akerstrom_seychelles_425_crtykdg-hr_BwfxQh3-768x432.jpg 768w, https:\/\/www.mochileiros.com\/blog\/wp-content\/uploads\/2015\/06\/akerstrom_seychelles_425_crtykdg-hr_BwfxQh3-313x176.jpg 313w, https:\/\/www.mochileiros.com\/blog\/wp-content\/uploads\/2015\/06\/akerstrom_seychelles_425_crtykdg-hr_BwfxQh3-20x11.jpg 20w, https:\/\/www.mochileiros.com\/blog\/wp-content\/uploads\/2015\/06\/akerstrom_seychelles_425_crtykdg-hr_BwfxQh3.jpg 1920w\" sizes=\"auto, (max-width: 1024px) 100vw, 1024px\" \/><\/a><\/p>\n<p>&nbsp;<\/p>\n<h3><span class=\"ez-toc-section\" id=\"10\"><\/span><strong>10<\/strong><span class=\"ez-toc-section-end\"><\/span><\/h3>\n<blockquote><p>Porque eu tive outra oportunidade\u00a0de explorar a natureza crua e\u00a0irresist\u00edvel das \u00e1guas da Polin\u00e9sia Francesa. \u00c9 como nos cart\u00f5es postais &#8211; N\u00e3o, \u00e9 melhor.<br \/>\n&#8211; Brooke Dombroski, fot\u00f3grafo<\/p><\/blockquote>\n<p><a href=\"https:\/\/www.mochileiros.com\/blog\/wp-content\/uploads\/2015\/06\/French_Polynesia_Bora_Bora-Tahiti-100.jpeg\"><img loading=\"lazy\" decoding=\"async\" class=\"alignnone size-large wp-image-15094\" src=\"https:\/\/www.mochileiros.com\/blog\/wp-content\/uploads\/2015\/06\/French_Polynesia_Bora_Bora-Tahiti-100-1024x683.jpeg\" alt=\"French_Polynesia_Bora_Bora-Tahiti-100\" width=\"1024\" height=\"683\" srcset=\"https:\/\/www.mochileiros.com\/blog\/wp-content\/uploads\/2015\/06\/French_Polynesia_Bora_Bora-Tahiti-100-1024x683.jpeg 1024w, https:\/\/www.mochileiros.com\/blog\/wp-content\/uploads\/2015\/06\/French_Polynesia_Bora_Bora-Tahiti-100-300x200.jpeg 300w, https:\/\/www.mochileiros.com\/blog\/wp-content\/uploads\/2015\/06\/French_Polynesia_Bora_Bora-Tahiti-100-768x512.jpeg 768w, https:\/\/www.mochileiros.com\/blog\/wp-content\/uploads\/2015\/06\/French_Polynesia_Bora_Bora-Tahiti-100-313x209.jpeg 313w, https:\/\/www.mochileiros.com\/blog\/wp-content\/uploads\/2015\/06\/French_Polynesia_Bora_Bora-Tahiti-100-20x13.jpeg 20w\" sizes=\"auto, (max-width: 1024px) 100vw, 1024px\" \/><\/a><\/p>\n<p>&nbsp;<\/p>\n<h3><span class=\"ez-toc-section\" id=\"9\"><\/span><strong>9<\/strong><span class=\"ez-toc-section-end\"><\/span><\/h3>\n<blockquote><p>Porque no projeto Skateistan em Phnom Penh, no Camboja, eu fui\u00a0capaz de compartilhar a minha paix\u00e3o pelo skate com crian\u00e7as que nunca tinham experimentado tais emo\u00e7\u00f5es.<br \/>\nSkateboarding pode transcender g\u00eanero, barreiras raciais e econ\u00f4micas.<br \/>\n&#8211; Tony Hawk, skatista profissional<\/p><\/blockquote>\n<p><a href=\"https:\/\/www.mochileiros.com\/blog\/wp-content\/uploads\/2015\/06\/keenaphoto-2010-cambodia_phnompenh-0013-1803x1200-scaled1000.jpg\"><img loading=\"lazy\" decoding=\"async\" class=\"alignnone size-full wp-image-15095\" src=\"https:\/\/www.mochileiros.com\/blog\/wp-content\/uploads\/2015\/06\/keenaphoto-2010-cambodia_phnompenh-0013-1803x1200-scaled1000.jpg\" alt=\"keenaphoto-2010-cambodia_phnompenh-0013-1803x1200-scaled1000\" width=\"1000\" height=\"666\" srcset=\"https:\/\/www.mochileiros.com\/blog\/wp-content\/uploads\/2015\/06\/keenaphoto-2010-cambodia_phnompenh-0013-1803x1200-scaled1000.jpg 1000w, https:\/\/www.mochileiros.com\/blog\/wp-content\/uploads\/2015\/06\/keenaphoto-2010-cambodia_phnompenh-0013-1803x1200-scaled1000-300x200.jpg 300w, https:\/\/www.mochileiros.com\/blog\/wp-content\/uploads\/2015\/06\/keenaphoto-2010-cambodia_phnompenh-0013-1803x1200-scaled1000-768x511.jpg 768w, https:\/\/www.mochileiros.com\/blog\/wp-content\/uploads\/2015\/06\/keenaphoto-2010-cambodia_phnompenh-0013-1803x1200-scaled1000-313x208.jpg 313w, https:\/\/www.mochileiros.com\/blog\/wp-content\/uploads\/2015\/06\/keenaphoto-2010-cambodia_phnompenh-0013-1803x1200-scaled1000-20x13.jpg 20w\" sizes=\"auto, (max-width: 1000px) 100vw, 1000px\" \/><\/a><\/p>\n<p>&nbsp;<\/p>\n<h3><span class=\"ez-toc-section\" id=\"8\"><\/span><strong>8<\/strong><span class=\"ez-toc-section-end\"><\/span><\/h3>\n<blockquote><p>Porque um tempo depois de visitar\u00a0Las Vegas no ver\u00e3o passado, eu assisti um espet\u00e1culo no melhor\u00a0&#8220;Estilo Vegas&#8221; \u00a0misteriosamente produzido de forma muito parecida\u00a0ao da cidade do pecado, em plena\u00a0Pyongyang,\u00a0capital da Cor\u00e9ia do Norte.<br \/>\n&#8211; Pico Iyer, colaborador BBC\u00a0Travel<\/p><\/blockquote>\n<p><a href=\"https:\/\/www.mochileiros.com\/blog\/wp-content\/uploads\/2015\/06\/picoiyer-hr.jpg\"><img loading=\"lazy\" decoding=\"async\" class=\"alignnone size-large wp-image-15096\" src=\"https:\/\/www.mochileiros.com\/blog\/wp-content\/uploads\/2015\/06\/picoiyer-hr-1024x576.jpg\" alt=\"picoiyer-hr\" width=\"1024\" height=\"576\" srcset=\"https:\/\/www.mochileiros.com\/blog\/wp-content\/uploads\/2015\/06\/picoiyer-hr-1024x576.jpg 1024w, https:\/\/www.mochileiros.com\/blog\/wp-content\/uploads\/2015\/06\/picoiyer-hr-300x169.jpg 300w, https:\/\/www.mochileiros.com\/blog\/wp-content\/uploads\/2015\/06\/picoiyer-hr-768x432.jpg 768w, https:\/\/www.mochileiros.com\/blog\/wp-content\/uploads\/2015\/06\/picoiyer-hr-313x176.jpg 313w, https:\/\/www.mochileiros.com\/blog\/wp-content\/uploads\/2015\/06\/picoiyer-hr-20x11.jpg 20w, https:\/\/www.mochileiros.com\/blog\/wp-content\/uploads\/2015\/06\/picoiyer-hr.jpg 1920w\" sizes=\"auto, (max-width: 1024px) 100vw, 1024px\" \/><\/a><\/p>\n<h3><span class=\"ez-toc-section\" id=\"7\"><\/span><strong>7<\/strong><span class=\"ez-toc-section-end\"><\/span><\/h3>\n<blockquote><p>Porque indo para a Gr\u00e9cia finalmente eu consegui entender por que eles o\u00a0chamam de &#8216;Egeu Azul&#8217;.<br \/>\n&#8211; Jodi Ettenberg, colaborador BBC Viagem<\/p><\/blockquote>\n<p><a href=\"https:\/\/www.mochileiros.com\/blog\/wp-content\/uploads\/2015\/06\/dsc08537.jpg\"><img loading=\"lazy\" decoding=\"async\" class=\"alignnone size-large wp-image-15097\" src=\"https:\/\/www.mochileiros.com\/blog\/wp-content\/uploads\/2015\/06\/dsc08537-1024x768.jpg\" alt=\"dsc08537\" width=\"1024\" height=\"768\" srcset=\"https:\/\/www.mochileiros.com\/blog\/wp-content\/uploads\/2015\/06\/dsc08537-1024x768.jpg 1024w, https:\/\/www.mochileiros.com\/blog\/wp-content\/uploads\/2015\/06\/dsc08537-300x225.jpg 300w, https:\/\/www.mochileiros.com\/blog\/wp-content\/uploads\/2015\/06\/dsc08537-768x576.jpg 768w, https:\/\/www.mochileiros.com\/blog\/wp-content\/uploads\/2015\/06\/dsc08537-313x235.jpg 313w, https:\/\/www.mochileiros.com\/blog\/wp-content\/uploads\/2015\/06\/dsc08537-20x15.jpg 20w\" sizes=\"auto, (max-width: 1024px) 100vw, 1024px\" \/><\/a><\/p>\n<p>&nbsp;<\/p>\n<p><strong>6<\/strong><\/p>\n<blockquote><p>Porque eu estava no Jap\u00e3o durante a temporada da sakura &#8211; ou flor de cerejeira &#8211; , e em todo lugar que voc\u00ea olha voc\u00ea v\u00ea diferentes tons de beleza.<br \/>\n&#8211; Jimmy cohrssen, fot\u00f3grafo<\/p><\/blockquote>\n<p>&nbsp;<\/p>\n<blockquote class=\"instagram-media\" style=\"background: #FFF; border: 0; border-radius: 3px; box-shadow: 0 0 1px 0 rgba(0,0,0,0.5),0 1px 10px 0 rgba(0,0,0,0.15); margin: 1px; max-width: 658px; padding: 0; width: calc(100% - 2px);\" data-instgrm-version=\"4\">\n<div style=\"padding: 8px;\">\n<div style=\"background: #F8F8F8; line-height: 0; margin-top: 40px; padding: 50% 0; text-align: center; width: 100%;\"><\/div>\n<p style=\"color: #c9c8cd; font-family: Arial,sans-serif; font-size: 14px; line-height: 17px; margin-bottom: 0; margin-top: 8px; overflow: hidden; padding: 8px 0 7px; text-align: center; text-overflow: ellipsis; white-space: nowrap;\"><a style=\"color: #c9c8cd; font-family: Arial,sans-serif; font-size: 14px; font-style: normal; font-weight: normal; line-height: 17px; text-decoration: none;\" href=\"https:\/\/instagram.com\/p\/mYOYtrPZNw\/\" target=\"_top\" rel=\"noopener\">Uma foto publicada por jimmycohrssen (@jimmy.cohrssen)<\/a> em <time style=\"font-family: Arial,sans-serif; font-size: 14px; line-height: 17px;\" datetime=\"2014-04-04T18:47:29+00:00\">Abr 4, 2014 \u00e0s 11:47 PDT<\/time><\/p>\n<\/div>\n<\/blockquote>\n<p><script src=\"\/\/platform.instagram.com\/en_US\/embeds.js\" async=\"\" defer=\"defer\"><\/script><strong>5<\/strong><\/p>\n<blockquote><p>Porque no Atacama &#8211; o deserto mais seco do mundo &#8211; voc\u00ea n\u00e3o pode se perder em\u00a0estradas como esta. &#8211; Dave Seminara, colaborador BBC\u00a0Travel<\/p><\/blockquote>\n<p>&nbsp;<\/p>\n<h3><a href=\"https:\/\/www.mochileiros.com\/blog\/wp-content\/uploads\/2015\/06\/daveseminara-hr_LmYiSh0.jpg\"><img loading=\"lazy\" decoding=\"async\" class=\"alignnone size-large wp-image-15098\" src=\"https:\/\/www.mochileiros.com\/blog\/wp-content\/uploads\/2015\/06\/daveseminara-hr_LmYiSh0-1024x576.jpg\" alt=\"daveseminara-hr_LmYiSh0\" width=\"1024\" height=\"576\" srcset=\"https:\/\/www.mochileiros.com\/blog\/wp-content\/uploads\/2015\/06\/daveseminara-hr_LmYiSh0-1024x576.jpg 1024w, https:\/\/www.mochileiros.com\/blog\/wp-content\/uploads\/2015\/06\/daveseminara-hr_LmYiSh0-300x169.jpg 300w, https:\/\/www.mochileiros.com\/blog\/wp-content\/uploads\/2015\/06\/daveseminara-hr_LmYiSh0-768x432.jpg 768w, https:\/\/www.mochileiros.com\/blog\/wp-content\/uploads\/2015\/06\/daveseminara-hr_LmYiSh0-313x176.jpg 313w, https:\/\/www.mochileiros.com\/blog\/wp-content\/uploads\/2015\/06\/daveseminara-hr_LmYiSh0-20x11.jpg 20w, https:\/\/www.mochileiros.com\/blog\/wp-content\/uploads\/2015\/06\/daveseminara-hr_LmYiSh0.jpg 1920w\" sizes=\"auto, (max-width: 1024px) 100vw, 1024px\" \/><\/a><\/h3>\n<p>&nbsp;<\/p>\n<h3><\/h3>\n<p>&nbsp;<\/p>\n<h3><span class=\"ez-toc-section\" id=\"4\"><\/span><strong>4<\/strong><span class=\"ez-toc-section-end\"><\/span><\/h3>\n<p>&nbsp;<\/p>\n<blockquote><p>Porque eu caminhei pelas\u00a0Montanhas de Gheralta no norte da Eti\u00f3pia, e essa viagem me curou da minha pretens\u00e3o de\u00a0achar que eu j\u00e1 conhecia tudo nesse mundo. &#8211; Audrey Scott, colaborador BBC\u00a0Travel<\/p><\/blockquote>\n<p>&nbsp;<\/p>\n<h3><a href=\"https:\/\/www.mochileiros.com\/blog\/wp-content\/uploads\/2015\/06\/gheralta-hawzen.jpg\"><img loading=\"lazy\" decoding=\"async\" class=\"alignnone size-large wp-image-15099\" src=\"https:\/\/www.mochileiros.com\/blog\/wp-content\/uploads\/2015\/06\/gheralta-hawzen-1024x682.jpg\" alt=\"gheralta-hawzen\" width=\"1024\" height=\"682\" srcset=\"https:\/\/www.mochileiros.com\/blog\/wp-content\/uploads\/2015\/06\/gheralta-hawzen-1024x682.jpg 1024w, https:\/\/www.mochileiros.com\/blog\/wp-content\/uploads\/2015\/06\/gheralta-hawzen-300x200.jpg 300w, https:\/\/www.mochileiros.com\/blog\/wp-content\/uploads\/2015\/06\/gheralta-hawzen-768x512.jpg 768w, https:\/\/www.mochileiros.com\/blog\/wp-content\/uploads\/2015\/06\/gheralta-hawzen-313x209.jpg 313w, https:\/\/www.mochileiros.com\/blog\/wp-content\/uploads\/2015\/06\/gheralta-hawzen-20x13.jpg 20w, https:\/\/www.mochileiros.com\/blog\/wp-content\/uploads\/2015\/06\/gheralta-hawzen.jpg 1600w\" sizes=\"auto, (max-width: 1024px) 100vw, 1024px\" \/><\/a><\/h3>\n<p>&nbsp;<\/p>\n<h3><span class=\"ez-toc-section\" id=\"3\"><\/span><strong>3<\/strong><span class=\"ez-toc-section-end\"><\/span><\/h3>\n<p>&nbsp;<\/p>\n<blockquote><p>Porque entre os mariachis e os dan\u00e7arinos de break na Plaza Central de San Miguel de Allende, eu me senti apaixonado pelo nosso pequeno planeta mais uma vez. &#8211; Jim Benning, BBC\u00a0Travel<\/p><\/blockquote>\n<p>&nbsp;<\/p>\n<blockquote class=\"instagram-media\" style=\"background: #FFF; border: 0; border-radius: 3px; box-shadow: 0 0 1px 0 rgba(0,0,0,0.5),0 1px 10px 0 rgba(0,0,0,0.15); margin: 1px; max-width: 658px; padding: 0; width: calc(100% - 2px);\" data-instgrm-version=\"4\">\n<div style=\"padding: 8px;\">\n<div style=\"background: #F8F8F8; line-height: 0; margin-top: 40px; padding: 50% 0; text-align: center; width: 100%;\"><\/div>\n<p><a style=\"color: #c9c8cd; font-family: Arial,sans-serif; font-size: 14px; font-style: normal; font-weight: normal; line-height: 17px; text-decoration: none;\" href=\"https:\/\/instagram.com\/p\/iur08NrHax\/\" target=\"_top\" rel=\"noopener\">Uma foto publicada por jimbenning (@jimbenning)<\/a> em <time style=\"font-family: Arial,sans-serif; font-size: 14px; line-height: 17px;\" datetime=\"2014-01-04T02:02:27+00:00\">Jan 3, 2014 \u00e0s 6:02 PST<\/time><\/p>\n<\/div>\n<\/blockquote>\n<p><script src=\"\/\/platform.instagram.com\/en_US\/embeds.js\" async=\"\" defer=\"defer\"><\/script><\/p>\n<h3><\/h3>\n<h3><span class=\"ez-toc-section\" id=\"2\"><\/span><strong>2<\/strong><span class=\"ez-toc-section-end\"><\/span><\/h3>\n<blockquote><p>Porque, em Jackson Hole, no Wyoming &#8211; o meu lugar favorito &#8211; Eu sou\u00a0capaz de deixar o trabalho para tr\u00e1s e simplesmente brincar e relaxar.<br \/>\n&#8211; David Chang, chef<\/p>\n<blockquote class=\"instagram-media\" style=\"background: #FFF; border: 0; border-radius: 3px; box-shadow: 0 0 1px 0 rgba(0,0,0,0.5),0 1px 10px 0 rgba(0,0,0,0.15); margin: 1px; max-width: 658px; padding: 0; width: calc(100% - 2px);\" data-instgrm-version=\"4\">\n<div style=\"padding: 8px;\">\n<div style=\"background: #F8F8F8; line-height: 0; margin-top: 40px; padding: 50% 0; text-align: center; width: 100%;\"><\/div>\n<p style=\"color: #c9c8cd; font-family: Arial,sans-serif; font-size: 14px; line-height: 17px; margin-bottom: 0; margin-top: 8px; overflow: hidden; padding: 8px 0 7px; text-align: center; text-overflow: ellipsis; white-space: nowrap;\"><a style=\"color: #c9c8cd; font-family: Arial,sans-serif; font-size: 14px; font-style: normal; font-weight: normal; line-height: 17px; text-decoration: none;\" href=\"https:\/\/instagram.com\/p\/schTw4jYTk\/\" target=\"_top\" rel=\"noopener\">Uma foto publicada por Dave Chang (@davidchang)<\/a> em <time style=\"font-family: Arial,sans-serif; font-size: 14px; line-height: 17px;\" datetime=\"2014-09-02T13:58:09+00:00\">Set 2, 2014 \u00e0s 6:58 PDT<\/time><\/p>\n<\/div>\n<\/blockquote>\n<p><script src=\"\/\/platform.instagram.com\/en_US\/embeds.js\" async=\"\" defer=\"defer\"><\/script><\/p><\/blockquote>\n<h3><span class=\"ez-toc-section\" id=\"1\"><\/span><strong>1\u00a0<\/strong><span class=\"ez-toc-section-end\"><\/span><\/h3>\n<blockquote><p>Porque enquanto voava\u00a0para Londres, percebi que o debate corredor vs janela havia sido finalmente resolvido.<br \/>\n&#8211; Andy Murdock, BBC\u00a0Travel<\/p><\/blockquote>\n<p><a href=\"https:\/\/www.mochileiros.com\/blog\/wp-content\/uploads\/2015\/06\/andymurdock-hr_JKuZAhe.jpg\"><img loading=\"lazy\" decoding=\"async\" class=\"alignnone size-large wp-image-15092\" src=\"https:\/\/www.mochileiros.com\/blog\/wp-content\/uploads\/2015\/06\/andymurdock-hr_JKuZAhe-1024x576.jpg\" alt=\"andymurdock-hr_JKuZAhe\" width=\"1024\" height=\"576\" srcset=\"https:\/\/www.mochileiros.com\/blog\/wp-content\/uploads\/2015\/06\/andymurdock-hr_JKuZAhe-1024x576.jpg 1024w, https:\/\/www.mochileiros.com\/blog\/wp-content\/uploads\/2015\/06\/andymurdock-hr_JKuZAhe-300x169.jpg 300w, https:\/\/www.mochileiros.com\/blog\/wp-content\/uploads\/2015\/06\/andymurdock-hr_JKuZAhe-768x432.jpg 768w, https:\/\/www.mochileiros.com\/blog\/wp-content\/uploads\/2015\/06\/andymurdock-hr_JKuZAhe-313x176.jpg 313w, https:\/\/www.mochileiros.com\/blog\/wp-content\/uploads\/2015\/06\/andymurdock-hr_JKuZAhe-20x11.jpg 20w, https:\/\/www.mochileiros.com\/blog\/wp-content\/uploads\/2015\/06\/andymurdock-hr_JKuZAhe.jpg 1920w\" sizes=\"auto, (max-width: 1024px) 100vw, 1024px\" \/><\/a><\/p>\n<p>&nbsp;<\/p>\n<p><strong>Vamos fazer a nossa vers\u00e3o?<\/strong><br \/>\n<em>Envie uma foto e um pequeno texto falando sobre\u00a0um momento especial para o e-mail <span style=\"text-decoration: underline;\"><a href=\"mailto:redacao@mochilabrasil.com.br\">redacao@mochilabrasil.com.br<\/a><\/span><\/em><\/p>\n","protected":false},"excerpt":{"rendered":"<p>O\u00a0Canal BBC Travel pediu para que seus colaboradores (escritores, chefs, m\u00fasicos e fot\u00f3grafos) compartilhassem alguma\u00a0experi\u00eancia vivenciada em suas viagens que pudesse\u00a0sintetizar\u00a0um motivo ou um momento que os mesmos encontraram raz\u00f5es para continuar acreditando, raz\u00f5es para amar\u00a0o mundo. \u00a0O\u00a0resultado voc\u00ea confere abaixo: &nbsp; 50 Porque flutuei ao lado destas jubartes em Tonga e isso me lembrou [&hellip;]<\/p>\n","protected":false},"author":1,"featured_media":15060,"comment_status":"open","ping_status":"closed","sticky":false,"template":"","format":"standard","meta":{"googlesitekit_rrm_CAoiELM5mIOjYRN0nfylq3_9r-8:productID":"","_crdt_document":"","_daim_seo_power":"","_daim_enable_ail":"","footnotes":""},"categories":[168],"tags":[1176],"class_list":["post-14520","post","type-post","status-publish","format-standard","has-post-thumbnail","hentry","category-blog","tag-listas"],"_links":{"self":[{"href":"https:\/\/www.mochileiros.com\/blog\/wp-json\/wp\/v2\/posts\/14520","targetHints":{"allow":["GET"]}}],"collection":[{"href":"https:\/\/www.mochileiros.com\/blog\/wp-json\/wp\/v2\/posts"}],"about":[{"href":"https:\/\/www.mochileiros.com\/blog\/wp-json\/wp\/v2\/types\/post"}],"author":[{"embeddable":true,"href":"https:\/\/www.mochileiros.com\/blog\/wp-json\/wp\/v2\/users\/1"}],"replies":[{"embeddable":true,"href":"https:\/\/www.mochileiros.com\/blog\/wp-json\/wp\/v2\/comments?post=14520"}],"version-history":[{"count":0,"href":"https:\/\/www.mochileiros.com\/blog\/wp-json\/wp\/v2\/posts\/14520\/revisions"}],"wp:featuredmedia":[{"embeddable":true,"href":"https:\/\/www.mochileiros.com\/blog\/wp-json\/wp\/v2\/media\/15060"}],"wp:attachment":[{"href":"https:\/\/www.mochileiros.com\/blog\/wp-json\/wp\/v2\/media?parent=14520"}],"wp:term":[{"taxonomy":"category","embeddable":true,"href":"https:\/\/www.mochileiros.com\/blog\/wp-json\/wp\/v2\/categories?post=14520"},{"taxonomy":"post_tag","embeddable":true,"href":"https:\/\/www.mochileiros.com\/blog\/wp-json\/wp\/v2\/tags?post=14520"}],"curies":[{"name":"wp","href":"https:\/\/api.w.org\/{rel}","templated":true}]}}