{"id":14556,"date":"2015-04-17T14:24:00","date_gmt":"2015-04-17T17:24:00","guid":{"rendered":"https:\/\/www.mochileiros.com\/blog\/?p=14556"},"modified":"2015-04-17T14:25:40","modified_gmt":"2015-04-17T17:25:40","slug":"incriveis-paisagens-vistas-de-dentro-da-barraca","status":"publish","type":"post","link":"https:\/\/www.mochileiros.com\/blog\/incriveis-paisagens-vistas-de-dentro-da-barraca","title":{"rendered":"Incr\u00edveis paisagens vistas de dentro da barraca"},"content":{"rendered":"<p style=\"text-align: justify;\">O fot\u00f3grafo e viajante russo, Oleg Grigoryev registrou na s\u00e9rie <em>&#8220;Morning Views From The Tent&#8221;,<\/em>\u00a0incr\u00edveis vistas a partir de dentro de sua barraca. Al\u00e9m da beleza c\u00eanica, as fotos passam um pouco da indescrit\u00edvel sensa\u00e7\u00e3o que \u00e9 a de abrir o z\u00edper da barraca e se deparar com um mundo com o qual, naquele momento, voc\u00ea tem a certeza de estar integrado.<br \/>\nAs fotos de Grigoryev foram tiradas durante uma viagem pelo Tajiquist\u00e3o, montanhoso pa\u00eds encravado na \u00c1sia Central. Algumas delas foram feitas em acampamentos que chegam a at\u00e9 4.700m de altitude.<br \/>\nMais sobre o trabalho do fot\u00f3grafo pode ser visto no site <span style=\"text-decoration: underline;\"><a href=\"http:\/\/grigoryev.net\/\" target=\"_blank\" rel=\"noopener\">http:\/\/grigoryev.net\/<\/a><\/span> (Que est\u00e1 em russo).<\/p>\n<div id=\"attachment_14557\" style=\"width: 890px\" class=\"wp-caption aligncenter\"><a href=\"https:\/\/www.mochileiros.com\/blog\/blog\/incriveis-paisagens-vistas-de-dentro-da-barraca\/attachment\/fotodentrobarraca_bigallolake_3150m\" rel=\"attachment wp-att-14557\"><img loading=\"lazy\" decoding=\"async\" aria-describedby=\"caption-attachment-14557\" class=\"wp-image-14557 size-full\" src=\"https:\/\/www.mochileiros.com\/blog\/wp-content\/uploads\/2015\/04\/fotodentrobarraca_bigAlloLake_3150m.jpg\" alt=\"\" width=\"880\" height=\"629\" srcset=\"https:\/\/www.mochileiros.com\/blog\/wp-content\/uploads\/2015\/04\/fotodentrobarraca_bigAlloLake_3150m.jpg 880w, https:\/\/www.mochileiros.com\/blog\/wp-content\/uploads\/2015\/04\/fotodentrobarraca_bigAlloLake_3150m-300x214.jpg 300w, https:\/\/www.mochileiros.com\/blog\/wp-content\/uploads\/2015\/04\/fotodentrobarraca_bigAlloLake_3150m-768x549.jpg 768w, https:\/\/www.mochileiros.com\/blog\/wp-content\/uploads\/2015\/04\/fotodentrobarraca_bigAlloLake_3150m-313x224.jpg 313w, https:\/\/www.mochileiros.com\/blog\/wp-content\/uploads\/2015\/04\/fotodentrobarraca_bigAlloLake_3150m-20x14.jpg 20w\" sizes=\"auto, (max-width: 880px) 100vw, 880px\" \/><\/a><p id=\"caption-attachment-14557\" class=\"wp-caption-text\">Big Allo Lake (3150m) | Foto: Oleg Grigoryev.<\/p><\/div>\n<div id=\"attachment_14558\" style=\"width: 890px\" class=\"wp-caption aligncenter\"><a href=\"https:\/\/www.mochileiros.com\/blog\/blog\/incriveis-paisagens-vistas-de-dentro-da-barraca\/attachment\/fotodentrobarraca_kulikalonlake\" rel=\"attachment wp-att-14558\"><img loading=\"lazy\" decoding=\"async\" aria-describedby=\"caption-attachment-14558\" class=\"wp-image-14558 size-full\" src=\"https:\/\/www.mochileiros.com\/blog\/wp-content\/uploads\/2015\/04\/fotodentrobarraca_kulikalonlake.jpg\" alt=\"\" width=\"880\" height=\"612\" srcset=\"https:\/\/www.mochileiros.com\/blog\/wp-content\/uploads\/2015\/04\/fotodentrobarraca_kulikalonlake.jpg 880w, https:\/\/www.mochileiros.com\/blog\/wp-content\/uploads\/2015\/04\/fotodentrobarraca_kulikalonlake-300x209.jpg 300w, https:\/\/www.mochileiros.com\/blog\/wp-content\/uploads\/2015\/04\/fotodentrobarraca_kulikalonlake-768x534.jpg 768w, https:\/\/www.mochileiros.com\/blog\/wp-content\/uploads\/2015\/04\/fotodentrobarraca_kulikalonlake-313x218.jpg 313w, https:\/\/www.mochileiros.com\/blog\/wp-content\/uploads\/2015\/04\/fotodentrobarraca_kulikalonlake-20x14.jpg 20w\" sizes=\"auto, (max-width: 880px) 100vw, 880px\" \/><\/a><p id=\"caption-attachment-14558\" class=\"wp-caption-text\">Kulikalon Lake | Foto: Oleg Grigoryev.<\/p><\/div>\n<div id=\"attachment_14559\" style=\"width: 890px\" class=\"wp-caption aligncenter\"><a href=\"https:\/\/www.mochileiros.com\/blog\/blog\/incriveis-paisagens-vistas-de-dentro-da-barraca\/attachment\/fotodentrobarraca_muddylake_3600m\" rel=\"attachment wp-att-14559\"><img loading=\"lazy\" decoding=\"async\" aria-describedby=\"caption-attachment-14559\" class=\"wp-image-14559 size-full\" src=\"https:\/\/www.mochileiros.com\/blog\/wp-content\/uploads\/2015\/04\/fotodentrobarraca_muddylake_3600m.jpg\" alt=\"Muddy Lake (3.600m) | Foto: Oleg Grigoryev.\" width=\"880\" height=\"632\" srcset=\"https:\/\/www.mochileiros.com\/blog\/wp-content\/uploads\/2015\/04\/fotodentrobarraca_muddylake_3600m.jpg 880w, https:\/\/www.mochileiros.com\/blog\/wp-content\/uploads\/2015\/04\/fotodentrobarraca_muddylake_3600m-300x215.jpg 300w, https:\/\/www.mochileiros.com\/blog\/wp-content\/uploads\/2015\/04\/fotodentrobarraca_muddylake_3600m-768x552.jpg 768w, https:\/\/www.mochileiros.com\/blog\/wp-content\/uploads\/2015\/04\/fotodentrobarraca_muddylake_3600m-313x225.jpg 313w, https:\/\/www.mochileiros.com\/blog\/wp-content\/uploads\/2015\/04\/fotodentrobarraca_muddylake_3600m-20x14.jpg 20w\" sizes=\"auto, (max-width: 880px) 100vw, 880px\" \/><\/a><p id=\"caption-attachment-14559\" class=\"wp-caption-text\">Muddy Lake (3.600m) | Foto: Oleg Grigoryev.<\/p><\/div>\n<div id=\"attachment_14560\" style=\"width: 890px\" class=\"wp-caption aligncenter\"><a href=\"https:\/\/www.mochileiros.com\/blog\/blog\/incriveis-paisagens-vistas-de-dentro-da-barraca\/attachment\/fotodentrobarraca_nearmiralipeak\" rel=\"attachment wp-att-14560\"><img loading=\"lazy\" decoding=\"async\" aria-describedby=\"caption-attachment-14560\" class=\"wp-image-14560 size-full\" src=\"https:\/\/www.mochileiros.com\/blog\/wp-content\/uploads\/2015\/04\/fotodentrobarraca_nearmiralipeak.jpg\" alt=\"Mirali Peak | Foto: Oleg Grigoryev.\" width=\"880\" height=\"612\" srcset=\"https:\/\/www.mochileiros.com\/blog\/wp-content\/uploads\/2015\/04\/fotodentrobarraca_nearmiralipeak.jpg 880w, https:\/\/www.mochileiros.com\/blog\/wp-content\/uploads\/2015\/04\/fotodentrobarraca_nearmiralipeak-300x209.jpg 300w, https:\/\/www.mochileiros.com\/blog\/wp-content\/uploads\/2015\/04\/fotodentrobarraca_nearmiralipeak-768x534.jpg 768w, https:\/\/www.mochileiros.com\/blog\/wp-content\/uploads\/2015\/04\/fotodentrobarraca_nearmiralipeak-313x218.jpg 313w, https:\/\/www.mochileiros.com\/blog\/wp-content\/uploads\/2015\/04\/fotodentrobarraca_nearmiralipeak-20x14.jpg 20w\" sizes=\"auto, (max-width: 880px) 100vw, 880px\" \/><\/a><p id=\"caption-attachment-14560\" class=\"wp-caption-text\">Mirali Peak | Foto: Oleg Grigoryev.<\/p><\/div>\n<div id=\"attachment_14561\" style=\"width: 890px\" class=\"wp-caption aligncenter\"><a href=\"https:\/\/www.mochileiros.com\/blog\/blog\/incriveis-paisagens-vistas-de-dentro-da-barraca\/attachment\/fotodentrobarraca_chimtarga_4700m\" rel=\"attachment wp-att-14561\"><img loading=\"lazy\" decoding=\"async\" aria-describedby=\"caption-attachment-14561\" class=\"wp-image-14561 size-full\" src=\"https:\/\/www.mochileiros.com\/blog\/wp-content\/uploads\/2015\/04\/fotodentrobarraca_chimtarga_4700m.jpg\" alt=\"Chimtarga (4.700m) | Foto: Oleg Grigoryev.\" width=\"880\" height=\"596\" srcset=\"https:\/\/www.mochileiros.com\/blog\/wp-content\/uploads\/2015\/04\/fotodentrobarraca_chimtarga_4700m.jpg 880w, https:\/\/www.mochileiros.com\/blog\/wp-content\/uploads\/2015\/04\/fotodentrobarraca_chimtarga_4700m-300x203.jpg 300w, https:\/\/www.mochileiros.com\/blog\/wp-content\/uploads\/2015\/04\/fotodentrobarraca_chimtarga_4700m-768x520.jpg 768w, https:\/\/www.mochileiros.com\/blog\/wp-content\/uploads\/2015\/04\/fotodentrobarraca_chimtarga_4700m-313x212.jpg 313w, https:\/\/www.mochileiros.com\/blog\/wp-content\/uploads\/2015\/04\/fotodentrobarraca_chimtarga_4700m-20x14.jpg 20w\" sizes=\"auto, (max-width: 880px) 100vw, 880px\" \/><\/a><p id=\"caption-attachment-14561\" class=\"wp-caption-text\">Chimtarga (4.700m) | Foto: Oleg Grigoryev.<\/p><\/div>\n<div id=\"attachment_14562\" style=\"width: 890px\" class=\"wp-caption aligncenter\"><a href=\"https:\/\/www.mochileiros.com\/blog\/blog\/incriveis-paisagens-vistas-de-dentro-da-barraca\/attachment\/fotodentrobarraca_fannmountains\" rel=\"attachment wp-att-14562\"><img loading=\"lazy\" decoding=\"async\" aria-describedby=\"caption-attachment-14562\" class=\"wp-image-14562 size-full\" src=\"https:\/\/www.mochileiros.com\/blog\/wp-content\/uploads\/2015\/04\/fotodentrobarraca_fannmountains.jpg\" alt=\"Fann Mountains | Foto: Oleg Grigoryev.\" width=\"880\" height=\"628\" srcset=\"https:\/\/www.mochileiros.com\/blog\/wp-content\/uploads\/2015\/04\/fotodentrobarraca_fannmountains.jpg 880w, https:\/\/www.mochileiros.com\/blog\/wp-content\/uploads\/2015\/04\/fotodentrobarraca_fannmountains-300x214.jpg 300w, https:\/\/www.mochileiros.com\/blog\/wp-content\/uploads\/2015\/04\/fotodentrobarraca_fannmountains-1024x731.jpg 1024w, https:\/\/www.mochileiros.com\/blog\/wp-content\/uploads\/2015\/04\/fotodentrobarraca_fannmountains-768x548.jpg 768w, https:\/\/www.mochileiros.com\/blog\/wp-content\/uploads\/2015\/04\/fotodentrobarraca_fannmountains-1536x1096.jpg 1536w, https:\/\/www.mochileiros.com\/blog\/wp-content\/uploads\/2015\/04\/fotodentrobarraca_fannmountains-2048x1462.jpg 2048w, https:\/\/www.mochileiros.com\/blog\/wp-content\/uploads\/2015\/04\/fotodentrobarraca_fannmountains-210x150.jpg 210w, https:\/\/www.mochileiros.com\/blog\/wp-content\/uploads\/2015\/04\/fotodentrobarraca_fannmountains-100x71.jpg 100w, https:\/\/www.mochileiros.com\/blog\/wp-content\/uploads\/2015\/04\/fotodentrobarraca_fannmountains-490x350.jpg 490w, https:\/\/www.mochileiros.com\/blog\/wp-content\/uploads\/2015\/04\/fotodentrobarraca_fannmountains-788x562.jpg 788w, https:\/\/www.mochileiros.com\/blog\/wp-content\/uploads\/2015\/04\/fotodentrobarraca_fannmountains-313x223.jpg 313w, https:\/\/www.mochileiros.com\/blog\/wp-content\/uploads\/2015\/04\/fotodentrobarraca_fannmountains-20x14.jpg 20w\" sizes=\"auto, (max-width: 880px) 100vw, 880px\" \/><\/a><p id=\"caption-attachment-14562\" class=\"wp-caption-text\">Fann Mountains | Foto: Oleg Grigoryev.<\/p><\/div>\n<div id=\"attachment_14568\" style=\"width: 731px\" class=\"wp-caption aligncenter\"><a href=\"https:\/\/www.mochileiros.com\/blog\/blog\/incriveis-paisagens-vistas-de-dentro-da-barraca\/attachment\/fotodentrobarraca_oleg\" rel=\"attachment wp-att-14568\"><img loading=\"lazy\" decoding=\"async\" aria-describedby=\"caption-attachment-14568\" class=\"size-full wp-image-14568\" src=\"https:\/\/www.mochileiros.com\/blog\/wp-content\/uploads\/2015\/04\/fotodentrobarraca_oleg.jpg\" alt=\"Oleg Grigoryev | Foto: Arquivo pessoal.\" width=\"721\" height=\"522\" srcset=\"https:\/\/www.mochileiros.com\/blog\/wp-content\/uploads\/2015\/04\/fotodentrobarraca_oleg.jpg 721w, https:\/\/www.mochileiros.com\/blog\/wp-content\/uploads\/2015\/04\/fotodentrobarraca_oleg-300x217.jpg 300w, https:\/\/www.mochileiros.com\/blog\/wp-content\/uploads\/2015\/04\/fotodentrobarraca_oleg-313x227.jpg 313w, https:\/\/www.mochileiros.com\/blog\/wp-content\/uploads\/2015\/04\/fotodentrobarraca_oleg-20x14.jpg 20w\" sizes=\"auto, (max-width: 721px) 100vw, 721px\" \/><\/a><p id=\"caption-attachment-14568\" class=\"wp-caption-text\">Oleg Grigoryev | Foto: Arquivo pessoal.<\/p><\/div>\n<p style=\"text-align: left;\"><strong>E voc\u00ea, tem fotos parecidas de suas acampadas mundo afora? Envie pra gente (por e-mail para <span style=\"text-decoration: underline;\"><a href=\"mailto:redacao@mochilabrasil.com.br\" target=\"_blank\">redacao@mochilabrasil.com.br<\/a><\/span>) publicar por aqui (similar ao post sobre as &#8216;Tatuagens de Viagem&#8217;. Confira <span style=\"text-decoration: underline;\"><a href=\"https:\/\/www.mochileiros.com\/blog\/blog\/tatuagens-de-viagem\" target=\"_blank\">aqui<\/a><\/span>).<\/strong><\/p>\n","protected":false},"excerpt":{"rendered":"<p>O fot\u00f3grafo e viajante russo, Oleg Grigoryev registrou na s\u00e9rie &#8220;Morning Views From The Tent&#8221;,\u00a0incr\u00edveis vistas a partir de dentro de sua barraca. Al\u00e9m da beleza c\u00eanica, as fotos passam um pouco da indescrit\u00edvel sensa\u00e7\u00e3o que \u00e9 a de abrir o z\u00edper da barraca e se deparar com um mundo com o qual, naquele momento, [&hellip;]<\/p>\n","protected":false},"author":55,"featured_media":14562,"comment_status":"open","ping_status":"closed","sticky":false,"template":"","format":"standard","meta":{"googlesitekit_rrm_CAoiELM5mIOjYRN0nfylq3_9r-8:productID":"","_crdt_document":"","_daim_seo_power":"","_daim_enable_ail":"","footnotes":""},"categories":[168],"tags":[39],"class_list":["post-14556","post","type-post","status-publish","format-standard","has-post-thumbnail","hentry","category-blog","tag-fotografia-de-viagem"],"_links":{"self":[{"href":"https:\/\/www.mochileiros.com\/blog\/wp-json\/wp\/v2\/posts\/14556","targetHints":{"allow":["GET"]}}],"collection":[{"href":"https:\/\/www.mochileiros.com\/blog\/wp-json\/wp\/v2\/posts"}],"about":[{"href":"https:\/\/www.mochileiros.com\/blog\/wp-json\/wp\/v2\/types\/post"}],"author":[{"embeddable":true,"href":"https:\/\/www.mochileiros.com\/blog\/wp-json\/wp\/v2\/users\/55"}],"replies":[{"embeddable":true,"href":"https:\/\/www.mochileiros.com\/blog\/wp-json\/wp\/v2\/comments?post=14556"}],"version-history":[{"count":0,"href":"https:\/\/www.mochileiros.com\/blog\/wp-json\/wp\/v2\/posts\/14556\/revisions"}],"wp:featuredmedia":[{"embeddable":true,"href":"https:\/\/www.mochileiros.com\/blog\/wp-json\/wp\/v2\/media\/14562"}],"wp:attachment":[{"href":"https:\/\/www.mochileiros.com\/blog\/wp-json\/wp\/v2\/media?parent=14556"}],"wp:term":[{"taxonomy":"category","embeddable":true,"href":"https:\/\/www.mochileiros.com\/blog\/wp-json\/wp\/v2\/categories?post=14556"},{"taxonomy":"post_tag","embeddable":true,"href":"https:\/\/www.mochileiros.com\/blog\/wp-json\/wp\/v2\/tags?post=14556"}],"curies":[{"name":"wp","href":"https:\/\/api.w.org\/{rel}","templated":true}]}}