{"id":14582,"date":"2015-04-20T18:21:15","date_gmt":"2015-04-20T21:21:15","guid":{"rendered":"https:\/\/www.mochileiros.com\/blog\/?p=14582"},"modified":"2017-08-30T15:33:16","modified_gmt":"2017-08-30T18:33:16","slug":"brasileiros-mundo-afora-pes-brazucas-tocando-todo-o-planeta","status":"publish","type":"post","link":"https:\/\/www.mochileiros.com\/blog\/brasileiros-mundo-afora-pes-brazucas-tocando-todo-o-planeta","title":{"rendered":"Mundo afora: p\u00e9s brasileiros tocando todo o planeta"},"content":{"rendered":"<p style=\"text-align: justify;\">H\u00e1 poucos dias publicamos a <span style=\"text-decoration: underline;\"><a href=\"https:\/\/www.mochileiros.com\/blog\/blog\/ele-fotografou-os-pes-em-22-paises-de-5-diferentes-continentes\" target=\"_blank\" rel=\"noopener\">hist\u00f3ria de Alex Berger<\/a><\/span>, um viajante que, como muitos outros, tem o h\u00e1bito de fotografar seus p\u00e9s em v\u00e1rios lugares do mundo. Mais do que &#8220;p\u00e9s por a\u00ed&#8221; e de belos cen\u00e1rios de fundo essas imagens\u00a0revelam um pouco do esp\u00edrito de liberdade, aventura e descoberta, um pouco de tudo que est\u00e1 intr\u00ednseco nas viagens.<br \/>\nAqui nossa vers\u00e3o,\u00a0com a colabora\u00e7\u00e3o de viajantes de todo o Brasil, por diversos lugares do mundo!<br \/>\n\u26a0\u00a0Tem uma foto assim e quer v\u00ea-la aqui tamb\u00e9m? Envie-a para o e-mail <a href=\"mailto:redacao@mochilabrasil.com.br\" target=\"_blank\" rel=\"noopener\">redacao@mochilabrasil.com.br<\/a> . Caso seus pezinhos estejam em Machu Picchu, voc\u00ea pode inserir a foto automaticamente neste post especial, <a href=\"https:\/\/www.mochileiros.com\/blog\/blog\/pes-brasileiros-mochilando-em-machu-picchu\" target=\"_blank\" rel=\"noopener\">aqui<\/a>.<\/p>\n<div id=\"attachment_14584\" style=\"width: 610px\" class=\"wp-caption aligncenter\"><a href=\"https:\/\/www.mochileiros.com\/blog\/blog\/brasileiros-mundo-afora-pes-brazucas-tocando-todo-o-planeta\/attachment\/01-3\" rel=\"attachment wp-att-14584\"><img loading=\"lazy\" decoding=\"async\" aria-describedby=\"caption-attachment-14584\" class=\"size-full wp-image-14584\" src=\"https:\/\/www.mochileiros.com\/blog\/wp-content\/uploads\/2015\/04\/01.jpg\" alt=\"Parque Nacional Torres del Paine - Chile | Foto de Douglas Scortegagna.\" width=\"600\" height=\"450\" srcset=\"https:\/\/www.mochileiros.com\/blog\/wp-content\/uploads\/2015\/04\/01.jpg 600w, https:\/\/www.mochileiros.com\/blog\/wp-content\/uploads\/2015\/04\/01-300x225.jpg 300w, https:\/\/www.mochileiros.com\/blog\/wp-content\/uploads\/2015\/04\/01-313x235.jpg 313w, https:\/\/www.mochileiros.com\/blog\/wp-content\/uploads\/2015\/04\/01-20x15.jpg 20w\" sizes=\"auto, (max-width: 600px) 100vw, 600px\" \/><\/a><p id=\"caption-attachment-14584\" class=\"wp-caption-text\">Parque Nacional Torres del Paine &#8211; Chile | Foto de Douglas Scortegagna.<\/p><\/div>\n<div id=\"attachment_20819\" style=\"width: 861px\" class=\"wp-caption aligncenter\"><a href=\"https:\/\/www.mochileiros.com\/blog\/blog\/brasileiros-mundo-afora-pes-brazucas-tocando-todo-o-planeta\/attachment\/pesemmeteora_lost\" rel=\"attachment wp-att-20819\"><img loading=\"lazy\" decoding=\"async\" aria-describedby=\"caption-attachment-20819\" class=\"size-full wp-image-20819\" src=\"https:\/\/www.mochileiros.com\/blog\/wp-content\/uploads\/2015\/04\/pesemmeteora_lost.jpg\" alt=\"\" width=\"851\" height=\"638\" srcset=\"https:\/\/www.mochileiros.com\/blog\/wp-content\/uploads\/2015\/04\/pesemmeteora_lost.jpg 851w, https:\/\/www.mochileiros.com\/blog\/wp-content\/uploads\/2015\/04\/pesemmeteora_lost-300x225.jpg 300w, https:\/\/www.mochileiros.com\/blog\/wp-content\/uploads\/2015\/04\/pesemmeteora_lost-768x576.jpg 768w, https:\/\/www.mochileiros.com\/blog\/wp-content\/uploads\/2015\/04\/pesemmeteora_lost-313x235.jpg 313w, https:\/\/www.mochileiros.com\/blog\/wp-content\/uploads\/2015\/04\/pesemmeteora_lost-20x15.jpg 20w\" sizes=\"auto, (max-width: 851px) 100vw, 851px\" \/><\/a><p id=\"caption-attachment-20819\" class=\"wp-caption-text\">Em Meteora, Gr\u00e9cia | Foto de Juninho Lost<\/p><\/div>\n<div id=\"attachment_14585\" style=\"width: 610px\" class=\"wp-caption aligncenter\"><a href=\"https:\/\/www.mochileiros.com\/blog\/blog\/brasileiros-mundo-afora-pes-brazucas-tocando-todo-o-planeta\/attachment\/02-4\" rel=\"attachment wp-att-14585\"><img loading=\"lazy\" decoding=\"async\" aria-describedby=\"caption-attachment-14585\" class=\"size-full wp-image-14585\" src=\"https:\/\/www.mochileiros.com\/blog\/wp-content\/uploads\/2015\/04\/02.jpg\" alt=\"Estrada na regi\u00e3o do Atacama - Chile | Foto de Frederico Schardong.\" width=\"600\" height=\"450\" srcset=\"https:\/\/www.mochileiros.com\/blog\/wp-content\/uploads\/2015\/04\/02.jpg 600w, https:\/\/www.mochileiros.com\/blog\/wp-content\/uploads\/2015\/04\/02-300x225.jpg 300w, https:\/\/www.mochileiros.com\/blog\/wp-content\/uploads\/2015\/04\/02-313x235.jpg 313w, https:\/\/www.mochileiros.com\/blog\/wp-content\/uploads\/2015\/04\/02-20x15.jpg 20w\" sizes=\"auto, (max-width: 600px) 100vw, 600px\" \/><\/a><p id=\"caption-attachment-14585\" class=\"wp-caption-text\">Estrada na regi\u00e3o do Atacama &#8211; Chile | Foto de Frederico Schardong.<\/p><\/div>\n<div id=\"attachment_14586\" style=\"width: 610px\" class=\"wp-caption aligncenter\"><a href=\"https:\/\/www.mochileiros.com\/blog\/blog\/brasileiros-mundo-afora-pes-brazucas-tocando-todo-o-planeta\/attachment\/03-3\" rel=\"attachment wp-att-14586\"><img loading=\"lazy\" decoding=\"async\" aria-describedby=\"caption-attachment-14586\" class=\"size-full wp-image-14586\" src=\"https:\/\/www.mochileiros.com\/blog\/wp-content\/uploads\/2015\/04\/03.jpg\" alt=\"Em algum ponto do Peru | Foto de Karla Barros e amigos.\" width=\"600\" height=\"336\" srcset=\"https:\/\/www.mochileiros.com\/blog\/wp-content\/uploads\/2015\/04\/03.jpg 600w, https:\/\/www.mochileiros.com\/blog\/wp-content\/uploads\/2015\/04\/03-300x168.jpg 300w, https:\/\/www.mochileiros.com\/blog\/wp-content\/uploads\/2015\/04\/03-313x175.jpg 313w, https:\/\/www.mochileiros.com\/blog\/wp-content\/uploads\/2015\/04\/03-20x11.jpg 20w\" sizes=\"auto, (max-width: 600px) 100vw, 600px\" \/><\/a><p id=\"caption-attachment-14586\" class=\"wp-caption-text\">Em algum ponto do Peru | Foto de Karla Barros e amigos.<\/p><\/div>\n<div id=\"attachment_14587\" style=\"width: 610px\" class=\"wp-caption aligncenter\"><a href=\"https:\/\/www.mochileiros.com\/blog\/blog\/brasileiros-mundo-afora-pes-brazucas-tocando-todo-o-planeta\/attachment\/04-2\" rel=\"attachment wp-att-14587\"><img loading=\"lazy\" decoding=\"async\" aria-describedby=\"caption-attachment-14587\" class=\"size-full wp-image-14587\" src=\"https:\/\/www.mochileiros.com\/blog\/wp-content\/uploads\/2015\/04\/04.jpg\" alt=\"Monte Roraima - Venezuela | Foto de Wesley Ribeiro.\" width=\"600\" height=\"391\" srcset=\"https:\/\/www.mochileiros.com\/blog\/wp-content\/uploads\/2015\/04\/04.jpg 600w, https:\/\/www.mochileiros.com\/blog\/wp-content\/uploads\/2015\/04\/04-300x196.jpg 300w, https:\/\/www.mochileiros.com\/blog\/wp-content\/uploads\/2015\/04\/04-1024x667.jpg 1024w, https:\/\/www.mochileiros.com\/blog\/wp-content\/uploads\/2015\/04\/04-767x500.jpg 767w, https:\/\/www.mochileiros.com\/blog\/wp-content\/uploads\/2015\/04\/04-1536x1001.jpg 1536w, https:\/\/www.mochileiros.com\/blog\/wp-content\/uploads\/2015\/04\/04-2048x1335.jpg 2048w, https:\/\/www.mochileiros.com\/blog\/wp-content\/uploads\/2015\/04\/04-230x150.jpg 230w, https:\/\/www.mochileiros.com\/blog\/wp-content\/uploads\/2015\/04\/04-100x65.jpg 100w, https:\/\/www.mochileiros.com\/blog\/wp-content\/uploads\/2015\/04\/04-336x220.jpg 336w, https:\/\/www.mochileiros.com\/blog\/wp-content\/uploads\/2015\/04\/04-537x350.jpg 537w, https:\/\/www.mochileiros.com\/blog\/wp-content\/uploads\/2015\/04\/04-788x513.jpg 788w, https:\/\/www.mochileiros.com\/blog\/wp-content\/uploads\/2015\/04\/04-313x204.jpg 313w, https:\/\/www.mochileiros.com\/blog\/wp-content\/uploads\/2015\/04\/04-20x13.jpg 20w\" sizes=\"auto, (max-width: 600px) 100vw, 600px\" \/><\/a><p id=\"caption-attachment-14587\" class=\"wp-caption-text\">Monte Roraima &#8211; Venezuela | Foto de Wesley Ribeiro.<\/p><\/div>\n<div id=\"attachment_14588\" style=\"width: 610px\" class=\"wp-caption aligncenter\"><a href=\"https:\/\/www.mochileiros.com\/blog\/blog\/brasileiros-mundo-afora-pes-brazucas-tocando-todo-o-planeta\/attachment\/05-3\" rel=\"attachment wp-att-14588\"><img loading=\"lazy\" decoding=\"async\" aria-describedby=\"caption-attachment-14588\" class=\"size-full wp-image-14588\" src=\"https:\/\/www.mochileiros.com\/blog\/wp-content\/uploads\/2015\/04\/05.jpg\" alt=\"Trilha Guin\u00e9 - Pati, Chapada Diamantina - Bahia | Foto de Rafael S Melo.\" width=\"600\" height=\"600\" srcset=\"https:\/\/www.mochileiros.com\/blog\/wp-content\/uploads\/2015\/04\/05.jpg 600w, https:\/\/www.mochileiros.com\/blog\/wp-content\/uploads\/2015\/04\/05-150x150.jpg 150w, https:\/\/www.mochileiros.com\/blog\/wp-content\/uploads\/2015\/04\/05-300x300.jpg 300w, https:\/\/www.mochileiros.com\/blog\/wp-content\/uploads\/2015\/04\/05-80x80.jpg 80w, https:\/\/www.mochileiros.com\/blog\/wp-content\/uploads\/2015\/04\/05-350x350.jpg 350w, https:\/\/www.mochileiros.com\/blog\/wp-content\/uploads\/2015\/04\/05-313x313.jpg 313w, https:\/\/www.mochileiros.com\/blog\/wp-content\/uploads\/2015\/04\/05-20x20.jpg 20w\" sizes=\"auto, (max-width: 600px) 100vw, 600px\" \/><\/a><p id=\"caption-attachment-14588\" class=\"wp-caption-text\">Trilha Guin\u00e9 &#8211; Pati, Chapada Diamantina &#8211; Bahia | Foto de Rafael S Melo.<\/p><\/div>\n<div id=\"attachment_14589\" style=\"width: 610px\" class=\"wp-caption aligncenter\"><a href=\"https:\/\/www.mochileiros.com\/blog\/blog\/brasileiros-mundo-afora-pes-brazucas-tocando-todo-o-planeta\/attachment\/06-2\" rel=\"attachment wp-att-14589\"><img loading=\"lazy\" decoding=\"async\" aria-describedby=\"caption-attachment-14589\" class=\"size-full wp-image-14589\" src=\"https:\/\/www.mochileiros.com\/blog\/wp-content\/uploads\/2015\/04\/06.jpg\" alt=\"Costa Amalfitana - It\u00e1lia | Foto de Gabriela Valverde.\" width=\"600\" height=\"337\" srcset=\"https:\/\/www.mochileiros.com\/blog\/wp-content\/uploads\/2015\/04\/06.jpg 600w, https:\/\/www.mochileiros.com\/blog\/wp-content\/uploads\/2015\/04\/06-300x169.jpg 300w, https:\/\/www.mochileiros.com\/blog\/wp-content\/uploads\/2015\/04\/06-313x176.jpg 313w, https:\/\/www.mochileiros.com\/blog\/wp-content\/uploads\/2015\/04\/06-20x11.jpg 20w\" sizes=\"auto, (max-width: 600px) 100vw, 600px\" \/><\/a><p id=\"caption-attachment-14589\" class=\"wp-caption-text\">Costa Amalfitana &#8211; It\u00e1lia | Foto de Gabriela Valverde.<\/p><\/div>\n<div id=\"attachment_14590\" style=\"width: 369px\" class=\"wp-caption aligncenter\"><a href=\"https:\/\/www.mochileiros.com\/blog\/blog\/brasileiros-mundo-afora-pes-brazucas-tocando-todo-o-planeta\/attachment\/07-2\" rel=\"attachment wp-att-14590\"><img loading=\"lazy\" decoding=\"async\" aria-describedby=\"caption-attachment-14590\" class=\"size-full wp-image-14590\" src=\"https:\/\/www.mochileiros.com\/blog\/wp-content\/uploads\/2015\/04\/07.jpg\" alt=\"Cascata do Gamel\u00e3o - Boqueir\u00e3o do Le\u00e3o - Rio Grande do Sul | Foto de Angelita O. Freitas.\" width=\"359\" height=\"479\" srcset=\"https:\/\/www.mochileiros.com\/blog\/wp-content\/uploads\/2015\/04\/07.jpg 359w, https:\/\/www.mochileiros.com\/blog\/wp-content\/uploads\/2015\/04\/07-225x300.jpg 225w, https:\/\/www.mochileiros.com\/blog\/wp-content\/uploads\/2015\/04\/07-313x418.jpg 313w, https:\/\/www.mochileiros.com\/blog\/wp-content\/uploads\/2015\/04\/07-15x20.jpg 15w\" sizes=\"auto, (max-width: 359px) 100vw, 359px\" \/><\/a><p id=\"caption-attachment-14590\" class=\"wp-caption-text\">Cascata do Gamel\u00e3o &#8211; Boqueir\u00e3o do Le\u00e3o &#8211; Rio Grande do Sul | Foto de Angelita O. Freitas.<\/p><\/div>\n<div id=\"attachment_14591\" style=\"width: 610px\" class=\"wp-caption aligncenter\"><a href=\"https:\/\/www.mochileiros.com\/blog\/blog\/brasileiros-mundo-afora-pes-brazucas-tocando-todo-o-planeta\/attachment\/08-2\" rel=\"attachment wp-att-14591\"><img loading=\"lazy\" decoding=\"async\" aria-describedby=\"caption-attachment-14591\" class=\"size-full wp-image-14591\" src=\"https:\/\/www.mochileiros.com\/blog\/wp-content\/uploads\/2015\/04\/08.jpg\" alt=\"Villa Adriana - Tivoli - Roma - It\u00e1lia | Foto de Bruna Carvalho.\" width=\"600\" height=\"360\" srcset=\"https:\/\/www.mochileiros.com\/blog\/wp-content\/uploads\/2015\/04\/08.jpg 600w, https:\/\/www.mochileiros.com\/blog\/wp-content\/uploads\/2015\/04\/08-300x180.jpg 300w, https:\/\/www.mochileiros.com\/blog\/wp-content\/uploads\/2015\/04\/08-590x354.jpg 590w, https:\/\/www.mochileiros.com\/blog\/wp-content\/uploads\/2015\/04\/08-400x240.jpg 400w, https:\/\/www.mochileiros.com\/blog\/wp-content\/uploads\/2015\/04\/08-313x188.jpg 313w, https:\/\/www.mochileiros.com\/blog\/wp-content\/uploads\/2015\/04\/08-20x12.jpg 20w\" sizes=\"auto, (max-width: 600px) 100vw, 600px\" \/><\/a><p id=\"caption-attachment-14591\" class=\"wp-caption-text\">Villa Adriana &#8211; Tivoli &#8211; Roma &#8211; It\u00e1lia | Foto de Bruna Carvalho.<\/p><\/div>\n<div id=\"attachment_14592\" style=\"width: 610px\" class=\"wp-caption aligncenter\"><a href=\"https:\/\/www.mochileiros.com\/blog\/blog\/brasileiros-mundo-afora-pes-brazucas-tocando-todo-o-planeta\/attachment\/09-2\" rel=\"attachment wp-att-14592\"><img loading=\"lazy\" decoding=\"async\" aria-describedby=\"caption-attachment-14592\" class=\"size-full wp-image-14592\" src=\"https:\/\/www.mochileiros.com\/blog\/wp-content\/uploads\/2015\/04\/09.jpg\" alt=\"Laguna 69 - Parque Nacional Huascar\u00e1n - Peru | Foto de Michel Schonwald.\" width=\"600\" height=\"800\" srcset=\"https:\/\/www.mochileiros.com\/blog\/wp-content\/uploads\/2015\/04\/09.jpg 600w, https:\/\/www.mochileiros.com\/blog\/wp-content\/uploads\/2015\/04\/09-225x300.jpg 225w, https:\/\/www.mochileiros.com\/blog\/wp-content\/uploads\/2015\/04\/09-313x417.jpg 313w, https:\/\/www.mochileiros.com\/blog\/wp-content\/uploads\/2015\/04\/09-15x20.jpg 15w\" sizes=\"auto, (max-width: 600px) 100vw, 600px\" \/><\/a><p id=\"caption-attachment-14592\" class=\"wp-caption-text\">Laguna 69 &#8211; Parque Nacional Huascar\u00e1n &#8211; Peru | Foto de Michel Schonwald.<\/p><\/div>\n<div id=\"attachment_14593\" style=\"width: 610px\" class=\"wp-caption aligncenter\"><a href=\"https:\/\/www.mochileiros.com\/blog\/blog\/brasileiros-mundo-afora-pes-brazucas-tocando-todo-o-planeta\/attachment\/010\" rel=\"attachment wp-att-14593\"><img loading=\"lazy\" decoding=\"async\" aria-describedby=\"caption-attachment-14593\" class=\"size-full wp-image-14593\" src=\"https:\/\/www.mochileiros.com\/blog\/wp-content\/uploads\/2015\/04\/010.jpg\" alt=\"Pico da Bandeira (Na imagem, os p\u00e9 de Joyce e Takeo) | Foto: Joyce Guimar\u00e3es Oliveira.\" width=\"600\" height=\"399\" srcset=\"https:\/\/www.mochileiros.com\/blog\/wp-content\/uploads\/2015\/04\/010.jpg 600w, https:\/\/www.mochileiros.com\/blog\/wp-content\/uploads\/2015\/04\/010-300x200.jpg 300w, https:\/\/www.mochileiros.com\/blog\/wp-content\/uploads\/2015\/04\/010-313x208.jpg 313w, https:\/\/www.mochileiros.com\/blog\/wp-content\/uploads\/2015\/04\/010-20x13.jpg 20w\" sizes=\"auto, (max-width: 600px) 100vw, 600px\" \/><\/a><p id=\"caption-attachment-14593\" class=\"wp-caption-text\">Pico da Bandeira (Na imagem, os p\u00e9 de Joyce e Takeo) | Foto de Joyce Guimar\u00e3es Oliveira.<\/p><\/div>\n<div id=\"attachment_14594\" style=\"width: 610px\" class=\"wp-caption aligncenter\"><a href=\"https:\/\/www.mochileiros.com\/blog\/blog\/brasileiros-mundo-afora-pes-brazucas-tocando-todo-o-planeta\/attachment\/011\" rel=\"attachment wp-att-14594\"><img loading=\"lazy\" decoding=\"async\" aria-describedby=\"caption-attachment-14594\" class=\"size-full wp-image-14594\" src=\"https:\/\/www.mochileiros.com\/blog\/wp-content\/uploads\/2015\/04\/011.jpg\" alt=\"C\u00e2nion Fortaleza - RS\/SC | Foto: Daniela Buscam.\" width=\"600\" height=\"448\" srcset=\"https:\/\/www.mochileiros.com\/blog\/wp-content\/uploads\/2015\/04\/011.jpg 600w, https:\/\/www.mochileiros.com\/blog\/wp-content\/uploads\/2015\/04\/011-300x224.jpg 300w, https:\/\/www.mochileiros.com\/blog\/wp-content\/uploads\/2015\/04\/011-313x234.jpg 313w, https:\/\/www.mochileiros.com\/blog\/wp-content\/uploads\/2015\/04\/011-20x15.jpg 20w\" sizes=\"auto, (max-width: 600px) 100vw, 600px\" \/><\/a><p id=\"caption-attachment-14594\" class=\"wp-caption-text\">C\u00e2nion Fortaleza &#8211; RS\/SC | Foto de Daniela Buscam.<\/p><\/div>\n<div id=\"attachment_14596\" style=\"width: 610px\" class=\"wp-caption aligncenter\"><a href=\"https:\/\/www.mochileiros.com\/blog\/blog\/brasileiros-mundo-afora-pes-brazucas-tocando-todo-o-planeta\/attachment\/012\" rel=\"attachment wp-att-14596\"><img loading=\"lazy\" decoding=\"async\" aria-describedby=\"caption-attachment-14596\" class=\"size-full wp-image-14596\" src=\"https:\/\/www.mochileiros.com\/blog\/wp-content\/uploads\/2015\/04\/012.jpg\" alt=\"Pico Chacaltaya - Bol\u00edvia | Foto de Silvana Baijuk.\" width=\"600\" height=\"450\" srcset=\"https:\/\/www.mochileiros.com\/blog\/wp-content\/uploads\/2015\/04\/012.jpg 600w, https:\/\/www.mochileiros.com\/blog\/wp-content\/uploads\/2015\/04\/012-300x225.jpg 300w, https:\/\/www.mochileiros.com\/blog\/wp-content\/uploads\/2015\/04\/012-313x235.jpg 313w, https:\/\/www.mochileiros.com\/blog\/wp-content\/uploads\/2015\/04\/012-20x15.jpg 20w\" sizes=\"auto, (max-width: 600px) 100vw, 600px\" \/><\/a><p id=\"caption-attachment-14596\" class=\"wp-caption-text\">Pico Chacaltaya &#8211; Bol\u00edvia | Foto de Silvana Baijuk.<\/p><\/div>\n<div id=\"attachment_14598\" style=\"width: 610px\" class=\"wp-caption aligncenter\"><a href=\"https:\/\/www.mochileiros.com\/blog\/blog\/brasileiros-mundo-afora-pes-brazucas-tocando-todo-o-planeta\/attachment\/013\" rel=\"attachment wp-att-14598\"><img loading=\"lazy\" decoding=\"async\" aria-describedby=\"caption-attachment-14598\" class=\"size-full wp-image-14598\" src=\"https:\/\/www.mochileiros.com\/blog\/wp-content\/uploads\/2015\/04\/013.jpg\" alt=\"Monte Kitadake - Jap\u00e3o | Foto de Rodrigo Sumikawa.\" width=\"600\" height=\"450\" srcset=\"https:\/\/www.mochileiros.com\/blog\/wp-content\/uploads\/2015\/04\/013.jpg 600w, https:\/\/www.mochileiros.com\/blog\/wp-content\/uploads\/2015\/04\/013-300x225.jpg 300w, https:\/\/www.mochileiros.com\/blog\/wp-content\/uploads\/2015\/04\/013-313x235.jpg 313w, https:\/\/www.mochileiros.com\/blog\/wp-content\/uploads\/2015\/04\/013-20x15.jpg 20w\" sizes=\"auto, (max-width: 600px) 100vw, 600px\" \/><\/a><p id=\"caption-attachment-14598\" class=\"wp-caption-text\">Monte Kitadake &#8211; Jap\u00e3o | Foto de Rodrigo Sumikawa.<\/p><\/div>\n<div id=\"attachment_14599\" style=\"width: 610px\" class=\"wp-caption aligncenter\"><a href=\"https:\/\/www.mochileiros.com\/blog\/blog\/brasileiros-mundo-afora-pes-brazucas-tocando-todo-o-planeta\/attachment\/014\" rel=\"attachment wp-att-14599\"><img loading=\"lazy\" decoding=\"async\" aria-describedby=\"caption-attachment-14599\" class=\"size-full wp-image-14599\" src=\"https:\/\/www.mochileiros.com\/blog\/wp-content\/uploads\/2015\/04\/014.jpg\" alt=\"Valle de la luna - San Pedro de Atacama - Chile | Foto de Giana Chavez.\" width=\"600\" height=\"450\" srcset=\"https:\/\/www.mochileiros.com\/blog\/wp-content\/uploads\/2015\/04\/014.jpg 600w, https:\/\/www.mochileiros.com\/blog\/wp-content\/uploads\/2015\/04\/014-300x225.jpg 300w, https:\/\/www.mochileiros.com\/blog\/wp-content\/uploads\/2015\/04\/014-313x235.jpg 313w, https:\/\/www.mochileiros.com\/blog\/wp-content\/uploads\/2015\/04\/014-20x15.jpg 20w\" sizes=\"auto, (max-width: 600px) 100vw, 600px\" \/><\/a><p id=\"caption-attachment-14599\" class=\"wp-caption-text\">Valle de la luna &#8211; San Pedro de Atacama &#8211; Chile | Foto de Giana Chavez.<\/p><\/div>\n<div id=\"attachment_14600\" style=\"width: 610px\" class=\"wp-caption aligncenter\"><a href=\"https:\/\/www.mochileiros.com\/blog\/blog\/brasileiros-mundo-afora-pes-brazucas-tocando-todo-o-planeta\/attachment\/015\" rel=\"attachment wp-att-14600\"><img loading=\"lazy\" decoding=\"async\" aria-describedby=\"caption-attachment-14600\" class=\"size-full wp-image-14600\" src=\"https:\/\/www.mochileiros.com\/blog\/wp-content\/uploads\/2015\/04\/015.jpg\" alt=\"Cachoeira do Tabuleiro - Concei\u00e7\u00e3o do Mato Dentro - MG | Foto de Carolina Rosa.\" width=\"600\" height=\"400\" srcset=\"https:\/\/www.mochileiros.com\/blog\/wp-content\/uploads\/2015\/04\/015.jpg 600w, https:\/\/www.mochileiros.com\/blog\/wp-content\/uploads\/2015\/04\/015-300x200.jpg 300w, https:\/\/www.mochileiros.com\/blog\/wp-content\/uploads\/2015\/04\/015-313x209.jpg 313w, https:\/\/www.mochileiros.com\/blog\/wp-content\/uploads\/2015\/04\/015-20x13.jpg 20w\" sizes=\"auto, (max-width: 600px) 100vw, 600px\" \/><\/a><p id=\"caption-attachment-14600\" class=\"wp-caption-text\">Cachoeira do Tabuleiro &#8211; Concei\u00e7\u00e3o do Mato Dentro &#8211; MG | Foto de Carolina Rosa.<\/p><\/div>\n<h3><span style=\"color: #ff9900;\">Fotos de p\u00e9s em Machu Picchu, <a href=\"https:\/\/www.mochileiros.com\/blog\/blog\/pes-brasileiros-mochilando-em-machu-picchu\" target=\"_blank\" rel=\"noopener\">aqui<\/a>!<\/span><\/h3>\n<p><strong>Confira mais fotos enviadas por viajantes brasileiros na galeria abaixo (clique para v\u00ea-las ampliadas):<\/strong><\/p>\n<p>[justified_image_grid preset=3 title_field=caption caption_field=caption lightbox=photoswipe]<\/p>\n","protected":false},"excerpt":{"rendered":"<p>H\u00e1 poucos dias publicamos a hist\u00f3ria de Alex Berger, um viajante que, como muitos outros, tem o h\u00e1bito de fotografar seus p\u00e9s em v\u00e1rios lugares do mundo. Mais do que &#8220;p\u00e9s por a\u00ed&#8221; e de belos cen\u00e1rios de fundo essas imagens\u00a0revelam um pouco do esp\u00edrito de liberdade, aventura e descoberta, um pouco de tudo que [&hellip;]<\/p>\n","protected":false},"author":55,"featured_media":14587,"comment_status":"open","ping_status":"closed","sticky":false,"template":"","format":"standard","meta":{"googlesitekit_rrm_CAoiELM5mIOjYRN0nfylq3_9r-8:productID":"","_crdt_document":"","_daim_seo_power":"","_daim_enable_ail":"","footnotes":""},"categories":[168],"tags":[39],"class_list":["post-14582","post","type-post","status-publish","format-standard","has-post-thumbnail","hentry","category-blog","tag-fotografia-de-viagem"],"_links":{"self":[{"href":"https:\/\/www.mochileiros.com\/blog\/wp-json\/wp\/v2\/posts\/14582","targetHints":{"allow":["GET"]}}],"collection":[{"href":"https:\/\/www.mochileiros.com\/blog\/wp-json\/wp\/v2\/posts"}],"about":[{"href":"https:\/\/www.mochileiros.com\/blog\/wp-json\/wp\/v2\/types\/post"}],"author":[{"embeddable":true,"href":"https:\/\/www.mochileiros.com\/blog\/wp-json\/wp\/v2\/users\/55"}],"replies":[{"embeddable":true,"href":"https:\/\/www.mochileiros.com\/blog\/wp-json\/wp\/v2\/comments?post=14582"}],"version-history":[{"count":0,"href":"https:\/\/www.mochileiros.com\/blog\/wp-json\/wp\/v2\/posts\/14582\/revisions"}],"wp:featuredmedia":[{"embeddable":true,"href":"https:\/\/www.mochileiros.com\/blog\/wp-json\/wp\/v2\/media\/14587"}],"wp:attachment":[{"href":"https:\/\/www.mochileiros.com\/blog\/wp-json\/wp\/v2\/media?parent=14582"}],"wp:term":[{"taxonomy":"category","embeddable":true,"href":"https:\/\/www.mochileiros.com\/blog\/wp-json\/wp\/v2\/categories?post=14582"},{"taxonomy":"post_tag","embeddable":true,"href":"https:\/\/www.mochileiros.com\/blog\/wp-json\/wp\/v2\/tags?post=14582"}],"curies":[{"name":"wp","href":"https:\/\/api.w.org\/{rel}","templated":true}]}}