{"id":14770,"date":"2015-05-13T15:57:20","date_gmt":"2015-05-13T18:57:20","guid":{"rendered":"https:\/\/www.mochileiros.com\/blog\/?p=14770"},"modified":"2015-08-10T15:00:03","modified_gmt":"2015-08-10T18:00:03","slug":"33o-festival-da-cachaca-cultura-e-sabores-de-paraty-acontece-em-agosto","status":"publish","type":"post","link":"https:\/\/www.mochileiros.com\/blog\/33o-festival-da-cachaca-cultura-e-sabores-de-paraty-acontece-em-agosto","title":{"rendered":"33\u00ba Festival da Cacha\u00e7a, Cultura e Sabores de Paraty acontece em agosto"},"content":{"rendered":"<div id=\"attachment_14771\" style=\"width: 910px\" class=\"wp-caption alignnone\"><a href=\"https:\/\/www.mochileiros.com\/blog\/noticias\/33o-festival-da-cachaca-cultura-e-sabores-de-paraty-acontece-em-agosto\/attachment\/festivalcachacaparaty01\" rel=\"attachment wp-att-14771\"><img loading=\"lazy\" decoding=\"async\" aria-describedby=\"caption-attachment-14771\" class=\"wp-image-14771 size-full\" src=\"https:\/\/www.mochileiros.com\/blog\/wp-content\/uploads\/2015\/05\/festivalcachacaparaty01.jpg\" alt=\"Mar, montanha, rio e arquitetura colonial na bela cidade de Paraty | Foto: Silnei L Andrade\/Mochila Brasil.\" width=\"900\" height=\"644\" srcset=\"https:\/\/www.mochileiros.com\/blog\/wp-content\/uploads\/2015\/05\/festivalcachacaparaty01.jpg 900w, https:\/\/www.mochileiros.com\/blog\/wp-content\/uploads\/2015\/05\/festivalcachacaparaty01-300x215.jpg 300w, https:\/\/www.mochileiros.com\/blog\/wp-content\/uploads\/2015\/05\/festivalcachacaparaty01-768x550.jpg 768w, https:\/\/www.mochileiros.com\/blog\/wp-content\/uploads\/2015\/05\/festivalcachacaparaty01-313x224.jpg 313w, https:\/\/www.mochileiros.com\/blog\/wp-content\/uploads\/2015\/05\/festivalcachacaparaty01-20x14.jpg 20w\" sizes=\"auto, (max-width: 900px) 100vw, 900px\" \/><\/a><p id=\"caption-attachment-14771\" class=\"wp-caption-text\">Mar, montanha, rio e arquitetura colonial na bela cidade de Paraty | Foto: Silnei L Andrade\/Mochila Brasil.<\/p><\/div>\n<p><em>Conhecido tamb\u00e9m como \u2018Festival da Pinga de Paraty\u2019 o evento \u00e9 realizado desde 1982 e neste ano acontece de\u00a013 a 16 de agosto.<\/em><br \/>\nParaty \u00e9 um dos destinos mais belos do litoral fluminense, unindo hist\u00f3ria, cultura, belezas arquitet\u00f4nicas e naturais. Nos dias de festival, al\u00e9m de curtir a cidade o visitante poder\u00e1 apreciar curiosos sabores de cacha\u00e7as e tamb\u00e9m del\u00edcias culin\u00e1rias locais, acompanhado de m\u00fasicas e dan\u00e7as tradicionais, num ar de quermesse \u00e0 beira rio, na bela cidade de mar rodeada de montanhas.<\/p>\n<p><strong>Ficou com vontade de ir pra l\u00e1? Confira algumas op\u00e7\u00f5es de hospedagem econ\u00f4mica na cidade:<\/strong><\/p>\n<div id=\"ez-toc-container\" class=\"ez-toc-v2_0_82_2 counter-hierarchy ez-toc-counter ez-toc-grey ez-toc-container-direction\">\n<div class=\"ez-toc-title-container\">\n<p class=\"ez-toc-title\" style=\"cursor:inherit\">\u00cdndice<\/p>\n<span class=\"ez-toc-title-toggle\"><a href=\"#\" class=\"ez-toc-pull-right ez-toc-btn ez-toc-btn-xs ez-toc-btn-default ez-toc-toggle\" aria-label=\"Alternar tabela de conte\u00fado\"><span class=\"ez-toc-js-icon-con\"><span class=\"\"><span class=\"eztoc-hide\" style=\"display:none;\">Toggle<\/span><span class=\"ez-toc-icon-toggle-span\"><svg style=\"fill: #999;color:#999\" xmlns=\"http:\/\/www.w3.org\/2000\/svg\" class=\"list-377408\" width=\"20px\" height=\"20px\" viewBox=\"0 0 24 24\" fill=\"none\"><path d=\"M6 6H4v2h2V6zm14 0H8v2h12V6zM4 11h2v2H4v-2zm16 0H8v2h12v-2zM4 16h2v2H4v-2zm16 0H8v2h12v-2z\" fill=\"currentColor\"><\/path><\/svg><svg style=\"fill: #999;color:#999\" class=\"arrow-unsorted-368013\" xmlns=\"http:\/\/www.w3.org\/2000\/svg\" width=\"10px\" height=\"10px\" viewBox=\"0 0 24 24\" version=\"1.2\" baseProfile=\"tiny\"><path d=\"M18.2 9.3l-6.2-6.3-6.2 6.3c-.2.2-.3.4-.3.7s.1.5.3.7c.2.2.4.3.7.3h11c.3 0 .5-.1.7-.3.2-.2.3-.5.3-.7s-.1-.5-.3-.7zM5.8 14.7l6.2 6.3 6.2-6.3c.2-.2.3-.5.3-.7s-.1-.5-.3-.7c-.2-.2-.4-.3-.7-.3h-11c-.3 0-.5.1-.7.3-.2.2-.3.5-.3.7s.1.5.3.7z\"\/><\/svg><\/span><\/span><\/span><\/a><\/span><\/div>\n<nav><ul class='ez-toc-list ez-toc-list-level-1 ' ><li class='ez-toc-page-1 ez-toc-heading-level-3'><a class=\"ez-toc-link ez-toc-heading-1\" href=\"https:\/\/www.mochileiros.com\/blog\/33o-festival-da-cachaca-cultura-e-sabores-de-paraty-acontece-em-agosto\/#Campings\" >Campings<\/a><\/li><li class='ez-toc-page-1 ez-toc-heading-level-3'><a class=\"ez-toc-link ez-toc-heading-2\" href=\"https:\/\/www.mochileiros.com\/blog\/33o-festival-da-cachaca-cultura-e-sabores-de-paraty-acontece-em-agosto\/#Hostels\" >Hostels<\/a><\/li><li class='ez-toc-page-1 ez-toc-heading-level-3'><a class=\"ez-toc-link ez-toc-heading-3\" href=\"https:\/\/www.mochileiros.com\/blog\/33o-festival-da-cachaca-cultura-e-sabores-de-paraty-acontece-em-agosto\/#Pousadas\" >Pousadas<\/a><\/li><\/ul><\/nav><\/div>\n<h3><span class=\"ez-toc-section\" id=\"Campings\"><\/span><strong>Campings<\/strong><span class=\"ez-toc-section-end\"><\/span><\/h3>\n<p>Camping 7 Marias \u2013\u00a0E-mail: <span style=\"text-decoration: underline;\"><a href=\"mailto:camping7marias@gmail.com\">camping7marias@gmail.com<\/a><\/span><br \/>\nCamping do Rappa \u2013 E-mail:\u00a0<span style=\"text-decoration: underline;\"><a href=\"mailto:campingdorappa@hotmail.com\">campingdorappa@hotmail.com<\/a><\/span><br \/>\nCamping Cavalo Marinho \u2013 E-mail:<span style=\"text-decoration: underline;\"> <a href=\"mailto:contato@campingcavalomarinho.com.br\">contato@campingcavalomarinho.com.br<\/a><\/span><br \/>\nCamping Portal de Paraty \u2013 E-mail:\u00a0<span style=\"text-decoration: underline;\"><a href=\"mailto:campingportalparaty@gmail.com\">campingportalparaty@gmail.com<\/a><\/span><br \/>\nMarymar Pousada e Camping \u2013 E-mail:\u00a0<a href=\"mailto:campousadamarymar@gmail.com\"><span style=\"text-decoration: underline;\">campousadamarymar@gmail.com<\/span><br \/>\n<\/a>Camping Jabaquara \u2013 E-mail:\u00a0<a href=\"mailto:campingjabaquara@hotmail.com\"><span style=\"text-decoration: underline;\">campingjabaquara@hotmail.com<\/span><br \/>\n<\/a>\u2013 Mais campings em Paraty e arredores, <strong><span style=\"text-decoration: underline;\"><a href=\"http:\/\/www.paraty.com\/?page_id=1085\" target=\"_blank\" rel=\"noopener\">aqui<\/a><\/span><\/strong>.<\/p>\n<p>&nbsp;<\/p>\n<h3><span class=\"ez-toc-section\" id=\"Hostels\"><\/span><strong>Hostels<\/strong><span class=\"ez-toc-section-end\"><\/span><\/h3>\n<p><a href=\"http:\/\/www.booking.com\/hotel\/br\/che-lagarto-paraty.pt-br.html?aid=348663\" target=\"_blank\" rel=\"noopener\"><span style=\"text-decoration: underline;\">Che Lagarto Hostel<\/span><br \/>\n<\/a><a href=\"http:\/\/www.booking.com\/hotel\/br\/misti-chill-paraty.pt-br.html?aid=348663\" target=\"_blank\" rel=\"noopener\"><span style=\"text-decoration: underline;\">Chill inn Paraty Hostel e Pousada<\/span><br \/>\n<\/a><a href=\"http:\/\/www.booking.com\/hotel\/br\/geko-hostel-pousada-paraty.pt-br.html?aid=348663\" target=\"_blank\" rel=\"noopener\"><span style=\"text-decoration: underline;\">Geko Hostel &amp; Pousada<\/span><br \/>\n<\/a><span style=\"text-decoration: underline;\"><a href=\"http:\/\/www.booking.com\/hotel\/br\/historic-centre-hostel.pt-br.html?aid=348663\" target=\"_blank\" rel=\"noopener\">Historic Centre Hostel<\/a><\/span><\/p>\n<p>&nbsp;<\/p>\n<h3><span class=\"ez-toc-section\" id=\"Pousadas\"><\/span><strong>Pousadas<\/strong><span class=\"ez-toc-section-end\"><\/span><\/h3>\n<p><span style=\"text-decoration: underline;\"><a href=\"http:\/\/www.booking.com\/hotel\/br\/magnus-pousada.pt-br.html?aid=348663;sid=29a7eec308a14423127399f81cb21446;dcid=4;dist=0;srfid=9aa9b876c64389e8c5135abf42d95932bb018872X1;type=total;ucfs=1&amp;\" target=\"_blank\" rel=\"noopener\">Magnu\u2019s Pousada<\/a><\/span><br \/>\n<span style=\"text-decoration: underline;\"> <a href=\"http:\/\/www.booking.com\/hotel\/br\/pousada-konquista.pt-br.html?aid=348663;sid=29a7eec308a14423127399f81cb21446;dcid=4;dist=0;srfid=9aa9b876c64389e8c5135abf42d95932bb018872X2;type=total;ucfs=1&amp;\" target=\"_blank\" rel=\"noopener\">Pousada Konquista <\/a><\/span><br \/>\n<span style=\"text-decoration: underline;\"> <a href=\"http:\/\/www.booking.com\/hotel\/br\/quatroventospousada.pt-br.html?aid=348663;sid=29a7eec308a14423127399f81cb21446;dcid=4;dist=0;srfid=9aa9b876c64389e8c5135abf42d95932bb018872X3;type=total;ucfs=1&amp;\" target=\"_blank\" rel=\"noopener\">4 ventos pousada<br \/>\n<\/a><a href=\"http:\/\/www.booking.com\/hotel\/br\/pousada-sonho-meu-paraty.pt-br.html?aid=348663;sid=29a7eec308a14423127399f81cb21446;dcid=4;dist=0;srfid=9aa9b876c64389e8c5135abf42d95932bb018872X5;type=total;ucfs=1&amp;\" target=\"_blank\" rel=\"noopener\">Pousada Sonho meu<br \/>\n<\/a><a href=\"http:\/\/www.booking.com\/hotel\/br\/pousada-raiz-de-cajaiba.pt-br.html?aid=348663;sid=29a7eec308a14423127399f81cb21446;dcid=4;dist=0;srfid=9aa9b876c64389e8c5135abf42d95932bb018872X6;type=total;ucfs=1&amp;\" target=\"_blank\" rel=\"noopener\">Pousada Raiz da Caja\u00edba<\/a><\/span><br \/>\n<span style=\"text-decoration: underline;\"> <a href=\"http:\/\/www.booking.com\/hotel\/br\/pousadasolar-do-algarve.pt-br.html?aid=348663;sid=29a7eec308a14423127399f81cb21446;dcid=4;dist=0;srfid=9aa9b876c64389e8c5135abf42d95932bb018872X8;type=total;ucfs=1&amp;\" target=\"_blank\" rel=\"noopener\">Pousada Solar do Algarve<br \/>\n<\/a><a href=\"http:\/\/www.booking.com\/hotel\/br\/pousada-acquarela-paraty.pt-br.html?aid=348663;sid=29a7eec308a14423127399f81cb21446;dcid=4;dist=0;srfid=9aa9b876c64389e8c5135abf42d95932bb018872X9;type=total;ucfs=1&amp;\" target=\"_blank\" rel=\"noopener\">Pousada Acquarela<br \/>\n<\/a><a href=\"http:\/\/www.booking.com\/hotel\/br\/pousada-casa-da-colonia.pt-br.html?aid=348663;sid=29a7eec308a14423127399f81cb21446;dcid=4;dist=0;srfid=9aa9b876c64389e8c5135abf42d95932bb018872X12;type=total;ucfs=1&amp;\" target=\"_blank\" rel=\"noopener\">Pousada Casa da Col\u00f4nia<br \/>\n<\/a><a href=\"http:\/\/www.booking.com\/hotel\/br\/pousada-casa-do-mar.pt-br.html?aid=348663;sid=29a7eec308a14423127399f81cb21446;dcid=4;dist=0;srfid=9aa9b876c64389e8c5135abf42d95932bb018872X13;type=total;ucfs=1&amp;\" target=\"_blank\" rel=\"noopener\">Pousada Casa do Mar<br \/>\n<\/a><a href=\"http:\/\/www.booking.com\/hotel\/br\/pousada-primavera.pt-br.html?aid=348663;sid=29a7eec308a14423127399f81cb21446;dcid=4;dist=0;srfid=9aa9b876c64389e8c5135abf42d95932bb018872X14;type=total;ucfs=1&amp;\" target=\"_blank\" rel=\"noopener\">Pousada Primavera<br \/>\n<\/a><a href=\"http:\/\/www.booking.com\/hotel\/br\/pousada-das-canoas.pt-br.html?aid=348663;sid=29a7eec308a14423127399f81cb21446;dcid=4;dist=0;srfid=9aa9b876c64389e8c5135abf42d95932bb018872X15;type=total;ucfs=1&amp;\" target=\"_blank\" rel=\"noopener\">Hotel Pousada das Canoas<\/a><\/span><br \/>\n<span style=\"text-decoration: underline;\"> <a href=\"http:\/\/www.booking.com\/hotel\/br\/pousada-antigona.pt-br.html?aid=348663;sid=29a7eec308a14423127399f81cb21446;dcid=4;dist=0;srfid=9aa9b876c64389e8c5135abf42d95932bb018872X16;type=total;ucfs=1&amp;\" target=\"_blank\" rel=\"noopener\">Pousada Ant\u00edgona<\/a><\/span><br \/>\n<span style=\"text-decoration: underline;\"> <a href=\"http:\/\/www.booking.com\/hotel\/br\/paraty.pt-br.html?aid=348663;sid=29a7eec308a14423127399f81cb21446;dcid=4;dist=0;srfid=9aa9b876c64389e8c5135abf42d95932bb018872X17;type=total;ucfs=1&amp;\" target=\"_blank\" rel=\"noopener\">Paraty Hotel<\/a><\/span><br \/>\n<span style=\"text-decoration: underline;\"> <a href=\"http:\/\/www.booking.com\/hotel\/br\/pousada-marymar.pt-br.html?aid=348663;sid=29a7eec308a14423127399f81cb21446;dcid=4;dist=0;srfid=9aa9b876c64389e8c5135abf42d95932bb018872X19;type=total;ucfs=1&amp;\" target=\"_blank\" rel=\"noopener\">Marymar Pousada e Camping<\/a><\/span><br \/>\n<span style=\"text-decoration: underline;\"> <a href=\"http:\/\/www.booking.com\/hotel\/br\/pousada-marques-paraty.pt-br.html?aid=348663;sid=29a7eec308a14423127399f81cb21446;dcid=4;dist=0;srfid=9aa9b876c64389e8c5135abf42d95932bb018872X20;type=total;ucfs=1&amp;\" target=\"_blank\" rel=\"noopener\">Pousada Marques<\/a><\/span><\/p>\n<p><strong>\u2013 Dicas, informa\u00e7\u00f5es e experi\u00eancias de viagem por Paraty, <span style=\"text-decoration: underline;\"><a href=\"http:\/\/www.mochileiros.com\/busca.php?cx=partner-pub-1018022360237417%3A4397908001&amp;cof=FORID%3A10&amp;ie=UTF-8&amp;q=paraty\" target=\"_blank\">aqui<\/a><\/span>.<\/strong><\/p>\n<p><strong> \u2013 Quer juntar uma galera pra ir? Deixe sua mensagem no <span style=\"text-decoration: underline;\"><a href=\"http:\/\/www.mochileiros.com\/brasil-companhia-para-viajar-f443.html\" target=\"_blank\">\u2018Companhia pra Viajar\u2019 (Brasil)<\/a><\/span> do Mochileiros.com.<\/strong><\/p>\n<p><strong>&#8211; A programa\u00e7\u00e3o do Festival pode ser conferida <span style=\"text-decoration: underline;\"><a href=\"http:\/\/www.paraty.com.br\/feriados\/festivaldapinga\/\" target=\"_blank\" rel=\"noopener\">aqui<\/a><\/span>.<\/strong><\/p>\n","protected":false},"excerpt":{"rendered":"<p>Conhecido tamb\u00e9m como \u2018Festival da Pinga de Paraty\u2019 o evento \u00e9 realizado desde 1982 e neste ano acontece de\u00a013 a 16 de agosto. Paraty \u00e9 um dos destinos mais belos do litoral fluminense, unindo hist\u00f3ria, cultura, belezas arquitet\u00f4nicas e naturais. Nos dias de festival, al\u00e9m de curtir a cidade o visitante poder\u00e1 apreciar curiosos sabores [&hellip;]<\/p>\n","protected":false},"author":2,"featured_media":14774,"comment_status":"open","ping_status":"closed","sticky":false,"template":"","format":"standard","meta":{"googlesitekit_rrm_CAoiELM5mIOjYRN0nfylq3_9r-8:productID":"","_crdt_document":"","_daim_seo_power":"","_daim_enable_ail":"","footnotes":""},"categories":[14],"tags":[1175],"class_list":["post-14770","post","type-post","status-publish","format-standard","has-post-thumbnail","hentry","category-noticias","tag-paraty"],"_links":{"self":[{"href":"https:\/\/www.mochileiros.com\/blog\/wp-json\/wp\/v2\/posts\/14770","targetHints":{"allow":["GET"]}}],"collection":[{"href":"https:\/\/www.mochileiros.com\/blog\/wp-json\/wp\/v2\/posts"}],"about":[{"href":"https:\/\/www.mochileiros.com\/blog\/wp-json\/wp\/v2\/types\/post"}],"author":[{"embeddable":true,"href":"https:\/\/www.mochileiros.com\/blog\/wp-json\/wp\/v2\/users\/2"}],"replies":[{"embeddable":true,"href":"https:\/\/www.mochileiros.com\/blog\/wp-json\/wp\/v2\/comments?post=14770"}],"version-history":[{"count":0,"href":"https:\/\/www.mochileiros.com\/blog\/wp-json\/wp\/v2\/posts\/14770\/revisions"}],"wp:featuredmedia":[{"embeddable":true,"href":"https:\/\/www.mochileiros.com\/blog\/wp-json\/wp\/v2\/media\/14774"}],"wp:attachment":[{"href":"https:\/\/www.mochileiros.com\/blog\/wp-json\/wp\/v2\/media?parent=14770"}],"wp:term":[{"taxonomy":"category","embeddable":true,"href":"https:\/\/www.mochileiros.com\/blog\/wp-json\/wp\/v2\/categories?post=14770"},{"taxonomy":"post_tag","embeddable":true,"href":"https:\/\/www.mochileiros.com\/blog\/wp-json\/wp\/v2\/tags?post=14770"}],"curies":[{"name":"wp","href":"https:\/\/api.w.org\/{rel}","templated":true}]}}