{"id":15117,"date":"2015-06-16T18:24:24","date_gmt":"2015-06-16T21:24:24","guid":{"rendered":"https:\/\/www.mochileiros.com\/blog\/?p=15117"},"modified":"2017-03-08T17:16:48","modified_gmt":"2017-03-08T20:16:48","slug":"australiana-fez-volta-ao-mundo-sozinha-aos-16-anos","status":"publish","type":"post","link":"https:\/\/www.mochileiros.com\/blog\/australiana-fez-volta-ao-mundo-sozinha-aos-16-anos","title":{"rendered":"Australiana fez volta ao mundo sozinha aos 16 anos"},"content":{"rendered":"<p style=\"text-align: justify;\">O t\u00edtulo j\u00e1 chamou a aten\u00e7\u00e3o n\u00e3o \u00e9? Pois bem, acrescente ent\u00e3o o fato de ela ter feito a volta ao mundo de barco!<br \/>\nEstamos falando de\u00a0Jessica Watson que \u00e9\u00a0a pessoa\u00a0mais jovem (aos 16 anos) a velejar sozinha, sem paradas e desassistida,\u00a0ao redor do mundo. \u00a0Sua viagem durou 210 dias, lhe rendeu v\u00e1rios pr\u00eamios e se transformou no best-seller &#8216;Destemida&#8217;.<br \/>\nO <span style=\"text-decoration: underline;\"><a href=\"http:\/\/www.imdb.com\/title\/tt2353868\/\" target=\"_blank\" rel=\"noopener\">filme sobre a hist\u00f3ria<\/a><\/span> deve ser lan\u00e7ado em 2017, pela Paramount Pictures.<\/p>\n<div id=\"attachment_15118\" style=\"width: 710px\" class=\"wp-caption aligncenter\"><a href=\"https:\/\/www.mochileiros.com\/blog\/livros-cinema-afins\/australiana-fez-volta-ao-mundo-sozinha-aos-16-anos\/attachment\/destemida01\" rel=\"attachment wp-att-15118\"><img loading=\"lazy\" decoding=\"async\" aria-describedby=\"caption-attachment-15118\" class=\"size-full wp-image-15118\" src=\"https:\/\/www.mochileiros.com\/blog\/wp-content\/uploads\/2015\/06\/destemida01.jpg\" alt=\"Foto: Divulga\u00e7\u00e3o.\" width=\"700\" height=\"994\" srcset=\"https:\/\/www.mochileiros.com\/blog\/wp-content\/uploads\/2015\/06\/destemida01.jpg 700w, https:\/\/www.mochileiros.com\/blog\/wp-content\/uploads\/2015\/06\/destemida01-211x300.jpg 211w, https:\/\/www.mochileiros.com\/blog\/wp-content\/uploads\/2015\/06\/destemida01-313x444.jpg 313w, https:\/\/www.mochileiros.com\/blog\/wp-content\/uploads\/2015\/06\/destemida01-14x20.jpg 14w\" sizes=\"auto, (max-width: 700px) 100vw, 700px\" \/><\/a><p id=\"caption-attachment-15118\" class=\"wp-caption-text\">Foto: Divulga\u00e7\u00e3o.<\/p><\/div>\n<div id=\"attachment_15120\" style=\"width: 970px\" class=\"wp-caption alignnone\"><a href=\"https:\/\/www.mochileiros.com\/blog\/livros-cinema-afins\/australiana-fez-volta-ao-mundo-sozinha-aos-16-anos\/attachment\/destemida02\" rel=\"attachment wp-att-15120\"><img loading=\"lazy\" decoding=\"async\" aria-describedby=\"caption-attachment-15120\" class=\"size-full wp-image-15120\" src=\"https:\/\/www.mochileiros.com\/blog\/wp-content\/uploads\/2015\/06\/destemida02.jpg\" alt=\"Jessica e seu veleiro 'Pink Lady' | Foto: Arquivo pessoal.\" width=\"960\" height=\"631\" srcset=\"https:\/\/www.mochileiros.com\/blog\/wp-content\/uploads\/2015\/06\/destemida02.jpg 960w, https:\/\/www.mochileiros.com\/blog\/wp-content\/uploads\/2015\/06\/destemida02-300x197.jpg 300w, https:\/\/www.mochileiros.com\/blog\/wp-content\/uploads\/2015\/06\/destemida02-768x505.jpg 768w, https:\/\/www.mochileiros.com\/blog\/wp-content\/uploads\/2015\/06\/destemida02-313x206.jpg 313w, https:\/\/www.mochileiros.com\/blog\/wp-content\/uploads\/2015\/06\/destemida02-20x13.jpg 20w\" sizes=\"auto, (max-width: 960px) 100vw, 960px\" \/><\/a><p id=\"caption-attachment-15120\" class=\"wp-caption-text\">Jessica e seu veleiro &#8216;Ella&#8217;s Pink Lady&#8217; | Foto: Arquivo pessoal.<\/p><\/div>\n<div id=\"attachment_15121\" style=\"width: 410px\" class=\"wp-caption aligncenter\"><a href=\"https:\/\/www.mochileiros.com\/blog\/livros-cinema-afins\/australiana-fez-volta-ao-mundo-sozinha-aos-16-anos\/attachment\/destemida03\" rel=\"attachment wp-att-15121\"><img loading=\"lazy\" decoding=\"async\" aria-describedby=\"caption-attachment-15121\" class=\"size-full wp-image-15121\" src=\"https:\/\/www.mochileiros.com\/blog\/wp-content\/uploads\/2015\/06\/destemida03.jpg\" alt=\"A &quot;tripula\u00e7\u00e3o&quot; companheira de viagem | Foto: Arquivo pessoal.\" width=\"400\" height=\"300\" srcset=\"https:\/\/www.mochileiros.com\/blog\/wp-content\/uploads\/2015\/06\/destemida03.jpg 400w, https:\/\/www.mochileiros.com\/blog\/wp-content\/uploads\/2015\/06\/destemida03-300x225.jpg 300w, https:\/\/www.mochileiros.com\/blog\/wp-content\/uploads\/2015\/06\/destemida03-313x235.jpg 313w, https:\/\/www.mochileiros.com\/blog\/wp-content\/uploads\/2015\/06\/destemida03-20x15.jpg 20w\" sizes=\"auto, (max-width: 400px) 100vw, 400px\" \/><\/a><p id=\"caption-attachment-15121\" class=\"wp-caption-text\">A &#8220;tripula\u00e7\u00e3o&#8221; companheira de viagem | Foto: Arquivo pessoal.<\/p><\/div>\n<p style=\"text-align: justify;\"><strong>Uma jovem destemida<\/strong><\/p>\n<p style=\"text-align: justify;\">O\u00a0plano de Jessica tinha tudo para\u00a0n\u00e3o dar\u00a0certo: apenas 13 anos (idade que ela tinha ao come\u00e7ar seus planos para a viagem), o receio da fam\u00edlia, as d\u00favidas de todos\u00a0aqueles que iam contra. No entanto, persistindo com o seu\u00a0sonho, a ela\u00a0conseguiu colocar em pr\u00e1tica a sua\u00a0maior vontade e, principalmente, fez com que tudo desse\u00a0certo. Foram tr\u00eas anos de\u00a0minucioso planejamento antes de partir para a aventura.<br \/>\nO livro &#8216;True Spirit&#8217;, que no Brasil recebeu o nome de &#8216;Destemida&#8217; (lan\u00e7ado pela editora\u00a0Belas-Letras) \u00e9 mais que o di\u00e1rio de viagem de uma jovem, \u00e9 inspira\u00e7\u00e3o; uma hist\u00f3ria de coragem, persist\u00eancia e atitude.<\/p>\n<p style=\"text-align: justify;\"><strong>Ficha t\u00e9cnica:<\/strong><\/p>\n<p style=\"text-align: justify;\">Destemida<br \/>\nAutora: Jessica Watson<br \/>\nTradu\u00e7\u00e3o: Bruno Mattos<br \/>\nISBN: 978-85-8174-164-2<br \/>\nAssunto: biografia e\u00a0autobiografia \u2013 literatura de\u00a0viagem<br \/>\nN\u00famero de p\u00e1ginas: 352<br \/>\nFormato: 16x23cm<br \/>\nEditora: Belas-Letras <strong>(pode ser adquirido tamb\u00e9m, <span style=\"text-decoration: underline;\"><a href=\"http:\/\/www.belasletras.com.br\/detalhe-livro.php?t=Destemida%20(in%C3%ADcio%20de%20envio%2022\/06)&amp;livro=69\" target=\"_blank\" rel=\"noopener\">aqui<\/a><\/span>).<\/strong><br \/>\nPre\u00e7o de capa: R$ 44,90<br \/>\nPeso (em Kg): 0,500<\/p>\n<p style=\"text-align: justify;\"><strong>Mais informa\u00e7\u00f5es sobre a viagem, o livro, o filme e novos projetos da velejadora que hoje tem 22 anos, podem ser conferidas no seu site oficial:\u00a0<span style=\"text-decoration: underline;\"><a href=\"http:\/\/www.jessicawatson.com.au\/\" target=\"_blank\" rel=\"noopener\">http:\/\/www.jessicawatson.com.au\/<\/a><\/span><\/strong><\/p>\n<h3 style=\"text-align: justify;\">Com ainda menos idade<\/h3>\n<div id=\"attachment_23560\" style=\"width: 676px\" class=\"wp-caption aligncenter\"><a href=\"https:\/\/www.mochileiros.com\/blog\/livros-cinema-afins\/australiana-fez-volta-ao-mundo-sozinha-aos-16-anos\/attachment\/maidentrip-2\" rel=\"attachment wp-att-23560\"><img loading=\"lazy\" decoding=\"async\" aria-describedby=\"caption-attachment-23560\" class=\"size-full wp-image-23560\" src=\"https:\/\/www.mochileiros.com\/blog\/wp-content\/uploads\/2015\/06\/maidentrip.jpg\" alt=\"\" width=\"666\" height=\"1000\" srcset=\"https:\/\/www.mochileiros.com\/blog\/wp-content\/uploads\/2015\/06\/maidentrip.jpg 666w, https:\/\/www.mochileiros.com\/blog\/wp-content\/uploads\/2015\/06\/maidentrip-200x300.jpg 200w, https:\/\/www.mochileiros.com\/blog\/wp-content\/uploads\/2015\/06\/maidentrip-313x470.jpg 313w, https:\/\/www.mochileiros.com\/blog\/wp-content\/uploads\/2015\/06\/maidentrip-13x20.jpg 13w\" sizes=\"auto, (max-width: 666px) 100vw, 666px\" \/><\/a><p id=\"caption-attachment-23560\" class=\"wp-caption-text\">Foto: Reprodu\u00e7\u00e3o IMDb.<\/p><\/div>\n<p style=\"text-align: justify;\">Voc\u00ea tamb\u00e9m pode se interessar pela hist\u00f3ria de Laura Dekker, que \u00e9 facilmente confundida com a de Jessica Watson. Laura fez uma volta ao mundo, tamb\u00e9m de barco, ainda com menos idade\u00a0que Jessica, aos 14 anos de idade.<br \/>\nSobre a hist\u00f3ria dela, h\u00e1 um document\u00e1rio, o Maidentrip (dispon\u00edvel no Netflix, <a href=\"https:\/\/www.netflix.com\/watch\/70273212\" target=\"_blank\" rel=\"noopener\">aqui<\/a>) e mais informa\u00e7\u00f5es sobre ele podem ser conferidas no <a href=\"http:\/\/www.imdb.com\/title\/tt2555268\/\" target=\"_blank\" rel=\"noopener\">IMDb<\/a>.<\/p>\n","protected":false},"excerpt":{"rendered":"<p>O t\u00edtulo j\u00e1 chamou a aten\u00e7\u00e3o n\u00e3o \u00e9? Pois bem, acrescente ent\u00e3o o fato de ela ter feito a volta ao mundo de barco! Estamos falando de\u00a0Jessica Watson que \u00e9\u00a0a pessoa\u00a0mais jovem (aos 16 anos) a velejar sozinha, sem paradas e desassistida,\u00a0ao redor do mundo. \u00a0Sua viagem durou 210 dias, lhe rendeu v\u00e1rios pr\u00eamios e [&hellip;]<\/p>\n","protected":false},"author":2,"featured_media":15122,"comment_status":"open","ping_status":"closed","sticky":false,"template":"","format":"standard","meta":{"googlesitekit_rrm_CAoiELM5mIOjYRN0nfylq3_9r-8:productID":"","_crdt_document":"","_daim_seo_power":"","_daim_enable_ail":"","footnotes":""},"categories":[],"tags":[169,12],"class_list":["post-15117","post","type-post","status-publish","format-standard","has-post-thumbnail","hentry","tag-livros","tag-livros-cinema-afins"],"_links":{"self":[{"href":"https:\/\/www.mochileiros.com\/blog\/wp-json\/wp\/v2\/posts\/15117","targetHints":{"allow":["GET"]}}],"collection":[{"href":"https:\/\/www.mochileiros.com\/blog\/wp-json\/wp\/v2\/posts"}],"about":[{"href":"https:\/\/www.mochileiros.com\/blog\/wp-json\/wp\/v2\/types\/post"}],"author":[{"embeddable":true,"href":"https:\/\/www.mochileiros.com\/blog\/wp-json\/wp\/v2\/users\/2"}],"replies":[{"embeddable":true,"href":"https:\/\/www.mochileiros.com\/blog\/wp-json\/wp\/v2\/comments?post=15117"}],"version-history":[{"count":0,"href":"https:\/\/www.mochileiros.com\/blog\/wp-json\/wp\/v2\/posts\/15117\/revisions"}],"wp:featuredmedia":[{"embeddable":true,"href":"https:\/\/www.mochileiros.com\/blog\/wp-json\/wp\/v2\/media\/15122"}],"wp:attachment":[{"href":"https:\/\/www.mochileiros.com\/blog\/wp-json\/wp\/v2\/media?parent=15117"}],"wp:term":[{"taxonomy":"category","embeddable":true,"href":"https:\/\/www.mochileiros.com\/blog\/wp-json\/wp\/v2\/categories?post=15117"},{"taxonomy":"post_tag","embeddable":true,"href":"https:\/\/www.mochileiros.com\/blog\/wp-json\/wp\/v2\/tags?post=15117"}],"curies":[{"name":"wp","href":"https:\/\/api.w.org\/{rel}","templated":true}]}}