{"id":15339,"date":"2015-06-29T18:29:37","date_gmt":"2015-06-29T21:29:37","guid":{"rendered":"https:\/\/www.mochileiros.com\/blog\/?p=15339"},"modified":"2016-11-15T16:11:18","modified_gmt":"2016-11-15T19:11:18","slug":"karl-bushby-em-1998-ele-saiu-para-dar-uma-volta-ao-mundo-a-pe","status":"publish","type":"post","link":"https:\/\/www.mochileiros.com\/blog\/karl-bushby-em-1998-ele-saiu-para-dar-uma-volta-ao-mundo-a-pe","title":{"rendered":"Em 1998 ele saiu para dar uma volta ao mundo&#8230;a p\u00e9! (e hoje est\u00e1 na reta final)"},"content":{"rendered":"<p style=\"text-align: justify;\"><strong>Post atualizado em 13 de novembro de 2016<\/strong><\/p>\n<p style=\"text-align: justify;\">Independente\u00a0de onde voc\u00ea estava ou\u00a0o que estava fazendo no\u00a0dia 1\u00ba de novembro de 1998 , provavelmente n\u00e3o era nada parecido com o que fez\u00a0Karl Bushby. Para ele foi um dia extraordin\u00e1rio, foi o dia em que ele\u00a0partiu&#8230; e nunca mais voltou, ou pelo menos, ainda n\u00e3o! \u00a0 Ele est\u00e1 h\u00e1 17 anos na estrada a caminho de casa, na expedi\u00e7\u00e3o que batizou de\u00a0Goliath Expedition.<\/p>\n<p style=\"text-align: justify;\">Hoje, Bushby tem\u00a046 anos de idade, mas\u00a0em novembro de 1998\u00a0ele ainda era um jovem de 29 anos. O\u00a0ex-p\u00e1ra-quedista do ex\u00e9rcito brit\u00e2nico deu o primeiro passo a partir de\u00a0Punta Arenas no Chile e\u00a0embarcou em uma jornada ininterrupta de 60.000 km\u00a0ao redor do mundo &#8211;\u00a0a\u00a0p\u00e9. \u00a0\u00a0E Bushby n\u00e3o tem nenhuma inten\u00e7\u00e3o de parar at\u00e9 que ele complete o percurso\u00a0de volta \u00e0\u00a0sua cidade natal, Hull, na\u00a0Inglaterra.<\/p>\n<div id=\"attachment_15353\" style=\"width: 1034px\" class=\"wp-caption alignnone\"><a href=\"https:\/\/www.mochileiros.com\/blog\/wp-content\/uploads\/2015\/06\/1715.bushbyperu_1-e1435611801960.jpg\"><img loading=\"lazy\" decoding=\"async\" aria-describedby=\"caption-attachment-15353\" class=\"size-large wp-image-15353\" src=\"https:\/\/www.mochileiros.com\/blog\/wp-content\/uploads\/2015\/06\/1715.bushbyperu_1-1024x691.jpg\" alt=\"Karl Bushby no in\u00edcio de sua caminha no Chile em 1998. - Foto: arquivo pessoal\" width=\"1024\" height=\"691\" \/><\/a><p id=\"caption-attachment-15353\" class=\"wp-caption-text\">Karl Bushby no in\u00edcio de sua caminha no Chile em 1998. &#8211; Foto: arquivo pessoal<\/p><\/div>\n<p style=\"text-align: justify;\">O plano original o levaria por todo o continente americano at\u00e9 o\u00a0Alasca. De l\u00e1, atravessaria o Estreito de Bering, que separa o Alasca da R\u00fassia. Ent\u00e3o\u00a0cruzaria o\u00a0maior pa\u00eds do mundo at\u00e9 chegar\u00a0a China e de l\u00e1 ao\u00a0Cazaquist\u00e3o para depois cortar toda a Europa Oriental. E a partir da\u00ed estaria perto de\u00a0chegar em Calais\u00a0na\u00a0Fran\u00e7a, onde caminharia pelo Eurot\u00fanel que liga a Inglaterra \u00e0 Fran\u00e7a. E toda a viagem, pelos c\u00e1lculos de Karl, levaria cerca de oito anos.<\/p>\n<p style=\"text-align: justify;\">No entanto, isso foi s\u00f3 o plano. \u00a0Durante a\u00a0caminhada obviamente aconteceu de tudo um pouco, e Bushby passou por todos\u00a0perrengues e\u00a0contratempos poss\u00edveis. Ele come\u00e7ou sua viagem com algumas centenas de d\u00f3lares,\u00a0 com cerca de cem libras de suprimentos dentro do carrinho que fez para acompanh\u00e1-lo durante o percurso\u00a0e\u00a0alguns equipamentos que a National Geographic havia doado para que ele pudesse documentar sua jornada. \u00a0Depois de\u00a0uma semana ap\u00f3s partir\u00a0de Punta Arenas, no Chile, as unhas dos seus p\u00e9s come\u00e7aram a cair\u00a0e ele quase morreu de fome na Patag\u00f4nia. \u00a0Sobreviveu a uma tempestade de areia\u00a0no Peru. <span class=\"goog-text-highlight\">Depois de alguns\u00a0anos de caminhada, chegou\u00a0\u00e0 fronteira entre a Col\u00f4mbia e o Panam\u00e1, e n\u00e3o teve escolha, meteu as caras em\u00a0\u00a0<\/span><span style=\"text-decoration: underline;\"><a class=\"ext-link\" title=\"\" href=\"https:\/\/en.wikipedia.org\/wiki\/Dari%C3%A9n_Gap\" target=\"_blank\" rel=\"external noopener\" data-wpel-target=\"_blank\" data-wpel-><span class=\"goog-text-highlight\">Dari\u00e9n Gap<\/span><\/a><\/span><span class=\"goog-text-highlight\"> que \u00e9 um do lugares mais perigosos do mundo, uma selva fechad\u00edssima\u00a0com guerrilheiros, traficantes e paramilitares. \u00a0N<\/span>adou em rios infestados de crocodilos e foi preso por duas semanas no Panam\u00e1 por n\u00e3o ter formalizado a entrada no pa\u00eds. \u00a0Em seguida, enfrentou a\u00a0travessia entre o Alasca e a R\u00fassia, o Estreito de Bering, que tem\u00a0um pouco mais de 80 km\u00a0de largura e \u00e9 o\u00a0inferno congelado da Terra, principalmente para quem est\u00e1 viajando a p\u00e9 . Bushby chegou\u00a0no Alasca em mar\u00e7o de 2006, acompanhado pelo aventureiro franc\u00eas Dimitri Kieffer e caminhou por\u00a0uma rota de 240 km\u00a0atrav\u00e9s de blocos de gelo quebrados, at\u00e9\u00a0chegar na cidade russa de Chutotka.<\/p>\n<div id=\"attachment_15351\" style=\"width: 1034px\" class=\"wp-caption alignnone\"><a href=\"https:\/\/www.mochileiros.com\/blog\/wp-content\/uploads\/2015\/06\/34.jpg\"><img loading=\"lazy\" decoding=\"async\" aria-describedby=\"caption-attachment-15351\" class=\"wp-image-15351\" src=\"https:\/\/www.mochileiros.com\/blog\/wp-content\/uploads\/2015\/06\/34.jpg\" alt=\"34\" width=\"1024\" height=\"768\" srcset=\"https:\/\/www.mochileiros.com\/blog\/wp-content\/uploads\/2015\/06\/34.jpg 640w, https:\/\/www.mochileiros.com\/blog\/wp-content\/uploads\/2015\/06\/34-300x225.jpg 300w, https:\/\/www.mochileiros.com\/blog\/wp-content\/uploads\/2015\/06\/34-313x235.jpg 313w, https:\/\/www.mochileiros.com\/blog\/wp-content\/uploads\/2015\/06\/34-20x15.jpg 20w\" sizes=\"auto, (max-width: 1024px) 100vw, 1024px\" \/><\/a><p id=\"caption-attachment-15351\" class=\"wp-caption-text\">Karl Bushby curtindo uma &#8220;zona de conforto&#8221; no Estreito de Bering. Foto: Arquivo Pessoal<\/p><\/div>\n<p>&nbsp;<\/p>\n<div id=\"attachment_15350\" style=\"width: 1034px\" class=\"wp-caption alignnone\"><a href=\"https:\/\/www.mochileiros.com\/blog\/wp-content\/uploads\/2015\/06\/33.jpg\"><img loading=\"lazy\" decoding=\"async\" aria-describedby=\"caption-attachment-15350\" class=\"wp-image-15350\" src=\"https:\/\/www.mochileiros.com\/blog\/wp-content\/uploads\/2015\/06\/33.jpg\" alt=\"33\" width=\"1024\" height=\"768\" srcset=\"https:\/\/www.mochileiros.com\/blog\/wp-content\/uploads\/2015\/06\/33.jpg 640w, https:\/\/www.mochileiros.com\/blog\/wp-content\/uploads\/2015\/06\/33-300x225.jpg 300w, https:\/\/www.mochileiros.com\/blog\/wp-content\/uploads\/2015\/06\/33-313x235.jpg 313w, https:\/\/www.mochileiros.com\/blog\/wp-content\/uploads\/2015\/06\/33-20x15.jpg 20w\" sizes=\"auto, (max-width: 1024px) 100vw, 1024px\" \/><\/a><p id=\"caption-attachment-15350\" class=\"wp-caption-text\">Karl Bushby e Dimitri Kieffer &#8211; Foto: Arquivo pessoal<\/p><\/div>\n<p>&nbsp;<\/p>\n<p style=\"text-align: justify;\">Foi quando come\u00e7ou o pesadelo de Bushby e a burocracia russa transformou sua expedi\u00e7\u00e3o em uma novela. \u00a0Ele foi preso por ter entrado em uma \u00e1rea militar sem saber e foi ent\u00e3o extraditado para o M\u00e9xico. \u00a0\u00a0De l\u00e1 seus parceiros\u00a0tiveram que\u00a0contratar um advogado para pedir ao governo Russo que o deixasse completar o percurso.<\/p>\n<p style=\"text-align: justify;\">Em 16 de mar\u00e7o de 2007, Karl conseguiu o visto e a permiss\u00e3o especial necess\u00e1ria das autoridades russas para percorrer a regi\u00e3o, e come\u00e7ou a se preparar para a segunda metade da\u00a0expedi\u00e7\u00e3o. Ele ent\u00e3o andou a primeira etapa at\u00e9\u00a0Yakutsk, e juntamente com seu amigo Dimitri, \u00a0cumpriu mais de 1.000 km de Uelen para Dvoynoye e depois retornou\u00a0ao Alasca quando seu visto venceu.<\/p>\n<div id=\"attachment_15356\" style=\"width: 1034px\" class=\"wp-caption alignnone\"><a href=\"https:\/\/www.mochileiros.com\/blog\/wp-content\/uploads\/2015\/06\/karl_bushby_0011405292465-e1435612897438.jpg\"><img loading=\"lazy\" decoding=\"async\" aria-describedby=\"caption-attachment-15356\" class=\"size-large wp-image-15356\" src=\"https:\/\/www.mochileiros.com\/blog\/wp-content\/uploads\/2015\/06\/karl_bushby_0011405292465-1024x686.jpg\" alt=\"13 de Julho - O in\u00edcio da caminhada de 5.000 KM de Karl Bushby que partiu de Los Angeles para a embaixada russa em Washington, DC Foto: Megan Morr \/ Washington Post\" width=\"1024\" height=\"686\" \/><\/a><p id=\"caption-attachment-15356\" class=\"wp-caption-text\">13 de Julho &#8211; O in\u00edcio da caminhada de 5.000 KM de Karl Bushby que partiu de Los Angeles para a embaixada russa em Washington, DC Foto: Megan Morr \/ Washington Post<\/p><\/div>\n<div id=\"attachment_15354\" style=\"width: 1034px\" class=\"wp-caption alignnone\"><a href=\"https:\/\/www.mochileiros.com\/blog\/wp-content\/uploads\/2015\/06\/2006-5-5-bushby-e1435613272414.jpg\"><img loading=\"lazy\" decoding=\"async\" aria-describedby=\"caption-attachment-15354\" class=\"size-large wp-image-15354\" src=\"https:\/\/www.mochileiros.com\/blog\/wp-content\/uploads\/2015\/06\/2006-5-5-bushby-1024x768.jpg\" alt=\"Karl Bushby em Lavrentiya, Russia - Imagem feita em 10 de fevereiro de 2006 Foto: GOLIAT EXPEDITION\/AFP\" width=\"1024\" height=\"768\" \/><\/a><p id=\"caption-attachment-15354\" class=\"wp-caption-text\">Karl Bushby em Lavrentiya, Russia &#8211; Imagem feita em 10 de fevereiro de 2006 Foto: GOLIAT EXPEDITION\/AFP<\/p><\/div>\n<p style=\"text-align: justify;\">Em 2008, Bushby s\u00f3 andou por tr\u00eas semanas, at\u00e9 chegar em Bilibino na Russia, mas j\u00e1 era tarde demais, mesmo com o visto renovado, a \u00e9poca\u00a0coincidiu com o per\u00edodo em que a neve come\u00e7a a desaparecer, e ele n\u00e3o p\u00f4de continuar porque a \u00e1rea \u00e9 cheia de p\u00e2ntanos e rios, \u00e1rea imposs\u00edvel de penetrar a p\u00e9 quando n\u00e3o congelada. \u00a0Seu visto s\u00f3 valia por 90 dias e ap\u00f3s esse tempo deveria ficar fora do pa\u00eds por mais 180 dias para ent\u00e3o obter novamente outro visto. Ap\u00f3s os 180 dias, ele voltou e\u00a0tentou\u00a0algumas vezes cumprir o percurso com apenas com o tempo de cada visto e\u00a0por conta destas indas e vindas, em mar\u00e7o de 2013 a R\u00fassia proibiu Karl de voltar a entrar no pa\u00eds\u00a0por 5\u00a0anos. Bushby decidiu esperar passar esses anos no M\u00e9xico.<\/p>\n<p style=\"text-align: justify;\">Enquanto estava\u00a0no M\u00e9xico foi contatado\u00a0por Beau Williams e Jordan Tappis, dois documentaristas\u00a0que queriam film\u00e1-lo\u00a0atravessando os EUA. \u00a0A ideia era filmar Bushby partindo de Los Angeles e indo\u00a0at\u00e9 a embaixada russa em Washington DC, onde apelaria sobre a proibi\u00e7\u00e3o imposta pelo governo Russo. \u00a0E l\u00e1 foi ele, que enfim conseguiu a autoriza\u00e7\u00e3o do governo russo para continuar a expedi\u00e7\u00e3o.<\/p>\n<p style=\"text-align: justify;\">O resultado dessa aventura\u00a0de 12 meses por todo o territ\u00f3rio\u00a0americano, \u00e9 o tema do\u00a0document\u00e1rio &#8220;The Walk Around the World&#8221; , que foi exibido no National Geographic Channel nos EUA (que voc\u00ea pode conferir no trailer abaixo).<\/p>\n<p style=\"text-align: justify;\">Atualmente, Bushby est\u00e1 Russia caminhando para terminar a viagem, mas\u00a0a novela do visto de 90 dias continua e ele depende das condi\u00e7\u00f5es clim\u00e1ticas e far\u00e1 o zigue zaguear mais uma vez at\u00e9 terminar essa fase da jornada.<\/p>\n<p style=\"text-align: justify;\">Voc\u00ea pode acompanhar a aventura em seu <span style=\"text-decoration: underline;\"><a href=\"https:\/\/www.facebook.com\/Karl.Bushby.odysseyXXI\" target=\"_blank\" rel=\"noopener\">perfil<\/a><\/span> do Facebook.<\/p>\n<div id=\"attachment_18700\" style=\"width: 1010px\" class=\"wp-caption alignnone\"><a href=\"https:\/\/www.mochileiros.com\/blog\/wp-content\/uploads\/2015\/06\/14379832_10153953434007358_7154308154396126719_o.jpg\"><img loading=\"lazy\" decoding=\"async\" aria-describedby=\"caption-attachment-18700\" class=\"wp-image-18700 size-large\" src=\"https:\/\/www.mochileiros.com\/blog\/wp-content\/uploads\/2015\/06\/14379832_10153953434007358_7154308154396126719_o-1024x580.jpg\" alt=\"Karl em Amur na Russia - Foto postada no dia 19 de setembro de 2016 em seu perfil do Facebook\" width=\"1000\" height=\"566\" srcset=\"https:\/\/www.mochileiros.com\/blog\/wp-content\/uploads\/2015\/06\/14379832_10153953434007358_7154308154396126719_o-1024x580.jpg 1024w, https:\/\/www.mochileiros.com\/blog\/wp-content\/uploads\/2015\/06\/14379832_10153953434007358_7154308154396126719_o-300x170.jpg 300w, https:\/\/www.mochileiros.com\/blog\/wp-content\/uploads\/2015\/06\/14379832_10153953434007358_7154308154396126719_o-768x435.jpg 768w, https:\/\/www.mochileiros.com\/blog\/wp-content\/uploads\/2015\/06\/14379832_10153953434007358_7154308154396126719_o-313x177.jpg 313w, https:\/\/www.mochileiros.com\/blog\/wp-content\/uploads\/2015\/06\/14379832_10153953434007358_7154308154396126719_o-20x11.jpg 20w, https:\/\/www.mochileiros.com\/blog\/wp-content\/uploads\/2015\/06\/14379832_10153953434007358_7154308154396126719_o.jpg 1920w\" sizes=\"auto, (max-width: 1000px) 100vw, 1000px\" \/><\/a><p id=\"caption-attachment-18700\" class=\"wp-caption-text\">Karl em Amur na Russia &#8211; Foto postada no dia 19 de setembro de 2016 em seu perfil do Facebook<\/p><\/div>\n<p style=\"text-align: justify;\">No livro <span style=\"text-decoration: underline;\"><a href=\"http:\/\/www.amazon.com\/Giant-Steps-Remarkable-Goliath-Expedition\/dp\/0751536954\" target=\"_blank\" rel=\"noopener\">Giant Steps: The Remarkable Story of the Goliath Expedition From Punta Arenas to Russia<\/a><\/span> ele conta como foi a jornada de Punta Arenas at\u00e9 Russia nos seus quase 18 anos de viagem.<\/p>\n<p>&nbsp;<\/p>\n<p><iframe loading=\"lazy\" src=\"https:\/\/player.vimeo.com\/video\/126985470?app_id=122963\" width=\"740\" height=\"416\" frameborder=\"0\" title=\"The Walk Around The World trailer\" webkitallowfullscreen mozallowfullscreen allowfullscreen><\/iframe><\/p>\n<p>&nbsp;<\/p>\n<p>Fontes: Outside Magazine, Wikipedia, Plaid Zebra<\/p>\n","protected":false},"excerpt":{"rendered":"<p>Post atualizado em 13 de novembro de 2016 Independente\u00a0de onde voc\u00ea estava ou\u00a0o que estava fazendo no\u00a0dia 1\u00ba de novembro de 1998 , provavelmente n\u00e3o era nada parecido com o que fez\u00a0Karl Bushby. Para ele foi um dia extraordin\u00e1rio, foi o dia em que ele\u00a0partiu&#8230; e nunca mais voltou, ou pelo menos, ainda n\u00e3o! \u00a0 [&hellip;]<\/p>\n","protected":false},"author":1,"featured_media":18701,"comment_status":"open","ping_status":"closed","sticky":false,"template":"","format":"standard","meta":{"googlesitekit_rrm_CAoiELM5mIOjYRN0nfylq3_9r-8:productID":"","_crdt_document":"","_daim_seo_power":"","_daim_enable_ail":"","footnotes":""},"categories":[168],"tags":[982,1178,1126,1246],"class_list":["post-15339","post","type-post","status-publish","format-standard","has-post-thumbnail","hentry","category-blog","tag-exploradores-do-seculo-xxi","tag-karl-bushby","tag-volta-ao-mundo","tag-volta-ao-mundo-a-pe"],"_links":{"self":[{"href":"https:\/\/www.mochileiros.com\/blog\/wp-json\/wp\/v2\/posts\/15339","targetHints":{"allow":["GET"]}}],"collection":[{"href":"https:\/\/www.mochileiros.com\/blog\/wp-json\/wp\/v2\/posts"}],"about":[{"href":"https:\/\/www.mochileiros.com\/blog\/wp-json\/wp\/v2\/types\/post"}],"author":[{"embeddable":true,"href":"https:\/\/www.mochileiros.com\/blog\/wp-json\/wp\/v2\/users\/1"}],"replies":[{"embeddable":true,"href":"https:\/\/www.mochileiros.com\/blog\/wp-json\/wp\/v2\/comments?post=15339"}],"version-history":[{"count":0,"href":"https:\/\/www.mochileiros.com\/blog\/wp-json\/wp\/v2\/posts\/15339\/revisions"}],"wp:featuredmedia":[{"embeddable":true,"href":"https:\/\/www.mochileiros.com\/blog\/wp-json\/wp\/v2\/media\/18701"}],"wp:attachment":[{"href":"https:\/\/www.mochileiros.com\/blog\/wp-json\/wp\/v2\/media?parent=15339"}],"wp:term":[{"taxonomy":"category","embeddable":true,"href":"https:\/\/www.mochileiros.com\/blog\/wp-json\/wp\/v2\/categories?post=15339"},{"taxonomy":"post_tag","embeddable":true,"href":"https:\/\/www.mochileiros.com\/blog\/wp-json\/wp\/v2\/tags?post=15339"}],"curies":[{"name":"wp","href":"https:\/\/api.w.org\/{rel}","templated":true}]}}