{"id":16272,"date":"2015-08-12T15:37:33","date_gmt":"2015-08-12T18:37:33","guid":{"rendered":"https:\/\/www.mochileiros.com\/blog\/?p=16272"},"modified":"2017-01-14T18:12:22","modified_gmt":"2017-01-14T21:12:22","slug":"espanhol-da-volta-ao-mundo-a-pe","status":"publish","type":"post","link":"https:\/\/www.mochileiros.com\/blog\/espanhol-da-volta-ao-mundo-a-pe","title":{"rendered":"Espanhol faz viagem de volta ao mundo a p\u00e9"},"content":{"rendered":"<p style=\"text-align: justify;\">Ignacio Dean, ou Nacho Dean, um espanhol de 34 anos, partiu de Madri rumo ao mundo&#8230; a p\u00e9. E, a p\u00e9, ele cruzou a Europa em quatro meses; desceu para a \u00c1sia pelo litoral do Mar C\u00e1spio e seguiu pela \u00cdndia at\u00e9 a Indon\u00e9sia; cruzou a Austr\u00e1lia e l\u00e1 tomou um avi\u00e3o para o Chile, subiu e desceu os Andes, subiu pela Am\u00e9rica Central, e j\u00e1 foi mais a frente para o M\u00e9xico, onde est\u00e1 no momento e n\u00e3o h\u00e1 previs\u00e3o de por fim \u00e0 aventura. \u00c9 o tipo de viagem (invej\u00e1vel e inspiradora) que a gente vai fazendo um mapa mental.<\/p>\n<div id=\"attachment_16273\" style=\"width: 1034px\" class=\"wp-caption aligncenter\"><a href=\"https:\/\/www.mochileiros.com\/blog\/blog\/espanhol-da-volta-ao-mundo-a-pe\/attachment\/nachoape_mapa\" rel=\"attachment wp-att-16273\"><img loading=\"lazy\" decoding=\"async\" aria-describedby=\"caption-attachment-16273\" class=\"size-full wp-image-16273\" src=\"https:\/\/www.mochileiros.com\/blog\/wp-content\/uploads\/2015\/08\/nachoape_mapa.jpg\" alt=\"Mapa mostra rota feita pelo espanhol at\u00e9 o momento (12\/08\/2015) | Foto: Reprodu\u00e7\u00e3o\" width=\"1024\" height=\"393\" srcset=\"https:\/\/www.mochileiros.com\/blog\/wp-content\/uploads\/2015\/08\/nachoape_mapa.jpg 1024w, https:\/\/www.mochileiros.com\/blog\/wp-content\/uploads\/2015\/08\/nachoape_mapa-300x115.jpg 300w, https:\/\/www.mochileiros.com\/blog\/wp-content\/uploads\/2015\/08\/nachoape_mapa-768x295.jpg 768w, https:\/\/www.mochileiros.com\/blog\/wp-content\/uploads\/2015\/08\/nachoape_mapa-313x120.jpg 313w, https:\/\/www.mochileiros.com\/blog\/wp-content\/uploads\/2015\/08\/nachoape_mapa-20x8.jpg 20w\" sizes=\"auto, (max-width: 1024px) 100vw, 1024px\" \/><\/a><p id=\"caption-attachment-16273\" class=\"wp-caption-text\">Mapa mostra rota feita pelo espanhol at\u00e9 o momento (12\/08\/2015) | Foto: Reprodu\u00e7\u00e3o<\/p><\/div>\n<p style=\"text-align: justify;\">Em seu site, o Earth Wide Walk, Dean explica que a ideia nasceu uns dois anos antes de ele colocar os p\u00e9s (literalmente) na estrada. &#8220;Tomei plena consci\u00eancia de que poderia tornar esse sonho realidade. Sou uma pessoa aventureira, esportista, amante da natureza e de sua beleza, mas sobretudo sens\u00edvel e apaixonado. N\u00e3o compreendo a vida se n\u00e3o h\u00e1 luta por seus sonhos e dessa atitude nasceu meu projeto&#8221;.<\/p>\n<div id=\"attachment_16281\" style=\"width: 610px\" class=\"wp-caption aligncenter\"><a href=\"https:\/\/www.mochileiros.com\/blog\/blog\/espanhol-da-volta-ao-mundo-a-pe\/attachment\/nachoape01\" rel=\"attachment wp-att-16281\"><img loading=\"lazy\" decoding=\"async\" aria-describedby=\"caption-attachment-16281\" class=\"size-full wp-image-16281\" src=\"https:\/\/www.mochileiros.com\/blog\/wp-content\/uploads\/2015\/08\/nachoape01.jpg\" alt=\"Em maio, Nacho celebrou 800 dias de volta ao mundo | Fotos: Reprodu\u00e7\u00e3o\/Twitter.\" width=\"600\" height=\"600\" srcset=\"https:\/\/www.mochileiros.com\/blog\/wp-content\/uploads\/2015\/08\/nachoape01.jpg 600w, https:\/\/www.mochileiros.com\/blog\/wp-content\/uploads\/2015\/08\/nachoape01-150x150.jpg 150w, https:\/\/www.mochileiros.com\/blog\/wp-content\/uploads\/2015\/08\/nachoape01-300x300.jpg 300w, https:\/\/www.mochileiros.com\/blog\/wp-content\/uploads\/2015\/08\/nachoape01-80x80.jpg 80w, https:\/\/www.mochileiros.com\/blog\/wp-content\/uploads\/2015\/08\/nachoape01-350x350.jpg 350w, https:\/\/www.mochileiros.com\/blog\/wp-content\/uploads\/2015\/08\/nachoape01-313x313.jpg 313w, https:\/\/www.mochileiros.com\/blog\/wp-content\/uploads\/2015\/08\/nachoape01-20x20.jpg 20w\" sizes=\"auto, (max-width: 600px) 100vw, 600px\" \/><\/a><p id=\"caption-attachment-16281\" class=\"wp-caption-text\">Em maio, Nacho celebrou 800 dias de volta ao mundo | Fotos: Reprodu\u00e7\u00e3o\/Twitter.<\/p><\/div>\n<p style=\"text-align: justify;\">Nacho custeia sua vida n\u00f4made atrav\u00e9s de suas pr\u00f3prias economias e doa\u00e7\u00f5es de empresas e pessoas que se identificam com o projeto, al\u00e9m do apoio de muita gente que o oferece alojamento por onde ele passa, por exemplo.<br \/>\nSeus 45 quilos de pertences s\u00e3o transportados em um carrinho no qual h\u00e1 sempre \u00e1gua e uma barraca, um saco de dormir, tr\u00eas trocas de roupa, um kit primeiro socorros, fogareiro e acess\u00f3rios e algumas ferramentas de sobreviv\u00eancia; al\u00e9m de uma c\u00e2mera fotogr\u00e1fica e um computador para atualizar o <span style=\"text-decoration: underline;\"><a href=\"http:\/\/earthwidewalk.tumblr.com\/\" target=\"_blank\" rel=\"noopener\">blog<\/a><\/span> e seus perfis no <span style=\"text-decoration: underline;\"><a href=\"https:\/\/twitter.com\/earthwidewalk\" target=\"_blank\" rel=\"noopener\">Twitter<\/a><\/span> e <span style=\"text-decoration: underline;\"><a href=\"https:\/\/es-es.facebook.com\/EarthWideWalk\" target=\"_blank\" rel=\"noopener\">Facebook<\/a><\/span>.<\/p>\n<div id=\"attachment_16278\" style=\"width: 510px\" class=\"wp-caption aligncenter\"><a href=\"https:\/\/www.mochileiros.com\/blog\/blog\/espanhol-da-volta-ao-mundo-a-pe\/attachment\/nachoape_carrinho02_ira\" rel=\"attachment wp-att-16278\"><img loading=\"lazy\" decoding=\"async\" aria-describedby=\"caption-attachment-16278\" class=\"size-full wp-image-16278\" src=\"https:\/\/www.mochileiros.com\/blog\/wp-content\/uploads\/2015\/08\/nachoape_carrinho02_ira.jpg\" alt=\"&quot;Casa e carro&quot; em algum ponto do Ir\u00e3 | Foto: Arquivo pessoal.\" width=\"500\" height=\"375\" srcset=\"https:\/\/www.mochileiros.com\/blog\/wp-content\/uploads\/2015\/08\/nachoape_carrinho02_ira.jpg 500w, https:\/\/www.mochileiros.com\/blog\/wp-content\/uploads\/2015\/08\/nachoape_carrinho02_ira-300x225.jpg 300w, https:\/\/www.mochileiros.com\/blog\/wp-content\/uploads\/2015\/08\/nachoape_carrinho02_ira-313x235.jpg 313w, https:\/\/www.mochileiros.com\/blog\/wp-content\/uploads\/2015\/08\/nachoape_carrinho02_ira-20x15.jpg 20w\" sizes=\"auto, (max-width: 500px) 100vw, 500px\" \/><\/a><p id=\"caption-attachment-16278\" class=\"wp-caption-text\">&#8220;Casa e carro&#8221; em algum ponto do Ir\u00e3 | Foto: Arquivo pessoal.<\/p><\/div>\n<div id=\"attachment_16279\" style=\"width: 510px\" class=\"wp-caption aligncenter\"><a href=\"https:\/\/www.mochileiros.com\/blog\/blog\/espanhol-da-volta-ao-mundo-a-pe\/attachment\/nachoape_carrinho03_india\" rel=\"attachment wp-att-16279\"><img loading=\"lazy\" decoding=\"async\" aria-describedby=\"caption-attachment-16279\" class=\"size-full wp-image-16279\" src=\"https:\/\/www.mochileiros.com\/blog\/wp-content\/uploads\/2015\/08\/nachoape_carrinho03_india.jpg\" alt=\"Al\u00e9m da viagem em si, seu carrinho faz sucesso por onde passa. Em seu blog h\u00e1 in\u00fameras fotos mundo afora de gente de todas as partes posando com ele. Este registro foi feito em algum lugar da \u00cdndia | Foto: Arquivo pessoal.\" width=\"500\" height=\"667\" srcset=\"https:\/\/www.mochileiros.com\/blog\/wp-content\/uploads\/2015\/08\/nachoape_carrinho03_india.jpg 500w, https:\/\/www.mochileiros.com\/blog\/wp-content\/uploads\/2015\/08\/nachoape_carrinho03_india-225x300.jpg 225w, https:\/\/www.mochileiros.com\/blog\/wp-content\/uploads\/2015\/08\/nachoape_carrinho03_india-313x418.jpg 313w, https:\/\/www.mochileiros.com\/blog\/wp-content\/uploads\/2015\/08\/nachoape_carrinho03_india-15x20.jpg 15w\" sizes=\"auto, (max-width: 500px) 100vw, 500px\" \/><\/a><p id=\"caption-attachment-16279\" class=\"wp-caption-text\">Al\u00e9m da viagem em si, seu carrinho faz sucesso por onde passa. Em seu blog h\u00e1 in\u00fameras fotos mundo afora de gente de todas as partes posando com ele. Este registro foi feito em algum lugar da \u00cdndia | Foto: Arquivo pessoal.<\/p><\/div>\n<p>&nbsp;<\/p>\n<div id=\"attachment_16283\" style=\"width: 510px\" class=\"wp-caption aligncenter\"><a href=\"https:\/\/www.mochileiros.com\/blog\/blog\/espanhol-da-volta-ao-mundo-a-pe\/attachment\/nachoape_dengue\" rel=\"attachment wp-att-16283\"><img loading=\"lazy\" decoding=\"async\" aria-describedby=\"caption-attachment-16283\" class=\"size-full wp-image-16283\" src=\"https:\/\/www.mochileiros.com\/blog\/wp-content\/uploads\/2015\/08\/nachoape_dengue.jpg\" alt=\"Em junho, em Oaxaca, no M\u00e9xico, a primeira enfermidade da viagem: Febre chikungunya | Foto: Reprodu\u00e7\u00e3o\/Twitter.\" width=\"500\" height=\"483\" srcset=\"https:\/\/www.mochileiros.com\/blog\/wp-content\/uploads\/2015\/08\/nachoape_dengue.jpg 500w, https:\/\/www.mochileiros.com\/blog\/wp-content\/uploads\/2015\/08\/nachoape_dengue-300x290.jpg 300w, https:\/\/www.mochileiros.com\/blog\/wp-content\/uploads\/2015\/08\/nachoape_dengue-313x302.jpg 313w, https:\/\/www.mochileiros.com\/blog\/wp-content\/uploads\/2015\/08\/nachoape_dengue-20x20.jpg 20w\" sizes=\"auto, (max-width: 500px) 100vw, 500px\" \/><\/a><p id=\"caption-attachment-16283\" class=\"wp-caption-text\">Em junho, em Oaxaca, no M\u00e9xico, a primeira enfermidade da viagem: Febre Chikungunya | Foto: Reprodu\u00e7\u00e3o\/Twitter.<\/p><\/div>\n<p><strong>Dados curiosos sobre a viagem<\/strong><\/p>\n<div id=\"attachment_16284\" style=\"width: 510px\" class=\"wp-caption aligncenter\"><a href=\"https:\/\/www.mochileiros.com\/blog\/blog\/espanhol-da-volta-ao-mundo-a-pe\/attachment\/nachosapato\" rel=\"attachment wp-att-16284\"><img loading=\"lazy\" decoding=\"async\" aria-describedby=\"caption-attachment-16284\" class=\"size-full wp-image-16284\" src=\"https:\/\/www.mochileiros.com\/blog\/wp-content\/uploads\/2015\/08\/nachosapato.jpg\" alt=\"\u00c9 hora de dizer adeus ao 8\u00ba par de t\u00eanis | Foto: Reprodu\u00e7\u00e3o\/Twitter.\" width=\"500\" height=\"590\" srcset=\"https:\/\/www.mochileiros.com\/blog\/wp-content\/uploads\/2015\/08\/nachosapato.jpg 500w, https:\/\/www.mochileiros.com\/blog\/wp-content\/uploads\/2015\/08\/nachosapato-254x300.jpg 254w, https:\/\/www.mochileiros.com\/blog\/wp-content\/uploads\/2015\/08\/nachosapato-313x369.jpg 313w, https:\/\/www.mochileiros.com\/blog\/wp-content\/uploads\/2015\/08\/nachosapato-17x20.jpg 17w\" sizes=\"auto, (max-width: 500px) 100vw, 500px\" \/><\/a><p id=\"caption-attachment-16284\" class=\"wp-caption-text\">\u00c9 hora de dizer adeus ao 8\u00ba par de t\u00eanis | Foto: Reprodu\u00e7\u00e3o\/Twitter.<\/p><\/div>\n<p>At\u00e9 18 de julho de 2015, Nacho levantou\u00a0alguns dados curiosos sobre sua jornada como:<br \/>\n<strong>Temperatura m\u00e1xima:<\/strong> 50 graus (Austr\u00e1lia).<br \/>\n<strong>Temperatura m\u00ednima:<\/strong> &#8211; 12 graus (Cordilheira dos Andes).<br \/>\n<strong>Dias seguidos caminhando sem descanso:<\/strong> 86 (4.100 quil\u00f4metros na Austr\u00e1lia).<br \/>\n<strong>M\u00e1xima dist\u00e2ncia em um s\u00f3 dia:<\/strong> 80 quil\u00f4metros.<br \/>\n<strong>M\u00e1ximo tempo parado em um s\u00f3 lugar:<\/strong> 30 dias (em Lima, Peru).<br \/>\n<strong>M\u00e1xima quantidade de \u00e1gua consumida \u00a0em um \u00fanico dia:<\/strong> 7 litros.<br \/>\n<strong>T\u00eanis\u00a0gastos:<\/strong> 9 pares.<br \/>\n<strong>Mordidas de cachorro:<\/strong> 3 (\u00cdndia, Tail\u00e2ndia e Honduras)<br \/>\n<strong>Pneus para o carrinho:<\/strong> 7 traseiros e 4 dianteiros.<\/p>\n<div id=\"attachment_16287\" style=\"width: 510px\" class=\"wp-caption aligncenter\"><a href=\"https:\/\/www.mochileiros.com\/blog\/blog\/espanhol-da-volta-ao-mundo-a-pe\/attachment\/nachoape_nuncasozinho_tailandia\" rel=\"attachment wp-att-16287\"><img loading=\"lazy\" decoding=\"async\" aria-describedby=\"caption-attachment-16287\" class=\"size-full wp-image-16287\" src=\"https:\/\/www.mochileiros.com\/blog\/wp-content\/uploads\/2015\/08\/nachoape_nuncasozinho_tailandia.jpg\" alt=\"E num \u00f4nibus tailand\u00eas, uma mensagem para levar durante a viagem | Foto: Arquivo pessoal.\" width=\"500\" height=\"375\" srcset=\"https:\/\/www.mochileiros.com\/blog\/wp-content\/uploads\/2015\/08\/nachoape_nuncasozinho_tailandia.jpg 500w, https:\/\/www.mochileiros.com\/blog\/wp-content\/uploads\/2015\/08\/nachoape_nuncasozinho_tailandia-300x225.jpg 300w, https:\/\/www.mochileiros.com\/blog\/wp-content\/uploads\/2015\/08\/nachoape_nuncasozinho_tailandia-313x235.jpg 313w, https:\/\/www.mochileiros.com\/blog\/wp-content\/uploads\/2015\/08\/nachoape_nuncasozinho_tailandia-20x15.jpg 20w\" sizes=\"auto, (max-width: 500px) 100vw, 500px\" \/><\/a><p id=\"caption-attachment-16287\" class=\"wp-caption-text\">E num \u00f4nibus tailand\u00eas, uma mensagem para levar durante a viagem | Foto: Arquivo pessoal.<\/p><\/div>\n<p><em>Com informa\u00e7\u00f5es de Milenio.com e Earth Wide Walk.<\/em><\/p>\n","protected":false},"excerpt":{"rendered":"<p>Ignacio Dean, ou Nacho Dean, um espanhol de 34 anos, partiu de Madri rumo ao mundo&#8230; a p\u00e9. E, a p\u00e9, ele cruzou a Europa em quatro meses; desceu para a \u00c1sia pelo litoral do Mar C\u00e1spio e seguiu pela \u00cdndia at\u00e9 a Indon\u00e9sia; cruzou a Austr\u00e1lia e l\u00e1 tomou um avi\u00e3o para o Chile, [&hellip;]<\/p>\n","protected":false},"author":2,"featured_media":16289,"comment_status":"open","ping_status":"closed","sticky":false,"template":"","format":"standard","meta":{"googlesitekit_rrm_CAoiELM5mIOjYRN0nfylq3_9r-8:productID":"","_crdt_document":"","_daim_seo_power":"","_daim_enable_ail":"","footnotes":""},"categories":[168],"tags":[1206,1126,1246],"class_list":["post-16272","post","type-post","status-publish","format-standard","has-post-thumbnail","hentry","category-blog","tag-historias-inspiradoras","tag-volta-ao-mundo","tag-volta-ao-mundo-a-pe"],"_links":{"self":[{"href":"https:\/\/www.mochileiros.com\/blog\/wp-json\/wp\/v2\/posts\/16272","targetHints":{"allow":["GET"]}}],"collection":[{"href":"https:\/\/www.mochileiros.com\/blog\/wp-json\/wp\/v2\/posts"}],"about":[{"href":"https:\/\/www.mochileiros.com\/blog\/wp-json\/wp\/v2\/types\/post"}],"author":[{"embeddable":true,"href":"https:\/\/www.mochileiros.com\/blog\/wp-json\/wp\/v2\/users\/2"}],"replies":[{"embeddable":true,"href":"https:\/\/www.mochileiros.com\/blog\/wp-json\/wp\/v2\/comments?post=16272"}],"version-history":[{"count":0,"href":"https:\/\/www.mochileiros.com\/blog\/wp-json\/wp\/v2\/posts\/16272\/revisions"}],"wp:featuredmedia":[{"embeddable":true,"href":"https:\/\/www.mochileiros.com\/blog\/wp-json\/wp\/v2\/media\/16289"}],"wp:attachment":[{"href":"https:\/\/www.mochileiros.com\/blog\/wp-json\/wp\/v2\/media?parent=16272"}],"wp:term":[{"taxonomy":"category","embeddable":true,"href":"https:\/\/www.mochileiros.com\/blog\/wp-json\/wp\/v2\/categories?post=16272"},{"taxonomy":"post_tag","embeddable":true,"href":"https:\/\/www.mochileiros.com\/blog\/wp-json\/wp\/v2\/tags?post=16272"}],"curies":[{"name":"wp","href":"https:\/\/api.w.org\/{rel}","templated":true}]}}