{"id":16548,"date":"2015-09-21T18:30:34","date_gmt":"2015-09-21T21:30:34","guid":{"rendered":"https:\/\/www.mochileiros.com\/blog\/?p=16548"},"modified":"2015-11-17T04:16:52","modified_gmt":"2015-11-17T07:16:52","slug":"turistas-impedem-tartarugas-em-risco-de-extincao-de-desovar-em-reserva-natural","status":"publish","type":"post","link":"https:\/\/www.mochileiros.com\/blog\/turistas-impedem-tartarugas-em-risco-de-extincao-de-desovar-em-reserva-natural","title":{"rendered":"Turistas impedem tartarugas em risco de extin\u00e7\u00e3o de desovar em reserva natural"},"content":{"rendered":"<p style=\"text-align: justify;\"><a href=\"https:\/\/www.mochileiros.com\/blog\/noticias\/turistas-impedem-tartarugas-em-risco-de-extincao-de-desovar-em-reserva-natural\/attachment\/tartarugaseturistas01\" rel=\"attachment wp-att-16550\"><img loading=\"lazy\" decoding=\"async\" class=\"size-full wp-image-16550 aligncenter\" src=\"https:\/\/www.mochileiros.com\/blog\/wp-content\/uploads\/2015\/09\/tartarugaseturistas01.jpg\" alt=\"\" width=\"960\" height=\"620\" srcset=\"https:\/\/www.mochileiros.com\/blog\/wp-content\/uploads\/2015\/09\/tartarugaseturistas01.jpg 960w, https:\/\/www.mochileiros.com\/blog\/wp-content\/uploads\/2015\/09\/tartarugaseturistas01-300x194.jpg 300w, https:\/\/www.mochileiros.com\/blog\/wp-content\/uploads\/2015\/09\/tartarugaseturistas01-1024x661.jpg 1024w, https:\/\/www.mochileiros.com\/blog\/wp-content\/uploads\/2015\/09\/tartarugaseturistas01-768x496.jpg 768w, https:\/\/www.mochileiros.com\/blog\/wp-content\/uploads\/2015\/09\/tartarugaseturistas01-1536x992.jpg 1536w, https:\/\/www.mochileiros.com\/blog\/wp-content\/uploads\/2015\/09\/tartarugaseturistas01-2048x1323.jpg 2048w, https:\/\/www.mochileiros.com\/blog\/wp-content\/uploads\/2015\/09\/tartarugaseturistas01-232x150.jpg 232w, https:\/\/www.mochileiros.com\/blog\/wp-content\/uploads\/2015\/09\/tartarugaseturistas01-100x65.jpg 100w, https:\/\/www.mochileiros.com\/blog\/wp-content\/uploads\/2015\/09\/tartarugaseturistas01-542x350.jpg 542w, https:\/\/www.mochileiros.com\/blog\/wp-content\/uploads\/2015\/09\/tartarugaseturistas01-788x508.jpg 788w, https:\/\/www.mochileiros.com\/blog\/wp-content\/uploads\/2015\/09\/tartarugaseturistas01-313x202.jpg 313w, https:\/\/www.mochileiros.com\/blog\/wp-content\/uploads\/2015\/09\/tartarugaseturistas01-20x13.jpg 20w\" sizes=\"auto, (max-width: 960px) 100vw, 960px\" \/><\/a><\/p>\n<p style=\"text-align: justify;\">A cena \u00e9 triste. Centenas de turistas encheram as praias da <span style=\"text-decoration: underline;\"><a href=\"http:\/\/www.sinac.go.cr\/AC\/ACT\/RVSOstional\/Paginas\/default.aspx\" target=\"_blank\" rel=\"noopener\">Reserva de Vida Silvestre\u00a0Ostional<\/a><\/span>, no Estado de Guanacaste, na\u00a0Costa Rica, impedindo as tartarugas marinhas de botarem seus ovos no local. Como se n\u00e3o bastasse a simples presen\u00e7a em massa dos &#8216;humanos&#8217;, eles tocaram os animais, pisaram em seus ninhos, fizeram fotos com flash e alguns inclusive colocaram seus filhos sobre as tartarugas para tirarem fotos.<br \/>\nMuitas das tartarugas voltaram ao mar sem colocarem os ovos e portanto, sem a possibilidade de reproduzirem-se o que \u00e9 especialmente grave, levando-se em conta que essa esp\u00e9cie, a <span style=\"text-decoration: underline;\"><a href=\"https:\/\/pt.wikipedia.org\/wiki\/Tartaruga-de-kemp\" target=\"_blank\" rel=\"noopener\">Lora<\/a><\/span>, \u00e9 classificada como vulner\u00e1vel.<br \/>\n&#8220;Era tanta gente na praia que as tartarugas trope\u00e7avam nas pessoas e algumas voltaram ao mar sem concretizar o processo de nidifica\u00e7\u00e3o. Isso sem d\u00favida \u00e9 um impacto negativo&#8221;, afirmou um integrante do Minist\u00e9rio do Meio Ambiente local em publica\u00e7\u00e3o feita no jornal argentino, La Capital.<br \/>\n<a href=\"https:\/\/www.mochileiros.com\/blog\/noticias\/turistas-impedem-tartarugas-em-risco-de-extincao-de-desovar-em-reserva-natural\/attachment\/tartarugaseturistas07\" rel=\"attachment wp-att-16551\"><img loading=\"lazy\" decoding=\"async\" class=\"size-full wp-image-16551 aligncenter\" src=\"https:\/\/www.mochileiros.com\/blog\/wp-content\/uploads\/2015\/09\/tartarugaseturistas07.jpg\" alt=\"Foto: SITRAMINAE.\" width=\"720\" height=\"405\" srcset=\"https:\/\/www.mochileiros.com\/blog\/wp-content\/uploads\/2015\/09\/tartarugaseturistas07.jpg 720w, https:\/\/www.mochileiros.com\/blog\/wp-content\/uploads\/2015\/09\/tartarugaseturistas07-300x169.jpg 300w, https:\/\/www.mochileiros.com\/blog\/wp-content\/uploads\/2015\/09\/tartarugaseturistas07-313x176.jpg 313w, https:\/\/www.mochileiros.com\/blog\/wp-content\/uploads\/2015\/09\/tartarugaseturistas07-20x11.jpg 20w\" sizes=\"auto, (max-width: 720px) 100vw, 720px\" \/><\/a><\/p>\n<p>Foto: SITRAMINAE.<\/p>\n<p style=\"text-align: justify;\">Todos os meses as praias da reserva\u00a0recebem a visita massiva de Tartarugas Lora, o que \u00e9 chamado de &#8220;arribada&#8221;, mas desta vez, v\u00e1rios fatores como promo\u00e7\u00e3o atrav\u00e9s das redes sociais e condi\u00e7\u00f5es clim\u00e1ticas favor\u00e1veis levaram a um descontrole tur\u00edstico. Segundo a publica\u00e7\u00e3o, o processo foi prejudicado tamb\u00e9m porque as pessoas ingressaram \u00e0 praia sem guia, o que \u00e9 proibido.<br \/>\nAs autoridades asseguraram que j\u00e1 est\u00e3o tomando medidas para que a situa\u00e7\u00e3o n\u00e3o volte a ocorrer.<br \/>\nO espet\u00e1culo de insensibilidade e ignor\u00e2ncia por parte dos visitantes e de neglig\u00eancia das autoridades competentes\u00a0ocorreu na semana passada.<\/p>\n<div id=\"attachment_16552\" style=\"width: 730px\" class=\"wp-caption aligncenter\"><a href=\"https:\/\/www.mochileiros.com\/blog\/noticias\/turistas-impedem-tartarugas-em-risco-de-extincao-de-desovar-em-reserva-natural\/attachment\/tartarugaseturistas06\" rel=\"attachment wp-att-16552\"><img loading=\"lazy\" decoding=\"async\" aria-describedby=\"caption-attachment-16552\" class=\"size-full wp-image-16552\" src=\"https:\/\/www.mochileiros.com\/blog\/wp-content\/uploads\/2015\/09\/tartarugaseturistas06.jpg\" alt=\"Foto: SITRAMINAE.\" width=\"720\" height=\"405\" srcset=\"https:\/\/www.mochileiros.com\/blog\/wp-content\/uploads\/2015\/09\/tartarugaseturistas06.jpg 720w, https:\/\/www.mochileiros.com\/blog\/wp-content\/uploads\/2015\/09\/tartarugaseturistas06-300x169.jpg 300w, https:\/\/www.mochileiros.com\/blog\/wp-content\/uploads\/2015\/09\/tartarugaseturistas06-313x176.jpg 313w, https:\/\/www.mochileiros.com\/blog\/wp-content\/uploads\/2015\/09\/tartarugaseturistas06-20x11.jpg 20w\" sizes=\"auto, (max-width: 720px) 100vw, 720px\" \/><\/a><p id=\"caption-attachment-16552\" class=\"wp-caption-text\">Foto: SITRAMINAE.<\/p><\/div>\n<div id=\"attachment_16553\" style=\"width: 730px\" class=\"wp-caption aligncenter\"><a href=\"https:\/\/www.mochileiros.com\/blog\/noticias\/turistas-impedem-tartarugas-em-risco-de-extincao-de-desovar-em-reserva-natural\/attachment\/tartarugaseturistas05\" rel=\"attachment wp-att-16553\"><img loading=\"lazy\" decoding=\"async\" aria-describedby=\"caption-attachment-16553\" class=\"size-full wp-image-16553\" src=\"https:\/\/www.mochileiros.com\/blog\/wp-content\/uploads\/2015\/09\/tartarugaseturistas05.jpg\" alt=\"Foto: SITRAMINAE.\" width=\"720\" height=\"463\" srcset=\"https:\/\/www.mochileiros.com\/blog\/wp-content\/uploads\/2015\/09\/tartarugaseturistas05.jpg 720w, https:\/\/www.mochileiros.com\/blog\/wp-content\/uploads\/2015\/09\/tartarugaseturistas05-300x193.jpg 300w, https:\/\/www.mochileiros.com\/blog\/wp-content\/uploads\/2015\/09\/tartarugaseturistas05-313x201.jpg 313w, https:\/\/www.mochileiros.com\/blog\/wp-content\/uploads\/2015\/09\/tartarugaseturistas05-20x13.jpg 20w\" sizes=\"auto, (max-width: 720px) 100vw, 720px\" \/><\/a><p id=\"caption-attachment-16553\" class=\"wp-caption-text\">Foto: SITRAMINAE.<\/p><\/div>\n<div id=\"attachment_16554\" style=\"width: 730px\" class=\"wp-caption aligncenter\"><a href=\"https:\/\/www.mochileiros.com\/blog\/noticias\/turistas-impedem-tartarugas-em-risco-de-extincao-de-desovar-em-reserva-natural\/attachment\/tartarugaseturistas04\" rel=\"attachment wp-att-16554\"><img loading=\"lazy\" decoding=\"async\" aria-describedby=\"caption-attachment-16554\" class=\"size-full wp-image-16554\" src=\"https:\/\/www.mochileiros.com\/blog\/wp-content\/uploads\/2015\/09\/tartarugaseturistas04.jpg\" alt=\"Foto: SITRAMINAE.\" width=\"720\" height=\"405\" srcset=\"https:\/\/www.mochileiros.com\/blog\/wp-content\/uploads\/2015\/09\/tartarugaseturistas04.jpg 720w, https:\/\/www.mochileiros.com\/blog\/wp-content\/uploads\/2015\/09\/tartarugaseturistas04-300x169.jpg 300w, https:\/\/www.mochileiros.com\/blog\/wp-content\/uploads\/2015\/09\/tartarugaseturistas04-313x176.jpg 313w, https:\/\/www.mochileiros.com\/blog\/wp-content\/uploads\/2015\/09\/tartarugaseturistas04-20x11.jpg 20w\" sizes=\"auto, (max-width: 720px) 100vw, 720px\" \/><\/a><p id=\"caption-attachment-16554\" class=\"wp-caption-text\">Foto: SITRAMINAE.<\/p><\/div>\n<div id=\"attachment_16555\" style=\"width: 730px\" class=\"wp-caption aligncenter\"><a href=\"https:\/\/www.mochileiros.com\/blog\/noticias\/turistas-impedem-tartarugas-em-risco-de-extincao-de-desovar-em-reserva-natural\/attachment\/tartarugaseturistas03\" rel=\"attachment wp-att-16555\"><img loading=\"lazy\" decoding=\"async\" aria-describedby=\"caption-attachment-16555\" class=\"size-full wp-image-16555\" src=\"https:\/\/www.mochileiros.com\/blog\/wp-content\/uploads\/2015\/09\/tartarugaseturistas03.jpg\" alt=\"Foto: SITRAMINAE.\" width=\"720\" height=\"292\" srcset=\"https:\/\/www.mochileiros.com\/blog\/wp-content\/uploads\/2015\/09\/tartarugaseturistas03.jpg 720w, https:\/\/www.mochileiros.com\/blog\/wp-content\/uploads\/2015\/09\/tartarugaseturistas03-300x122.jpg 300w, https:\/\/www.mochileiros.com\/blog\/wp-content\/uploads\/2015\/09\/tartarugaseturistas03-313x127.jpg 313w, https:\/\/www.mochileiros.com\/blog\/wp-content\/uploads\/2015\/09\/tartarugaseturistas03-20x8.jpg 20w\" sizes=\"auto, (max-width: 720px) 100vw, 720px\" \/><\/a><p id=\"caption-attachment-16555\" class=\"wp-caption-text\">Foto: SITRAMINAE.<\/p><\/div>\n<p>Quem deseja se aprofundar no tema, <span style=\"text-decoration: underline;\"><a href=\"https:\/\/medium.com\/@delfinomachin\/ostional-perspectiva-y-contexto-95c4a7e37efa\" target=\"_blank\" rel=\"noopener\">aqui<\/a><\/span> h\u00e1 um texto (em espanhol) bastante completo e interessante sobre.<\/p>\n<p style=\"text-align: justify;\"><em>Fotos: <span style=\"text-decoration: underline;\"><a href=\"http:\/\/www.sitraminae.org\/\" target=\"_blank\" rel=\"noopener\">SITRAMINAE<\/a><\/span> (Sindicado de Trabajadores de\u00a0Minist\u00e9rio de Ambiente y Energia).<\/em><\/p>\n","protected":false},"excerpt":{"rendered":"<p>A cena \u00e9 triste. Centenas de turistas encheram as praias da Reserva de Vida Silvestre\u00a0Ostional, no Estado de Guanacaste, na\u00a0Costa Rica, impedindo as tartarugas marinhas de botarem seus ovos no local. Como se n\u00e3o bastasse a simples presen\u00e7a em massa dos &#8216;humanos&#8217;, eles tocaram os animais, pisaram em seus ninhos, fizeram fotos com flash e [&hellip;]<\/p>\n","protected":false},"author":2,"featured_media":16550,"comment_status":"open","ping_status":"closed","sticky":false,"template":"","format":"standard","meta":{"googlesitekit_rrm_CAoiELM5mIOjYRN0nfylq3_9r-8:productID":"","_crdt_document":"","_daim_seo_power":"","_daim_enable_ail":"","footnotes":""},"categories":[14],"tags":[125,1202],"class_list":["post-16548","post","type-post","status-publish","format-standard","has-post-thumbnail","hentry","category-noticias","tag-costa-rica","tag-super-destaque"],"_links":{"self":[{"href":"https:\/\/www.mochileiros.com\/blog\/wp-json\/wp\/v2\/posts\/16548","targetHints":{"allow":["GET"]}}],"collection":[{"href":"https:\/\/www.mochileiros.com\/blog\/wp-json\/wp\/v2\/posts"}],"about":[{"href":"https:\/\/www.mochileiros.com\/blog\/wp-json\/wp\/v2\/types\/post"}],"author":[{"embeddable":true,"href":"https:\/\/www.mochileiros.com\/blog\/wp-json\/wp\/v2\/users\/2"}],"replies":[{"embeddable":true,"href":"https:\/\/www.mochileiros.com\/blog\/wp-json\/wp\/v2\/comments?post=16548"}],"version-history":[{"count":0,"href":"https:\/\/www.mochileiros.com\/blog\/wp-json\/wp\/v2\/posts\/16548\/revisions"}],"wp:featuredmedia":[{"embeddable":true,"href":"https:\/\/www.mochileiros.com\/blog\/wp-json\/wp\/v2\/media\/16550"}],"wp:attachment":[{"href":"https:\/\/www.mochileiros.com\/blog\/wp-json\/wp\/v2\/media?parent=16548"}],"wp:term":[{"taxonomy":"category","embeddable":true,"href":"https:\/\/www.mochileiros.com\/blog\/wp-json\/wp\/v2\/categories?post=16548"},{"taxonomy":"post_tag","embeddable":true,"href":"https:\/\/www.mochileiros.com\/blog\/wp-json\/wp\/v2\/tags?post=16548"}],"curies":[{"name":"wp","href":"https:\/\/api.w.org\/{rel}","templated":true}]}}