{"id":16990,"date":"2015-12-11T15:38:57","date_gmt":"2015-12-11T18:38:57","guid":{"rendered":"https:\/\/www.mochileiros.com\/blog\/?p=16990"},"modified":"2018-12-20T01:43:31","modified_gmt":"2018-12-20T04:43:31","slug":"fotografo-mostra-coreia-do-norte-em-primeiro-video-360o-gravado-no-pais","status":"publish","type":"post","link":"https:\/\/www.mochileiros.com\/blog\/fotografo-mostra-coreia-do-norte-em-primeiro-video-360o-gravado-no-pais","title":{"rendered":"Fot\u00f3grafo mostra Coreia do Norte em primeiro v\u00eddeo 360\u00ba gravado no pa\u00eds"},"content":{"rendered":"<p style=\"text-align: justify;\">[Post atualizado em 18\/10\/2017<span style=\"color: #ff0000;\">*<\/span>]<br \/>\nDesde mar\u00e7o de 2015 o YouTube suporta v\u00eddeos em 360 graus. Utilizando o navegador Google Chrome* o usu\u00e1rio pode, passando o mouse ou utilizando setas de navega\u00e7\u00e3o no canto superior esquerdo do v\u00eddeo, mover a imagem para o ponto de vista que quiser. Confesso que, para mim, foi novidade &#8211; s\u00f3 descobri isso hoje e, foi logo para ter acesso a cen\u00e1rios de um destino que gera bastante curiosidade em qualquer viajante que se preze: a Coreia do Norte.<br \/>\nO primeiro v\u00eddeo em 360 graus (publicado no YouTube) sobre o pa\u00eds \u00e9 um projeto independente do fot\u00f3grafo singapuriano, Aram Pan.<br \/>\nO site que fala sobre o projeto, diz que o trabalho quer mostrar o pa\u00eds atrav\u00e9s da fotografia sem tratar de qualquer passado ou quest\u00f5es pol\u00edticas (bem como este post). &#8220;O objetivo deste projeto \u00e9 estimular a compreens\u00e3o do pa\u00eds e descobrir os mist\u00e9rios que estavam escondidos&#8221;.<br \/>\nDepois de uma s\u00e9rie de emails e faxes solicitando autoriza\u00e7\u00e3o para registrar um pouco do pa\u00eds, Pan desembarcou por l\u00e1 e publicou as imagens que voc\u00ea confere\u00a0abaixo:<\/p>\n<p><iframe loading=\"lazy\" width=\"740\" height=\"416\" src=\"https:\/\/www.youtube.com\/embed\/7Xim9GEbchw?feature=oembed\" frameborder=\"0\" allow=\"autoplay; encrypted-media\" allowfullscreen><\/iframe><\/p>\n<p style=\"text-align: justify;\">No canal do fot\u00f3grafo no YouTube h\u00e1 outros v\u00eddeos, nem todos em 360\u00ba, como os abaixo, \u00a0com algumas experi\u00eancias gastron\u00f4micas na Coreia do Norte e que segundo ele n\u00e3o est\u00e3o no itiner\u00e1rio tur\u00edstico regular.<\/p>\n<p><iframe loading=\"lazy\" width=\"740\" height=\"416\" src=\"https:\/\/www.youtube.com\/embed\/UsxAUyVet8A?feature=oembed\" frameborder=\"0\" allow=\"autoplay; encrypted-media\" allowfullscreen><\/iframe><\/p>\n<p style=\"text-align: justify;\">Um city tour por\u00a0Pyongyang, a capital da &#8216;Rep\u00fablica Popular Democr\u00e1tica da Coreia&#8217; e&#8230;<\/p>\n<p><iframe loading=\"lazy\" width=\"740\" height=\"416\" src=\"https:\/\/www.youtube.com\/embed\/D4hLctBvojE?feature=oembed\" frameborder=\"0\" allow=\"autoplay; encrypted-media\" allowfullscreen><\/iframe><\/p>\n<p>o sobrevoo da cidade num ultraleve constru\u00eddo no pa\u00eds.<\/p>\n<p><iframe loading=\"lazy\" width=\"740\" height=\"416\" src=\"https:\/\/www.youtube.com\/embed\/GKwGyIvw5cI?feature=oembed\" frameborder=\"0\" allow=\"autoplay; encrypted-media\" allowfullscreen><\/iframe><\/p>\n<p>Para saber mais sobre o projeto\u00a0voc\u00ea pode acessar <a href=\"http:\/\/www.dprk360.com\/index.htm\" target=\"_blank\" rel=\"noopener\">o site<\/a>, <a href=\"https:\/\/www.youtube.com\/user\/arampan\/videos\" target=\"_blank\" rel=\"noopener\">o canal<\/a> e ou a <a href=\"https:\/\/www.facebook.com\/dprk360\" target=\"_blank\" rel=\"noopener\">fanpage<\/a> no Facebook.<\/p>\n<p><span style=\"color: #ff0000;\"><strong>*<\/strong><\/span> No dia 18\/10\/2017 o site\u00a0da organiza\u00e7\u00e3o NKNews.org (que tem como objetivo disponibilizar dados acad\u00eamicos e profissionais sobre a Coreia do Norte) publicou outro v\u00eddeo feito por Aram Pan e uma entrevista com o fot\u00f3grafo. O v\u00eddeo voc\u00ea pode conferir abaixo e a entrevista (em ingl\u00eas), <a href=\"https:\/\/www.nknews.org\/gallery\/come-fly-with-me-an-exclusive-360-birds-eye-look-at-pyongyang\/\" target=\"_blank\" rel=\"noopener\">aqui<\/a>.<\/p>\n<p><iframe loading=\"lazy\" width=\"740\" height=\"416\" src=\"https:\/\/www.youtube.com\/embed\/S44YKdc3G3U?feature=oembed\" frameborder=\"0\" allow=\"autoplay; encrypted-media\" allowfullscreen><\/iframe><\/p>\n<p>&nbsp;<\/p>\n<h3 style=\"text-align: justify;\">Mais sobre a Coreia do Norte<\/h3>\n<p style=\"text-align: justify;\">Por <span style=\"text-decoration: underline;\"><a href=\"https:\/\/www.mochileiros.com\/blog\/blog\/fotografa-francesa-faz-imagens-ineditas-da-capital-da-coreia-do-norte\" target=\"_blank\" rel=\"noopener\">aqui<\/a><\/span> tamb\u00e9m mostramos o trabalho da fot\u00f3grafa francesa, Helene Veilleux, com belas e curiosas fotos da capital norte coreana.<br \/>\nInforma\u00e7\u00f5es sobre o pa\u00eds\u00a0no Mochileiros.com\u00a0podem ser encontradas <a href=\"https:\/\/www.mochileiros.com\/search\/?q=coreia%20do%20norte&amp;fromCSE=1\" target=\"_blank\" rel=\"noopener\"><span style=\"text-decoration: underline;\">aqui<\/span><\/a>.<br \/>\nTamb\u00e9m h\u00e1 algumas informa\u00e7\u00f5es no <span style=\"text-decoration: underline;\"><a href=\"http:\/\/pyongyang.itamaraty.gov.br\/pt-br\/\" target=\"_blank\" rel=\"noopener\">site da Embaixada do Brasil em Pyongyang<\/a><\/span>, na <span style=\"text-decoration: underline;\"><a href=\"http:\/\/www.korea-dpr.com\/\" target=\"_blank\" rel=\"noopener\">p\u00e1gina da Associa\u00e7\u00e3o de Amizade com a Coreia<\/a><\/span> (mantida em colabora\u00e7\u00e3o com o Comit\u00ea para as rela\u00e7\u00f5es culturais com os pa\u00edses estrangeiros) e no <span style=\"text-decoration: underline;\"><a href=\"http:\/\/naenara.com.kp\/en\/\" target=\"_blank\" rel=\"noopener\">portal oficial do governo norte coreano<\/a><\/span>. (As duas \u00faltimas, em ingl\u00eas).<\/p>\n<p style=\"text-align: justify;\"><em>A imagem da home (que traz at\u00e9 este post) \u00e9 do detalhe de um dos monumentos de Pyongyang. Foto de Gilad Rom.<\/em><\/p>\n<p style=\"text-align: justify;\">*Tentei no navegador Mozilla Firefox, mas o 360 graus n\u00e3o funcionou.<\/p>\n<p style=\"text-align: justify;\"><strong>NOTA:<\/strong> H\u00e1 \u00a0muita controv\u00e9rsia sobre quaisquer imagens feitas na Coreia do Norte. Muitos dizem que o que aparece por a\u00ed s\u00e3o cenas e situa\u00e7\u00f5es &#8220;maquiadas&#8221; e ou autorizadas a serem divulgadas, propositalmente, pelo governo\u00a0de Kim Jong-un.<br \/>\nNo dia 22\/02\/2016 por exemplo, a Band publicou imagens feitas pelo fot\u00f3grafo <span style=\"text-decoration: underline;\">Eric Lafforgue<\/span>, que mostram um pouco das dificuldades vividas pelos norte coreanos. Confira <span style=\"text-decoration: underline;\"><a href=\"http:\/\/noticias.band.uol.com.br\/mundo\/galeria\/?id=10000010752&amp;t=fotos-proibidas-da-coreia-do-norte\" target=\"_blank\" rel=\"noopener\">aqui<\/a><\/span>.<\/p>\n","protected":false},"excerpt":{"rendered":"<p>[Post atualizado em 18\/10\/2017*] Desde mar\u00e7o de 2015 o YouTube suporta v\u00eddeos em 360 graus. Utilizando o navegador Google Chrome* o usu\u00e1rio pode, passando o mouse ou utilizando setas de navega\u00e7\u00e3o no canto superior esquerdo do v\u00eddeo, mover a imagem para o ponto de vista que quiser. Confesso que, para mim, foi novidade &#8211; s\u00f3 [&hellip;]<\/p>\n","protected":false},"author":2,"featured_media":16996,"comment_status":"open","ping_status":"closed","sticky":false,"template":"","format":"standard","meta":{"googlesitekit_rrm_CAoiELM5mIOjYRN0nfylq3_9r-8:productID":"","_crdt_document":"","_daim_seo_power":"","_daim_enable_ail":"","footnotes":""},"categories":[168],"tags":[1198],"class_list":["post-16990","post","type-post","status-publish","format-standard","has-post-thumbnail","hentry","category-blog","tag-coreia-do-norte"],"_links":{"self":[{"href":"https:\/\/www.mochileiros.com\/blog\/wp-json\/wp\/v2\/posts\/16990","targetHints":{"allow":["GET"]}}],"collection":[{"href":"https:\/\/www.mochileiros.com\/blog\/wp-json\/wp\/v2\/posts"}],"about":[{"href":"https:\/\/www.mochileiros.com\/blog\/wp-json\/wp\/v2\/types\/post"}],"author":[{"embeddable":true,"href":"https:\/\/www.mochileiros.com\/blog\/wp-json\/wp\/v2\/users\/2"}],"replies":[{"embeddable":true,"href":"https:\/\/www.mochileiros.com\/blog\/wp-json\/wp\/v2\/comments?post=16990"}],"version-history":[{"count":0,"href":"https:\/\/www.mochileiros.com\/blog\/wp-json\/wp\/v2\/posts\/16990\/revisions"}],"wp:featuredmedia":[{"embeddable":true,"href":"https:\/\/www.mochileiros.com\/blog\/wp-json\/wp\/v2\/media\/16996"}],"wp:attachment":[{"href":"https:\/\/www.mochileiros.com\/blog\/wp-json\/wp\/v2\/media?parent=16990"}],"wp:term":[{"taxonomy":"category","embeddable":true,"href":"https:\/\/www.mochileiros.com\/blog\/wp-json\/wp\/v2\/categories?post=16990"},{"taxonomy":"post_tag","embeddable":true,"href":"https:\/\/www.mochileiros.com\/blog\/wp-json\/wp\/v2\/tags?post=16990"}],"curies":[{"name":"wp","href":"https:\/\/api.w.org\/{rel}","templated":true}]}}