{"id":17242,"date":"2016-01-25T16:59:13","date_gmt":"2016-01-25T19:59:13","guid":{"rendered":"https:\/\/www.mochileiros.com\/blog\/?p=17242"},"modified":"2017-09-22T17:33:32","modified_gmt":"2017-09-22T20:33:32","slug":"casal-americano-vive-numa-van","status":"publish","type":"post","link":"https:\/\/www.mochileiros.com\/blog\/casal-americano-vive-numa-van","title":{"rendered":"Casal americano vive numa van &#8220;casa-escrit\u00f3rio&#8221;"},"content":{"rendered":"<p style=\"text-align: justify;\">Janna e John t\u00eam bons empregos, viviam em um belo apartamento, tinham grandes amigos sempre por perto, mas faltava-lhes realizar o sonho de conhecer o mundo. Depois de anos postergando a grande aventura, o casal de americanos investiu numa Van Dodge Sprinter (ano 2009) e come\u00e7ou a rodar o pa\u00eds. &#8220;N\u00f3s j\u00e1 convers\u00e1vamos sobre fazer algo assim [uma roadtrip] h\u00e1 muito tempo e percebemos que se n\u00e3o o fiz\u00e9ssemos, isso acabaria gerando arrependimento e n\u00e3o uma cole\u00e7\u00e3o de hist\u00f3rias e experi\u00eancias incr\u00edveis&#8221;, contam no blog que mant\u00e9m, o Van Ventures Journal.<\/p>\n<div id=\"attachment_17245\" style=\"width: 705px\" class=\"wp-caption aligncenter\"><a href=\"https:\/\/www.mochileiros.com\/blog\/blog\/casal-americano-vive-numa-van\/attachment\/americanosnavan00\" rel=\"attachment wp-att-17245\"><img loading=\"lazy\" decoding=\"async\" aria-describedby=\"caption-attachment-17245\" class=\"size-full wp-image-17245\" src=\"https:\/\/www.mochileiros.com\/blog\/wp-content\/uploads\/2016\/01\/americanosnavan00.jpg\" alt=\"Foto: Reprodu\u00e7\u00e3o Instagram.\" width=\"695\" height=\"461\" srcset=\"https:\/\/www.mochileiros.com\/blog\/wp-content\/uploads\/2016\/01\/americanosnavan00.jpg 695w, https:\/\/www.mochileiros.com\/blog\/wp-content\/uploads\/2016\/01\/americanosnavan00-300x199.jpg 300w, https:\/\/www.mochileiros.com\/blog\/wp-content\/uploads\/2016\/01\/americanosnavan00-1024x679.jpg 1024w, https:\/\/www.mochileiros.com\/blog\/wp-content\/uploads\/2016\/01\/americanosnavan00-767x509.jpg 767w, https:\/\/www.mochileiros.com\/blog\/wp-content\/uploads\/2016\/01\/americanosnavan00-1536x1019.jpg 1536w, https:\/\/www.mochileiros.com\/blog\/wp-content\/uploads\/2016\/01\/americanosnavan00-2048x1358.jpg 2048w, https:\/\/www.mochileiros.com\/blog\/wp-content\/uploads\/2016\/01\/americanosnavan00-226x150.jpg 226w, https:\/\/www.mochileiros.com\/blog\/wp-content\/uploads\/2016\/01\/americanosnavan00-100x66.jpg 100w, https:\/\/www.mochileiros.com\/blog\/wp-content\/uploads\/2016\/01\/americanosnavan00-528x350.jpg 528w, https:\/\/www.mochileiros.com\/blog\/wp-content\/uploads\/2016\/01\/americanosnavan00-788x522.jpg 788w, https:\/\/www.mochileiros.com\/blog\/wp-content\/uploads\/2016\/01\/americanosnavan00-313x208.jpg 313w, https:\/\/www.mochileiros.com\/blog\/wp-content\/uploads\/2016\/01\/americanosnavan00-20x13.jpg 20w\" sizes=\"auto, (max-width: 695px) 100vw, 695px\" \/><\/a><p id=\"caption-attachment-17245\" class=\"wp-caption-text\">Foto: Reprodu\u00e7\u00e3o Instagram.<\/p><\/div>\n<p style=\"text-align: justify;\">Depois de comprarem a van, Janna e Jonh dedicaram os finais de semana e horas depois do trabalho para adapt\u00e1-la. A hoje &#8220;casa-escrit\u00f3rio&#8221; da dupla recebeu pisos laminados e pain\u00e9is de cedro; cama, arm\u00e1rios, cozinha, al\u00e9m de pain\u00e9is solares no teto.<\/p>\n<div id=\"attachment_17246\" style=\"width: 810px\" class=\"wp-caption aligncenter\"><a href=\"https:\/\/www.mochileiros.com\/blog\/blog\/casal-americano-vive-numa-van\/attachment\/americanosnavan07\" rel=\"attachment wp-att-17246\"><img loading=\"lazy\" decoding=\"async\" aria-describedby=\"caption-attachment-17246\" class=\"size-full wp-image-17246\" src=\"https:\/\/www.mochileiros.com\/blog\/wp-content\/uploads\/2016\/01\/americanosnavan07.jpg\" alt=\"Nas horas vagas, dedica\u00e7\u00e3o \u00e0 van | Foto: Reprodu\u00e7\u00e3o Instagram.\" width=\"800\" height=\"406\" srcset=\"https:\/\/www.mochileiros.com\/blog\/wp-content\/uploads\/2016\/01\/americanosnavan07.jpg 800w, https:\/\/www.mochileiros.com\/blog\/wp-content\/uploads\/2016\/01\/americanosnavan07-300x152.jpg 300w, https:\/\/www.mochileiros.com\/blog\/wp-content\/uploads\/2016\/01\/americanosnavan07-768x390.jpg 768w, https:\/\/www.mochileiros.com\/blog\/wp-content\/uploads\/2016\/01\/americanosnavan07-313x159.jpg 313w, https:\/\/www.mochileiros.com\/blog\/wp-content\/uploads\/2016\/01\/americanosnavan07-20x10.jpg 20w\" sizes=\"auto, (max-width: 800px) 100vw, 800px\" \/><\/a><p id=\"caption-attachment-17246\" class=\"wp-caption-text\">Nas horas vagas, dedica\u00e7\u00e3o \u00e0 van | Foto: Reprodu\u00e7\u00e3o Instagram.<\/p><\/div>\n<p style=\"text-align: justify;\">Eles dizem que por vezes, foi um trabalho cansativo, mas que valeu a pena. E lembram do inesquec\u00edvel sentimento de ver a van pronta e da devolu\u00e7\u00e3o das chaves do apartamento que alugavam. &#8220;Parecia que um enorme peso nos tinha sido tirado e n\u00f3s eramos livres. Eu chorei&#8221;, conta Janna.<\/p>\n<p style=\"text-align: justify;\"><strong>O trabalho continua. Na van, on the road<\/strong><br \/>\nPara equilibrar trabalho e a vida na estrada, inicialmente eles tiraram dois meses de licen\u00e7a. Ao voltarem \u00e0s suas atividades profissionais\u00a0tiveram que desenvolver uma nova agenda. &#8220;A boa not\u00edcia \u00e9 que estamos atualmente duas horas \u00e0 frente da costa oeste, onde est\u00e3o nossos postos de trabalhos, o que significa que temos duas horas para fazermos o que quisermos antes que nossos colegas de trabalho fiquem online&#8221;.<\/p>\n<div id=\"attachment_17247\" style=\"width: 602px\" class=\"wp-caption aligncenter\"><a href=\"https:\/\/www.mochileiros.com\/blog\/blog\/casal-americano-vive-numa-van\/attachment\/americanosnavan02\" rel=\"attachment wp-att-17247\"><img loading=\"lazy\" decoding=\"async\" aria-describedby=\"caption-attachment-17247\" class=\"size-full wp-image-17247\" src=\"https:\/\/www.mochileiros.com\/blog\/wp-content\/uploads\/2016\/01\/americanosnavan02.jpg\" alt=\"Foto: Reprodu\u00e7\u00e3o Instagram.\" width=\"592\" height=\"446\" srcset=\"https:\/\/www.mochileiros.com\/blog\/wp-content\/uploads\/2016\/01\/americanosnavan02.jpg 592w, https:\/\/www.mochileiros.com\/blog\/wp-content\/uploads\/2016\/01\/americanosnavan02-300x226.jpg 300w, https:\/\/www.mochileiros.com\/blog\/wp-content\/uploads\/2016\/01\/americanosnavan02-313x236.jpg 313w, https:\/\/www.mochileiros.com\/blog\/wp-content\/uploads\/2016\/01\/americanosnavan02-20x15.jpg 20w\" sizes=\"auto, (max-width: 592px) 100vw, 592px\" \/><\/a><p id=\"caption-attachment-17247\" class=\"wp-caption-text\">Foto: Reprodu\u00e7\u00e3o Instagram.<\/p><\/div>\n<p>Quando h\u00e1 muito trabalho a se fazer eles t\u00eam que estar sentados com seus computadores olhando para belas paisagens que n\u00e3o podem explorar at\u00e9 que tudo seja feito. Um &#8220;problema&#8221; que voc\u00ea que est\u00e1 lendo este post certamente gostaria de ter.<br \/>\nEmbora prefiram ficar desconectados enquanto est\u00e3o na natureza, eles optaram por colocar Wi-fi na van. &#8220;Isso nos permite n\u00e3o perder tempo tentando encontrar lugares para trabalharmos&#8221;, contam.<\/p>\n<div id=\"attachment_17248\" style=\"width: 605px\" class=\"wp-caption aligncenter\"><a href=\"https:\/\/www.mochileiros.com\/blog\/blog\/casal-americano-vive-numa-van\/attachment\/americanosnavan05\" rel=\"attachment wp-att-17248\"><img loading=\"lazy\" decoding=\"async\" aria-describedby=\"caption-attachment-17248\" class=\"size-full wp-image-17248\" src=\"https:\/\/www.mochileiros.com\/blog\/wp-content\/uploads\/2016\/01\/americanosnavan05.jpg\" alt=\"Foto: Reprodu\u00e7\u00e3o Instagram.\" width=\"595\" height=\"593\" srcset=\"https:\/\/www.mochileiros.com\/blog\/wp-content\/uploads\/2016\/01\/americanosnavan05.jpg 595w, https:\/\/www.mochileiros.com\/blog\/wp-content\/uploads\/2016\/01\/americanosnavan05-150x150.jpg 150w, https:\/\/www.mochileiros.com\/blog\/wp-content\/uploads\/2016\/01\/americanosnavan05-300x300.jpg 300w, https:\/\/www.mochileiros.com\/blog\/wp-content\/uploads\/2016\/01\/americanosnavan05-80x80.jpg 80w, https:\/\/www.mochileiros.com\/blog\/wp-content\/uploads\/2016\/01\/americanosnavan05-350x350.jpg 350w, https:\/\/www.mochileiros.com\/blog\/wp-content\/uploads\/2016\/01\/americanosnavan05-313x312.jpg 313w, https:\/\/www.mochileiros.com\/blog\/wp-content\/uploads\/2016\/01\/americanosnavan05-20x20.jpg 20w\" sizes=\"auto, (max-width: 595px) 100vw, 595px\" \/><\/a><p id=\"caption-attachment-17248\" class=\"wp-caption-text\">Foto: Reprodu\u00e7\u00e3o Instagram.<\/p><\/div>\n<div id=\"attachment_17249\" style=\"width: 606px\" class=\"wp-caption aligncenter\"><a href=\"https:\/\/www.mochileiros.com\/blog\/blog\/casal-americano-vive-numa-van\/attachment\/americanosnavan03\" rel=\"attachment wp-att-17249\"><img loading=\"lazy\" decoding=\"async\" aria-describedby=\"caption-attachment-17249\" class=\"size-full wp-image-17249\" src=\"https:\/\/www.mochileiros.com\/blog\/wp-content\/uploads\/2016\/01\/americanosnavan03.jpg\" alt=\"Foto: Reprodu\u00e7\u00e3o Instagram.\" width=\"596\" height=\"447\" srcset=\"https:\/\/www.mochileiros.com\/blog\/wp-content\/uploads\/2016\/01\/americanosnavan03.jpg 596w, https:\/\/www.mochileiros.com\/blog\/wp-content\/uploads\/2016\/01\/americanosnavan03-300x225.jpg 300w, https:\/\/www.mochileiros.com\/blog\/wp-content\/uploads\/2016\/01\/americanosnavan03-313x235.jpg 313w, https:\/\/www.mochileiros.com\/blog\/wp-content\/uploads\/2016\/01\/americanosnavan03-20x15.jpg 20w\" sizes=\"auto, (max-width: 596px) 100vw, 596px\" \/><\/a><p id=\"caption-attachment-17249\" class=\"wp-caption-text\">Foto: Reprodu\u00e7\u00e3o Instagram.<\/p><\/div>\n<div id=\"attachment_17250\" style=\"width: 602px\" class=\"wp-caption aligncenter\"><a href=\"https:\/\/www.mochileiros.com\/blog\/blog\/casal-americano-vive-numa-van\/attachment\/americanosnavan06\" rel=\"attachment wp-att-17250\"><img loading=\"lazy\" decoding=\"async\" aria-describedby=\"caption-attachment-17250\" class=\"size-full wp-image-17250\" src=\"https:\/\/www.mochileiros.com\/blog\/wp-content\/uploads\/2016\/01\/americanosnavan06.jpg\" alt=\"Foto: Reprodu\u00e7\u00e3o Instagram.\" width=\"592\" height=\"593\" srcset=\"https:\/\/www.mochileiros.com\/blog\/wp-content\/uploads\/2016\/01\/americanosnavan06.jpg 592w, https:\/\/www.mochileiros.com\/blog\/wp-content\/uploads\/2016\/01\/americanosnavan06-150x150.jpg 150w, https:\/\/www.mochileiros.com\/blog\/wp-content\/uploads\/2016\/01\/americanosnavan06-300x300.jpg 300w, https:\/\/www.mochileiros.com\/blog\/wp-content\/uploads\/2016\/01\/americanosnavan06-80x80.jpg 80w, https:\/\/www.mochileiros.com\/blog\/wp-content\/uploads\/2016\/01\/americanosnavan06-350x350.jpg 350w, https:\/\/www.mochileiros.com\/blog\/wp-content\/uploads\/2016\/01\/americanosnavan06-313x314.jpg 313w, https:\/\/www.mochileiros.com\/blog\/wp-content\/uploads\/2016\/01\/americanosnavan06-20x20.jpg 20w\" sizes=\"auto, (max-width: 592px) 100vw, 592px\" \/><\/a><p id=\"caption-attachment-17250\" class=\"wp-caption-text\">Foto: Reprodu\u00e7\u00e3o Instagram.<\/p><\/div>\n<p style=\"text-align: justify;\"><strong>Roteiro e preocupa\u00e7\u00f5es<\/strong><br \/>\nO casal diz que partiu sem nenhum plano elaborado. &#8220;N\u00e3o planejamos mais do que um dia de anteced\u00eancia.&#8221;<br \/>\nQuanto \u00e0s preocupa\u00e7\u00f5es a maior parece ser com seguran\u00e7a &#8220;eu adoraria fingir que sou uma pessoa destemida, mas n\u00e3o sou. \u00c0s vezes estou irracionalmente paranoico quanto a sequestradores e assassinos, ent\u00e3o fico muito ansioso se n\u00e3o encontrarmos um lugar para estacionar a van antes que escure\u00e7a&#8221;, revela John.<\/p>\n<div id=\"attachment_17251\" style=\"width: 605px\" class=\"wp-caption aligncenter\"><a href=\"https:\/\/www.mochileiros.com\/blog\/blog\/casal-americano-vive-numa-van\/attachment\/americanosnavan01\" rel=\"attachment wp-att-17251\"><img loading=\"lazy\" decoding=\"async\" aria-describedby=\"caption-attachment-17251\" class=\"size-full wp-image-17251\" src=\"https:\/\/www.mochileiros.com\/blog\/wp-content\/uploads\/2016\/01\/americanosnavan01.jpg\" alt=\"Foto: Reprodu\u00e7\u00e3o Instagram.\" width=\"595\" height=\"499\" srcset=\"https:\/\/www.mochileiros.com\/blog\/wp-content\/uploads\/2016\/01\/americanosnavan01.jpg 595w, https:\/\/www.mochileiros.com\/blog\/wp-content\/uploads\/2016\/01\/americanosnavan01-300x252.jpg 300w, https:\/\/www.mochileiros.com\/blog\/wp-content\/uploads\/2016\/01\/americanosnavan01-313x262.jpg 313w, https:\/\/www.mochileiros.com\/blog\/wp-content\/uploads\/2016\/01\/americanosnavan01-20x17.jpg 20w\" sizes=\"auto, (max-width: 595px) 100vw, 595px\" \/><\/a><p id=\"caption-attachment-17251\" class=\"wp-caption-text\">Foto: Reprodu\u00e7\u00e3o Instagram.<\/p><\/div>\n<p style=\"text-align: justify;\"><strong>Futuro<\/strong><br \/>\n&#8220;As pessoas nos perguntam se sentimos falta de ter uma casa &#8216;real&#8217;. N\u00e3o. H\u00e1 tanta grandiosidade l\u00e1 fora para ver e experimentar e se voc\u00ea tem um desejo de viver a vida numa van e se seu trabalho permite que voc\u00ea o fa\u00e7a remotamente, fa\u00e7a-o&#8221;.<\/p>\n<div id=\"attachment_17252\" style=\"width: 607px\" class=\"wp-caption aligncenter\"><a href=\"https:\/\/www.mochileiros.com\/blog\/blog\/casal-americano-vive-numa-van\/attachment\/americanosnavan04\" rel=\"attachment wp-att-17252\"><img loading=\"lazy\" decoding=\"async\" aria-describedby=\"caption-attachment-17252\" class=\"size-full wp-image-17252\" src=\"https:\/\/www.mochileiros.com\/blog\/wp-content\/uploads\/2016\/01\/americanosnavan04.jpg\" alt=\"Foto: Reprodu\u00e7\u00e3o Instagram.\" width=\"597\" height=\"437\" srcset=\"https:\/\/www.mochileiros.com\/blog\/wp-content\/uploads\/2016\/01\/americanosnavan04.jpg 597w, https:\/\/www.mochileiros.com\/blog\/wp-content\/uploads\/2016\/01\/americanosnavan04-300x220.jpg 300w, https:\/\/www.mochileiros.com\/blog\/wp-content\/uploads\/2016\/01\/americanosnavan04-313x229.jpg 313w, https:\/\/www.mochileiros.com\/blog\/wp-content\/uploads\/2016\/01\/americanosnavan04-20x15.jpg 20w\" sizes=\"auto, (max-width: 597px) 100vw, 597px\" \/><\/a><p id=\"caption-attachment-17252\" class=\"wp-caption-text\">Foto: Reprodu\u00e7\u00e3o Instagram.<\/p><\/div>\n<div id=\"attachment_17253\" style=\"width: 606px\" class=\"wp-caption aligncenter\"><a href=\"https:\/\/www.mochileiros.com\/blog\/blog\/casal-americano-vive-numa-van\/attachment\/americanosnavan08\" rel=\"attachment wp-att-17253\"><img loading=\"lazy\" decoding=\"async\" aria-describedby=\"caption-attachment-17253\" class=\"size-full wp-image-17253\" src=\"https:\/\/www.mochileiros.com\/blog\/wp-content\/uploads\/2016\/01\/americanosnavan08.jpg\" alt=\"Foto: Reprodu\u00e7\u00e3o Instagram.\" width=\"596\" height=\"598\" srcset=\"https:\/\/www.mochileiros.com\/blog\/wp-content\/uploads\/2016\/01\/americanosnavan08.jpg 596w, https:\/\/www.mochileiros.com\/blog\/wp-content\/uploads\/2016\/01\/americanosnavan08-150x150.jpg 150w, https:\/\/www.mochileiros.com\/blog\/wp-content\/uploads\/2016\/01\/americanosnavan08-300x300.jpg 300w, https:\/\/www.mochileiros.com\/blog\/wp-content\/uploads\/2016\/01\/americanosnavan08-80x80.jpg 80w, https:\/\/www.mochileiros.com\/blog\/wp-content\/uploads\/2016\/01\/americanosnavan08-350x350.jpg 350w, https:\/\/www.mochileiros.com\/blog\/wp-content\/uploads\/2016\/01\/americanosnavan08-313x314.jpg 313w, https:\/\/www.mochileiros.com\/blog\/wp-content\/uploads\/2016\/01\/americanosnavan08-20x20.jpg 20w\" sizes=\"auto, (max-width: 596px) 100vw, 596px\" \/><\/a><p id=\"caption-attachment-17253\" class=\"wp-caption-text\">Foto: Reprodu\u00e7\u00e3o Instagram.<\/p><\/div>\n<div id=\"attachment_17254\" style=\"width: 607px\" class=\"wp-caption aligncenter\"><a href=\"https:\/\/www.mochileiros.com\/blog\/blog\/casal-americano-vive-numa-van\/attachment\/americanosnavan010\" rel=\"attachment wp-att-17254\"><img loading=\"lazy\" decoding=\"async\" aria-describedby=\"caption-attachment-17254\" class=\"size-full wp-image-17254\" src=\"https:\/\/www.mochileiros.com\/blog\/wp-content\/uploads\/2016\/01\/americanosnavan010.jpg\" alt=\"Foto: Reprodu\u00e7\u00e3o Instagram.\" width=\"597\" height=\"596\" srcset=\"https:\/\/www.mochileiros.com\/blog\/wp-content\/uploads\/2016\/01\/americanosnavan010.jpg 597w, https:\/\/www.mochileiros.com\/blog\/wp-content\/uploads\/2016\/01\/americanosnavan010-150x150.jpg 150w, https:\/\/www.mochileiros.com\/blog\/wp-content\/uploads\/2016\/01\/americanosnavan010-300x300.jpg 300w, https:\/\/www.mochileiros.com\/blog\/wp-content\/uploads\/2016\/01\/americanosnavan010-80x80.jpg 80w, https:\/\/www.mochileiros.com\/blog\/wp-content\/uploads\/2016\/01\/americanosnavan010-350x350.jpg 350w, https:\/\/www.mochileiros.com\/blog\/wp-content\/uploads\/2016\/01\/americanosnavan010-313x312.jpg 313w, https:\/\/www.mochileiros.com\/blog\/wp-content\/uploads\/2016\/01\/americanosnavan010-20x20.jpg 20w\" sizes=\"auto, (max-width: 597px) 100vw, 597px\" \/><\/a><p id=\"caption-attachment-17254\" class=\"wp-caption-text\">Foto: Reprodu\u00e7\u00e3o Instagram.<\/p><\/div>\n<p style=\"text-align: justify;\">Janna e John cotam que inicialmente pretendiam\u00a0viver assim durante um ano, mas que agora est\u00e3o percebendo que podem se manter como freelancers e ficar pelo menos &#8220;semi-m\u00f3veis&#8221; (\u00e0s vezes eles dormem em hot\u00e9is ou casas de amigos que est\u00e3o no caminho) para sempre. &#8220;Van na Europa no pr\u00f3ximo ano? Talvez!&#8221;.<br \/>\nO casal e a van est\u00e3o atualmente explorando o Estado do Maine, no extremo nordeste dos Estados Unidos.<br \/>\nMais sobre est\u00e1 hist\u00f3ria no <span style=\"text-decoration: underline;\"><a href=\"http:\/\/www.vanventuresjournal.com\/\" target=\"_blank\" rel=\"noopener\">site<\/a><\/span> e no <span style=\"text-decoration: underline;\"><a href=\"https:\/\/www.instagram.com\/vanventures\/\" target=\"_blank\" rel=\"noopener\">Instagram deles<\/a><\/span>.<\/p>\n","protected":false},"excerpt":{"rendered":"<p>Janna e John t\u00eam bons empregos, viviam em um belo apartamento, tinham grandes amigos sempre por perto, mas faltava-lhes realizar o sonho de conhecer o mundo. Depois de anos postergando a grande aventura, o casal de americanos investiu numa Van Dodge Sprinter (ano 2009) e come\u00e7ou a rodar o pa\u00eds. &#8220;N\u00f3s j\u00e1 convers\u00e1vamos sobre fazer [&hellip;]<\/p>\n","protected":false},"author":2,"featured_media":17245,"comment_status":"open","ping_status":"closed","sticky":false,"template":"","format":"standard","meta":{"googlesitekit_rrm_CAoiELM5mIOjYRN0nfylq3_9r-8:productID":"","_crdt_document":"","_daim_seo_power":"","_daim_enable_ail":"","footnotes":""},"categories":[168],"tags":[1206,1365],"class_list":["post-17242","post","type-post","status-publish","format-standard","has-post-thumbnail","hentry","category-blog","tag-historias-inspiradoras","tag-vanlife"],"_links":{"self":[{"href":"https:\/\/www.mochileiros.com\/blog\/wp-json\/wp\/v2\/posts\/17242","targetHints":{"allow":["GET"]}}],"collection":[{"href":"https:\/\/www.mochileiros.com\/blog\/wp-json\/wp\/v2\/posts"}],"about":[{"href":"https:\/\/www.mochileiros.com\/blog\/wp-json\/wp\/v2\/types\/post"}],"author":[{"embeddable":true,"href":"https:\/\/www.mochileiros.com\/blog\/wp-json\/wp\/v2\/users\/2"}],"replies":[{"embeddable":true,"href":"https:\/\/www.mochileiros.com\/blog\/wp-json\/wp\/v2\/comments?post=17242"}],"version-history":[{"count":0,"href":"https:\/\/www.mochileiros.com\/blog\/wp-json\/wp\/v2\/posts\/17242\/revisions"}],"wp:featuredmedia":[{"embeddable":true,"href":"https:\/\/www.mochileiros.com\/blog\/wp-json\/wp\/v2\/media\/17245"}],"wp:attachment":[{"href":"https:\/\/www.mochileiros.com\/blog\/wp-json\/wp\/v2\/media?parent=17242"}],"wp:term":[{"taxonomy":"category","embeddable":true,"href":"https:\/\/www.mochileiros.com\/blog\/wp-json\/wp\/v2\/categories?post=17242"},{"taxonomy":"post_tag","embeddable":true,"href":"https:\/\/www.mochileiros.com\/blog\/wp-json\/wp\/v2\/tags?post=17242"}],"curies":[{"name":"wp","href":"https:\/\/api.w.org\/{rel}","templated":true}]}}