{"id":17348,"date":"2016-03-15T18:39:50","date_gmt":"2016-03-15T21:39:50","guid":{"rendered":"https:\/\/www.mochileiros.com\/blog\/?p=17348"},"modified":"2016-03-15T20:13:06","modified_gmt":"2016-03-15T23:13:06","slug":"casal-curitibano-troca-festa-de-casamento-por-volta-ao-mundo","status":"publish","type":"post","link":"https:\/\/www.mochileiros.com\/blog\/casal-curitibano-troca-festa-de-casamento-por-volta-ao-mundo","title":{"rendered":"Casal curitibano troca festa de casamento por volta ao mundo"},"content":{"rendered":"<p style=\"text-align: justify;\">Fernando Inkote Filho e Stela Murakami Inkote sempre tiveram o sonho de fazer\u00a0uma volta ao mundo. Com pouca bagagem nas mochilas, os curitibanos deixaram o conforto do lar, seus postos de trabalhos e abriram m\u00e3o da festa de casamento para lan\u00e7arem-se a &#8220;uma viagem para obter crescimento pessoal, conhecer diferentes culturas e colecionar aventuras&#8221;.<br \/>\nDepois de perderem quatro familiares em um curto per\u00edodo, eles refletiram sobre a quest\u00e3o do &#8220;ter contra o ser&#8221;, conta Stela no <strong><span style=\"text-decoration: underline;\"><a href=\"https:\/\/felicidadepelomundo.wordpress.com\/\" target=\"_blank\" rel=\"noopener\">blog &#8216;Felicidade pelo mundo&#8217;<\/a><\/span><\/strong>, onde relatam um pouco da aventura.<\/p>\n<div id=\"attachment_17351\" style=\"width: 970px\" class=\"wp-caption aligncenter\"><a href=\"https:\/\/www.mochileiros.com\/blog\/blog\/casal-curitibano-troca-festa-de-casamento-por-volta-ao-mundo\/attachment\/casalcuritibano06\" rel=\"attachment wp-att-17351\"><img loading=\"lazy\" decoding=\"async\" aria-describedby=\"caption-attachment-17351\" class=\"size-full wp-image-17351\" src=\"https:\/\/www.mochileiros.com\/blog\/wp-content\/uploads\/2016\/03\/casalcuritibano06.jpg\" alt=\"O casal em ponto das Filipinas | Foto: Reprodu\u00e7\u00e3o Facebook.\" width=\"960\" height=\"913\" srcset=\"https:\/\/www.mochileiros.com\/blog\/wp-content\/uploads\/2016\/03\/casalcuritibano06.jpg 960w, https:\/\/www.mochileiros.com\/blog\/wp-content\/uploads\/2016\/03\/casalcuritibano06-300x285.jpg 300w, https:\/\/www.mochileiros.com\/blog\/wp-content\/uploads\/2016\/03\/casalcuritibano06-768x730.jpg 768w, https:\/\/www.mochileiros.com\/blog\/wp-content\/uploads\/2016\/03\/casalcuritibano06-313x298.jpg 313w, https:\/\/www.mochileiros.com\/blog\/wp-content\/uploads\/2016\/03\/casalcuritibano06-20x20.jpg 20w\" sizes=\"auto, (max-width: 960px) 100vw, 960px\" \/><\/a><p id=\"caption-attachment-17351\" class=\"wp-caption-text\">O casal em ponto das Filipinas | Foto: Reprodu\u00e7\u00e3o Facebook.<\/p><\/div>\n<p style=\"text-align: justify;\">O casal planejou rodar o mundo durante um ano. Eles come\u00e7aram a viagem pela \u00c1sia, em setembro de 2015. Hoje eles est\u00e3o no Oriente M\u00e9dio, em meio ao que consideram a segunda etapa do roteiro. Antes da volta ao mundo eles j\u00e1 conheciam alguns pa\u00edses da Europa, das Am\u00e9ricas (Central, do Norte e do Sul) e do continente africano, a \u00c1frica do Sul.<\/p>\n<div id=\"attachment_17352\" style=\"width: 970px\" class=\"wp-caption aligncenter\"><a href=\"https:\/\/www.mochileiros.com\/blog\/blog\/casal-curitibano-troca-festa-de-casamento-por-volta-ao-mundo\/attachment\/casalcuritibano07\" rel=\"attachment wp-att-17352\"><img loading=\"lazy\" decoding=\"async\" aria-describedby=\"caption-attachment-17352\" class=\"wp-image-17352 size-full\" src=\"https:\/\/www.mochileiros.com\/blog\/wp-content\/uploads\/2016\/03\/casalcuritibano07.jpg\" alt=\"Mesquita Nasir Al-Mulk mosque, na cidade de Shiraz - Ir\u00e3 | Foto: Reprodu\u00e7\u00e3o Facebook.\" width=\"960\" height=\"686\" srcset=\"https:\/\/www.mochileiros.com\/blog\/wp-content\/uploads\/2016\/03\/casalcuritibano07.jpg 960w, https:\/\/www.mochileiros.com\/blog\/wp-content\/uploads\/2016\/03\/casalcuritibano07-300x214.jpg 300w, https:\/\/www.mochileiros.com\/blog\/wp-content\/uploads\/2016\/03\/casalcuritibano07-768x549.jpg 768w, https:\/\/www.mochileiros.com\/blog\/wp-content\/uploads\/2016\/03\/casalcuritibano07-313x224.jpg 313w, https:\/\/www.mochileiros.com\/blog\/wp-content\/uploads\/2016\/03\/casalcuritibano07-20x14.jpg 20w\" sizes=\"auto, (max-width: 960px) 100vw, 960px\" \/><\/a><p id=\"caption-attachment-17352\" class=\"wp-caption-text\">Mesquita Nasir Al-Mulk, na cidade de Shiraz &#8211; Ir\u00e3 | Foto: Reprodu\u00e7\u00e3o Facebook.<\/p><\/div>\n<p><strong>Outras fotos que mostram que esta sim (a escolha pela viagem) est\u00e1 sendo\u00a0uma grande festa<\/strong><\/p>\n<div id=\"attachment_17355\" style=\"width: 970px\" class=\"wp-caption aligncenter\"><a href=\"https:\/\/www.mochileiros.com\/blog\/blog\/casal-curitibano-troca-festa-de-casamento-por-volta-ao-mundo\/attachment\/casalcuritibano05\" rel=\"attachment wp-att-17355\"><img loading=\"lazy\" decoding=\"async\" aria-describedby=\"caption-attachment-17355\" class=\"size-full wp-image-17355\" src=\"https:\/\/www.mochileiros.com\/blog\/wp-content\/uploads\/2016\/03\/casalcuritibano05.jpg\" alt=\"Numa carona em Myanmar | Foto: Reprodu\u00e7\u00e3o Facebook.\" width=\"960\" height=\"758\" srcset=\"https:\/\/www.mochileiros.com\/blog\/wp-content\/uploads\/2016\/03\/casalcuritibano05.jpg 960w, https:\/\/www.mochileiros.com\/blog\/wp-content\/uploads\/2016\/03\/casalcuritibano05-300x237.jpg 300w, https:\/\/www.mochileiros.com\/blog\/wp-content\/uploads\/2016\/03\/casalcuritibano05-768x606.jpg 768w, https:\/\/www.mochileiros.com\/blog\/wp-content\/uploads\/2016\/03\/casalcuritibano05-313x247.jpg 313w, https:\/\/www.mochileiros.com\/blog\/wp-content\/uploads\/2016\/03\/casalcuritibano05-20x16.jpg 20w\" sizes=\"auto, (max-width: 960px) 100vw, 960px\" \/><\/a><p id=\"caption-attachment-17355\" class=\"wp-caption-text\">Numa carona em Myanmar | Foto: Reprodu\u00e7\u00e3o Facebook.<\/p><\/div>\n<div id=\"attachment_17357\" style=\"width: 970px\" class=\"wp-caption aligncenter\"><a href=\"https:\/\/www.mochileiros.com\/blog\/blog\/casal-curitibano-troca-festa-de-casamento-por-volta-ao-mundo\/attachment\/casalcuritibano01\" rel=\"attachment wp-att-17357\"><img loading=\"lazy\" decoding=\"async\" aria-describedby=\"caption-attachment-17357\" class=\"size-full wp-image-17357\" src=\"https:\/\/www.mochileiros.com\/blog\/wp-content\/uploads\/2016\/03\/casalcuritibano01.jpg\" alt=\"Em algum ponto da Indon\u00e9sia | Foto: Reprodu\u00e7\u00e3o Facebook.\" width=\"960\" height=\"720\" srcset=\"https:\/\/www.mochileiros.com\/blog\/wp-content\/uploads\/2016\/03\/casalcuritibano01.jpg 960w, https:\/\/www.mochileiros.com\/blog\/wp-content\/uploads\/2016\/03\/casalcuritibano01-300x225.jpg 300w, https:\/\/www.mochileiros.com\/blog\/wp-content\/uploads\/2016\/03\/casalcuritibano01-768x576.jpg 768w, https:\/\/www.mochileiros.com\/blog\/wp-content\/uploads\/2016\/03\/casalcuritibano01-313x235.jpg 313w, https:\/\/www.mochileiros.com\/blog\/wp-content\/uploads\/2016\/03\/casalcuritibano01-20x15.jpg 20w\" sizes=\"auto, (max-width: 960px) 100vw, 960px\" \/><\/a><p id=\"caption-attachment-17357\" class=\"wp-caption-text\">Em algum ponto da Indon\u00e9sia | Foto: Reprodu\u00e7\u00e3o Facebook.<\/p><\/div>\n<div id=\"attachment_17350\" style=\"width: 970px\" class=\"wp-caption aligncenter\"><a href=\"https:\/\/www.mochileiros.com\/blog\/blog\/casal-curitibano-troca-festa-de-casamento-por-volta-ao-mundo\/attachment\/casalcuritibano02\" rel=\"attachment wp-att-17350\"><img loading=\"lazy\" decoding=\"async\" aria-describedby=\"caption-attachment-17350\" class=\"size-full wp-image-17350\" src=\"https:\/\/www.mochileiros.com\/blog\/wp-content\/uploads\/2016\/03\/casalcuritibano02.jpg\" alt=\"Na Muralha da China | Foto: Reprodu\u00e7\u00e3o Facebook.\" width=\"960\" height=\"720\" srcset=\"https:\/\/www.mochileiros.com\/blog\/wp-content\/uploads\/2016\/03\/casalcuritibano02.jpg 960w, https:\/\/www.mochileiros.com\/blog\/wp-content\/uploads\/2016\/03\/casalcuritibano02-300x225.jpg 300w, https:\/\/www.mochileiros.com\/blog\/wp-content\/uploads\/2016\/03\/casalcuritibano02-768x576.jpg 768w, https:\/\/www.mochileiros.com\/blog\/wp-content\/uploads\/2016\/03\/casalcuritibano02-313x235.jpg 313w, https:\/\/www.mochileiros.com\/blog\/wp-content\/uploads\/2016\/03\/casalcuritibano02-20x15.jpg 20w\" sizes=\"auto, (max-width: 960px) 100vw, 960px\" \/><\/a><p id=\"caption-attachment-17350\" class=\"wp-caption-text\">Na Muralha da China | Foto: Reprodu\u00e7\u00e3o Facebook.<\/p><\/div>\n<div id=\"attachment_17360\" style=\"width: 599px\" class=\"wp-caption aligncenter\"><a href=\"https:\/\/www.mochileiros.com\/blog\/blog\/casal-curitibano-troca-festa-de-casamento-por-volta-ao-mundo\/attachment\/casalcuritibano09\" rel=\"attachment wp-att-17360\"><img loading=\"lazy\" decoding=\"async\" aria-describedby=\"caption-attachment-17360\" class=\"size-full wp-image-17360\" src=\"https:\/\/www.mochileiros.com\/blog\/wp-content\/uploads\/2016\/03\/casalcuritibano09.jpg\" alt=\"Na ilha de Molokini - Hawaii | Foto: Reprodu\u00e7\u00e3o Instagram.\" width=\"589\" height=\"594\" srcset=\"https:\/\/www.mochileiros.com\/blog\/wp-content\/uploads\/2016\/03\/casalcuritibano09.jpg 589w, https:\/\/www.mochileiros.com\/blog\/wp-content\/uploads\/2016\/03\/casalcuritibano09-150x150.jpg 150w, https:\/\/www.mochileiros.com\/blog\/wp-content\/uploads\/2016\/03\/casalcuritibano09-297x300.jpg 297w, https:\/\/www.mochileiros.com\/blog\/wp-content\/uploads\/2016\/03\/casalcuritibano09-80x80.jpg 80w, https:\/\/www.mochileiros.com\/blog\/wp-content\/uploads\/2016\/03\/casalcuritibano09-313x316.jpg 313w, https:\/\/www.mochileiros.com\/blog\/wp-content\/uploads\/2016\/03\/casalcuritibano09-20x20.jpg 20w\" sizes=\"auto, (max-width: 589px) 100vw, 589px\" \/><\/a><p id=\"caption-attachment-17360\" class=\"wp-caption-text\">Na ilha de Molokini &#8211; Hawaii | Foto: Reprodu\u00e7\u00e3o Instagram.<\/p><\/div>\n<div id=\"attachment_17362\" style=\"width: 970px\" class=\"wp-caption aligncenter\"><a href=\"https:\/\/www.mochileiros.com\/blog\/blog\/casal-curitibano-troca-festa-de-casamento-por-volta-ao-mundo\/attachment\/casalcuritibano03\" rel=\"attachment wp-att-17362\"><img loading=\"lazy\" decoding=\"async\" aria-describedby=\"caption-attachment-17362\" class=\"size-full wp-image-17362\" src=\"https:\/\/www.mochileiros.com\/blog\/wp-content\/uploads\/2016\/03\/casalcuritibano03.jpg\" alt=\"Stela em frente a mesquita Sheikh Zayed, em Abu Dhabi - Emirados \u00c1rabes | Foto: Reprodu\u00e7\u00e3o Facebook.\" width=\"960\" height=\"960\" srcset=\"https:\/\/www.mochileiros.com\/blog\/wp-content\/uploads\/2016\/03\/casalcuritibano03.jpg 960w, https:\/\/www.mochileiros.com\/blog\/wp-content\/uploads\/2016\/03\/casalcuritibano03-150x150.jpg 150w, https:\/\/www.mochileiros.com\/blog\/wp-content\/uploads\/2016\/03\/casalcuritibano03-300x300.jpg 300w, https:\/\/www.mochileiros.com\/blog\/wp-content\/uploads\/2016\/03\/casalcuritibano03-768x768.jpg 768w, https:\/\/www.mochileiros.com\/blog\/wp-content\/uploads\/2016\/03\/casalcuritibano03-80x80.jpg 80w, https:\/\/www.mochileiros.com\/blog\/wp-content\/uploads\/2016\/03\/casalcuritibano03-350x350.jpg 350w, https:\/\/www.mochileiros.com\/blog\/wp-content\/uploads\/2016\/03\/casalcuritibano03-313x313.jpg 313w, https:\/\/www.mochileiros.com\/blog\/wp-content\/uploads\/2016\/03\/casalcuritibano03-20x20.jpg 20w\" sizes=\"auto, (max-width: 960px) 100vw, 960px\" \/><\/a><p id=\"caption-attachment-17362\" class=\"wp-caption-text\">Stela em frente a mesquita Sheikh Zayed, em Abu Dhabi &#8211; Emirados \u00c1rabes | Foto: Reprodu\u00e7\u00e3o Facebook.<\/p><\/div>\n<div id=\"attachment_17364\" style=\"width: 970px\" class=\"wp-caption aligncenter\"><a href=\"https:\/\/www.mochileiros.com\/blog\/blog\/casal-curitibano-troca-festa-de-casamento-por-volta-ao-mundo\/attachment\/casalcuritibano04\" rel=\"attachment wp-att-17364\"><img loading=\"lazy\" decoding=\"async\" aria-describedby=\"caption-attachment-17364\" class=\"size-full wp-image-17364\" src=\"https:\/\/www.mochileiros.com\/blog\/wp-content\/uploads\/2016\/03\/casalcuritibano04.jpg\" alt=\"Fernando no templo Angkor, em Siemp Reap - Camboja | Foto: Reprodu\u00e7\u00e3o Facebook.\" width=\"960\" height=\"849\" srcset=\"https:\/\/www.mochileiros.com\/blog\/wp-content\/uploads\/2016\/03\/casalcuritibano04.jpg 960w, https:\/\/www.mochileiros.com\/blog\/wp-content\/uploads\/2016\/03\/casalcuritibano04-300x265.jpg 300w, https:\/\/www.mochileiros.com\/blog\/wp-content\/uploads\/2016\/03\/casalcuritibano04-768x679.jpg 768w, https:\/\/www.mochileiros.com\/blog\/wp-content\/uploads\/2016\/03\/casalcuritibano04-313x277.jpg 313w, https:\/\/www.mochileiros.com\/blog\/wp-content\/uploads\/2016\/03\/casalcuritibano04-20x18.jpg 20w\" sizes=\"auto, (max-width: 960px) 100vw, 960px\" \/><\/a><p id=\"caption-attachment-17364\" class=\"wp-caption-text\">Fernando no templo Angkor, em Siemp Reap &#8211; Camboja | Foto: Reprodu\u00e7\u00e3o Facebook.<\/p><\/div>\n<p style=\"text-align: justify;\">Para saber mais desta hist\u00f3ria e acompanhar a aventura do casal, al\u00e9m do blog voc\u00ea pode curtir a p\u00e1gina deles no <strong><span style=\"text-decoration: underline;\"><a href=\"https:\/\/www.facebook.com\/Felicidadepelomundo\/\" target=\"_blank\" rel=\"noopener\">Facebook<\/a><\/span><\/strong> e segui-los no <strong><span style=\"text-decoration: underline;\"><a href=\"https:\/\/www.instagram.com\/felicidadepelomundo\/\" target=\"_blank\" rel=\"noopener\">Instagram<\/a><\/span><\/strong>.<\/p>\n<p style=\"text-align: justify;\"><strong>Outros casos de gente que, digamos, soube investir bem seu dinheiro destinado ao cas\u00f3rio<\/strong><br \/>\nPor aqui a gente j\u00e1 mostrou a hist\u00f3ria de outros noivos que trocaram a festa de casamento por uma volta ao mundo. Cheetah Platt e Rhiann Woodyard por exemplo se &#8220;casaram&#8221; 38 vezes ao redor do planeta.<br \/>\nH\u00e1 tamb\u00e9m quem tenha decido se casar durante uma viagem, em plena trilha (a <strong><span style=\"text-decoration: underline;\"><a href=\"https:\/\/www.mochileiros.com\/blog\/livros-cinema-afins\/livre-o-filme\" target=\"_blank\">PCT<\/a><\/span><\/strong>, aquela do filme <strong><span style=\"text-decoration: underline;\"><a href=\"https:\/\/www.mochileiros.com\/blog\/blog\/caminhada-para-transformacao-pessoal-em-wild\" target=\"_blank\">Livre<\/a><\/span><\/strong>) e quem, depois de ser abandonada no altar decidiu fazer um mochil\u00e3o pelo mundo e acabou virando escritora. Vale conferir, <strong><span style=\"text-decoration: underline;\"><a href=\"https:\/\/www.mochileiros.com\/blog\/blog\/noivos-se-casam-38-vezes-ao-redor-do-mundo\" target=\"_blank\">aqui<\/a><\/span><\/strong>, <strong><span style=\"text-decoration: underline;\"><a href=\"https:\/\/www.mochileiros.com\/blog\/blog\/um-casamento-na-trilha\" target=\"_blank\">aqui<\/a><\/span><\/strong> e <strong><span style=\"text-decoration: underline;\"><a href=\"https:\/\/www.mochileiros.com\/blog\/blog\/depois-de-ser-abandonada-no-altar-britanica-faz-mochilao-pelo-mundo-e-vira-escritora\" target=\"_blank\">aqui<\/a><\/span><\/strong>, respectivamente.<\/p>\n","protected":false},"excerpt":{"rendered":"<p>Fernando Inkote Filho e Stela Murakami Inkote sempre tiveram o sonho de fazer\u00a0uma volta ao mundo. Com pouca bagagem nas mochilas, os curitibanos deixaram o conforto do lar, seus postos de trabalhos e abriram m\u00e3o da festa de casamento para lan\u00e7arem-se a &#8220;uma viagem para obter crescimento pessoal, conhecer diferentes culturas e colecionar aventuras&#8221;. Depois [&hellip;]<\/p>\n","protected":false},"author":2,"featured_media":17370,"comment_status":"open","ping_status":"closed","sticky":false,"template":"","format":"standard","meta":{"googlesitekit_rrm_CAoiELM5mIOjYRN0nfylq3_9r-8:productID":"","_crdt_document":"","_daim_seo_power":"","_daim_enable_ail":"","footnotes":""},"categories":[168],"tags":[1206,1126],"class_list":["post-17348","post","type-post","status-publish","format-standard","has-post-thumbnail","hentry","category-blog","tag-historias-inspiradoras","tag-volta-ao-mundo"],"_links":{"self":[{"href":"https:\/\/www.mochileiros.com\/blog\/wp-json\/wp\/v2\/posts\/17348","targetHints":{"allow":["GET"]}}],"collection":[{"href":"https:\/\/www.mochileiros.com\/blog\/wp-json\/wp\/v2\/posts"}],"about":[{"href":"https:\/\/www.mochileiros.com\/blog\/wp-json\/wp\/v2\/types\/post"}],"author":[{"embeddable":true,"href":"https:\/\/www.mochileiros.com\/blog\/wp-json\/wp\/v2\/users\/2"}],"replies":[{"embeddable":true,"href":"https:\/\/www.mochileiros.com\/blog\/wp-json\/wp\/v2\/comments?post=17348"}],"version-history":[{"count":0,"href":"https:\/\/www.mochileiros.com\/blog\/wp-json\/wp\/v2\/posts\/17348\/revisions"}],"wp:featuredmedia":[{"embeddable":true,"href":"https:\/\/www.mochileiros.com\/blog\/wp-json\/wp\/v2\/media\/17370"}],"wp:attachment":[{"href":"https:\/\/www.mochileiros.com\/blog\/wp-json\/wp\/v2\/media?parent=17348"}],"wp:term":[{"taxonomy":"category","embeddable":true,"href":"https:\/\/www.mochileiros.com\/blog\/wp-json\/wp\/v2\/categories?post=17348"},{"taxonomy":"post_tag","embeddable":true,"href":"https:\/\/www.mochileiros.com\/blog\/wp-json\/wp\/v2\/tags?post=17348"}],"curies":[{"name":"wp","href":"https:\/\/api.w.org\/{rel}","templated":true}]}}