{"id":18719,"date":"2016-11-14T16:01:15","date_gmt":"2016-11-14T19:01:15","guid":{"rendered":"https:\/\/www.mochileiros.com\/blog\/noticias\/items-destinos-imperdiveis-e-pouco-conhecidos-no-brasil"},"modified":"2021-06-19T09:32:47","modified_gmt":"2021-06-19T12:32:47","slug":"lugares-para-viajar-no-brasil","status":"publish","type":"post","link":"https:\/\/www.mochileiros.com\/blog\/lugares-para-viajar-no-brasil","title":{"rendered":"Lugares para viajar no Brasil: 33 destinos pouco conhecidos"},"content":{"rendered":"<p>Essa lista de <strong>lugares para viajar no Brasil<\/strong> \u00e9 completamente diferente das que voc\u00ea ir\u00e1 encontrar em outros blogs de viagem, pois se trata de paisagens brasileiras sensacionais ainda pouco conhecidas.<\/p>\n<p style=\"text-align: left;\">S\u00e3o cachoeiras, praias, piscinas naturais e dunas pouco citadas nas listas da internet. Algumas possuem infraestrutura tur\u00edstica, outras s\u00e3o destinos, digamos: &#8220;roots&#8221;! Afinal, voc\u00ea est\u00e1 no Mochileiros.com.<\/p>\n<p style=\"text-align: left;\">Esse post faz parte da nossa s\u00e9rie sobre destinos ainda pouco conhecidos do Brasil. A lista \u00e9 atualizada periodicamente e junto a ela estamos criando listas de destinos pouco conhecidos de cada Estado brasileiro que voc\u00ea pode conferir acessando a tag <strong><a href=\"https:\/\/www.mochileiros.com\/blog\/tag\/destinos-pouco-conhecidos\">Destinos pouco conhecidos<\/a><\/strong> .<\/p>\n<div id=\"ez-toc-container\" class=\"ez-toc-v2_0_82_2 counter-hierarchy ez-toc-counter ez-toc-grey ez-toc-container-direction\">\n<div class=\"ez-toc-title-container\">\n<p class=\"ez-toc-title\" style=\"cursor:inherit\">\u00cdndice<\/p>\n<span class=\"ez-toc-title-toggle\"><a href=\"#\" class=\"ez-toc-pull-right ez-toc-btn ez-toc-btn-xs ez-toc-btn-default ez-toc-toggle\" aria-label=\"Alternar tabela de conte\u00fado\"><span class=\"ez-toc-js-icon-con\"><span class=\"\"><span class=\"eztoc-hide\" style=\"display:none;\">Toggle<\/span><span class=\"ez-toc-icon-toggle-span\"><svg style=\"fill: #999;color:#999\" xmlns=\"http:\/\/www.w3.org\/2000\/svg\" class=\"list-377408\" width=\"20px\" height=\"20px\" viewBox=\"0 0 24 24\" fill=\"none\"><path d=\"M6 6H4v2h2V6zm14 0H8v2h12V6zM4 11h2v2H4v-2zm16 0H8v2h12v-2zM4 16h2v2H4v-2zm16 0H8v2h12v-2z\" fill=\"currentColor\"><\/path><\/svg><svg style=\"fill: #999;color:#999\" class=\"arrow-unsorted-368013\" xmlns=\"http:\/\/www.w3.org\/2000\/svg\" width=\"10px\" height=\"10px\" viewBox=\"0 0 24 24\" version=\"1.2\" baseProfile=\"tiny\"><path d=\"M18.2 9.3l-6.2-6.3-6.2 6.3c-.2.2-.3.4-.3.7s.1.5.3.7c.2.2.4.3.7.3h11c.3 0 .5-.1.7-.3.2-.2.3-.5.3-.7s-.1-.5-.3-.7zM5.8 14.7l6.2 6.3 6.2-6.3c.2-.2.3-.5.3-.7s-.1-.5-.3-.7c-.2-.2-.4-.3-.7-.3h-11c-.3 0-.5.1-.7.3-.2.2-.3.5-.3.7s.1.5.3.7z\"\/><\/svg><\/span><\/span><\/span><\/a><\/span><\/div>\n<nav><ul class='ez-toc-list ez-toc-list-level-1 ' ><li class='ez-toc-page-1 ez-toc-heading-level-2'><a class=\"ez-toc-link ez-toc-heading-1\" href=\"https:\/\/www.mochileiros.com\/blog\/lugares-para-viajar-no-brasil\/#1_%E2%80%93_Monumento_Natural_dos_Pontoes_Capixabas_%E2%80%93_Espirito_Santo\" >1 &#8211; Monumento Natural dos Pont\u00f5es Capixabas &#8211; Esp\u00edrito Santo<\/a><ul class='ez-toc-list-level-3' ><li class='ez-toc-heading-level-3'><a class=\"ez-toc-link ez-toc-heading-2\" href=\"https:\/\/www.mochileiros.com\/blog\/lugares-para-viajar-no-brasil\/#Camping_em_Pancas\" >Camping em Pancas<\/a><\/li><li class='ez-toc-page-1 ez-toc-heading-level-3'><a class=\"ez-toc-link ez-toc-heading-3\" href=\"https:\/\/www.mochileiros.com\/blog\/lugares-para-viajar-no-brasil\/#Airbnb_em_Pancas\" >Airbnb em Pancas<\/a><\/li><\/ul><\/li><li class='ez-toc-page-1 ez-toc-heading-level-2'><a class=\"ez-toc-link ez-toc-heading-4\" href=\"https:\/\/www.mochileiros.com\/blog\/lugares-para-viajar-no-brasil\/#02_%E2%80%93_Canion_do_Rio_Poti_%E2%80%93_Piaui_Ceara\" >02 &#8211; C\u00e2nion do Rio Poti &#8211; Piau\u00ed \/Cear\u00e1<\/a><\/li><li class='ez-toc-page-1 ez-toc-heading-level-2'><a class=\"ez-toc-link ez-toc-heading-5\" href=\"https:\/\/www.mochileiros.com\/blog\/lugares-para-viajar-no-brasil\/#3_%E2%80%93_Fenda_do_Nick\" >3 &#8211; Fenda do Nick<\/a><\/li><li class='ez-toc-page-1 ez-toc-heading-level-2'><a class=\"ez-toc-link ez-toc-heading-6\" href=\"https:\/\/www.mochileiros.com\/blog\/lugares-para-viajar-no-brasil\/#04_%E2%80%93_Ponta_do_Mel_e_Dunas_do_Rosado_%E2%80%93_RN\" >04 &#8211; Ponta do Mel e Dunas do Rosado &#8211; RN<\/a><\/li><li class='ez-toc-page-1 ez-toc-heading-level-2'><a class=\"ez-toc-link ez-toc-heading-7\" href=\"https:\/\/www.mochileiros.com\/blog\/lugares-para-viajar-no-brasil\/#05_%E2%80%93_Aripuana-_MT\" >05 &#8211; Aripuan\u00e3- MT<\/a><\/li><li class='ez-toc-page-1 ez-toc-heading-level-2'><a class=\"ez-toc-link ez-toc-heading-8\" href=\"https:\/\/www.mochileiros.com\/blog\/lugares-para-viajar-no-brasil\/#06_%E2%80%93_Laranjal_do_Jari_Cachoeira_de_Santo_Antonio_%E2%80%93_Amapa\" >06 &#8211;\u00a0Laranjal do Jar\u00ed \/ Cachoeira de Santo Ant\u00f4nio &#8211; Amap\u00e1<\/a><\/li><li class='ez-toc-page-1 ez-toc-heading-level-2'><a class=\"ez-toc-link ez-toc-heading-9\" href=\"https:\/\/www.mochileiros.com\/blog\/lugares-para-viajar-no-brasil\/#07_%E2%80%93_Lagoa_da_Lua-_Primavera_do_Leste_%E2%80%93_Mato_Grosso\" >07 &#8211; Lagoa da Lua- Primavera do Leste &#8211; Mato Grosso<\/a><\/li><li class='ez-toc-page-1 ez-toc-heading-level-2'><a class=\"ez-toc-link ez-toc-heading-10\" href=\"https:\/\/www.mochileiros.com\/blog\/lugares-para-viajar-no-brasil\/#08_%E2%80%93_Parque_Nacional_de_Ubajara_%E2%80%93_Ceara\" >08 &#8211; Parque Nacional de Ubajara &#8211; Cear\u00e1<\/a><\/li><li class='ez-toc-page-1 ez-toc-heading-level-2'><a class=\"ez-toc-link ez-toc-heading-11\" href=\"https:\/\/www.mochileiros.com\/blog\/lugares-para-viajar-no-brasil\/#09_%E2%80%93_Patrimonio_da_Penha_e_Ibitirama_%E2%80%93_ES\" >09 &#8211; Patrim\u00f4nio da Penha e Ibitirama &#8211; ES<\/a><\/li><li class='ez-toc-page-1 ez-toc-heading-level-2'><a class=\"ez-toc-link ez-toc-heading-12\" href=\"https:\/\/www.mochileiros.com\/blog\/lugares-para-viajar-no-brasil\/#10-_Parque_Nacional_Montanhas_do_Tumucumaque_%E2%80%93_Amapa\" >10- Parque Nacional Montanhas do Tumucumaque &#8211; Amap\u00e1<\/a><\/li><li class='ez-toc-page-1 ez-toc-heading-level-2'><a class=\"ez-toc-link ez-toc-heading-13\" href=\"https:\/\/www.mochileiros.com\/blog\/lugares-para-viajar-no-brasil\/#11_%E2%80%93_Salto_do_Yucuma_%E2%80%93_Rio_Grande_do_Sul\" >11 &#8211; Salto do Yucum\u00e3 &#8211; Rio Grande do Sul<\/a><\/li><li class='ez-toc-page-1 ez-toc-heading-level-2'><a class=\"ez-toc-link ez-toc-heading-14\" href=\"https:\/\/www.mochileiros.com\/blog\/lugares-para-viajar-no-brasil\/#12_%E2%80%93_Chapada_da_Serra_Vermelha_%E2%80%93_Piaui\" >12 &#8211; Chapada da Serra Vermelha &#8211; Piau\u00ed<\/a><\/li><li class='ez-toc-page-1 ez-toc-heading-level-2'><a class=\"ez-toc-link ez-toc-heading-15\" href=\"https:\/\/www.mochileiros.com\/blog\/lugares-para-viajar-no-brasil\/#13_%E2%80%93_Serra_do_Tepequem_%E2%80%93_Roraima\" >13 &#8211; Serra do Tepequ\u00e9m &#8211; Roraima<\/a><\/li><li class='ez-toc-page-1 ez-toc-heading-level-2'><a class=\"ez-toc-link ez-toc-heading-16\" href=\"https:\/\/www.mochileiros.com\/blog\/lugares-para-viajar-no-brasil\/#14_%E2%80%93_Ilha_da_Trindade_%E2%80%93_Espirito_Santo\" >14 &#8211; Ilha da Trindade &#8211; Esp\u00edrito Santo<\/a><\/li><li class='ez-toc-page-1 ez-toc-heading-level-2'><a class=\"ez-toc-link ez-toc-heading-17\" href=\"https:\/\/www.mochileiros.com\/blog\/lugares-para-viajar-no-brasil\/#15_%E2%80%93_Parque_Estadual_Cachoeira_da_Fumaca_%E2%80%93_Espirito_Santo\" >15 &#8211; Parque Estadual Cachoeira da Fuma\u00e7a &#8211; Esp\u00edrito Santo<\/a><\/li><li class='ez-toc-page-1 ez-toc-heading-level-2'><a class=\"ez-toc-link ez-toc-heading-18\" href=\"https:\/\/www.mochileiros.com\/blog\/lugares-para-viajar-no-brasil\/#16_%E2%80%93_Mambai_%E2%80%93_Goias\" >16 &#8211; Mamba\u00ed &#8211; Goi\u00e1s<\/a><\/li><li class='ez-toc-page-1 ez-toc-heading-level-2'><a class=\"ez-toc-link ez-toc-heading-19\" href=\"https:\/\/www.mochileiros.com\/blog\/lugares-para-viajar-no-brasil\/#17_%E2%80%93_Campo_Novo_do_Parecis_%E2%80%93_MT\" >17 &#8211; Campo Novo do Parecis &#8211; MT<\/a><\/li><li class='ez-toc-page-1 ez-toc-heading-level-2'><a class=\"ez-toc-link ez-toc-heading-20\" href=\"https:\/\/www.mochileiros.com\/blog\/lugares-para-viajar-no-brasil\/#18_%E2%80%93_Parque_Nacional_da_Serra_das_Confusoes_%E2%80%93_Piaui\" >18 &#8211; Parque Nacional da Serra das Confus\u00f5es &#8211; Piau\u00ed<\/a><\/li><li class='ez-toc-page-1 ez-toc-heading-level-2'><a class=\"ez-toc-link ez-toc-heading-21\" href=\"https:\/\/www.mochileiros.com\/blog\/lugares-para-viajar-no-brasil\/#19_%E2%80%93_Parque_Estadual_de_Terra_Ronca_%E2%80%93_Goias\" >19 &#8211; Parque Estadual de Terra Ronca &#8211; Goi\u00e1s<\/a><\/li><li class='ez-toc-page-1 ez-toc-heading-level-2'><a class=\"ez-toc-link ez-toc-heading-22\" href=\"https:\/\/www.mochileiros.com\/blog\/lugares-para-viajar-no-brasil\/#20_%E2%80%93_Lagoa_Azul_em_Sao_Desiderio_%E2%80%93_Bahia\" >20 &#8211; Lagoa Azul em S\u00e3o Desid\u00e9rio &#8211; Bahia<\/a><\/li><li class='ez-toc-page-1 ez-toc-heading-level-2'><a class=\"ez-toc-link ez-toc-heading-23\" href=\"https:\/\/www.mochileiros.com\/blog\/lugares-para-viajar-no-brasil\/#21_%E2%80%93_Lagoa_Azul_%E2%80%93_Povoado_de_Baixio_%E2%80%93_Bahia\" >21 &#8211; Lagoa Azul &#8211; Povoado de Baixio &#8211; Bahia<\/a><\/li><li class='ez-toc-page-1 ez-toc-heading-level-2'><a class=\"ez-toc-link ez-toc-heading-24\" href=\"https:\/\/www.mochileiros.com\/blog\/lugares-para-viajar-no-brasil\/#22_%E2%80%93_Prudentopolis_%E2%80%93_Parana\" >22 &#8211; Prudent\u00f3polis &#8211; Paran\u00e1<\/a><\/li><li class='ez-toc-page-1 ez-toc-heading-level-2'><a class=\"ez-toc-link ez-toc-heading-25\" href=\"https:\/\/www.mochileiros.com\/blog\/lugares-para-viajar-no-brasil\/#23_%E2%80%93_Hidrolandia_Parque_%E2%80%93_Iuna_%E2%80%93_ES\" >23 &#8211; Hidrol\u00e2ndia Parque \u2013 I\u00fana \u2013 ES<\/a><\/li><li class='ez-toc-page-1 ez-toc-heading-level-2'><a class=\"ez-toc-link ez-toc-heading-26\" href=\"https:\/\/www.mochileiros.com\/blog\/lugares-para-viajar-no-brasil\/#24_%E2%80%93_Senges_Vale_do_Jaguaricatu_%E2%80%93_Parana\" >24 &#8211; Seng\u00e9s \/ Vale do Jaguaricat\u00fa &#8211; Paran\u00e1<\/a><\/li><li class='ez-toc-page-1 ez-toc-heading-level-2'><a class=\"ez-toc-link ez-toc-heading-27\" href=\"https:\/\/www.mochileiros.com\/blog\/lugares-para-viajar-no-brasil\/#25_%E2%80%93_Estrada_Parque_de_Piraputanga_%E2%80%93_MS\" >25 &#8211; Estrada Parque de Piraputanga &#8211; MS<\/a><\/li><li class='ez-toc-page-1 ez-toc-heading-level-2'><a class=\"ez-toc-link ez-toc-heading-28\" href=\"https:\/\/www.mochileiros.com\/blog\/lugares-para-viajar-no-brasil\/#26_%E2%80%93_Cascata_da_Pedra_Grande_%E2%80%93_Carrascal_%E2%80%93_RS\" >26 &#8211; Cascata da Pedra Grande &#8211; Carrascal &#8211; RS<\/a><\/li><li class='ez-toc-page-1 ez-toc-heading-level-2'><a class=\"ez-toc-link ez-toc-heading-29\" href=\"https:\/\/www.mochileiros.com\/blog\/lugares-para-viajar-no-brasil\/#27_%E2%80%93_Analandia_%E2%80%93_Sao_Paulo\" >27 &#8211; Anal\u00e2ndia &#8211; S\u00e3o Paulo<\/a><\/li><li class='ez-toc-page-1 ez-toc-heading-level-2'><a class=\"ez-toc-link ez-toc-heading-30\" href=\"https:\/\/www.mochileiros.com\/blog\/lugares-para-viajar-no-brasil\/#28_%E2%80%93_Parque_Nacional_do_Catimbau_%E2%80%93_PE\" >28 &#8211; Parque Nacional do Catimbau &#8211; PE<\/a><\/li><li class='ez-toc-page-1 ez-toc-heading-level-2'><a class=\"ez-toc-link ez-toc-heading-31\" href=\"https:\/\/www.mochileiros.com\/blog\/lugares-para-viajar-no-brasil\/#29_%E2%80%93_Vila_Bela_de_Santissima_Trindade_%E2%80%93_MT\" >29 &#8211; Vila Bela de Sant\u00edssima Trindade &#8211; MT<\/a><\/li><li class='ez-toc-page-1 ez-toc-heading-level-2'><a class=\"ez-toc-link ez-toc-heading-32\" href=\"https:\/\/www.mochileiros.com\/blog\/lugares-para-viajar-no-brasil\/#30_%E2%80%93_Jaguariaiva_%E2%80%93_Parana\" >30 &#8211; Jaguaria\u00edva &#8211; Paran\u00e1<\/a><\/li><li class='ez-toc-page-1 ez-toc-heading-level-2'><a class=\"ez-toc-link ez-toc-heading-33\" href=\"https:\/\/www.mochileiros.com\/blog\/lugares-para-viajar-no-brasil\/#31_%E2%80%93_Ascurra_%E2%80%93_SC\" >31 &#8211;\u00a0Ascurra &#8211; SC<\/a><\/li><li class='ez-toc-page-1 ez-toc-heading-level-2'><a class=\"ez-toc-link ez-toc-heading-34\" href=\"https:\/\/www.mochileiros.com\/blog\/lugares-para-viajar-no-brasil\/#32_%E2%80%93_Parque_Nacional_Cavernas_do_Peruacu\" >32 &#8211;\u00a0Parque Nacional Cavernas do Perua\u00e7u<\/a><\/li><li class='ez-toc-page-1 ez-toc-heading-level-2'><a class=\"ez-toc-link ez-toc-heading-35\" href=\"https:\/\/www.mochileiros.com\/blog\/lugares-para-viajar-no-brasil\/#33_%E2%80%93_Parque_da_Pedra_do_Segredo_%E2%80%93_Cacapava_do_Sul_%E2%80%93_RS\" >33 &#8211; Parque da Pedra do Segredo &#8211; Ca\u00e7apava do Sul &#8211; RS<\/a><\/li><\/ul><\/nav><\/div>\n<h2><span class=\"ez-toc-section\" id=\"1_%E2%80%93_Monumento_Natural_dos_Pontoes_Capixabas_%E2%80%93_Espirito_Santo\"><\/span>1 &#8211; Monumento Natural dos Pont\u00f5es Capixabas &#8211; Esp\u00edrito Santo<span class=\"ez-toc-section-end\"><\/span><\/h2>\n<figure><img loading=\"lazy\" decoding=\"async\" src=\"https:\/\/www.mochileiros.com\/blog\/wp-content\/themes\/rehub-theme\/images\/default\/blank.gif\" sizes=\"auto, (max-width: 1280px) 100vw, 1280px\" srcset=\"https:\/\/www.mochileiros.com\/blog\/wp-content\/uploads\/2016\/11\/Monumento_Natural_Pont\u00f5es_Capixabas_I.jpg 1280w, https:\/\/www.mochileiros.com\/blog\/wp-content\/uploads\/2016\/11\/Monumento_Natural_Pont\u00f5es_Capixabas_I-300x225.jpg 300w, https:\/\/www.mochileiros.com\/blog\/wp-content\/uploads\/2016\/11\/Monumento_Natural_Pont\u00f5es_Capixabas_I-768x576.jpg 768w, https:\/\/www.mochileiros.com\/blog\/wp-content\/uploads\/2016\/11\/Monumento_Natural_Pont\u00f5es_Capixabas_I-1024x768.jpg 1024w, https:\/\/www.mochileiros.com\/blog\/wp-content\/uploads\/2016\/11\/Monumento_Natural_Pont\u00f5es_Capixabas_I-320x240.jpg 320w, https:\/\/www.mochileiros.com\/blog\/wp-content\/uploads\/2016\/11\/Monumento_Natural_Pont\u00f5es_Capixabas_I-640x480.jpg 640w, https:\/\/www.mochileiros.com\/blog\/wp-content\/uploads\/2016\/11\/Monumento_Natural_Pont\u00f5es_Capixabas_I-360x270.jpg 360w, https:\/\/www.mochileiros.com\/blog\/wp-content\/uploads\/2016\/11\/Monumento_Natural_Pont\u00f5es_Capixabas_I-720x540.jpg 720w, https:\/\/www.mochileiros.com\/blog\/wp-content\/uploads\/2016\/11\/Monumento_Natural_Pont\u00f5es_Capixabas_I-1080x810.jpg 1080w, https:\/\/www.mochileiros.com\/blog\/wp-content\/uploads\/2016\/11\/Monumento_Natural_Pont\u00f5es_Capixabas_I-800x600.jpg 800w, https:\/\/www.mochileiros.com\/blog\/wp-content\/uploads\/2016\/11\/Monumento_Natural_Pont\u00f5es_Capixabas_I-313x235.jpg 313w\" alt=\"Lugares para viajar no Brasil: Monumento Natural dos Pont\u00f5es Capixabas\" width=\"1280\" height=\"960\" data-src=\"https:\/\/www.mochileiros.com\/blog\/wp-content\/uploads\/2016\/11\/Monumento_Natural_Pont\u00f5es_Capixabas_I.jpg\" \/><figcaption>Monumento Natural dos Pont\u00f5es Capixabas &#8211; Foto: IcmBio<\/figcaption><\/figure>\n<p>&nbsp;<\/p>\n<p style=\"text-align: left;\">O <a href=\"https:\/\/goo.gl\/maps\/pNkqsWzy1gka2d88A\" target=\"_blank\" rel=\"noopener\"><strong>Monumento Natural dos Pont\u00f5es Capixabas<\/strong><\/a> ocupa uma \u00e1rea gigantesca dividida em 2 munic\u00edpios do estado do Espirito Santo: Pancas e \u00c1guia Branca.\u00a0 S\u00e3o forma\u00e7\u00f5es rochosas com mais de 500 metros de altura e j\u00e1 foram consideradas o &#8220;lugar mais bonito do mundo&#8221; pelo paisagista Burle Max.<\/p>\n<p style=\"text-align: left;\">A cidade base para se hospedar e curtir a atra\u00e7\u00e3o \u00e9 Pancas, um dos \u00faltimos ref\u00fagios de habitantes e descendentes de uma regi\u00e3o da Europa que foi anexada \u00e0 Alemanha e Pol\u00f4nia depois da 2\u00aa Guerra mundial: a <a href=\"https:\/\/pt.wikipedia.org\/wiki\/Pomer%C3%A2nia\" target=\"_blank\" rel=\"noopener\">Pomer\u00e2nia<\/a>.<\/p>\n<p style=\"text-align: left;\">Aqui no Mochileros.com recomendamos a leitura de 2 relatos com muitas informa\u00e7\u00f5es e dicas pra voc\u00ea se aventurar por Pancas e pelo Monumento dos Pont\u00f5es Capixabas. Voc\u00ea pode conferi-los clicando <strong><a href=\"http:\/\/www.mochileiros.com\/a-desconhecida-pancas-es-e-os-pontoes-capixabas-t107549.html\" target=\"_blank\" rel=\"noopener noreferrer\">aqui<\/a><\/strong>\u00a0e <strong><a href=\"http:\/\/www.mochileiros.com\/monumento-natural-dos-pontoes-capixabas-pancas-es-set-2012-t74887.html\" target=\"_blank\" rel=\"noopener noreferrer\">aqui<\/a><\/strong>.<\/p>\n<h3><span class=\"ez-toc-section\" id=\"Camping_em_Pancas\"><\/span>Camping em Pancas<span class=\"ez-toc-section-end\"><\/span><\/h3>\n<p><strong><a href=\"https:\/\/www.facebook.com\/S%C3%ADtio-Cantinho-do-C%C3%A9u-PancasES-440165232835671\/\" target=\"_blank\" rel=\"noopener\">S\u00edtio Cantinho do C\u00e9u<\/a><\/strong> &#8211; O s\u00edtio possui um camping e est\u00e1 em uma localiza\u00e7\u00e3o privilegiada que d\u00e1 acesso a v\u00e1rias trilhas e locais de escalada. O propriet\u00e1rio do s\u00edtio, <a href=\"https:\/\/www.instagram.com\/fabioeggert\/\" target=\"_blank\" rel=\"noopener\">Fabio Eggert<\/a>, \u00e9 guia e pode te mostrar o &#8220;mapa da mina&#8221; das melhores atra\u00e7\u00f5es\u00a0 da regi\u00e3o.<\/p>\n<h3><span class=\"ez-toc-section\" id=\"Airbnb_em_Pancas\"><\/span>Airbnb em Pancas<span class=\"ez-toc-section-end\"><\/span><\/h3>\n<ul>\n<li><a href=\"https:\/\/www.airbnb.com.br\/associates\/338801?s=67&amp;c=.pi115.pk0_9&amp;a4ptk=14855_0_9_338801&amp;af=115\" target=\"_blank\" rel=\"noopener\">6 op\u00e7\u00f5es de estadias a partir de R$ 100<br \/>\n<\/a><\/li>\n<\/ul>\n<h2><span class=\"ez-toc-section\" id=\"02_%E2%80%93_Canion_do_Rio_Poti_%E2%80%93_Piaui_Ceara\"><\/span>02 &#8211; C\u00e2nion do Rio Poti &#8211; Piau\u00ed \/Cear\u00e1<span class=\"ez-toc-section-end\"><\/span><\/h2>\n<figure><img loading=\"lazy\" decoding=\"async\" src=\"https:\/\/www.mochileiros.com\/blog\/wp-content\/themes\/rehub-theme\/images\/default\/blank.gif\" sizes=\"auto, (max-width: 1920px) 100vw, 1920px\" srcset=\"https:\/\/www.mochileiros.com\/blog\/wp-content\/uploads\/2016\/11\/poti3.jpg.24e412276e7378a24ace0018b17b8282.jpg 1920w, https:\/\/www.mochileiros.com\/blog\/wp-content\/uploads\/2016\/11\/poti3.jpg.24e412276e7378a24ace0018b17b8282-300x169.jpg 300w, https:\/\/www.mochileiros.com\/blog\/wp-content\/uploads\/2016\/11\/poti3.jpg.24e412276e7378a24ace0018b17b8282-1024x576.jpg 1024w, https:\/\/www.mochileiros.com\/blog\/wp-content\/uploads\/2016\/11\/poti3.jpg.24e412276e7378a24ace0018b17b8282-768x432.jpg 768w, https:\/\/www.mochileiros.com\/blog\/wp-content\/uploads\/2016\/11\/poti3.jpg.24e412276e7378a24ace0018b17b8282-1536x864.jpg 1536w, https:\/\/www.mochileiros.com\/blog\/wp-content\/uploads\/2016\/11\/poti3.jpg.24e412276e7378a24ace0018b17b8282-2048x1152.jpg 2048w, https:\/\/www.mochileiros.com\/blog\/wp-content\/uploads\/2016\/11\/poti3.jpg.24e412276e7378a24ace0018b17b8282-267x150.jpg 267w, https:\/\/www.mochileiros.com\/blog\/wp-content\/uploads\/2016\/11\/poti3.jpg.24e412276e7378a24ace0018b17b8282-100x56.jpg 100w, https:\/\/www.mochileiros.com\/blog\/wp-content\/uploads\/2016\/11\/poti3.jpg.24e412276e7378a24ace0018b17b8282-622x350.jpg 622w, https:\/\/www.mochileiros.com\/blog\/wp-content\/uploads\/2016\/11\/poti3.jpg.24e412276e7378a24ace0018b17b8282-788x443.jpg 788w\" alt=\"Lugares para viajar no Brasil: C\u00e2nion do Rio Poti\" width=\"1920\" height=\"1080\" data-src=\"https:\/\/www.mochileiros.com\/blog\/wp-content\/uploads\/2016\/11\/poti3.jpg.24e412276e7378a24ace0018b17b8282.jpg\" \/><figcaption>C\u00e2nion do Rio Poti &#8211; Foto: Rodrigo cf \/ Mochileiros.com<\/figcaption><\/figure>\n<p>&nbsp;<\/p>\n<p style=\"text-align: left;\">O C\u00e2nion do Rio Poti \u00e9 uma fenda geol\u00f3gica situada na Serra da Ibiapaba entre o Piau\u00ed e o Cear\u00e1 que estende por quatro munic\u00edpios: Crate\u00fas, no Cear\u00e1, Castelo, Buriti dos Montes e Juazeiro, no Piau\u00ed . O aceso \u00e9 feito atrav\u00e9s de duas estradas vicinais, uma pela cidade de Juazeiro do Piau\u00ed e outra pela cidade de Castelo do Piau\u00ed. em pared\u00f5es do c\u00e2nion Nos per\u00edodos chuvosos o acesso \u00e0 atra\u00e7\u00e3o fica inviabilizado por conta das cheias do Rio Poti.<\/p>\n<p>A melhor cidade base para contratar o passeio \u00e9 Castelo do Piau\u00ed. Os viajantes que <a href=\"https:\/\/www.mochileiros.com\/topic\/33594-c%C3%A2nion-do-rio-poti\/\">relataram o passeio pela atra\u00e7\u00e3o<\/a> foram conduzidos pelo guia Carlos Henrique (Carim)\u00a0 (<em>86<\/em>)\u00a0<em>99448-9817.\u00a0\u00a0<\/em>Outra empresa que tamb\u00e9m organiza passeios pelo c\u00e2nion \u00e9 a <strong><a href=\"https:\/\/www.facebook.com\/canyonpotyturismo\/\" target=\"_blank\" rel=\"noopener\">Canyon Poty Turismo.<\/a><\/strong><\/p>\n<h2><span class=\"ez-toc-section\" id=\"3_%E2%80%93_Fenda_do_Nick\"><\/span>3 &#8211; Fenda do Nick<span class=\"ez-toc-section-end\"><\/span><\/h2>\n<figure><img loading=\"lazy\" decoding=\"async\" src=\"https:\/\/www.mochileiros.com\/blog\/wp-content\/themes\/rehub-theme\/images\/default\/blank.gif\" sizes=\"auto, (max-width: 1080px) 100vw, 1080px\" srcset=\"https:\/\/www.mochileiros.com\/blog\/wp-content\/uploads\/2017\/02\/35509318_347281729131571_5889094766401945600_n.jpg 1080w, https:\/\/www.mochileiros.com\/blog\/wp-content\/uploads\/2017\/02\/35509318_347281729131571_5889094766401945600_n-300x200.jpg 300w, https:\/\/www.mochileiros.com\/blog\/wp-content\/uploads\/2017\/02\/35509318_347281729131571_5889094766401945600_n-1024x683.jpg 1024w, https:\/\/www.mochileiros.com\/blog\/wp-content\/uploads\/2017\/02\/35509318_347281729131571_5889094766401945600_n-768x512.jpg 768w, https:\/\/www.mochileiros.com\/blog\/wp-content\/uploads\/2017\/02\/35509318_347281729131571_5889094766401945600_n-1536x1024.jpg 1536w, https:\/\/www.mochileiros.com\/blog\/wp-content\/uploads\/2017\/02\/35509318_347281729131571_5889094766401945600_n-2048x1365.jpg 2048w, https:\/\/www.mochileiros.com\/blog\/wp-content\/uploads\/2017\/02\/35509318_347281729131571_5889094766401945600_n-225x150.jpg 225w, https:\/\/www.mochileiros.com\/blog\/wp-content\/uploads\/2017\/02\/35509318_347281729131571_5889094766401945600_n-100x67.jpg 100w, https:\/\/www.mochileiros.com\/blog\/wp-content\/uploads\/2017\/02\/35509318_347281729131571_5889094766401945600_n-525x350.jpg 525w, https:\/\/www.mochileiros.com\/blog\/wp-content\/uploads\/2017\/02\/35509318_347281729131571_5889094766401945600_n-788x525.jpg 788w, https:\/\/www.mochileiros.com\/blog\/wp-content\/uploads\/2017\/02\/35509318_347281729131571_5889094766401945600_n-450x300.jpg 450w\" alt=\"Fenda do Nick - Foto de @aryvalgas\" width=\"1080\" height=\"720\" data-src=\"https:\/\/www.mochileiros.com\/blog\/wp-content\/uploads\/2017\/02\/35509318_347281729131571_5889094766401945600_n.jpg\" \/><figcaption>Fenda do Nick &#8211; Foto de @aryvalgas &lt;&#8211; Siga no Insta<\/figcaption><\/figure>\n<p>&nbsp;<\/p>\n<p>A\u00a0<strong><a href=\"https:\/\/goo.gl\/maps\/dRNt5bga13ET1rGb9\" target=\"_blank\" rel=\"noopener noreferrer\">Fenda do Nick<\/a><\/strong>\u00a0que foi descoberta recentemente na regi\u00e3o rural de Tibagi, \u00e9 o resultado da separa\u00e7\u00e3o das paredes de uma montanha que se dividiu com um terremoto (h\u00e1 alguns milh\u00f5es de anos), formando assim um corredor de pedra de 3km de extens\u00e3o.<\/p>\n<p>A trilha segue montanha adentro por entre os pared\u00f5es de arenito que variam de 30 a 70 metros de altura e \u00e9 dividida em 3 partes ou n\u00edveis.<\/p>\n<p>Os n\u00edveis 1 e 2 s\u00e3o percorridos em caminhada leve com alguns obst\u00e1culos naturais, j\u00e1 o terceiro n\u00edvel \u00e9 feito com rapel.<\/p>\n<p>A atra\u00e7\u00e3o fica em propriedade particular e a visita deve ser guiada por um operadora de turismo local.<\/p>\n<h2><span class=\"ez-toc-section\" id=\"04_%E2%80%93_Ponta_do_Mel_e_Dunas_do_Rosado_%E2%80%93_RN\"><\/span>04 &#8211; Ponta do Mel e Dunas do Rosado &#8211; RN<span class=\"ez-toc-section-end\"><\/span><\/h2>\n<div id=\"attachment_39977\" style=\"width: 1034px\" class=\"wp-caption alignnone\"><img loading=\"lazy\" decoding=\"async\" aria-describedby=\"caption-attachment-39977\" src=\"https:\/\/www.mochileiros.com\/blog\/wp-content\/uploads\/2016\/11\/14934901451_cb7a2d0785_k-1024x683-min-1024x683.jpg\" alt=\"destinos brasil\" width=\"1024\" height=\"683\" \/><p id=\"caption-attachment-39977\" class=\"wp-caption-text\">Foto: Delson Cursino &#8211; Flickr: <a href=\"https:\/\/www.flickr.com\/photos\/99085609@N06\/albums\/72157645666514004\" target=\"_blank\" rel=\"noopener noreferrer\">Delson Cursino\u00a0 (mais fotos)<\/a><\/p><\/div>\n<p>&nbsp;<\/p>\n<p style=\"text-align: left;\">Ponta do Mel \u00e9 um vilarejo e uma praia localizado no munic\u00edpio brasileiro de Areia Branca no estado do Rio Grande do Norte. \u00c9 o \u00fanico lugar do sert\u00e3o em que este encontra-se com o mar.<\/p>\n<p style=\"text-align: left;\">O jornal Folha de S. Paulo definiu o lugar como um &#8220;vilarejo perdido no tempo, rodeado por fal\u00e9sias coloridas, dunas claras e rosadas, voltadas para o mar potiguar. Sem falar na sua gente simp\u00e1tica e receptiva, cheia de hist\u00f3rias para contar&#8221;.<\/p>\n<p style=\"text-align: left;\"><strong>Quem foi?<\/strong> O viajante Carlos Melo foi e postou um relato no Mochileiros.com sobre <a href=\"https:\/\/www.mochileiros.com\/topic\/74134-sobre-um-para%C3%ADso-chamado-praia-da-ponta-do-mel\/\" target=\"_blank\" rel=\"noopener noreferrer\"><strong>Ponta do Mel<\/strong><\/a> e outro sobre <strong><a href=\"https:\/\/www.mochileiros.com\/topic\/74150-galinhos-rn-um-para%C3%ADso-desconhecido\/\" target=\"_blank\" rel=\"noopener noreferrer\">Galinhos RN<\/a><\/strong><\/p>\n<h2 style=\"text-align: left;\"><span class=\"ez-toc-section\" id=\"05_%E2%80%93_Aripuana-_MT\"><\/span>05 &#8211; Aripuan\u00e3- MT<span class=\"ez-toc-section-end\"><\/span><\/h2>\n<div id=\"attachment_27582\" style=\"width: 1034px\" class=\"wp-caption alignnone\"><img loading=\"lazy\" decoding=\"async\" aria-describedby=\"caption-attachment-27582\" src=\"https:\/\/www.mochileiros.com\/blog\/wp-content\/uploads\/2017\/06\/Cachoeira-Salto-das-Andorinhas-em-Aripuan\u00e3-MT-011-1024x576-1024x576.jpg\" alt=\"brasil destinos\" width=\"1024\" height=\"576\" \/><p id=\"caption-attachment-27582\" class=\"wp-caption-text\">Cachoeira Salto das Andorinhas em Aripuan\u00e3 &#8211; Foto: Walter Von Eye \/ \u00a0<a href=\"http:\/\/conhecendomt.com.br\/conheca-aripuana-um-pedacinho-do-paraiso-em-mato-grossobrasil\/\" target=\"_blank\" rel=\"noopener noreferrer\">conhecendomt.com.br<\/a><\/p><\/div>\n<p>&nbsp;<\/p>\n<p style=\"text-align: left;\">Aripuan\u00e3 est\u00e1\u00a0dentro da floresta Amaz\u00f4nica\u00a0\u00e0s margens do\u00a0rio Aripuan\u00e3 que possui duas das mais belas cachoeiras do pa\u00eds: as cachoeiras de Andorinhas e Dardanellos. A\u00a0regi\u00e3o tamb\u00e9m conta com trilhas e balne\u00e1rios com piscinas naturais. A cidade fica a 990 km de Cuiab\u00e1 e na d\u00e9cada de 40 foi um dos pontos de desbravamento do\u00a0<a href=\"https:\/\/pt.wikipedia.org\/wiki\/Projeto_Rondon\" target=\"_blank\" rel=\"noopener noreferrer\">Projeto Rondon<\/a>.<\/p>\n<p style=\"text-align: left;\">A melhor \u00e9poca para chegar o mais pr\u00f3ximo das cachoeiras \u00e9 entre os meses de agosto a novembro.\u00a0J\u00e1 para quem quer contemplar as cachoeiras com m\u00e1ximo volume de \u00e1gua a melhor \u00e9poca \u00e9 \u00a0de dezembro a julho.<\/p>\n<p style=\"text-align: left;\">Voc\u00ea encontra mais informa\u00e7\u00f5es sobre Aripuan\u00e3 <a href=\"http:\/\/conhecendomt.com.br\/conheca-aripuana-um-pedacinho-do-paraiso-em-mato-grossobrasil\/\" target=\"_blank\" rel=\"noopener noreferrer\">aqui<\/a>\u00a0e\u00a0<a href=\"https:\/\/www.youtube.com\/watch?v=jrE7-8FHoiE\" target=\"_blank\" rel=\"noopener noreferrer\">aqui.<\/a><\/p>\n<h2><span class=\"ez-toc-section\" id=\"06_%E2%80%93_Laranjal_do_Jari_Cachoeira_de_Santo_Antonio_%E2%80%93_Amapa\"><\/span>06 &#8211;\u00a0Laranjal do Jar\u00ed \/ Cachoeira de Santo Ant\u00f4nio &#8211; Amap\u00e1<span class=\"ez-toc-section-end\"><\/span><\/h2>\n<div id=\"attachment_39966\" style=\"width: 1034px\" class=\"wp-caption alignnone\"><img loading=\"lazy\" decoding=\"async\" aria-describedby=\"caption-attachment-39966\" src=\"https:\/\/www.mochileiros.com\/blog\/wp-content\/uploads\/2016\/11\/0004-1024x455-min-1024x455.jpg\" alt=\"\" width=\"1024\" height=\"455\"><p id=\"caption-attachment-39966\" class=\"wp-caption-text\">Cachoeira de Santo Ant\u00f4nio &#8211; Foto: C\u00edntia Oliveira \/ <a href=\"https:\/\/www.amapaecocamping.com\/\" target=\"_blank\" rel=\"noopener noreferrer\">Amap\u00e1 EcoCamping<\/a><\/p><\/div>\n<p>&nbsp;<\/p>\n<p style=\"text-align: left;\">A regi\u00e3o da cidade Laranjal do Jari no Amap\u00e1 \u00e9 repleta de bel\u00edssimas cachoeiras com\u00a0destaque para\u00a0a Cachoeira de Santo Ant\u00f4nio (essa da foto abaixo). A cidade est\u00e1 localizada a 270 Km de Macap\u00e1, Amap\u00e1 e \u00e9 uma regi\u00e3o bel\u00edssima,\u00a0ainda muito pouqu\u00edssimo explorada pelos viajantes brazucas.<\/p>\n<p style=\"text-align: left;\"><strong>Quem foi?<\/strong> &#8211; \u00a0No blog do viajante Gabriel Penha h\u00e1 um post com algumas fotos e informa\u00e7\u00f5es que voc\u00ea pode acessar <strong><a href=\"http:\/\/gabriel-penha.blogspot.com.br\/2011\/12\/rumo-ao-sul-mais-uma-viagem-laranjal-e.html\" target=\"_blank\" rel=\"noopener noreferrer\">aqui<\/a><\/strong>\u00a0e outro relato do Blog do viajante Raoni Santos que\u00a0tamb\u00e9m viajou pela regi\u00e3o e postou suas impress\u00f5es neste post <strong><a href=\"http:\/\/poderiaviverdisso.blogspot.com.br\/2014\/02\/missao-amapa-cachoeira-santo-antonio.html\" target=\"_blank\" rel=\"noopener noreferrer\">aqui<\/a><\/strong>.<\/p>\n<h2><span class=\"ez-toc-section\" id=\"07_%E2%80%93_Lagoa_da_Lua-_Primavera_do_Leste_%E2%80%93_Mato_Grosso\"><\/span>07 &#8211; Lagoa da Lua- Primavera do Leste &#8211; Mato Grosso<span class=\"ez-toc-section-end\"><\/span><\/h2>\n<div id=\"attachment_22035\" style=\"width: 1031px\" class=\"wp-caption alignnone\"><img loading=\"lazy\" decoding=\"async\" aria-describedby=\"caption-attachment-22035\" src=\"https:\/\/www.mochileiros.com\/blog\/wp-content\/uploads\/2016\/11\/14718357_1798581017084245_8612864017939038208_n-1021x1024.jpg\" alt=\"destinos brasil\" width=\"1021\" height=\"1024\" \/><p id=\"caption-attachment-22035\" class=\"wp-caption-text\">Foto: Caroline Brito \/ Instagram: <a href=\"https:\/\/www.instagram.com\/carolinebrittoo\/\" target=\"_blank\" rel=\"noopener noreferrer\">@carolinebrittoo<\/a><\/p><\/div>\n<p>&nbsp;<\/p>\n<p style=\"text-align: left;\">A Lagoa da lua\u00a0localiza-se em uma propriedade privada e fica a 34 Km do centro de\u00a0Primavera do Leste. \u00a0O mergulho aut\u00f4nomo \u00e9 feito com cilindro de ar comprimido que oferece ao participante a possibilidade de ficar submerso por um longo per\u00edodo com acompanhamento integral de um mergulhador profissional experiente. \u00a0Com aproximadamente 8 metros de profundidade e visibilidade de 40\/50 metros de dist\u00e2ncia, a Lagoa em si \u00e9 o principal atrativo do mergulho, pois possui uma vegeta\u00e7\u00e3o aqu\u00e1tica submersa composta por ra\u00edzes, algas e caules al\u00e9m de algumas esp\u00e9cies de peixes que ao contraste com a luz solar proporcionam ao participante um cen\u00e1rio fant\u00e1stico debaixo d\u2019\u00e1gua..<\/p>\n<p style=\"text-align: left;\">Mais informa\u00e7\u00f5es: <a href=\"http:\/\/adrenalinamt.com.br\/tour\/mergulho-com-cilindro\/\" target=\"_blank\" rel=\"noopener noreferrer\">adrenalinamt.com.br\/tour\/mergulho-com-cilindro\/<\/a><\/p>\n<h2><span class=\"ez-toc-section\" id=\"08_%E2%80%93_Parque_Nacional_de_Ubajara_%E2%80%93_Ceara\"><\/span>08 &#8211; Parque Nacional de Ubajara &#8211; Cear\u00e1<span class=\"ez-toc-section-end\"><\/span><\/h2>\n<div id=\"attachment_18745\" style=\"width: 1034px\" class=\"wp-caption alignnone\"><img loading=\"lazy\" decoding=\"async\" aria-describedby=\"caption-attachment-18745\" src=\"https:\/\/www.mochileiros.com\/blog\/wp-content\/uploads\/2016\/11\/Parque_Nacional_de_Ubajara_-_Cear\u00e1_-_Brasil-1024x685-1024x685.jpg\" alt=\"destinos brasil\" width=\"1024\" height=\"685\" \/><p id=\"caption-attachment-18745\" class=\"wp-caption-text\">Parque Nacional de Ubajara &#8211; Cear\u00e1 &#8211; Foto: Divulga\u00e7\u00e3o<\/p><\/div>\n<p>&nbsp;<\/p>\n<p>O Parque Nacional de Ubajara est\u00e1 localizado na regi\u00e3o da Serra da Ibiapaba, no estado do Cear\u00e1. A grande atra\u00e7\u00e3o do parque \u00e9 a Gruta de Ubajara, a qual est\u00e1 situada em uma depress\u00e3o de 535 metros de profundidade. O acesso \u00e0 Gruta pode ser feito pela trilha principal, \u00edngreme, com uma extens\u00e3o de 7 km e percurso de 4 horas ou por meio de um telef\u00e9rico, com um percurso de 550 metros e dura\u00e7\u00e3o de 3 minutos. O parque possui tr\u00eas trilhas: Ibiapaba, Samambaia e Araticum.<\/p>\n<p>Na trilha o visitante se depara com toda a riqueza da flora do parque, como riachos e cachoeiras, sobretudo a Cachoeira do Cafund\u00f3 e Rio das Minas. \u00c9 poss\u00edvel ter, ainda, uma vis\u00e3o panor\u00e2mica do Parque por meio do Mirante, que est\u00e1 localizado \u00e0s margens do Riacho Gameleira e na borda da Chapada. O passeio \u00e0 Gruta e trilhas \u00e9 realizado com o acompanhamento de guias da ICMBio.<\/p>\n<h2><span class=\"ez-toc-section\" id=\"09_%E2%80%93_Patrimonio_da_Penha_e_Ibitirama_%E2%80%93_ES\"><\/span>09 &#8211; Patrim\u00f4nio da Penha e Ibitirama &#8211; ES<span class=\"ez-toc-section-end\"><\/span><\/h2>\n<div id=\"attachment_21245\" style=\"width: 1034px\" class=\"wp-caption alignnone\"><img loading=\"lazy\" decoding=\"async\" aria-describedby=\"caption-attachment-21245\" src=\"https:\/\/www.mochileiros.com\/blog\/wp-content\/uploads\/2016\/12\/DSC02507-1024x768.jpg\" alt=\"brasil destinos\" width=\"1024\" height=\"768\" \/><p id=\"caption-attachment-21245\" class=\"wp-caption-text\">Pedra Roxa &#8211; Fotos: Juliano de Oliveira Ribeiro &amp; Feh Almeida<\/p><\/div>\n<p style=\"text-align: left;\">A vila hippie de Patrim\u00f4nio da Penha e as cachoeiras e piscinas naturais de Ibitirama, s\u00e3o\u00a0destinos paradis\u00edacos do entorno capixaba do Parque Nacional do Capara\u00f3. \u00a0Voc\u00ea encontra mais informa\u00e7\u00f5es sobre a regi\u00e3o <strong><a href=\"http:\/\/www.mochileiros.com\/patrimonio-da-penha-ibitirama-es-t122486.html\" target=\"_blank\" rel=\"noopener noreferrer\">aqui<\/a><\/strong>, <strong><a href=\"http:\/\/oscaminhantes.com\/2013\/08\/patrimonio-da-penha-e-arredores.html\" target=\"_blank\" rel=\"noopener noreferrer\">aqui<\/a>\u00a0<\/strong>e\u00a0<strong><a href=\"http:\/\/apenasumacapixaba.blogspot.com.br\/2013\/02\/cachoeira-da-pedra-roxa.html\" target=\"_blank\" rel=\"noopener noreferrer\">aqui<\/a>.<\/strong><\/p>\n<h2><span class=\"ez-toc-section\" id=\"10-_Parque_Nacional_Montanhas_do_Tumucumaque_%E2%80%93_Amapa\"><\/span>10- Parque Nacional Montanhas do Tumucumaque &#8211; Amap\u00e1<span class=\"ez-toc-section-end\"><\/span><\/h2>\n<div id=\"attachment_22058\" style=\"width: 1034px\" class=\"wp-caption alignnone\"><img loading=\"lazy\" decoding=\"async\" aria-describedby=\"caption-attachment-22058\" src=\"https:\/\/www.mochileiros.com\/blog\/wp-content\/uploads\/2016\/11\/lcf5182-1024x681.jpg\" alt=\"brasil destinos\" width=\"1024\" height=\"681\" \/><p id=\"caption-attachment-22058\" class=\"wp-caption-text\">Parque Nacional Montanhas do Tumucumaque \u2013 Amap\u00e1 &#8211; Foto:Luciano Candisani \/ <a href=\"https:\/\/www.wwf.org.br\/informacoes\/?29965\/Ivan-um-aliado-na-protecao-do-Parque-Nacional-Montanhas-do-Tumucumaque\" target=\"_blank\" rel=\"noopener noreferrer\">WWF Brasil<\/a><\/p><\/div>\n<p style=\"text-align: left;\">O Tumucumaque \u00e9 o maior Parque Nacional do Brasil e uma das maiores \u00e1reas de floresta tropical protegidas do mundo. Est\u00e1 localizado numa por\u00e7\u00e3o da floresta amaz\u00f4nica ainda pouco conhecida, na regi\u00e3o conhecida como Escudo das Guianas, ao noroeste do Amap\u00e1. Para quem optar sobrevoar o parque, \u00e9 poss\u00edvel avistar um extenso tapete verde de copas de \u00e1rvores e os desenhos dos rios Araguari, Oiapoque, Amapari e Jar\u00ed. Serra do Navio \u00e9 um munic\u00edpio com cerca de cinco mil habitantes e \u00e9 uma das portas de entrada do Parque Nacional Montanhas do Tumucumaque, por meio do rio Amapari. 72% de sua \u00e1rea est\u00e1 dentro da unidade de conserva\u00e7\u00e3o.<\/p>\n<p><strong>Quem foi?<\/strong> O\u00a0<a title=\"\" href=\"http:\/\/www.mochileiros.com\/member\/Hiltonmc\/\" data-original-title=\"\" data-original->Hiltonmc<\/a>\u00a0foi e conta pra gente <strong><a href=\"http:\/\/www.mochileiros.com\/tumucumaque-a-floresta-um-sonho-realizado-t105967.html\" target=\"_blank\" rel=\"noopener noreferrer\">aqui<\/a><\/strong><\/p>\n<h2><span class=\"ez-toc-section\" id=\"11_%E2%80%93_Salto_do_Yucuma_%E2%80%93_Rio_Grande_do_Sul\"><\/span>11 &#8211; Salto do Yucum\u00e3 &#8211; Rio Grande do Sul<span class=\"ez-toc-section-end\"><\/span><\/h2>\n<div id=\"attachment_5427\" style=\"width: 1034px\" class=\"wp-caption alignnone\"><img loading=\"lazy\" decoding=\"async\" aria-describedby=\"caption-attachment-5427\" src=\"https:\/\/www.mochileiros.com\/blog\/wp-content\/uploads\/2013\/02\/IMG_7142-1024x683.jpg\" alt=\"\" width=\"1024\" height=\"683\"><p id=\"caption-attachment-5427\" class=\"wp-caption-text\">Salto do Yucum\u00e3 &#8211; Foto: Silnei L Andrade\/ Mochileiros.com<\/p><\/div>\n<p style=\"text-align: left;\">No extremo noroeste do Estado do Rio Grande do Sul, fazendo divisa com a Argentina (e dividindo com o vizinho a beleza, assim como o faz com Foz do Igua\u00e7u) est\u00e1 o maior salto longitudinal do planeta. S\u00e3o 1800m de extens\u00e3o por onde deitam as \u00e1guas do Rio Uruguai. E \u00e9 na \u00e9poca de seca que o Salto revela todo seu esplendor. Por\u00e9m uma barragem est\u00e1 colocando este destino em perigo de desaparecer.<\/p>\n<p style=\"text-align: left;\"><strong>Quem foi?<\/strong> N\u00f3s fomos e contamos tudo pra voc\u00ea\u00a0<strong><a href=\"https:\/\/www.mochileiros.com\/blog\/destinos\/salto-do-yucuma\" target=\"_blank\" rel=\"noopener noreferrer\">aqui<\/a><\/strong><\/p>\n<h2><span class=\"ez-toc-section\" id=\"12_%E2%80%93_Chapada_da_Serra_Vermelha_%E2%80%93_Piaui\"><\/span>12 &#8211; Chapada da Serra Vermelha &#8211; Piau\u00ed<span class=\"ez-toc-section-end\"><\/span><\/h2>\n<p><img loading=\"lazy\" decoding=\"async\" src=\"https:\/\/www.mochileiros.com\/blog\/wp-content\/uploads\/2015\/03\/Serra.Vermelha.640.178.jpg\" alt=\"\" width=\"962\" height=\"640\"><\/p>\n<p style=\"text-align: left;\">A Serra Vermelha \u00e9 um imenso chapad\u00e3o no Sul do Piau\u00ed com 4.900 Km\u00b2 e abriga as nascentes dos rios Piau\u00ed e Itaueira. Seria transformada em Parque Nacional em 2007, por\u00e9m s\u00f3 ficou no papel e no momento seu futuro est\u00e1 nas m\u00e3os da justi\u00e7a que decidir\u00e1 se \u00e9 uma \u00e1rea de Mata Atl\u00e2ntica ou Caatinga. Sua classifica\u00e7\u00e3o \u00e9 discutida por pesquisadores, conservacionistas, uma empresa privada (a JB Carbon SA.), o governo do Estado do Piau\u00ed, o Minist\u00e9rio P\u00fablico Federal, dentre outros, e o motivo de tamanha disc\u00f3rdia para o enquadramento do bioma em determinada categoria, s\u00e3o as consequ\u00eancias que isso ocasionar\u00e1. Se for enquadrada como caatinga, haver\u00e1 maior facilidade de explorar a \u00e1rea para a produ\u00e7\u00e3o de carv\u00e3o, o que n\u00e3o ocorrer\u00e1 se for enquadrada como mata atl\u00e2ntica, que est\u00e1 legalmente protegida pela constitui\u00e7\u00e3o, e a explora\u00e7\u00e3o da mesma ficar\u00e1 completamente inviabilizada.<\/p>\n<h2><span class=\"ez-toc-section\" id=\"13_%E2%80%93_Serra_do_Tepequem_%E2%80%93_Roraima\"><\/span>13 &#8211; Serra do Tepequ\u00e9m &#8211; Roraima<span class=\"ez-toc-section-end\"><\/span><\/h2>\n<div id=\"attachment_39974\" style=\"width: 1034px\" class=\"wp-caption alignnone\"><img loading=\"lazy\" decoding=\"async\" aria-describedby=\"caption-attachment-39974\" src=\"https:\/\/www.mochileiros.com\/blog\/wp-content\/uploads\/2016\/11\/20140315_113329-1024x576-1024x576-min-1024x576.jpg\" alt=\"\" width=\"1024\" height=\"576\"><p id=\"caption-attachment-39974\" class=\"wp-caption-text\">Serra do Tepequ\u00e9m &#8211; Roraima &#8211; Foto: Ingrid Kelly \/ Blog: <a href=\"http:\/\/asaltasaventurasemroraima.blogspot.com\/\" target=\"_blank\" rel=\"noopener noreferrer\">As altas aventuras em Roraima<\/a><\/p><\/div>\n<p style=\"text-align: left;\">A serra do Tepequ\u00e9m est\u00e1 a 210Km de\u00a0Boa Vista em Roraima, localizada no munic\u00edpio de Amajari. \u00a0O Tepequ\u00e9m \u00e9 visto como ponto de alto potencial tur\u00edstico.\u00a0Os atrativos tur\u00edsticos da regi\u00e3o s\u00e3o: Cachoeiras do Paiva, Barata, Sobral, Funil, Laje Preta e Laje Verde (descoberta recentemente),\u00a0Plat\u00f4 (ponto mais alto do Tepequ\u00e9m), Para\u00edso das Araras, Enseada da Anta (uma \u00e1rea conservada onde pode-se observar facilmente v\u00e1rios\u00a0animais, aves e insetos), caminho da Pedra Sab\u00e3o (local que os moradores retiram a pedra sab\u00e3o para a cria\u00e7\u00e3o de pe\u00e7as artesanais), a\u00a0vila do Cabo Sobral (um ponto alto do turismo, onde s\u00e3o encontradas casas antigas e resqu\u00edcios do garimpo que foi praticado no\u00a0Tepequ\u00e9m) e as grunas ou grutas subterr\u00e2neas.<\/p>\n<p style=\"text-align: left;\"><strong>Quem foi?<\/strong> &#8211; O viajante Jay Junior e ooutros viajantes postaram algumas informa\u00e7\u00f5es nesse t\u00f3pico <a href=\"http:\/\/www.mochileiros.com\/serra-do-tapequem-t70387.html\" target=\"_blank\" rel=\"noopener noreferrer\">aqui<\/a>\u00a0no Mochileiros.com.<br \/>\n<strong>Mais informa\u00e7\u00f5es:<\/strong>\u00a0www.turismo.rr.gov.br<\/p>\n<h2><span class=\"ez-toc-section\" id=\"14_%E2%80%93_Ilha_da_Trindade_%E2%80%93_Espirito_Santo\"><\/span>14 &#8211; Ilha da Trindade &#8211; Esp\u00edrito Santo<span class=\"ez-toc-section-end\"><\/span><\/h2>\n<div id=\"attachment_39965\" style=\"width: 1034px\" class=\"wp-caption alignnone\"><img loading=\"lazy\" decoding=\"async\" aria-describedby=\"caption-attachment-39965\" src=\"https:\/\/www.mochileiros.com\/blog\/wp-content\/uploads\/2016\/11\/1rd_Trindade_simonemarinho-1024x683-min-1024x683.jpg\" alt=\"Brasil destinos\" width=\"1024\" height=\"683\" \/><p id=\"caption-attachment-39965\" class=\"wp-caption-text\">Foto: Simone Marinho \/ Wikimedia Commons<\/p><\/div>\n<p style=\"text-align: left;\">A Ilha de Trindade fica a 1.167 km de Vit\u00f3ria (ES) e a 2.400 km da \u00c1frica e pertence ao arquip\u00e9lago &#8220;Trindade e Martim Vaz&#8221; que \u00e9 constitu\u00eddo por duas ilhas (Trindade e Martim Vaz), separadas por 48 quil\u00f4metros. Juntas somam uma \u00e1rea total de 10,4 km\u00b2. \u00a0\u00c9 um destino pra poucos e que s\u00f3 pode ser visitado com permiss\u00e3o da Marinha, al\u00e9m de ser extremamente dif\u00edcil ancorar em sua costa, pois \u00e9 considerada\u00a0pelos navegadores, como um imenso pared\u00e3o no meio do Atl\u00e2ntico. \u00a0Conhe\u00e7a (<a href=\"https:\/\/www.marinha.mil.br\/secirm\/protrindade\" target=\"_blank\" rel=\"noopener noreferrer\">aqui<\/a>) o programa de Pesquisas Cient\u00edficas da Ilha de Trindade.<\/p>\n<p style=\"text-align: left;\"><strong>Quem foi?<\/strong> &#8211; Uma reportagem da Folha de S\u00e3o Paulo esteve por l\u00e1 e fez fotos espetaculares que voc\u00ea pode conferir <a href=\"http:\/\/www1.folha.uol.com.br\/folha\/turismo\/aventura\/ilha_da_trindade.shtml\" target=\"_blank\" rel=\"noopener noreferrer\">aqui<\/a>.<\/p>\n<h2><span class=\"ez-toc-section\" id=\"15_%E2%80%93_Parque_Estadual_Cachoeira_da_Fumaca_%E2%80%93_Espirito_Santo\"><\/span>15 &#8211; Parque Estadual Cachoeira da Fuma\u00e7a &#8211; Esp\u00edrito Santo<span class=\"ez-toc-section-end\"><\/span><\/h2>\n<div id=\"attachment_39975\" style=\"width: 1034px\" class=\"wp-caption alignnone\"><img loading=\"lazy\" decoding=\"async\" aria-describedby=\"caption-attachment-39975\" src=\"https:\/\/www.mochileiros.com\/blog\/wp-content\/uploads\/2016\/11\/5347181262_b27e1d70ab_b-1024x680-min-1024x680.jpg\" alt=\"\" width=\"1024\" height=\"680\"><p id=\"caption-attachment-39975\" class=\"wp-caption-text\">Parque Estadual Cachoeira da Fuma\u00e7a &#8211; Esp\u00edrito Santo &#8211; Foto: Victor Domingues \/ <a href=\"https:\/\/www.flickr.com\/photos\/victordomingues\/\" target=\"_blank\" rel=\"noopener noreferrer\">Flickr:\u00a0Victor Domingues<\/a><\/p><\/div>\n<p style=\"text-align: left;\">O Parque Estadual da Cachoeira da Fuma\u00e7a est\u00e1 localizado no Munic\u00edpio de Alegre, distante aproximadamente 33 Km da sede municipal e 228 Km da capital do Esp\u00edrito Santo. O acesso se d\u00e1 por estrada pavimentada com cal\u00e7amento de paralelep\u00edpedo, em perfeitas condi\u00e7\u00f5es de tr\u00e1fego de ve\u00edculos de pequeno porte.<\/p>\n<p style=\"text-align: left;\">O parque \u00e9 formado por quatro trilhas, com n\u00edveis diferentes de dificuldade. As visitas podem ser feitas com o aux\u00edlio de guias, que s\u00e3o moradores da regi\u00e3o habilitados para oferecer informa\u00e7\u00f5es. At\u00e9 chegar a cachoeira, s\u00e3o 800 metros a p\u00e9 pela Mata Atl\u00e2ntica preservada.<\/p>\n<p style=\"text-align: left;\">O Parque \u00e9 aberto \u00e0 visita\u00e7\u00e3o diariamente das 8h \u00e0s 17h e possui estrutura de banheiros, estacionamento, trilhas sinalizadas e \u00e1reas de lazer<\/p>\n<h2><span class=\"ez-toc-section\" id=\"16_%E2%80%93_Mambai_%E2%80%93_Goias\"><\/span>16 &#8211; Mamba\u00ed &#8211; Goi\u00e1s<span class=\"ez-toc-section-end\"><\/span><\/h2>\n<div id=\"attachment_30726\" style=\"width: 1034px\" class=\"wp-caption alignnone\"><img loading=\"lazy\" decoding=\"async\" aria-describedby=\"caption-attachment-30726\" src=\"https:\/\/www.mochileiros.com\/blog\/wp-content\/uploads\/2016\/11\/32destinosbr-1024x768.jpg\" alt=\"\" width=\"1024\" height=\"768\"><p id=\"caption-attachment-30726\" class=\"wp-caption-text\">Mamba\u00ed &#8211; Goi\u00e1s &#8211; Po\u00e7o Azul &#8211; Foto: Lucas Citolin \/ Instagram: <a href=\"https:\/\/www.instagram.com\/lcitolin\/\" target=\"_blank\" rel=\"noopener noreferrer\">@lcitolin<\/a><\/p><\/div>\n<p style=\"text-align: left;\">&#8220;A pouco mais de 300 km de Bras\u00edlia, a cidade de Mamba\u00ed abriga belas cachoeiras e cavernas ainda pouco conhecidas, al\u00e9m de op\u00e7\u00f5es de esportes radicais como tirolesa e rapel. A maior parte dos passeios s\u00f3 pode ser feita com acompanhamento de guia atrav\u00e9s de ag\u00eancia de turismo local.<br \/>\nA cidade \u00e9 de pequeno porte, por\u00e9m nos \u00faltimos anos vem passando por um vertiginoso crescimento. Possui algumas op\u00e7\u00f5es de restaurantes econ\u00f4micos e lanchonetes simples.<\/p>\n<p style=\"text-align: left;\"><strong>Hospedagem<\/strong><br \/>\nNa cidade h\u00e1 duas op\u00e7\u00f5es de pousadas &#8211; Maredu e Cerrado &#8211; e tr\u00eas hot\u00e9is &#8211; Maris, APM e Savana. Os hot\u00e9is estavam custando de R$85 a R$100 no per\u00edodo<\/p>\n<p style=\"text-align: left;\">Ficamos na pousada Maredu por R$70 a di\u00e1ria pro casal. A pousada fica perto do gin\u00e1sio e \u00e9 bem simples, com TV, wi-fi fraca e um caf\u00e9 da manh\u00e3 com uma ou duas op\u00e7\u00f5es de frutas, suco, caf\u00e9, p\u00e3o e biscoito de queijo e bolo.<\/p>\n<p style=\"text-align: left;\"><strong>Estrada (dist\u00e2ncias e condi\u00e7\u00e3o)<\/strong><br \/>\nDe Bras\u00edlia, pegue a sa\u00edda norte e siga pela BR-020 at\u00e9 o trevo com indica\u00e7\u00e3o de Mamba\u00ed a aproximadamente 260 km de Bras\u00edlia. Do trevo at\u00e9 Mamba\u00ed s\u00e3o pouco mais de 50 km. A estrada quase toda est\u00e1 muito boa. H\u00e1 apenas alguns pequenos trechos com buracos.&#8221;<\/p>\n<p style=\"text-align: left;\"><strong>Quem foi?<\/strong> : \u00a0O Anderson Paz foi contou como foi pra gente\u00a0<strong><a href=\"http:\/\/www.mochileiros.com\/terra-ronca-e-mambai-cavernas-e-cachoeiras-incriveis-e-ainda-pouco-conhecidas-t110534.html\" target=\"_blank\" rel=\"noopener noreferrer\">aqui<\/a><\/strong><\/p>\n<h2><span class=\"ez-toc-section\" id=\"17_%E2%80%93_Campo_Novo_do_Parecis_%E2%80%93_MT\"><\/span>17 &#8211; Campo Novo do Parecis &#8211; MT<span class=\"ez-toc-section-end\"><\/span><\/h2>\n<div id=\"attachment_34011\" style=\"width: 1034px\" class=\"wp-caption alignnone\"><img loading=\"lazy\" decoding=\"async\" aria-describedby=\"caption-attachment-34011\" src=\"https:\/\/www.mochileiros.com\/blog\/wp-content\/uploads\/2016\/11\/parecischamafb-1024x576.jpg\" alt=\"\" width=\"1024\" height=\"576\"><p id=\"caption-attachment-34011\" class=\"wp-caption-text\">Rio Sacre &#8211; Foto: Luiz \/ <a href=\"https:\/\/www.youtube.com\/channel\/UCgSvmjIYi8uswAlbBDU2Jpw\" target=\"_blank\" rel=\"noopener noreferrer\">DroneParecis<\/a><\/p><\/div>\n<p style=\"text-align: left;\">Voc\u00ea n\u00e3o sabia, mas Campo Novo do Parecis provavelmente esteve presente naquela sess\u00e3o de cinema e nas suas maratonas de filmes sobre viagem no Netflix (sugest\u00f5es de filmes que a gente publicou <a href=\"https:\/\/www.mochileiros.com\/blog\/livros-cinema-afins\/25-filmes-de-viagem-para-assistir-no-netflix\" target=\"_blank\" rel=\"noopener noreferrer\">aqui<\/a>, <a href=\"https:\/\/www.mochileiros.com\/blog\/livros-cinema-afins\/mais-30-filmes-sobre-viagem-para-assistir-no-netflix\" target=\"_blank\" rel=\"noopener noreferrer\">aqui<\/a>, <a href=\"https:\/\/www.mochileiros.com\/blog\/livros-cinema-afins\/15-comedias-romanticas-sobre-viagem-para-assistir-no-netflix\" target=\"_blank\" rel=\"noopener noreferrer\">aqui<\/a> e <a href=\"https:\/\/www.mochileiros.com\/blog\/livros-cinema-afins\/10-documentarios-de-viagem-para-assistir-no-netflix\" target=\"_blank\" rel=\"noopener noreferrer\">aqui<\/a>). O munic\u00edpio\u00a0\u00e9 o maior produtor nacional de girassol e milho de pipoca\u00a0e\u00a042% do seu territ\u00f3rio\u00a0\u00e9 empregado na planta\u00e7\u00e3o destes\u00a0gr\u00e3os.<br \/>\nAl\u00e9m das belas paisagens dos campos de girassol, a cidade\u00a0\u00e9 recortada pelo\u00a0rio Sacre\u00a0(rio Verde) com \u00e1guas cristalinas e esverdeadas que ao\u00a0longo de seu percurso\u00a0formam\u00a0diversas piscinas naturais com leito de areia branca e quedas d\u00b4dagua. Um verdadeiro para\u00edso escondido na regi\u00e3o amaz\u00f4nica. Al\u00e9m dos balne\u00e1rios, cujos\u00a0principais s\u00e3o o Rio Verde\u00a0e o Hawai, h\u00e1 tamb\u00e9m 2 cachoeiras monumentais: o Salto Utiariti\u00a0com 98 metros de queda d`\u00e1gua\u00a0e\u00a0o Salto Belo com 45 metros de altura.<\/p>\n<p style=\"text-align: left;\">Mais informa\u00e7\u00f5es sobre Campo Novo do Parecis voc\u00ea encontra <a href=\"http:\/\/terraparecis.com.br\/site\/category\/atracoes\/\" target=\"_blank\" rel=\"noopener noreferrer\">aqui<\/a>, <a href=\"http:\/\/conhecendomt.com.br\/conheca-campo-novo-do-parecis-voce-vai-se-encantar-com-as-belezas-do-lugar\/\" target=\"_blank\" rel=\"noopener noreferrer\">aqui<\/a> e <a href=\"https:\/\/www.youtube.com\/results?search_query=rio+sacre\" target=\"_blank\" rel=\"noopener noreferrer\">aqui<\/a>.<\/p>\n<h2><span class=\"ez-toc-section\" id=\"18_%E2%80%93_Parque_Nacional_da_Serra_das_Confusoes_%E2%80%93_Piaui\"><\/span>18 &#8211; Parque Nacional da Serra das Confus\u00f5es &#8211; Piau\u00ed<span class=\"ez-toc-section-end\"><\/span><\/h2>\n<p><img loading=\"lazy\" decoding=\"async\" src=\"https:\/\/www.mochileiros.com\/blog\/wp-content\/uploads\/2016\/11\/Serra_das_Confusoes_Piaui.jpg\" alt=\"\" width=\"1000\" height=\"665\"><\/p>\n<p style=\"text-align: left;\">O parque nacional da Serra das Confus\u00f5es est\u00e1 localizado na regi\u00e3o sudoeste do estado do Piau\u00ed e possui in\u00fameros s\u00edtios arqueol\u00f3gicos . Entre os atrativos est\u00e3o as grutas, cavernas e forma\u00e7\u00f5es rochosas. Apenas o Desfiladeiro das Andorinhas e a Gruta do Riacho dos Bois podem ser visitados em carro convencional ou a p\u00e9. As demais atra\u00e7\u00f5es (como Moqu\u00e9m e Chapada dos Gerais) requer a utiliza\u00e7\u00e3o de carro com tra\u00e7\u00e3o nas quatro rodas. Para conhecer os atrativos do parque, \u00e9 necess\u00e1rio estar acompanhado de um condutor credenciado pela Associa\u00e7\u00e3o de Condutores do Parque Nacional da Serra das Confus\u00f5es.<\/p>\n<p style=\"text-align: left;\"><strong>Quem foi?<\/strong>: O\u00a0<a title=\"\" href=\"http:\/\/www.mochileiros.com\/member\/Luis%20Arau\/\" data-original-title=\"\" data-original->Luis Arau<\/a>\u00a0foi e contou pra gente como foi nesse <strong><a href=\"http:\/\/www.mochileiros.com\/de-sao-paulo-ao-jalapao-sem-guia-serra-das-confusoes-e-serra-da-capivara-parte-1-t49594.html\" target=\"_blank\" rel=\"noopener noreferrer\">relato<\/a><\/strong><\/p>\n<h2><span class=\"ez-toc-section\" id=\"19_%E2%80%93_Parque_Estadual_de_Terra_Ronca_%E2%80%93_Goias\"><\/span>19 &#8211; Parque Estadual de Terra Ronca &#8211; Goi\u00e1s<span class=\"ez-toc-section-end\"><\/span><\/h2>\n<div id=\"attachment_33081\" style=\"width: 1034px\" class=\"wp-caption alignnone\"><img loading=\"lazy\" decoding=\"async\" aria-describedby=\"caption-attachment-33081\" src=\"https:\/\/www.mochileiros.com\/blog\/wp-content\/uploads\/2016\/11\/terra-ronca-caves-brazil-3-1024x679.jpg\" alt=\"\" width=\"1024\" height=\"679\"><p id=\"caption-attachment-33081\" class=\"wp-caption-text\">Caverna no Parque Estadual de Terra Ronca \u2013 Foto:\u00a0Caio Ribeiro\u00a0|\u00a0CC BY 4.0<\/p><\/div>\n<p style=\"text-align: left;\">&#8220;O\u00a0Parque Estadual de Terra Ronca em S\u00e3o Domingos no estado de Goi\u00e1s \u00e9 um dos maiores complexos espeleol\u00f3gicos do mundo. S\u00e3o mais de 60 cavernas \u201cmolhadas\u201d atravessadas por rios, e 200 \u201ccavernas secas\u201d, sete delas constam da lista das trinta maiores cavernas do Brasil. A Ang\u00e9lica, com 14.100 metros de extens\u00e3o \u00e9 a 4\u00aa colocada do pa\u00eds. S\u00e3o v\u00e1rias cavernas esculpidas por rios, com forma\u00e7\u00f5es moldadas durante milh\u00f5es de anos, desde que a regi\u00e3o era banhada pelo mar, no per\u00edodo Pr\u00e9-Cambriano superior. \u00c9 uma regi\u00e3o de cerrado, com fauna e flora das mais ricas do pa\u00eds, tem centenas de cachoeiras e rios interessantes. Vale a pena conhecer!&#8221; &#8211; \u00a0Dica do viajante\u00a0Leovigildo Santos<\/p>\n<p style=\"text-align: left;\"><strong>Quem foi?<\/strong> &#8211; H\u00e1 alguns relatos no Mochileiros.com que voc\u00ea pode conferir <strong><a href=\"http:\/\/www.mochileiros.com\/parque-estadual-terra-ronca-peter-go-t79164.html\" target=\"_blank\" rel=\"noopener noreferrer\">aqui<\/a><\/strong>, <strong><a href=\"http:\/\/www.mochileiros.com\/terra-ronca-e-mambai-cavernas-e-cachoeiras-incriveis-e-ainda-pouco-conhecidas-t110534.html\" target=\"_blank\" rel=\"noopener noreferrer\">aqui<\/a><\/strong>, <strong><a href=\"http:\/\/www.mochileiros.com\/parque-estadual-de-terra-ronca-goias-perguntas-e-respostas-t11946.html\" target=\"_blank\" rel=\"noopener noreferrer\">aqui<\/a><\/strong> e <strong><a href=\"http:\/\/www.mochileiros.com\/chapada-diamantina-e-terra-ronca-t103770.html\" target=\"_blank\" rel=\"noopener noreferrer\">aqui<\/a><\/strong>.<\/p>\n<h2><span class=\"ez-toc-section\" id=\"20_%E2%80%93_Lagoa_Azul_em_Sao_Desiderio_%E2%80%93_Bahia\"><\/span>20 &#8211; Lagoa Azul em S\u00e3o Desid\u00e9rio &#8211; Bahia<span class=\"ez-toc-section-end\"><\/span><\/h2>\n<div id=\"attachment_22043\" style=\"width: 1034px\" class=\"wp-caption alignnone\"><img loading=\"lazy\" decoding=\"async\" aria-describedby=\"caption-attachment-22043\" src=\"https:\/\/www.mochileiros.com\/blog\/wp-content\/uploads\/2016\/11\/11355996_1599698156963430_945354066_n-1024x1024.jpg\" alt=\"\" width=\"1024\" height=\"1024\"><p id=\"caption-attachment-22043\" class=\"wp-caption-text\">Foto:\u00a0Hayd\u00e9e Lins \/ Instagram:\u00a0@haydeelins<\/p><\/div>\n<p style=\"text-align: left;\">Formada por um rio subterr\u00e2neo, a Lagoa Azul fica em uma \u00e1rea de prote\u00e7\u00e3o ambiental do Parque Municipal da Lagoa Azul. \u00c9 um dos mais belos pontos tur\u00edsticos de S\u00e3o Desid\u00e9rio. Cercada por pared\u00f5es rochosos, a \u00e1gua majestosamente calma pode chegar a cerca de 40 metros de profundidade. O sil\u00eancio e a natureza intocada tornam o cen\u00e1rio \u00fanico, de beleza indescrit\u00edvel e um convite \u00e0 contempla\u00e7\u00e3o. O acesso ao local exige acompanhamento de guia tur\u00edstico.<\/p>\n<h2><span class=\"ez-toc-section\" id=\"21_%E2%80%93_Lagoa_Azul_%E2%80%93_Povoado_de_Baixio_%E2%80%93_Bahia\"><\/span>21 &#8211; Lagoa Azul &#8211; Povoado de Baixio &#8211; Bahia<span class=\"ez-toc-section-end\"><\/span><\/h2>\n<div id=\"attachment_39978\" style=\"width: 1034px\" class=\"wp-caption alignnone\"><img loading=\"lazy\" decoding=\"async\" aria-describedby=\"caption-attachment-39978\" src=\"https:\/\/www.mochileiros.com\/blog\/wp-content\/uploads\/2016\/11\/baixio-1024x768-min-1024x768.jpg\" alt=\"\" width=\"1024\" height=\"768\"><p id=\"caption-attachment-39978\" class=\"wp-caption-text\">Foto: Ana Carolina Tavares &#8211; Instagram: @aninha_pt<\/p><\/div>\n<p style=\"text-align: left;\">Com dunas de areia branca nas margens \u00e9 a mais conhecida lagoa do Povoado de Baixio, no munic\u00edpio de Esplanada na Bahia. Nela, s\u00f3 podem entrar 120 pessoas por dia, divididas em grupos. O trajeto at\u00e9 l\u00e1 tem 1,5 quil\u00f4metro e costuma ser percorrido em 30 minutos. \u00c9 poss\u00edvel fazer o passeio de carro. Mas s\u00f3 d\u00e1 para encarar naqueles com tra\u00e7\u00e3o nas quatros rodas. Caso resolva ir por conta pr\u00f3pria, o ve\u00edculo s\u00f3 chega at\u00e9 os port\u00f5es da propriedade. O resto do caminho deve ser feito a p\u00e9. Para pedestres, o acesso \u00e0 trilha custa R$ 10. O passeio de ve\u00edculos 4&#215;4 com dura\u00e7\u00e3o de duas horas custa R$ 40 por pessoa. A visita\u00e7\u00e3o rola das 8h \u00e0s 18h. \u00c9 indicado levar bebida e comida, pois n\u00e3o h\u00e1 barraca no local. N\u00e3o esque\u00e7a, \u00e9 claro, de deixar a \u00e1rea limpa antes de ir embora. A preserva\u00e7\u00e3o ambiental \u00e9 levada a s\u00e9rio na regi\u00e3o que conta com mais atra\u00e7\u00f5es como a Lagoa da Panela, Lagoa do Mamucabo, Lagoa Verde e a Barra do Inhambupe.<\/p>\n<h2><span class=\"ez-toc-section\" id=\"22_%E2%80%93_Prudentopolis_%E2%80%93_Parana\"><\/span>22 &#8211; Prudent\u00f3polis &#8211; Paran\u00e1<span class=\"ez-toc-section-end\"><\/span><\/h2>\n<div id=\"attachment_39970\" style=\"width: 1034px\" class=\"wp-caption alignnone\"><img loading=\"lazy\" decoding=\"async\" aria-describedby=\"caption-attachment-39970\" src=\"https:\/\/www.mochileiros.com\/blog\/wp-content\/uploads\/2016\/11\/14504683_1902698743292213_4191794055471955968_n-1024x1024-min.jpg\" alt=\"\" width=\"1024\" height=\"1024\"><p id=\"caption-attachment-39970\" class=\"wp-caption-text\">Foto:\u00a0Guaraci Monteiro \/ Instagram:\u00a0@monteiroguaraci<\/p><\/div>\n<p style=\"text-align: left;\">Prudent\u00f3polis no Paran\u00e1 possui mais de 100 cachoeiras catalogadas e muitas delas com mais de cem metros de altura e \u00e9 na cidade\u00a0que nasce o maior rio em extens\u00e3o do Paran\u00e1, o rio Iva\u00ed; ele nasce no encontro do rio dos Patos com o rio S\u00e3o Jo\u00e3o. A coloniza\u00e7\u00e3o ucraniana proporciona a Prudent\u00f3polis diversas atividades festivas t\u00edpicas da cultura ucraniana, com destaque ao Grupo Folcl\u00f3rico Vesselka e a Noite Ucraniana. O munic\u00edpio tamb\u00e9m se destaca pela produ\u00e7\u00e3o de um dos mais famosos salames, conhecido como &#8220;Krak\u00f3via&#8221; que tem um sabor inigual\u00e1vel.<\/p>\n<p style=\"text-align: left;\"><strong>Quem foi?<\/strong> &#8211; No Mochileiros.com h\u00e1 v\u00e1rios t\u00f3picos sobre a cidade que voc\u00ea pode ver <a href=\"http:\/\/www.mochileiros.com\/relato-de-viagem-prudentopolis-pr-a-terra-das-cachoeiras-gigantes-t92974.html\" target=\"_blank\" rel=\"noopener noreferrer\">aqui<\/a>, <a href=\"http:\/\/www.mochileiros.com\/prudentopolis-t84296.html\" target=\"_blank\" rel=\"noopener noreferrer\">aqui<\/a>, <a href=\"http:\/\/www.mochileiros.com\/prudentopolis-pr-cachoeiras-gigantes-2-dias-t79078.html\" target=\"_blank\" rel=\"noopener noreferrer\">aqui<\/a>\u00a0e\u00a0<a href=\"http:\/\/www.mochileiros.com\/salto-sao-francisco-guarapuava-pr-08-12-2012-t76979.html\" target=\"_blank\" rel=\"noopener noreferrer\">aqui<\/a>.<\/p>\n<h2><span class=\"ez-toc-section\" id=\"23_%E2%80%93_Hidrolandia_Parque_%E2%80%93_Iuna_%E2%80%93_ES\"><\/span>23 &#8211; Hidrol\u00e2ndia Parque \u2013 I\u00fana \u2013 ES<span class=\"ez-toc-section-end\"><\/span><\/h2>\n<p style=\"text-align: left;\"><img loading=\"lazy\" decoding=\"async\" src=\"https:\/\/www.mochileiros.com\/blog\/wp-content\/uploads\/2016\/11\/DSC04057-01-1024x576-min-1024x576.jpeg\" alt=\"\" width=\"1024\" height=\"576\"><\/p>\n<p style=\"text-align: left;\">Hidrol\u00e2ndia, uma verdadeira raridade paradis\u00edaca do nosso Esp\u00edrito Santo. Com \u00e1guas cristalinas, linda fauna e flora. \u00a0&#8230;.nada se tira a n\u00e3o ser fotos, nada se deixa a n\u00e3o ser pegadas, nada se mata a n\u00e3o ser o tempo&#8230;<\/p>\n<p style=\"text-align: left;\">Mais informa\u00e7\u00f5es:\u00a0<strong><a href=\"http:\/\/blogdestinoes.com.br\/hidrolandia\/\" target=\"_blank\" rel=\"noopener noreferrer\">http:\/\/blogdestinoes.com.br\/hidrolandia\/<\/a><\/strong><\/p>\n<h2><span class=\"ez-toc-section\" id=\"24_%E2%80%93_Senges_Vale_do_Jaguaricatu_%E2%80%93_Parana\"><\/span>24 &#8211; Seng\u00e9s \/ Vale do Jaguaricat\u00fa &#8211; Paran\u00e1<span class=\"ez-toc-section-end\"><\/span><\/h2>\n<div id=\"attachment_39968\" style=\"width: 1034px\" class=\"wp-caption alignnone\"><img loading=\"lazy\" decoding=\"async\" aria-describedby=\"caption-attachment-39968\" src=\"https:\/\/www.mochileiros.com\/blog\/wp-content\/uploads\/2016\/11\/5044861-1024x768-min-1024x768.jpg\" alt=\"\" width=\"1024\" height=\"768\"><p id=\"caption-attachment-39968\" class=\"wp-caption-text\">C\u00e2nion do Jaguaricat\u00fa &#8211; Foto: Rubens Rosa \/ Panoramio<\/p><\/div>\n<p style=\"text-align: left;\">O Vale do Jaguaricat\u00fa est\u00e1 localizado na cidade Seng\u00e9s no Paran\u00e1 em uma regi\u00e3o de Cerrado e Mata Atl\u00e2ntica e oferece aos viajantes paisagens \u00fanicas como a do Canyon Jaguaricat\u00fa (o da foto abaixo), grutas com inscri\u00e7\u00f5es rupestres, fal\u00e9sias e uma rica vegeta\u00e7\u00e3o, al\u00e9m de v\u00e1rias cachoeiras e o mirante do Corisco, onde se pode vislumbrar a cachoeira formada pelo Rio Capivari.<br \/>\n<strong>Quem foi?<\/strong> &#8211; No Mochileiros.com h\u00e1 relatos de alguns viajante que j\u00e1 passaram por l\u00e1. Confira nestes t\u00f3picos <a href=\"http:\/\/www.mochileiros.com\/conhecendo-senges-pr-a-cidade-das-cachoeiras-t93630.html\" target=\"_blank\" rel=\"noopener noreferrer\">aqui<\/a>,\u00a0<a href=\"http:\/\/www.mochileiros.com\/senges-pr-e-itarare-sp-feriadao-de-muito-sol-cachoeiras-e-canyons-t76066.html\" target=\"_blank\" rel=\"noopener noreferrer\">aqui<\/a>, <a href=\"http:\/\/www.mochileiros.com\/senges-a-cidade-das-cachoeiras-t86345.html\" target=\"_blank\" rel=\"noopener noreferrer\">aqui<\/a> e <a href=\"http:\/\/www.mochileiros.com\/passeio-familia-em-senges-itarare-t76165.html\" target=\"_blank\" rel=\"noopener noreferrer\">aqui<\/a>.<br \/>\n<strong>Mais informa\u00e7\u00f5es<\/strong>:\u00a0<a href=\"https:\/\/www.facebook.com\/sengesturismo\" target=\"_blank\" rel=\"noopener noreferrer\">www.facebook.com\/sengesturismo<\/a><\/p>\n<h2><span class=\"ez-toc-section\" id=\"25_%E2%80%93_Estrada_Parque_de_Piraputanga_%E2%80%93_MS\"><\/span>25 &#8211; Estrada Parque de Piraputanga &#8211; MS<span class=\"ez-toc-section-end\"><\/span><\/h2>\n<div id=\"attachment_39983\" style=\"width: 1034px\" class=\"wp-caption alignnone\"><img loading=\"lazy\" decoding=\"async\" aria-describedby=\"caption-attachment-39983\" src=\"https:\/\/www.mochileiros.com\/blog\/wp-content\/uploads\/2016\/11\/estrada-1024x409-min-1024x409.jpg\" alt=\"\" width=\"1024\" height=\"409\"><p id=\"caption-attachment-39983\" class=\"wp-caption-text\">Estrada Parque de Piraputanga &#8211; Foto: Atupark<\/p><\/div>\n<p style=\"text-align: left;\">A Estrada Parque de Piraputanga, formada por afluentes do Rio Aquidauana e com uma fauna exuberante, \u00e9 considerada uma das mais bonitas do sudoeste sulmatogrossense. Est\u00e1 localizada a pouco mais de 90 quil\u00f4metros da Capital de Campo Grande e abrange os munic\u00edpios de Aquidauana e Dois Irm\u00e3os do Buriti. No seu trajeto, se percorre os distritos de Palmeiras, Piraputanga e Camis\u00e3o.<\/p>\n<p style=\"text-align: left;\">O local cercado de lendas \u00e9 considerado um lugar m\u00e1gico. A beleza c\u00eanica da regi\u00e3o, emoldurada pelos pared\u00f5es de arenito da Serra de Maracaju e pelo Rio Aquidauana \u2013 cujo rio o Visconde de Taunay declarou seu encantamento por suas \u00e1guas \u2013, atrai visitantes amantes da natureza, da pesca e do turismo de contempla\u00e7\u00e3o.<\/p>\n<p style=\"text-align: left;\"><strong>Mais informa\u00e7\u00f5es no site:<\/strong> <a href=\"http:\/\/atupark.com.br\/\" target=\"_blank\" rel=\"noopener noreferrer\">http:\/\/atupark.com.br\/<\/a><\/p>\n<h2><span class=\"ez-toc-section\" id=\"26_%E2%80%93_Cascata_da_Pedra_Grande_%E2%80%93_Carrascal_%E2%80%93_RS\"><\/span>26 &#8211; Cascata da Pedra Grande &#8211; Carrascal &#8211; RS<span class=\"ez-toc-section-end\"><\/span><\/h2>\n<div id=\"attachment_39976\" style=\"width: 1034px\" class=\"wp-caption alignnone\"><img loading=\"lazy\" decoding=\"async\" aria-describedby=\"caption-attachment-39976\" src=\"https:\/\/www.mochileiros.com\/blog\/wp-content\/uploads\/2016\/11\/9587276010_f2c4173ae5_k-1-1024x441-min-1024x441.jpg\" alt=\"\" width=\"1024\" height=\"441\"><p id=\"caption-attachment-39976\" class=\"wp-caption-text\">Cascata da Pedra Grande &#8211; Foto:\u00a0Ragi Shant \/\u00a0Flickr: ragi shant<\/p><\/div>\n<p style=\"text-align: left;\">Localizado na fronteira entre os munic\u00edpios de Marau e Camargo, pr\u00f3ximos a Passo Fundo no Rio Grande do Sul. O espa\u00e7o fica em uma fazenda e oferece \u00e1rea de camping em meio a mata nativa na beira do rio\u00a0com bosques arborizados\u00a0e piscinas naturais. \u00a0O camping conta com estacionamento, ilumina\u00e7\u00e3o, espa\u00e7os de churrasqueiras cobertos, banheiros, bar e fica ao lado da\u00a0Cascata da Pedra Grande (tamb\u00e9m conhecida como cascata do Carrascal)<\/p>\n<p style=\"text-align: left;\">Para mais informa\u00e7\u00f5es visite:\u00a0<a href=\"http:\/\/www.cascatadapedragrande.com.br\" target=\"_blank\" rel=\"noopener noreferrer\">http:\/\/www.cascatadapedragrande.com.br<\/a><\/p>\n<h2><span class=\"ez-toc-section\" id=\"27_%E2%80%93_Analandia_%E2%80%93_Sao_Paulo\"><\/span>27 &#8211; Anal\u00e2ndia &#8211; S\u00e3o Paulo<span class=\"ez-toc-section-end\"><\/span><\/h2>\n<div id=\"attachment_18755\" style=\"width: 1034px\" class=\"wp-caption alignnone\"><img loading=\"lazy\" decoding=\"async\" aria-describedby=\"caption-attachment-18755\" src=\"https:\/\/www.mochileiros.com\/blog\/wp-content\/uploads\/2016\/11\/Sandstone_cliffs_close_to_Analandia-1024x768-1024x768.jpg\" alt=\"\" width=\"1024\" height=\"768\"><p id=\"caption-attachment-18755\" class=\"wp-caption-text\">Foto: Dalton Holland Baptista \/ \u00a0Wikimedia Commons<\/p><\/div>\n<p style=\"text-align: left;\">Anal\u00e2ndia \u00e9 um dos 12 munic\u00edpios paulistas considerados est\u00e2ncias clim\u00e1ticas pelo Estado de S\u00e3o Paulo. A cidade conta com forma\u00e7\u00f5es geol\u00f3gicas e geogr\u00e1ficas como morros, chapadas e pared\u00f5es com mais de 220 metros de altura, al\u00e9m de diversas cachoeiras, riachos e piscinas naturais. A Est\u00e2ncia Clim\u00e1tica se destaca por suas ofertas tur\u00edsticas, povo hospitaleiro, jeitinho do campo, comida caipira e caseira, festas tradicionais, artesanatos, hospedagens aconchegantes, operadoras de turismo, cal\u00e7ad\u00e3o coberto tudo isso com o sossego de uma cidadezinha do interior com 4800 habitantes.<\/p>\n<p style=\"text-align: left;\"><strong>Quem foi?<\/strong> &#8211; O viajante Filipe Salese passou por l\u00e1 e fez v\u00e1rias fotos, v\u00eddeos e um belo relato no Mochileiros.com que voc\u00ea pode acessar clicando <a href=\"http:\/\/www.mochileiros.com\/analandia-sp-pedra-cuscuzeiro-escalada-t69429.html\" target=\"_blank\" rel=\"noopener noreferrer\">aqui<\/a>.<br \/>\n<strong>Mais informa\u00e7\u00f5es:<\/strong> www.analandia.sp.gov.br<\/p>\n<h2><span class=\"ez-toc-section\" id=\"28_%E2%80%93_Parque_Nacional_do_Catimbau_%E2%80%93_PE\"><\/span>28 &#8211; Parque Nacional do Catimbau &#8211; PE<span class=\"ez-toc-section-end\"><\/span><\/h2>\n<div id=\"attachment_18759\" style=\"width: 1034px\" class=\"wp-caption alignnone\"><img loading=\"lazy\" decoding=\"async\" aria-describedby=\"caption-attachment-18759\" src=\"https:\/\/www.mochileiros.com\/blog\/wp-content\/uploads\/2016\/11\/Parque_Nacional_do_Catimbau_-_Pernambuco_-_Brasil-1024x681.jpg\" alt=\"\" width=\"1024\" height=\"681\"><p id=\"caption-attachment-18759\" class=\"wp-caption-text\">Foto:\u00a0Guilherme J\u00f3fili \/ Flickr:\u00a0guilherme jofili<\/p><\/div>\n<p style=\"text-align: left;\">O Parque Nacional da Serra do Catimbau,\u00a0antigo Vale do Catimbau \u00e9 uma \u00e1rea com 62.300 hectares entre o Agreste e o Sert\u00e3o pernambucano. \u00c9 formado por montanhas de topo suave, acredita-se que o nome Catimbau provenha de &#8220;morro que perdeu a ponta&#8221;. Entre as montanhas encontram-se encostas abruptas e vales abertos. \u00c9 uma regi\u00e3o de intensa eros\u00e3o. As forma\u00e7\u00f5es geol\u00f3gicas s\u00e3o compostas de arenitos de diversas cores e tipos que datam de mais de 100 milh\u00f5es de anos. Apresenta cerca de duas mil cavernas e 28 cavernas-cemit\u00e9rio. A unidade apresenta registros de pinturas rupestres e artefatos da ocupa\u00e7\u00e3o pr\u00e9-hist\u00f3rica datados de pelo menos 6 000 anos.<\/p>\n<p style=\"text-align: left;\"><strong>Quem foi? &#8211;<\/strong> No Mochileiros.com h\u00e1 alguns relatos que voc\u00ea pode acessar clicando <strong><a href=\"http:\/\/www.mochileiros.com\/parque-nacional-vale-do-catimbau-com-fotos-t57983.html\" target=\"_blank\" rel=\"noopener noreferrer\">aqui<\/a><\/strong>, <strong><a href=\"http:\/\/www.mochileiros.com\/paraiso-selvagem-vale-do-catimbau-t68529.html\" target=\"_blank\" rel=\"noopener noreferrer\">aqui<\/a><\/strong>\u00a0e <strong><a href=\"http:\/\/www.mochileiros.com\/sertao-de-pernambuco-vale-do-catimbau-t50053.html\" target=\"_blank\" rel=\"noopener noreferrer\">aqui<\/a><\/strong>.<\/p>\n<h2><span class=\"ez-toc-section\" id=\"29_%E2%80%93_Vila_Bela_de_Santissima_Trindade_%E2%80%93_MT\"><\/span>29 &#8211; Vila Bela de Sant\u00edssima Trindade &#8211; MT<span class=\"ez-toc-section-end\"><\/span><\/h2>\n<div id=\"attachment_27576\" style=\"width: 1034px\" class=\"wp-caption alignnone\"><img loading=\"lazy\" decoding=\"async\" aria-describedby=\"caption-attachment-27576\" src=\"https:\/\/www.mochileiros.com\/blog\/wp-content\/uploads\/2017\/06\/Cachoeira_do_Jatob\u00e1_MT.-1024x768-1024x768.jpg\" alt=\"\" width=\"1024\" height=\"768\"><p id=\"caption-attachment-27576\" class=\"wp-caption-text\">Cachoeira do Jatob\u00e1 &#8211; Parque Estadual Serra Ricardo Franco &#8211; Foto: Renato Soares Moreira \/ Wikimedia Commons<\/p><\/div>\n<p style=\"text-align: left;\">&#8220;Vila Bela foi a primeira capital de Mato Grosso e carrega uma grande carga de hist\u00f3ria em sua origem. A cultura negra e a for\u00e7a dos quilombolas est\u00e1 presente naquele lugar, mas n\u00e3o \u00e9 s\u00f3 isso. Vila Bela, \u00e0s margens do Rio Guapor\u00e9, e na fronteira com a Bol\u00edvia, fica a 80 Km da cidade de Pontes e Lacerda e possui uma bela serra onde se encontram v\u00e1rias cachoeiras.<\/p>\n<p style=\"text-align: left;\">A visita \u00e9 interessante mas precisa ser guiada por um dos poucos guias locais. A estrutura para turismo ainda \u00e9 prec\u00e1ria, o que pode tornar o passeio mais interessante para os aventureiros, que podem explorar caminhos quase intocados.<\/p>\n<p style=\"text-align: left;\">Para os casais a cachoeira dos namorados \u00e9 um caminho maravilhoso. Mas para quem gosta de aventura o caminho da cachoeira do Jatob\u00e1 com 3h30 de caminhada e uma bela vista de mais de 200m de altura \u00e9 algo inesquec\u00edvel. Como \u00e9 inesquec\u00edvel poder banhar-se no belo riacho que passa por cima da cachoeira.<\/p>\n<p style=\"text-align: left;\">As melhores visitas acontecem nos meses de abril a junho, por conta das chuvas. Mas no final de junho as cachoeiras tendem a secar, ficando apenas interessante o passeio pela hist\u00f3ria, que encontra sua maior festa no m\u00eas de julho. &#8221; &#8211; Dica do viajante <a href=\"http:\/\/www.mochileiros.com\/vila-bela-da-santissima-trindade-mt-t98089.html\" target=\"_blank\" rel=\"noopener noreferrer\">Ronaldo Moura<\/a><\/p>\n<p style=\"text-align: left;\">Mais informa\u00e7\u00f5es voc\u00ea encontra <a href=\"http:\/\/conhecendomt.com.br\/conheca-vila-bela-da-santissima-trindade-lugar-rico-em-historia-e-belezas-naturais-ainda-inexploradas\/\" target=\"_blank\" rel=\"noopener noreferrer\">aqui<\/a>, <a href=\"http:\/\/www.credouai.com.br\/2014\/09\/circuito-das-cachoeiras-vale-do-guapore.html\" target=\"_blank\" rel=\"noopener noreferrer\">aqui<\/a> e <a href=\"https:\/\/www.youtube.com\/watch?v=UZ_XkhC9lEI\" target=\"_blank\" rel=\"noopener noreferrer\">aqui<\/a><\/p>\n<h2><span class=\"ez-toc-section\" id=\"30_%E2%80%93_Jaguariaiva_%E2%80%93_Parana\"><\/span>30 &#8211; Jaguaria\u00edva &#8211; Paran\u00e1<span class=\"ez-toc-section-end\"><\/span><\/h2>\n<p><img loading=\"lazy\" decoding=\"async\" src=\"https:\/\/www.mochileiros.com\/blog\/wp-content\/uploads\/2016\/11\/Jeandr\u00e9-Guimar\u00e3es-1-880x1024.jpg\" alt=\"\" width=\"880\" height=\"1024\"><\/p>\n<p style=\"text-align: left;\">O Canyon do rio Jaguaria\u00edva \u00e9 <a href=\"https:\/\/www.facebook.com\/haraldo.soares\/videos\/vb.100000081280413\/1459847284027967\/\" target=\"_blank\" rel=\"noopener noreferrer\">8\u00ba maior canion do mundo em extens\u00e3o<\/a>, local onde \u00e9 feito a pratica de rafting e caiaque.\u00a0 As demais atra\u00e7\u00f5es do munic\u00edpio s\u00e3o o Parque Estadual do Cerrado que abriga parte da forma\u00e7\u00e3o geol\u00f3gica conhecida como Escarpa Devoniana que se estende por mais 13 munic\u00edpios do Estado, o Parque Estadual do Vale do Cod\u00f3, que abriga o vale por onde corre o rio Jaguaria\u00edva, o Parque Linear do Rio Capivari com belas quedas d&#8217;\u00e1gua, \u00a0o Parque Municipal Lago Azul com\u00a0piscinas naturais formadas pelas \u00e1guas do rio Lajeado Grande\u00a0e\u00a0a Cachoeira V\u00e9u de Noiva.<\/p>\n<p>Confira mais fotos <a href=\"https:\/\/photos.google.com\/share\/AF1QipOKL8Zx1FNtB3-M-rzSjCNqnCUGbv0tWtdMffmnxJMCZpR6Sx4BJlafk1taNwKp_g?key=aXVWenJBMnFEVHBrWDZSeDdVT2pPNHdyOHdIQzB3\" target=\"_blank\" rel=\"noopener noreferrer\">aqui<\/a>.<\/p>\n<h2><span class=\"ez-toc-section\" id=\"31_%E2%80%93_Ascurra_%E2%80%93_SC\"><\/span>31 &#8211;\u00a0Ascurra &#8211; SC<span class=\"ez-toc-section-end\"><\/span><\/h2>\n<div id=\"attachment_39989\" style=\"width: 829px\" class=\"wp-caption alignnone\"><img loading=\"lazy\" decoding=\"async\" aria-describedby=\"caption-attachment-39989\" src=\"https:\/\/www.mochileiros.com\/blog\/wp-content\/uploads\/2016\/11\/21820075_1796686020360722_5639832229094883328_n-819x1024-819x1024.jpg\" alt=\"Destinos Brasil\" width=\"819\" height=\"1024\" \/><p id=\"caption-attachment-39989\" class=\"wp-caption-text\">C\u00e2nion da Cruz da Pedra, Serra da Leoa, Ascurra, SC &#8211; Foto: Alessandra Branco \/ <a href=\"https:\/\/www.instagram.com\/alemmbranco\/\" target=\"_blank\" rel=\"noopener noreferrer\">@alemmbranco<\/a><\/p><\/div>\n<p style=\"text-align: left;\"><strong>O que fazer em Ascurra<\/strong><\/p>\n<p style=\"text-align: left;\"><strong>Fenda Cruz de Pedra:\u00a0<\/strong>\u00a0Leva este nome porque na jun\u00e7\u00e3o das montanhas se forma um canyon e dele resulta o formato de uma cruz. \u00c9 uma \u00a0fratura geol\u00f3gica gerada a partir da movimenta\u00e7\u00e3o das placas tect\u00f4nicas na era da Gondwana, forma\u00e7\u00e3o continental anterior \u00e0 Pangeia. \u00a0A fratura tem aproximadamente 2 a 4 m de largura, 300 de comprimento e 25 a 40 m de altura. Para se chegar at\u00e9 ela \u00e9 preciso caminhar por uma trilha de 4 km em meio \u00e0 Mata Atl\u00e2ntica. O percurso ida e volta leva em m\u00e9dia 4hs dependendo do ritmo do grupo.<\/p>\n<p style=\"text-align: left;\"><strong>Serra da Leoa Parque:<\/strong>\u00a0\u00a0Com mais de 900 metros de altitude, a Serra da Leoa \u00e9 uma propriedade no topo de uma montanha repleta de belezas naturais localizada \u00e0s margens das cidades de Ascurra e Rodeio em Santa Catarina. O local possui cachoeiras, riachos, lagoas, trilhas ecol\u00f3gicas para a pr\u00e1tica de cicloturismo, caminhadas, mountain bike, trekking, rampa de asa-delta (quadrante leste), vista panor\u00e2mica do Vale Europeu.<\/p>\n<p style=\"text-align: left;\"><strong>Salto das Andorinhas:<\/strong>\u00a0\u00c9 uma cachoeira que possui uma queda d\u2019\u00e1gua por entre as rochas, semelhantes a uma gruta. Esta gruta serve de dom\u00ednio a uma esp\u00e9cie de andorinha que habita a regi\u00e3o.<\/p>\n<h2><span class=\"ez-toc-section\" id=\"32_%E2%80%93_Parque_Nacional_Cavernas_do_Peruacu\"><\/span>32 &#8211;\u00a0Parque Nacional Cavernas do Perua\u00e7u<span class=\"ez-toc-section-end\"><\/span><\/h2>\n<div id=\"attachment_39990\" style=\"width: 970px\" class=\"wp-caption alignnone\"><img loading=\"lazy\" decoding=\"async\" aria-describedby=\"caption-attachment-39990\" src=\"https:\/\/www.mochileiros.com\/blog\/wp-content\/uploads\/2016\/11\/trilhajanuaria01.jpg\" alt=\"\" width=\"960\" height=\"640\"><p id=\"caption-attachment-39990\" class=\"wp-caption-text\">Trilha Janu\u00e1ria &#8211; Foto: Fernando Tatagiba\/ICMBio.<\/p><\/div>\n<p>O Parque Nacional Cavernas do Perua\u00e7u foi criado em 1999 e se destaca pelas riquezas espeleol\u00f3gicas (com mais de 180 cavernas catalogadas; suas forma\u00e7\u00f5es e cavidades atingem at\u00e9 100m de altura) e arqueol\u00f3gicas (com in\u00fameros s\u00edtios com pinturas rupestres datadas de at\u00e9 9 mil anos atr\u00e1s).<br \/>\nO parque compreende as cidades de Janu\u00e1ria, S\u00e3o Jo\u00e3o das Miss\u00f5es e Itacarambi. Tem acessos f\u00e1ceis e estradas pavimentadas que levam at\u00e9 sua sede na BR 135, km 155, Comunidade do Fabi\u00e3o I, Janu\u00e1ria \u2013 MG.<\/p>\n<p>A sede do parque est\u00e1 a 45Km da cidade de Janu\u00e1ria, onde chegam \u00f4nibus de Belo Horizonte ou Montes Claros (onde fica o aeroporto mais pr\u00f3ximo), por exemplo.<\/p>\n<p><strong>Atra\u00e7\u00f5es<\/strong><\/p>\n<p>O parque conta com diversas atra\u00e7\u00f5es naturais como a\u00a0<strong>Gruta do Janel\u00e3o<\/strong>, onde est\u00e1 a maior estalactite do mundo, a \u2018Perna da Bailarina\u2019; a bela e ornamentada\u00a0<strong>Lapa Bonita<\/strong>; a\u00a0<strong>Lapa do Boquete<\/strong>, onde foram encontrados alguns sepultamentos e \u00e9 poss\u00edvel verificar a presen\u00e7a de um silo pr\u00e9 hist\u00f3rico; a\u00a0<strong>Lapa dos Desenhos<\/strong>, onde h\u00e1 um caminho margeando o rio Perua\u00e7u, com exuberante mata e onde \u00e9 poss\u00edvel observar toda a riqueza das pinturas do parque; a\u00a0<strong>Lapa do Rezar<\/strong>\u00a0que re\u00fane toda grandiosidade do c\u00e2nion do rio, abrigando tamb\u00e9m um s\u00edtio com pinturas rupestres bem conservadas e os\u00a0<strong>Caminhos da Lapa do Caboclo e Carl\u00facio<\/strong>, com pinturas exclusivas do Vale do Perua\u00e7u, mirantes e trilhas pela mata.<br \/>\nOs\u00a0<strong>n\u00edveis de dificuldade<\/strong>\u00a0dos percursos v\u00e3o de leve a pesado e o\u00a0<strong>tempo estimado para visita\u00e7\u00e3o<\/strong>\u00a0varia entre 1h30 (Lapa do Boquete, ida e volta) a 7h (Arco do Andr\u00e9, ida e volta).<\/p>\n<p><strong>Trilha \u2018Arco do Andr\u00e9\u2019<\/strong> com cerca de 8Km de extens\u00e3o (e 7 horas de dura\u00e7\u00e3o) nos quais o caminhante poder\u00e1 maravilhar-se com mirantes naturais \u00fanicos e cavernas monumentais.<\/p>\n<p><strong>A unidade pode ser visitada durante todo o ano<\/strong>. De novembro a abril \u00e9 \u00e9poca de chuvas, per\u00edodo no qual o verde predomina na paisagem; j\u00e1 de maio a outubro, \u00e9 seca e a paisagem pode ficar bastante acinzentada.<br \/>\nO clima \u00e9 bastante quente independente da esta\u00e7\u00e3o.<\/p>\n<h2><span class=\"ez-toc-section\" id=\"33_%E2%80%93_Parque_da_Pedra_do_Segredo_%E2%80%93_Cacapava_do_Sul_%E2%80%93_RS\"><\/span>33 &#8211; Parque da Pedra do Segredo &#8211; Ca\u00e7apava do Sul &#8211; RS<span class=\"ez-toc-section-end\"><\/span><\/h2>\n<p><img loading=\"lazy\" decoding=\"async\" src=\"https:\/\/www.mochileiros.com\/blog\/wp-content\/uploads\/2016\/11\/Pedra-do-Segredo-1024x576.jpg\" alt=\"\" width=\"1024\" height=\"576\"><\/p>\n<p style=\"text-align: left;\">O Parque da Pedra do Segredo faz parte de uma regi\u00e3o de\u00a0serras com vales profundos e rochas enormes conhecidas como &#8220;Guaritas&#8221;. Estas forma\u00e7\u00f5es s\u00e3o resultado de milhares de anos de eros\u00e3o, de chuva e de vento e\u00a0entre elas est\u00e1 a Pedra do Segredo que d\u00e1 nome ao parque e possui 3 cavernas em seu interior.\u00a0 A Caverna da Escurid\u00e3o com 60 metros de extens\u00e3o atravessa a pedra e d\u00e1 acesso a sua parte mais elevada; O\u00a0Sal\u00e3o das Estalactites, a mais ampla das 3 e a &#8220;Percival Antunes&#8221;, assim nomeada em fun\u00e7\u00e3o do seu descobridor, est\u00e1 a uma altura de 90 metros e possui uma vis\u00e3o ampla de toda a regi\u00e3o.<\/p>\n<p style=\"text-align: left;\">Segundo uma lenda local est\u00e3o enterradas nestas cavernas os restos mortais do guerreiro ind\u00edgena <a href=\"https:\/\/pt.wikipedia.org\/wiki\/Sep%C3%A9_Tiaraju\" target=\"_blank\" rel=\"noopener noreferrer\">Sep\u00e9 Tiaraj\u00fa<\/a>, considerado santo popular e declarado &#8220;her\u00f3i guarani missioneiro rio-grandense&#8221; por ter liderado a resist\u00eancia dos <a href=\"https:\/\/pt.wikipedia.org\/wiki\/Sete_Povos_das_Miss%C3%B5es\" target=\"_blank\" rel=\"noopener noreferrer\">Sete Povos das Miss\u00f5es<\/a> contra tropas espanholas e portuguesas, na chamada <a href=\"https:\/\/pt.wikipedia.org\/wiki\/Guerra_Guaran%C3%ADtica\" target=\"_blank\" rel=\"noopener noreferrer\">Guerra Guaran\u00edtica<\/a>, de 1753 a 1756.<\/p>\n<p>O Parque possui diversas trilhas autoguiadas e fica aberto de quarta a domingo das 08:30 \u00e0s 17:30<\/p>\n<p><strong>Outras atra\u00e7\u00f5es da cidade de Ca\u00e7apava do sul:<\/strong><\/p>\n<p><strong>Minas do Camaqu\u00e3:<\/strong>\u00a0Antiga mina de cobre desativada em 1989.\u00a0 O local hoje \u00e9 explorado turisticamente e possui um parque de atividades outdoor, o\u00a0<a href=\"http:\/\/www.minas.rs\" target=\"_blank\" rel=\"noopener noreferrer\">Minas Outdoor Sports<\/a>.<\/p>\n<p><strong>Galp\u00e3o de Pedra:<\/strong>\u00a0Camping com trilha que d\u00e1 acesso a forma\u00e7\u00f5es rochosas onde s\u00e3o realizadas atividades de escalada e rapel.<\/p>\n<p><strong>Cascata do Salso:<\/strong> localizada a 8 km da cidade, \u00e9 uma queda d\u2019\u00e1gua com mais de 20 metros de altura.<\/p>\n","protected":false},"excerpt":{"rendered":"<p>Essa lista de lugares para viajar no Brasil \u00e9 completamente diferente das que voc\u00ea ir\u00e1 encontrar em outros blogs de viagem, pois se trata de paisagens brasileiras sensacionais ainda pouco conhecidas. S\u00e3o cachoeiras, praias, piscinas naturais e dunas pouco citadas nas listas da internet. Algumas possuem infraestrutura tur\u00edstica, outras s\u00e3o destinos, digamos: &#8220;roots&#8221;! Afinal, voc\u00ea [&hellip;]<\/p>\n","protected":false},"author":55,"featured_media":18749,"comment_status":"open","ping_status":"closed","sticky":false,"template":"","format":"standard","meta":{"googlesitekit_rrm_CAoiELM5mIOjYRN0nfylq3_9r-8:productID":"","_crdt_document":"","_daim_seo_power":"1000","_daim_enable_ail":"1","footnotes":""},"categories":[1193],"tags":[1454],"class_list":["post-18719","post","type-post","status-publish","format-standard","has-post-thumbnail","hentry","category-brasil","tag-destinos-pouco-conhecidos"],"_links":{"self":[{"href":"https:\/\/www.mochileiros.com\/blog\/wp-json\/wp\/v2\/posts\/18719","targetHints":{"allow":["GET"]}}],"collection":[{"href":"https:\/\/www.mochileiros.com\/blog\/wp-json\/wp\/v2\/posts"}],"about":[{"href":"https:\/\/www.mochileiros.com\/blog\/wp-json\/wp\/v2\/types\/post"}],"author":[{"embeddable":true,"href":"https:\/\/www.mochileiros.com\/blog\/wp-json\/wp\/v2\/users\/55"}],"replies":[{"embeddable":true,"href":"https:\/\/www.mochileiros.com\/blog\/wp-json\/wp\/v2\/comments?post=18719"}],"version-history":[{"count":0,"href":"https:\/\/www.mochileiros.com\/blog\/wp-json\/wp\/v2\/posts\/18719\/revisions"}],"wp:featuredmedia":[{"embeddable":true,"href":"https:\/\/www.mochileiros.com\/blog\/wp-json\/wp\/v2\/media\/18749"}],"wp:attachment":[{"href":"https:\/\/www.mochileiros.com\/blog\/wp-json\/wp\/v2\/media?parent=18719"}],"wp:term":[{"taxonomy":"category","embeddable":true,"href":"https:\/\/www.mochileiros.com\/blog\/wp-json\/wp\/v2\/categories?post=18719"},{"taxonomy":"post_tag","embeddable":true,"href":"https:\/\/www.mochileiros.com\/blog\/wp-json\/wp\/v2\/tags?post=18719"}],"curies":[{"name":"wp","href":"https:\/\/api.w.org\/{rel}","templated":true}]}}