{"id":19008,"date":"2016-11-24T14:08:10","date_gmt":"2016-11-24T17:08:10","guid":{"rendered":"https:\/\/www.mochileiros.com\/blog\/?p=19008"},"modified":"2019-04-21T14:11:16","modified_gmt":"2019-04-21T17:11:16","slug":"o-mundo-perdido-das-cavernas-proximas-ao-monte-roraima","status":"publish","type":"post","link":"https:\/\/www.mochileiros.com\/blog\/o-mundo-perdido-das-cavernas-proximas-ao-monte-roraima","title":{"rendered":"O &#8220;mundo perdido&#8221; das cavernas gigantes da Venezuela"},"content":{"rendered":"<p style=\"text-align: justify;\">Os Tepuis estendem-se pela\u00a0regi\u00e3o de\u00a0fronteira entre Brasil, Venezuela e Guiana e boa parte das forma\u00e7\u00f5es est\u00e3o no lado venezuelano. Eles comp\u00f5em\u00a0o Parque Nacional Canaima, uma das mais belas\u00a0e menos exploradas regi\u00f5es da Am\u00e9rica do Sul. \u00a0Estas forma\u00e7\u00f5es\u00a0rochosas conhecidas como &#8220;mesetas&#8221; ou &#8220;mesas&#8221;, \u00a0foram esculpidas pela natureza durante um longu\u00edssimo\u00a0processo, formando\u00a0um habitat \u00fanico nos seus topos, e\u00a0muitas possuem cadeias\u00a0de cavernas que jamais foram visitadas por seres humanos. \u00a0Formam praticamente um &#8220;mundo perdido&#8221; que agora come\u00e7a a ter seus segredos revelados, \u00a0gra\u00e7as as expedi\u00e7\u00f5es\u00a0lideradas pelo espele\u00f3logo\u00a0Francesco Sauro da Universidade de Bolonha, It\u00e1lia.<\/p>\n<div id=\"attachment_19010\" style=\"width: 1010px\" class=\"wp-caption alignnone\"><a href=\"https:\/\/www.mochileiros.com\/blog\/wp-content\/uploads\/2016\/11\/tpi2014a-alessio-romeo-ayuan-tepui-6903.jpg\"><img loading=\"lazy\" decoding=\"async\" aria-describedby=\"caption-attachment-19010\" class=\"wp-image-19010 size-large\" src=\"https:\/\/www.mochileiros.com\/blog\/wp-content\/uploads\/2016\/11\/tpi2014a-alessio-romeo-ayuan-tepui-6903-1024x683.jpg\" alt=\"tpi2014a-alessio-romeo-ayuan-tepui-6903\" width=\"1000\" height=\"667\" srcset=\"https:\/\/www.mochileiros.com\/blog\/wp-content\/uploads\/2016\/11\/tpi2014a-alessio-romeo-ayuan-tepui-6903-1024x683.jpg 1024w, https:\/\/www.mochileiros.com\/blog\/wp-content\/uploads\/2016\/11\/tpi2014a-alessio-romeo-ayuan-tepui-6903-300x200.jpg 300w, https:\/\/www.mochileiros.com\/blog\/wp-content\/uploads\/2016\/11\/tpi2014a-alessio-romeo-ayuan-tepui-6903-768x512.jpg 768w, https:\/\/www.mochileiros.com\/blog\/wp-content\/uploads\/2016\/11\/tpi2014a-alessio-romeo-ayuan-tepui-6903-313x209.jpg 313w, https:\/\/www.mochileiros.com\/blog\/wp-content\/uploads\/2016\/11\/tpi2014a-alessio-romeo-ayuan-tepui-6903-20x13.jpg 20w, https:\/\/www.mochileiros.com\/blog\/wp-content\/uploads\/2016\/11\/tpi2014a-alessio-romeo-ayuan-tepui-6903.jpg 1200w\" sizes=\"auto, (max-width: 1000px) 100vw, 1000px\" \/><\/a><p id=\"caption-attachment-19010\" class=\"wp-caption-text\">Can\u00f5n del Diablo e o Ayuantepui Foto: Alessio Romeo \/ La Venta &#8211; Theraphosa<\/p><\/div>\n<div class=\"mpu\" style=\"text-align: justify;\" data-google-query-id=\"CLic2eHYwdACFUWDkQodz9ECvg\"><\/div>\n<div id=\"video-mid-article\" class=\"mpu\" style=\"text-align: justify;\" data-google-query-id=\"CLic2eHYwdACFUWDkQodz9ECvg\">No in\u00edcio deste ano, sua equipe terminou uma \u00e1rdua expedi\u00e7\u00e3o de 40 dias atrav\u00e9s dos \u00faltimas cavernas inexploradas do mundo. Sua equipe explorou a caverna\u00a0de Imawar\u00ec Yeuta na Venezuela, que tem pelo menos 22 quil\u00f4metros de t\u00faneis.<\/div>\n<div class=\"mpu\" style=\"text-align: justify;\" data-google-query-id=\"CLic2eHYwdACFUWDkQodz9ECvg\"><\/div>\n<div class=\"mpu\" style=\"text-align: justify;\" data-google-query-id=\"CLic2eHYwdACFUWDkQodz9ECvg\">\n<div id=\"attachment_19012\" style=\"width: 1010px\" class=\"wp-caption alignnone\"><a href=\"https:\/\/www.mochileiros.com\/blog\/wp-content\/uploads\/2016\/11\/tpi2014a-riccardo-de-luca-imawar\u00ec-6013-1200x800.jpg\"><img loading=\"lazy\" decoding=\"async\" aria-describedby=\"caption-attachment-19012\" class=\"wp-image-19012 size-large\" src=\"https:\/\/www.mochileiros.com\/blog\/wp-content\/uploads\/2016\/11\/tpi2014a-riccardo-de-luca-imawar\u00ec-6013-1200x800-1024x683.jpg\" alt=\"A \u00fanica forma de chegar nas cavernas \u00e9 a partir dos topos dos Tepuis - Foto: Riccardo de Luca \/ La Venta - Theraphosa\" width=\"1000\" height=\"667\" srcset=\"https:\/\/www.mochileiros.com\/blog\/wp-content\/uploads\/2016\/11\/tpi2014a-riccardo-de-luca-imawar\u00ec-6013-1200x800-1024x683.jpg 1024w, https:\/\/www.mochileiros.com\/blog\/wp-content\/uploads\/2016\/11\/tpi2014a-riccardo-de-luca-imawar\u00ec-6013-1200x800-300x200.jpg 300w, https:\/\/www.mochileiros.com\/blog\/wp-content\/uploads\/2016\/11\/tpi2014a-riccardo-de-luca-imawar\u00ec-6013-1200x800-768x512.jpg 768w, https:\/\/www.mochileiros.com\/blog\/wp-content\/uploads\/2016\/11\/tpi2014a-riccardo-de-luca-imawar\u00ec-6013-1200x800-313x209.jpg 313w, https:\/\/www.mochileiros.com\/blog\/wp-content\/uploads\/2016\/11\/tpi2014a-riccardo-de-luca-imawar\u00ec-6013-1200x800-20x13.jpg 20w, https:\/\/www.mochileiros.com\/blog\/wp-content\/uploads\/2016\/11\/tpi2014a-riccardo-de-luca-imawar\u00ec-6013-1200x800.jpg 1200w\" sizes=\"auto, (max-width: 1000px) 100vw, 1000px\" \/><\/a><p id=\"caption-attachment-19012\" class=\"wp-caption-text\">A \u00fanica forma de chegar nas cavernas \u00e9 a partir dos topos dos Tepuis &#8211; Foto: Riccardo de Luca \/ La Venta &#8211; Theraphosa<\/p><\/div>\n<\/div>\n<div class=\"mpu\" style=\"text-align: justify;\" data-google-query-id=\"CLic2eHYwdACFUWDkQodz9ECvg\"><\/div>\n<div class=\"mpu\" style=\"text-align: justify;\" data-google-query-id=\"CLic2eHYwdACFUWDkQodz9ECvg\">\n<div id=\"attachment_19014\" style=\"width: 377px\" class=\"wp-caption alignleft\"><a href=\"https:\/\/www.mochileiros.com\/blog\/wp-content\/uploads\/2016\/11\/12963861_691362154299728_6595575167184057500_n.jpg\"><img loading=\"lazy\" decoding=\"async\" aria-describedby=\"caption-attachment-19014\" class=\"size-full wp-image-19014\" src=\"https:\/\/www.mochileiros.com\/blog\/wp-content\/uploads\/2016\/11\/12963861_691362154299728_6595575167184057500_n.jpg\" alt=\"Entrada de uma das cavernas Foto: Alessio Romeo - La Venta\/Theraphosa\" width=\"367\" height=\"960\" srcset=\"https:\/\/www.mochileiros.com\/blog\/wp-content\/uploads\/2016\/11\/12963861_691362154299728_6595575167184057500_n.jpg 367w, https:\/\/www.mochileiros.com\/blog\/wp-content\/uploads\/2016\/11\/12963861_691362154299728_6595575167184057500_n-115x300.jpg 115w, https:\/\/www.mochileiros.com\/blog\/wp-content\/uploads\/2016\/11\/12963861_691362154299728_6595575167184057500_n-313x819.jpg 313w, https:\/\/www.mochileiros.com\/blog\/wp-content\/uploads\/2016\/11\/12963861_691362154299728_6595575167184057500_n-8x20.jpg 8w\" sizes=\"auto, (max-width: 367px) 100vw, 367px\" \/><\/a><p id=\"caption-attachment-19014\" class=\"wp-caption-text\">Entrada de uma das cavernas e no lado esquerdo abaixo \u00e9 poss\u00edvel ver o helic\u00f3ptero da equipe. \u00a0Foto: Alessio Romeo &#8211; La Venta\/Theraphosa<\/p><\/div>\n<p><span class=\"goog-text-highlight\">Estas cavernas formam\u00a0&#8220;um mundo completamente diferente&#8221;, diz Sauro para a\u00a0revista New Scientist. <\/span>As paredes de quartzo t\u00eam muitas vezes um tom rosado assustador, e os\u00a0\u00e1cidos org\u00e2nicos deixam a \u00e1gua dos\u00a0c\u00f3rregos com um tom\u00a0avermelhado.<\/p>\n<\/div>\n<div class=\"mpu\" style=\"text-align: justify;\" data-google-query-id=\"CLic2eHYwdACFUWDkQodz9ECvg\">\n<p>Os espeleotemas &#8211; estalactites e estalagmites &#8211; assumem formas fant\u00e1sticas. Algumas lembram nuvens de fuma\u00e7a; outros parecem um spray de cogumelos minerais. \u00a0Como ele se formam, ainda \u00e9 um mist\u00e9rio.<\/p>\n<p>Sauro agora est\u00e1 focado em compreender melhor como a vida evolui nesses labirintos sem sol, isolados\u00a0do resto do mundo. \u00a0A \u00fanica maneira de fazer \u00e9 atrav\u00e9s de suas entradas no alto de suas paredes ou no topo das montanhas. Algumas chegam a ter 3000 metros de altura.<\/p>\n<p>Esse\u00a0isolamento formado pelos pared\u00f5es, se transformou em\u00a0lar de esp\u00e9cies \u00fanicas de animais. \u00a0O\u00a0Monte Roraima por exemplo, \u00a0\u00e9 o \u00fanico habitat conhecido do \u00a0&#8220;Oreophrynella nigra&#8221;, \u00a0um min\u00fasculo sapo de cor preta.<\/p>\n<p>&nbsp;<\/p>\n<p>H\u00e1 muito o que descobrir, diz Sauro. \u00a0N\u00e3o s\u00e3o apenas as cavernas de quartzito e o que est\u00e1 escondido dentro, mas os demais tepuis podem ser muito diferentes. Cada um, das centenas de montanhas que pontilham a paisagem, se desenvolveu e evoluiu independentemente dos outros. &#8220;Eles s\u00e3o como ilhas no tempo&#8221;, diz ele.<\/p>\n<p>Mas n\u00e3o \u00e9\u00a0f\u00e1cil explor\u00e1-los. Voc\u00ea precisa de um helic\u00f3ptero para chegar ao topo, e o helic\u00f3ptero depende das condi\u00e7\u00f5es do tempo, com\u00a0dia claro e\u00a0vento m\u00ednimo &#8211; em uma \u00e1rea que \u00e9 tipicamente muito nublada e com muito vento. Essas expedi\u00e7\u00f5es requerem uma grande quantidade de dinheiro,al\u00e9m da\u00a0espera de condi\u00e7\u00f5es quase perfeitas.<\/p>\n<p>Mesmo depois de desembarcar, os exploradores encontram frequentemente desafios adicionais. &#8220;Eles precisam navegar por rachaduras e canyons, em terreno muito duro&#8221;, diz Sauro. \u00a0Eles<span class=\"goog-text-highlight\">\u00a0se\u00a0guiam por imagens de sat\u00e9lite procurando\u00a0entradas de cavernas nos\u00a0topos dos tepuis &#8211; mas \u00a0muitas vezes acabam sendo bloqueado por rochas. <\/span>&#8220;Na maioria dos tepuis, n\u00e3o h\u00e1 acesso para escalar&#8221;, diz Sauro. \u00a0\u00a0Mas ele n\u00e3o se abala e j\u00e1 est\u00e1 planejando a pr\u00f3xima expedi\u00e7\u00e3o para o final deste ano.<\/p>\n<\/div>\n<p style=\"text-align: justify;\"><strong>Fonte:<\/strong>\u00a0New Scientist<\/p>\n<h2 style=\"text-align: justify;\"><\/h2>\n<h2 style=\"text-align: justify;\"><\/h2>\n<h2 style=\"text-align: justify;\"><\/h2>\n<h2 style=\"text-align: justify;\"><\/h2>\n<h2 style=\"text-align: justify;\"><\/h2>\n<h2 style=\"text-align: justify;\">Fotos dos Tepuis do Parque Nacional Canaima &#8211; Venezuela<\/h2>\n<p>[justified_image_grid preset=3 title_field=caption caption_field=caption lightbox=photoswipe]<\/p>\n","protected":false},"excerpt":{"rendered":"<p>Os Tepuis estendem-se pela\u00a0regi\u00e3o de\u00a0fronteira entre Brasil, Venezuela e Guiana e boa parte das forma\u00e7\u00f5es est\u00e3o no lado venezuelano. Eles comp\u00f5em\u00a0o Parque Nacional Canaima, uma das mais belas\u00a0e menos exploradas regi\u00f5es da Am\u00e9rica do Sul. \u00a0Estas forma\u00e7\u00f5es\u00a0rochosas conhecidas como &#8220;mesetas&#8221; ou &#8220;mesas&#8221;, \u00a0foram esculpidas pela natureza durante um longu\u00edssimo\u00a0processo, formando\u00a0um habitat \u00fanico nos seus topos, [&hellip;]<\/p>\n","protected":false},"author":1,"featured_media":34016,"comment_status":"open","ping_status":"closed","sticky":false,"template":"","format":"standard","meta":{"googlesitekit_rrm_CAoiELM5mIOjYRN0nfylq3_9r-8:productID":"","_crdt_document":"","_daim_seo_power":"","_daim_enable_ail":"","footnotes":""},"categories":[1186,1262],"tags":[982,1264,1263,1267,1964],"class_list":["post-19008","post","type-post","status-publish","format-standard","has-post-thumbnail","hentry","category-america-do-sul","category-venezuela","tag-exploradores-do-seculo-xxi","tag-francesco-sauro","tag-monte-roraima","tag-parque-nacional-canaima","tag-roraima"],"_links":{"self":[{"href":"https:\/\/www.mochileiros.com\/blog\/wp-json\/wp\/v2\/posts\/19008","targetHints":{"allow":["GET"]}}],"collection":[{"href":"https:\/\/www.mochileiros.com\/blog\/wp-json\/wp\/v2\/posts"}],"about":[{"href":"https:\/\/www.mochileiros.com\/blog\/wp-json\/wp\/v2\/types\/post"}],"author":[{"embeddable":true,"href":"https:\/\/www.mochileiros.com\/blog\/wp-json\/wp\/v2\/users\/1"}],"replies":[{"embeddable":true,"href":"https:\/\/www.mochileiros.com\/blog\/wp-json\/wp\/v2\/comments?post=19008"}],"version-history":[{"count":0,"href":"https:\/\/www.mochileiros.com\/blog\/wp-json\/wp\/v2\/posts\/19008\/revisions"}],"wp:featuredmedia":[{"embeddable":true,"href":"https:\/\/www.mochileiros.com\/blog\/wp-json\/wp\/v2\/media\/34016"}],"wp:attachment":[{"href":"https:\/\/www.mochileiros.com\/blog\/wp-json\/wp\/v2\/media?parent=19008"}],"wp:term":[{"taxonomy":"category","embeddable":true,"href":"https:\/\/www.mochileiros.com\/blog\/wp-json\/wp\/v2\/categories?post=19008"},{"taxonomy":"post_tag","embeddable":true,"href":"https:\/\/www.mochileiros.com\/blog\/wp-json\/wp\/v2\/tags?post=19008"}],"curies":[{"name":"wp","href":"https:\/\/api.w.org\/{rel}","templated":true}]}}