{"id":19677,"date":"2016-12-07T14:43:14","date_gmt":"2016-12-07T17:43:14","guid":{"rendered":"https:\/\/www.mochileiros.com\/blog\/?p=19677"},"modified":"2018-11-06T22:34:07","modified_gmt":"2018-11-07T01:34:07","slug":"ele-esta-ha-50-anos-viajando-4-voltas-ao-mundo-de-carona","status":"publish","type":"post","link":"https:\/\/www.mochileiros.com\/blog\/ele-esta-ha-50-anos-viajando-4-voltas-ao-mundo-de-carona","title":{"rendered":"Ele fez 4 voltas ao mundo de carona"},"content":{"rendered":"<p style=\"text-align: justify;\">Eu e voc\u00ea aqui querendo um aninho sab\u00e1tico que seja e este senhor teve uma &#8220;vida sab\u00e1tica&#8221; &#8211; express\u00e3o usada por ele mesmo em entrevista dada no Chile, pa\u00eds que visitou recentemente.<br \/>\nTrata-se do franc\u00eas Andr\u00e9 Brugiroux, de 79 anos, que \u00e9 considerado (por algumas publica\u00e7\u00f5es que tratam sobre o tema) um dos &#8220;mais importantes viajantes do s\u00e9culo XX&#8221;.<\/p>\n<div id=\"attachment_19679\" style=\"width: 1034px\" class=\"wp-caption alignnone\"><a href=\"https:\/\/www.mochileiros.com\/blog\/blog\/ele-esta-ha-50-anos-viajando-4-voltas-ao-mundo-de-carona\/attachment\/andre01\" rel=\"attachment wp-att-19679\"><img loading=\"lazy\" decoding=\"async\" aria-describedby=\"caption-attachment-19679\" class=\"wp-image-19679 size-full\" src=\"https:\/\/www.mochileiros.com\/blog\/wp-content\/uploads\/2016\/12\/andre01.jpg\" alt=\"No mapa, viagens feitas por Andr\u00e9 entre 1955 e 2005 | Foto: Divulga\u00e7\u00e3o.\" width=\"1024\" height=\"558\" srcset=\"https:\/\/www.mochileiros.com\/blog\/wp-content\/uploads\/2016\/12\/andre01.jpg 1024w, https:\/\/www.mochileiros.com\/blog\/wp-content\/uploads\/2016\/12\/andre01-300x163.jpg 300w, https:\/\/www.mochileiros.com\/blog\/wp-content\/uploads\/2016\/12\/andre01-768x419.jpg 768w, https:\/\/www.mochileiros.com\/blog\/wp-content\/uploads\/2016\/12\/andre01-313x171.jpg 313w, https:\/\/www.mochileiros.com\/blog\/wp-content\/uploads\/2016\/12\/andre01-20x11.jpg 20w\" sizes=\"auto, (max-width: 1024px) 100vw, 1024px\" \/><\/a><p id=\"caption-attachment-19679\" class=\"wp-caption-text\">No mapa, viagens feitas por Andr\u00e9 entre 1955 e 2005 | Foto: Divulga\u00e7\u00e3o.<\/p><\/div>\n<p style=\"text-align: justify;\">Nascido em 1937 no sub\u00farbio de Paris, sua hist\u00f3ria viajante come\u00e7ou aos\u00a017 anos quando ele deixou sua casa e n\u00e3o voltou at\u00e9 completar 35. Num primeiro momento viajou pela Europa aprendendo idiomas. Lavava pratos e engraxava sapatos para arrecadar fundos para seguir na estrada. Depois prestou servi\u00e7o militar no Congo e trabalhou por um tempo em Toronto, no Canad\u00e1 para juntar dinheiro para suas viagens, dentre elas uma longa volta ao mundo entre 1967 e 1973 quando conheceu os cinco continentes gastando apenas 1 d\u00f3lar por dia mais 1 d\u00f3lar de material para sua c\u00e2mera.<\/p>\n<div id=\"attachment_19689\" style=\"width: 758px\" class=\"wp-caption aligncenter\"><a href=\"https:\/\/www.mochileiros.com\/blog\/blog\/ele-esta-ha-50-anos-viajando-4-voltas-ao-mundo-de-carona\/attachment\/andre05_anos70\" rel=\"attachment wp-att-19689\"><img loading=\"lazy\" decoding=\"async\" aria-describedby=\"caption-attachment-19689\" class=\"size-full wp-image-19689\" src=\"https:\/\/www.mochileiros.com\/blog\/wp-content\/uploads\/2016\/12\/andre05_anos70.jpg\" alt=\"Andr\u00e9 \u00e0 espera de carona em algum ponto do Jap\u00e3o nos anos 70 | Foto: Arquivo pessoal.\" width=\"748\" height=\"1080\" srcset=\"https:\/\/www.mochileiros.com\/blog\/wp-content\/uploads\/2016\/12\/andre05_anos70.jpg 748w, https:\/\/www.mochileiros.com\/blog\/wp-content\/uploads\/2016\/12\/andre05_anos70-208x300.jpg 208w, https:\/\/www.mochileiros.com\/blog\/wp-content\/uploads\/2016\/12\/andre05_anos70-709x1024.jpg 709w, https:\/\/www.mochileiros.com\/blog\/wp-content\/uploads\/2016\/12\/andre05_anos70-313x452.jpg 313w, https:\/\/www.mochileiros.com\/blog\/wp-content\/uploads\/2016\/12\/andre05_anos70-14x20.jpg 14w\" sizes=\"auto, (max-width: 748px) 100vw, 748px\" \/><\/a><p id=\"caption-attachment-19689\" class=\"wp-caption-text\">Andr\u00e9 \u00e0 espera de carona em algum ponto do Jap\u00e3o nos anos 70 | Foto: Arquivo pessoal.<\/p><\/div>\n<div id=\"attachment_19691\" style=\"width: 766px\" class=\"wp-caption aligncenter\"><a href=\"https:\/\/www.mochileiros.com\/blog\/blog\/ele-esta-ha-50-anos-viajando-4-voltas-ao-mundo-de-carona\/attachment\/andre06\" rel=\"attachment wp-att-19691\"><img loading=\"lazy\" decoding=\"async\" aria-describedby=\"caption-attachment-19691\" class=\"size-full wp-image-19691\" src=\"https:\/\/www.mochileiros.com\/blog\/wp-content\/uploads\/2016\/12\/andre06.jpg\" alt=\"E anos depois em outro ponto do mundo, ainda &quot;caronando&quot; | Foto: Arquivo pessoal.\" width=\"756\" height=\"1024\" srcset=\"https:\/\/www.mochileiros.com\/blog\/wp-content\/uploads\/2016\/12\/andre06.jpg 756w, https:\/\/www.mochileiros.com\/blog\/wp-content\/uploads\/2016\/12\/andre06-221x300.jpg 221w, https:\/\/www.mochileiros.com\/blog\/wp-content\/uploads\/2016\/12\/andre06-313x424.jpg 313w, https:\/\/www.mochileiros.com\/blog\/wp-content\/uploads\/2016\/12\/andre06-15x20.jpg 15w\" sizes=\"auto, (max-width: 756px) 100vw, 756px\" \/><\/a><p id=\"caption-attachment-19691\" class=\"wp-caption-text\">E anos depois em outro ponto do mundo, ainda &#8220;caronando&#8221; | Foto: Arquivo pessoal.<\/p><\/div>\n<p style=\"text-align: justify;\">Andr\u00e9 chegou a percorrer 400.000Km de carona (contando caronas tamb\u00e9m em barcos e avi\u00f5es). J\u00e1 foi roubado, j\u00e1 foi preso por suspeita de espionagem, ficou gravemente doente por beber \u00e1gua polu\u00edda\u00a0no Paquist\u00e3o e no Alasca se converteu ao <span style=\"text-decoration: underline;\"><a href=\"https:\/\/pt.wikipedia.org\/wiki\/F%C3%A9_bah%C3%A1&#039;%C3%AD\" target=\"_blank\" rel=\"noopener\">baha\u00edsmo<\/a><\/span>, algo que diz ter mudado sua vida o que o fez se autoproclamar um &#8220;ap\u00f3stolo da paz&#8221;.<\/p>\n<div id=\"attachment_19681\" style=\"width: 681px\" class=\"wp-caption aligncenter\"><a href=\"https:\/\/www.mochileiros.com\/blog\/blog\/ele-esta-ha-50-anos-viajando-4-voltas-ao-mundo-de-carona\/attachment\/andre04\" rel=\"attachment wp-att-19681\"><img loading=\"lazy\" decoding=\"async\" aria-describedby=\"caption-attachment-19681\" class=\"size-full wp-image-19681\" src=\"https:\/\/www.mochileiros.com\/blog\/wp-content\/uploads\/2016\/12\/andre04.jpg\" alt=\"Mapa mostra viagens entre 1967 e 1973: 400.000Km de carona | Foto: Divulga\u00e7\u00e3o.\" width=\"671\" height=\"313\" srcset=\"https:\/\/www.mochileiros.com\/blog\/wp-content\/uploads\/2016\/12\/andre04.jpg 671w, https:\/\/www.mochileiros.com\/blog\/wp-content\/uploads\/2016\/12\/andre04-300x140.jpg 300w, https:\/\/www.mochileiros.com\/blog\/wp-content\/uploads\/2016\/12\/andre04-313x146.jpg 313w, https:\/\/www.mochileiros.com\/blog\/wp-content\/uploads\/2016\/12\/andre04-20x9.jpg 20w\" sizes=\"auto, (max-width: 671px) 100vw, 671px\" \/><\/a><p id=\"caption-attachment-19681\" class=\"wp-caption-text\">Mapa mostra viagens entre 1967 e 1973: 400.000Km de carona | Foto: Divulga\u00e7\u00e3o.<\/p><\/div>\n<p style=\"text-align: justify;\">De volta \u00e0 Fran\u00e7a lan\u00e7ou um filme e publicou o primeiro livro narrando suas aventuras, o &#8216;La Terre n&#8217;est qu&#8217;un seul pays&#8217; (&#8220;A Terra \u00e9 um pa\u00eds s\u00f3&#8221;, em tradu\u00e7\u00e3o livre). Posteriormente visitou a Guiana Francesa, onde conheceu tamb\u00e9m sua esposa. Realizou viagens curtas pelos pa\u00edses que lhe faltava conhecer (algumas acompanhado da mulher) e mais tr\u00eas voltas ao mundo, at\u00e9 que em 2002 chegou \u00e0 Coreia do Norte, &#8220;seu \u00faltimo pa\u00eds da ONU&#8221; e depois ao que na \u00e9poca era o <span style=\"text-decoration: underline;\"><a href=\"https:\/\/pt.wikipedia.org\/wiki\/Mustang_(reino)\" target=\"_blank\" rel=\"noopener\">Reino de Mustang<\/a><\/span> (hoje \u00e1rea do Nepal).<\/p>\n<div id=\"attachment_19682\" style=\"width: 610px\" class=\"wp-caption aligncenter\"><a href=\"https:\/\/www.mochileiros.com\/blog\/blog\/ele-esta-ha-50-anos-viajando-4-voltas-ao-mundo-de-carona\/attachment\/andre02\" rel=\"attachment wp-att-19682\"><img loading=\"lazy\" decoding=\"async\" aria-describedby=\"caption-attachment-19682\" class=\"wp-image-19682 size-full\" src=\"https:\/\/www.mochileiros.com\/blog\/wp-content\/uploads\/2016\/12\/andre02.jpg\" alt=\"&quot;Uma vida sab\u00e1tica&quot;. Como dizem... Sambou! - risos | Foto: Divulga\u00e7\u00e3o.\" width=\"600\" height=\"450\" srcset=\"https:\/\/www.mochileiros.com\/blog\/wp-content\/uploads\/2016\/12\/andre02.jpg 600w, https:\/\/www.mochileiros.com\/blog\/wp-content\/uploads\/2016\/12\/andre02-300x225.jpg 300w, https:\/\/www.mochileiros.com\/blog\/wp-content\/uploads\/2016\/12\/andre02-313x235.jpg 313w, https:\/\/www.mochileiros.com\/blog\/wp-content\/uploads\/2016\/12\/andre02-20x15.jpg 20w\" sizes=\"auto, (max-width: 600px) 100vw, 600px\" \/><\/a><p id=\"caption-attachment-19682\" class=\"wp-caption-text\">&#8220;Uma vida sab\u00e1tica&#8221;. Como dizem&#8230; Sambou! &#8211; risos | Foto: Divulga\u00e7\u00e3o.<\/p><\/div>\n<div id=\"attachment_19687\" style=\"width: 776px\" class=\"wp-caption aligncenter\"><a href=\"https:\/\/www.mochileiros.com\/blog\/blog\/ele-esta-ha-50-anos-viajando-4-voltas-ao-mundo-de-carona\/attachment\/andrelivro00\" rel=\"attachment wp-att-19687\"><img loading=\"lazy\" decoding=\"async\" aria-describedby=\"caption-attachment-19687\" class=\"size-full wp-image-19687\" src=\"https:\/\/www.mochileiros.com\/blog\/wp-content\/uploads\/2016\/12\/andrelivro00.jpg\" alt=\"O autor e seu primeiro livro publicado (a obra est\u00e1 \u00e0 venda na Amazon e no site) | Foto: Divulga\u00e7\u00e3o.\" width=\"766\" height=\"1024\" srcset=\"https:\/\/www.mochileiros.com\/blog\/wp-content\/uploads\/2016\/12\/andrelivro00.jpg 766w, https:\/\/www.mochileiros.com\/blog\/wp-content\/uploads\/2016\/12\/andrelivro00-224x300.jpg 224w, https:\/\/www.mochileiros.com\/blog\/wp-content\/uploads\/2016\/12\/andrelivro00-313x418.jpg 313w, https:\/\/www.mochileiros.com\/blog\/wp-content\/uploads\/2016\/12\/andrelivro00-15x20.jpg 15w\" sizes=\"auto, (max-width: 766px) 100vw, 766px\" \/><\/a><p id=\"caption-attachment-19687\" class=\"wp-caption-text\">O autor e seu primeiro livro publicado (a obra est\u00e1 \u00e0 venda na <span style=\"text-decoration: underline;\"><a href=\"https:\/\/www.amazon.com\/terre-nest-quun-seul-pays-ebook\/dp\/B010SOHVPY\" target=\"_blank\" rel=\"noopener\">Amazon<\/a><\/span> e no <span style=\"text-decoration: underline;\"><a href=\"http:\/\/andre.brugiroux.free.fr\/bibliographie.htm\" target=\"_blank\" rel=\"noopener\">site<\/a><\/span>) | Foto: Divulga\u00e7\u00e3o.<\/p><\/div>\n<div id=\"attachment_19692\" style=\"width: 699px\" class=\"wp-caption aligncenter\"><a href=\"https:\/\/www.mochileiros.com\/blog\/blog\/ele-esta-ha-50-anos-viajando-4-voltas-ao-mundo-de-carona\/attachment\/andre07\" rel=\"attachment wp-att-19692\"><img loading=\"lazy\" decoding=\"async\" aria-describedby=\"caption-attachment-19692\" class=\"size-full wp-image-19692\" src=\"https:\/\/www.mochileiros.com\/blog\/wp-content\/uploads\/2016\/12\/andre07.jpg\" alt=\"Seu mais recente livro publicado &quot;O homem que queria ver todos os pa\u00edses do mundo&quot; (em tradu\u00e7\u00e3o livre) | Foto: Divulga\u00e7\u00e3o.\" width=\"689\" height=\"1080\" srcset=\"https:\/\/www.mochileiros.com\/blog\/wp-content\/uploads\/2016\/12\/andre07.jpg 689w, https:\/\/www.mochileiros.com\/blog\/wp-content\/uploads\/2016\/12\/andre07-191x300.jpg 191w, https:\/\/www.mochileiros.com\/blog\/wp-content\/uploads\/2016\/12\/andre07-653x1024.jpg 653w, https:\/\/www.mochileiros.com\/blog\/wp-content\/uploads\/2016\/12\/andre07-313x491.jpg 313w, https:\/\/www.mochileiros.com\/blog\/wp-content\/uploads\/2016\/12\/andre07-13x20.jpg 13w\" sizes=\"auto, (max-width: 689px) 100vw, 689px\" \/><\/a><p id=\"caption-attachment-19692\" class=\"wp-caption-text\">Seu mais recente livro publicado &#8220;O homem que queria ver todos os pa\u00edses do mundo&#8221; (em tradu\u00e7\u00e3o livre) | Foto: Divulga\u00e7\u00e3o.<\/p><\/div>\n<p style=\"text-align: justify;\">Em suas contas, entre territ\u00f3rios e pa\u00edses, ele conheceu\u00a0250. Alguns o criticam pela &#8220;superficialidade de suas viagens&#8221;.<br \/>\nSobre suas voltas ao mundo, respondeu a um jornalista colombiano: &#8220;No s\u00e9culo XXI qualquer um pode dar uma volta ao mundo em dois dias. O que eu fiz foi dar uma volta pela Humanidade e isso toma muito mais tempo&#8221; &#8211; Parece que n\u00e3o foi algo t\u00e3o superficial assim, cr\u00edticos.<br \/>\nAndr\u00e9 hoje segue viajando, sobretudo para suas confer\u00eancias sobre viagem em universidades e feiras liter\u00e1rias.<br \/>\nMais sobre suas hist\u00f3rias de viagem, suas biografia e bibliografia podem ser conferidas em seu\u00a0<strong><span style=\"text-decoration: underline;\"><a href=\"http:\/\/andre.brugiroux.free.fr\/\" target=\"_blank\" rel=\"noopener\">site<\/a><\/span><\/strong> (em franc\u00eas e algumas \u00e1reas em ingl\u00eas).<\/p>\n<p style=\"text-align: justify;\"><strong>Abaixo Andr\u00e9 Brouginox fala um pouco sobre como \u00e9 viajar por 50 anos e o que o fez perceber que a Paz \u00e9 poss\u00edvel:<\/strong><\/p>\n<p><iframe loading=\"lazy\" width=\"740\" height=\"416\" src=\"https:\/\/www.youtube.com\/embed\/mIo8Zvt0Xd0?feature=oembed\" frameborder=\"0\" allow=\"autoplay; encrypted-media\" allowfullscreen><\/iframe><\/p>\n<p>&nbsp;<\/p>\n","protected":false},"excerpt":{"rendered":"<p>Eu e voc\u00ea aqui querendo um aninho sab\u00e1tico que seja e este senhor teve uma &#8220;vida sab\u00e1tica&#8221; &#8211; express\u00e3o usada por ele mesmo em entrevista dada no Chile, pa\u00eds que visitou recentemente. Trata-se do franc\u00eas Andr\u00e9 Brugiroux, de 79 anos, que \u00e9 considerado (por algumas publica\u00e7\u00f5es que tratam sobre o tema) um dos &#8220;mais importantes [&hellip;]<\/p>\n","protected":false},"author":2,"featured_media":19698,"comment_status":"open","ping_status":"closed","sticky":false,"template":"","format":"standard","meta":{"googlesitekit_rrm_CAoiELM5mIOjYRN0nfylq3_9r-8:productID":"","_crdt_document":"","_daim_seo_power":"","_daim_enable_ail":"","footnotes":""},"categories":[168],"tags":[103,982,1206,2599,1126],"class_list":["post-19677","post","type-post","status-publish","format-standard","has-post-thumbnail","hentry","category-blog","tag-carona","tag-exploradores-do-seculo-xxi","tag-historias-inspiradoras","tag-viajar-de-carona","tag-volta-ao-mundo"],"_links":{"self":[{"href":"https:\/\/www.mochileiros.com\/blog\/wp-json\/wp\/v2\/posts\/19677","targetHints":{"allow":["GET"]}}],"collection":[{"href":"https:\/\/www.mochileiros.com\/blog\/wp-json\/wp\/v2\/posts"}],"about":[{"href":"https:\/\/www.mochileiros.com\/blog\/wp-json\/wp\/v2\/types\/post"}],"author":[{"embeddable":true,"href":"https:\/\/www.mochileiros.com\/blog\/wp-json\/wp\/v2\/users\/2"}],"replies":[{"embeddable":true,"href":"https:\/\/www.mochileiros.com\/blog\/wp-json\/wp\/v2\/comments?post=19677"}],"version-history":[{"count":0,"href":"https:\/\/www.mochileiros.com\/blog\/wp-json\/wp\/v2\/posts\/19677\/revisions"}],"wp:featuredmedia":[{"embeddable":true,"href":"https:\/\/www.mochileiros.com\/blog\/wp-json\/wp\/v2\/media\/19698"}],"wp:attachment":[{"href":"https:\/\/www.mochileiros.com\/blog\/wp-json\/wp\/v2\/media?parent=19677"}],"wp:term":[{"taxonomy":"category","embeddable":true,"href":"https:\/\/www.mochileiros.com\/blog\/wp-json\/wp\/v2\/categories?post=19677"},{"taxonomy":"post_tag","embeddable":true,"href":"https:\/\/www.mochileiros.com\/blog\/wp-json\/wp\/v2\/tags?post=19677"}],"curies":[{"name":"wp","href":"https:\/\/api.w.org\/{rel}","templated":true}]}}