{"id":19934,"date":"2016-12-11T14:01:40","date_gmt":"2016-12-11T17:01:40","guid":{"rendered":"https:\/\/www.mochileiros.com\/blog\/?p=19934"},"modified":"2016-12-11T14:10:13","modified_gmt":"2016-12-11T17:10:13","slug":"quando-e-a-hora-de-largar-tudo-e-cair-no-mundo","status":"publish","type":"post","link":"https:\/\/www.mochileiros.com\/blog\/quando-e-a-hora-de-largar-tudo-e-cair-no-mundo","title":{"rendered":"Quando \u00e9 a hora de largar tudo e cair no mundo?"},"content":{"rendered":"<p style=\"text-align: justify;\"><strong>Texto:<\/strong>\u00a0Jo\u00e3o do <span style=\"text-decoration: underline;\"><a href=\"https:\/\/www.facebook.com\/SabeDoJoao\/\" target=\"_blank\" rel=\"noopener\">@SabeDoJoao<\/a><\/span> e membro do Mochileiros.com<\/p>\n<p style=\"text-align: justify;\">Hoje est\u00e1 chovendo aqui numa cidadezinha de nome complicado no interior da Alemanha. Isso me entendia de tal maneira que n\u00e3o consigo pensar em nada. Deveria estar planejando minha viagem para \u00c1frica, que inicia no pr\u00f3ximo m\u00eas. Mas nem isso eu consigo por em pr\u00e1tica. H\u00e1 dias em que s\u00f3 uma navega\u00e7\u00e3o na internet \u00e9 o melhor a se fazer!<\/p>\n<p style=\"text-align: justify;\">E foi nessa navega\u00e7\u00e3o que me deparo com um texto do Derek Earl, um carinha que viaja o mundo e \u00e9 super-experiente no assunto. E esse mesmo texto me faz voltar a alguns anos, quando dei in\u00edcio a ideia de viajar o mundo.<\/p>\n<p>&nbsp;<\/p>\n<p style=\"text-align: justify;\">Era in\u00edcio de 2012. Apesar de gostar muito do meu trabalho, a empolga\u00e7\u00e3o maior s\u00f3 vinha nos per\u00edodos de f\u00e9rias. Havia algo errado nisso! Via que aquilo n\u00e3o era mais meu mundo e eu precisava tomar uma atitude. Em maio, j\u00e1 com a decis\u00e3o tomada, conversei com meu chefe sobre a possibilidade de sair em mar\u00e7o de 2013. Meu plano era passar 6 meses no Canad\u00e1 e estudar ingl\u00eas. Ele ficou de pensar!<\/p>\n<p style=\"text-align: justify;\">Novembro de 2013 e eu ainda n\u00e3o tinha uma resposta. Aquilo me consumia. Quando, afinal, vou poder dar in\u00edcio a essa mudan\u00e7a de vida? Dias depois, procurei-o novamente. N\u00e3o poderia mais esperar, pois tinha de confirmar e pagar meu curso. Ele me pediu uma prorroga\u00e7\u00e3o de seis meses no meu plano, pois o projeto que desenvolv\u00edamos ainda precisava da minha colabora\u00e7\u00e3o.<\/p>\n<div id=\"attachment_19936\" style=\"width: 1010px\" class=\"wp-caption alignnone\"><a href=\"https:\/\/www.mochileiros.com\/blog\/wp-content\/uploads\/2016\/12\/12885732_511471079032104_7693002107281593167_o.png\"><img loading=\"lazy\" decoding=\"async\" aria-describedby=\"caption-attachment-19936\" class=\"wp-image-19936 size-large\" src=\"https:\/\/www.mochileiros.com\/blog\/wp-content\/uploads\/2016\/12\/12885732_511471079032104_7693002107281593167_o-1024x449.png\" alt=\"12885732_511471079032104_7693002107281593167_o\" width=\"1000\" height=\"438\" srcset=\"https:\/\/www.mochileiros.com\/blog\/wp-content\/uploads\/2016\/12\/12885732_511471079032104_7693002107281593167_o-1024x449.png 1024w, https:\/\/www.mochileiros.com\/blog\/wp-content\/uploads\/2016\/12\/12885732_511471079032104_7693002107281593167_o-300x132.png 300w, https:\/\/www.mochileiros.com\/blog\/wp-content\/uploads\/2016\/12\/12885732_511471079032104_7693002107281593167_o-768x337.png 768w, https:\/\/www.mochileiros.com\/blog\/wp-content\/uploads\/2016\/12\/12885732_511471079032104_7693002107281593167_o-313x137.png 313w, https:\/\/www.mochileiros.com\/blog\/wp-content\/uploads\/2016\/12\/12885732_511471079032104_7693002107281593167_o-20x9.png 20w, https:\/\/www.mochileiros.com\/blog\/wp-content\/uploads\/2016\/12\/12885732_511471079032104_7693002107281593167_o.png 1152w\" sizes=\"auto, (max-width: 1000px) 100vw, 1000px\" \/><\/a><p id=\"caption-attachment-19936\" class=\"wp-caption-text\">Esse \u00e9 o mapa da viagem que o Jo\u00e3o iniciou no ano de 2013. Viagem que ele descreveu como: &#8220;tr\u00eas anos, cinco continentes, mais de oitenta pa\u00edses, trezentos lugares, muitas hist\u00f3rias, milhares de fotos e uma imensa satisfa\u00e7\u00e3o&#8221;<\/p><\/div>\n<p style=\"text-align: justify;\">Mas eu n\u00e3o podia; eu n\u00e3o queria passar o inverno no Canad\u00e1. Adiantei ao m\u00e1ximo o projeto e consegui a libera\u00e7\u00e3o em mar\u00e7o de 2013. Desde ent\u00e3o, n\u00e3o voltei mais ao Brasil. Bate a saudade! Mas o sonho est\u00e1 se realizando: muitos belos lugares, ricas culturas, muita conversa pelo caminho, risadas, e tamb\u00e9m perrengues e t\u00e9dio (nos dias de chuva), claro! ahhaha.<\/p>\n<p>Ser\u00e1 que era minha hora de sair? Apesar de estar vivendo o melhor momento no meu trabalho, eu sabia que uma prorroga\u00e7\u00e3o poderia atrapalhar ainda mais uma decis\u00e3o futura e essa nunca sa\u00ed. A nossa vida est\u00e1 sempre em transforma\u00e7\u00e3o: fam\u00edlia, namoro, emprego, amigos. Tudo isso pesa muito na hora de tomar uma decis\u00e3o. E \u00e9 a\u00ed que voc\u00ea n\u00e3o pode balan\u00e7ar. \u00c9 importante estar certo do rumo que quer dar para sua vida.<\/p>\n<p>N\u00e3o me arrependi. Pra mim, foi a hora certa. Como nunca precisei de muita grana para viver, pude economizar sem sofrimento. Vendi o carro e ca\u00ed no mundo.<\/p>\n<h2 style=\"text-align: justify;\"><a href=\"https:\/\/www.mochileiros.com\/blog\/wp-content\/uploads\/2016\/12\/janne-cress-illustration-e1413557319561-1.jpg\"><img loading=\"lazy\" decoding=\"async\" class=\"alignnone size-full wp-image-19937\" src=\"https:\/\/www.mochileiros.com\/blog\/wp-content\/uploads\/2016\/12\/janne-cress-illustration-e1413557319561-1.jpg\" alt=\"janne-cress-illustration-e1413557319561\" width=\"800\" height=\"533\" srcset=\"https:\/\/www.mochileiros.com\/blog\/wp-content\/uploads\/2016\/12\/janne-cress-illustration-e1413557319561-1.jpg 800w, https:\/\/www.mochileiros.com\/blog\/wp-content\/uploads\/2016\/12\/janne-cress-illustration-e1413557319561-1-300x200.jpg 300w, https:\/\/www.mochileiros.com\/blog\/wp-content\/uploads\/2016\/12\/janne-cress-illustration-e1413557319561-1-768x512.jpg 768w, https:\/\/www.mochileiros.com\/blog\/wp-content\/uploads\/2016\/12\/janne-cress-illustration-e1413557319561-1-313x209.jpg 313w, https:\/\/www.mochileiros.com\/blog\/wp-content\/uploads\/2016\/12\/janne-cress-illustration-e1413557319561-1-20x13.jpg 20w\" sizes=\"auto, (max-width: 800px) 100vw, 800px\" \/><\/a><br \/>\nMas ser\u00e1 que esta \u00e9 a SUA HORA CERTA?<\/h2>\n<p style=\"text-align: justify;\">Voc\u00ea j\u00e1 est\u00e1 numa fase em que, a \u00fanica coisa que passa por sua cabe\u00e7a \u00e9 viajar? Voc\u00ea fica fazendo lista de lugares para conhecer? Pesquisa passagens para lugares que nem sabe se vai, realmente, visitar&#8230; Mas a\u00ed bate aquele neg\u00f3cio e voc\u00ea se depara com o dilema de nem saber o momento de largar tudo e cair no mundo.<\/p>\n<p style=\"text-align: justify;\">Isso \u00e9 perfeitamente normal. Todos passamos por essa fase de d\u00favidas, especialmente quando se trata de algo t\u00e3o importante a ser decidido. Mas, o mais sensato \u00e9 que voc\u00ea deveria considerar v\u00e1rios fatores espec\u00edficos, segundo Earl, que possam ajudar a dar-lhe uma ideia melhor de sua situa\u00e7\u00e3o e, finalmente, tentar responder a essa pergunta de quando voc\u00ea deve finalmente come\u00e7ar a sua aventura:<\/p>\n<p style=\"text-align: justify;\"><strong>1. Confian\u00e7a:<\/strong> voc\u00ea est\u00e1 confiante em sua capacidade de fazer as coisas acontecerem? Voc\u00ea vai ser capaz de fazer o que for preciso para encontrar uma maneira de ganhar dinheiro, caso precise? Voc\u00ea \u00e9 o tipo de pessoa que est\u00e1 disposta a enfrentar qualquer obst\u00e1culo que aparecer no caminho?<\/p>\n<p style=\"text-align: justify;\"><strong>2. Poupan\u00e7a ideal:<\/strong> talvez voc\u00ea acredita que hoje n\u00e3o tem a poupan\u00e7a ideal pra cair no mundo. Mas quanto seria essa sua poupan\u00e7a? Ser\u00e1 que R$ 5.000,00 a mais te deixaria mais confort\u00e1vel pra cair no mundo? Ou voc\u00ea precisa de 15.000 ou 30.000? Voc\u00ea est\u00e1 quase chegando a essa meta? Ou voc\u00ea vai ficar sempre botando mais meta financeira antes de cair no mundo a ponto de nunca sair do lugar?<\/p>\n<p style=\"text-align: justify;\"><strong>3. Oportunidades de Trabalho:<\/strong> caso voc\u00ea se depare com a necessidade de trabalhar durante a viagem, que tipo de coisa sabe fazer? \u00c9 habilidoso mesmo ou s\u00f3 quebra um galho? Se submeteria a limpar banheiro em hostel, trocar roupa de cama de trocentas beliches, varrer, lavar&#8230; Trabalhar em fazendas colhendo ma\u00e7\u00e3s ou tosquiando ovelhas&#8230; Sabe fazer algo criativo? Lida bem com tecnologias?<\/p>\n<p style=\"text-align: justify;\"><strong>4. Estilo de Viagem:<\/strong> Quanto custa seu conforto? Que tipo de estilo de viagem mais te agrada e quanto isso te vai custar? N\u00e3o adianta voc\u00ea abrir m\u00e3o do seu conforto m\u00ednimo, dormir em quartos com mais 12 pessoas, ter de cozinhar, usar os transporte p\u00fablicos e fazendo as conex\u00f5es mais loucas para economizar uma grana e sentir-se mal por isso. Se isso n\u00e3o \u00e9 pra voc\u00ea, n\u00e3o se preocupe. Nem todo mundo se adapta a esse estilo. Mas \u00e9 importante saber o quanto isso te custa.<\/p>\n<p style=\"text-align: justify;\"><strong>5. Sociabilidade:<\/strong> Qu\u00e3o social voc\u00ea \u00e9? Considera que teria de aprender mais sobre isso? Ou voc\u00ea j\u00e1 tem a capacidade de iniciar um conversa com qualquer pessoa que aparecer, seja l\u00e1 onde for. Voc\u00ea n\u00e3o tem que ser a pessoal mais social do mundo, mas, quanto mais confort\u00e1vel voc\u00ea estiver em torno de novas pessoas, mais f\u00e1cil ser\u00e1 para interagir com demais viajantes e moradores locais que vier a encontrar, fazer novos amigos, ou mesmo, descobrir novas oportunidades.<\/p>\n<p style=\"text-align: justify;\"><strong>6. Uma espera sem fim:<\/strong> Talvez nunca haver\u00e1 um momento perfeito para cair no mundo. Algo pode estar sempre te puxando pra tr\u00e1s. E se voc\u00ea esperar mais dois anos?? Bom, voc\u00ea ter\u00e1 uma poupan\u00e7a maior!! Mas ser\u00e1 que voc\u00ea n\u00e3o vai estar mais preso ainda ao seu estilo de vida? Como voc\u00ea se sente sobre isso?<\/p>\n<p style=\"text-align: justify;\"><strong>7. Tortura:<\/strong> Voc\u00ea pode esperar mais 2 ou 3 ou 5 anos ou voc\u00ea est\u00e1 t\u00e3o doido pra cair no mundo que o pensamento de passar mais tempo em casa est\u00e1 come\u00e7ando a afetar profundamente sua vida? Se mal pode esperar para cair no mundo, ent\u00e3o voc\u00ea precisa dar uma acelerada no seu projeto e descobrir as coisas mais rapidamente.<\/p>\n<p style=\"text-align: justify;\">Mais uma vez, n\u00e3o \u00e9 f\u00e1cil. \u00c9 bem dif\u00edcil descobrir isso, eu sei. E ningu\u00e9m vai fazer isso por voc\u00ea. Come\u00e7ar a viajar agora ou mais tarde ou at\u00e9 mesmo nunca mais s\u00f3 depende da sua decis\u00e3o.<\/p>\n<p style=\"text-align: justify;\">Forte abra\u00e7o e, se decidir viajar o mundo, quem sabe a gente n\u00e3o se encontra por a\u00ed?<\/p>\n<p style=\"text-align: justify;\">int\u00e9,<\/p>\n<p style=\"text-align: justify;\">Jo\u00e3o<br \/>\n<span style=\"text-decoration: underline;\"><a href=\"https:\/\/www.facebook.com\/SabeDoJoao\/?fref=ts\" target=\"_blank\" rel=\"noopener\">SabedoJo\u00e3o?<\/a><\/span><\/p>\n<p style=\"text-align: justify;\">Post originalmente publicado em:\u00a0<span style=\"text-decoration: underline;\"><a href=\"http:\/\/www.mochileiros.com\/quando-e-a-hora-de-largar-tudo-e-cair-no-mundo-t113992.html\" target=\"_blank\">http:\/\/www.mochileiros.com\/quando-e-a-hora-de-largar-tudo-e-cair-no-mundo-t113992.html<\/a><\/span><\/p>\n","protected":false},"excerpt":{"rendered":"<p>Texto:\u00a0Jo\u00e3o do @SabeDoJoao e membro do Mochileiros.com Hoje est\u00e1 chovendo aqui numa cidadezinha de nome complicado no interior da Alemanha. Isso me entendia de tal maneira que n\u00e3o consigo pensar em nada. Deveria estar planejando minha viagem para \u00c1frica, que inicia no pr\u00f3ximo m\u00eas. Mas nem isso eu consigo por em pr\u00e1tica. H\u00e1 dias em [&hellip;]<\/p>\n","protected":false},"author":55,"featured_media":19935,"comment_status":"open","ping_status":"closed","sticky":false,"template":"","format":"standard","meta":{"googlesitekit_rrm_CAoiELM5mIOjYRN0nfylq3_9r-8:productID":"","_crdt_document":"","_daim_seo_power":"","_daim_enable_ail":"","footnotes":""},"categories":[168],"tags":[1206,1126],"class_list":["post-19934","post","type-post","status-publish","format-standard","has-post-thumbnail","hentry","category-blog","tag-historias-inspiradoras","tag-volta-ao-mundo"],"_links":{"self":[{"href":"https:\/\/www.mochileiros.com\/blog\/wp-json\/wp\/v2\/posts\/19934","targetHints":{"allow":["GET"]}}],"collection":[{"href":"https:\/\/www.mochileiros.com\/blog\/wp-json\/wp\/v2\/posts"}],"about":[{"href":"https:\/\/www.mochileiros.com\/blog\/wp-json\/wp\/v2\/types\/post"}],"author":[{"embeddable":true,"href":"https:\/\/www.mochileiros.com\/blog\/wp-json\/wp\/v2\/users\/55"}],"replies":[{"embeddable":true,"href":"https:\/\/www.mochileiros.com\/blog\/wp-json\/wp\/v2\/comments?post=19934"}],"version-history":[{"count":0,"href":"https:\/\/www.mochileiros.com\/blog\/wp-json\/wp\/v2\/posts\/19934\/revisions"}],"wp:featuredmedia":[{"embeddable":true,"href":"https:\/\/www.mochileiros.com\/blog\/wp-json\/wp\/v2\/media\/19935"}],"wp:attachment":[{"href":"https:\/\/www.mochileiros.com\/blog\/wp-json\/wp\/v2\/media?parent=19934"}],"wp:term":[{"taxonomy":"category","embeddable":true,"href":"https:\/\/www.mochileiros.com\/blog\/wp-json\/wp\/v2\/categories?post=19934"},{"taxonomy":"post_tag","embeddable":true,"href":"https:\/\/www.mochileiros.com\/blog\/wp-json\/wp\/v2\/tags?post=19934"}],"curies":[{"name":"wp","href":"https:\/\/api.w.org\/{rel}","templated":true}]}}