{"id":20973,"date":"2016-12-24T12:00:23","date_gmt":"2016-12-24T15:00:23","guid":{"rendered":"https:\/\/www.mochileiros.com\/blog\/?p=20973"},"modified":"2016-12-29T06:56:39","modified_gmt":"2016-12-29T09:56:39","slug":"casal-esta-ha-um-ano-na-estrada-vivendo-de-arte-de-rua","status":"publish","type":"post","link":"https:\/\/www.mochileiros.com\/blog\/casal-esta-ha-um-ano-na-estrada-vivendo-de-arte-de-rua","title":{"rendered":"Casal est\u00e1 h\u00e1 um ano na estrada vivendo de arte de rua"},"content":{"rendered":"<p style=\"text-align: left;\">Os curitibanos Daphine Augustini e Marcelo Sim\u00f5es tinham o sonho de muitos apaixonados por viagem: &#8220;largar tudo&#8221;, comprar uma Kombi e se jogar na estrada. H\u00e1 um ano eles v\u00eam realizando este sonho aliado \u00e0 divulga\u00e7\u00e3o da arte de rua.<br \/>\nPor onde passam, eles e a &#8216;Sacica&#8217; chamam a aten\u00e7\u00e3o. Sacica \u00e9 a Kombi-home estilizada que utilizam como palco e loja. Nela eles dormem, cozinham e guardam suas coisas. A proposta da dupla \u00e9 difundir a arte de rua e tamb\u00e9m aprenderem com as diversas manifesta\u00e7\u00f5es art\u00edsticas da Am\u00e9rica do Sul. Daphine e Marcelo trabalham com artesanato e artes circenses, duas de suas paix\u00f5es.<\/p>\n<div id=\"attachment_20977\" style=\"width: 970px\" class=\"wp-caption aligncenter\"><a href=\"https:\/\/www.mochileiros.com\/blog\/noticias\/casal-esta-ha-um-ano-na-estrada-vivendo-de-arte-de-rua\/attachment\/sacica03\" rel=\"attachment wp-att-20977\"><img loading=\"lazy\" decoding=\"async\" aria-describedby=\"caption-attachment-20977\" class=\"wp-image-20977 size-full\" src=\"https:\/\/www.mochileiros.com\/blog\/wp-content\/uploads\/2016\/12\/sacica03.jpg\" width=\"960\" height=\"720\" alt=\"\" srcset=\"https:\/\/www.mochileiros.com\/blog\/wp-content\/uploads\/2016\/12\/sacica03.jpg 960w, https:\/\/www.mochileiros.com\/blog\/wp-content\/uploads\/2016\/12\/sacica03-300x225.jpg 300w, https:\/\/www.mochileiros.com\/blog\/wp-content\/uploads\/2016\/12\/sacica03-768x576.jpg 768w, https:\/\/www.mochileiros.com\/blog\/wp-content\/uploads\/2016\/12\/sacica03-313x235.jpg 313w, https:\/\/www.mochileiros.com\/blog\/wp-content\/uploads\/2016\/12\/sacica03-20x15.jpg 20w\" sizes=\"auto, (max-width: 960px) 100vw, 960px\" \/><\/a><p id=\"caption-attachment-20977\" class=\"wp-caption-text\">Daphine e Marcelo est\u00e3o h\u00e1 um ano viajando pelo Brasil | Foto: Divulga\u00e7\u00e3o.<\/p><\/div>\n<div id=\"attachment_20978\" style=\"width: 970px\" class=\"wp-caption aligncenter\"><a href=\"https:\/\/www.mochileiros.com\/blog\/noticias\/casal-esta-ha-um-ano-na-estrada-vivendo-de-arte-de-rua\/attachment\/sacica02\" rel=\"attachment wp-att-20978\"><img loading=\"lazy\" decoding=\"async\" aria-describedby=\"caption-attachment-20978\" class=\"size-full wp-image-20978\" src=\"https:\/\/www.mochileiros.com\/blog\/wp-content\/uploads\/2016\/12\/sacica02.jpg\" alt=\"\" width=\"960\" height=\"603\" srcset=\"https:\/\/www.mochileiros.com\/blog\/wp-content\/uploads\/2016\/12\/sacica02.jpg 960w, https:\/\/www.mochileiros.com\/blog\/wp-content\/uploads\/2016\/12\/sacica02-300x188.jpg 300w, https:\/\/www.mochileiros.com\/blog\/wp-content\/uploads\/2016\/12\/sacica02-1024x643.jpg 1024w, https:\/\/www.mochileiros.com\/blog\/wp-content\/uploads\/2016\/12\/sacica02-767x482.jpg 767w, https:\/\/www.mochileiros.com\/blog\/wp-content\/uploads\/2016\/12\/sacica02-1536x965.jpg 1536w, https:\/\/www.mochileiros.com\/blog\/wp-content\/uploads\/2016\/12\/sacica02-2048x1286.jpg 2048w, https:\/\/www.mochileiros.com\/blog\/wp-content\/uploads\/2016\/12\/sacica02-239x150.jpg 239w, https:\/\/www.mochileiros.com\/blog\/wp-content\/uploads\/2016\/12\/sacica02-100x63.jpg 100w, https:\/\/www.mochileiros.com\/blog\/wp-content\/uploads\/2016\/12\/sacica02-557x350.jpg 557w, https:\/\/www.mochileiros.com\/blog\/wp-content\/uploads\/2016\/12\/sacica02-788x494.jpg 788w, https:\/\/www.mochileiros.com\/blog\/wp-content\/uploads\/2016\/12\/sacica02-313x197.jpg 313w, https:\/\/www.mochileiros.com\/blog\/wp-content\/uploads\/2016\/12\/sacica02-20x13.jpg 20w\" sizes=\"auto, (max-width: 960px) 100vw, 960px\" \/><\/a><p id=\"caption-attachment-20978\" class=\"wp-caption-text\">Foto: Divulga\u00e7\u00e3o.<\/p><\/div>\n<p style=\"text-align: left;\">Neste um ano de estrada eles j\u00e1 conheceram 15 estados brasileiros e seguem viajando. Todo o or\u00e7amento de viagem prov\u00e9m dos trabalhos que desenvolvem na rua (venda das artes manuais, interven\u00e7\u00f5es, oficinas, espet\u00e1culos circenses etc).<\/p>\n<div id=\"attachment_20983\" style=\"width: 650px\" class=\"wp-caption aligncenter\"><a href=\"https:\/\/www.mochileiros.com\/blog\/noticias\/casal-esta-ha-um-ano-na-estrada-vivendo-de-arte-de-rua\/attachment\/sacica08\" rel=\"attachment wp-att-20983\"><img loading=\"lazy\" decoding=\"async\" aria-describedby=\"caption-attachment-20983\" class=\"size-full wp-image-20983\" src=\"https:\/\/www.mochileiros.com\/blog\/wp-content\/uploads\/2016\/12\/sacica08.jpg\" alt=\"\" width=\"640\" height=\"480\" srcset=\"https:\/\/www.mochileiros.com\/blog\/wp-content\/uploads\/2016\/12\/sacica08.jpg 640w, https:\/\/www.mochileiros.com\/blog\/wp-content\/uploads\/2016\/12\/sacica08-300x225.jpg 300w, https:\/\/www.mochileiros.com\/blog\/wp-content\/uploads\/2016\/12\/sacica08-313x235.jpg 313w, https:\/\/www.mochileiros.com\/blog\/wp-content\/uploads\/2016\/12\/sacica08-20x15.jpg 20w\" sizes=\"auto, (max-width: 640px) 100vw, 640px\" \/><\/a><p id=\"caption-attachment-20983\" class=\"wp-caption-text\">Foto: Divulga\u00e7\u00e3o.<\/p><\/div>\n<div id=\"attachment_20979\" style=\"width: 970px\" class=\"wp-caption aligncenter\"><a href=\"https:\/\/www.mochileiros.com\/blog\/noticias\/casal-esta-ha-um-ano-na-estrada-vivendo-de-arte-de-rua\/attachment\/sacica04\" rel=\"attachment wp-att-20979\"><img loading=\"lazy\" decoding=\"async\" aria-describedby=\"caption-attachment-20979\" class=\"size-full wp-image-20979\" src=\"https:\/\/www.mochileiros.com\/blog\/wp-content\/uploads\/2016\/12\/sacica04.jpg\" alt=\"\" width=\"960\" height=\"960\" srcset=\"https:\/\/www.mochileiros.com\/blog\/wp-content\/uploads\/2016\/12\/sacica04.jpg 960w, https:\/\/www.mochileiros.com\/blog\/wp-content\/uploads\/2016\/12\/sacica04-150x150.jpg 150w, https:\/\/www.mochileiros.com\/blog\/wp-content\/uploads\/2016\/12\/sacica04-300x300.jpg 300w, https:\/\/www.mochileiros.com\/blog\/wp-content\/uploads\/2016\/12\/sacica04-768x768.jpg 768w, https:\/\/www.mochileiros.com\/blog\/wp-content\/uploads\/2016\/12\/sacica04-80x80.jpg 80w, https:\/\/www.mochileiros.com\/blog\/wp-content\/uploads\/2016\/12\/sacica04-350x350.jpg 350w, https:\/\/www.mochileiros.com\/blog\/wp-content\/uploads\/2016\/12\/sacica04-313x313.jpg 313w, https:\/\/www.mochileiros.com\/blog\/wp-content\/uploads\/2016\/12\/sacica04-20x20.jpg 20w\" sizes=\"auto, (max-width: 960px) 100vw, 960px\" \/><\/a><p id=\"caption-attachment-20979\" class=\"wp-caption-text\">O casal realiza apresenta\u00e7\u00f5es por alguns lugares onde passam | Foto: Divulga\u00e7\u00e3o.<\/p><\/div>\n<h3>A Sacica<\/h3>\n<div id=\"attachment_20980\" style=\"width: 970px\" class=\"wp-caption aligncenter\"><a href=\"https:\/\/www.mochileiros.com\/blog\/noticias\/casal-esta-ha-um-ano-na-estrada-vivendo-de-arte-de-rua\/attachment\/sacica07\" rel=\"attachment wp-att-20980\"><img loading=\"lazy\" decoding=\"async\" aria-describedby=\"caption-attachment-20980\" class=\"size-full wp-image-20980\" src=\"https:\/\/www.mochileiros.com\/blog\/wp-content\/uploads\/2016\/12\/sacica07.jpg\" alt=\"\" width=\"960\" height=\"576\" srcset=\"https:\/\/www.mochileiros.com\/blog\/wp-content\/uploads\/2016\/12\/sacica07.jpg 960w, https:\/\/www.mochileiros.com\/blog\/wp-content\/uploads\/2016\/12\/sacica07-300x180.jpg 300w, https:\/\/www.mochileiros.com\/blog\/wp-content\/uploads\/2016\/12\/sacica07-768x461.jpg 768w, https:\/\/www.mochileiros.com\/blog\/wp-content\/uploads\/2016\/12\/sacica07-590x354.jpg 590w, https:\/\/www.mochileiros.com\/blog\/wp-content\/uploads\/2016\/12\/sacica07-400x240.jpg 400w, https:\/\/www.mochileiros.com\/blog\/wp-content\/uploads\/2016\/12\/sacica07-313x188.jpg 313w, https:\/\/www.mochileiros.com\/blog\/wp-content\/uploads\/2016\/12\/sacica07-20x12.jpg 20w\" sizes=\"auto, (max-width: 960px) 100vw, 960px\" \/><\/a><p id=\"caption-attachment-20980\" class=\"wp-caption-text\">Kombi foi toda grafitada manualmente por outro casal de artistas, GardPam | Foto: Divulga\u00e7\u00e3o.<\/p><\/div>\n<div id=\"attachment_20981\" style=\"width: 970px\" class=\"wp-caption aligncenter\"><a href=\"https:\/\/www.mochileiros.com\/blog\/noticias\/casal-esta-ha-um-ano-na-estrada-vivendo-de-arte-de-rua\/attachment\/sacica06\" rel=\"attachment wp-att-20981\"><img loading=\"lazy\" decoding=\"async\" aria-describedby=\"caption-attachment-20981\" class=\"size-full wp-image-20981\" src=\"https:\/\/www.mochileiros.com\/blog\/wp-content\/uploads\/2016\/12\/sacica06.jpg\" alt=\"\" width=\"960\" height=\"576\" srcset=\"https:\/\/www.mochileiros.com\/blog\/wp-content\/uploads\/2016\/12\/sacica06.jpg 960w, https:\/\/www.mochileiros.com\/blog\/wp-content\/uploads\/2016\/12\/sacica06-300x180.jpg 300w, https:\/\/www.mochileiros.com\/blog\/wp-content\/uploads\/2016\/12\/sacica06-768x461.jpg 768w, https:\/\/www.mochileiros.com\/blog\/wp-content\/uploads\/2016\/12\/sacica06-590x354.jpg 590w, https:\/\/www.mochileiros.com\/blog\/wp-content\/uploads\/2016\/12\/sacica06-400x240.jpg 400w, https:\/\/www.mochileiros.com\/blog\/wp-content\/uploads\/2016\/12\/sacica06-313x188.jpg 313w, https:\/\/www.mochileiros.com\/blog\/wp-content\/uploads\/2016\/12\/sacica06-20x12.jpg 20w\" sizes=\"auto, (max-width: 960px) 100vw, 960px\" \/><\/a><p id=\"caption-attachment-20981\" class=\"wp-caption-text\">Foto: Divulga\u00e7\u00e3o.<\/p><\/div>\n<div id=\"attachment_21008\" style=\"width: 970px\" class=\"wp-caption aligncenter\"><a href=\"https:\/\/www.mochileiros.com\/blog\/noticias\/casal-esta-ha-um-ano-na-estrada-vivendo-de-arte-de-rua\/attachment\/sacica01\" rel=\"attachment wp-att-21008\"><img loading=\"lazy\" decoding=\"async\" aria-describedby=\"caption-attachment-21008\" class=\"size-full wp-image-21008\" src=\"https:\/\/www.mochileiros.com\/blog\/wp-content\/uploads\/2016\/12\/sacica01.jpg\" alt=\"\" width=\"960\" height=\"575\" srcset=\"https:\/\/www.mochileiros.com\/blog\/wp-content\/uploads\/2016\/12\/sacica01.jpg 960w, https:\/\/www.mochileiros.com\/blog\/wp-content\/uploads\/2016\/12\/sacica01-300x180.jpg 300w, https:\/\/www.mochileiros.com\/blog\/wp-content\/uploads\/2016\/12\/sacica01-768x460.jpg 768w, https:\/\/www.mochileiros.com\/blog\/wp-content\/uploads\/2016\/12\/sacica01-590x354.jpg 590w, https:\/\/www.mochileiros.com\/blog\/wp-content\/uploads\/2016\/12\/sacica01-400x240.jpg 400w, https:\/\/www.mochileiros.com\/blog\/wp-content\/uploads\/2016\/12\/sacica01-313x187.jpg 313w, https:\/\/www.mochileiros.com\/blog\/wp-content\/uploads\/2016\/12\/sacica01-20x12.jpg 20w\" sizes=\"auto, (max-width: 960px) 100vw, 960px\" \/><\/a><p id=\"caption-attachment-21008\" class=\"wp-caption-text\">Foto: Divulga\u00e7\u00e3o.<\/p><\/div>\n<div id=\"attachment_20982\" style=\"width: 970px\" class=\"wp-caption aligncenter\"><a href=\"https:\/\/www.mochileiros.com\/blog\/noticias\/casal-esta-ha-um-ano-na-estrada-vivendo-de-arte-de-rua\/attachment\/sacica05\" rel=\"attachment wp-att-20982\"><img loading=\"lazy\" decoding=\"async\" aria-describedby=\"caption-attachment-20982\" class=\"size-full wp-image-20982\" src=\"https:\/\/www.mochileiros.com\/blog\/wp-content\/uploads\/2016\/12\/sacica05.jpg\" alt=\"\" width=\"960\" height=\"720\" srcset=\"https:\/\/www.mochileiros.com\/blog\/wp-content\/uploads\/2016\/12\/sacica05.jpg 960w, https:\/\/www.mochileiros.com\/blog\/wp-content\/uploads\/2016\/12\/sacica05-300x225.jpg 300w, https:\/\/www.mochileiros.com\/blog\/wp-content\/uploads\/2016\/12\/sacica05-768x576.jpg 768w, https:\/\/www.mochileiros.com\/blog\/wp-content\/uploads\/2016\/12\/sacica05-313x235.jpg 313w, https:\/\/www.mochileiros.com\/blog\/wp-content\/uploads\/2016\/12\/sacica05-20x15.jpg 20w\" sizes=\"auto, (max-width: 960px) 100vw, 960px\" \/><\/a><p id=\"caption-attachment-20982\" class=\"wp-caption-text\">A Sacica \u00e9 a casa itinerante de Daphine e Marcelo | Foto: Divulga\u00e7\u00e3o.<\/p><\/div>\n<p style=\"text-align: left;\">Para conhecer mais sobre esta hist\u00f3ria acesse a p\u00e1gina <a href=\"https:\/\/www.facebook.com\/Kombi-Sacica-708300362569365\/\" target=\"_blank\" rel=\"noopener\">Kombi Sacica<\/a> no Facebook, onde h\u00e1 fotos, v\u00eddeos e mais\u00a0das aventuras do trio.<\/p>\n","protected":false},"excerpt":{"rendered":"<p>Os curitibanos Daphine Augustini e Marcelo Sim\u00f5es tinham o sonho de muitos apaixonados por viagem: &#8220;largar tudo&#8221;, comprar uma Kombi e se jogar na estrada. H\u00e1 um ano eles v\u00eam realizando este sonho aliado \u00e0 divulga\u00e7\u00e3o da arte de rua. Por onde passam, eles e a &#8216;Sacica&#8217; chamam a aten\u00e7\u00e3o. Sacica \u00e9 a Kombi-home estilizada [&hellip;]<\/p>\n","protected":false},"author":2,"featured_media":20978,"comment_status":"open","ping_status":"closed","sticky":false,"template":"","format":"standard","meta":{"googlesitekit_rrm_CAoiELM5mIOjYRN0nfylq3_9r-8:productID":"","_crdt_document":"","_daim_seo_power":"","_daim_enable_ail":"","footnotes":""},"categories":[14],"tags":[1341,1071,1365,1282],"class_list":["post-20973","post","type-post","status-publish","format-standard","has-post-thumbnail","hentry","category-noticias","tag-kombi","tag-road-trip","tag-vanlife","tag-viajar-de-kombi"],"_links":{"self":[{"href":"https:\/\/www.mochileiros.com\/blog\/wp-json\/wp\/v2\/posts\/20973","targetHints":{"allow":["GET"]}}],"collection":[{"href":"https:\/\/www.mochileiros.com\/blog\/wp-json\/wp\/v2\/posts"}],"about":[{"href":"https:\/\/www.mochileiros.com\/blog\/wp-json\/wp\/v2\/types\/post"}],"author":[{"embeddable":true,"href":"https:\/\/www.mochileiros.com\/blog\/wp-json\/wp\/v2\/users\/2"}],"replies":[{"embeddable":true,"href":"https:\/\/www.mochileiros.com\/blog\/wp-json\/wp\/v2\/comments?post=20973"}],"version-history":[{"count":0,"href":"https:\/\/www.mochileiros.com\/blog\/wp-json\/wp\/v2\/posts\/20973\/revisions"}],"wp:featuredmedia":[{"embeddable":true,"href":"https:\/\/www.mochileiros.com\/blog\/wp-json\/wp\/v2\/media\/20978"}],"wp:attachment":[{"href":"https:\/\/www.mochileiros.com\/blog\/wp-json\/wp\/v2\/media?parent=20973"}],"wp:term":[{"taxonomy":"category","embeddable":true,"href":"https:\/\/www.mochileiros.com\/blog\/wp-json\/wp\/v2\/categories?post=20973"},{"taxonomy":"post_tag","embeddable":true,"href":"https:\/\/www.mochileiros.com\/blog\/wp-json\/wp\/v2\/tags?post=20973"}],"curies":[{"name":"wp","href":"https:\/\/api.w.org\/{rel}","templated":true}]}}