{"id":21252,"date":"2017-10-27T13:44:07","date_gmt":"2017-10-27T16:44:07","guid":{"rendered":"https:\/\/www.mochileiros.com\/blog\/?p=21252"},"modified":"2021-02-24T12:48:44","modified_gmt":"2021-02-24T15:48:44","slug":"destinos-imperdiveis-no-espirito-santo","status":"publish","type":"post","link":"https:\/\/www.mochileiros.com\/blog\/destinos-imperdiveis-no-espirito-santo","title":{"rendered":"10 destinos imperd\u00edveis e pouco conhecidos do Esp\u00edrito Santo"},"content":{"rendered":"<p>O Esp\u00edrito Santo \u00e9 uma verdadeira\u00a0reserva de destinos pouco conhecidos da regi\u00e3o sudeste do Brasil. \u00a0Se voc\u00ea quer algo diferente e ainda quer sentir um pouquinho do gosto de desbravar, mesmo estando pr\u00f3ximo\u00a0dois maiores centros urbanos do pa\u00eds, com certeza esse\u00a0\u00e9 o lugar\u00a0certo.<\/p>\n<div id=\"ez-toc-container\" class=\"ez-toc-v2_0_82_2 counter-hierarchy ez-toc-counter ez-toc-grey ez-toc-container-direction\">\n<div class=\"ez-toc-title-container\">\n<p class=\"ez-toc-title\" style=\"cursor:inherit\">\u00cdndice<\/p>\n<span class=\"ez-toc-title-toggle\"><a href=\"#\" class=\"ez-toc-pull-right ez-toc-btn ez-toc-btn-xs ez-toc-btn-default ez-toc-toggle\" aria-label=\"Alternar tabela de conte\u00fado\"><span class=\"ez-toc-js-icon-con\"><span class=\"\"><span class=\"eztoc-hide\" style=\"display:none;\">Toggle<\/span><span class=\"ez-toc-icon-toggle-span\"><svg style=\"fill: #999;color:#999\" xmlns=\"http:\/\/www.w3.org\/2000\/svg\" class=\"list-377408\" width=\"20px\" height=\"20px\" viewBox=\"0 0 24 24\" fill=\"none\"><path d=\"M6 6H4v2h2V6zm14 0H8v2h12V6zM4 11h2v2H4v-2zm16 0H8v2h12v-2zM4 16h2v2H4v-2zm16 0H8v2h12v-2z\" fill=\"currentColor\"><\/path><\/svg><svg style=\"fill: #999;color:#999\" class=\"arrow-unsorted-368013\" xmlns=\"http:\/\/www.w3.org\/2000\/svg\" width=\"10px\" height=\"10px\" viewBox=\"0 0 24 24\" version=\"1.2\" baseProfile=\"tiny\"><path d=\"M18.2 9.3l-6.2-6.3-6.2 6.3c-.2.2-.3.4-.3.7s.1.5.3.7c.2.2.4.3.7.3h11c.3 0 .5-.1.7-.3.2-.2.3-.5.3-.7s-.1-.5-.3-.7zM5.8 14.7l6.2 6.3 6.2-6.3c.2-.2.3-.5.3-.7s-.1-.5-.3-.7c-.2-.2-.4-.3-.7-.3h-11c-.3 0-.5.1-.7.3-.2.2-.3.5-.3.7s.1.5.3.7z\"\/><\/svg><\/span><\/span><\/span><\/a><\/span><\/div>\n<nav><ul class='ez-toc-list ez-toc-list-level-1 ' ><li class='ez-toc-page-1 ez-toc-heading-level-2'><a class=\"ez-toc-link ez-toc-heading-1\" href=\"https:\/\/www.mochileiros.com\/blog\/destinos-imperdiveis-no-espirito-santo\/#1_%E2%80%93_Afonso_Claudio\" >1 &#8211; Afonso Claudio<\/a><ul class='ez-toc-list-level-3' ><li class='ez-toc-heading-level-3'><a class=\"ez-toc-link ez-toc-heading-2\" href=\"https:\/\/www.mochileiros.com\/blog\/destinos-imperdiveis-no-espirito-santo\/#Hoteis_e_Pousadas_em_Afonso_Claudio\" >Hot\u00e9is e Pousadas em Afonso Claudio<\/a><\/li><\/ul><\/li><li class='ez-toc-page-1 ez-toc-heading-level-2'><a class=\"ez-toc-link ez-toc-heading-3\" href=\"https:\/\/www.mochileiros.com\/blog\/destinos-imperdiveis-no-espirito-santo\/#2_Itaunas_%E2%80%93_ES\" >2.\u00a0Ita\u00fanas \u2013 ES<\/a><\/li><li class='ez-toc-page-1 ez-toc-heading-level-2'><a class=\"ez-toc-link ez-toc-heading-4\" href=\"https:\/\/www.mochileiros.com\/blog\/destinos-imperdiveis-no-espirito-santo\/#3_Monumento_Natural_dos_Pontoes_Capixabas_%E2%80%93_ES\" >3.\u00a0Monumento Natural dos Pont\u00f5es Capixabas \u2013 ES<\/a><\/li><li class='ez-toc-page-1 ez-toc-heading-level-2'><a class=\"ez-toc-link ez-toc-heading-5\" href=\"https:\/\/www.mochileiros.com\/blog\/destinos-imperdiveis-no-espirito-santo\/#4_Ibitirama_%E2%80%93_ES\" >4.\u00a0Ibitirama \u2013 ES<\/a><\/li><li class='ez-toc-page-1 ez-toc-heading-level-2'><a class=\"ez-toc-link ez-toc-heading-6\" href=\"https:\/\/www.mochileiros.com\/blog\/destinos-imperdiveis-no-espirito-santo\/#5_Domingos_Martins_e_Parque_Estadual_da_Pedra_Azul_%E2%80%93_ES\" >5.\u00a0Domingos Martins e Parque Estadual da Pedra Azul \u2013 ES<\/a><\/li><li class='ez-toc-page-1 ez-toc-heading-level-2'><a class=\"ez-toc-link ez-toc-heading-7\" href=\"https:\/\/www.mochileiros.com\/blog\/destinos-imperdiveis-no-espirito-santo\/#6_Parque_Estadual_Paulo_Cesar_Vinha_e_Tres_ilhas_%E2%80%93_ES\" >6.\u00a0Parque Estadual Paulo C\u00e9sar Vinha e Tr\u00eas ilhas \u2013 ES<\/a><\/li><li class='ez-toc-page-1 ez-toc-heading-level-2'><a class=\"ez-toc-link ez-toc-heading-8\" href=\"https:\/\/www.mochileiros.com\/blog\/destinos-imperdiveis-no-espirito-santo\/#7_Iuna_%E2%80%93_ES\" >7.\u00a0I\u00fana \u2013 ES<\/a><\/li><li class='ez-toc-page-1 ez-toc-heading-level-2'><a class=\"ez-toc-link ez-toc-heading-9\" href=\"https:\/\/www.mochileiros.com\/blog\/destinos-imperdiveis-no-espirito-santo\/#8_Parque_Estadual_do_Forno_Grande_e_Castelo_%E2%80%93_ES\" >8.\u00a0Parque Estadual do Forno Grande e Castelo \u2013 ES<\/a><\/li><li class='ez-toc-page-1 ez-toc-heading-level-2'><a class=\"ez-toc-link ez-toc-heading-10\" href=\"https:\/\/www.mochileiros.com\/blog\/destinos-imperdiveis-no-espirito-santo\/#9_Parque_Estadual_da_Cachoeira_da_Fumaca_%E2%80%93_Alegre_%E2%80%93_ES\" >9.\u00a0Parque Estadual da Cachoeira da Fuma\u00e7a \u2013 Alegre \u2013 ES<\/a><\/li><li class='ez-toc-page-1 ez-toc-heading-level-2'><a class=\"ez-toc-link ez-toc-heading-11\" href=\"https:\/\/www.mochileiros.com\/blog\/destinos-imperdiveis-no-espirito-santo\/#10_Trilha_do_Mestre_Alvaro_%E2%80%93_Serra_%E2%80%93_ES\" >10.\u00a0Trilha do Mestre \u00c1lvaro \u2013 Serra \u2013 ES<\/a><\/li><\/ul><\/nav><\/div>\n<h2><span class=\"ez-toc-section\" id=\"1_%E2%80%93_Afonso_Claudio\"><\/span>1 &#8211; Afonso Claudio<span class=\"ez-toc-section-end\"><\/span><\/h2>\n<figure>\n\t\t\t\t\t\t\t\t\t\t<img decoding=\"async\" width=\"2048\" height=\"1536\" src=\"https:\/\/www.mochileiros.com\/blog\/wp-content\/themes\/rehub-theme\/images\/default\/blank.gif\" data-src=\"https:\/\/www.mochileiros.com\/blog\/wp-content\/uploads\/2017\/10\/Pedra_dos_tres_pontoes_1-scaled.jpg\" alt=\"Monumento Natural da Pedra dos Tr\u00eas Pont\u00f5es \u2013 Afonso Claudio \u2013 Espirito Santo - Foto: Ademir Lauret\" loading=\"lazy\" srcset=\"https:\/\/www.mochileiros.com\/blog\/wp-content\/uploads\/2017\/10\/Pedra_dos_tres_pontoes_1-scaled.jpg 2048w, https:\/\/www.mochileiros.com\/blog\/wp-content\/uploads\/2017\/10\/Pedra_dos_tres_pontoes_1-300x225.jpg 300w, https:\/\/www.mochileiros.com\/blog\/wp-content\/uploads\/2017\/10\/Pedra_dos_tres_pontoes_1-1024x768.jpg 1024w, https:\/\/www.mochileiros.com\/blog\/wp-content\/uploads\/2017\/10\/Pedra_dos_tres_pontoes_1-768x576.jpg 768w, https:\/\/www.mochileiros.com\/blog\/wp-content\/uploads\/2017\/10\/Pedra_dos_tres_pontoes_1-1536x1152.jpg 1536w, https:\/\/www.mochileiros.com\/blog\/wp-content\/uploads\/2017\/10\/Pedra_dos_tres_pontoes_1-200x150.jpg 200w, https:\/\/www.mochileiros.com\/blog\/wp-content\/uploads\/2017\/10\/Pedra_dos_tres_pontoes_1-100x75.jpg 100w, https:\/\/www.mochileiros.com\/blog\/wp-content\/uploads\/2017\/10\/Pedra_dos_tres_pontoes_1-467x350.jpg 467w, https:\/\/www.mochileiros.com\/blog\/wp-content\/uploads\/2017\/10\/Pedra_dos_tres_pontoes_1-788x591.jpg 788w\" sizes=\"auto, (max-width: 2048px) 100vw, 2048px\" \/><figcaption>Monumento Natural da Pedra dos Tr\u00eas Pont\u00f5es \u2013 Afonso Claudio \u2013 Espirito Santo &#8211; Foto: Ademir Lauret<\/figcaption><\/figure>\n<p>Fundada por imigrantes italianos e rodeada por planta\u00e7\u00f5es de caf\u00e9, cachoeiras e belas forma\u00e7\u00f5es rochosas, Afonso Claudio faz parte do <a href=\"https:\/\/montanhascapixabas.org.br\/\" target=\"_blank\" rel=\"noopener\">roteiro das montanhas capixabas<\/a>.\u00a0<\/p>\n<p>Entre as atra\u00e7\u00f5es da cidade est\u00e3o a trilha para o <a href=\"https:\/\/goo.gl\/maps\/dEQ4kzvtaXVP4zvS9\" target=\"_blank\" rel=\"noopener\">Monumento Natural da Pedra dos Tr\u00eas Pont\u00f5es<\/a>, a <a href=\"https:\/\/goo.gl\/maps\/NfK7diU43o18yDCs6\" target=\"_blank\" rel=\"noopener\">Cachoeira de Santa Luzia<\/a> , o <a href=\"https:\/\/goo.gl\/maps\/Tjip7Dur2fs6fkAn9\" target=\"_blank\" rel=\"noopener\">Vale do Empo\u00e7ado<\/a>. e trilha para a <a href=\"https:\/\/goo.gl\/maps\/WArNsQC3sLsdhHpv8\" target=\"_blank\" rel=\"noopener\">Pedra da Lajinha<\/a>, o ponto mais alto da cidade.\u00a0\u00a0<\/p>\n<h3><span class=\"ez-toc-section\" id=\"Hoteis_e_Pousadas_em_Afonso_Claudio\"><\/span>Hot\u00e9is e Pousadas em Afonso Claudio<span class=\"ez-toc-section-end\"><\/span><\/h3>\n<ul>\n<li>\n\t\t\t\t\t<a href=\"https:\/\/www.booking.com\/city\/br\/afonso-claudio.xb.html?aid=348663&#038;no_rooms=1&#038;group_adults=2\" target=\"_blank\" rel=\"noopener\"><br \/>\n\t\t\t\t\t\t\t\t\t\t4 hot\u00e9is e lugares para ficar a partir de R$  104 para 2 pessoas<br \/>\n\t\t\t\t\t\t\t\t\t\t\t<\/a>\n\t\t\t\t\t\t\t\t\t<\/li>\n<\/ul>\n<p>\u00a0<\/p>\n<h2><span class=\"ez-toc-section\" id=\"2_Itaunas_%E2%80%93_ES\"><\/span>2.\u00a0Ita\u00fanas \u2013 ES<span class=\"ez-toc-section-end\"><\/span><\/h2>\n<div id=\"attachment_21277\" style=\"width: 890px\" class=\"wp-caption alignnone\"><img loading=\"lazy\" decoding=\"async\" aria-describedby=\"caption-attachment-21277\" src=\"https:\/\/www.mochileiros.com\/blog\/wp-content\/uploads\/2016\/12\/dscf0411-1024x682.jpg\" alt=\"\" width=\"880\" height=\"586\"><p id=\"caption-attachment-21277\" class=\"wp-caption-text\"><strong>Foto: <a href=\"https:\/\/tenhominhaloucura.wordpress.com\/2015\/06\/01\/itaunas-a-capital-nacional-do-forro\/\" target=\"_blank\" rel=\"noopener noreferrer\">Blog Tenho minha loucura<\/a><\/strong><\/p><\/div>\n<p style=\"text-align: left;\">Ita\u00fanas \u00e9 uma vila de pescadores \u00a0localizada no extremo norte capixaba a 8 km da divisa com a Bahia. Distrito da cidade de Concei\u00e7\u00e3o da Barra. Com dunas de at\u00e9 30 metros de altura, praias desertas, alagados, rio, e muito o que fazer. \u00a0Ita\u00fanas tamb\u00e9m \u00e9 conhecida como a capital do forr\u00f3 p\u00e9 de serra, pois todos os anos durante o m\u00eas de julho, a vila \u00e9 palco de um dos maiores festivais de forr\u00f3 do Brasil: o Festival Nacional de Forr\u00f3 de Ita\u00fanas .<\/p>\n<p style=\"text-align: left;\">Voc\u00ea encontra mais informa\u00e7\u00f5es <strong><a href=\"http:\/\/www.mochileiros.com\/conceicao-da-barra-e-itaunas-perguntas-e-respostas-t47322-60.html\" target=\"_blank\" rel=\"noopener noreferrer\">aqui<\/a><\/strong> e <strong><a href=\"https:\/\/tenhominhaloucura.wordpress.com\/2015\/06\/01\/itaunas-a-capital-nacional-do-forro\/\" target=\"_blank\" rel=\"noopener noreferrer\">aqui<\/a><\/strong>.<\/p>\n<h2><span class=\"ez-toc-section\" id=\"3_Monumento_Natural_dos_Pontoes_Capixabas_%E2%80%93_ES\"><\/span>3.\u00a0Monumento Natural dos Pont\u00f5es Capixabas \u2013 ES<span class=\"ez-toc-section-end\"><\/span><\/h2>\n<div id=\"attachment_29405\" style=\"width: 890px\" class=\"wp-caption alignnone\"><img loading=\"lazy\" decoding=\"async\" aria-describedby=\"caption-attachment-29405\" src=\"https:\/\/www.mochileiros.com\/blog\/wp-content\/uploads\/2017\/06\/06-04-Pancas-Karla-F-Paiva-Creative-Commons.jpg\" alt=\"Pont\u00f5es Capixabas, Pancas\" width=\"880\" height=\"660\" \/><p id=\"caption-attachment-29405\" class=\"wp-caption-text\">Foto: Karla F Paiva\/ Creative Commons<\/p><\/div>\n<p style=\"text-align: left;\">O monumento Natural dos Pont\u00f5es Capixabas est\u00e1 em uma \u00e1rea de aproximadamente 17.496 hectares , abrangendo tr\u00eas \u00e1reas distintas, localizadas nos munic\u00edpios de Pancas e \u00c1guia Branca, estado do Esp\u00edrito Santo. A regi\u00e3o dos Pont\u00f5es Capixabas, como s\u00e3o chamadas as forma\u00e7\u00f5es rochosas com mais de 500 metros de altura, j\u00e1 foram consideradas o lugar mais bonito do mundo pelo paisagista Burle Max. A principal cidade de apoio para a visita\u00e7\u00e3o do parque \u00e9 Pancas, o \u00faltimo ref\u00fagio de habitantes e descendentes de um pa\u00eds europeu que n\u00e3o existe mais, a Pomer\u00e2nia, que foi anexada a Alemanha e Pol\u00f4nia depois da 2\u00aa Guerra mundial. A regi\u00e3o est\u00e1 se transformando em um point de Montanhistas e praticantes do V\u00f4o livre e com sua beleza n\u00e3o poderia passar batido na lista de destinos de nenhum mochileiro que se preze.<\/p>\n<p style=\"text-align: left;\">Voc\u00ea encontra mais informa\u00e7\u00f5es <strong><a href=\"http:\/\/www.mochileiros.com\/monumento-natural-dos-pontoes-capixabas-pancas-es-set-2012-t74887.html\" target=\"_blank\" rel=\"noopener noreferrer\">aqui<\/a><\/strong>, <strong><a href=\"http:\/\/www.mochileiros.com\/parque-nacional-dos-pontoes-capixabas-es-t16119.html\" target=\"_blank\" rel=\"noopener noreferrer\">aqui<\/a><\/strong>, <strong><a href=\"http:\/\/www.mochileiros.com\/a-desconhecida-pancas-es-e-os-pontoes-capixabas-t107549.html\" target=\"_blank\" rel=\"noopener noreferrer\">aqui<\/a><\/strong> e <strong><a href=\"http:\/\/www.mochileiros.com\/um-dia-em-pancas-es-parna-dos-pontoes-capixabas-t51197.html\" target=\"_blank\" rel=\"noopener noreferrer\">aqui<\/a><\/strong>.<\/p>\n<h2><span class=\"ez-toc-section\" id=\"4_Ibitirama_%E2%80%93_ES\"><\/span>4.\u00a0Ibitirama \u2013 ES<span class=\"ez-toc-section-end\"><\/span><\/h2>\n<div id=\"attachment_39981\" style=\"width: 890px\" class=\"wp-caption alignnone\"><img loading=\"lazy\" decoding=\"async\" aria-describedby=\"caption-attachment-39981\" src=\"https:\/\/www.mochileiros.com\/blog\/wp-content\/uploads\/2016\/11\/DSC02507-min-1024x768.jpg\" alt=\"\" width=\"880\" height=\"660\"><p id=\"caption-attachment-39981\" class=\"wp-caption-text\"><strong>Foto: <a href=\"http:\/\/apenasumacapixaba.blogspot.com.br\/2013\/02\/cachoeira-da-pedra-roxa.html\" target=\"_blank\" rel=\"noopener noreferrer\">Apenas uma Capixaba<\/a><\/strong><\/p><\/div>\n<p style=\"text-align: left;\">Ibitirama \u00e9 um dos munic\u00edpios do entorno capixaba do Parque Nacional do Capara\u00f3. \u00a0A principal atra\u00e7\u00e3o s\u00e3o as cachoeiras e piscinas naturais da Pedra Roxa. Voc\u00ea encontra mais informa\u00e7\u00f5es <strong><a href=\"http:\/\/www.mochileiros.com\/serra-do-caparao-pico-da-bandeira-e-pedra-roxa-pelo-lado-capixaba-t116398.html\" target=\"_blank\" rel=\"noopener noreferrer\">aqui<\/a><\/strong>, <strong><a href=\"http:\/\/www.capixabadagema.com.br\/pedra-roxa-ibitirama-es\/\" target=\"_blank\" rel=\"noopener noreferrer\">aqui<\/a><\/strong> e <strong><a href=\"http:\/\/blogs.gazetaonline.com.br\/porondeandei\/144\/caparao-pedra-roxa\/\" target=\"_blank\" rel=\"noopener noreferrer\">aqui<\/a><\/strong>.<\/p>\n<h2><span class=\"ez-toc-section\" id=\"5_Domingos_Martins_e_Parque_Estadual_da_Pedra_Azul_%E2%80%93_ES\"><\/span>5.\u00a0Domingos Martins e Parque Estadual da Pedra Azul \u2013 ES<span class=\"ez-toc-section-end\"><\/span><\/h2>\n<div id=\"attachment_21268\" style=\"width: 890px\" class=\"wp-caption alignnone\"><img loading=\"lazy\" decoding=\"async\" aria-describedby=\"caption-attachment-21268\" src=\"https:\/\/www.mochileiros.com\/blog\/wp-content\/uploads\/2016\/12\/parque-estadual-da-pedra-azul.jpg\" alt=\"\" width=\"880\" height=\"660\"><p id=\"caption-attachment-21268\" class=\"wp-caption-text\">Pedra Azul \u2013 Foto: Luiz Felipe Gasparini \/Wikimedia Commons<\/p><\/div>\n<p style=\"text-align: left;\">A Pedra Azul \u00e9 uma forma\u00e7\u00e3o de granito e gnaisse com cerca de 500 metros de altura, cujo pico est\u00e1 a\u00a01.822 m de altitude. Em seu entorno est\u00e1 o Parque Estadual da Pedra Azul que faz parte do munic\u00edpio de Domingos Martins. No local\u00a0\u00e9 poss\u00edvel fazer algumas trilhas como a\u00a0Trilha do Lagarto,\u00a0a Trilha das Piscinas, onde se observa nove piscinas naturais escavadas pela a\u00e7\u00e3o das \u00e1guas e a Trilha da Pedra Azul\u00a0\u00a0onde o visitante tem contato direto com o pared\u00e3o rochoso. A cidade de Domingos Martins e a\u00a0vila de\u00a0Pedra Azul s\u00e3o os principais destinos de serra do Esp\u00edrito Santo e possuem ampla estrutura tur\u00edstica, com v\u00e1rias pousadas e restaurantes.<\/p>\n<p style=\"text-align: left;\">Voc\u00ea encontra mais informa\u00e7\u00f5es <strong><a href=\"http:\/\/www.mochileiros.com\/parque-estadual-da-pedra-azul-domingos-martins-es-set-12-t75890.html\" target=\"_blank\" rel=\"noopener noreferrer\">aqui<\/a><\/strong>, <strong><a href=\"http:\/\/www.mochileiros.com\/relato-da-caminhada-pelos-trilhos-do-vale-da-estacao-em-domingos-martins-x-marechal-floriano-es-t60118.html\" target=\"_blank\" rel=\"noopener noreferrer\">aqui<\/a><\/strong>\u00a0e <strong><a href=\"http:\/\/www.pedraazul.com.br\/\" target=\"_blank\" rel=\"noopener noreferrer\">aqui<\/a><\/strong>.<\/p>\n<h2><span class=\"ez-toc-section\" id=\"6_Parque_Estadual_Paulo_Cesar_Vinha_e_Tres_ilhas_%E2%80%93_ES\"><\/span>6.\u00a0Parque Estadual Paulo C\u00e9sar Vinha e Tr\u00eas ilhas \u2013 ES<span class=\"ez-toc-section-end\"><\/span><\/h2>\n<div id=\"attachment_21286\" style=\"width: 890px\" class=\"wp-caption alignnone\"><img loading=\"lazy\" decoding=\"async\" aria-describedby=\"caption-attachment-21286\" src=\"https:\/\/www.mochileiros.com\/blog\/wp-content\/uploads\/2016\/12\/parque-estadual-paulo-cesar-vinha-1024x614.jpg\" alt=\"\" width=\"880\" height=\"527\"><p id=\"caption-attachment-21286\" class=\"wp-caption-text\">Parque Estadual Paulo C\u00e9sar Vinha \u2013 Lagoa Coca-Cola \u2013 Foto: \u00a9 <a href=\"https:\/\/marcelomoryan.com.br\/\" target=\"_blank\" rel=\"noopener\">Marcelo Moryan<\/a><\/p><\/div>\n<p style=\"text-align: left;\">O Parque Estadual Paulo C\u00e9sar Vinha est\u00e1 localizado entre a regi\u00e3o Nordeste de Guarapari, balne\u00e1rio a 30 minutos de Vit\u00f3ria, e o sul de Vila Velha. Pertencente a \u00c1rea de Prote\u00e7\u00e3o Ambiental de Setiba, a sede do Parque fica a 23 km da Rodovia do Sol, no km 36 que liga Vila Velha a Guarapari.<br \/>O acesso ao Parque \u00e9 f\u00e1cil. De Guarapari, o visitante deve pegar a Rodovia do Sol, paralela ao Oceano Atl\u00e2ntico, que liga a cidade \u00e0 Vila Velha, entre os balne\u00e1rios de Setiba e Ponta da Fruta, no litoral Sul do Estado. &#8211; Mais informa\u00e7\u00f5es <a href=\"http:\/\/rotacapixaba.com.br\/parque-estadual-paulo-cesar-vinha\/\" target=\"_blank\" rel=\"noopener noreferrer\">aqui<\/a>.<\/p>\n<h2><span class=\"ez-toc-section\" id=\"7_Iuna_%E2%80%93_ES\"><\/span>7.\u00a0I\u00fana \u2013 ES<span class=\"ez-toc-section-end\"><\/span><\/h2>\n<div id=\"attachment_21258\" style=\"width: 890px\" class=\"wp-caption alignnone\"><img loading=\"lazy\" decoding=\"async\" aria-describedby=\"caption-attachment-21258\" src=\"https:\/\/www.mochileiros.com\/blog\/wp-content\/uploads\/2016\/12\/maxresdefault-3-1024x768.jpg\" alt=\"\" width=\"880\" height=\"660\"><p id=\"caption-attachment-21258\" class=\"wp-caption-text\"><strong>Foto: <a href=\"http:\/\/www.capixabadagema.com.br\" target=\"_blank\" rel=\"noopener noreferrer\">Capixaba da Gema<\/a><\/strong><\/p><\/div>\n<p style=\"text-align: left;\">A cidade I\u00fana fica pr\u00f3xima ao entorno capixaba do Parque Nacional do Capara\u00f3 e tem como principal atra\u00e7\u00e3o o Hidrol\u00e2ndia Parque com diversas cachoeiras e piscinas naturais.<\/p>\n<p style=\"text-align: left;\">Voc\u00ea encontra mais informa\u00e7\u00e3o sobre o local <strong><a href=\"http:\/\/blogdestinoes.com.br\/hidrolandia\/\" target=\"_blank\" rel=\"noopener noreferrer\">aqui<\/a><\/strong>.<\/p>\n<h2><span class=\"ez-toc-section\" id=\"8_Parque_Estadual_do_Forno_Grande_e_Castelo_%E2%80%93_ES\"><\/span>8.\u00a0Parque Estadual do Forno Grande e Castelo \u2013 ES<span class=\"ez-toc-section-end\"><\/span><\/h2>\n<div id=\"attachment_57512\" style=\"width: 850px\" class=\"wp-caption alignnone\"><img loading=\"lazy\" decoding=\"async\" aria-describedby=\"caption-attachment-57512\" src=\"https:\/\/www.mochileiros.com\/blog\/wp-content\/uploads\/2017\/10\/Estrela_do_Norte_com_Forno_Grande_ao_Fundo_-_panoramio-1024x768.jpg\" alt=\"Estrela do Norte, com Forno Grande ao Fundo - Foto: Josecarlos Danzi \/ (CC BY-SA 3.0)\" width=\"840\" height=\"630\" \/><p id=\"caption-attachment-57512\" class=\"wp-caption-text\">Estrela do Norte, com Forno Grande ao Fundo &#8211; Foto: Josecarlos Danzi \/ (CC BY-SA 3.0)<\/p><\/div>\n<p>O Parque possui estrutura aberta ao p\u00fablico, com centro de visitantes e trilhas de f\u00e1cil acesso. O centro de visitantes possui banheiros, bebedouros e cole\u00e7\u00f5es de fauna e flora. O parque ainda conta com um alojamento restrito para pesquisadores, com camas, colch\u00f5es, cozinha e banheiro. N\u00e3o h\u00e1 camping ou lanchonete no interior do parque, mas h\u00e1 pousadas e restaurantes nas proximidades, que oferecem diversos servi\u00e7os e \u00e1reas de lazer<\/p>\n<p>Mais informa\u00e7\u00f5es <a href=\"http:\/\/descubracastelo.com.br\/parque-estadual-do-forno-grande\/\" target=\"_blank\" rel=\"noopener noreferrer\">aqui<\/a><\/p>\n<h2><span class=\"ez-toc-section\" id=\"9_Parque_Estadual_da_Cachoeira_da_Fumaca_%E2%80%93_Alegre_%E2%80%93_ES\"><\/span>9.\u00a0Parque Estadual da Cachoeira da Fuma\u00e7a \u2013 Alegre \u2013 ES<span class=\"ez-toc-section-end\"><\/span><\/h2>\n<div id=\"attachment_39975\" style=\"width: 890px\" class=\"wp-caption alignnone\"><img loading=\"lazy\" decoding=\"async\" aria-describedby=\"caption-attachment-39975\" src=\"https:\/\/www.mochileiros.com\/blog\/wp-content\/uploads\/2016\/11\/5347181262_b27e1d70ab_b-1024x680-min-1024x680.jpg\" alt=\"\" width=\"880\" height=\"584\"><p id=\"caption-attachment-39975\" class=\"wp-caption-text\">Foto: Victor Domingues \/ Flickr:\u00a0Victor Domingues<\/p><\/div>\n<p style=\"text-align: left;\">O Parque Estadual da Cachoeira da Fuma\u00e7a est\u00e1 localizado no Munic\u00edpio de Alegre, distante aproximadamente 33 Km da sede municipal e 228 Km da capital do Esp\u00edrito Santo. O acesso se d\u00e1 por estrada pavimentada com cal\u00e7amento de paralelep\u00edpedo, em perfeitas condi\u00e7\u00f5es de tr\u00e1fego de ve\u00edculos de pequeno porte.<\/p>\n<p style=\"text-align: left;\">O parque \u00e9 formado por quatro trilhas, com n\u00edveis diferentes de dificuldade. As visitas podem ser feitas com o aux\u00edlio de guias, que s\u00e3o moradores da regi\u00e3o habilitados para oferecer informa\u00e7\u00f5es. At\u00e9 chegar a cachoeira, s\u00e3o 800 metros a p\u00e9 pela Mata Atl\u00e2ntica preservada.<\/p>\n<p style=\"text-align: left;\">O Parque \u00e9 aberto \u00e0 visita\u00e7\u00e3o diariamente das 8h \u00e0s 17h e possui estrutura de banheiros, estacionamento, trilhas sinalizadas e \u00e1reas de lazer<\/p>\n<h2><span class=\"ez-toc-section\" id=\"10_Trilha_do_Mestre_Alvaro_%E2%80%93_Serra_%E2%80%93_ES\"><\/span>10.\u00a0Trilha do Mestre \u00c1lvaro \u2013 Serra \u2013 ES<span class=\"ez-toc-section-end\"><\/span><\/h2>\n<div id=\"attachment_21317\" style=\"width: 890px\" class=\"wp-caption alignnone\"><img loading=\"lazy\" decoding=\"async\" aria-describedby=\"caption-attachment-21317\" src=\"https:\/\/www.mochileiros.com\/blog\/wp-content\/uploads\/2016\/12\/IMG_0603-1024x768.jpg\" alt=\"\" width=\"880\" height=\"660\"><p id=\"caption-attachment-21317\" class=\"wp-caption-text\"><strong>Foto: <a href=\"https:\/\/superagradavel.blogspot.com.br\/2013\/03\/mestre-alvaro-serraes.html\" target=\"_blank\" rel=\"noopener noreferrer\">Super Agrad\u00e1vel\u00a0<\/a><\/strong><\/p><\/div>\n<p style=\"text-align: left;\">O Mestre \u00c1lvaro fica no no munic\u00edpio de Serra e \u00e9 considerado uma das maiores eleva\u00e7\u00f5es litor\u00e2neas da costa brasileira com 833 metros de altitude. A trilha at\u00e9 o topo tem 7 km\u00a0e de l\u00e1 \u00e9 poss\u00edvel avistar toda a regi\u00e3o metropolitana de Vit\u00f3ria, al\u00e9m de uma bela vista do oceano Atl\u00e2ntico.<\/p>\n<p style=\"text-align: left;\">Voc\u00ea encontra mais informa\u00e7\u00f5es <strong><a href=\"http:\/\/www.mochileiros.com\/trekking-no-mestre-alvaro-via-furnas-espirito-santo-t130860.html\" target=\"_blank\" rel=\"noopener noreferrer\">aqui<\/a><\/strong>\u00a0e <strong><a href=\"http:\/\/www.amontanhista.com.br\/aventuras\/hiking\/mestre-alvaro\/\" target=\"_blank\" rel=\"noopener noreferrer\">aqui<\/a><\/strong>.<\/p>\n","protected":false},"excerpt":{"rendered":"<p>O Esp\u00edrito Santo \u00e9 uma verdadeira\u00a0reserva de destinos pouco conhecidos da regi\u00e3o sudeste do Brasil. \u00a0Se voc\u00ea quer algo diferente e ainda quer sentir um pouquinho do gosto de desbravar, mesmo estando pr\u00f3ximo\u00a0dois maiores centros urbanos do pa\u00eds, com certeza esse\u00a0\u00e9 o lugar\u00a0certo. 1 &#8211; Afonso Claudio Monumento Natural da Pedra dos Tr\u00eas Pont\u00f5es \u2013 [&hellip;]<\/p>\n","protected":false},"author":55,"featured_media":21258,"comment_status":"open","ping_status":"closed","sticky":false,"template":"","format":"standard","meta":{"googlesitekit_rrm_CAoiELM5mIOjYRN0nfylq3_9r-8:productID":"","_crdt_document":"","_daim_seo_power":"1000","_daim_enable_ail":"1","footnotes":""},"categories":[1193],"tags":[1454,1304,1240],"class_list":["post-21252","post","type-post","status-publish","format-standard","has-post-thumbnail","hentry","category-brasil","tag-destinos-pouco-conhecidos","tag-espirito-santo","tag-listas-abertas"],"_links":{"self":[{"href":"https:\/\/www.mochileiros.com\/blog\/wp-json\/wp\/v2\/posts\/21252","targetHints":{"allow":["GET"]}}],"collection":[{"href":"https:\/\/www.mochileiros.com\/blog\/wp-json\/wp\/v2\/posts"}],"about":[{"href":"https:\/\/www.mochileiros.com\/blog\/wp-json\/wp\/v2\/types\/post"}],"author":[{"embeddable":true,"href":"https:\/\/www.mochileiros.com\/blog\/wp-json\/wp\/v2\/users\/55"}],"replies":[{"embeddable":true,"href":"https:\/\/www.mochileiros.com\/blog\/wp-json\/wp\/v2\/comments?post=21252"}],"version-history":[{"count":0,"href":"https:\/\/www.mochileiros.com\/blog\/wp-json\/wp\/v2\/posts\/21252\/revisions"}],"wp:featuredmedia":[{"embeddable":true,"href":"https:\/\/www.mochileiros.com\/blog\/wp-json\/wp\/v2\/media\/21258"}],"wp:attachment":[{"href":"https:\/\/www.mochileiros.com\/blog\/wp-json\/wp\/v2\/media?parent=21252"}],"wp:term":[{"taxonomy":"category","embeddable":true,"href":"https:\/\/www.mochileiros.com\/blog\/wp-json\/wp\/v2\/categories?post=21252"},{"taxonomy":"post_tag","embeddable":true,"href":"https:\/\/www.mochileiros.com\/blog\/wp-json\/wp\/v2\/tags?post=21252"}],"curies":[{"name":"wp","href":"https:\/\/api.w.org\/{rel}","templated":true}]}}