{"id":21324,"date":"2016-12-29T06:53:28","date_gmt":"2016-12-29T09:53:28","guid":{"rendered":"https:\/\/www.mochileiros.com\/blog\/?p=21324"},"modified":"2019-05-21T23:06:20","modified_gmt":"2019-05-22T02:06:20","slug":"vanlife-a-geracao-que-decidiu-viver-uma-vida-nomade-motorizada","status":"publish","type":"post","link":"https:\/\/www.mochileiros.com\/blog\/vanlife-a-geracao-que-decidiu-viver-uma-vida-nomade-motorizada","title":{"rendered":"VanLife: A gera\u00e7\u00e3o n\u00f4made motorizada"},"content":{"rendered":"<p>No Google o termo &#8220;<strong><a href=\"https:\/\/www.google.com.br\/webhp?sourceid=chrome-instant&amp;ion=1&amp;espv=2&amp;ie=UTF-8#q=vanlife\" target=\"_blank\" rel=\"noopener noreferrer\">vanlife<\/a><\/strong>&#8220;, usado pra definir o\u00a0estilo de vida de quem vive a bordo de uma van\/kombi, \u00a0j\u00e1 possui mais de um milh\u00e3o de resultados. No instagram tamb\u00e9m s\u00e3o mais de um milh\u00e3o de fotos com a hashtag <a href=\"https:\/\/www.instagram.com\/explore\/tags\/vanlife\/\" target=\"_blank\" rel=\"noopener noreferrer\">#vanlife,<\/a>\u00a0mas o que realmente confirma que 2016 \u00a0foi o ano do nomadismo sobre rodas, \u00a0s\u00e3o os <strong><a href=\"https:\/\/www.google.com.br\/trends\/explore?date=all&amp;q=vanlife\" target=\"_blank\" rel=\"noopener noreferrer\">resultados do Google Trends<\/a><\/strong>. Os n\u00fameros n\u00e3o mentem, parece que a gera\u00e7\u00e3o Y encontrou uma forma de romper com o estilo de vida tradicional. \u00a0Pra quem acha\u00a0que\u00a0isso seja &#8220;coisa de\u00a0gringo&#8221;, pesquisando para o\u00a0nosso especial sobre <strong><a href=\"https:\/\/www.mochileiros.com\/blog\/tag\/viajar-de-kombi\" target=\"_blank\" rel=\"noopener noreferrer\">Viajar de Kombi<\/a><\/strong>, \u00a0me surpreendi com o n\u00famero de brasileiros que est\u00e3o vivendo dessa forma. \u00a0Alguns at\u00e9 passaram a relatar suas <strong><a href=\"https:\/\/www.mochileiros.com\/blog\/blog\/14-canais-do-youtube-com-brasileiros-viajando-o-mundo-de-kombi\" target=\"_blank\" rel=\"noopener noreferrer\">experi\u00eancias no Youtube<\/a><\/strong>.<\/p>\n<p><a href=\"https:\/\/www.mochileiros.com\/blog\/wp-content\/uploads\/2016\/12\/trends.jpg\"><img loading=\"lazy\" decoding=\"async\" class=\"alignnone wp-image-21325\" src=\"https:\/\/www.mochileiros.com\/blog\/wp-content\/uploads\/2016\/12\/trends-1024x528.jpg\" width=\"960\" height=\"495\" alt=\"\" srcset=\"https:\/\/www.mochileiros.com\/blog\/wp-content\/uploads\/2016\/12\/trends-1024x528.jpg 1024w, https:\/\/www.mochileiros.com\/blog\/wp-content\/uploads\/2016\/12\/trends-300x155.jpg 300w, https:\/\/www.mochileiros.com\/blog\/wp-content\/uploads\/2016\/12\/trends-768x396.jpg 768w, https:\/\/www.mochileiros.com\/blog\/wp-content\/uploads\/2016\/12\/trends-313x162.jpg 313w, https:\/\/www.mochileiros.com\/blog\/wp-content\/uploads\/2016\/12\/trends-20x10.jpg 20w, https:\/\/www.mochileiros.com\/blog\/wp-content\/uploads\/2016\/12\/trends.jpg 1155w\" sizes=\"auto, (max-width: 960px) 100vw, 960px\" \/><\/a><\/p>\n<div id=\"attachment_21334\" style=\"width: 970px\" class=\"wp-caption alignnone\"><a href=\"https:\/\/www.mochileiros.com\/blog\/wp-content\/uploads\/2016\/12\/13335924_1072935122780332_7051117905947411100_n.jpg\"><img loading=\"lazy\" decoding=\"async\" aria-describedby=\"caption-attachment-21334\" class=\"wp-image-21334\" src=\"https:\/\/www.mochileiros.com\/blog\/wp-content\/uploads\/2016\/12\/13335924_1072935122780332_7051117905947411100_n.jpg\" width=\"960\" height=\"960\" alt=\"\" srcset=\"https:\/\/www.mochileiros.com\/blog\/wp-content\/uploads\/2016\/12\/13335924_1072935122780332_7051117905947411100_n.jpg 667w, https:\/\/www.mochileiros.com\/blog\/wp-content\/uploads\/2016\/12\/13335924_1072935122780332_7051117905947411100_n-150x150.jpg 150w, https:\/\/www.mochileiros.com\/blog\/wp-content\/uploads\/2016\/12\/13335924_1072935122780332_7051117905947411100_n-300x300.jpg 300w, https:\/\/www.mochileiros.com\/blog\/wp-content\/uploads\/2016\/12\/13335924_1072935122780332_7051117905947411100_n-80x80.jpg 80w, https:\/\/www.mochileiros.com\/blog\/wp-content\/uploads\/2016\/12\/13335924_1072935122780332_7051117905947411100_n-350x350.jpg 350w, https:\/\/www.mochileiros.com\/blog\/wp-content\/uploads\/2016\/12\/13335924_1072935122780332_7051117905947411100_n-313x313.jpg 313w, https:\/\/www.mochileiros.com\/blog\/wp-content\/uploads\/2016\/12\/13335924_1072935122780332_7051117905947411100_n-20x20.jpg 20w\" sizes=\"auto, (max-width: 960px) 100vw, 960px\" \/><\/a><p id=\"caption-attachment-21334\" class=\"wp-caption-text\">O casal americano Corey e Emily do canal <a href=\"https:\/\/www.youtube.com\/user\/WheresMyOfficeNow\" target=\"_blank\" rel=\"noopener noreferrer\">Where&#8217;s My Office Now?<\/a> &#8211; Foto: arquivo pessoal<\/p><\/div>\n<div id=\"ez-toc-container\" class=\"ez-toc-v2_0_82_2 counter-hierarchy ez-toc-counter ez-toc-grey ez-toc-container-direction\">\n<div class=\"ez-toc-title-container\">\n<p class=\"ez-toc-title\" style=\"cursor:inherit\">\u00cdndice<\/p>\n<span class=\"ez-toc-title-toggle\"><a href=\"#\" class=\"ez-toc-pull-right ez-toc-btn ez-toc-btn-xs ez-toc-btn-default ez-toc-toggle\" aria-label=\"Alternar tabela de conte\u00fado\"><span class=\"ez-toc-js-icon-con\"><span class=\"\"><span class=\"eztoc-hide\" style=\"display:none;\">Toggle<\/span><span class=\"ez-toc-icon-toggle-span\"><svg style=\"fill: #999;color:#999\" xmlns=\"http:\/\/www.w3.org\/2000\/svg\" class=\"list-377408\" width=\"20px\" height=\"20px\" viewBox=\"0 0 24 24\" fill=\"none\"><path d=\"M6 6H4v2h2V6zm14 0H8v2h12V6zM4 11h2v2H4v-2zm16 0H8v2h12v-2zM4 16h2v2H4v-2zm16 0H8v2h12v-2z\" fill=\"currentColor\"><\/path><\/svg><svg style=\"fill: #999;color:#999\" class=\"arrow-unsorted-368013\" xmlns=\"http:\/\/www.w3.org\/2000\/svg\" width=\"10px\" height=\"10px\" viewBox=\"0 0 24 24\" version=\"1.2\" baseProfile=\"tiny\"><path d=\"M18.2 9.3l-6.2-6.3-6.2 6.3c-.2.2-.3.4-.3.7s.1.5.3.7c.2.2.4.3.7.3h11c.3 0 .5-.1.7-.3.2-.2.3-.5.3-.7s-.1-.5-.3-.7zM5.8 14.7l6.2 6.3 6.2-6.3c.2-.2.3-.5.3-.7s-.1-.5-.3-.7c-.2-.2-.4-.3-.7-.3h-11c-.3 0-.5.1-.7.3-.2.2-.3.5-.3.7s.1.5.3.7z\"\/><\/svg><\/span><\/span><\/span><\/a><\/span><\/div>\n<nav><ul class='ez-toc-list ez-toc-list-level-1 ' ><li class='ez-toc-page-1 ez-toc-heading-level-2'><a class=\"ez-toc-link ez-toc-heading-1\" href=\"https:\/\/www.mochileiros.com\/blog\/vanlife-a-geracao-que-decidiu-viver-uma-vida-nomade-motorizada\/#%E2%80%9CQue_sonho%E2%80%A6_e_como_eu_faco_pra_pagar_as_contas%E2%80%9D\" >&#8220;Que sonho&#8230; e\u00a0como eu fa\u00e7o pra pagar as contas?&#8221;<\/a><\/li><li class='ez-toc-page-1 ez-toc-heading-level-2'><a class=\"ez-toc-link ez-toc-heading-2\" href=\"https:\/\/www.mochileiros.com\/blog\/vanlife-a-geracao-que-decidiu-viver-uma-vida-nomade-motorizada\/#Vida_simples_Vida_barata\" >Vida simples = Vida barata!<\/a><\/li><li class='ez-toc-page-1 ez-toc-heading-level-2'><a class=\"ez-toc-link ez-toc-heading-3\" href=\"https:\/\/www.mochileiros.com\/blog\/vanlife-a-geracao-que-decidiu-viver-uma-vida-nomade-motorizada\/#Troque_sonho_por_planejamento\" >Troque sonho por planejamento<\/a><\/li><\/ul><\/nav><\/div>\n<h2><span class=\"ez-toc-section\" id=\"%E2%80%9CQue_sonho%E2%80%A6_e_como_eu_faco_pra_pagar_as_contas%E2%80%9D\"><\/span>&#8220;Que sonho&#8230; e\u00a0como eu fa\u00e7o pra pagar as contas?&#8221;<span class=\"ez-toc-section-end\"><\/span><\/h2>\n<p>A primeira coisa que passa pela\u00a0cabe\u00e7a de quem pensa em viver assim \u00e9 como se virar pra bancar\u00a0esse estilo de vida\u00a0e\u00a0essa \u00e9 uma pergunta que n\u00e3o tem apenas uma resposta, tem v\u00e1rias. Uma delas\u00a0\u00e9:\u00a0continuar\u00a0trabalhando, s\u00f3 que na estrada. \u00a0O\u00a0casal curitibano Daphine Augustini e Marcelo Sim\u00f5es paga as contas <strong><a href=\"https:\/\/www.mochileiros.com\/blog\/noticias\/casal-esta-ha-um-ano-na-estrada-vivendo-de-arte-de-rua\" target=\"_blank\" rel=\"noopener noreferrer\">vendendo produtos e fazendo apresenta\u00e7\u00f5es art\u00edsticas<\/a><\/strong> , os americanos Corey e Emily do canal \u00a0<a class=\"g-hovercard yt-uix-sessionlink spf-link \" href=\"https:\/\/www.youtube.com\/channel\/UCypgXj6E4hlzMKiHla0SGVA\" data-ytid=\"UCypgXj6E4hlzMKiHla0SGVA\" data-sessionlink=\"itct=CDAQ4TkiEwjW8ZDl_ZbRAhXlML4KHSOXBvMo-B0\" target=\"_blank\" rel=\"noopener\">Where&#8217;s My Office Now?<\/a>, bancam a vida n\u00f4made\u00a0desenvolvendo sites e aplicativos para web. O casal Thay Morais e \u00c1lvaro Machado transformou sua<strong><a href=\"https:\/\/www.mochileiros.com\/blog\/blog\/a-bordo-de-foodtruck-casal-realiza-sonho-de-viajar-pelo-mundo\" target=\"_blank\" rel=\"noopener noreferrer\">\u00a0Kombi em Food Truck<\/a><\/strong>\u00a0e o\u00a0argentino Franco Paltrinieri fez o mesmo <strong><a href=\"https:\/\/www.mochileiros.com\/blog\/blog\/argentino-transforma-kombi-em-food-truck-e-vai-ao-alaska-sem-data-pra-voltar\" target=\"_blank\" rel=\"noopener noreferrer\">e est\u00e1 viajando at\u00e9 o Alasca<\/a><\/strong> sem data pra voltar ou seja, as pessoas usam suas aptid\u00f5es profissionais e\/ou art\u00edsticas para pagar as contas na estrada, n\u00e3o tem m\u00e1gica.<\/p>\n<div id=\"attachment_21345\" style=\"width: 970px\" class=\"wp-caption alignnone\"><a href=\"https:\/\/www.mochileiros.com\/blog\/wp-content\/uploads\/2016\/12\/13422475_1088780461188018_8587156327555661486_o.jpg\"><img loading=\"lazy\" decoding=\"async\" aria-describedby=\"caption-attachment-21345\" class=\"wp-image-21345\" src=\"https:\/\/www.mochileiros.com\/blog\/wp-content\/uploads\/2016\/12\/13422475_1088780461188018_8587156327555661486_o-1024x614.jpg\" width=\"960\" height=\"576\" alt=\"\" srcset=\"https:\/\/www.mochileiros.com\/blog\/wp-content\/uploads\/2016\/12\/13422475_1088780461188018_8587156327555661486_o-1024x614.jpg 1024w, https:\/\/www.mochileiros.com\/blog\/wp-content\/uploads\/2016\/12\/13422475_1088780461188018_8587156327555661486_o-300x180.jpg 300w, https:\/\/www.mochileiros.com\/blog\/wp-content\/uploads\/2016\/12\/13422475_1088780461188018_8587156327555661486_o-768x461.jpg 768w, https:\/\/www.mochileiros.com\/blog\/wp-content\/uploads\/2016\/12\/13422475_1088780461188018_8587156327555661486_o-1000x600.jpg 1000w, https:\/\/www.mochileiros.com\/blog\/wp-content\/uploads\/2016\/12\/13422475_1088780461188018_8587156327555661486_o-590x354.jpg 590w, https:\/\/www.mochileiros.com\/blog\/wp-content\/uploads\/2016\/12\/13422475_1088780461188018_8587156327555661486_o-400x240.jpg 400w, https:\/\/www.mochileiros.com\/blog\/wp-content\/uploads\/2016\/12\/13422475_1088780461188018_8587156327555661486_o-313x188.jpg 313w, https:\/\/www.mochileiros.com\/blog\/wp-content\/uploads\/2016\/12\/13422475_1088780461188018_8587156327555661486_o-20x12.jpg 20w, https:\/\/www.mochileiros.com\/blog\/wp-content\/uploads\/2016\/12\/13422475_1088780461188018_8587156327555661486_o.jpg 1280w\" sizes=\"auto, (max-width: 960px) 100vw, 960px\" \/><\/a><p id=\"caption-attachment-21345\" class=\"wp-caption-text\">O casal curitibano Daphine Augustini e Marcelo Sim\u00f5es e a sua Kombi Sacica<\/p><\/div>\n<div id=\"attachment_21346\" style=\"width: 970px\" class=\"wp-caption alignnone\"><a href=\"https:\/\/www.mochileiros.com\/blog\/wp-content\/uploads\/2016\/12\/14409607_1175749125824484_4051581671740821472_o.jpg\"><img loading=\"lazy\" decoding=\"async\" aria-describedby=\"caption-attachment-21346\" class=\"wp-image-21346\" src=\"https:\/\/www.mochileiros.com\/blog\/wp-content\/uploads\/2016\/12\/14409607_1175749125824484_4051581671740821472_o-1024x576.jpg\" width=\"960\" height=\"540\" alt=\"\" srcset=\"https:\/\/www.mochileiros.com\/blog\/wp-content\/uploads\/2016\/12\/14409607_1175749125824484_4051581671740821472_o-1024x576.jpg 1024w, https:\/\/www.mochileiros.com\/blog\/wp-content\/uploads\/2016\/12\/14409607_1175749125824484_4051581671740821472_o-300x169.jpg 300w, https:\/\/www.mochileiros.com\/blog\/wp-content\/uploads\/2016\/12\/14409607_1175749125824484_4051581671740821472_o-768x432.jpg 768w, https:\/\/www.mochileiros.com\/blog\/wp-content\/uploads\/2016\/12\/14409607_1175749125824484_4051581671740821472_o-313x176.jpg 313w, https:\/\/www.mochileiros.com\/blog\/wp-content\/uploads\/2016\/12\/14409607_1175749125824484_4051581671740821472_o-20x11.jpg 20w, https:\/\/www.mochileiros.com\/blog\/wp-content\/uploads\/2016\/12\/14409607_1175749125824484_4051581671740821472_o.jpg 1280w\" sizes=\"auto, (max-width: 960px) 100vw, 960px\" \/><\/a><p id=\"caption-attachment-21346\" class=\"wp-caption-text\">O casal Thay Morais e \u00c1lvaro Machado que transformou sua Kombi em Food Truck<\/p><\/div>\n<div id=\"attachment_21347\" style=\"width: 970px\" class=\"wp-caption alignnone\"><a href=\"https:\/\/www.mochileiros.com\/blog\/wp-content\/uploads\/2016\/12\/1422470_969862736401191_150045419314891349_n-768x768.jpg\"><img loading=\"lazy\" decoding=\"async\" aria-describedby=\"caption-attachment-21347\" class=\"wp-image-21347\" src=\"https:\/\/www.mochileiros.com\/blog\/wp-content\/uploads\/2016\/12\/1422470_969862736401191_150045419314891349_n-768x768.jpg\" width=\"960\" height=\"960\" alt=\"\" srcset=\"https:\/\/www.mochileiros.com\/blog\/wp-content\/uploads\/2016\/12\/1422470_969862736401191_150045419314891349_n-768x768.jpg 768w, https:\/\/www.mochileiros.com\/blog\/wp-content\/uploads\/2016\/12\/1422470_969862736401191_150045419314891349_n-768x768-150x150.jpg 150w, https:\/\/www.mochileiros.com\/blog\/wp-content\/uploads\/2016\/12\/1422470_969862736401191_150045419314891349_n-768x768-300x300.jpg 300w, https:\/\/www.mochileiros.com\/blog\/wp-content\/uploads\/2016\/12\/1422470_969862736401191_150045419314891349_n-768x768-80x80.jpg 80w, https:\/\/www.mochileiros.com\/blog\/wp-content\/uploads\/2016\/12\/1422470_969862736401191_150045419314891349_n-768x768-350x350.jpg 350w, https:\/\/www.mochileiros.com\/blog\/wp-content\/uploads\/2016\/12\/1422470_969862736401191_150045419314891349_n-768x768-313x313.jpg 313w, https:\/\/www.mochileiros.com\/blog\/wp-content\/uploads\/2016\/12\/1422470_969862736401191_150045419314891349_n-768x768-20x20.jpg 20w\" sizes=\"auto, (max-width: 960px) 100vw, 960px\" \/><\/a><p id=\"caption-attachment-21347\" class=\"wp-caption-text\">O argentino Franco Paltrinieri que est\u00e1 viajando at\u00e9 o Alasca sem data pra voltar<\/p><\/div>\n<p>&nbsp;<\/p>\n<h2><span class=\"ez-toc-section\" id=\"Vida_simples_Vida_barata\"><\/span>Vida simples = Vida barata!<span class=\"ez-toc-section-end\"><\/span><\/h2>\n<p>Assim <em><strong><span style=\"text-decoration: underline;\"><a href=\"https:\/\/www.mochileiros.com\/blog\/mochilao\" target=\"_blank\" rel=\"noopener noreferrer\">como fazer um mochil\u00e3o<\/a><\/span><\/strong><\/em> roots, o\u00a0nomadismo sobre rodas \u00e9\u00a0um estilo de vida simples. Quem vive na estrada, vive\u00a0apenas com o essencial. Um carro para viver assim tamb\u00e9m n\u00e3o custa t\u00e3o\u00a0caro como muitos pensam, n\u00f3s j\u00e1 mostramos aqui <strong><a href=\"https:\/\/www.mochileiros.com\/blog\/blog\/como-transformar-uma-kombi-em-motorhome-com-menos-de-r-3-000\" target=\"_blank\" rel=\"noopener noreferrer\">como transformar um kombi em um quase motorhome com menos de R$ 3.000<\/a><\/strong> e a contamos a hist\u00f3ria do Murilo Braido que <strong><a href=\"https:\/\/www.mochileiros.com\/blog\/blog\/brasileiro-monta-kombi-motorhome-e-gasta-menos-de-r-14-000-incluindo-o-carro\" target=\"_blank\" rel=\"noopener noreferrer\">montou uma Kombi Motorhome com menos de R$ 14.000<\/a><\/strong>. \u00a0Se comparada\u00a0com os gastos de uma vida confort\u00e1vel\u00a0em grandes centros urbanos como Rio e S\u00e3o Paulo, que inclui\u00a0alimenta\u00e7\u00e3o, aluguel, luz, \u00e1gua, tv a cabo e internet\u00a0e mais algumas\u00a0saidinhas pra baladas ou restaurantes por exemplo, a vida n\u00f4made \u00e9 barata. \u00a0Se ainda levarmos em conta que as pessoas acabam gastando mais do que ganham e se endividam para comprar coisas que n\u00e3o precisam,\u00a0viver simples, trabalhando na estrada, passa a ser uma alternativa totalmente\u00a0vi\u00e1vel.<\/p>\n<div id=\"attachment_21348\" style=\"width: 970px\" class=\"wp-caption alignnone\"><a href=\"https:\/\/www.mochileiros.com\/blog\/wp-content\/uploads\/2016\/12\/15440425_1006131349514510_3995603254404841998_o-1024x683-1.jpg\"><img loading=\"lazy\" decoding=\"async\" aria-describedby=\"caption-attachment-21348\" class=\"wp-image-21348\" src=\"https:\/\/www.mochileiros.com\/blog\/wp-content\/uploads\/2016\/12\/15440425_1006131349514510_3995603254404841998_o-1024x683-1-1024x683.jpg\" width=\"960\" height=\"640\" alt=\"\" srcset=\"https:\/\/www.mochileiros.com\/blog\/wp-content\/uploads\/2016\/12\/15440425_1006131349514510_3995603254404841998_o-1024x683-1.jpg 1024w, https:\/\/www.mochileiros.com\/blog\/wp-content\/uploads\/2016\/12\/15440425_1006131349514510_3995603254404841998_o-1024x683-1-300x200.jpg 300w, https:\/\/www.mochileiros.com\/blog\/wp-content\/uploads\/2016\/12\/15440425_1006131349514510_3995603254404841998_o-1024x683-1-768x512.jpg 768w, https:\/\/www.mochileiros.com\/blog\/wp-content\/uploads\/2016\/12\/15440425_1006131349514510_3995603254404841998_o-1024x683-1-313x209.jpg 313w, https:\/\/www.mochileiros.com\/blog\/wp-content\/uploads\/2016\/12\/15440425_1006131349514510_3995603254404841998_o-1024x683-1-20x13.jpg 20w\" sizes=\"auto, (max-width: 960px) 100vw, 960px\" \/><\/a><p id=\"caption-attachment-21348\" class=\"wp-caption-text\">A Kombi de Jah do Murilo Braido que saiu por menos de R$ 14.000<\/p><\/div>\n<h2 style=\"text-align: left;\"><span class=\"ez-toc-section\" id=\"Troque_sonho_por_planejamento\"><\/span>Troque sonho por planejamento<span class=\"ez-toc-section-end\"><\/span><\/h2>\n<p style=\"text-align: left;\">Se voc\u00ea sonha em ter uma vida n\u00f4made troque a palavra sonho por planejamento.\u00a0Confira nosso post com\u00a0<strong><a href=\"https:\/\/www.mochileiros.com\/blog\/blog\/dicas-para-juntar-dinheiro-para-viajar\" target=\"_blank\" rel=\"noopener noreferrer\">6 dicas essenciais para voc\u00ea conseguir juntar dinheiro para viajar em 2017<\/a>\u00a0&#8230;\u00a0e<\/strong><strong>\u00a0n\u00e3o deixe o platonismo te engolir! (n\u00e3o deixe de assistir o v\u00eddeo abaixo)<\/strong><\/p>\n<p style=\"text-align: left;\">Para mais posts com esse assunto, coloque em seus favoritos a nossa\u00a0p\u00e1gina com a\u00a0tag: <a href=\"https:\/\/www.mochileiros.com\/blog\/tag\/vanlife\" target=\"_blank\" rel=\"noopener noreferrer\">Vanlife<\/a><\/p>\n<p>https:\/\/www.youtube.com\/watch?v=IKciB8oOjvA<\/p>\n","protected":false},"excerpt":{"rendered":"<p>No Google o termo &#8220;vanlife&#8220;, usado pra definir o\u00a0estilo de vida de quem vive a bordo de uma van\/kombi, \u00a0j\u00e1 possui mais de um milh\u00e3o de resultados. No instagram tamb\u00e9m s\u00e3o mais de um milh\u00e3o de fotos com a hashtag #vanlife,\u00a0mas o que realmente confirma que 2016 \u00a0foi o ano do nomadismo sobre rodas, \u00a0s\u00e3o [&hellip;]<\/p>\n","protected":false},"author":1,"featured_media":21624,"comment_status":"open","ping_status":"closed","sticky":false,"template":"","format":"standard","meta":{"googlesitekit_rrm_CAoiELM5mIOjYRN0nfylq3_9r-8:productID":"","_crdt_document":"","_daim_seo_power":"","_daim_enable_ail":"","footnotes":""},"categories":[168],"tags":[1365,1282],"class_list":["post-21324","post","type-post","status-publish","format-standard","has-post-thumbnail","hentry","category-blog","tag-vanlife","tag-viajar-de-kombi"],"_links":{"self":[{"href":"https:\/\/www.mochileiros.com\/blog\/wp-json\/wp\/v2\/posts\/21324","targetHints":{"allow":["GET"]}}],"collection":[{"href":"https:\/\/www.mochileiros.com\/blog\/wp-json\/wp\/v2\/posts"}],"about":[{"href":"https:\/\/www.mochileiros.com\/blog\/wp-json\/wp\/v2\/types\/post"}],"author":[{"embeddable":true,"href":"https:\/\/www.mochileiros.com\/blog\/wp-json\/wp\/v2\/users\/1"}],"replies":[{"embeddable":true,"href":"https:\/\/www.mochileiros.com\/blog\/wp-json\/wp\/v2\/comments?post=21324"}],"version-history":[{"count":0,"href":"https:\/\/www.mochileiros.com\/blog\/wp-json\/wp\/v2\/posts\/21324\/revisions"}],"wp:featuredmedia":[{"embeddable":true,"href":"https:\/\/www.mochileiros.com\/blog\/wp-json\/wp\/v2\/media\/21624"}],"wp:attachment":[{"href":"https:\/\/www.mochileiros.com\/blog\/wp-json\/wp\/v2\/media?parent=21324"}],"wp:term":[{"taxonomy":"category","embeddable":true,"href":"https:\/\/www.mochileiros.com\/blog\/wp-json\/wp\/v2\/categories?post=21324"},{"taxonomy":"post_tag","embeddable":true,"href":"https:\/\/www.mochileiros.com\/blog\/wp-json\/wp\/v2\/tags?post=21324"}],"curies":[{"name":"wp","href":"https:\/\/api.w.org\/{rel}","templated":true}]}}