{"id":21454,"date":"2017-11-21T10:36:31","date_gmt":"2017-11-21T13:36:31","guid":{"rendered":"https:\/\/www.mochileiros.com\/blog\/?p=21454"},"modified":"2018-11-10T10:06:27","modified_gmt":"2018-11-10T13:06:27","slug":"poses-fotograficas-que-todo-viajante-tem-no-album","status":"publish","type":"post","link":"https:\/\/www.mochileiros.com\/blog\/poses-fotograficas-que-todo-viajante-tem-no-album","title":{"rendered":"12 poses fotogr\u00e1ficas que todo viajante tem no \u00e1lbum&#8230; ou n\u00e3o!"},"content":{"rendered":"<p style=\"text-align: left;\">Poses&#8230;\u00a0como surgem, do que se alimentam, como se reproduzem? \u00a0Quando voc\u00ea menos espera, l\u00e1 est\u00e3o elas e ningu\u00e9m est\u00e1 imune,\u00a0 quando voc\u00ea se d\u00e1 conta, j\u00e1 invadiram e se estabeleceram como ervas daninhas em sua timeline.\u00a0 S\u00e3o fotos com poses que todo viajante acaba fazendo sem se dar conta&#8230; ou n\u00e3o! \u00a0Vamos a elas:<\/p>\n<div id=\"ez-toc-container\" class=\"ez-toc-v2_0_82_2 counter-hierarchy ez-toc-counter ez-toc-grey ez-toc-container-direction\">\n<div class=\"ez-toc-title-container\">\n<p class=\"ez-toc-title\" style=\"cursor:inherit\">\u00cdndice<\/p>\n<span class=\"ez-toc-title-toggle\"><a href=\"#\" class=\"ez-toc-pull-right ez-toc-btn ez-toc-btn-xs ez-toc-btn-default ez-toc-toggle\" aria-label=\"Alternar tabela de conte\u00fado\"><span class=\"ez-toc-js-icon-con\"><span class=\"\"><span class=\"eztoc-hide\" style=\"display:none;\">Toggle<\/span><span class=\"ez-toc-icon-toggle-span\"><svg style=\"fill: #999;color:#999\" xmlns=\"http:\/\/www.w3.org\/2000\/svg\" class=\"list-377408\" width=\"20px\" height=\"20px\" viewBox=\"0 0 24 24\" fill=\"none\"><path d=\"M6 6H4v2h2V6zm14 0H8v2h12V6zM4 11h2v2H4v-2zm16 0H8v2h12v-2zM4 16h2v2H4v-2zm16 0H8v2h12v-2z\" fill=\"currentColor\"><\/path><\/svg><svg style=\"fill: #999;color:#999\" class=\"arrow-unsorted-368013\" xmlns=\"http:\/\/www.w3.org\/2000\/svg\" width=\"10px\" height=\"10px\" viewBox=\"0 0 24 24\" version=\"1.2\" baseProfile=\"tiny\"><path d=\"M18.2 9.3l-6.2-6.3-6.2 6.3c-.2.2-.3.4-.3.7s.1.5.3.7c.2.2.4.3.7.3h11c.3 0 .5-.1.7-.3.2-.2.3-.5.3-.7s-.1-.5-.3-.7zM5.8 14.7l6.2 6.3 6.2-6.3c.2-.2.3-.5.3-.7s-.1-.5-.3-.7c-.2-.2-.4-.3-.7-.3h-11c-.3 0-.5.1-.7.3-.2.2-.3.5-.3.7s.1.5.3.7z\"\/><\/svg><\/span><\/span><\/span><\/a><\/span><\/div>\n<nav><ul class='ez-toc-list ez-toc-list-level-1 ' ><ul class='ez-toc-list-level-2' ><li class='ez-toc-heading-level-2'><a class=\"ez-toc-link ez-toc-heading-1\" href=\"https:\/\/www.mochileiros.com\/blog\/poses-fotograficas-que-todo-viajante-tem-no-album\/#01_%E2%80%93_Pose_de_Moises_abrindo_o_Mar_Vermelho\" >01 &#8211; Pose de Mois\u00e9s abrindo o Mar Vermelho<\/a><\/li><li class='ez-toc-page-1 ez-toc-heading-level-2'><a class=\"ez-toc-link ez-toc-heading-2\" href=\"https:\/\/www.mochileiros.com\/blog\/poses-fotograficas-que-todo-viajante-tem-no-album\/#2_%E2%80%93_Pose_com_o_V_da_vitoria_ou_%E2%80%9CPose_de_Gisele%E2%80%9D\" >2 &#8211; Pose com o V da vit\u00f3ria ou &#8220;Pose de Gisele&#8221;!<\/a><\/li><li class='ez-toc-page-1 ez-toc-heading-level-2'><a class=\"ez-toc-link ez-toc-heading-3\" href=\"https:\/\/www.mochileiros.com\/blog\/poses-fotograficas-que-todo-viajante-tem-no-album\/#3_%E2%80%93_Pose_de_meditacao_ostentacao\" >3 &#8211; Pose de medita\u00e7\u00e3o ostenta\u00e7\u00e3o!<\/a><\/li><li class='ez-toc-page-1 ez-toc-heading-level-2'><a class=\"ez-toc-link ez-toc-heading-4\" href=\"https:\/\/www.mochileiros.com\/blog\/poses-fotograficas-que-todo-viajante-tem-no-album\/#4_%E2%80%93_Pose_com_animais_explorados_pela_industria_do_turismo\" >4 &#8211; Pose com animais explorados pela ind\u00fastria do turismo<\/a><\/li><li class='ez-toc-page-1 ez-toc-heading-level-2'><a class=\"ez-toc-link ez-toc-heading-5\" href=\"https:\/\/www.mochileiros.com\/blog\/poses-fotograficas-que-todo-viajante-tem-no-album\/#5_%E2%80%93_Selfie_em_algum_lugar_tomando_90_do_quadro_da_foto\" >5 &#8211;\u00a0 Selfie em algum lugar tomando 90% do quadro da foto<\/a><\/li><li class='ez-toc-page-1 ez-toc-heading-level-2'><a class=\"ez-toc-link ez-toc-heading-6\" href=\"https:\/\/www.mochileiros.com\/blog\/poses-fotograficas-que-todo-viajante-tem-no-album\/#_6_%E2%80%93_Selfie_algum_lugar_com_%E2%80%9CDuck_Face%E2%80%9D_tomando_90_do_quadro\" >\u00a06 &#8211; Selfie algum lugar com &#8220;Duck Face&#8221; tomando 90% do quadro<\/a><\/li><li class='ez-toc-page-1 ez-toc-heading-level-2'><a class=\"ez-toc-link ez-toc-heading-7\" href=\"https:\/\/www.mochileiros.com\/blog\/poses-fotograficas-que-todo-viajante-tem-no-album\/#7-_Pose_de_%E2%80%9CPegajoso_National_Geographic%E2%80%9D\" >7-\u00a0Pose de &#8220;Pegajoso National Geographic&#8221;<\/a><\/li><li class='ez-toc-page-1 ez-toc-heading-level-2'><a class=\"ez-toc-link ez-toc-heading-8\" href=\"https:\/\/www.mochileiros.com\/blog\/poses-fotograficas-que-todo-viajante-tem-no-album\/#8_%E2%80%93_Book_completo_na_paisagem\" >8 &#8211; Book completo na paisagem<\/a><\/li><li class='ez-toc-page-1 ez-toc-heading-level-2'><a class=\"ez-toc-link ez-toc-heading-9\" href=\"https:\/\/www.mochileiros.com\/blog\/poses-fotograficas-que-todo-viajante-tem-no-album\/#09_%E2%80%93_Holding_hands_Couple\" >09 &#8211; Holding hands Couple<\/a><\/li><li class='ez-toc-page-1 ez-toc-heading-level-2'><a class=\"ez-toc-link ez-toc-heading-10\" href=\"https:\/\/www.mochileiros.com\/blog\/poses-fotograficas-que-todo-viajante-tem-no-album\/#10_%E2%80%93_Segurando_o_cartao_postal\" >10 &#8211; Segurando o cart\u00e3o postal<\/a><\/li><\/ul><\/li><li class='ez-toc-page-1 ez-toc-heading-level-1'><a class=\"ez-toc-link ez-toc-heading-11\" href=\"https:\/\/www.mochileiros.com\/blog\/poses-fotograficas-que-todo-viajante-tem-no-album\/#11_%E2%80%93_Hot_Dog_Legs\" >11 &#8211; Hot Dog Legs<\/a><ul class='ez-toc-list-level-2' ><li class='ez-toc-heading-level-2'><a class=\"ez-toc-link ez-toc-heading-12\" href=\"https:\/\/www.mochileiros.com\/blog\/poses-fotograficas-que-todo-viajante-tem-no-album\/#12_%E2%80%93_Ayrton_Senna_do_Brasil\" >12 &#8211; Ayrton Senna do Brasil<\/a><\/li><\/ul><\/li><li class='ez-toc-page-1 ez-toc-heading-level-1'><a class=\"ez-toc-link ez-toc-heading-13\" href=\"https:\/\/www.mochileiros.com\/blog\/poses-fotograficas-que-todo-viajante-tem-no-album\/#Notou_alguma_nova_tendencia_de_poses_fotograficas_que_nao_entrou_na_lista_Entao_deixe_a_dica_nos_comentarios\" >Notou alguma nova tend\u00eancia de poses fotogr\u00e1ficas que n\u00e3o entrou na lista?\u00a0Ent\u00e3o deixe a dica nos coment\u00e1rios!<\/a><\/li><\/ul><\/nav><\/div>\n<h2><span class=\"ez-toc-section\" id=\"01_%E2%80%93_Pose_de_Moises_abrindo_o_Mar_Vermelho\"><\/span>01 &#8211; Pose de Mois\u00e9s abrindo o Mar Vermelho<span class=\"ez-toc-section-end\"><\/span><\/h2>\n<p style=\"text-align: left;\">Quando voc\u00ea menos espera, na sua timeline passa aquela foto do &#8220;Mois\u00e9s&#8221; tentando abrir o Mar Vermelho, o Oceano Atl\u00e2ntico, \u00a0o Pac\u00edfico, o Mar do Caribe\u00a0e em uma\u00a0piscina natural na Chapada dos Veadeiros. Ele quer abrir os caminhos e n\u00e3o se cansa!<\/p>\n<p><a href=\"https:\/\/www.mochileiros.com\/blog\/wp-content\/uploads\/2016\/12\/the-ten-commandments-1956-movie-05.jpg\"><img loading=\"lazy\" decoding=\"async\" class=\"wp-image-21455 size-full alignnone\" src=\"https:\/\/www.mochileiros.com\/blog\/wp-content\/uploads\/2016\/12\/the-ten-commandments-1956-movie-05.jpg\" width=\"800\" height=\"450\" alt=\"\" srcset=\"https:\/\/www.mochileiros.com\/blog\/wp-content\/uploads\/2016\/12\/the-ten-commandments-1956-movie-05.jpg 800w, https:\/\/www.mochileiros.com\/blog\/wp-content\/uploads\/2016\/12\/the-ten-commandments-1956-movie-05-300x169.jpg 300w, https:\/\/www.mochileiros.com\/blog\/wp-content\/uploads\/2016\/12\/the-ten-commandments-1956-movie-05-1024x576.jpg 1024w, https:\/\/www.mochileiros.com\/blog\/wp-content\/uploads\/2016\/12\/the-ten-commandments-1956-movie-05-768x432.jpg 768w, https:\/\/www.mochileiros.com\/blog\/wp-content\/uploads\/2016\/12\/the-ten-commandments-1956-movie-05-1536x864.jpg 1536w, https:\/\/www.mochileiros.com\/blog\/wp-content\/uploads\/2016\/12\/the-ten-commandments-1956-movie-05-2048x1152.jpg 2048w, https:\/\/www.mochileiros.com\/blog\/wp-content\/uploads\/2016\/12\/the-ten-commandments-1956-movie-05-267x150.jpg 267w, https:\/\/www.mochileiros.com\/blog\/wp-content\/uploads\/2016\/12\/the-ten-commandments-1956-movie-05-100x56.jpg 100w, https:\/\/www.mochileiros.com\/blog\/wp-content\/uploads\/2016\/12\/the-ten-commandments-1956-movie-05-622x350.jpg 622w, https:\/\/www.mochileiros.com\/blog\/wp-content\/uploads\/2016\/12\/the-ten-commandments-1956-movie-05-788x443.jpg 788w, https:\/\/www.mochileiros.com\/blog\/wp-content\/uploads\/2016\/12\/the-ten-commandments-1956-movie-05-313x176.jpg 313w, https:\/\/www.mochileiros.com\/blog\/wp-content\/uploads\/2016\/12\/the-ten-commandments-1956-movie-05-20x11.jpg 20w\" sizes=\"auto, (max-width: 800px) 100vw, 800px\" \/><\/a><\/p>\n<h2><span class=\"ez-toc-section\" id=\"2_%E2%80%93_Pose_com_o_V_da_vitoria_ou_%E2%80%9CPose_de_Gisele%E2%80%9D\"><\/span>2 &#8211; Pose com o V da vit\u00f3ria ou &#8220;Pose de Gisele&#8221;!<span class=\"ez-toc-section-end\"><\/span><\/h2>\n<p>A pose da Gisele ganhou vida pr\u00f3pria e vira e mexe, aparece possuindo a m\u00e3o de algu\u00e9m em algum lugar do planeta, seja numa trilha em\u00a0Peru\u00edbe, numa <span style=\"text-decoration: underline;\"><a href=\"https:\/\/www.mochileiros.com\/blog\/destinos-com-cachoeiras-em-minas-gerais\">cachoeira de Minas Gerais<\/a><\/span> e at\u00e9 no\u00a0topo do K2.<\/p>\n<p><a href=\"https:\/\/www.mochileiros.com\/blog\/wp-content\/uploads\/2016\/12\/el51temmbvjw7kdrkfrrditle.jpg\"><img loading=\"lazy\" decoding=\"async\" class=\"wp-image-21457 alignnone\" src=\"https:\/\/www.mochileiros.com\/blog\/wp-content\/uploads\/2016\/12\/el51temmbvjw7kdrkfrrditle.jpg\" width=\"800\" height=\"501\" alt=\"\" srcset=\"https:\/\/www.mochileiros.com\/blog\/wp-content\/uploads\/2016\/12\/el51temmbvjw7kdrkfrrditle.jpg 652w, https:\/\/www.mochileiros.com\/blog\/wp-content\/uploads\/2016\/12\/el51temmbvjw7kdrkfrrditle-300x188.jpg 300w, https:\/\/www.mochileiros.com\/blog\/wp-content\/uploads\/2016\/12\/el51temmbvjw7kdrkfrrditle-313x196.jpg 313w, https:\/\/www.mochileiros.com\/blog\/wp-content\/uploads\/2016\/12\/el51temmbvjw7kdrkfrrditle-20x13.jpg 20w\" sizes=\"auto, (max-width: 800px) 100vw, 800px\" \/><\/a><\/p>\n<h2><span class=\"ez-toc-section\" id=\"3_%E2%80%93_Pose_de_meditacao_ostentacao\"><\/span>3 &#8211; Pose de medita\u00e7\u00e3o ostenta\u00e7\u00e3o!<span class=\"ez-toc-section-end\"><\/span><\/h2>\n<p>Ela \u00e9 uma vari\u00e1vel do funk ostenta\u00e7\u00e3o em forma de pose fotogr\u00e1fica! Voc\u00ea n\u00e3o precisa saber meditar nem nunca ter meditado na vida, basta ostentar a pose pra foto.\u00a0Tamb\u00e9m n\u00e3o se preocupe em encontrar uma <a href=\"https:\/\/pt.wikipedia.org\/wiki\/%C3%81rvore_de_Bodhi\" target=\"_blank\" rel=\"noopener\"><em>\u00e1rvore<\/em>\u00a0de Bodhi<\/a>, pode ser feita em qualquer paisagem ou at\u00e9 mesmo na beira da BR&#8230;\u00a0 Senta, let&#8217;s go zen bitch e clica!<\/p>\n<p><a href=\"https:\/\/www.mochileiros.com\/blog\/wp-content\/uploads\/2016\/12\/i-went-to-a-mindful-drinking-meditation-class-heres-what-happened.png\"><img loading=\"lazy\" decoding=\"async\" class=\"wp-image-21459 alignnone\" src=\"https:\/\/www.mochileiros.com\/blog\/wp-content\/uploads\/2016\/12\/i-went-to-a-mindful-drinking-meditation-class-heres-what-happened-1024x768.png\" width=\"800\" height=\"600\" alt=\"\" srcset=\"https:\/\/www.mochileiros.com\/blog\/wp-content\/uploads\/2016\/12\/i-went-to-a-mindful-drinking-meditation-class-heres-what-happened-1024x768.png 1024w, https:\/\/www.mochileiros.com\/blog\/wp-content\/uploads\/2016\/12\/i-went-to-a-mindful-drinking-meditation-class-heres-what-happened-300x225.png 300w, https:\/\/www.mochileiros.com\/blog\/wp-content\/uploads\/2016\/12\/i-went-to-a-mindful-drinking-meditation-class-heres-what-happened-768x576.png 768w, https:\/\/www.mochileiros.com\/blog\/wp-content\/uploads\/2016\/12\/i-went-to-a-mindful-drinking-meditation-class-heres-what-happened-313x235.png 313w, https:\/\/www.mochileiros.com\/blog\/wp-content\/uploads\/2016\/12\/i-went-to-a-mindful-drinking-meditation-class-heres-what-happened-20x15.png 20w, https:\/\/www.mochileiros.com\/blog\/wp-content\/uploads\/2016\/12\/i-went-to-a-mindful-drinking-meditation-class-heres-what-happened.png 1167w\" sizes=\"auto, (max-width: 800px) 100vw, 800px\" \/><\/a><\/p>\n<h2><span class=\"ez-toc-section\" id=\"4_%E2%80%93_Pose_com_animais_explorados_pela_industria_do_turismo\"><\/span>4 &#8211; Pose com animais explorados pela ind\u00fastria do turismo<span class=\"ez-toc-section-end\"><\/span><\/h2>\n<p style=\"text-align: left;\">Sim!\u00a0 Essa n\u00e3o \u00e9 piada e voc\u00ea pode at\u00e9 ficar chateado, mas ela \u00e9 um mico, que caso voc\u00ea tenha uma, deveria deletar do \u00e1lbum. SIM,\u00a0em atra\u00e7\u00f5es deste tipo, os animais s\u00e3o dopados para este fim que \u00e9: Posar para fotos\u00a0com turistas e n\u00e3o adianta fazer o papel de &#8220;revolts do ego ferido&#8221; \u00a0pra tentar defender o indefens\u00e1vel. \u00a0Animais &#8220;selvagens&#8221;, \u00a0s\u00e3o selvagens e devem estar na selva e n\u00e3o servindo de modelo em atra\u00e7\u00f5es tur\u00edsticas, onde ficam dispon\u00edveis o dia todo para serem fotografados ao lado de seres humanos.<br \/>\nEm tempos\u00a0de destrui\u00e7\u00e3o do patrim\u00f4nio\u00a0natural do planeta,\u00a0n\u00e3o d\u00e1 n\u00e9? \u00a0Simplesmente n\u00e3o alimente essa ind\u00fastria.\u00a0 Se quiser visitar atra\u00e7\u00f5es com\u00a0animas selvagens, procure santu\u00e1rios e institui\u00e7\u00f5es s\u00e9rias que trabalhem na preserva\u00e7\u00e3o de esp\u00e9cies amea\u00e7adas.<\/p>\n<p><a href=\"https:\/\/www.mochileiros.com\/blog\/wp-content\/uploads\/2016\/12\/zoo-lujan.jpg\"><img loading=\"lazy\" decoding=\"async\" class=\"size-full wp-image-21460 alignnone\" src=\"https:\/\/www.mochileiros.com\/blog\/wp-content\/uploads\/2016\/12\/zoo-lujan.jpg\" alt=\"\" width=\"800\" height=\"532\" srcset=\"https:\/\/www.mochileiros.com\/blog\/wp-content\/uploads\/2016\/12\/zoo-lujan.jpg 800w, https:\/\/www.mochileiros.com\/blog\/wp-content\/uploads\/2016\/12\/zoo-lujan-300x200.jpg 300w, https:\/\/www.mochileiros.com\/blog\/wp-content\/uploads\/2016\/12\/zoo-lujan-768x511.jpg 768w, https:\/\/www.mochileiros.com\/blog\/wp-content\/uploads\/2016\/12\/zoo-lujan-313x208.jpg 313w, https:\/\/www.mochileiros.com\/blog\/wp-content\/uploads\/2016\/12\/zoo-lujan-20x13.jpg 20w\" sizes=\"auto, (max-width: 800px) 100vw, 800px\" \/><\/a><\/p>\n<h2><span class=\"ez-toc-section\" id=\"5_%E2%80%93_Selfie_em_algum_lugar_tomando_90_do_quadro_da_foto\"><\/span>5 &#8211;\u00a0 Selfie em algum lugar tomando 90% do quadro da foto<span class=\"ez-toc-section-end\"><\/span><\/h2>\n<p><strong>Essa \u00e9 uma verdadeira selfie em Paris fazendo pode de Gisele.<\/strong><\/p>\n<p><a href=\"https:\/\/www.mochileiros.com\/blog\/wp-content\/uploads\/2016\/12\/1423089465395.jpg\"><img loading=\"lazy\" decoding=\"async\" class=\"wp-image-21462 alignnone\" src=\"https:\/\/www.mochileiros.com\/blog\/wp-content\/uploads\/2016\/12\/1423089465395.jpg\" width=\"800\" height=\"449\" alt=\"\" srcset=\"https:\/\/www.mochileiros.com\/blog\/wp-content\/uploads\/2016\/12\/1423089465395.jpg 620w, https:\/\/www.mochileiros.com\/blog\/wp-content\/uploads\/2016\/12\/1423089465395-300x168.jpg 300w, https:\/\/www.mochileiros.com\/blog\/wp-content\/uploads\/2016\/12\/1423089465395-313x176.jpg 313w, https:\/\/www.mochileiros.com\/blog\/wp-content\/uploads\/2016\/12\/1423089465395-20x11.jpg 20w\" sizes=\"auto, (max-width: 800px) 100vw, 800px\" \/><\/a><\/p>\n<p><strong>Essa \u00e9 uma &#8220;selfie em algum lugar tomando 90% do quadro da foto&#8221;\u00a0 feita em Paris.\u00a0<\/strong><\/p>\n<p><a href=\"https:\/\/www.mochileiros.com\/blog\/wp-content\/uploads\/2016\/12\/vaani-kapoor-poses-for-a-selfie-in-paris-201606-743071.jpg\"><img loading=\"lazy\" decoding=\"async\" class=\"wp-image-21461 alignnone\" src=\"https:\/\/www.mochileiros.com\/blog\/wp-content\/uploads\/2016\/12\/vaani-kapoor-poses-for-a-selfie-in-paris-201606-743071.jpg\" width=\"800\" height=\"800\" alt=\"\" srcset=\"https:\/\/www.mochileiros.com\/blog\/wp-content\/uploads\/2016\/12\/vaani-kapoor-poses-for-a-selfie-in-paris-201606-743071.jpg 600w, https:\/\/www.mochileiros.com\/blog\/wp-content\/uploads\/2016\/12\/vaani-kapoor-poses-for-a-selfie-in-paris-201606-743071-150x150.jpg 150w, https:\/\/www.mochileiros.com\/blog\/wp-content\/uploads\/2016\/12\/vaani-kapoor-poses-for-a-selfie-in-paris-201606-743071-300x300.jpg 300w, https:\/\/www.mochileiros.com\/blog\/wp-content\/uploads\/2016\/12\/vaani-kapoor-poses-for-a-selfie-in-paris-201606-743071-80x80.jpg 80w, https:\/\/www.mochileiros.com\/blog\/wp-content\/uploads\/2016\/12\/vaani-kapoor-poses-for-a-selfie-in-paris-201606-743071-350x350.jpg 350w, https:\/\/www.mochileiros.com\/blog\/wp-content\/uploads\/2016\/12\/vaani-kapoor-poses-for-a-selfie-in-paris-201606-743071-313x313.jpg 313w, https:\/\/www.mochileiros.com\/blog\/wp-content\/uploads\/2016\/12\/vaani-kapoor-poses-for-a-selfie-in-paris-201606-743071-20x20.jpg 20w\" sizes=\"auto, (max-width: 800px) 100vw, 800px\" \/><\/a><\/p>\n<h2><span class=\"ez-toc-section\" id=\"_6_%E2%80%93_Selfie_algum_lugar_com_%E2%80%9CDuck_Face%E2%80%9D_tomando_90_do_quadro\"><\/span>\u00a06 &#8211; Selfie algum lugar com &#8220;<a href=\"https:\/\/www.google.com.br\/search?q=duck+face&amp;source=lnms&amp;tbm=isch&amp;sa=X&amp;ved=0ahUKEwix8N64-5vRAhVGjpAKHZkMAFAQ_AUICCgB&amp;biw=1600&amp;bih=721\" target=\"_blank\" rel=\"noopener\">Duck Face<\/a>&#8221; tomando 90% do quadro<span class=\"ez-toc-section-end\"><\/span><\/h2>\n<p>Essa j\u00e1 diminui bastante em 2017, mas continua aparecendo de vez em quando&#8230; kkkkk!<\/p>\n<p><a href=\"https:\/\/www.mochileiros.com\/blog\/wp-content\/uploads\/2016\/12\/photo.jpg\"><img loading=\"lazy\" decoding=\"async\" class=\"wp-image-21464 alignnone\" src=\"https:\/\/www.mochileiros.com\/blog\/wp-content\/uploads\/2016\/12\/photo.jpg\" width=\"800\" height=\"800\" alt=\"\" srcset=\"https:\/\/www.mochileiros.com\/blog\/wp-content\/uploads\/2016\/12\/photo.jpg 900w, https:\/\/www.mochileiros.com\/blog\/wp-content\/uploads\/2016\/12\/photo-150x150.jpg 150w, https:\/\/www.mochileiros.com\/blog\/wp-content\/uploads\/2016\/12\/photo-300x300.jpg 300w, https:\/\/www.mochileiros.com\/blog\/wp-content\/uploads\/2016\/12\/photo-768x768.jpg 768w, https:\/\/www.mochileiros.com\/blog\/wp-content\/uploads\/2016\/12\/photo-80x80.jpg 80w, https:\/\/www.mochileiros.com\/blog\/wp-content\/uploads\/2016\/12\/photo-350x350.jpg 350w, https:\/\/www.mochileiros.com\/blog\/wp-content\/uploads\/2016\/12\/photo-313x313.jpg 313w, https:\/\/www.mochileiros.com\/blog\/wp-content\/uploads\/2016\/12\/photo-20x20.jpg 20w\" sizes=\"auto, (max-width: 800px) 100vw, 800px\" \/><\/a><\/p>\n<p>&nbsp;<\/p>\n<h2><span class=\"ez-toc-section\" id=\"7-_Pose_de_%E2%80%9CPegajoso_National_Geographic%E2%80%9D\"><\/span>7-\u00a0Pose de &#8220;Pegajoso National Geographic&#8221;<span class=\"ez-toc-section-end\"><\/span><\/h2>\n<p>O bicho est\u00e1 l\u00e1 vivendo a vida dele e o &#8220;Pegajoso National Geographic&#8221; n\u00e3o se cont\u00e9m.\u00a0 \u00a0Esses 2 turistas\u00a0da foto abaixo ganharam o pr\u00eamio &#8220;Pegajoso National Geographic&#8221; em 2016 na categoria: &#8220;Complete idiots!<\/p>\n<p><a href=\"https:\/\/www.mochileiros.com\/blog\/wp-content\/uploads\/2016\/12\/wptv-turtle-surfers_1478078504883_49022089_ver1.0_640_480.jpg\"><img loading=\"lazy\" decoding=\"async\" class=\"alignnone wp-image-21466\" src=\"https:\/\/www.mochileiros.com\/blog\/wp-content\/uploads\/2016\/12\/wptv-turtle-surfers_1478078504883_49022089_ver1.0_640_480.jpg\" width=\"800\" height=\"600\" alt=\"\" srcset=\"https:\/\/www.mochileiros.com\/blog\/wp-content\/uploads\/2016\/12\/wptv-turtle-surfers_1478078504883_49022089_ver1.0_640_480.jpg 640w, https:\/\/www.mochileiros.com\/blog\/wp-content\/uploads\/2016\/12\/wptv-turtle-surfers_1478078504883_49022089_ver1.0_640_480-300x225.jpg 300w, https:\/\/www.mochileiros.com\/blog\/wp-content\/uploads\/2016\/12\/wptv-turtle-surfers_1478078504883_49022089_ver1.0_640_480-313x235.jpg 313w, https:\/\/www.mochileiros.com\/blog\/wp-content\/uploads\/2016\/12\/wptv-turtle-surfers_1478078504883_49022089_ver1.0_640_480-20x15.jpg 20w\" sizes=\"auto, (max-width: 800px) 100vw, 800px\" \/><\/a><\/p>\n<h3><\/h3>\n<h2><span class=\"ez-toc-section\" id=\"8_%E2%80%93_Book_completo_na_paisagem\"><\/span>8 &#8211; Book completo na paisagem<span class=\"ez-toc-section-end\"><\/span><\/h2>\n<p>Modelar na paisagem \u00e9 o novo cool&#8230; ou n\u00e3o!\u00a0 Mas seja l\u00e1 como for, nos grupos de viagem do Facebook a modelagem anda em alta. O lema \u00e9 &#8220;Exploda a joanete, mas n\u00e3o perca a pose&#8221;&#8230;. \ud83d\ude00<\/p>\n<p><img loading=\"lazy\" decoding=\"async\" class=\"alignnone wp-image-33921\" src=\"https:\/\/www.mochileiros.com\/blog\/wp-content\/uploads\/2016\/12\/d2291c56f178491429f77afe8c7b6c44-vogue-brazil-backpacker.jpg\" alt=\"\" width=\"500\" height=\"684\" srcset=\"https:\/\/www.mochileiros.com\/blog\/wp-content\/uploads\/2016\/12\/d2291c56f178491429f77afe8c7b6c44-vogue-brazil-backpacker.jpg 500w, https:\/\/www.mochileiros.com\/blog\/wp-content\/uploads\/2016\/12\/d2291c56f178491429f77afe8c7b6c44-vogue-brazil-backpacker-219x300.jpg 219w, https:\/\/www.mochileiros.com\/blog\/wp-content\/uploads\/2016\/12\/d2291c56f178491429f77afe8c7b6c44-vogue-brazil-backpacker-313x428.jpg 313w, https:\/\/www.mochileiros.com\/blog\/wp-content\/uploads\/2016\/12\/d2291c56f178491429f77afe8c7b6c44-vogue-brazil-backpacker-15x20.jpg 15w\" sizes=\"auto, (max-width: 500px) 100vw, 500px\" \/><img loading=\"lazy\" decoding=\"async\" class=\"alignnone wp-image-33922\" src=\"https:\/\/www.mochileiros.com\/blog\/wp-content\/uploads\/2016\/12\/jacques-dequeker1-792x1024.jpg\" alt=\"\" width=\"500\" height=\"646\" srcset=\"https:\/\/www.mochileiros.com\/blog\/wp-content\/uploads\/2016\/12\/jacques-dequeker1-792x1024.jpg 792w, https:\/\/www.mochileiros.com\/blog\/wp-content\/uploads\/2016\/12\/jacques-dequeker1-232x300.jpg 232w, https:\/\/www.mochileiros.com\/blog\/wp-content\/uploads\/2016\/12\/jacques-dequeker1-768x993.jpg 768w, https:\/\/www.mochileiros.com\/blog\/wp-content\/uploads\/2016\/12\/jacques-dequeker1-313x405.jpg 313w, https:\/\/www.mochileiros.com\/blog\/wp-content\/uploads\/2016\/12\/jacques-dequeker1-15x20.jpg 15w, https:\/\/www.mochileiros.com\/blog\/wp-content\/uploads\/2016\/12\/jacques-dequeker1.jpg 800w\" sizes=\"auto, (max-width: 500px) 100vw, 500px\" \/><\/p>\n<p>&nbsp;<\/p>\n<h2><span class=\"ez-toc-section\" id=\"09_%E2%80%93_Holding_hands_Couple\"><\/span>09 &#8211; Holding hands Couple<span class=\"ez-toc-section-end\"><\/span><\/h2>\n<p>A modinha inventada pelo casal instagr\u00e2mico Murad Osmann e Natalia Zakharova tamb\u00e9m invadiu as timelines , mas j\u00e1 mostra sinais de cansa\u00e7o. &#8211; Dica da\u00a0<a class=\" UFICommentActorName\" dir=\"ltr\" href=\"https:\/\/www.facebook.com\/lenice.medina.1\" target=\"_blank\" rel=\"noopener\">Lenice Medina<\/a><\/p>\n<p><img loading=\"lazy\" decoding=\"async\" class=\"alignnone size-full wp-image-34441\" src=\"https:\/\/www.mochileiros.com\/blog\/wp-content\/uploads\/2017\/11\/288EEBA700000578-0-image-m-49_1431355934475.jpg\" alt=\"\" width=\"962\" height=\"962\" srcset=\"https:\/\/www.mochileiros.com\/blog\/wp-content\/uploads\/2017\/11\/288EEBA700000578-0-image-m-49_1431355934475.jpg 962w, https:\/\/www.mochileiros.com\/blog\/wp-content\/uploads\/2017\/11\/288EEBA700000578-0-image-m-49_1431355934475-150x150.jpg 150w, https:\/\/www.mochileiros.com\/blog\/wp-content\/uploads\/2017\/11\/288EEBA700000578-0-image-m-49_1431355934475-300x300.jpg 300w, https:\/\/www.mochileiros.com\/blog\/wp-content\/uploads\/2017\/11\/288EEBA700000578-0-image-m-49_1431355934475-768x768.jpg 768w, https:\/\/www.mochileiros.com\/blog\/wp-content\/uploads\/2017\/11\/288EEBA700000578-0-image-m-49_1431355934475-80x80.jpg 80w, https:\/\/www.mochileiros.com\/blog\/wp-content\/uploads\/2017\/11\/288EEBA700000578-0-image-m-49_1431355934475-350x350.jpg 350w, https:\/\/www.mochileiros.com\/blog\/wp-content\/uploads\/2017\/11\/288EEBA700000578-0-image-m-49_1431355934475-313x313.jpg 313w, https:\/\/www.mochileiros.com\/blog\/wp-content\/uploads\/2017\/11\/288EEBA700000578-0-image-m-49_1431355934475-20x20.jpg 20w\" sizes=\"auto, (max-width: 962px) 100vw, 962px\" \/><\/p>\n<h2><span class=\"ez-toc-section\" id=\"10_%E2%80%93_Segurando_o_cartao_postal\"><\/span>10 &#8211; Segurando o cart\u00e3o postal<span class=\"ez-toc-section-end\"><\/span><\/h2>\n<p>Essa \u00e9 assinatura de turista e aparece cada vez menos nos grupos de viagem, mas ainda tem quem fa\u00e7a.\u00a0 A garota da segunda foto abaixo decidiu dar uma esculachada&#8230; hahahaha!<\/p>\n<p><img loading=\"lazy\" decoding=\"async\" class=\"alignnone size-full wp-image-34442\" src=\"https:\/\/www.mochileiros.com\/blog\/wp-content\/uploads\/2017\/11\/2a-2orig_main.jpg\" alt=\"\" width=\"978\" height=\"600\" srcset=\"https:\/\/www.mochileiros.com\/blog\/wp-content\/uploads\/2017\/11\/2a-2orig_main.jpg 978w, https:\/\/www.mochileiros.com\/blog\/wp-content\/uploads\/2017\/11\/2a-2orig_main-300x184.jpg 300w, https:\/\/www.mochileiros.com\/blog\/wp-content\/uploads\/2017\/11\/2a-2orig_main-768x471.jpg 768w, https:\/\/www.mochileiros.com\/blog\/wp-content\/uploads\/2017\/11\/2a-2orig_main-313x192.jpg 313w, https:\/\/www.mochileiros.com\/blog\/wp-content\/uploads\/2017\/11\/2a-2orig_main-20x12.jpg 20w\" sizes=\"auto, (max-width: 978px) 100vw, 978px\" \/> <img loading=\"lazy\" decoding=\"async\" class=\"alignnone size-large wp-image-34443\" src=\"https:\/\/www.mochileiros.com\/blog\/wp-content\/uploads\/2017\/11\/85082039.jpg\" alt=\"\" width=\"889\" height=\"889\" srcset=\"https:\/\/www.mochileiros.com\/blog\/wp-content\/uploads\/2017\/11\/85082039.jpg 889w, https:\/\/www.mochileiros.com\/blog\/wp-content\/uploads\/2017\/11\/85082039-150x150.jpg 150w, https:\/\/www.mochileiros.com\/blog\/wp-content\/uploads\/2017\/11\/85082039-300x300.jpg 300w, https:\/\/www.mochileiros.com\/blog\/wp-content\/uploads\/2017\/11\/85082039-768x768.jpg 768w, https:\/\/www.mochileiros.com\/blog\/wp-content\/uploads\/2017\/11\/85082039-80x80.jpg 80w, https:\/\/www.mochileiros.com\/blog\/wp-content\/uploads\/2017\/11\/85082039-350x350.jpg 350w, https:\/\/www.mochileiros.com\/blog\/wp-content\/uploads\/2017\/11\/85082039-313x313.jpg 313w, https:\/\/www.mochileiros.com\/blog\/wp-content\/uploads\/2017\/11\/85082039-20x20.jpg 20w\" sizes=\"auto, (max-width: 889px) 100vw, 889px\" \/><\/p>\n<h1><span class=\"ez-toc-section\" id=\"11_%E2%80%93_Hot_Dog_Legs\"><\/span>11 &#8211; Hot Dog Legs<span class=\"ez-toc-section-end\"><\/span><\/h1>\n<p>As pernas de salsicha tamb\u00e9m deram o que falar nos instagrams e timelines da vida. Se \u00e9 com mostarda ou Ketchup isso \u00e9 o que menos importa&#8230;<\/p>\n<h1><img loading=\"lazy\" decoding=\"async\" class=\"alignnone size-large wp-image-34447\" src=\"https:\/\/www.mochileiros.com\/blog\/wp-content\/uploads\/2017\/11\/o-HOT-DOG-LEGS-facebook-1024x765.jpg\" alt=\"\" width=\"1000\" height=\"747\" srcset=\"https:\/\/www.mochileiros.com\/blog\/wp-content\/uploads\/2017\/11\/o-HOT-DOG-LEGS-facebook-1024x765.jpg 1024w, https:\/\/www.mochileiros.com\/blog\/wp-content\/uploads\/2017\/11\/o-HOT-DOG-LEGS-facebook-300x224.jpg 300w, https:\/\/www.mochileiros.com\/blog\/wp-content\/uploads\/2017\/11\/o-HOT-DOG-LEGS-facebook-768x574.jpg 768w, https:\/\/www.mochileiros.com\/blog\/wp-content\/uploads\/2017\/11\/o-HOT-DOG-LEGS-facebook-313x234.jpg 313w, https:\/\/www.mochileiros.com\/blog\/wp-content\/uploads\/2017\/11\/o-HOT-DOG-LEGS-facebook-20x15.jpg 20w, https:\/\/www.mochileiros.com\/blog\/wp-content\/uploads\/2017\/11\/o-HOT-DOG-LEGS-facebook.jpg 1536w\" sizes=\"auto, (max-width: 1000px) 100vw, 1000px\" \/><\/h1>\n<h2><span class=\"ez-toc-section\" id=\"12_%E2%80%93_Ayrton_Senna_do_Brasil\"><\/span>12 &#8211; Ayrton Senna do Brasil<span class=\"ez-toc-section-end\"><\/span><\/h2>\n<p>Voc\u00ea n\u00e3o precisa ser o Waldemar Niclevicz, muito menos estar no cume do Everest, basta subir escalaminhando o Morro da Urca ou o Pico do Jaragu\u00e1, levante a bandeira e lembre da musiquinha do Ayrton Senna&#8230;\u00a0 \u00c9 do Brasillll!\u00a0 \u00a0Essa tem aparecido pouco, mas sempre d\u00e1 as caras&#8230;.<\/p>\n<div id=\"attachment_34448\" style=\"width: 966px\" class=\"wp-caption alignnone\"><img loading=\"lazy\" decoding=\"async\" aria-describedby=\"caption-attachment-34448\" class=\"wp-image-34448 size-full\" src=\"https:\/\/www.mochileiros.com\/blog\/wp-content\/uploads\/2017\/11\/waldemar-niclevicz-posa-com-a-bandeira-do-brasil-no-cume-do-everest-1416319633603_956x500.jpg\" alt=\"\" width=\"956\" height=\"500\" srcset=\"https:\/\/www.mochileiros.com\/blog\/wp-content\/uploads\/2017\/11\/waldemar-niclevicz-posa-com-a-bandeira-do-brasil-no-cume-do-everest-1416319633603_956x500.jpg 956w, https:\/\/www.mochileiros.com\/blog\/wp-content\/uploads\/2017\/11\/waldemar-niclevicz-posa-com-a-bandeira-do-brasil-no-cume-do-everest-1416319633603_956x500-300x157.jpg 300w, https:\/\/www.mochileiros.com\/blog\/wp-content\/uploads\/2017\/11\/waldemar-niclevicz-posa-com-a-bandeira-do-brasil-no-cume-do-everest-1416319633603_956x500-768x402.jpg 768w, https:\/\/www.mochileiros.com\/blog\/wp-content\/uploads\/2017\/11\/waldemar-niclevicz-posa-com-a-bandeira-do-brasil-no-cume-do-everest-1416319633603_956x500-313x164.jpg 313w, https:\/\/www.mochileiros.com\/blog\/wp-content\/uploads\/2017\/11\/waldemar-niclevicz-posa-com-a-bandeira-do-brasil-no-cume-do-everest-1416319633603_956x500-20x10.jpg 20w\" sizes=\"auto, (max-width: 956px) 100vw, 956px\" \/><p id=\"caption-attachment-34448\" class=\"wp-caption-text\">Waldemar Niclevicz no cume do Everest &#8211; Foto: Divulga\u00e7\u00e3o<\/p><\/div>\n<h1><span class=\"ez-toc-section\" id=\"Notou_alguma_nova_tendencia_de_poses_fotograficas_que_nao_entrou_na_lista_Entao_deixe_a_dica_nos_comentarios\"><\/span>Notou alguma nova tend\u00eancia de poses fotogr\u00e1ficas que n\u00e3o entrou na lista?\u00a0Ent\u00e3o deixe a dica nos coment\u00e1rios!<span class=\"ez-toc-section-end\"><\/span><\/h1>\n","protected":false},"excerpt":{"rendered":"<p>Poses&#8230;\u00a0como surgem, do que se alimentam, como se reproduzem? \u00a0Quando voc\u00ea menos espera, l\u00e1 est\u00e3o elas e ningu\u00e9m est\u00e1 imune,\u00a0 quando voc\u00ea se d\u00e1 conta, j\u00e1 invadiram e se estabeleceram como ervas daninhas em sua timeline.\u00a0 S\u00e3o fotos com poses que todo viajante acaba fazendo sem se dar conta&#8230; ou n\u00e3o! \u00a0Vamos a elas: 01 [&hellip;]<\/p>\n","protected":false},"author":55,"featured_media":21455,"comment_status":"open","ping_status":"closed","sticky":false,"template":"","format":"standard","meta":{"googlesitekit_rrm_CAoiELM5mIOjYRN0nfylq3_9r-8:productID":"","_crdt_document":"","_daim_seo_power":"","_daim_enable_ail":"","footnotes":""},"categories":[168],"tags":[39],"class_list":["post-21454","post","type-post","status-publish","format-standard","has-post-thumbnail","hentry","category-blog","tag-fotografia-de-viagem"],"_links":{"self":[{"href":"https:\/\/www.mochileiros.com\/blog\/wp-json\/wp\/v2\/posts\/21454","targetHints":{"allow":["GET"]}}],"collection":[{"href":"https:\/\/www.mochileiros.com\/blog\/wp-json\/wp\/v2\/posts"}],"about":[{"href":"https:\/\/www.mochileiros.com\/blog\/wp-json\/wp\/v2\/types\/post"}],"author":[{"embeddable":true,"href":"https:\/\/www.mochileiros.com\/blog\/wp-json\/wp\/v2\/users\/55"}],"replies":[{"embeddable":true,"href":"https:\/\/www.mochileiros.com\/blog\/wp-json\/wp\/v2\/comments?post=21454"}],"version-history":[{"count":0,"href":"https:\/\/www.mochileiros.com\/blog\/wp-json\/wp\/v2\/posts\/21454\/revisions"}],"wp:featuredmedia":[{"embeddable":true,"href":"https:\/\/www.mochileiros.com\/blog\/wp-json\/wp\/v2\/media\/21455"}],"wp:attachment":[{"href":"https:\/\/www.mochileiros.com\/blog\/wp-json\/wp\/v2\/media?parent=21454"}],"wp:term":[{"taxonomy":"category","embeddable":true,"href":"https:\/\/www.mochileiros.com\/blog\/wp-json\/wp\/v2\/categories?post=21454"},{"taxonomy":"post_tag","embeddable":true,"href":"https:\/\/www.mochileiros.com\/blog\/wp-json\/wp\/v2\/tags?post=21454"}],"curies":[{"name":"wp","href":"https:\/\/api.w.org\/{rel}","templated":true}]}}