{"id":21518,"date":"2017-01-02T14:40:07","date_gmt":"2017-01-02T17:40:07","guid":{"rendered":"https:\/\/www.mochileiros.com\/blog\/?p=21518"},"modified":"2018-10-12T06:41:54","modified_gmt":"2018-10-12T09:41:54","slug":"dicas-e-impressoes-sobre-a-prainha-branca-guaruja","status":"publish","type":"post","link":"https:\/\/www.mochileiros.com\/blog\/dicas-e-impressoes-sobre-a-prainha-branca-guaruja","title":{"rendered":"Dicas e impress\u00f5es sobre a Prainha Branca &#8211; Guaruj\u00e1"},"content":{"rendered":"<p><strong>Por\u00a0<span class=\"fwn fcg\"><span class=\"fwb fcg\" data-ft=\"{&quot;tn&quot;:&quot;;&quot;}\">Cristine Granato<\/span><\/span><\/strong><\/p>\n<p>Passei a virada de ano na Prainha Branca que fica no Guaruj\u00e1, acho valido compartilhar as informa\u00e7\u00f5es.<\/p>\n<div id=\"ez-toc-container\" class=\"ez-toc-v2_0_82_2 counter-hierarchy ez-toc-counter ez-toc-grey ez-toc-container-direction\">\n<div class=\"ez-toc-title-container\">\n<p class=\"ez-toc-title\" style=\"cursor:inherit\">\u00cdndice<\/p>\n<span class=\"ez-toc-title-toggle\"><a href=\"#\" class=\"ez-toc-pull-right ez-toc-btn ez-toc-btn-xs ez-toc-btn-default ez-toc-toggle\" aria-label=\"Alternar tabela de conte\u00fado\"><span class=\"ez-toc-js-icon-con\"><span class=\"\"><span class=\"eztoc-hide\" style=\"display:none;\">Toggle<\/span><span class=\"ez-toc-icon-toggle-span\"><svg style=\"fill: #999;color:#999\" xmlns=\"http:\/\/www.w3.org\/2000\/svg\" class=\"list-377408\" width=\"20px\" height=\"20px\" viewBox=\"0 0 24 24\" fill=\"none\"><path d=\"M6 6H4v2h2V6zm14 0H8v2h12V6zM4 11h2v2H4v-2zm16 0H8v2h12v-2zM4 16h2v2H4v-2zm16 0H8v2h12v-2z\" fill=\"currentColor\"><\/path><\/svg><svg style=\"fill: #999;color:#999\" class=\"arrow-unsorted-368013\" xmlns=\"http:\/\/www.w3.org\/2000\/svg\" width=\"10px\" height=\"10px\" viewBox=\"0 0 24 24\" version=\"1.2\" baseProfile=\"tiny\"><path d=\"M18.2 9.3l-6.2-6.3-6.2 6.3c-.2.2-.3.4-.3.7s.1.5.3.7c.2.2.4.3.7.3h11c.3 0 .5-.1.7-.3.2-.2.3-.5.3-.7s-.1-.5-.3-.7zM5.8 14.7l6.2 6.3 6.2-6.3c.2-.2.3-.5.3-.7s-.1-.5-.3-.7c-.2-.2-.4-.3-.7-.3h-11c-.3 0-.5.1-.7.3-.2.2-.3.5-.3.7s.1.5.3.7z\"\/><\/svg><\/span><\/span><\/span><\/a><\/span><\/div>\n<nav><ul class='ez-toc-list ez-toc-list-level-1 ' ><li class='ez-toc-page-1 ez-toc-heading-level-3'><a class=\"ez-toc-link ez-toc-heading-1\" href=\"https:\/\/www.mochileiros.com\/blog\/dicas-e-impressoes-sobre-a-prainha-branca-guaruja\/#Como_ir_saindo_de_SP\" >Como ir saindo de SP?<\/a><\/li><li class='ez-toc-page-1 ez-toc-heading-level-3'><a class=\"ez-toc-link ez-toc-heading-2\" href=\"https:\/\/www.mochileiros.com\/blog\/dicas-e-impressoes-sobre-a-prainha-branca-guaruja\/#Fiquei_no_Camping_da_Lica\" >Fiquei no Camping da Lica.<\/a><\/li><li class='ez-toc-page-1 ez-toc-heading-level-3'><a class=\"ez-toc-link ez-toc-heading-3\" href=\"https:\/\/www.mochileiros.com\/blog\/dicas-e-impressoes-sobre-a-prainha-branca-guaruja\/#Sobre_a_praia\" >Sobre a praia<\/a><\/li><li class='ez-toc-page-1 ez-toc-heading-level-3'><a class=\"ez-toc-link ez-toc-heading-4\" href=\"https:\/\/www.mochileiros.com\/blog\/dicas-e-impressoes-sobre-a-prainha-branca-guaruja\/#Infraestrutura\" >Infraestrutura<\/a><\/li><li class='ez-toc-page-1 ez-toc-heading-level-3'><a class=\"ez-toc-link ez-toc-heading-5\" href=\"https:\/\/www.mochileiros.com\/blog\/dicas-e-impressoes-sobre-a-prainha-branca-guaruja\/#Passeio_de_escuna\" >Passeio de escuna<\/a><\/li><li class='ez-toc-page-1 ez-toc-heading-level-3'><a class=\"ez-toc-link ez-toc-heading-6\" href=\"https:\/\/www.mochileiros.com\/blog\/dicas-e-impressoes-sobre-a-prainha-branca-guaruja\/#Dicas\" >Dicas<\/a><\/li><li class='ez-toc-page-1 ez-toc-heading-level-3'><a class=\"ez-toc-link ez-toc-heading-7\" href=\"https:\/\/www.mochileiros.com\/blog\/dicas-e-impressoes-sobre-a-prainha-branca-guaruja\/#Informacoes_adicionais\" >Informa\u00e7\u00f5es adicionais<\/a><\/li><\/ul><\/nav><\/div>\n<h3><span class=\"ez-toc-section\" id=\"Como_ir_saindo_de_SP\"><\/span>Como ir saindo de SP?<span class=\"ez-toc-section-end\"><\/span><\/h3>\n<p>1) Esta\u00e7\u00e3o Estudantes sai vans e \u00f4nibus para Bertioga (pre\u00e7o m\u00e9dio R$ 20,00\/25,00)<br \/>\n2) Terminal Tiet\u00ea tem \u00f4nibus saindo para Bertioga (pre\u00e7o m\u00e9dio 30,00)<br \/>\n3) Terminal Jabaquara tem \u00f4nibus saindo para Bertioga (pre\u00e7o m\u00e9dio 30,00)<br \/>\n4) Ir de carro, moto e afins.<\/p>\n<p>Ap\u00f3s pegar o \u00f4nibus (tempo de viagem de 1h30) e chegar em Bertioga h\u00e1 duas op\u00e7\u00f5es para chegar na Prainha Branca:<br \/>\n1) Pegar a balsa (gratuita para pedestres) e fazer a trilha pavimentada (tempo m\u00e9dio: 40min) OU,<br \/>\n2) Pegar o barco &#8211; R$ 15,00 por pessoa (tempo m\u00e9dio 10min) e ir direto para Prainha Branca.<\/p>\n<h3><a href=\"https:\/\/www.mochileiros.com\/blog\/wp-content\/uploads\/2017\/01\/15822595_10209778462516090_6973295153369150655_n.jpg\"><img loading=\"lazy\" decoding=\"async\" class=\"alignnone wp-image-21519 size-full\" src=\"https:\/\/www.mochileiros.com\/blog\/wp-content\/uploads\/2017\/01\/15822595_10209778462516090_6973295153369150655_n.jpg\" alt=\"prainha branca\" width=\"960\" height=\"172\" srcset=\"https:\/\/www.mochileiros.com\/blog\/wp-content\/uploads\/2017\/01\/15822595_10209778462516090_6973295153369150655_n.jpg 960w, https:\/\/www.mochileiros.com\/blog\/wp-content\/uploads\/2017\/01\/15822595_10209778462516090_6973295153369150655_n-300x54.jpg 300w, https:\/\/www.mochileiros.com\/blog\/wp-content\/uploads\/2017\/01\/15822595_10209778462516090_6973295153369150655_n-768x138.jpg 768w, https:\/\/www.mochileiros.com\/blog\/wp-content\/uploads\/2017\/01\/15822595_10209778462516090_6973295153369150655_n-313x56.jpg 313w, https:\/\/www.mochileiros.com\/blog\/wp-content\/uploads\/2017\/01\/15822595_10209778462516090_6973295153369150655_n-20x4.jpg 20w\" sizes=\"auto, (max-width: 960px) 100vw, 960px\" \/><\/a><\/h3>\n<h3><span class=\"ez-toc-section\" id=\"Fiquei_no_Camping_da_Lica\"><\/span>Fiquei no Camping da Lica.<span class=\"ez-toc-section-end\"><\/span><\/h3>\n<p>&#8211; N\u00e3o tem cozinha coletiva, mas tinha um fog\u00e3o do lado de fora.<br \/>\n&#8211; Tem 3 banheiros, todos de \u00e1gua gelada. Para banho quente pagar R$ 5,00.<br \/>\n&#8211; Valor da di\u00e1ria: R$ 50,00 por pessoa com aluguel de barraca + lona + colchonete.<\/p>\n<p>N\u00e3o conhe\u00e7o outros campings de l\u00e1, ficamos nesse porque era o \u00fanico que ainda tinha barracas para alugar.<\/p>\n<h3><span class=\"ez-toc-section\" id=\"Sobre_a_praia\"><\/span>Sobre a praia<span class=\"ez-toc-section-end\"><\/span><\/h3>\n<p>Estava cheia por ser ano novo, ficou suja \u00e9 claro&#8230; mas a \u00e1gua estava maravilhosa e curtimos muito.<\/p>\n<h3><a href=\"https:\/\/www.mochileiros.com\/blog\/wp-content\/uploads\/2017\/01\/15780722_10209778462636093_6545084794655250718_n.jpg\"><img loading=\"lazy\" decoding=\"async\" class=\"alignnone wp-image-21520 size-full\" src=\"https:\/\/www.mochileiros.com\/blog\/wp-content\/uploads\/2017\/01\/15780722_10209778462636093_6545084794655250718_n.jpg\" alt=\"Prainha branca\" width=\"960\" height=\"540\" srcset=\"https:\/\/www.mochileiros.com\/blog\/wp-content\/uploads\/2017\/01\/15780722_10209778462636093_6545084794655250718_n.jpg 960w, https:\/\/www.mochileiros.com\/blog\/wp-content\/uploads\/2017\/01\/15780722_10209778462636093_6545084794655250718_n-300x169.jpg 300w, https:\/\/www.mochileiros.com\/blog\/wp-content\/uploads\/2017\/01\/15780722_10209778462636093_6545084794655250718_n-768x432.jpg 768w, https:\/\/www.mochileiros.com\/blog\/wp-content\/uploads\/2017\/01\/15780722_10209778462636093_6545084794655250718_n-313x176.jpg 313w, https:\/\/www.mochileiros.com\/blog\/wp-content\/uploads\/2017\/01\/15780722_10209778462636093_6545084794655250718_n-20x11.jpg 20w\" sizes=\"auto, (max-width: 960px) 100vw, 960px\" \/><\/a><\/h3>\n<h3><span class=\"ez-toc-section\" id=\"Infraestrutura\"><\/span>Infraestrutura<span class=\"ez-toc-section-end\"><\/span><\/h3>\n<p>H\u00e1 diversos campings, a trilha \u00e9 pavimentada, tem barcos pra fazer a travessiva, mas os quiosques deixam a desejar, para tomar caf\u00e9 da manh\u00e3 e almo\u00e7ar demoramos em m\u00e9dia 2hrs. Muita fila, equipe mal organizada, demora, apenas uma atendente caixa em todos os quiosques\/restaurantes que fui. \u00c9 inacreditavel como est\u00e3o despreparados para atender periodos de alta demanda.<\/p>\n<h3><span class=\"ez-toc-section\" id=\"Passeio_de_escuna\"><\/span>Passeio de escuna<span class=\"ez-toc-section-end\"><\/span><\/h3>\n<p>Fizemos o passeio de escuna assim que chegamos em Bertioga, antes de ir pra Prainha Branca, custou R$ 25,00 por pessoa. H\u00e1 uma pausa de 15 minutos para que possamos nadar em alto mar e disponibilizam colete salva vidas para quem n\u00e3o sabe nadar. Curtimos bastante. Obs: Levamos bebidas em caixas t\u00e9rmicas e n\u00e3o houve problema algum em consumirmos l\u00e1 dentro do barco, atendimento da equipe da escuna nota 10! O passeio dura 1h30.<\/p>\n<p><a href=\"https:\/\/www.mochileiros.com\/blog\/wp-content\/uploads\/2017\/01\/15871852_10209778462756096_4096430429534733245_n.jpg\"><img loading=\"lazy\" decoding=\"async\" class=\"alignnone wp-image-21521 size-full\" src=\"https:\/\/www.mochileiros.com\/blog\/wp-content\/uploads\/2017\/01\/15871852_10209778462756096_4096430429534733245_n.jpg\" alt=\"prainha branca\" width=\"960\" height=\"720\" srcset=\"https:\/\/www.mochileiros.com\/blog\/wp-content\/uploads\/2017\/01\/15871852_10209778462756096_4096430429534733245_n.jpg 960w, https:\/\/www.mochileiros.com\/blog\/wp-content\/uploads\/2017\/01\/15871852_10209778462756096_4096430429534733245_n-300x225.jpg 300w, https:\/\/www.mochileiros.com\/blog\/wp-content\/uploads\/2017\/01\/15871852_10209778462756096_4096430429534733245_n-768x576.jpg 768w, https:\/\/www.mochileiros.com\/blog\/wp-content\/uploads\/2017\/01\/15871852_10209778462756096_4096430429534733245_n-313x235.jpg 313w, https:\/\/www.mochileiros.com\/blog\/wp-content\/uploads\/2017\/01\/15871852_10209778462756096_4096430429534733245_n-20x15.jpg 20w\" sizes=\"auto, (max-width: 960px) 100vw, 960px\" \/><\/a><\/p>\n<h3><span class=\"ez-toc-section\" id=\"Dicas\"><\/span>Dicas<span class=\"ez-toc-section-end\"><\/span><\/h3>\n<p>No primeiro dia s\u00f3 ficamos na Prainha Branca, no segundo dia fomos pra praia ao lado, a Prainha Preta e l\u00e1 \u00e9 muito melhor, tem menos ondas e pedras legais. Tem uma mini trilha pra chegar nela, ou se a mar\u00e9 estiver baixa d\u00e1 pra ir andando pela areia.<\/p>\n<p>\u2022 Pre\u00e7os M\u00e9dios das Comidas\/Servi\u00e7os \u2022<br \/>\n&#8211; Prato Feito: 20,00<br \/>\n&#8211; Refrigerante Latinha: 5,00<br \/>\n&#8211; Ducha: 3,00<br \/>\n&#8211; Caf\u00e9 da manh\u00e3: 10,00 (comi um p\u00e3o com salsicha, pur\u00ea e batata palha, um caf\u00e9 com leite e tomei uma \u00e1gua)<br \/>\n&#8211; Passeio de escuna: 25,00 por pessoa.<br \/>\n&#8211; Travessia de barco: 15,00 por pessoa.<br \/>\n&#8211; A\u00e7ai Grande: 15,00<\/p>\n<h3><span class=\"ez-toc-section\" id=\"Informacoes_adicionais\"><\/span>Informa\u00e7\u00f5es adicionais<span class=\"ez-toc-section-end\"><\/span><\/h3>\n<p>&#8211; A maioria dos quiosques aceita cart\u00e3o de d\u00e9bito e cr\u00e9dito. Por\u00e9m o camping onde ficamos n\u00e3o aceitava. \u00c9 bom andar com dinheiro porque o sinal das m\u00e1quinhas de cart\u00e3o \u00e9 horrivel.<br \/>\n&#8211; Nos feriados \u00e9 muito cheio, d\u00ea preferencia de ir fora do periodo de alta procura, voc\u00ea vai curtir mais.<br \/>\n&#8211; Pelo que percebi h\u00e1 diversos campings mas apenas uma pousada.<\/p>\n<p>Siga o Instagram da <a href=\"https:\/\/www.instagram.com\/cristinegranato\/\" target=\"_blank\" rel=\"noopener\">@CristineGranato<\/a><\/p>\n<p>Para coment\u00e1rios e mais informa\u00e7\u00f5es visite o post no grupo do Mochileiros.com em:<br \/>\n<a href=\"https:\/\/www.facebook.com\/groups\/mochileiroscom\/permalink\/10153956067157260\/\" target=\"_blank\" rel=\"noopener\">https:\/\/www.facebook.com\/groups\/mochileiroscom\/permalink\/10153956067157260\/<\/a><\/p>\n<p>Confira mais informa\u00e7\u00f5es sobre a <a href=\"https:\/\/www.mochileiros.com\/tags\/prainha%20branca\/\" target=\"_blank\" rel=\"noopener\">Prainha Branca<\/a> no Mochileiros.com.<\/p>\n","protected":false},"excerpt":{"rendered":"<p>Por\u00a0Cristine Granato Passei a virada de ano na Prainha Branca que fica no Guaruj\u00e1, acho valido compartilhar as informa\u00e7\u00f5es. Como ir saindo de SP? 1) Esta\u00e7\u00e3o Estudantes sai vans e \u00f4nibus para Bertioga (pre\u00e7o m\u00e9dio R$ 20,00\/25,00) 2) Terminal Tiet\u00ea tem \u00f4nibus saindo para Bertioga (pre\u00e7o m\u00e9dio 30,00) 3) Terminal Jabaquara tem \u00f4nibus saindo para [&hellip;]<\/p>\n","protected":false},"author":55,"featured_media":21522,"comment_status":"open","ping_status":"closed","sticky":false,"template":"","format":"standard","meta":{"googlesitekit_rrm_CAoiELM5mIOjYRN0nfylq3_9r-8:productID":"","_crdt_document":"","_daim_seo_power":"","_daim_enable_ail":"","footnotes":""},"categories":[1193],"tags":[2931,1370,1369,141],"class_list":["post-21518","post","type-post","status-publish","format-standard","has-post-thumbnail","hentry","category-brasil","tag-bertioga","tag-guaruja","tag-prainha-branca","tag-sao-paulo"],"_links":{"self":[{"href":"https:\/\/www.mochileiros.com\/blog\/wp-json\/wp\/v2\/posts\/21518","targetHints":{"allow":["GET"]}}],"collection":[{"href":"https:\/\/www.mochileiros.com\/blog\/wp-json\/wp\/v2\/posts"}],"about":[{"href":"https:\/\/www.mochileiros.com\/blog\/wp-json\/wp\/v2\/types\/post"}],"author":[{"embeddable":true,"href":"https:\/\/www.mochileiros.com\/blog\/wp-json\/wp\/v2\/users\/55"}],"replies":[{"embeddable":true,"href":"https:\/\/www.mochileiros.com\/blog\/wp-json\/wp\/v2\/comments?post=21518"}],"version-history":[{"count":0,"href":"https:\/\/www.mochileiros.com\/blog\/wp-json\/wp\/v2\/posts\/21518\/revisions"}],"wp:featuredmedia":[{"embeddable":true,"href":"https:\/\/www.mochileiros.com\/blog\/wp-json\/wp\/v2\/media\/21522"}],"wp:attachment":[{"href":"https:\/\/www.mochileiros.com\/blog\/wp-json\/wp\/v2\/media?parent=21518"}],"wp:term":[{"taxonomy":"category","embeddable":true,"href":"https:\/\/www.mochileiros.com\/blog\/wp-json\/wp\/v2\/categories?post=21518"},{"taxonomy":"post_tag","embeddable":true,"href":"https:\/\/www.mochileiros.com\/blog\/wp-json\/wp\/v2\/tags?post=21518"}],"curies":[{"name":"wp","href":"https:\/\/api.w.org\/{rel}","templated":true}]}}