{"id":22505,"date":"2017-01-25T17:11:22","date_gmt":"2017-01-25T20:11:22","guid":{"rendered":"https:\/\/www.mochileiros.com\/blog\/?p=22505"},"modified":"2017-01-25T17:19:03","modified_gmt":"2017-01-25T20:19:03","slug":"casal-viaja-america-do-sul-de-kombi-com-sua-cachorrinha","status":"publish","type":"post","link":"https:\/\/www.mochileiros.com\/blog\/casal-viaja-america-do-sul-de-kombi-com-sua-cachorrinha","title":{"rendered":"Casal viaja Am\u00e9rica do Sul de Kombi com sua cachorrinha"},"content":{"rendered":"<p style=\"text-align: left;\">O trio Salvador, Carolina e Carica est\u00e1 a bordo de uma Kombi furg\u00e3o adaptada desbravando a Am\u00e9rica do Sul desde dezembro de 2016 captando imagens \u00fanicas com um drone, um dos trabalhos que garantem renda \u00e0 expedi\u00e7\u00e3o que chamaram de Margarita.<br \/>\nSalvador Costas \u00e9 espanhol, Carolina Bello, brasileira e Carica, \u00e9 uma simp\u00e1tica cachorrinha que foi resgatada das ruas por eles na cidade fluminense de Niter\u00f3i. O casal que se conheceu em Londres, partiu de Ribeir\u00e3o Preto, no interior de S\u00e3o Paulo e pretende completar a jornada pela Am\u00e9rica do Sul em um ano.<br \/>\nCarolina conta que juntos eles est\u00e3o aproveitando ao m\u00e1ximo o novo estilo de vida e que nos destinos cada um tem um interesse especial: &#8220;Salva [Salvador] quer explorar bem a maioria dos pontos de mergulho. Eu quero conhecer as festas tradicionais para imergir na cultura das vilas e a Carica quer nadar em todos os lagos e correr pelos campos que encontrarmos&#8221;, comenta animada a viajante.<br \/>\nPara saber mais desta hist\u00f3ria e acompanhar a viagem do trio (dos preparativos da Kombi a fotos, dicas e informa\u00e7\u00f5es) siga a p\u00e1gina <a href=\"https:\/\/www.facebook.com\/expedicaomargarita\/\" target=\"_blank\" rel=\"noopener\">Expedi\u00e7\u00e3o Margarita<\/a> no Facebook.<\/p>\n<div id=\"attachment_22520\" style=\"width: 862px\" class=\"wp-caption aligncenter\"><a href=\"https:\/\/www.mochileiros.com\/blog\/blog\/casal-viaja-america-do-sul-de-kombi-com-sua-cachorrinha\/attachment\/margarita00\" rel=\"attachment wp-att-22520\"><img loading=\"lazy\" decoding=\"async\" aria-describedby=\"caption-attachment-22520\" class=\"size-full wp-image-22520\" src=\"https:\/\/www.mochileiros.com\/blog\/wp-content\/uploads\/2017\/01\/margarita00.jpg\" alt=\"\" width=\"852\" height=\"852\" srcset=\"https:\/\/www.mochileiros.com\/blog\/wp-content\/uploads\/2017\/01\/margarita00.jpg 852w, https:\/\/www.mochileiros.com\/blog\/wp-content\/uploads\/2017\/01\/margarita00-300x300.jpg 300w, https:\/\/www.mochileiros.com\/blog\/wp-content\/uploads\/2017\/01\/margarita00-1024x1024.jpg 1024w, https:\/\/www.mochileiros.com\/blog\/wp-content\/uploads\/2017\/01\/margarita00-150x150.jpg 150w, https:\/\/www.mochileiros.com\/blog\/wp-content\/uploads\/2017\/01\/margarita00-768x768.jpg 768w, https:\/\/www.mochileiros.com\/blog\/wp-content\/uploads\/2017\/01\/margarita00-1536x1536.jpg 1536w, https:\/\/www.mochileiros.com\/blog\/wp-content\/uploads\/2017\/01\/margarita00-2048x2048.jpg 2048w, https:\/\/www.mochileiros.com\/blog\/wp-content\/uploads\/2017\/01\/margarita00-100x100.jpg 100w, https:\/\/www.mochileiros.com\/blog\/wp-content\/uploads\/2017\/01\/margarita00-350x350.jpg 350w, https:\/\/www.mochileiros.com\/blog\/wp-content\/uploads\/2017\/01\/margarita00-788x788.jpg 788w, https:\/\/www.mochileiros.com\/blog\/wp-content\/uploads\/2017\/01\/margarita00-80x80.jpg 80w, https:\/\/www.mochileiros.com\/blog\/wp-content\/uploads\/2017\/01\/margarita00-313x313.jpg 313w, https:\/\/www.mochileiros.com\/blog\/wp-content\/uploads\/2017\/01\/margarita00-20x20.jpg 20w\" sizes=\"auto, (max-width: 852px) 100vw, 852px\" \/><\/a><p id=\"caption-attachment-22520\" class=\"wp-caption-text\">Carica, Salva, Carol e a Kombi | Foto: Reprodu\u00e7\u00e3o Facebook.<\/p><\/div>\n<div id=\"attachment_22522\" style=\"width: 970px\" class=\"wp-caption aligncenter\"><a href=\"https:\/\/www.mochileiros.com\/blog\/blog\/casal-viaja-america-do-sul-de-kombi-com-sua-cachorrinha\/attachment\/margarita01\" rel=\"attachment wp-att-22522\"><img loading=\"lazy\" decoding=\"async\" aria-describedby=\"caption-attachment-22522\" class=\"size-full wp-image-22522\" src=\"https:\/\/www.mochileiros.com\/blog\/wp-content\/uploads\/2017\/01\/margarita01.jpg\" alt=\"\" width=\"960\" height=\"640\" srcset=\"https:\/\/www.mochileiros.com\/blog\/wp-content\/uploads\/2017\/01\/margarita01.jpg 960w, https:\/\/www.mochileiros.com\/blog\/wp-content\/uploads\/2017\/01\/margarita01-300x200.jpg 300w, https:\/\/www.mochileiros.com\/blog\/wp-content\/uploads\/2017\/01\/margarita01-768x512.jpg 768w, https:\/\/www.mochileiros.com\/blog\/wp-content\/uploads\/2017\/01\/margarita01-313x209.jpg 313w, https:\/\/www.mochileiros.com\/blog\/wp-content\/uploads\/2017\/01\/margarita01-20x13.jpg 20w\" sizes=\"auto, (max-width: 960px) 100vw, 960px\" \/><\/a><p id=\"caption-attachment-22522\" class=\"wp-caption-text\">Mergulhos, festas tradicionais e belas paisagens pelo caminho da expedi\u00e7\u00e3o | Foto: Reprodu\u00e7\u00e3o Facebook.<\/p><\/div>\n<div id=\"attachment_22523\" style=\"width: 970px\" class=\"wp-caption aligncenter\"><a href=\"https:\/\/www.mochileiros.com\/blog\/blog\/casal-viaja-america-do-sul-de-kombi-com-sua-cachorrinha\/attachment\/margarita02\" rel=\"attachment wp-att-22523\"><img loading=\"lazy\" decoding=\"async\" aria-describedby=\"caption-attachment-22523\" class=\"size-full wp-image-22523\" src=\"https:\/\/www.mochileiros.com\/blog\/wp-content\/uploads\/2017\/01\/margarita02.jpg\" alt=\"\" width=\"960\" height=\"640\" srcset=\"https:\/\/www.mochileiros.com\/blog\/wp-content\/uploads\/2017\/01\/margarita02.jpg 960w, https:\/\/www.mochileiros.com\/blog\/wp-content\/uploads\/2017\/01\/margarita02-300x200.jpg 300w, https:\/\/www.mochileiros.com\/blog\/wp-content\/uploads\/2017\/01\/margarita02-768x512.jpg 768w, https:\/\/www.mochileiros.com\/blog\/wp-content\/uploads\/2017\/01\/margarita02-313x209.jpg 313w, https:\/\/www.mochileiros.com\/blog\/wp-content\/uploads\/2017\/01\/margarita02-20x13.jpg 20w\" sizes=\"auto, (max-width: 960px) 100vw, 960px\" \/><\/a><p id=\"caption-attachment-22523\" class=\"wp-caption-text\">Carica foi resgatada das ruas por Carolina e Salvador | Foto: Reprodu\u00e7\u00e3o Facebook.<\/p><\/div>\n<div id=\"attachment_22524\" style=\"width: 970px\" class=\"wp-caption aligncenter\"><a href=\"https:\/\/www.mochileiros.com\/blog\/blog\/casal-viaja-america-do-sul-de-kombi-com-sua-cachorrinha\/attachment\/margarita05\" rel=\"attachment wp-att-22524\"><img loading=\"lazy\" decoding=\"async\" aria-describedby=\"caption-attachment-22524\" class=\"size-full wp-image-22524\" src=\"https:\/\/www.mochileiros.com\/blog\/wp-content\/uploads\/2017\/01\/margarita05.jpg\" alt=\"\" width=\"960\" height=\"640\" srcset=\"https:\/\/www.mochileiros.com\/blog\/wp-content\/uploads\/2017\/01\/margarita05.jpg 960w, https:\/\/www.mochileiros.com\/blog\/wp-content\/uploads\/2017\/01\/margarita05-300x200.jpg 300w, https:\/\/www.mochileiros.com\/blog\/wp-content\/uploads\/2017\/01\/margarita05-768x512.jpg 768w, https:\/\/www.mochileiros.com\/blog\/wp-content\/uploads\/2017\/01\/margarita05-313x209.jpg 313w, https:\/\/www.mochileiros.com\/blog\/wp-content\/uploads\/2017\/01\/margarita05-20x13.jpg 20w\" sizes=\"auto, (max-width: 960px) 100vw, 960px\" \/><\/a><p id=\"caption-attachment-22524\" class=\"wp-caption-text\">Casal colocou a m\u00e3o na massa para transformar a Kombi em seu novo lar | Foto: Reprodu\u00e7\u00e3o Facebook.<\/p><\/div>\n","protected":false},"excerpt":{"rendered":"<p>O trio Salvador, Carolina e Carica est\u00e1 a bordo de uma Kombi furg\u00e3o adaptada desbravando a Am\u00e9rica do Sul desde dezembro de 2016 captando imagens \u00fanicas com um drone, um dos trabalhos que garantem renda \u00e0 expedi\u00e7\u00e3o que chamaram de Margarita. Salvador Costas \u00e9 espanhol, Carolina Bello, brasileira e Carica, \u00e9 uma simp\u00e1tica cachorrinha que [&hellip;]<\/p>\n","protected":false},"author":2,"featured_media":22520,"comment_status":"open","ping_status":"closed","sticky":false,"template":"","format":"standard","meta":{"googlesitekit_rrm_CAoiELM5mIOjYRN0nfylq3_9r-8:productID":"","_crdt_document":"","_daim_seo_power":"","_daim_enable_ail":"","footnotes":""},"categories":[168],"tags":[1206,1071,1365,1282],"class_list":["post-22505","post","type-post","status-publish","format-standard","has-post-thumbnail","hentry","category-blog","tag-historias-inspiradoras","tag-road-trip","tag-vanlife","tag-viajar-de-kombi"],"_links":{"self":[{"href":"https:\/\/www.mochileiros.com\/blog\/wp-json\/wp\/v2\/posts\/22505","targetHints":{"allow":["GET"]}}],"collection":[{"href":"https:\/\/www.mochileiros.com\/blog\/wp-json\/wp\/v2\/posts"}],"about":[{"href":"https:\/\/www.mochileiros.com\/blog\/wp-json\/wp\/v2\/types\/post"}],"author":[{"embeddable":true,"href":"https:\/\/www.mochileiros.com\/blog\/wp-json\/wp\/v2\/users\/2"}],"replies":[{"embeddable":true,"href":"https:\/\/www.mochileiros.com\/blog\/wp-json\/wp\/v2\/comments?post=22505"}],"version-history":[{"count":0,"href":"https:\/\/www.mochileiros.com\/blog\/wp-json\/wp\/v2\/posts\/22505\/revisions"}],"wp:featuredmedia":[{"embeddable":true,"href":"https:\/\/www.mochileiros.com\/blog\/wp-json\/wp\/v2\/media\/22520"}],"wp:attachment":[{"href":"https:\/\/www.mochileiros.com\/blog\/wp-json\/wp\/v2\/media?parent=22505"}],"wp:term":[{"taxonomy":"category","embeddable":true,"href":"https:\/\/www.mochileiros.com\/blog\/wp-json\/wp\/v2\/categories?post=22505"},{"taxonomy":"post_tag","embeddable":true,"href":"https:\/\/www.mochileiros.com\/blog\/wp-json\/wp\/v2\/tags?post=22505"}],"curies":[{"name":"wp","href":"https:\/\/api.w.org\/{rel}","templated":true}]}}