{"id":23165,"date":"2017-02-20T13:46:24","date_gmt":"2017-02-20T16:46:24","guid":{"rendered":"https:\/\/www.mochileiros.com\/blog\/?p=23165"},"modified":"2017-02-20T13:46:26","modified_gmt":"2017-02-20T16:46:26","slug":"casal-viaja-pelo-mundo-alimentando-caes-de-rua","status":"publish","type":"post","link":"https:\/\/www.mochileiros.com\/blog\/casal-viaja-pelo-mundo-alimentando-caes-de-rua","title":{"rendered":"Casal viaja pelo mundo alimentando c\u00e3es de rua"},"content":{"rendered":"<p style=\"text-align: left;\">Os paulistas S\u00e9rgio Medeiros e Eleni Alvejan est\u00e3o desde 2015 na estrada ajudando animais abandonados que encontram pelo caminho. Trata-se do projeto &#8220;Mundo c\u00e3o&#8221;.<br \/>\nPara concretizar o sonho de viajar o mundo ajudando os animais, eles\u00a0venderam seus pertences, deixaram seus trabalhos convencionais e alugaram sua casa no ABC paulista e partiram rumo ao Alasca.<br \/>\nAntes disso, durante sete anos eles prestaram assist\u00eancia volunt\u00e1ria aos moradores em situa\u00e7\u00e3o de rua do ABC, regi\u00e3o onde nasceram e viveram. &#8220;Numa pequena a\u00e7\u00e3o entre amigos, lev\u00e1vamos roupas, cobertores, lanches e caf\u00e9 com leite todas as manh\u00e3s de domingo&#8221;, contam no blog do projeto. Na vida dos moradores viram tamb\u00e9m seus fi\u00e9is companheiros de luta, os cachorros e decidiram ent\u00e3o come\u00e7ar a alimentar os bichinhos tamb\u00e9m. Assim surgiu o projeto, a\u00e7\u00e3o que no ABC segue com os pais do S\u00e9rgio.<\/p>\n<div id=\"attachment_23170\" style=\"width: 970px\" class=\"wp-caption aligncenter\"><a href=\"https:\/\/www.mochileiros.com\/blog\/mundocao03\"><img loading=\"lazy\" decoding=\"async\" aria-describedby=\"caption-attachment-23170\" class=\"size-full wp-image-23170\" src=\"https:\/\/www.mochileiros.com\/blog\/wp-content\/uploads\/2017\/02\/mundocao03.jpg\" alt=\"\" width=\"960\" height=\"642\" srcset=\"https:\/\/www.mochileiros.com\/blog\/wp-content\/uploads\/2017\/02\/mundocao03.jpg 960w, https:\/\/www.mochileiros.com\/blog\/wp-content\/uploads\/2017\/02\/mundocao03-300x201.jpg 300w, https:\/\/www.mochileiros.com\/blog\/wp-content\/uploads\/2017\/02\/mundocao03-768x514.jpg 768w, https:\/\/www.mochileiros.com\/blog\/wp-content\/uploads\/2017\/02\/mundocao03-313x209.jpg 313w, https:\/\/www.mochileiros.com\/blog\/wp-content\/uploads\/2017\/02\/mundocao03-20x13.jpg 20w\" sizes=\"auto, (max-width: 960px) 100vw, 960px\" \/><\/a><p id=\"caption-attachment-23170\" class=\"wp-caption-text\">&#8220;Coloque amor e alimento&#8221;. Mais do que sair alimentando os animais, projeto faz o alerta da necess\u00e1ria aten\u00e7\u00e3o ao problema dos animais abandonados | Foto: Projeto Mundo C\u00e3o.<\/p><\/div>\n<div id=\"attachment_23172\" style=\"width: 970px\" class=\"wp-caption aligncenter\"><a href=\"https:\/\/www.mochileiros.com\/blog\/mundocao01\"><img loading=\"lazy\" decoding=\"async\" aria-describedby=\"caption-attachment-23172\" class=\"size-full wp-image-23172\" src=\"https:\/\/www.mochileiros.com\/blog\/wp-content\/uploads\/2017\/02\/mundocao01.jpg\" alt=\"\" width=\"960\" height=\"640\" srcset=\"https:\/\/www.mochileiros.com\/blog\/wp-content\/uploads\/2017\/02\/mundocao01.jpg 960w, https:\/\/www.mochileiros.com\/blog\/wp-content\/uploads\/2017\/02\/mundocao01-300x200.jpg 300w, https:\/\/www.mochileiros.com\/blog\/wp-content\/uploads\/2017\/02\/mundocao01-768x512.jpg 768w, https:\/\/www.mochileiros.com\/blog\/wp-content\/uploads\/2017\/02\/mundocao01-313x209.jpg 313w, https:\/\/www.mochileiros.com\/blog\/wp-content\/uploads\/2017\/02\/mundocao01-20x13.jpg 20w\" sizes=\"auto, (max-width: 960px) 100vw, 960px\" \/><\/a><p id=\"caption-attachment-23172\" class=\"wp-caption-text\">Foto: Projeto Mundo C\u00e3o.<\/p><\/div>\n<div id=\"attachment_23171\" style=\"width: 970px\" class=\"wp-caption aligncenter\"><a href=\"https:\/\/www.mochileiros.com\/blog\/mundocao02\"><img loading=\"lazy\" decoding=\"async\" aria-describedby=\"caption-attachment-23171\" class=\"size-full wp-image-23171\" src=\"https:\/\/www.mochileiros.com\/blog\/wp-content\/uploads\/2017\/02\/mundocao02.jpg\" alt=\"\" width=\"960\" height=\"720\" srcset=\"https:\/\/www.mochileiros.com\/blog\/wp-content\/uploads\/2017\/02\/mundocao02.jpg 960w, https:\/\/www.mochileiros.com\/blog\/wp-content\/uploads\/2017\/02\/mundocao02-300x225.jpg 300w, https:\/\/www.mochileiros.com\/blog\/wp-content\/uploads\/2017\/02\/mundocao02-768x576.jpg 768w, https:\/\/www.mochileiros.com\/blog\/wp-content\/uploads\/2017\/02\/mundocao02-313x235.jpg 313w, https:\/\/www.mochileiros.com\/blog\/wp-content\/uploads\/2017\/02\/mundocao02-20x15.jpg 20w\" sizes=\"auto, (max-width: 960px) 100vw, 960px\" \/><\/a><p id=\"caption-attachment-23171\" class=\"wp-caption-text\">A turminha \u00e0 espera de carinho e comida | Foto: Projeto Mundo C\u00e3o.<\/p><\/div>\n<div id=\"attachment_23168\" style=\"width: 970px\" class=\"wp-caption aligncenter\"><a href=\"https:\/\/www.mochileiros.com\/blog\/mundocao05\"><img loading=\"lazy\" decoding=\"async\" aria-describedby=\"caption-attachment-23168\" class=\"size-full wp-image-23168\" src=\"https:\/\/www.mochileiros.com\/blog\/wp-content\/uploads\/2017\/02\/mundocao05.jpg\" alt=\"\" width=\"960\" height=\"720\" srcset=\"https:\/\/www.mochileiros.com\/blog\/wp-content\/uploads\/2017\/02\/mundocao05.jpg 960w, https:\/\/www.mochileiros.com\/blog\/wp-content\/uploads\/2017\/02\/mundocao05-300x225.jpg 300w, https:\/\/www.mochileiros.com\/blog\/wp-content\/uploads\/2017\/02\/mundocao05-768x576.jpg 768w, https:\/\/www.mochileiros.com\/blog\/wp-content\/uploads\/2017\/02\/mundocao05-313x235.jpg 313w, https:\/\/www.mochileiros.com\/blog\/wp-content\/uploads\/2017\/02\/mundocao05-20x15.jpg 20w\" sizes=\"auto, (max-width: 960px) 100vw, 960px\" \/><\/a><p id=\"caption-attachment-23168\" class=\"wp-caption-text\">O carro adaptado, chamado pelo casal de Mundrunga \u00e9 a &#8220;casa&#8221; do projeto | Foto: Projeto Mundo C\u00e3o.<\/p><\/div>\n<p style=\"text-align: left;\">Eleni e S\u00e9rgio seguem\u00a0espalhando cuidado e amor al\u00e9m fronteiras. Inicialmente, o casal partiu para uma viagem de 30 dias, em 2013. Foram 15.000Km pelo Brasil, Argentina e Chile. Junto com as roupas, panelas e m\u00e1quinas fotogr\u00e1ficas levaram um saco de ra\u00e7\u00e3o. Quando voltaram tiveram a certeza de que era isso que buscavam para suas vidas. Trabalharam por mais um ano, fizeram adapta\u00e7\u00f5es no carro e em 2015 \u00e9 que partiram rumo ao Alasca. J\u00e1 passaram por 17 pa\u00edses, perderam a conta de quantos cachorros encontraram e o quanto de ra\u00e7\u00e3o compraram; fizeram trabalhos volunt\u00e1rios em associa\u00e7\u00f5es protetoras e com protetores independentes. &#8220;Experi\u00eancias inesquec\u00edveis e indescrit\u00edveis dessa jornada&#8221;, avaliam. A gente n\u00e3o duvida.<\/p>\n<div id=\"attachment_23169\" style=\"width: 550px\" class=\"wp-caption aligncenter\"><a href=\"https:\/\/www.mochileiros.com\/blog\/mundocao04\"><img loading=\"lazy\" decoding=\"async\" aria-describedby=\"caption-attachment-23169\" class=\"size-full wp-image-23169\" src=\"https:\/\/www.mochileiros.com\/blog\/wp-content\/uploads\/2017\/02\/mundocao04.jpg\" alt=\"\" width=\"540\" height=\"960\" srcset=\"https:\/\/www.mochileiros.com\/blog\/wp-content\/uploads\/2017\/02\/mundocao04.jpg 540w, https:\/\/www.mochileiros.com\/blog\/wp-content\/uploads\/2017\/02\/mundocao04-169x300.jpg 169w, https:\/\/www.mochileiros.com\/blog\/wp-content\/uploads\/2017\/02\/mundocao04-313x556.jpg 313w, https:\/\/www.mochileiros.com\/blog\/wp-content\/uploads\/2017\/02\/mundocao04-11x20.jpg 11w\" sizes=\"auto, (max-width: 540px) 100vw, 540px\" \/><\/a><p id=\"caption-attachment-23169\" class=\"wp-caption-text\">Olha essa carinha! | Foto: Projeto Mundo C\u00e3o.<\/p><\/div>\n<p style=\"text-align: left;\">O projeto continua e deve contemplar num futuro pr\u00f3ximo, a \u00c1frica, o Oriente M\u00e9dio e a \u00c1sia.<br \/>\nConhe\u00e7a mais sobre a hist\u00f3ria deles e sobre o projeto no <a href=\"http:\/\/projetomundocao.com.br\/site\/\" target=\"_blank\" rel=\"noopener\">blog<\/a>, no <a href=\"https:\/\/www.youtube.com\/channel\/UCsaxKeUVhgnsEicjsRkNHxA\" target=\"_blank\" rel=\"noopener\">canal no YouTube<\/a>\u00a0e na p\u00e1gina no\u00a0<a href=\"https:\/\/www.facebook.com\/projetomundocao\/\" target=\"_blank\" rel=\"noopener\">Facebook<\/a>.<\/p>\n","protected":false},"excerpt":{"rendered":"<p>Os paulistas S\u00e9rgio Medeiros e Eleni Alvejan est\u00e3o desde 2015 na estrada ajudando animais abandonados que encontram pelo caminho. Trata-se do projeto &#8220;Mundo c\u00e3o&#8221;. Para concretizar o sonho de viajar o mundo ajudando os animais, eles\u00a0venderam seus pertences, deixaram seus trabalhos convencionais e alugaram sua casa no ABC paulista e partiram rumo ao Alasca. Antes [&hellip;]<\/p>\n","protected":false},"author":2,"featured_media":23173,"comment_status":"open","ping_status":"closed","sticky":false,"template":"","format":"standard","meta":{"googlesitekit_rrm_CAoiELM5mIOjYRN0nfylq3_9r-8:productID":"","_crdt_document":"","_daim_seo_power":"","_daim_enable_ail":"","footnotes":""},"categories":[168],"tags":[1206,1365],"class_list":["post-23165","post","type-post","status-publish","format-standard","has-post-thumbnail","hentry","category-blog","tag-historias-inspiradoras","tag-vanlife"],"_links":{"self":[{"href":"https:\/\/www.mochileiros.com\/blog\/wp-json\/wp\/v2\/posts\/23165","targetHints":{"allow":["GET"]}}],"collection":[{"href":"https:\/\/www.mochileiros.com\/blog\/wp-json\/wp\/v2\/posts"}],"about":[{"href":"https:\/\/www.mochileiros.com\/blog\/wp-json\/wp\/v2\/types\/post"}],"author":[{"embeddable":true,"href":"https:\/\/www.mochileiros.com\/blog\/wp-json\/wp\/v2\/users\/2"}],"replies":[{"embeddable":true,"href":"https:\/\/www.mochileiros.com\/blog\/wp-json\/wp\/v2\/comments?post=23165"}],"version-history":[{"count":0,"href":"https:\/\/www.mochileiros.com\/blog\/wp-json\/wp\/v2\/posts\/23165\/revisions"}],"wp:featuredmedia":[{"embeddable":true,"href":"https:\/\/www.mochileiros.com\/blog\/wp-json\/wp\/v2\/media\/23173"}],"wp:attachment":[{"href":"https:\/\/www.mochileiros.com\/blog\/wp-json\/wp\/v2\/media?parent=23165"}],"wp:term":[{"taxonomy":"category","embeddable":true,"href":"https:\/\/www.mochileiros.com\/blog\/wp-json\/wp\/v2\/categories?post=23165"},{"taxonomy":"post_tag","embeddable":true,"href":"https:\/\/www.mochileiros.com\/blog\/wp-json\/wp\/v2\/tags?post=23165"}],"curies":[{"name":"wp","href":"https:\/\/api.w.org\/{rel}","templated":true}]}}