{"id":23297,"date":"2017-03-01T13:03:22","date_gmt":"2017-03-01T16:03:22","guid":{"rendered":"https:\/\/www.mochileiros.com\/blog\/?p=23297"},"modified":"2017-03-01T13:03:51","modified_gmt":"2017-03-01T16:03:51","slug":"serie-mostra-monumentos-mais-famosos-do-mundo-sob-outro-angulo","status":"publish","type":"post","link":"https:\/\/www.mochileiros.com\/blog\/serie-mostra-monumentos-mais-famosos-do-mundo-sob-outro-angulo","title":{"rendered":"S\u00e9rie mostra monumentos mais famosos do mundo sob outro \u00e2ngulo"},"content":{"rendered":"<p><a href=\"https:\/\/www.infopedia.pt\/dicionarios\/lingua-portuguesa\/volte-face\" target=\"_blank\" rel=\"noopener\">&#8220;Volte-face&#8221;<\/a>, s\u00e9rie fotogr\u00e1fica de Oliver Curtis desvia o olhar do assunto principal e mostra o que h\u00e1 ao redor dos mais famosos monumentos do mundo.<br \/>\nCurtis come\u00e7ou a obra em 2012 quando visitou as pir\u00e2mides de Giz\u00e9 e, ao voltar seu olhar para o &#8220;resto&#8221; encantou-se com o que viu.<br \/>\nAl\u00e9m do \u00f3bvio? A gente achou interessante dividir com voc\u00ea.<\/p>\n<h3>Confira algumas fotos da s\u00e9rie:<\/h3>\n<div id=\"attachment_23299\" style=\"width: 1011px\" class=\"wp-caption aligncenter\"><a href=\"https:\/\/www.mochileiros.com\/blog\/blog\/serie-mostra-monumentos-mais-famosos-do-mundo-sob-outro-angulo\/attachment\/voltface_lenin\" rel=\"attachment wp-att-23299\"><img loading=\"lazy\" decoding=\"async\" aria-describedby=\"caption-attachment-23299\" class=\"size-full wp-image-23299\" src=\"https:\/\/www.mochileiros.com\/blog\/wp-content\/uploads\/2017\/03\/voltface_lenin.jpg\" alt=\"\" width=\"1001\" height=\"667\" srcset=\"https:\/\/www.mochileiros.com\/blog\/wp-content\/uploads\/2017\/03\/voltface_lenin.jpg 1001w, https:\/\/www.mochileiros.com\/blog\/wp-content\/uploads\/2017\/03\/voltface_lenin-300x200.jpg 300w, https:\/\/www.mochileiros.com\/blog\/wp-content\/uploads\/2017\/03\/voltface_lenin-768x512.jpg 768w, https:\/\/www.mochileiros.com\/blog\/wp-content\/uploads\/2017\/03\/voltface_lenin-313x209.jpg 313w, https:\/\/www.mochileiros.com\/blog\/wp-content\/uploads\/2017\/03\/voltface_lenin-20x13.jpg 20w\" sizes=\"auto, (max-width: 1001px) 100vw, 1001px\" \/><\/a><p id=\"caption-attachment-23299\" class=\"wp-caption-text\">Mausol\u00e9u de Lenin em Moscou | Foto: Oliver Curtis.<\/p><\/div>\n<div id=\"attachment_23298\" style=\"width: 734px\" class=\"wp-caption aligncenter\"><a href=\"https:\/\/www.mochileiros.com\/blog\/blog\/serie-mostra-monumentos-mais-famosos-do-mundo-sob-outro-angulo\/attachment\/voltface_estatuadaliberdade\" rel=\"attachment wp-att-23298\"><img loading=\"lazy\" decoding=\"async\" aria-describedby=\"caption-attachment-23298\" class=\"size-full wp-image-23298\" src=\"https:\/\/www.mochileiros.com\/blog\/wp-content\/uploads\/2017\/03\/voltface_estatuadaliberdade.jpg\" alt=\"\" width=\"724\" height=\"483\" srcset=\"https:\/\/www.mochileiros.com\/blog\/wp-content\/uploads\/2017\/03\/voltface_estatuadaliberdade.jpg 724w, https:\/\/www.mochileiros.com\/blog\/wp-content\/uploads\/2017\/03\/voltface_estatuadaliberdade-300x200.jpg 300w, https:\/\/www.mochileiros.com\/blog\/wp-content\/uploads\/2017\/03\/voltface_estatuadaliberdade-313x209.jpg 313w, https:\/\/www.mochileiros.com\/blog\/wp-content\/uploads\/2017\/03\/voltface_estatuadaliberdade-20x13.jpg 20w\" sizes=\"auto, (max-width: 724px) 100vw, 724px\" \/><\/a><p id=\"caption-attachment-23298\" class=\"wp-caption-text\">Est\u00e1tua da Liberdade | Foto: Oliver Curtis.<\/p><\/div>\n<div id=\"attachment_23300\" style=\"width: 890px\" class=\"wp-caption aligncenter\"><a href=\"https:\/\/www.mochileiros.com\/blog\/blog\/serie-mostra-monumentos-mais-famosos-do-mundo-sob-outro-angulo\/attachment\/voltface_mausoleodemao\" rel=\"attachment wp-att-23300\"><img loading=\"lazy\" decoding=\"async\" aria-describedby=\"caption-attachment-23300\" class=\"size-full wp-image-23300\" src=\"https:\/\/www.mochileiros.com\/blog\/wp-content\/uploads\/2017\/03\/voltface_mausoleodemao.jpg\" alt=\"\" width=\"880\" height=\"586\" srcset=\"https:\/\/www.mochileiros.com\/blog\/wp-content\/uploads\/2017\/03\/voltface_mausoleodemao.jpg 880w, https:\/\/www.mochileiros.com\/blog\/wp-content\/uploads\/2017\/03\/voltface_mausoleodemao-300x200.jpg 300w, https:\/\/www.mochileiros.com\/blog\/wp-content\/uploads\/2017\/03\/voltface_mausoleodemao-768x511.jpg 768w, https:\/\/www.mochileiros.com\/blog\/wp-content\/uploads\/2017\/03\/voltface_mausoleodemao-313x208.jpg 313w, https:\/\/www.mochileiros.com\/blog\/wp-content\/uploads\/2017\/03\/voltface_mausoleodemao-20x13.jpg 20w\" sizes=\"auto, (max-width: 880px) 100vw, 880px\" \/><\/a><p id=\"caption-attachment-23300\" class=\"wp-caption-text\">Mausol\u00e9u de Mao Ts\u00e9-Tung, na China | Foto: Oliver Curtis.<\/p><\/div>\n<div id=\"attachment_23301\" style=\"width: 734px\" class=\"wp-caption aligncenter\"><a href=\"https:\/\/www.mochileiros.com\/blog\/blog\/serie-mostra-monumentos-mais-famosos-do-mundo-sob-outro-angulo\/attachment\/voltface_monalisa\" rel=\"attachment wp-att-23301\"><img loading=\"lazy\" decoding=\"async\" aria-describedby=\"caption-attachment-23301\" class=\"size-full wp-image-23301\" src=\"https:\/\/www.mochileiros.com\/blog\/wp-content\/uploads\/2017\/03\/voltface_monalisa.jpg\" alt=\"\" width=\"724\" height=\"483\" srcset=\"https:\/\/www.mochileiros.com\/blog\/wp-content\/uploads\/2017\/03\/voltface_monalisa.jpg 724w, https:\/\/www.mochileiros.com\/blog\/wp-content\/uploads\/2017\/03\/voltface_monalisa-300x200.jpg 300w, https:\/\/www.mochileiros.com\/blog\/wp-content\/uploads\/2017\/03\/voltface_monalisa-313x209.jpg 313w, https:\/\/www.mochileiros.com\/blog\/wp-content\/uploads\/2017\/03\/voltface_monalisa-20x13.jpg 20w\" sizes=\"auto, (max-width: 724px) 100vw, 724px\" \/><\/a><p id=\"caption-attachment-23301\" class=\"wp-caption-text\">Monalisa, no Louvre | Foto: Oliver Curtis.<\/p><\/div>\n<div id=\"attachment_23302\" style=\"width: 734px\" class=\"wp-caption aligncenter\"><a href=\"https:\/\/www.mochileiros.com\/blog\/blog\/serie-mostra-monumentos-mais-famosos-do-mundo-sob-outro-angulo\/attachment\/voltface_murodaslamentacoes\" rel=\"attachment wp-att-23302\"><img loading=\"lazy\" decoding=\"async\" aria-describedby=\"caption-attachment-23302\" class=\"size-full wp-image-23302\" src=\"https:\/\/www.mochileiros.com\/blog\/wp-content\/uploads\/2017\/03\/voltface_murodaslamentacoes.jpg\" alt=\"\" width=\"724\" height=\"483\" srcset=\"https:\/\/www.mochileiros.com\/blog\/wp-content\/uploads\/2017\/03\/voltface_murodaslamentacoes.jpg 724w, https:\/\/www.mochileiros.com\/blog\/wp-content\/uploads\/2017\/03\/voltface_murodaslamentacoes-300x200.jpg 300w, https:\/\/www.mochileiros.com\/blog\/wp-content\/uploads\/2017\/03\/voltface_murodaslamentacoes-313x209.jpg 313w, https:\/\/www.mochileiros.com\/blog\/wp-content\/uploads\/2017\/03\/voltface_murodaslamentacoes-20x13.jpg 20w\" sizes=\"auto, (max-width: 724px) 100vw, 724px\" \/><\/a><p id=\"caption-attachment-23302\" class=\"wp-caption-text\">Muro das Lamenta\u00e7\u00f5es | Foto: Oliver Curtis.<\/p><\/div>\n<div id=\"attachment_23303\" style=\"width: 734px\" class=\"wp-caption aligncenter\"><a href=\"https:\/\/www.mochileiros.com\/blog\/blog\/serie-mostra-monumentos-mais-famosos-do-mundo-sob-outro-angulo\/attachment\/voltface_paternongrecia\" rel=\"attachment wp-att-23303\"><img loading=\"lazy\" decoding=\"async\" aria-describedby=\"caption-attachment-23303\" class=\"size-full wp-image-23303\" src=\"https:\/\/www.mochileiros.com\/blog\/wp-content\/uploads\/2017\/03\/voltface_paternongrecia.jpg\" alt=\"\" width=\"724\" height=\"483\" srcset=\"https:\/\/www.mochileiros.com\/blog\/wp-content\/uploads\/2017\/03\/voltface_paternongrecia.jpg 724w, https:\/\/www.mochileiros.com\/blog\/wp-content\/uploads\/2017\/03\/voltface_paternongrecia-300x200.jpg 300w, https:\/\/www.mochileiros.com\/blog\/wp-content\/uploads\/2017\/03\/voltface_paternongrecia-313x209.jpg 313w, https:\/\/www.mochileiros.com\/blog\/wp-content\/uploads\/2017\/03\/voltface_paternongrecia-20x13.jpg 20w\" sizes=\"auto, (max-width: 724px) 100vw, 724px\" \/><\/a><p id=\"caption-attachment-23303\" class=\"wp-caption-text\">Paternon &#8211; Atenas &#8211; Gr\u00e9cia | Foto: Oliver Curtis.<\/p><\/div>\n<div id=\"attachment_23304\" style=\"width: 1011px\" class=\"wp-caption aligncenter\"><a href=\"https:\/\/www.mochileiros.com\/blog\/blog\/serie-mostra-monumentos-mais-famosos-do-mundo-sob-outro-angulo\/attachment\/voltface_piramidedosolmx\" rel=\"attachment wp-att-23304\"><img loading=\"lazy\" decoding=\"async\" aria-describedby=\"caption-attachment-23304\" class=\"size-full wp-image-23304\" src=\"https:\/\/www.mochileiros.com\/blog\/wp-content\/uploads\/2017\/03\/voltface_piramidedosolmx.jpg\" alt=\"\" width=\"1001\" height=\"667\" srcset=\"https:\/\/www.mochileiros.com\/blog\/wp-content\/uploads\/2017\/03\/voltface_piramidedosolmx.jpg 1001w, https:\/\/www.mochileiros.com\/blog\/wp-content\/uploads\/2017\/03\/voltface_piramidedosolmx-300x200.jpg 300w, https:\/\/www.mochileiros.com\/blog\/wp-content\/uploads\/2017\/03\/voltface_piramidedosolmx-768x512.jpg 768w, https:\/\/www.mochileiros.com\/blog\/wp-content\/uploads\/2017\/03\/voltface_piramidedosolmx-313x209.jpg 313w, https:\/\/www.mochileiros.com\/blog\/wp-content\/uploads\/2017\/03\/voltface_piramidedosolmx-20x13.jpg 20w\" sizes=\"auto, (max-width: 1001px) 100vw, 1001px\" \/><\/a><p id=\"caption-attachment-23304\" class=\"wp-caption-text\">Pir\u00e2mide do sol em Teotihuacan, M\u00e9xico | Foto: Oliver Curtis.<\/p><\/div>\n<div id=\"attachment_23305\" style=\"width: 734px\" class=\"wp-caption aligncenter\"><a href=\"https:\/\/www.mochileiros.com\/blog\/blog\/serie-mostra-monumentos-mais-famosos-do-mundo-sob-outro-angulo\/attachment\/voltface_tajmahal\" rel=\"attachment wp-att-23305\"><img loading=\"lazy\" decoding=\"async\" aria-describedby=\"caption-attachment-23305\" class=\"size-full wp-image-23305\" src=\"https:\/\/www.mochileiros.com\/blog\/wp-content\/uploads\/2017\/03\/voltface_tajmahal.jpg\" alt=\"\" width=\"724\" height=\"474\" srcset=\"https:\/\/www.mochileiros.com\/blog\/wp-content\/uploads\/2017\/03\/voltface_tajmahal.jpg 724w, https:\/\/www.mochileiros.com\/blog\/wp-content\/uploads\/2017\/03\/voltface_tajmahal-300x196.jpg 300w, https:\/\/www.mochileiros.com\/blog\/wp-content\/uploads\/2017\/03\/voltface_tajmahal-313x205.jpg 313w, https:\/\/www.mochileiros.com\/blog\/wp-content\/uploads\/2017\/03\/voltface_tajmahal-20x13.jpg 20w\" sizes=\"auto, (max-width: 724px) 100vw, 724px\" \/><\/a><p id=\"caption-attachment-23305\" class=\"wp-caption-text\">Taj Mahal &#8211; Agra &#8211; \u00cdndia | Foto: Oliver Curtis.<\/p><\/div>\n<div id=\"attachment_23306\" style=\"width: 734px\" class=\"wp-caption aligncenter\"><a href=\"https:\/\/www.mochileiros.com\/blog\/blog\/serie-mostra-monumentos-mais-famosos-do-mundo-sob-outro-angulo\/attachment\/voltface_torreeifel\" rel=\"attachment wp-att-23306\"><img loading=\"lazy\" decoding=\"async\" aria-describedby=\"caption-attachment-23306\" class=\"size-full wp-image-23306\" src=\"https:\/\/www.mochileiros.com\/blog\/wp-content\/uploads\/2017\/03\/voltface_torreeifel.jpg\" alt=\"\" width=\"724\" height=\"1086\" srcset=\"https:\/\/www.mochileiros.com\/blog\/wp-content\/uploads\/2017\/03\/voltface_torreeifel.jpg 724w, https:\/\/www.mochileiros.com\/blog\/wp-content\/uploads\/2017\/03\/voltface_torreeifel-200x300.jpg 200w, https:\/\/www.mochileiros.com\/blog\/wp-content\/uploads\/2017\/03\/voltface_torreeifel-683x1024.jpg 683w, https:\/\/www.mochileiros.com\/blog\/wp-content\/uploads\/2017\/03\/voltface_torreeifel-313x470.jpg 313w, https:\/\/www.mochileiros.com\/blog\/wp-content\/uploads\/2017\/03\/voltface_torreeifel-13x20.jpg 13w\" sizes=\"auto, (max-width: 724px) 100vw, 724px\" \/><\/a><p id=\"caption-attachment-23306\" class=\"wp-caption-text\">Torre Eiffel | Foto: Oliver Curtis.<\/p><\/div>\n<div id=\"attachment_23307\" style=\"width: 890px\" class=\"wp-caption aligncenter\"><a href=\"https:\/\/www.mochileiros.com\/blog\/blog\/serie-mostra-monumentos-mais-famosos-do-mundo-sob-outro-angulo\/attachment\/voltface_cristo\" rel=\"attachment wp-att-23307\"><img loading=\"lazy\" decoding=\"async\" aria-describedby=\"caption-attachment-23307\" class=\"size-full wp-image-23307\" src=\"https:\/\/www.mochileiros.com\/blog\/wp-content\/uploads\/2017\/03\/voltface_cristo.jpg\" alt=\"\" width=\"880\" height=\"586\" srcset=\"https:\/\/www.mochileiros.com\/blog\/wp-content\/uploads\/2017\/03\/voltface_cristo.jpg 880w, https:\/\/www.mochileiros.com\/blog\/wp-content\/uploads\/2017\/03\/voltface_cristo-300x200.jpg 300w, https:\/\/www.mochileiros.com\/blog\/wp-content\/uploads\/2017\/03\/voltface_cristo-1024x682.jpg 1024w, https:\/\/www.mochileiros.com\/blog\/wp-content\/uploads\/2017\/03\/voltface_cristo-767x511.jpg 767w, https:\/\/www.mochileiros.com\/blog\/wp-content\/uploads\/2017\/03\/voltface_cristo-1536x1023.jpg 1536w, https:\/\/www.mochileiros.com\/blog\/wp-content\/uploads\/2017\/03\/voltface_cristo-2048x1364.jpg 2048w, https:\/\/www.mochileiros.com\/blog\/wp-content\/uploads\/2017\/03\/voltface_cristo-225x150.jpg 225w, https:\/\/www.mochileiros.com\/blog\/wp-content\/uploads\/2017\/03\/voltface_cristo-100x67.jpg 100w, https:\/\/www.mochileiros.com\/blog\/wp-content\/uploads\/2017\/03\/voltface_cristo-526x350.jpg 526w, https:\/\/www.mochileiros.com\/blog\/wp-content\/uploads\/2017\/03\/voltface_cristo-788x524.jpg 788w, https:\/\/www.mochileiros.com\/blog\/wp-content\/uploads\/2017\/03\/voltface_cristo-313x208.jpg 313w, https:\/\/www.mochileiros.com\/blog\/wp-content\/uploads\/2017\/03\/voltface_cristo-20x13.jpg 20w\" sizes=\"auto, (max-width: 880px) 100vw, 880px\" \/><\/a><p id=\"caption-attachment-23307\" class=\"wp-caption-text\">Cristo Redentor &#8211; Rio de Janeiro | Foto: Oliver Curtis.<\/p><\/div>\n<p>Mais sobre a s\u00e9rie <a href=\"http:\/\/www.itsnicethat.com\/articles\/oliver-curtis-volte-face-290616\" target=\"_blank\" rel=\"noopener\">aqui<\/a> e no <a href=\"http:\/\/www.olivercurtisphotography.co.uk\/\" target=\"_blank\" rel=\"noopener\">www.olivercurtisphotography.co.uk<\/a><\/p>\n","protected":false},"excerpt":{"rendered":"<p>&#8220;Volte-face&#8221;, s\u00e9rie fotogr\u00e1fica de Oliver Curtis desvia o olhar do assunto principal e mostra o que h\u00e1 ao redor dos mais famosos monumentos do mundo. Curtis come\u00e7ou a obra em 2012 quando visitou as pir\u00e2mides de Giz\u00e9 e, ao voltar seu olhar para o &#8220;resto&#8221; encantou-se com o que viu. Al\u00e9m do \u00f3bvio? A gente [&hellip;]<\/p>\n","protected":false},"author":55,"featured_media":23307,"comment_status":"open","ping_status":"closed","sticky":false,"template":"","format":"standard","meta":{"googlesitekit_rrm_CAoiELM5mIOjYRN0nfylq3_9r-8:productID":"","_crdt_document":"","_daim_seo_power":"","_daim_enable_ail":"","footnotes":""},"categories":[168],"tags":[39],"class_list":["post-23297","post","type-post","status-publish","format-standard","has-post-thumbnail","hentry","category-blog","tag-fotografia-de-viagem"],"_links":{"self":[{"href":"https:\/\/www.mochileiros.com\/blog\/wp-json\/wp\/v2\/posts\/23297","targetHints":{"allow":["GET"]}}],"collection":[{"href":"https:\/\/www.mochileiros.com\/blog\/wp-json\/wp\/v2\/posts"}],"about":[{"href":"https:\/\/www.mochileiros.com\/blog\/wp-json\/wp\/v2\/types\/post"}],"author":[{"embeddable":true,"href":"https:\/\/www.mochileiros.com\/blog\/wp-json\/wp\/v2\/users\/55"}],"replies":[{"embeddable":true,"href":"https:\/\/www.mochileiros.com\/blog\/wp-json\/wp\/v2\/comments?post=23297"}],"version-history":[{"count":0,"href":"https:\/\/www.mochileiros.com\/blog\/wp-json\/wp\/v2\/posts\/23297\/revisions"}],"wp:featuredmedia":[{"embeddable":true,"href":"https:\/\/www.mochileiros.com\/blog\/wp-json\/wp\/v2\/media\/23307"}],"wp:attachment":[{"href":"https:\/\/www.mochileiros.com\/blog\/wp-json\/wp\/v2\/media?parent=23297"}],"wp:term":[{"taxonomy":"category","embeddable":true,"href":"https:\/\/www.mochileiros.com\/blog\/wp-json\/wp\/v2\/categories?post=23297"},{"taxonomy":"post_tag","embeddable":true,"href":"https:\/\/www.mochileiros.com\/blog\/wp-json\/wp\/v2\/tags?post=23297"}],"curies":[{"name":"wp","href":"https:\/\/api.w.org\/{rel}","templated":true}]}}