{"id":23337,"date":"2017-03-01T17:16:01","date_gmt":"2017-03-01T20:16:01","guid":{"rendered":"https:\/\/www.mochileiros.com\/blog\/?p=23337"},"modified":"2017-03-01T17:16:04","modified_gmt":"2017-03-01T20:16:04","slug":"rumo-a-argentina-5-amigos-e-uma-kombi-79-adaptada","status":"publish","type":"post","link":"https:\/\/www.mochileiros.com\/blog\/rumo-a-argentina-5-amigos-e-uma-kombi-79-adaptada","title":{"rendered":"Rumo \u00e0 Argentina: 5 amigos e uma Kombi 79 adaptada"},"content":{"rendered":"<p style=\"text-align: left;\">Os irm\u00e3os Felipe e Ivan Baria e os amigos Anna Carolina, Marcos e Marina est\u00e3o prontos para uma roadtrip que deve come\u00e7ar em 10 de mar\u00e7o, partindo de Lorena, no interior de S\u00e3o Paulo e seguir\u00e1 at\u00e9 Buenos Aires, na Argentina.<br \/>\nPor <a href=\"https:\/\/www.mochileiros.com\/blog\/tag\/viajar-de-kombi\" target=\"_blank\">aqui<\/a> voc\u00ea v\u00ea\u00a0v\u00e1rias hist\u00f3rias de gente rodando o mundo numa Kombi. Geralmente s\u00e3o casais, como o pessoal do <a href=\"https:\/\/www.mochileiros.com\/blog\/noticias\/casal-esta-ha-um-ano-na-estrada-vivendo-de-arte-de-rua\" target=\"_blank\">Sacica<\/a> que roda espalhando arte por a\u00ed ou do <a href=\"https:\/\/www.mochileiros.com\/blog\/blog\/casal-viaja-america-do-sul-de-kombi-com-sua-cachorrinha\" target=\"_blank\">Expedi\u00e7\u00e3o Margarita<\/a>, que viaja com sua cachorrinha encontrada na estrada ou do <a href=\"https:\/\/www.mochileiros.com\/blog\/blog\/casal-viaja-america-latina-de-kombi-com-seus-3-gatos\" target=\"_blank\">Xino Xano<\/a>, que \u00e0 bordo da kombosa leva nada mais nada menos que 3 gatos.<br \/>\n5 amigos, dividindo um espacinho sobre 4 rodas durante todo o trajeto \u00e9 algo de colocar a amizade \u00e0 prova n\u00e3o? Pois eles v\u00e3o encarar o desafio e em comum levam a &#8220;ideia de liberdade, de poder seguir por um caminho sem muitas certezas, de se proporcionar a oportunidade de conhecer novas pessoas, novas culturas, novos sabores&#8221;, contam no <a href=\"http:\/\/marditinha.com.br\/home.php\" target=\"_blank\" rel=\"noopener\">blog &#8220;Marditinha&#8221;<\/a>, tamb\u00e9m nome que deram \u00e0 Kombi.<\/p>\n<div id=\"attachment_23339\" style=\"width: 970px\" class=\"wp-caption aligncenter\"><a href=\"https:\/\/www.mochileiros.com\/blog\/blog\/rumo-a-argentina-5-amigos-e-uma-kombi-79-adaptada\/attachment\/amigoskombi01\" rel=\"attachment wp-att-23339\"><img loading=\"lazy\" decoding=\"async\" aria-describedby=\"caption-attachment-23339\" class=\"size-full wp-image-23339\" src=\"https:\/\/www.mochileiros.com\/blog\/wp-content\/uploads\/2017\/03\/amigoskombi01.jpg\" alt=\"\" width=\"960\" height=\"598\" srcset=\"https:\/\/www.mochileiros.com\/blog\/wp-content\/uploads\/2017\/03\/amigoskombi01.jpg 960w, https:\/\/www.mochileiros.com\/blog\/wp-content\/uploads\/2017\/03\/amigoskombi01-300x187.jpg 300w, https:\/\/www.mochileiros.com\/blog\/wp-content\/uploads\/2017\/03\/amigoskombi01-1024x638.jpg 1024w, https:\/\/www.mochileiros.com\/blog\/wp-content\/uploads\/2017\/03\/amigoskombi01-767x478.jpg 767w, https:\/\/www.mochileiros.com\/blog\/wp-content\/uploads\/2017\/03\/amigoskombi01-1536x957.jpg 1536w, https:\/\/www.mochileiros.com\/blog\/wp-content\/uploads\/2017\/03\/amigoskombi01-2048x1276.jpg 2048w, https:\/\/www.mochileiros.com\/blog\/wp-content\/uploads\/2017\/03\/amigoskombi01-241x150.jpg 241w, https:\/\/www.mochileiros.com\/blog\/wp-content\/uploads\/2017\/03\/amigoskombi01-100x62.jpg 100w, https:\/\/www.mochileiros.com\/blog\/wp-content\/uploads\/2017\/03\/amigoskombi01-562x350.jpg 562w, https:\/\/www.mochileiros.com\/blog\/wp-content\/uploads\/2017\/03\/amigoskombi01-788x490.jpg 788w, https:\/\/www.mochileiros.com\/blog\/wp-content\/uploads\/2017\/03\/amigoskombi01-313x195.jpg 313w, https:\/\/www.mochileiros.com\/blog\/wp-content\/uploads\/2017\/03\/amigoskombi01-20x12.jpg 20w\" sizes=\"auto, (max-width: 960px) 100vw, 960px\" \/><\/a><p id=\"caption-attachment-23339\" class=\"wp-caption-text\">Os amigos na Marditinha | Foto: Divulga\u00e7\u00e3o.<\/p><\/div>\n<div id=\"attachment_23338\" style=\"width: 1010px\" class=\"wp-caption alignnone\"><a href=\"https:\/\/www.mochileiros.com\/blog\/blog\/rumo-a-argentina-5-amigos-e-uma-kombi-79-adaptada\/attachment\/amigoskombi00\" rel=\"attachment wp-att-23338\"><img loading=\"lazy\" decoding=\"async\" aria-describedby=\"caption-attachment-23338\" class=\"size-full wp-image-23338\" src=\"https:\/\/www.mochileiros.com\/blog\/wp-content\/uploads\/2017\/03\/amigoskombi00.jpg\" alt=\"\" width=\"1000\" height=\"526\" srcset=\"https:\/\/www.mochileiros.com\/blog\/wp-content\/uploads\/2017\/03\/amigoskombi00.jpg 1000w, https:\/\/www.mochileiros.com\/blog\/wp-content\/uploads\/2017\/03\/amigoskombi00-300x158.jpg 300w, https:\/\/www.mochileiros.com\/blog\/wp-content\/uploads\/2017\/03\/amigoskombi00-768x404.jpg 768w, https:\/\/www.mochileiros.com\/blog\/wp-content\/uploads\/2017\/03\/amigoskombi00-313x165.jpg 313w, https:\/\/www.mochileiros.com\/blog\/wp-content\/uploads\/2017\/03\/amigoskombi00-20x11.jpg 20w\" sizes=\"auto, (max-width: 1000px) 100vw, 1000px\" \/><\/a><p id=\"caption-attachment-23338\" class=\"wp-caption-text\">Os amigos contam tamb\u00e9m com o seu &#8220;Wilson&#8221; (em alus\u00e3o ao amigo imagin\u00e1rio do personagem de Tom Hanks em <a href=\"http:\/\/www.imdb.com\/title\/tt0162222\/\" target=\"_blank\" rel=\"noopener\">&#8220;N\u00e1ufrago&#8221;<\/a>) | Foto: Divulga\u00e7\u00e3o.<\/p><\/div>\n<div id=\"attachment_23340\" style=\"width: 970px\" class=\"wp-caption aligncenter\"><a href=\"https:\/\/www.mochileiros.com\/blog\/blog\/rumo-a-argentina-5-amigos-e-uma-kombi-79-adaptada\/attachment\/amigoskombi02\" rel=\"attachment wp-att-23340\"><img loading=\"lazy\" decoding=\"async\" aria-describedby=\"caption-attachment-23340\" class=\"size-full wp-image-23340\" src=\"https:\/\/www.mochileiros.com\/blog\/wp-content\/uploads\/2017\/03\/amigoskombi02.jpg\" alt=\"\" width=\"960\" height=\"582\" srcset=\"https:\/\/www.mochileiros.com\/blog\/wp-content\/uploads\/2017\/03\/amigoskombi02.jpg 960w, https:\/\/www.mochileiros.com\/blog\/wp-content\/uploads\/2017\/03\/amigoskombi02-300x182.jpg 300w, https:\/\/www.mochileiros.com\/blog\/wp-content\/uploads\/2017\/03\/amigoskombi02-768x466.jpg 768w, https:\/\/www.mochileiros.com\/blog\/wp-content\/uploads\/2017\/03\/amigoskombi02-313x190.jpg 313w, https:\/\/www.mochileiros.com\/blog\/wp-content\/uploads\/2017\/03\/amigoskombi02-20x12.jpg 20w\" sizes=\"auto, (max-width: 960px) 100vw, 960px\" \/><\/a><p id=\"caption-attachment-23340\" class=\"wp-caption-text\">Entre 5 amigos, ser\u00e1 que haver\u00e1 papo com o Wilson? | Foto: Divulga\u00e7\u00e3o.<\/p><\/div>\n<p style=\"text-align: left;\">Na &#8220;pequena&#8221; Lorena (pouco mais de 85.000 &#8211; dados de 2015) a not\u00edcia da viagem do quinteto se espalhou. Foram assunto na TV e jornais locais o que al\u00e9m de atrair gente (e patrocinadores) interessada (dos) na trip os fez refletir sobre o &#8220;quanto as pessoas s\u00e3o carentes de olhar a vida com outros olhos, de n\u00e3o esperar que tudo esteja sob condi\u00e7\u00f5es perfeitas para se aventurar em algo, e vivem suas vidas no mesmo marasmo cotidiano esperando que um dia algo legal aconte\u00e7a, mas n\u00e3o criam condi\u00e7\u00f5es para isso.&#8221;, comentam no blog.<br \/>\nInspirados pela reflex\u00e3o eles pretendem transmitir suas experi\u00eancias e quem sabe, inspirar outros a seguirem seus sonhos. &#8220;Seu futuro come\u00e7a hoje e cabe somente a voc\u00ea torn\u00e1-lo o mais incr\u00edvel que puder sonhar&#8221;, enfatizam.<\/p>\n<div id=\"attachment_23341\" style=\"width: 970px\" class=\"wp-caption aligncenter\"><a href=\"https:\/\/www.mochileiros.com\/blog\/blog\/rumo-a-argentina-5-amigos-e-uma-kombi-79-adaptada\/attachment\/amigoskombi03\" rel=\"attachment wp-att-23341\"><img loading=\"lazy\" decoding=\"async\" aria-describedby=\"caption-attachment-23341\" class=\"size-full wp-image-23341\" src=\"https:\/\/www.mochileiros.com\/blog\/wp-content\/uploads\/2017\/03\/amigoskombi03.jpg\" alt=\"\" width=\"960\" height=\"832\" srcset=\"https:\/\/www.mochileiros.com\/blog\/wp-content\/uploads\/2017\/03\/amigoskombi03.jpg 960w, https:\/\/www.mochileiros.com\/blog\/wp-content\/uploads\/2017\/03\/amigoskombi03-300x260.jpg 300w, https:\/\/www.mochileiros.com\/blog\/wp-content\/uploads\/2017\/03\/amigoskombi03-768x666.jpg 768w, https:\/\/www.mochileiros.com\/blog\/wp-content\/uploads\/2017\/03\/amigoskombi03-313x271.jpg 313w, https:\/\/www.mochileiros.com\/blog\/wp-content\/uploads\/2017\/03\/amigoskombi03-20x17.jpg 20w\" sizes=\"auto, (max-width: 960px) 100vw, 960px\" \/><\/a><p id=\"caption-attachment-23341\" class=\"wp-caption-text\">Os amigos e a Marditinha | Foto: Divulga\u00e7\u00e3o.<\/p><\/div>\n<h3>Abaixo, v\u00eddeo mostra um pouco da adapta\u00e7\u00e3o no ve\u00edculo:<\/h3>\n<p><iframe loading=\"lazy\" width=\"740\" height=\"416\" src=\"https:\/\/www.youtube.com\/embed\/UPSwcBap5DU?feature=oembed\" frameborder=\"0\" allow=\"autoplay; encrypted-media\" allowfullscreen><\/iframe><\/p>\n<p>E na foto, amigos capricham na cortina da Marditinha:<\/p>\n<div id=\"attachment_23342\" style=\"width: 970px\" class=\"wp-caption aligncenter\"><a href=\"https:\/\/www.mochileiros.com\/blog\/blog\/rumo-a-argentina-5-amigos-e-uma-kombi-79-adaptada\/attachment\/amigoskombi04\" rel=\"attachment wp-att-23342\"><img loading=\"lazy\" decoding=\"async\" aria-describedby=\"caption-attachment-23342\" class=\"size-full wp-image-23342\" src=\"https:\/\/www.mochileiros.com\/blog\/wp-content\/uploads\/2017\/03\/amigoskombi04.jpg\" alt=\"\" width=\"960\" height=\"960\" srcset=\"https:\/\/www.mochileiros.com\/blog\/wp-content\/uploads\/2017\/03\/amigoskombi04.jpg 960w, https:\/\/www.mochileiros.com\/blog\/wp-content\/uploads\/2017\/03\/amigoskombi04-150x150.jpg 150w, https:\/\/www.mochileiros.com\/blog\/wp-content\/uploads\/2017\/03\/amigoskombi04-300x300.jpg 300w, https:\/\/www.mochileiros.com\/blog\/wp-content\/uploads\/2017\/03\/amigoskombi04-768x768.jpg 768w, https:\/\/www.mochileiros.com\/blog\/wp-content\/uploads\/2017\/03\/amigoskombi04-80x80.jpg 80w, https:\/\/www.mochileiros.com\/blog\/wp-content\/uploads\/2017\/03\/amigoskombi04-350x350.jpg 350w, https:\/\/www.mochileiros.com\/blog\/wp-content\/uploads\/2017\/03\/amigoskombi04-313x313.jpg 313w, https:\/\/www.mochileiros.com\/blog\/wp-content\/uploads\/2017\/03\/amigoskombi04-20x20.jpg 20w\" sizes=\"auto, (max-width: 960px) 100vw, 960px\" \/><\/a><p id=\"caption-attachment-23342\" class=\"wp-caption-text\">Foto: Divulga\u00e7\u00e3o.<\/p><\/div>\n<p>Mais sobre a hist\u00f3ria deles e essa viagem pode ser conferida no <a href=\"http:\/\/marditinha.com.br\/home.php\" target=\"_blank\" rel=\"noopener\">blog<\/a>, no <a href=\"https:\/\/www.facebook.com\/marditinha79\/\" target=\"_blank\" rel=\"noopener\">Facebook<\/a> e no <a href=\"https:\/\/www.instagram.com\/marditinha\/\" target=\"_blank\" rel=\"noopener\">Instagram<\/a>.<\/p>\n","protected":false},"excerpt":{"rendered":"<p>Os irm\u00e3os Felipe e Ivan Baria e os amigos Anna Carolina, Marcos e Marina est\u00e3o prontos para uma roadtrip que deve come\u00e7ar em 10 de mar\u00e7o, partindo de Lorena, no interior de S\u00e3o Paulo e seguir\u00e1 at\u00e9 Buenos Aires, na Argentina. Por aqui voc\u00ea v\u00ea\u00a0v\u00e1rias hist\u00f3rias de gente rodando o mundo numa Kombi. Geralmente s\u00e3o [&hellip;]<\/p>\n","protected":false},"author":2,"featured_media":23339,"comment_status":"open","ping_status":"closed","sticky":false,"template":"","format":"standard","meta":{"googlesitekit_rrm_CAoiELM5mIOjYRN0nfylq3_9r-8:productID":"","_crdt_document":"","_daim_seo_power":"","_daim_enable_ail":"","footnotes":""},"categories":[168],"tags":[1365,1282],"class_list":["post-23337","post","type-post","status-publish","format-standard","has-post-thumbnail","hentry","category-blog","tag-vanlife","tag-viajar-de-kombi"],"_links":{"self":[{"href":"https:\/\/www.mochileiros.com\/blog\/wp-json\/wp\/v2\/posts\/23337","targetHints":{"allow":["GET"]}}],"collection":[{"href":"https:\/\/www.mochileiros.com\/blog\/wp-json\/wp\/v2\/posts"}],"about":[{"href":"https:\/\/www.mochileiros.com\/blog\/wp-json\/wp\/v2\/types\/post"}],"author":[{"embeddable":true,"href":"https:\/\/www.mochileiros.com\/blog\/wp-json\/wp\/v2\/users\/2"}],"replies":[{"embeddable":true,"href":"https:\/\/www.mochileiros.com\/blog\/wp-json\/wp\/v2\/comments?post=23337"}],"version-history":[{"count":0,"href":"https:\/\/www.mochileiros.com\/blog\/wp-json\/wp\/v2\/posts\/23337\/revisions"}],"wp:featuredmedia":[{"embeddable":true,"href":"https:\/\/www.mochileiros.com\/blog\/wp-json\/wp\/v2\/media\/23339"}],"wp:attachment":[{"href":"https:\/\/www.mochileiros.com\/blog\/wp-json\/wp\/v2\/media?parent=23337"}],"wp:term":[{"taxonomy":"category","embeddable":true,"href":"https:\/\/www.mochileiros.com\/blog\/wp-json\/wp\/v2\/categories?post=23337"},{"taxonomy":"post_tag","embeddable":true,"href":"https:\/\/www.mochileiros.com\/blog\/wp-json\/wp\/v2\/tags?post=23337"}],"curies":[{"name":"wp","href":"https:\/\/api.w.org\/{rel}","templated":true}]}}