{"id":23867,"date":"2017-03-22T10:16:40","date_gmt":"2017-03-22T13:16:40","guid":{"rendered":"https:\/\/www.mochileiros.com\/blog\/?p=23867"},"modified":"2019-03-28T03:54:14","modified_gmt":"2019-03-28T06:54:14","slug":"foto-na-internet-x-foto-na-sua-viagem","status":"publish","type":"post","link":"https:\/\/www.mochileiros.com\/blog\/foto-na-internet-x-foto-na-sua-viagem","title":{"rendered":"Foto na internet X Foto na sua viagem"},"content":{"rendered":"<p style=\"text-align: left;\">A brincadeira com a diferen\u00e7a\u00a0das fotos de variados destinos do mundo publicadas na internet, daquelas feitas num dia no meio de um mochil\u00e3o come\u00e7ou com um post em um dos grupos de viagem mais movimentados do Facebook, o do <a href=\"https:\/\/www.facebook.com\/groups\/mochileiroscom\/\" target=\"_blank\" rel=\"noopener noreferrer\">Mochileiros<\/a>. Nele, o viajante Alisson Valentim publicou uma foto da cidade de Banff, no Canad\u00e1, mostrando seu\u00a0belo cen\u00e1rio, com\u00a0muitas cores, foto t\u00edpica de um dia iluminado (com talvez uma dose, para muitos excessiva, de Photoshop) e outra, quando visitou o local num dia nublado.<br \/>\nQual delas \u00e9 mais bela? Essa n\u00e3o foi a quest\u00e3o que surgiu, na verdade n\u00e3o surgiu quest\u00e3o nenhuma &#8211; risos &#8211; mas tem rendido\u00a0aos participantes boas risadas, algumas dicas e ficou uma mensagem: o belo mesmo \u00e9 a experi\u00eancia, ter vivido aquele dia, estivesse ele como estivesse. Essa \u00e9 uma das belezas do viajar.<br \/>\n<strong>Abaixo algumas das fotos publicadas no grupo por outros viajantes que entraram na brincadeira!<\/strong><br \/>\n<strong> Voc\u00ea tamb\u00e9m pode inserir a sua foto atrav\u00e9s do formul\u00e1rio ao final do post.<\/strong><\/p>\n<div id=\"attachment_23875\" style=\"width: 970px\" class=\"wp-caption aligncenter\"><a href=\"https:\/\/www.mochileiros.com\/blog\/blog\/foto-na-internet-x-foto-na-sua-viagem\/attachment\/fxr_bellabrandao\" rel=\"attachment wp-att-23875\"><img loading=\"lazy\" decoding=\"async\" aria-describedby=\"caption-attachment-23875\" class=\"size-full wp-image-23875\" src=\"https:\/\/www.mochileiros.com\/blog\/wp-content\/uploads\/2017\/03\/fxr_bellabrandao.jpg\" alt=\"\" width=\"960\" height=\"960\" srcset=\"https:\/\/www.mochileiros.com\/blog\/wp-content\/uploads\/2017\/03\/fxr_bellabrandao.jpg 960w, https:\/\/www.mochileiros.com\/blog\/wp-content\/uploads\/2017\/03\/fxr_bellabrandao-150x150.jpg 150w, https:\/\/www.mochileiros.com\/blog\/wp-content\/uploads\/2017\/03\/fxr_bellabrandao-300x300.jpg 300w, https:\/\/www.mochileiros.com\/blog\/wp-content\/uploads\/2017\/03\/fxr_bellabrandao-768x768.jpg 768w, https:\/\/www.mochileiros.com\/blog\/wp-content\/uploads\/2017\/03\/fxr_bellabrandao-80x80.jpg 80w, https:\/\/www.mochileiros.com\/blog\/wp-content\/uploads\/2017\/03\/fxr_bellabrandao-350x350.jpg 350w, https:\/\/www.mochileiros.com\/blog\/wp-content\/uploads\/2017\/03\/fxr_bellabrandao-313x313.jpg 313w, https:\/\/www.mochileiros.com\/blog\/wp-content\/uploads\/2017\/03\/fxr_bellabrandao-20x20.jpg 20w\" sizes=\"auto, (max-width: 960px) 100vw, 960px\" \/><\/a><p id=\"caption-attachment-23875\" class=\"wp-caption-text\">&#8220;Quando fui ao Macchu Picchu cheguei desanimar ao ver que estava nublado, mas a partir das 12h o sol apareceu. Dica pra quem for no m\u00eas de abril&#8221;, Bella Brand\u00e3o | Arquivo pessoal.<\/p><\/div>\n<div id=\"attachment_23869\" style=\"width: 970px\" class=\"wp-caption alignnone\"><a href=\"https:\/\/www.mochileiros.com\/blog\/blog\/foto-na-internet-x-foto-na-sua-viagem\/attachment\/fxr_felipefreire\" rel=\"attachment wp-att-23869\"><img loading=\"lazy\" decoding=\"async\" aria-describedby=\"caption-attachment-23869\" class=\"size-full wp-image-23869\" src=\"https:\/\/www.mochileiros.com\/blog\/wp-content\/uploads\/2017\/03\/fxr_felipefreire.jpg\" alt=\"\" width=\"960\" height=\"248\" srcset=\"https:\/\/www.mochileiros.com\/blog\/wp-content\/uploads\/2017\/03\/fxr_felipefreire.jpg 960w, https:\/\/www.mochileiros.com\/blog\/wp-content\/uploads\/2017\/03\/fxr_felipefreire-300x78.jpg 300w, https:\/\/www.mochileiros.com\/blog\/wp-content\/uploads\/2017\/03\/fxr_felipefreire-768x198.jpg 768w, https:\/\/www.mochileiros.com\/blog\/wp-content\/uploads\/2017\/03\/fxr_felipefreire-313x81.jpg 313w, https:\/\/www.mochileiros.com\/blog\/wp-content\/uploads\/2017\/03\/fxr_felipefreire-20x5.jpg 20w\" sizes=\"auto, (max-width: 960px) 100vw, 960px\" \/><\/a><p id=\"caption-attachment-23869\" class=\"wp-caption-text\">Koh Phi Phi &#8211; Maya Bay &#8211; Tail\u00e2ndia\u00a0| Foto: Felipe Freire\/Arquivo pessoal.<\/p><\/div>\n<div id=\"attachment_23870\" style=\"width: 970px\" class=\"wp-caption aligncenter\"><a href=\"https:\/\/www.mochileiros.com\/blog\/blog\/foto-na-internet-x-foto-na-sua-viagem\/attachment\/fxr_nathaliaviegas\" rel=\"attachment wp-att-23870\"><img loading=\"lazy\" decoding=\"async\" aria-describedby=\"caption-attachment-23870\" class=\"size-full wp-image-23870\" src=\"https:\/\/www.mochileiros.com\/blog\/wp-content\/uploads\/2017\/03\/fxr_nathaliaviegas.jpg\" alt=\"\" width=\"960\" height=\"960\" srcset=\"https:\/\/www.mochileiros.com\/blog\/wp-content\/uploads\/2017\/03\/fxr_nathaliaviegas.jpg 960w, https:\/\/www.mochileiros.com\/blog\/wp-content\/uploads\/2017\/03\/fxr_nathaliaviegas-150x150.jpg 150w, https:\/\/www.mochileiros.com\/blog\/wp-content\/uploads\/2017\/03\/fxr_nathaliaviegas-300x300.jpg 300w, https:\/\/www.mochileiros.com\/blog\/wp-content\/uploads\/2017\/03\/fxr_nathaliaviegas-768x768.jpg 768w, https:\/\/www.mochileiros.com\/blog\/wp-content\/uploads\/2017\/03\/fxr_nathaliaviegas-80x80.jpg 80w, https:\/\/www.mochileiros.com\/blog\/wp-content\/uploads\/2017\/03\/fxr_nathaliaviegas-350x350.jpg 350w, https:\/\/www.mochileiros.com\/blog\/wp-content\/uploads\/2017\/03\/fxr_nathaliaviegas-313x313.jpg 313w, https:\/\/www.mochileiros.com\/blog\/wp-content\/uploads\/2017\/03\/fxr_nathaliaviegas-20x20.jpg 20w\" sizes=\"auto, (max-width: 960px) 100vw, 960px\" \/><\/a><p id=\"caption-attachment-23870\" class=\"wp-caption-text\">&#8220;Estava nublado, mas mesmo assim foi fant\u00e1stico&#8221; &#8211; Nath\u00e1lia Viegas | Foto: Arquivo pessoal.<\/p><\/div>\n<div id=\"attachment_23871\" style=\"width: 910px\" class=\"wp-caption aligncenter\"><a href=\"https:\/\/www.mochileiros.com\/blog\/blog\/foto-na-internet-x-foto-na-sua-viagem\/attachment\/fxr_grasi\" rel=\"attachment wp-att-23871\"><img loading=\"lazy\" decoding=\"async\" aria-describedby=\"caption-attachment-23871\" class=\"size-full wp-image-23871\" src=\"https:\/\/www.mochileiros.com\/blog\/wp-content\/uploads\/2017\/03\/fxr_grasi.jpg\" alt=\"\" width=\"900\" height=\"960\" srcset=\"https:\/\/www.mochileiros.com\/blog\/wp-content\/uploads\/2017\/03\/fxr_grasi.jpg 900w, https:\/\/www.mochileiros.com\/blog\/wp-content\/uploads\/2017\/03\/fxr_grasi-281x300.jpg 281w, https:\/\/www.mochileiros.com\/blog\/wp-content\/uploads\/2017\/03\/fxr_grasi-768x819.jpg 768w, https:\/\/www.mochileiros.com\/blog\/wp-content\/uploads\/2017\/03\/fxr_grasi-313x334.jpg 313w, https:\/\/www.mochileiros.com\/blog\/wp-content\/uploads\/2017\/03\/fxr_grasi-20x20.jpg 20w\" sizes=\"auto, (max-width: 900px) 100vw, 900px\" \/><\/a><p id=\"caption-attachment-23871\" class=\"wp-caption-text\">Londres | Foto: Grasi\/Arquivo pessoal.<\/p><\/div>\n<div id=\"attachment_23872\" style=\"width: 970px\" class=\"wp-caption aligncenter\"><a href=\"https:\/\/www.mochileiros.com\/blog\/blog\/foto-na-internet-x-foto-na-sua-viagem\/attachment\/fxr_fatimaquintino\" rel=\"attachment wp-att-23872\"><img loading=\"lazy\" decoding=\"async\" aria-describedby=\"caption-attachment-23872\" class=\"size-full wp-image-23872\" src=\"https:\/\/www.mochileiros.com\/blog\/wp-content\/uploads\/2017\/03\/fxr_fatimaquintino.jpg\" alt=\"\" width=\"960\" height=\"960\" srcset=\"https:\/\/www.mochileiros.com\/blog\/wp-content\/uploads\/2017\/03\/fxr_fatimaquintino.jpg 960w, https:\/\/www.mochileiros.com\/blog\/wp-content\/uploads\/2017\/03\/fxr_fatimaquintino-150x150.jpg 150w, https:\/\/www.mochileiros.com\/blog\/wp-content\/uploads\/2017\/03\/fxr_fatimaquintino-300x300.jpg 300w, https:\/\/www.mochileiros.com\/blog\/wp-content\/uploads\/2017\/03\/fxr_fatimaquintino-768x768.jpg 768w, https:\/\/www.mochileiros.com\/blog\/wp-content\/uploads\/2017\/03\/fxr_fatimaquintino-80x80.jpg 80w, https:\/\/www.mochileiros.com\/blog\/wp-content\/uploads\/2017\/03\/fxr_fatimaquintino-350x350.jpg 350w, https:\/\/www.mochileiros.com\/blog\/wp-content\/uploads\/2017\/03\/fxr_fatimaquintino-313x313.jpg 313w, https:\/\/www.mochileiros.com\/blog\/wp-content\/uploads\/2017\/03\/fxr_fatimaquintino-20x20.jpg 20w\" sizes=\"auto, (max-width: 960px) 100vw, 960px\" \/><\/a><p id=\"caption-attachment-23872\" class=\"wp-caption-text\">Vale do Pati &#8211; Chapada Diamantina (BA) | Foto: F\u00e1tima Quintino\/Arquivo pessoal.<\/p><\/div>\n<div id=\"attachment_23873\" style=\"width: 970px\" class=\"wp-caption aligncenter\"><a href=\"https:\/\/www.mochileiros.com\/blog\/blog\/foto-na-internet-x-foto-na-sua-viagem\/attachment\/fxr_tatidias\" rel=\"attachment wp-att-23873\"><img loading=\"lazy\" decoding=\"async\" aria-describedby=\"caption-attachment-23873\" class=\"size-full wp-image-23873\" src=\"https:\/\/www.mochileiros.com\/blog\/wp-content\/uploads\/2017\/03\/fxr_tatidias.jpg\" alt=\"\" width=\"960\" height=\"960\" srcset=\"https:\/\/www.mochileiros.com\/blog\/wp-content\/uploads\/2017\/03\/fxr_tatidias.jpg 960w, https:\/\/www.mochileiros.com\/blog\/wp-content\/uploads\/2017\/03\/fxr_tatidias-150x150.jpg 150w, https:\/\/www.mochileiros.com\/blog\/wp-content\/uploads\/2017\/03\/fxr_tatidias-300x300.jpg 300w, https:\/\/www.mochileiros.com\/blog\/wp-content\/uploads\/2017\/03\/fxr_tatidias-768x768.jpg 768w, https:\/\/www.mochileiros.com\/blog\/wp-content\/uploads\/2017\/03\/fxr_tatidias-80x80.jpg 80w, https:\/\/www.mochileiros.com\/blog\/wp-content\/uploads\/2017\/03\/fxr_tatidias-350x350.jpg 350w, https:\/\/www.mochileiros.com\/blog\/wp-content\/uploads\/2017\/03\/fxr_tatidias-313x313.jpg 313w, https:\/\/www.mochileiros.com\/blog\/wp-content\/uploads\/2017\/03\/fxr_tatidias-20x20.jpg 20w\" sizes=\"auto, (max-width: 960px) 100vw, 960px\" \/><\/a><p id=\"caption-attachment-23873\" class=\"wp-caption-text\">Tati Dias pegou muita chuva em todos os dias de viagem \u00e0 Jericoacoara (CE), mas mesmo assim amou &#8220;Jeri&#8221; | Foto: Arquivo pessoal.<\/p><\/div>\n<div id=\"attachment_23874\" style=\"width: 970px\" class=\"wp-caption aligncenter\"><a href=\"https:\/\/www.mochileiros.com\/blog\/blog\/foto-na-internet-x-foto-na-sua-viagem\/attachment\/fxr_carolmattias\" rel=\"attachment wp-att-23874\"><img loading=\"lazy\" decoding=\"async\" aria-describedby=\"caption-attachment-23874\" class=\"size-full wp-image-23874\" src=\"https:\/\/www.mochileiros.com\/blog\/wp-content\/uploads\/2017\/03\/fxr_carolmattias.jpg\" alt=\"\" width=\"960\" height=\"960\" srcset=\"https:\/\/www.mochileiros.com\/blog\/wp-content\/uploads\/2017\/03\/fxr_carolmattias.jpg 960w, https:\/\/www.mochileiros.com\/blog\/wp-content\/uploads\/2017\/03\/fxr_carolmattias-150x150.jpg 150w, https:\/\/www.mochileiros.com\/blog\/wp-content\/uploads\/2017\/03\/fxr_carolmattias-300x300.jpg 300w, https:\/\/www.mochileiros.com\/blog\/wp-content\/uploads\/2017\/03\/fxr_carolmattias-768x768.jpg 768w, https:\/\/www.mochileiros.com\/blog\/wp-content\/uploads\/2017\/03\/fxr_carolmattias-80x80.jpg 80w, https:\/\/www.mochileiros.com\/blog\/wp-content\/uploads\/2017\/03\/fxr_carolmattias-350x350.jpg 350w, https:\/\/www.mochileiros.com\/blog\/wp-content\/uploads\/2017\/03\/fxr_carolmattias-313x313.jpg 313w, https:\/\/www.mochileiros.com\/blog\/wp-content\/uploads\/2017\/03\/fxr_carolmattias-20x20.jpg 20w\" sizes=\"auto, (max-width: 960px) 100vw, 960px\" \/><\/a><p id=\"caption-attachment-23874\" class=\"wp-caption-text\">Gruta do Anjo &#8211; Socorro (SP) | Foto: Carol Mattias\/Arquivo pessoal.<\/p><\/div>\n<div id=\"attachment_23876\" style=\"width: 970px\" class=\"wp-caption aligncenter\"><a href=\"https:\/\/www.mochileiros.com\/blog\/blog\/foto-na-internet-x-foto-na-sua-viagem\/attachment\/fxr_reggisbento\" rel=\"attachment wp-att-23876\"><img loading=\"lazy\" decoding=\"async\" aria-describedby=\"caption-attachment-23876\" class=\"size-full wp-image-23876\" src=\"https:\/\/www.mochileiros.com\/blog\/wp-content\/uploads\/2017\/03\/fxr_reggisbento.jpg\" alt=\"\" width=\"960\" height=\"960\" srcset=\"https:\/\/www.mochileiros.com\/blog\/wp-content\/uploads\/2017\/03\/fxr_reggisbento.jpg 960w, https:\/\/www.mochileiros.com\/blog\/wp-content\/uploads\/2017\/03\/fxr_reggisbento-150x150.jpg 150w, https:\/\/www.mochileiros.com\/blog\/wp-content\/uploads\/2017\/03\/fxr_reggisbento-300x300.jpg 300w, https:\/\/www.mochileiros.com\/blog\/wp-content\/uploads\/2017\/03\/fxr_reggisbento-768x768.jpg 768w, https:\/\/www.mochileiros.com\/blog\/wp-content\/uploads\/2017\/03\/fxr_reggisbento-80x80.jpg 80w, https:\/\/www.mochileiros.com\/blog\/wp-content\/uploads\/2017\/03\/fxr_reggisbento-350x350.jpg 350w, https:\/\/www.mochileiros.com\/blog\/wp-content\/uploads\/2017\/03\/fxr_reggisbento-313x313.jpg 313w, https:\/\/www.mochileiros.com\/blog\/wp-content\/uploads\/2017\/03\/fxr_reggisbento-20x20.jpg 20w\" sizes=\"auto, (max-width: 960px) 100vw, 960px\" \/><\/a><p id=\"caption-attachment-23876\" class=\"wp-caption-text\">Podemos chamar o Reggis Bento de sortudo! | Foto: Arquivo pessoal.<\/p><\/div>\n<div id=\"attachment_23877\" style=\"width: 970px\" class=\"wp-caption aligncenter\"><a href=\"https:\/\/www.mochileiros.com\/blog\/blog\/foto-na-internet-x-foto-na-sua-viagem\/attachment\/fxr_carolinaninow\" rel=\"attachment wp-att-23877\"><img loading=\"lazy\" decoding=\"async\" aria-describedby=\"caption-attachment-23877\" class=\"size-full wp-image-23877\" src=\"https:\/\/www.mochileiros.com\/blog\/wp-content\/uploads\/2017\/03\/fxr_carolinaninow.jpg\" alt=\"\" width=\"960\" height=\"960\" srcset=\"https:\/\/www.mochileiros.com\/blog\/wp-content\/uploads\/2017\/03\/fxr_carolinaninow.jpg 960w, https:\/\/www.mochileiros.com\/blog\/wp-content\/uploads\/2017\/03\/fxr_carolinaninow-150x150.jpg 150w, https:\/\/www.mochileiros.com\/blog\/wp-content\/uploads\/2017\/03\/fxr_carolinaninow-300x300.jpg 300w, https:\/\/www.mochileiros.com\/blog\/wp-content\/uploads\/2017\/03\/fxr_carolinaninow-768x768.jpg 768w, https:\/\/www.mochileiros.com\/blog\/wp-content\/uploads\/2017\/03\/fxr_carolinaninow-80x80.jpg 80w, https:\/\/www.mochileiros.com\/blog\/wp-content\/uploads\/2017\/03\/fxr_carolinaninow-350x350.jpg 350w, https:\/\/www.mochileiros.com\/blog\/wp-content\/uploads\/2017\/03\/fxr_carolinaninow-313x313.jpg 313w, https:\/\/www.mochileiros.com\/blog\/wp-content\/uploads\/2017\/03\/fxr_carolinaninow-20x20.jpg 20w\" sizes=\"auto, (max-width: 960px) 100vw, 960px\" \/><\/a><p id=\"caption-attachment-23877\" class=\"wp-caption-text\">Monte Roraima | Foto: Carolina Ninow\/Arquivo pessoal.<\/p><\/div>\n<div id=\"attachment_23878\" style=\"width: 970px\" class=\"wp-caption aligncenter\"><a href=\"https:\/\/www.mochileiros.com\/blog\/blog\/foto-na-internet-x-foto-na-sua-viagem\/attachment\/fxr_williantisian\" rel=\"attachment wp-att-23878\"><img loading=\"lazy\" decoding=\"async\" aria-describedby=\"caption-attachment-23878\" class=\"size-full wp-image-23878\" src=\"https:\/\/www.mochileiros.com\/blog\/wp-content\/uploads\/2017\/03\/fxr_williantisian.jpg\" alt=\"\" width=\"960\" height=\"960\" srcset=\"https:\/\/www.mochileiros.com\/blog\/wp-content\/uploads\/2017\/03\/fxr_williantisian.jpg 960w, https:\/\/www.mochileiros.com\/blog\/wp-content\/uploads\/2017\/03\/fxr_williantisian-150x150.jpg 150w, https:\/\/www.mochileiros.com\/blog\/wp-content\/uploads\/2017\/03\/fxr_williantisian-300x300.jpg 300w, https:\/\/www.mochileiros.com\/blog\/wp-content\/uploads\/2017\/03\/fxr_williantisian-768x768.jpg 768w, https:\/\/www.mochileiros.com\/blog\/wp-content\/uploads\/2017\/03\/fxr_williantisian-80x80.jpg 80w, https:\/\/www.mochileiros.com\/blog\/wp-content\/uploads\/2017\/03\/fxr_williantisian-350x350.jpg 350w, https:\/\/www.mochileiros.com\/blog\/wp-content\/uploads\/2017\/03\/fxr_williantisian-313x313.jpg 313w, https:\/\/www.mochileiros.com\/blog\/wp-content\/uploads\/2017\/03\/fxr_williantisian-20x20.jpg 20w\" sizes=\"auto, (max-width: 960px) 100vw, 960px\" \/><\/a><p id=\"caption-attachment-23878\" class=\"wp-caption-text\">Queenstown &#8211; Nova Zel\u00e2ndia | Foto: Willian Tisian\/Arquivo pessoal.<\/p><\/div>\n<div id=\"attachment_23880\" style=\"width: 970px\" class=\"wp-caption aligncenter\"><a href=\"https:\/\/www.mochileiros.com\/blog\/blog\/foto-na-internet-x-foto-na-sua-viagem\/attachment\/fxr_carlosgvieira\" rel=\"attachment wp-att-23880\"><img loading=\"lazy\" decoding=\"async\" aria-describedby=\"caption-attachment-23880\" class=\"size-full wp-image-23880\" src=\"https:\/\/www.mochileiros.com\/blog\/wp-content\/uploads\/2017\/03\/fxr_carlosgvieira.jpg\" alt=\"\" width=\"960\" height=\"960\" srcset=\"https:\/\/www.mochileiros.com\/blog\/wp-content\/uploads\/2017\/03\/fxr_carlosgvieira.jpg 960w, https:\/\/www.mochileiros.com\/blog\/wp-content\/uploads\/2017\/03\/fxr_carlosgvieira-150x150.jpg 150w, https:\/\/www.mochileiros.com\/blog\/wp-content\/uploads\/2017\/03\/fxr_carlosgvieira-300x300.jpg 300w, https:\/\/www.mochileiros.com\/blog\/wp-content\/uploads\/2017\/03\/fxr_carlosgvieira-768x768.jpg 768w, https:\/\/www.mochileiros.com\/blog\/wp-content\/uploads\/2017\/03\/fxr_carlosgvieira-80x80.jpg 80w, https:\/\/www.mochileiros.com\/blog\/wp-content\/uploads\/2017\/03\/fxr_carlosgvieira-350x350.jpg 350w, https:\/\/www.mochileiros.com\/blog\/wp-content\/uploads\/2017\/03\/fxr_carlosgvieira-313x313.jpg 313w, https:\/\/www.mochileiros.com\/blog\/wp-content\/uploads\/2017\/03\/fxr_carlosgvieira-20x20.jpg 20w\" sizes=\"auto, (max-width: 960px) 100vw, 960px\" \/><\/a><p id=\"caption-attachment-23880\" class=\"wp-caption-text\">&#8220;Minha espetacular experi\u00eancia &#8216;na internet na sua viagem&#8217; no Pal\u00e1cio de Schonbrunn na \u00c1ustria&#8221; &#8211; Carlos G. Vieira | Foto: Arquivo pessoal.<\/p><\/div>\n<div id=\"attachment_23883\" style=\"width: 792px\" class=\"wp-caption aligncenter\"><a href=\"https:\/\/www.mochileiros.com\/blog\/blog\/foto-na-internet-x-foto-na-sua-viagem\/attachment\/fxr_nataliamigliorini\" rel=\"attachment wp-att-23883\"><img loading=\"lazy\" decoding=\"async\" aria-describedby=\"caption-attachment-23883\" class=\"size-full wp-image-23883\" src=\"https:\/\/www.mochileiros.com\/blog\/wp-content\/uploads\/2017\/03\/fxr_nataliamigliorini.jpg\" alt=\"\" width=\"782\" height=\"960\" srcset=\"https:\/\/www.mochileiros.com\/blog\/wp-content\/uploads\/2017\/03\/fxr_nataliamigliorini.jpg 782w, https:\/\/www.mochileiros.com\/blog\/wp-content\/uploads\/2017\/03\/fxr_nataliamigliorini-244x300.jpg 244w, https:\/\/www.mochileiros.com\/blog\/wp-content\/uploads\/2017\/03\/fxr_nataliamigliorini-768x943.jpg 768w, https:\/\/www.mochileiros.com\/blog\/wp-content\/uploads\/2017\/03\/fxr_nataliamigliorini-313x384.jpg 313w, https:\/\/www.mochileiros.com\/blog\/wp-content\/uploads\/2017\/03\/fxr_nataliamigliorini-16x20.jpg 16w\" sizes=\"auto, (max-width: 782px) 100vw, 782px\" \/><\/a><p id=\"caption-attachment-23883\" class=\"wp-caption-text\">Cenote il kil &#8211; M\u00e9xico | Foto: Nat\u00e1lia Migliorini\/Arquivo pessoal.<\/p><\/div>\n<div id=\"attachment_23884\" style=\"width: 970px\" class=\"wp-caption aligncenter\"><a href=\"https:\/\/www.mochileiros.com\/blog\/blog\/foto-na-internet-x-foto-na-sua-viagem\/attachment\/fxr_gabrielateles\" rel=\"attachment wp-att-23884\"><img loading=\"lazy\" decoding=\"async\" aria-describedby=\"caption-attachment-23884\" class=\"size-full wp-image-23884\" src=\"https:\/\/www.mochileiros.com\/blog\/wp-content\/uploads\/2017\/03\/fxr_gabrielateles.jpg\" alt=\"\" width=\"960\" height=\"960\" srcset=\"https:\/\/www.mochileiros.com\/blog\/wp-content\/uploads\/2017\/03\/fxr_gabrielateles.jpg 960w, https:\/\/www.mochileiros.com\/blog\/wp-content\/uploads\/2017\/03\/fxr_gabrielateles-150x150.jpg 150w, https:\/\/www.mochileiros.com\/blog\/wp-content\/uploads\/2017\/03\/fxr_gabrielateles-300x300.jpg 300w, https:\/\/www.mochileiros.com\/blog\/wp-content\/uploads\/2017\/03\/fxr_gabrielateles-768x768.jpg 768w, https:\/\/www.mochileiros.com\/blog\/wp-content\/uploads\/2017\/03\/fxr_gabrielateles-80x80.jpg 80w, https:\/\/www.mochileiros.com\/blog\/wp-content\/uploads\/2017\/03\/fxr_gabrielateles-350x350.jpg 350w, https:\/\/www.mochileiros.com\/blog\/wp-content\/uploads\/2017\/03\/fxr_gabrielateles-313x313.jpg 313w, https:\/\/www.mochileiros.com\/blog\/wp-content\/uploads\/2017\/03\/fxr_gabrielateles-20x20.jpg 20w\" sizes=\"auto, (max-width: 960px) 100vw, 960px\" \/><\/a><p id=\"caption-attachment-23884\" class=\"wp-caption-text\">Gabriela Teles pegou um dia raro na cidade do Rio de Janeiro (RJ) | Foto: Arquivo pessoal.<\/p><\/div>\n<div id=\"attachment_23885\" style=\"width: 970px\" class=\"wp-caption aligncenter\"><a href=\"https:\/\/www.mochileiros.com\/blog\/blog\/foto-na-internet-x-foto-na-sua-viagem\/attachment\/fxr_juliamorales\" rel=\"attachment wp-att-23885\"><img loading=\"lazy\" decoding=\"async\" aria-describedby=\"caption-attachment-23885\" class=\"size-full wp-image-23885\" src=\"https:\/\/www.mochileiros.com\/blog\/wp-content\/uploads\/2017\/03\/fxr_juliamorales.jpg\" alt=\"\" width=\"960\" height=\"960\" srcset=\"https:\/\/www.mochileiros.com\/blog\/wp-content\/uploads\/2017\/03\/fxr_juliamorales.jpg 960w, https:\/\/www.mochileiros.com\/blog\/wp-content\/uploads\/2017\/03\/fxr_juliamorales-150x150.jpg 150w, https:\/\/www.mochileiros.com\/blog\/wp-content\/uploads\/2017\/03\/fxr_juliamorales-300x300.jpg 300w, https:\/\/www.mochileiros.com\/blog\/wp-content\/uploads\/2017\/03\/fxr_juliamorales-768x768.jpg 768w, https:\/\/www.mochileiros.com\/blog\/wp-content\/uploads\/2017\/03\/fxr_juliamorales-80x80.jpg 80w, https:\/\/www.mochileiros.com\/blog\/wp-content\/uploads\/2017\/03\/fxr_juliamorales-350x350.jpg 350w, https:\/\/www.mochileiros.com\/blog\/wp-content\/uploads\/2017\/03\/fxr_juliamorales-313x313.jpg 313w, https:\/\/www.mochileiros.com\/blog\/wp-content\/uploads\/2017\/03\/fxr_juliamorales-20x20.jpg 20w\" sizes=\"auto, (max-width: 960px) 100vw, 960px\" \/><\/a><p id=\"caption-attachment-23885\" class=\"wp-caption-text\">&#8220;Ou seja, nenhuma foto da internet vai ser melhor que experimentar o lugar! ENJOY!!!!&#8221; &#8211; Julia Morales | Foto: Arquivo pessoal.<\/p><\/div>\n<p style=\"text-align: left;\">O post que originou a &#8220;brincadeira&#8221; (foto abaixo) est\u00e1 <a href=\"https:\/\/www.facebook.com\/photo.php?fbid=10212486086166358&amp;set=g.23077102259&amp;type=1&amp;theater\" target=\"_blank\" rel=\"noopener noreferrer\">aqui<\/a>. At\u00e9 o momento da publica\u00e7\u00e3o deste, conta com mais de 9.400 curtidas e 460 coment\u00e1rios.<\/p>\n<div id=\"attachment_23894\" style=\"width: 718px\" class=\"wp-caption aligncenter\"><a href=\"https:\/\/www.mochileiros.com\/blog\/blog\/foto-na-internet-x-foto-na-sua-viagem\/attachment\/fxr_alissonvalentim\" rel=\"attachment wp-att-23894\"><img loading=\"lazy\" decoding=\"async\" aria-describedby=\"caption-attachment-23894\" class=\"size-full wp-image-23894\" src=\"https:\/\/www.mochileiros.com\/blog\/wp-content\/uploads\/2017\/03\/fxr_alissonvalentim.jpg\" alt=\"\" width=\"708\" height=\"960\" srcset=\"https:\/\/www.mochileiros.com\/blog\/wp-content\/uploads\/2017\/03\/fxr_alissonvalentim.jpg 708w, https:\/\/www.mochileiros.com\/blog\/wp-content\/uploads\/2017\/03\/fxr_alissonvalentim-221x300.jpg 221w, https:\/\/www.mochileiros.com\/blog\/wp-content\/uploads\/2017\/03\/fxr_alissonvalentim-313x424.jpg 313w, https:\/\/www.mochileiros.com\/blog\/wp-content\/uploads\/2017\/03\/fxr_alissonvalentim-15x20.jpg 15w\" sizes=\"auto, (max-width: 708px) 100vw, 708px\" \/><\/a><p id=\"caption-attachment-23894\" class=\"wp-caption-text\">Banff &#8211; Canad\u00e1 | Foto: Alisson Valentim\/Arquivo pessoal.<\/p><\/div>\n<p><strong>Nota:<\/strong> <em>Vale ressaltar que neste post n\u00e3o devem ser consideradas\u00a0condi\u00e7\u00f5es clim\u00e1ticas e ou aplica\u00e7\u00e3o de t\u00e9cnicas fotogr\u00e1ficas ou de edi\u00e7\u00e3o, tanto nas fotos encontradas na Internet como nas feitas pelos viajantes. N\u00e3o \u00e9 um post com car\u00e1ter cr\u00edtico (sobre a qualidade desta ou daquela imagem).<\/em><\/p>\n<p style=\"text-align: left;\">\n","protected":false},"excerpt":{"rendered":"<p>A brincadeira com a diferen\u00e7a\u00a0das fotos de variados destinos do mundo publicadas na internet, daquelas feitas num dia no meio de um mochil\u00e3o come\u00e7ou com um post em um dos grupos de viagem mais movimentados do Facebook, o do Mochileiros. Nele, o viajante Alisson Valentim publicou uma foto da cidade de Banff, no Canad\u00e1, mostrando [&hellip;]<\/p>\n","protected":false},"author":55,"featured_media":23889,"comment_status":"open","ping_status":"closed","sticky":false,"template":"","format":"standard","meta":{"googlesitekit_rrm_CAoiELM5mIOjYRN0nfylq3_9r-8:productID":"","_crdt_document":"","_daim_seo_power":"","_daim_enable_ail":"","footnotes":""},"categories":[168],"tags":[39],"class_list":["post-23867","post","type-post","status-publish","format-standard","has-post-thumbnail","hentry","category-blog","tag-fotografia-de-viagem"],"_links":{"self":[{"href":"https:\/\/www.mochileiros.com\/blog\/wp-json\/wp\/v2\/posts\/23867","targetHints":{"allow":["GET"]}}],"collection":[{"href":"https:\/\/www.mochileiros.com\/blog\/wp-json\/wp\/v2\/posts"}],"about":[{"href":"https:\/\/www.mochileiros.com\/blog\/wp-json\/wp\/v2\/types\/post"}],"author":[{"embeddable":true,"href":"https:\/\/www.mochileiros.com\/blog\/wp-json\/wp\/v2\/users\/55"}],"replies":[{"embeddable":true,"href":"https:\/\/www.mochileiros.com\/blog\/wp-json\/wp\/v2\/comments?post=23867"}],"version-history":[{"count":0,"href":"https:\/\/www.mochileiros.com\/blog\/wp-json\/wp\/v2\/posts\/23867\/revisions"}],"wp:featuredmedia":[{"embeddable":true,"href":"https:\/\/www.mochileiros.com\/blog\/wp-json\/wp\/v2\/media\/23889"}],"wp:attachment":[{"href":"https:\/\/www.mochileiros.com\/blog\/wp-json\/wp\/v2\/media?parent=23867"}],"wp:term":[{"taxonomy":"category","embeddable":true,"href":"https:\/\/www.mochileiros.com\/blog\/wp-json\/wp\/v2\/categories?post=23867"},{"taxonomy":"post_tag","embeddable":true,"href":"https:\/\/www.mochileiros.com\/blog\/wp-json\/wp\/v2\/tags?post=23867"}],"curies":[{"name":"wp","href":"https:\/\/api.w.org\/{rel}","templated":true}]}}