{"id":24160,"date":"2017-03-30T19:11:01","date_gmt":"2017-03-30T22:11:01","guid":{"rendered":"https:\/\/www.mochileiros.com\/blog\/blog\/eco-durismo-03-noites-e-02-dias-por-r-2000"},"modified":"2018-09-24T18:46:12","modified_gmt":"2018-09-24T21:46:12","slug":"eco-durismo-03-noites-e-02-dias-por-r-2000","status":"publish","type":"post","link":"https:\/\/www.mochileiros.com\/blog\/eco-durismo-03-noites-e-02-dias-por-r-2000","title":{"rendered":"Praia do Sono: 03 noites e 02 dias por R$ 20,00"},"content":{"rendered":"<p>Enfim chegamos at\u00e9 a praia, ap\u00f3s cerca de 1:40h de trilha (somando o tempo que tivemos que voltar para procurar o dinheiro que foi perdido no \u00a0caminho, conforme relatamos na primeira parte da hist\u00f3ria&#8230;<\/p>\n<p>Bagagens na areia e mergulho direto no mar pra tirar o suor da trilha e esquecer que perdemos a maior parte da grana dispon\u00edvel por causa de uma simples mijada.<\/p>\n<p>Cada casal ainda tinha R$ 100,00 exatos pra passar os tr\u00eas dias na praia. Pra alguns, seria perrengue certo, mas pra gente era uma fortuna que ainda seria poss\u00edvel retornar com troco, hehehe. S\u00f3 de pensar que hav\u00edamos perdido R$250,00 no caminho.<\/p>\n<p>Enfim, t\u00ednhamos mantimentos suficientes, barracas, redes e um arp\u00e3o para pesca. Luxo total.<\/p>\n<p>Assista:<\/p>\n<p><iframe loading=\"lazy\" width=\"740\" height=\"416\" src=\"https:\/\/www.youtube.com\/embed\/kbKkI-y0qa8?feature=oembed\" frameborder=\"0\" allow=\"autoplay; encrypted-media\" allowfullscreen><\/iframe><\/p>\n<p>Ap\u00f3s o banho de mar de quase 2h, seguimos caminhando pela areia a procura do camping com o melhor pre\u00e7o e todos na m\u00e9dia de R$ 15,00 por pessoa, oferecendo os luxuosos servi\u00e7os de um chuveiro quente e uma cozinha com fog\u00f5es velhos e algumas panelas. Pre\u00e7os normais, mas como estamos falando de EcoDurismo, vale pesquisar at\u00e9 a \u00faltima possibilidade, sempre.<\/p>\n<p>E n\u00e3o deu outra, chegamos at\u00e9 o camping do Seu Ant\u00f4nio e Dona Ada, simp\u00e1tico casal de velhinhos que cede seu generoso quintal para os mais duros. O pre\u00e7o \u00e9 \u00fanico o ano inteiro&#8230; R$ 10 pilas por cabe\u00e7a&#8230; Lindo!!! Bem no meio da praia, ao lado da trilha pra cachoeira&#8230; O terreno \u00e9 bem amplo&#8230; N\u00e3o h\u00e1 pontos de luz no camping, muito menos chuveiros quentes e a cozinha \u00e9 composta por uma pia e um fog\u00e3o a lenha&#8230; Sem contar com a popula\u00e7\u00e3o de galinhas (de dia) e sapos (de noite) que faziam a sinfonia do local&#8230; Nada t\u00e3o ensurdecedor quanto a \u00fanica igreja evang\u00e9lica da praia que tamb\u00e9m \u00e9 colada ao camping&#8230; Perfeito, era o que bastava pra n\u00f3s&#8230; Quer luxo vai pra Dubai, e n\u00e3o para a Praia do Sono.<\/p>\n<p>Ali nos instalamos, e passamos as duas noites (total de R$ 40 por casal) o que nos permitiu at\u00e9 beber uma cerveja em uma das noites e esquecer que era desnecess\u00e1rio ter trazido mais dinheiro&#8230; Talvez por isso algo tenha feito o franc\u00eas perder a pochete antes de chegar.<\/p>\n<p>E n\u00e3o deu outra, chegamos at\u00e9 o camping do Seu Ant\u00f4nio e Dona Ada, simp\u00e1tico casal de velhinhos que cede seu generoso quintal para os mais duros. O pre\u00e7o \u00e9 \u00fanico o ano inteiro&#8230; R$ 10 pilas por cabe\u00e7a&#8230; Lindo!!! Bem no meio da praia, ao lado da trilha pra cachoeira&#8230; O terreno \u00e9 bem amplo&#8230; N\u00e3o h\u00e1 pontos de luz no camping, muito menos chuveiros quentes e a cozinha \u00e9 composta por uma pia e um fog\u00e3o a lenha&#8230; Sem contar com a popula\u00e7\u00e3o de galinhas (de dia) e sapos (de noite) que faziam a sinfonia do local&#8230; Nada t\u00e3o ensurdecedor quanto a \u00fanica igreja evang\u00e9lica da praia que tamb\u00e9m \u00e9 colada ao camping&#8230; Perfeito, era o que bastava pra n\u00f3s&#8230; Quer luxo vai pra Dubai, e n\u00e3o para a Praia do Sono.<\/p>\n<p>Ali nos instalamos, e passamos as duas noites (total de R$ 40 por casal) o que nos permitiu at\u00e9 beber uma cerveja em uma das noites e esquecer que era desnecess\u00e1rio ter trazido mais dinheiro&#8230; Talvez por isso algo tenha feito o franc\u00eas perder a pochete antes de chegar.<\/p>\n<p>Dona Ada, a Tiazinha propriet\u00e1ria do camping, sempre muito simp\u00e1tica, sempre visitava nossas barracas portando um caderninho e caneta para anotar alguma express\u00e3o em franc\u00eas, pois sonhava um dia poder falar o idioma, e como havia dois franceses no grupo, dobrava a possibilidade de ganhar um professor durante esses dias.<\/p>\n<p><strong>Hora de comer<\/strong><\/p>\n<p>A hora mais maneira de acampar \u00e9 quando precisa cozinhar, e quanto menos estrutura, parece que os rangos ficam melhores ainda&#8230; N\u00e3o pense que s\u00f3 porque viajamos duros que s\u00f3 fazemos miojo&#8230; N\u00e3o, n\u00e3o&#8230; Alta gastrodureza&#8230; Fog\u00e3ozinho a lenha e panelinhas de ferro a disposi\u00e7\u00e3o&#8230; At\u00e9 feijoada rolou.<\/p>\n<p>O arp\u00e3o que levamos pra pescar s\u00f3 serviu de tralha pra pesar na trilha, pois apesar de algumas tentativas, os peixes tiveram mais sorte do que n\u00f3s, e tivemos que nos contentar s\u00f3 com as latas de atum e sardinha que levamos.<\/p>\n<p>Caf\u00e9 da manh\u00e3 tamb\u00e9m bem servido com o que levamos, e sempre muito f\u00e1cil achar plantas frut\u00edferas na regi\u00e3o pra quem complementar.<\/p>\n<p>Assim passamos os tr\u00eas dias, com um gasto total de R$ 20 reais por cabe\u00e7a para o camping e na tarde do ultimo dia, retornamos a trilha com bem menos peso e ainda tivemos a ilustre companhia da pr\u00f3pria Dona Ada, que aos 70 anos fez a trilha conosco e ainda pegou carona na kombosa at\u00e9 o centro de Paraty para resolver algumas coisas.<\/p>\n<p>Ah, quem leu a primeira parte da hist\u00f3ria aqui deve estar perguntando sobre as irlandesas que entraram no bonde de \u00faltima hora&#8230; Coitadas, as meninas que quase morreram com o calor da trilha, e dormiram a primeira noite no camping com a barraca escrota que arrumei, jantaram a primeira noite com a gente, um macarr\u00e3o com atum acompanhado de uma bela ta\u00e7a de catuaba e foi o estopim pra elas: passaram mal e tiveram que alugar um quartinho. Mas agora passam bem e seguiram viagem pelo Brasil.<\/p>\n<p><strong>At\u00e9 o pr\u00f3ximo rol\u00e9!!!<\/strong><\/p>\n<p><em><strong>As 5 dicas pros duros que querem ir a Praia do Sono:<\/strong><\/em><\/p>\n<p>&#8211; S\u00f3 h\u00e1 duas formas de se chegar partindo de Laranjeiras: via barco (pago) ou via trilha de aprox 1hora;<\/p>\n<p>&#8211; H\u00e1 muitas op\u00e7\u00f5es de camping e quartos para alugar na areia da praia. O camping do Seu Antonio (ao lado da trilha pra cachu) \u00e9 o mais barato, mas n\u00e3o h\u00e1 chuveiro quente e o fog\u00e3o \u00e9 a lenha;<\/p>\n<p>&#8211; Leve mantimentos necess\u00e1rios. H\u00e1 uma pequena mercearia na praia e alguns restaurantes, mas os pre\u00e7os n\u00e3o s\u00e3o muito convidativos;<\/p>\n<p>&#8211; Quase n\u00e3o h\u00e1 sinal de celular, bancos nem pensar e s\u00e3o poucos os lugares que aceitam cart\u00e3o;<\/p>\n<p>&#8211; N\u00e3o deixe de visitar as cachoeiras. Caminhando um pouco mais \u00e9 poss\u00edvel visitar as praias de Antigos, Antiguinhos e Ponta Negra.<\/p>\n<p>Dona Ada, a Tiazinha propriet\u00e1ria do camping, sempre muito simp\u00e1tica, sempre visitava nossas barracas portando um caderninho e caneta para anotar alguma express\u00e3o em franc\u00eas, pois sonhava um dia poder falar o idioma, e como havia dois franceses no grupo, dobrava a possibilidade de ganhar um professor durante esses dias.<\/p>\n","protected":false},"excerpt":{"rendered":"<p>Enfim chegamos at\u00e9 a praia, ap\u00f3s cerca de 1:40h de trilha (somando o tempo que tivemos que voltar para procurar o dinheiro que foi perdido no \u00a0caminho, conforme relatamos na primeira parte da hist\u00f3ria&#8230; Bagagens na areia e mergulho direto no mar pra tirar o suor da trilha e esquecer que perdemos a maior parte [&hellip;]<\/p>\n","protected":false},"author":1069,"featured_media":24157,"comment_status":"open","ping_status":"closed","sticky":false,"template":"","format":"standard","meta":{"googlesitekit_rrm_CAoiELM5mIOjYRN0nfylq3_9r-8:productID":"","_crdt_document":"","_daim_seo_power":"","_daim_enable_ail":"","footnotes":""},"categories":[1193],"tags":[1175,1522,66,1520],"class_list":["post-24160","post","type-post","status-publish","format-standard","has-post-thumbnail","hentry","category-brasil","tag-paraty","tag-praia-do-sono","tag-rio-de-janeiro","tag-viagem-de-kombi"],"_links":{"self":[{"href":"https:\/\/www.mochileiros.com\/blog\/wp-json\/wp\/v2\/posts\/24160","targetHints":{"allow":["GET"]}}],"collection":[{"href":"https:\/\/www.mochileiros.com\/blog\/wp-json\/wp\/v2\/posts"}],"about":[{"href":"https:\/\/www.mochileiros.com\/blog\/wp-json\/wp\/v2\/types\/post"}],"author":[{"embeddable":true,"href":"https:\/\/www.mochileiros.com\/blog\/wp-json\/wp\/v2\/users\/1069"}],"replies":[{"embeddable":true,"href":"https:\/\/www.mochileiros.com\/blog\/wp-json\/wp\/v2\/comments?post=24160"}],"version-history":[{"count":0,"href":"https:\/\/www.mochileiros.com\/blog\/wp-json\/wp\/v2\/posts\/24160\/revisions"}],"wp:featuredmedia":[{"embeddable":true,"href":"https:\/\/www.mochileiros.com\/blog\/wp-json\/wp\/v2\/media\/24157"}],"wp:attachment":[{"href":"https:\/\/www.mochileiros.com\/blog\/wp-json\/wp\/v2\/media?parent=24160"}],"wp:term":[{"taxonomy":"category","embeddable":true,"href":"https:\/\/www.mochileiros.com\/blog\/wp-json\/wp\/v2\/categories?post=24160"},{"taxonomy":"post_tag","embeddable":true,"href":"https:\/\/www.mochileiros.com\/blog\/wp-json\/wp\/v2\/tags?post=24160"}],"curies":[{"name":"wp","href":"https:\/\/api.w.org\/{rel}","templated":true}]}}