{"id":24337,"date":"2017-04-04T07:22:06","date_gmt":"2017-04-04T10:22:06","guid":{"rendered":"https:\/\/www.mochileiros.com\/blog\/?p=24337"},"modified":"2019-10-01T13:54:53","modified_gmt":"2019-10-01T16:54:53","slug":"uma-viagem-de-511-dias-de-carona-ate-a-india","status":"publish","type":"post","link":"https:\/\/www.mochileiros.com\/blog\/uma-viagem-de-511-dias-de-carona-ate-a-india","title":{"rendered":"Uma viagem de 511 dias de carona at\u00e9 a \u00cdndia"},"content":{"rendered":"<p>Viagens de carona se tornaram raras, s\u00e3o poucos os viajantes que &#8220;se arriscam&#8221; nessa pr\u00e1tica que j\u00e1 foi quase um\u00a0requisito para qualquer mochileiro que se preze. \u00a0N\u00f3s j\u00e1 publicamos\u00a0aqui algumas hist\u00f3rias sobre <span style=\"text-decoration: underline;\"><a href=\"https:\/\/www.mochileiros.com\/blog\/?s=carona\" target=\"_blank\" rel=\"noopener noreferrer\">viagens de carona<\/a><\/span> e nesse post iremos trazer\u00a0a do casal Boris Kanev e Marta Samalea que realizou algo que muita gente, assim como eu, nunca parou pra pensar. Como entrar na \u00cdndia por terra?<\/p>\n<p>De um lado est\u00e1\u00a0o mar, do outro a cordilheira dos Himalaias.\u00a0Ao noroeste, est\u00e3o\u00a0Paquist\u00e3o e Afeganist\u00e3o. Voc\u00ea j\u00e1 percebeu o tamanho do perrengue? \u00c9\u00a0uma\u00a0viagem que\u00a0n\u00e3o vale a pena&#8230; vale a granja toda! \ud83d\ude00<\/p>\n<p><strong>Uma viagem de 511 dias por terra at\u00e9\u00a0a \u00cdndia<\/strong><\/p>\n<p>Desde a pr\u00e9-hist\u00f3ria o Homo sapiens\u00a0viaja a p\u00e9 pelas rotas da \u00c1sia. \u00a0H\u00e1 2.000 anos, a Rota\u00a0da Seda por exemplo, era\u00a0uma\u00a0dessas redes\u00a0que ligava toda a regi\u00e3o atrav\u00e9s do com\u00e9rcio e\u00a0h\u00e1 evid\u00eancias de\u00a0rotas de com\u00e9rcio ainda mais antigas. \u00a0Entre\u00a01950 e\u00a01970, a Rota da Seda se tornou um\u00a0ponto de jornada para as caravanas hippies. \u00a0Hoje, com as fronteiras fechadas e a instabilidade na regi\u00e3o, \u00e9 muito dif\u00edcil viajar por terra at\u00e9 a\u00a0\u00cdndia, mas isso n\u00e3o impediu o casal de viajantes,\u00a0Boris Kanev e Marta Samalea de realizar esse feito.<\/p>\n<div id=\"attachment_24341\" style=\"width: 1010px\" class=\"wp-caption alignnone\"><a href=\"https:\/\/www.mochileiros.com\/blog\/wp-content\/uploads\/2017\/04\/12068715_908227675925517_3600636791409339334_o.jpg\"><img loading=\"lazy\" decoding=\"async\" aria-describedby=\"caption-attachment-24341\" class=\"size-large wp-image-24341\" src=\"https:\/\/www.mochileiros.com\/blog\/wp-content\/uploads\/2017\/04\/12068715_908227675925517_3600636791409339334_o-1024x680.jpg\" alt=\"\" width=\"1000\" height=\"664\" srcset=\"https:\/\/www.mochileiros.com\/blog\/wp-content\/uploads\/2017\/04\/12068715_908227675925517_3600636791409339334_o-1024x680.jpg 1024w, https:\/\/www.mochileiros.com\/blog\/wp-content\/uploads\/2017\/04\/12068715_908227675925517_3600636791409339334_o-300x199.jpg 300w, https:\/\/www.mochileiros.com\/blog\/wp-content\/uploads\/2017\/04\/12068715_908227675925517_3600636791409339334_o-768x510.jpg 768w, https:\/\/www.mochileiros.com\/blog\/wp-content\/uploads\/2017\/04\/12068715_908227675925517_3600636791409339334_o-313x208.jpg 313w, https:\/\/www.mochileiros.com\/blog\/wp-content\/uploads\/2017\/04\/12068715_908227675925517_3600636791409339334_o-20x13.jpg 20w, https:\/\/www.mochileiros.com\/blog\/wp-content\/uploads\/2017\/04\/12068715_908227675925517_3600636791409339334_o.jpg 2048w\" sizes=\"auto, (max-width: 1000px) 100vw, 1000px\" \/><\/a><p id=\"caption-attachment-24341\" class=\"wp-caption-text\">Dia 366. Pedindo carona em uma estrada em Yunnan (China)<\/p><\/div>\n<p>Firmes no ideal de que\u00a0&#8220;uma vez que os seres humanos t\u00eam p\u00e9s\u00a0e n\u00e3o asas, devem ser capazes de chegar a qualquer canto do continente euro-asi\u00e1tico por terra&#8221;, eles passaram 511 dias pedindo carona\u00a0ao redor da \u00cdndia, tentando encontrar uma porta aberta para\u00a0chegar at\u00e9 l\u00e1! \u00a0Digamos que \u00e9 o tipo de viagem um pouco mais arriscada\u00a0que pegar uma caroninha na BR com medo de ser assaltado! Certo?<\/p>\n<div id=\"attachment_24339\" style=\"width: 1039px\" class=\"wp-caption alignnone\"><a href=\"https:\/\/www.mochileiros.com\/blog\/wp-content\/uploads\/2017\/04\/12314438_932632193485065_357328718881538126_o.jpg\"><img loading=\"lazy\" decoding=\"async\" aria-describedby=\"caption-attachment-24339\" class=\"wp-image-24339 size-full\" src=\"https:\/\/www.mochileiros.com\/blog\/wp-content\/uploads\/2017\/04\/12314438_932632193485065_357328718881538126_o.jpg\" alt=\"\" width=\"1029\" height=\"683\" srcset=\"https:\/\/www.mochileiros.com\/blog\/wp-content\/uploads\/2017\/04\/12314438_932632193485065_357328718881538126_o.jpg 1029w, https:\/\/www.mochileiros.com\/blog\/wp-content\/uploads\/2017\/04\/12314438_932632193485065_357328718881538126_o-300x199.jpg 300w, https:\/\/www.mochileiros.com\/blog\/wp-content\/uploads\/2017\/04\/12314438_932632193485065_357328718881538126_o-768x510.jpg 768w, https:\/\/www.mochileiros.com\/blog\/wp-content\/uploads\/2017\/04\/12314438_932632193485065_357328718881538126_o-1024x680.jpg 1024w, https:\/\/www.mochileiros.com\/blog\/wp-content\/uploads\/2017\/04\/12314438_932632193485065_357328718881538126_o-313x208.jpg 313w, https:\/\/www.mochileiros.com\/blog\/wp-content\/uploads\/2017\/04\/12314438_932632193485065_357328718881538126_o-20x13.jpg 20w\" sizes=\"auto, (max-width: 1029px) 100vw, 1029px\" \/><\/a><p id=\"caption-attachment-24339\" class=\"wp-caption-text\">Boris, Marta e o gato Burma &#8211; Foto: http:\/\/rovingsnails.com<\/p><\/div>\n<p>Durante a\u00a0jornada\u00a0descobriram que precisariam de um visto para entrar no Paquist\u00e3o, um visto que eles n\u00e3o poderiam obter\u00a0e mesmo conseguindo , \u00a0precisariam de uma escolta militar para atravessar 600 km dessa viagem com &#8220;seguran\u00e7a&#8221;. \u00c9 a regi\u00e3o onde o Bin Laden andou &#8220;passeando&#8221;. Tranquilinha!<\/p>\n<p>J\u00e1 no\u00a0Afeganist\u00e3o, a\u00a0mistura do\u00a0Talib\u00e3\u00a0com o resultado\u00a0da invas\u00e3o americana, deixou as fronteiras fechadas e muita&#8230; muita treta! H\u00e1 inclusive hist\u00f3rias de sequestros de turistas e tudo mais, portanto essa possibilidade ficou de fora.<\/p>\n<p>O jeito ent\u00e3o era seguir\u00a0a velha Rota da Seda, na \u00c1sia Central, ainda muito longe da \u00cdndia\u00a0e seguir na f\u00e9.<\/p>\n<div id=\"attachment_24340\" style=\"width: 1010px\" class=\"wp-caption alignnone\"><a href=\"https:\/\/www.mochileiros.com\/blog\/wp-content\/uploads\/2017\/04\/11000595_837543109660641_5465456677798265152_o.jpg\"><img loading=\"lazy\" decoding=\"async\" aria-describedby=\"caption-attachment-24340\" class=\"wp-image-24340 size-large\" src=\"https:\/\/www.mochileiros.com\/blog\/wp-content\/uploads\/2017\/04\/11000595_837543109660641_5465456677798265152_o-1024x394.jpg\" alt=\"\" width=\"1000\" height=\"385\" srcset=\"https:\/\/www.mochileiros.com\/blog\/wp-content\/uploads\/2017\/04\/11000595_837543109660641_5465456677798265152_o-1024x394.jpg 1024w, https:\/\/www.mochileiros.com\/blog\/wp-content\/uploads\/2017\/04\/11000595_837543109660641_5465456677798265152_o-300x115.jpg 300w, https:\/\/www.mochileiros.com\/blog\/wp-content\/uploads\/2017\/04\/11000595_837543109660641_5465456677798265152_o-768x296.jpg 768w, https:\/\/www.mochileiros.com\/blog\/wp-content\/uploads\/2017\/04\/11000595_837543109660641_5465456677798265152_o-313x120.jpg 313w, https:\/\/www.mochileiros.com\/blog\/wp-content\/uploads\/2017\/04\/11000595_837543109660641_5465456677798265152_o-20x8.jpg 20w\" sizes=\"auto, (max-width: 1000px) 100vw, 1000px\" \/><\/a><p id=\"caption-attachment-24340\" class=\"wp-caption-text\">511 dia de carona at\u00e9 a \u00cdndia<\/p><\/div>\n<p>Na\u00a0Rota da Seda, eles pedalaram do\u00a0sul da China at\u00e9\u00a0o sudeste da \u00c1sia e depois de quase um ano e meio foram recompensados \u200bpela\u00a0beleza das\u00a0montanhas birmanesas chegando at\u00e9 a\u00a0\u00cdndia por Mianmar (Confira <a href=\"https:\/\/www.mochileiros.com\/blog\/blog\/dez-motivos-para-visitar-myanmar\" target=\"_blank\" rel=\"noopener noreferrer\">aqui<\/a> &#8220;10 motivos para conhecer o Mianmar tamb\u00e9m) e Bangladesh.<\/p>\n<p>Segundo palavras dos pr\u00f3prios viajantes:\u00a0&#8220;Viajamos durante 511 dias procurando um caminho para entrar na \u00cdndia, pedindo carona em todos os tipos de estradas e cruzando todas as fronteiras por terra, em uma busca para chegar ao subcontinente sem tomar um avi\u00e3o, inspirados pelos viajantes medievais, pelos viajantes do s\u00e9culo XIX, \u00a0pelos exploradores e provavelmente mais do que gostar\u00edamos de admitir, pelos espirituosos e livres hippies dos anos 60.<\/p>\n<div id=\"attachment_24342\" style=\"width: 1010px\" class=\"wp-caption alignnone\"><a href=\"https:\/\/www.mochileiros.com\/blog\/wp-content\/uploads\/2017\/04\/12027393_902193676528917_3484833212208332043_o.jpg\"><img loading=\"lazy\" decoding=\"async\" aria-describedby=\"caption-attachment-24342\" class=\"size-large wp-image-24342\" src=\"https:\/\/www.mochileiros.com\/blog\/wp-content\/uploads\/2017\/04\/12027393_902193676528917_3484833212208332043_o-1024x680.jpg\" alt=\"\" width=\"1000\" height=\"664\" srcset=\"https:\/\/www.mochileiros.com\/blog\/wp-content\/uploads\/2017\/04\/12027393_902193676528917_3484833212208332043_o-1024x680.jpg 1024w, https:\/\/www.mochileiros.com\/blog\/wp-content\/uploads\/2017\/04\/12027393_902193676528917_3484833212208332043_o-300x199.jpg 300w, https:\/\/www.mochileiros.com\/blog\/wp-content\/uploads\/2017\/04\/12027393_902193676528917_3484833212208332043_o-768x510.jpg 768w, https:\/\/www.mochileiros.com\/blog\/wp-content\/uploads\/2017\/04\/12027393_902193676528917_3484833212208332043_o-313x208.jpg 313w, https:\/\/www.mochileiros.com\/blog\/wp-content\/uploads\/2017\/04\/12027393_902193676528917_3484833212208332043_o-20x13.jpg 20w, https:\/\/www.mochileiros.com\/blog\/wp-content\/uploads\/2017\/04\/12027393_902193676528917_3484833212208332043_o.jpg 1029w\" sizes=\"auto, (max-width: 1000px) 100vw, 1000px\" \/><\/a><p id=\"caption-attachment-24342\" class=\"wp-caption-text\">Burma: o companheiro felino!<\/p><\/div>\n<p>Olha&#8230;\u00a0t\u00e1 a\u00ed uma viagem que eu\u00a0quero fazer antes de embarcar pro Al\u00e9m! \u00a0Sensacional!<\/p>\n<p>Voc\u00ea pode conferir mais das aventuras e perrengues do casal acessando o <span style=\"text-decoration: underline;\"><a href=\"http:\/\/rovingsnails.com\/\" target=\"_blank\" rel=\"noopener noreferrer\">site<\/a><\/span> e a <span style=\"text-decoration: underline;\"><a href=\"https:\/\/www.facebook.com\/rovingsnails\/\" target=\"_blank\" rel=\"noopener noreferrer\">p\u00e1gina do Facebook<\/a><\/span> deles. \u00a0E eles n\u00e3o viajaram em dupla, viajaram em trio, o terceiro componente \u00e9 um gato, o\u00a0<span style=\"text-decoration: underline;\"><a href=\"http:\/\/rovingsnails.com\/index.php\/roving-snails-about\/\" target=\"_blank\" rel=\"noopener noreferrer\">Burma<\/a><\/span>.<\/p>\n<p>&nbsp;<\/p>\n","protected":false},"excerpt":{"rendered":"<p>Viagens de carona se tornaram raras, s\u00e3o poucos os viajantes que &#8220;se arriscam&#8221; nessa pr\u00e1tica que j\u00e1 foi quase um\u00a0requisito para qualquer mochileiro que se preze. \u00a0N\u00f3s j\u00e1 publicamos\u00a0aqui algumas hist\u00f3rias sobre viagens de carona e nesse post iremos trazer\u00a0a do casal Boris Kanev e Marta Samalea que realizou algo que muita gente, assim como [&hellip;]<\/p>\n","protected":false},"author":1,"featured_media":24338,"comment_status":"open","ping_status":"closed","sticky":false,"template":"","format":"standard","meta":{"googlesitekit_rrm_CAoiELM5mIOjYRN0nfylq3_9r-8:productID":"","_crdt_document":"","_daim_seo_power":"1000","_daim_enable_ail":"1","footnotes":""},"categories":[160],"tags":[103,1184,2599],"class_list":["post-24337","post","type-post","status-publish","format-standard","has-post-thumbnail","hentry","category-asia","tag-carona","tag-india","tag-viajar-de-carona"],"_links":{"self":[{"href":"https:\/\/www.mochileiros.com\/blog\/wp-json\/wp\/v2\/posts\/24337","targetHints":{"allow":["GET"]}}],"collection":[{"href":"https:\/\/www.mochileiros.com\/blog\/wp-json\/wp\/v2\/posts"}],"about":[{"href":"https:\/\/www.mochileiros.com\/blog\/wp-json\/wp\/v2\/types\/post"}],"author":[{"embeddable":true,"href":"https:\/\/www.mochileiros.com\/blog\/wp-json\/wp\/v2\/users\/1"}],"replies":[{"embeddable":true,"href":"https:\/\/www.mochileiros.com\/blog\/wp-json\/wp\/v2\/comments?post=24337"}],"version-history":[{"count":0,"href":"https:\/\/www.mochileiros.com\/blog\/wp-json\/wp\/v2\/posts\/24337\/revisions"}],"wp:featuredmedia":[{"embeddable":true,"href":"https:\/\/www.mochileiros.com\/blog\/wp-json\/wp\/v2\/media\/24338"}],"wp:attachment":[{"href":"https:\/\/www.mochileiros.com\/blog\/wp-json\/wp\/v2\/media?parent=24337"}],"wp:term":[{"taxonomy":"category","embeddable":true,"href":"https:\/\/www.mochileiros.com\/blog\/wp-json\/wp\/v2\/categories?post=24337"},{"taxonomy":"post_tag","embeddable":true,"href":"https:\/\/www.mochileiros.com\/blog\/wp-json\/wp\/v2\/tags?post=24337"}],"curies":[{"name":"wp","href":"https:\/\/api.w.org\/{rel}","templated":true}]}}