{"id":24876,"date":"2017-04-21T17:37:59","date_gmt":"2017-04-21T20:37:59","guid":{"rendered":"https:\/\/www.mochileiros.com\/blog\/?p=24876"},"modified":"2017-04-21T18:26:53","modified_gmt":"2017-04-21T21:26:53","slug":"o-poder-de-uma-viagem","status":"publish","type":"post","link":"https:\/\/www.mochileiros.com\/blog\/o-poder-de-uma-viagem","title":{"rendered":"O poder de uma viagem"},"content":{"rendered":"<p style=\"text-align: left;\"><strong>(Tradu\u00e7\u00e3o livre):<\/strong><br \/>\n<em>Nada como viajar para combater o preconceito, a intoler\u00e2ncia e as mentes fechadas.<\/em><br \/>\n<em>Viajar te deixa mais modesto e o faz perceber o qu\u00e3o pequeno voc\u00ea \u00e9.<\/em><br \/>\n<em>Te leva ao desconhecido, aflora suas emo\u00e7\u00f5es e lhe obriga a descobrir novos caminhos.<\/em><br \/>\n<em>Faz com que voc\u00ea perceba o qu\u00e3o equivocado estava a respeito dos outros.<\/em><br \/>\n<em>Ao final do trajeto sua mente ter\u00e1 expandido e as lacunas ter\u00e3o sido preenchidas.<\/em><br \/>\n<em>Voc\u00ea n\u00e3o voltar\u00e1 (somente) com novas paisagens em sua cabe\u00e7a, mas (sim) com um novo olhar sobre o mundo ou com novos olhos para enxerg\u00e1-lo.<\/em><\/p>\n<div id=\"attachment_24877\" style=\"width: 810px\" class=\"wp-caption aligncenter\"><a href=\"https:\/\/www.mochileiros.com\/blog\/blog\/o-poder-de-uma-viagem\/attachment\/pictoline\" rel=\"attachment wp-att-24877\"><img loading=\"lazy\" decoding=\"async\" aria-describedby=\"caption-attachment-24877\" class=\"size-full wp-image-24877\" src=\"https:\/\/www.mochileiros.com\/blog\/wp-content\/uploads\/2017\/04\/pictoline.png\" alt=\"\" width=\"800\" height=\"1000\" srcset=\"https:\/\/www.mochileiros.com\/blog\/wp-content\/uploads\/2017\/04\/pictoline.png 800w, https:\/\/www.mochileiros.com\/blog\/wp-content\/uploads\/2017\/04\/pictoline-240x300.png 240w, https:\/\/www.mochileiros.com\/blog\/wp-content\/uploads\/2017\/04\/pictoline-768x960.png 768w, https:\/\/www.mochileiros.com\/blog\/wp-content\/uploads\/2017\/04\/pictoline-313x391.png 313w, https:\/\/www.mochileiros.com\/blog\/wp-content\/uploads\/2017\/04\/pictoline-16x20.png 16w\" sizes=\"auto, (max-width: 800px) 100vw, 800px\" \/><\/a><p id=\"caption-attachment-24877\" class=\"wp-caption-text\">Arte e ilustra\u00e7\u00e3o: <a href=\"http:\/\/pictoline.com\/\" target=\"_blank\" rel=\"noopener\">Pictoline.com.<\/a><\/p><\/div>\n<p>Baseado em frases de 1- Mark Twain | 2- Gustave Flaubert | 3- Gaby Basora | 4- Peter Hoeg | 5- Nils Kjaer | 6- Aldous Huxley | 7- Sheda Savage | 8- Marcel Proust<\/p>\n<h3>Leia tamb\u00e9m<\/h3>\n<p>Ser mochileiro (<a href=\"https:\/\/www.mochileiros.com\/blog\/blog\/ser-mochileiro\" target=\"_blank\">aqui<\/a>)<br \/>\nA &#8216;S\u00edndrome do eterno viajante&#8217; (<a href=\"https:\/\/www.mochileiros.com\/blog\/blog\/a-sindrome-do-eterno-viajante\" target=\"_blank\">aqui<\/a>)<\/p>\n","protected":false},"excerpt":{"rendered":"<p>(Tradu\u00e7\u00e3o livre): Nada como viajar para combater o preconceito, a intoler\u00e2ncia e as mentes fechadas. Viajar te deixa mais modesto e o faz perceber o qu\u00e3o pequeno voc\u00ea \u00e9. Te leva ao desconhecido, aflora suas emo\u00e7\u00f5es e lhe obriga a descobrir novos caminhos. Faz com que voc\u00ea perceba o qu\u00e3o equivocado estava a respeito dos [&hellip;]<\/p>\n","protected":false},"author":55,"featured_media":24879,"comment_status":"open","ping_status":"closed","sticky":false,"template":"","format":"standard","meta":{"googlesitekit_rrm_CAoiELM5mIOjYRN0nfylq3_9r-8:productID":"","_crdt_document":"","_daim_seo_power":"","_daim_enable_ail":"","footnotes":""},"categories":[168],"tags":[1206],"class_list":["post-24876","post","type-post","status-publish","format-standard","has-post-thumbnail","hentry","category-blog","tag-historias-inspiradoras"],"_links":{"self":[{"href":"https:\/\/www.mochileiros.com\/blog\/wp-json\/wp\/v2\/posts\/24876","targetHints":{"allow":["GET"]}}],"collection":[{"href":"https:\/\/www.mochileiros.com\/blog\/wp-json\/wp\/v2\/posts"}],"about":[{"href":"https:\/\/www.mochileiros.com\/blog\/wp-json\/wp\/v2\/types\/post"}],"author":[{"embeddable":true,"href":"https:\/\/www.mochileiros.com\/blog\/wp-json\/wp\/v2\/users\/55"}],"replies":[{"embeddable":true,"href":"https:\/\/www.mochileiros.com\/blog\/wp-json\/wp\/v2\/comments?post=24876"}],"version-history":[{"count":0,"href":"https:\/\/www.mochileiros.com\/blog\/wp-json\/wp\/v2\/posts\/24876\/revisions"}],"wp:featuredmedia":[{"embeddable":true,"href":"https:\/\/www.mochileiros.com\/blog\/wp-json\/wp\/v2\/media\/24879"}],"wp:attachment":[{"href":"https:\/\/www.mochileiros.com\/blog\/wp-json\/wp\/v2\/media?parent=24876"}],"wp:term":[{"taxonomy":"category","embeddable":true,"href":"https:\/\/www.mochileiros.com\/blog\/wp-json\/wp\/v2\/categories?post=24876"},{"taxonomy":"post_tag","embeddable":true,"href":"https:\/\/www.mochileiros.com\/blog\/wp-json\/wp\/v2\/tags?post=24876"}],"curies":[{"name":"wp","href":"https:\/\/api.w.org\/{rel}","templated":true}]}}