{"id":24928,"date":"2017-04-25T15:43:05","date_gmt":"2017-04-25T18:43:05","guid":{"rendered":"https:\/\/www.mochileiros.com\/blog\/?p=24928"},"modified":"2018-11-06T22:30:13","modified_gmt":"2018-11-07T01:30:13","slug":"ela-esta-viajando-a-africa-inteira-de-carona-e-barraca","status":"publish","type":"post","link":"https:\/\/www.mochileiros.com\/blog\/ela-esta-viajando-a-africa-inteira-de-carona-e-barraca","title":{"rendered":"Ela est\u00e1 viajando a \u00c1frica inteira de carona e barraca"},"content":{"rendered":"<p>A polonesa Monika Masaj tem 24 anos e em\u00a0mar\u00e7o de 2016 come\u00e7ou uma\u00a0viagem partindo da cidade de Sharm el Sheikh, no Egito. Mona como \u00e9 chamada pelos amigos, decidiu n\u00e3o usar\u00a0<span class=\"goog-text-highlight\">avi\u00e3o ou \u00f4nibus para viajar\u00a0de uma cidade para outra, o\u00a0transporte escolhido foi\u00a0a carona. E pra se hospedar?\u00a0Uma barraca de camping!\u00a0<\/span><\/p>\n<p><span class=\"goog-text-highlight\">Dos 290 dias que levou para viajar do Egito at\u00e9 a \u00c1frica do sul, Mona dormiu em\u00a0<\/span>postos de pol\u00edcia, igrejas e\u00a0tamb\u00e9m aceitava o convite de quem lhe oferecia um local\u00a0para pernoitar. Em algumas ocasi\u00f5es, tamb\u00e9m trabalhou em troca de comida e\u00a0alojamento.\u00a0&#8220;Eu conheci milhares de pessoas incr\u00edveis que compartilharam comigo o que tinham, mas tamb\u00e9m passei por maus bocados.&#8221;<\/p>\n<p>No Qu\u00eania foi acusada de &#8220;terrorismo&#8221; e acabou passando alguns dias na pris\u00e3o at\u00e9 desfazerem o \u00f3bvio equ\u00edvoco. Foi assaltada em Lusaka, na capital da Z\u00e2mbia, mas sobreviveu e seguiu em frente.<\/p>\n<p>A polonesa j\u00e1 atravessou 12 pa\u00edses (Egito, Sud\u00e3o, Qu\u00eania, Uganda, Ruanda, Tanz\u00e2nia, Mo\u00e7ambique, Suazil\u00e2ndia, \u00c1frica do Sul, Botswana) e em sua\u00a0\u00faltima postagem na\u00a0p\u00e1gina que alimenta no Facebook, estava na Nam\u00edbia, seguindo de volta pela \u00c1frica Ocidental rumo \u00e0 Europa por terra e de carona.<\/p>\n<p>Pra acompanhar\u00a0o resto da\u00a0jornada, a p\u00e1gina <a href=\"https:\/\/www.facebook.com\/zepsutykompas\/\" target=\"_blank\" rel=\"noopener\">Zepsuty Kompas<\/a>, que significa &#8220;B\u00fassola Quebrada&#8221; em Polon\u00eas.<\/p>\n<div id=\"ez-toc-container\" class=\"ez-toc-v2_0_82_2 counter-hierarchy ez-toc-counter ez-toc-grey ez-toc-container-direction\">\n<div class=\"ez-toc-title-container\">\n<p class=\"ez-toc-title\" style=\"cursor:inherit\">\u00cdndice<\/p>\n<span class=\"ez-toc-title-toggle\"><a href=\"#\" class=\"ez-toc-pull-right ez-toc-btn ez-toc-btn-xs ez-toc-btn-default ez-toc-toggle\" aria-label=\"Alternar tabela de conte\u00fado\"><span class=\"ez-toc-js-icon-con\"><span class=\"\"><span class=\"eztoc-hide\" style=\"display:none;\">Toggle<\/span><span class=\"ez-toc-icon-toggle-span\"><svg style=\"fill: #999;color:#999\" xmlns=\"http:\/\/www.w3.org\/2000\/svg\" class=\"list-377408\" width=\"20px\" height=\"20px\" viewBox=\"0 0 24 24\" fill=\"none\"><path d=\"M6 6H4v2h2V6zm14 0H8v2h12V6zM4 11h2v2H4v-2zm16 0H8v2h12v-2zM4 16h2v2H4v-2zm16 0H8v2h12v-2z\" fill=\"currentColor\"><\/path><\/svg><svg style=\"fill: #999;color:#999\" class=\"arrow-unsorted-368013\" xmlns=\"http:\/\/www.w3.org\/2000\/svg\" width=\"10px\" height=\"10px\" viewBox=\"0 0 24 24\" version=\"1.2\" baseProfile=\"tiny\"><path d=\"M18.2 9.3l-6.2-6.3-6.2 6.3c-.2.2-.3.4-.3.7s.1.5.3.7c.2.2.4.3.7.3h11c.3 0 .5-.1.7-.3.2-.2.3-.5.3-.7s-.1-.5-.3-.7zM5.8 14.7l6.2 6.3 6.2-6.3c.2-.2.3-.5.3-.7s-.1-.5-.3-.7c-.2-.2-.4-.3-.7-.3h-11c-.3 0-.5.1-.7.3-.2.2-.3.5-.3.7s.1.5.3.7z\"\/><\/svg><\/span><\/span><\/span><\/a><\/span><\/div>\n<nav><ul class='ez-toc-list ez-toc-list-level-1 ' ><li class='ez-toc-page-1 ez-toc-heading-level-2'><a class=\"ez-toc-link ez-toc-heading-1\" href=\"https:\/\/www.mochileiros.com\/blog\/ela-esta-viajando-a-africa-inteira-de-carona-e-barraca\/#Primeiro_dia_de_carona_no_Sinai_Egito\" >Primeiro dia de carona no Sinai (Egito)<\/a><\/li><li class='ez-toc-page-1 ez-toc-heading-level-2'><a class=\"ez-toc-link ez-toc-heading-2\" href=\"https:\/\/www.mochileiros.com\/blog\/ela-esta-viajando-a-africa-inteira-de-carona-e-barraca\/#Pegando_carona_com_a_policia_Egito\" >Pegando carona com a pol\u00edcia (Egito)<\/a><\/li><li class='ez-toc-page-1 ez-toc-heading-level-2'><a class=\"ez-toc-link ez-toc-heading-3\" href=\"https:\/\/www.mochileiros.com\/blog\/ela-esta-viajando-a-africa-inteira-de-carona-e-barraca\/#Visitando_as_Piramides_de_Meroe_no_Sudao\" >Visitando as Pir\u00e2mides de Meroe\u00a0no Sud\u00e3o<\/a><\/li><li class='ez-toc-page-1 ez-toc-heading-level-2'><a class=\"ez-toc-link ez-toc-heading-4\" href=\"https:\/\/www.mochileiros.com\/blog\/ela-esta-viajando-a-africa-inteira-de-carona-e-barraca\/#%E2%80%A6_e_acampando_ao_lado_das_piramides\" >&#8230; e acampando\u00a0ao lado das pir\u00e2mides<\/a><\/li><li class='ez-toc-page-1 ez-toc-heading-level-2'><a class=\"ez-toc-link ez-toc-heading-5\" href=\"https:\/\/www.mochileiros.com\/blog\/ela-esta-viajando-a-africa-inteira-de-carona-e-barraca\/#Acampando_em_uma_vila_em_Samburu_no_Quenia\" >Acampando em\u00a0uma vila em\u00a0Samburu\u00a0no Qu\u00eania<\/a><\/li><li class='ez-toc-page-1 ez-toc-heading-level-2'><a class=\"ez-toc-link ez-toc-heading-6\" href=\"https:\/\/www.mochileiros.com\/blog\/ela-esta-viajando-a-africa-inteira-de-carona-e-barraca\/#e_na_prisao_no_Quenia_%E2%80%A6\" >e\u00a0na\u00a0pris\u00e3o no Qu\u00eania &#8230;<\/a><\/li><li class='ez-toc-page-1 ez-toc-heading-level-2'><a class=\"ez-toc-link ez-toc-heading-7\" href=\"https:\/\/www.mochileiros.com\/blog\/ela-esta-viajando-a-africa-inteira-de-carona-e-barraca\/#%E2%80%9CEle_pediu_a_foto_nao_eu_A_coisa_mais_engracada_e_que_especialmente_para_a_imagem_ele_mostrou_o_peito%E2%80%9D_em_Samburu_Quenia\" >&#8220;Ele pediu a foto, n\u00e3o eu. A coisa mais engra\u00e7ada \u00e9 que especialmente para a imagem, ele mostrou o peito.&#8221; em Samburu, Qu\u00eania.\u00a0<\/a><\/li><li class='ez-toc-page-1 ez-toc-heading-level-2'><a class=\"ez-toc-link ez-toc-heading-8\" href=\"https:\/\/www.mochileiros.com\/blog\/ela-esta-viajando-a-africa-inteira-de-carona-e-barraca\/#Em_Blyde_River_Canyon_na_Africa_do_Sul\" >Em Blyde River Canyon\u00a0na \u00c1frica do Sul<\/a><\/li><li class='ez-toc-page-1 ez-toc-heading-level-2'><a class=\"ez-toc-link ez-toc-heading-9\" href=\"https:\/\/www.mochileiros.com\/blog\/ela-esta-viajando-a-africa-inteira-de-carona-e-barraca\/#Acordando_com_vista_para_o_canion%E2%80%A6\" >Acordando com vista para o c\u00e2nion&#8230;<\/a><\/li><li class='ez-toc-page-1 ez-toc-heading-level-2'><a class=\"ez-toc-link ez-toc-heading-10\" href=\"https:\/\/www.mochileiros.com\/blog\/ela-esta-viajando-a-africa-inteira-de-carona-e-barraca\/#Sensacional\" >Sensacional!<\/a><\/li><li class='ez-toc-page-1 ez-toc-heading-level-2'><a class=\"ez-toc-link ez-toc-heading-11\" href=\"https:\/\/www.mochileiros.com\/blog\/ela-esta-viajando-a-africa-inteira-de-carona-e-barraca\/#Mais_uma_carona\" >Mais uma carona!<\/a><\/li><li class='ez-toc-page-1 ez-toc-heading-level-2'><a class=\"ez-toc-link ez-toc-heading-12\" href=\"https:\/\/www.mochileiros.com\/blog\/ela-esta-viajando-a-africa-inteira-de-carona-e-barraca\/#Uma_foto_com_os_novos_amigos\" >Uma foto com os novos amigos!<\/a><\/li><li class='ez-toc-page-1 ez-toc-heading-level-2'><a class=\"ez-toc-link ez-toc-heading-13\" href=\"https:\/\/www.mochileiros.com\/blog\/ela-esta-viajando-a-africa-inteira-de-carona-e-barraca\/#Quando_completou_290_dias_na_estrada\" >Quando completou 290 dias na estrada<\/a><\/li><li class='ez-toc-page-1 ez-toc-heading-level-2'><a class=\"ez-toc-link ez-toc-heading-14\" href=\"https:\/\/www.mochileiros.com\/blog\/ela-esta-viajando-a-africa-inteira-de-carona-e-barraca\/#Hora_de_voltar_para_Europa_atravessando_a_Africa_ocidental_tambem_por_meio_de_carona_em_Kalambo_Falls_Zambia\" >Hora de voltar para\u00a0Europa, atravessando a \u00c1frica\u00a0ocidental tamb\u00e9m por meio de carona. em\u00a0Kalambo Falls, Z\u00e2mbia.<\/a><\/li><\/ul><\/nav><\/div>\n<h2><span class=\"ez-toc-section\" id=\"Primeiro_dia_de_carona_no_Sinai_Egito\"><\/span>Primeiro dia de carona no Sinai (Egito)<span class=\"ez-toc-section-end\"><\/span><\/h2>\n<p><img loading=\"lazy\" decoding=\"async\" class=\"alignnone size-full wp-image-24938\" src=\"https:\/\/www.mochileiros.com\/blog\/wp-content\/uploads\/2017\/04\/Since-one-year-I-am-hitchhiking-alone-through-Africa-Spending-0-for-accommodation-58c126b8932a1__880.jpg\" alt=\"\" width=\"880\" height=\"586\" srcset=\"https:\/\/www.mochileiros.com\/blog\/wp-content\/uploads\/2017\/04\/Since-one-year-I-am-hitchhiking-alone-through-Africa-Spending-0-for-accommodation-58c126b8932a1__880.jpg 880w, https:\/\/www.mochileiros.com\/blog\/wp-content\/uploads\/2017\/04\/Since-one-year-I-am-hitchhiking-alone-through-Africa-Spending-0-for-accommodation-58c126b8932a1__880-300x200.jpg 300w, https:\/\/www.mochileiros.com\/blog\/wp-content\/uploads\/2017\/04\/Since-one-year-I-am-hitchhiking-alone-through-Africa-Spending-0-for-accommodation-58c126b8932a1__880-1024x682.jpg 1024w, https:\/\/www.mochileiros.com\/blog\/wp-content\/uploads\/2017\/04\/Since-one-year-I-am-hitchhiking-alone-through-Africa-Spending-0-for-accommodation-58c126b8932a1__880-767x511.jpg 767w, https:\/\/www.mochileiros.com\/blog\/wp-content\/uploads\/2017\/04\/Since-one-year-I-am-hitchhiking-alone-through-Africa-Spending-0-for-accommodation-58c126b8932a1__880-1536x1023.jpg 1536w, https:\/\/www.mochileiros.com\/blog\/wp-content\/uploads\/2017\/04\/Since-one-year-I-am-hitchhiking-alone-through-Africa-Spending-0-for-accommodation-58c126b8932a1__880-2048x1364.jpg 2048w, https:\/\/www.mochileiros.com\/blog\/wp-content\/uploads\/2017\/04\/Since-one-year-I-am-hitchhiking-alone-through-Africa-Spending-0-for-accommodation-58c126b8932a1__880-225x150.jpg 225w, https:\/\/www.mochileiros.com\/blog\/wp-content\/uploads\/2017\/04\/Since-one-year-I-am-hitchhiking-alone-through-Africa-Spending-0-for-accommodation-58c126b8932a1__880-100x67.jpg 100w, https:\/\/www.mochileiros.com\/blog\/wp-content\/uploads\/2017\/04\/Since-one-year-I-am-hitchhiking-alone-through-Africa-Spending-0-for-accommodation-58c126b8932a1__880-526x350.jpg 526w, https:\/\/www.mochileiros.com\/blog\/wp-content\/uploads\/2017\/04\/Since-one-year-I-am-hitchhiking-alone-through-Africa-Spending-0-for-accommodation-58c126b8932a1__880-788x524.jpg 788w, https:\/\/www.mochileiros.com\/blog\/wp-content\/uploads\/2017\/04\/Since-one-year-I-am-hitchhiking-alone-through-Africa-Spending-0-for-accommodation-58c126b8932a1__880-313x208.jpg 313w, https:\/\/www.mochileiros.com\/blog\/wp-content\/uploads\/2017\/04\/Since-one-year-I-am-hitchhiking-alone-through-Africa-Spending-0-for-accommodation-58c126b8932a1__880-20x13.jpg 20w\" sizes=\"auto, (max-width: 880px) 100vw, 880px\" \/><\/p>\n<h2><span class=\"ez-toc-section\" id=\"Pegando_carona_com_a_policia_Egito\"><\/span><span class=\"goog-text-highlight\">Pegando carona com a pol\u00edcia (Egito)<\/span><span class=\"ez-toc-section-end\"><\/span><\/h2>\n<p><img loading=\"lazy\" decoding=\"async\" class=\"alignnone size-full wp-image-24939\" src=\"https:\/\/www.mochileiros.com\/blog\/wp-content\/uploads\/2017\/04\/Since-one-year-I-am-hitchhiking-alone-through-Africa-Spending-0-for-accommodation-58c126e99cc71__880.jpg\" alt=\"\" width=\"880\" height=\"586\" srcset=\"https:\/\/www.mochileiros.com\/blog\/wp-content\/uploads\/2017\/04\/Since-one-year-I-am-hitchhiking-alone-through-Africa-Spending-0-for-accommodation-58c126e99cc71__880.jpg 880w, https:\/\/www.mochileiros.com\/blog\/wp-content\/uploads\/2017\/04\/Since-one-year-I-am-hitchhiking-alone-through-Africa-Spending-0-for-accommodation-58c126e99cc71__880-300x200.jpg 300w, https:\/\/www.mochileiros.com\/blog\/wp-content\/uploads\/2017\/04\/Since-one-year-I-am-hitchhiking-alone-through-Africa-Spending-0-for-accommodation-58c126e99cc71__880-768x511.jpg 768w, https:\/\/www.mochileiros.com\/blog\/wp-content\/uploads\/2017\/04\/Since-one-year-I-am-hitchhiking-alone-through-Africa-Spending-0-for-accommodation-58c126e99cc71__880-313x208.jpg 313w, https:\/\/www.mochileiros.com\/blog\/wp-content\/uploads\/2017\/04\/Since-one-year-I-am-hitchhiking-alone-through-Africa-Spending-0-for-accommodation-58c126e99cc71__880-20x13.jpg 20w\" sizes=\"auto, (max-width: 880px) 100vw, 880px\" \/><\/p>\n<h2><span class=\"ez-toc-section\" id=\"Visitando_as_Piramides_de_Meroe_no_Sudao\"><\/span>Visitando as Pir\u00e2mides de Meroe\u00a0no Sud\u00e3o<span class=\"ez-toc-section-end\"><\/span><\/h2>\n<p><img loading=\"lazy\" decoding=\"async\" class=\"alignnone size-full wp-image-24940\" src=\"https:\/\/www.mochileiros.com\/blog\/wp-content\/uploads\/2017\/04\/Since-one-year-I-am-hitchhiking-alone-through-Africa-Spending-0-for-accommodation-58c12919509d2__880.jpg\" alt=\"\" width=\"880\" height=\"586\" srcset=\"https:\/\/www.mochileiros.com\/blog\/wp-content\/uploads\/2017\/04\/Since-one-year-I-am-hitchhiking-alone-through-Africa-Spending-0-for-accommodation-58c12919509d2__880.jpg 880w, https:\/\/www.mochileiros.com\/blog\/wp-content\/uploads\/2017\/04\/Since-one-year-I-am-hitchhiking-alone-through-Africa-Spending-0-for-accommodation-58c12919509d2__880-300x200.jpg 300w, https:\/\/www.mochileiros.com\/blog\/wp-content\/uploads\/2017\/04\/Since-one-year-I-am-hitchhiking-alone-through-Africa-Spending-0-for-accommodation-58c12919509d2__880-768x511.jpg 768w, https:\/\/www.mochileiros.com\/blog\/wp-content\/uploads\/2017\/04\/Since-one-year-I-am-hitchhiking-alone-through-Africa-Spending-0-for-accommodation-58c12919509d2__880-313x208.jpg 313w, https:\/\/www.mochileiros.com\/blog\/wp-content\/uploads\/2017\/04\/Since-one-year-I-am-hitchhiking-alone-through-Africa-Spending-0-for-accommodation-58c12919509d2__880-20x13.jpg 20w\" sizes=\"auto, (max-width: 880px) 100vw, 880px\" \/><\/p>\n<h2><span class=\"ez-toc-section\" id=\"%E2%80%A6_e_acampando_ao_lado_das_piramides\"><\/span>&#8230; e acampando\u00a0ao lado das pir\u00e2mides<span class=\"ez-toc-section-end\"><\/span><\/h2>\n<p><img loading=\"lazy\" decoding=\"async\" class=\"alignnone size-full wp-image-24936\" src=\"https:\/\/www.mochileiros.com\/blog\/wp-content\/uploads\/2017\/04\/Since-one-year-I-am-hitchhiking-alone-through-Africa-Spending-0-for-accommodation-58c12a290f42f__880.jpg\" alt=\"\" width=\"880\" height=\"586\" srcset=\"https:\/\/www.mochileiros.com\/blog\/wp-content\/uploads\/2017\/04\/Since-one-year-I-am-hitchhiking-alone-through-Africa-Spending-0-for-accommodation-58c12a290f42f__880.jpg 880w, https:\/\/www.mochileiros.com\/blog\/wp-content\/uploads\/2017\/04\/Since-one-year-I-am-hitchhiking-alone-through-Africa-Spending-0-for-accommodation-58c12a290f42f__880-300x200.jpg 300w, https:\/\/www.mochileiros.com\/blog\/wp-content\/uploads\/2017\/04\/Since-one-year-I-am-hitchhiking-alone-through-Africa-Spending-0-for-accommodation-58c12a290f42f__880-768x511.jpg 768w, https:\/\/www.mochileiros.com\/blog\/wp-content\/uploads\/2017\/04\/Since-one-year-I-am-hitchhiking-alone-through-Africa-Spending-0-for-accommodation-58c12a290f42f__880-313x208.jpg 313w, https:\/\/www.mochileiros.com\/blog\/wp-content\/uploads\/2017\/04\/Since-one-year-I-am-hitchhiking-alone-through-Africa-Spending-0-for-accommodation-58c12a290f42f__880-20x13.jpg 20w\" sizes=\"auto, (max-width: 880px) 100vw, 880px\" \/><\/p>\n<h2><span class=\"ez-toc-section\" id=\"Acampando_em_uma_vila_em_Samburu_no_Quenia\"><\/span><span class=\"goog-text-highlight\">Acampando em\u00a0uma vila em\u00a0Samburu\u00a0no Qu\u00eania<\/span><span class=\"ez-toc-section-end\"><\/span><\/h2>\n<p><img loading=\"lazy\" decoding=\"async\" class=\"alignnone size-full wp-image-24937\" src=\"https:\/\/www.mochileiros.com\/blog\/wp-content\/uploads\/2017\/04\/Since-one-year-I-am-hitchhiking-alone-through-Africa-Spending-0-for-accommodation-58c12e6f4f713__880.jpg\" alt=\"\" width=\"880\" height=\"586\" srcset=\"https:\/\/www.mochileiros.com\/blog\/wp-content\/uploads\/2017\/04\/Since-one-year-I-am-hitchhiking-alone-through-Africa-Spending-0-for-accommodation-58c12e6f4f713__880.jpg 880w, https:\/\/www.mochileiros.com\/blog\/wp-content\/uploads\/2017\/04\/Since-one-year-I-am-hitchhiking-alone-through-Africa-Spending-0-for-accommodation-58c12e6f4f713__880-300x200.jpg 300w, https:\/\/www.mochileiros.com\/blog\/wp-content\/uploads\/2017\/04\/Since-one-year-I-am-hitchhiking-alone-through-Africa-Spending-0-for-accommodation-58c12e6f4f713__880-768x511.jpg 768w, https:\/\/www.mochileiros.com\/blog\/wp-content\/uploads\/2017\/04\/Since-one-year-I-am-hitchhiking-alone-through-Africa-Spending-0-for-accommodation-58c12e6f4f713__880-313x208.jpg 313w, https:\/\/www.mochileiros.com\/blog\/wp-content\/uploads\/2017\/04\/Since-one-year-I-am-hitchhiking-alone-through-Africa-Spending-0-for-accommodation-58c12e6f4f713__880-20x13.jpg 20w\" sizes=\"auto, (max-width: 880px) 100vw, 880px\" \/><\/p>\n<h2><span class=\"ez-toc-section\" id=\"e_na_prisao_no_Quenia_%E2%80%A6\"><\/span><span class=\"goog-text-highlight\">e\u00a0na\u00a0pris\u00e3o no Qu\u00eania &#8230;<\/span><span class=\"ez-toc-section-end\"><\/span><\/h2>\n<p><img loading=\"lazy\" decoding=\"async\" class=\"alignnone wp-image-24944 size-full\" src=\"https:\/\/www.mochileiros.com\/blog\/wp-content\/uploads\/2017\/04\/Since-one-year-I-am-hitchhiking-alone-through-Africa-Spending-0-for-accommodation-58c136a82891f__880.jpg\" alt=\"\" width=\"880\" height=\"588\" srcset=\"https:\/\/www.mochileiros.com\/blog\/wp-content\/uploads\/2017\/04\/Since-one-year-I-am-hitchhiking-alone-through-Africa-Spending-0-for-accommodation-58c136a82891f__880.jpg 880w, https:\/\/www.mochileiros.com\/blog\/wp-content\/uploads\/2017\/04\/Since-one-year-I-am-hitchhiking-alone-through-Africa-Spending-0-for-accommodation-58c136a82891f__880-300x200.jpg 300w, https:\/\/www.mochileiros.com\/blog\/wp-content\/uploads\/2017\/04\/Since-one-year-I-am-hitchhiking-alone-through-Africa-Spending-0-for-accommodation-58c136a82891f__880-768x513.jpg 768w, https:\/\/www.mochileiros.com\/blog\/wp-content\/uploads\/2017\/04\/Since-one-year-I-am-hitchhiking-alone-through-Africa-Spending-0-for-accommodation-58c136a82891f__880-313x209.jpg 313w, https:\/\/www.mochileiros.com\/blog\/wp-content\/uploads\/2017\/04\/Since-one-year-I-am-hitchhiking-alone-through-Africa-Spending-0-for-accommodation-58c136a82891f__880-20x13.jpg 20w\" sizes=\"auto, (max-width: 880px) 100vw, 880px\" \/><\/p>\n<h2><span class=\"ez-toc-section\" id=\"%E2%80%9CEle_pediu_a_foto_nao_eu_A_coisa_mais_engracada_e_que_especialmente_para_a_imagem_ele_mostrou_o_peito%E2%80%9D_em_Samburu_Quenia\"><\/span>&#8220;Ele pediu a foto, n\u00e3o eu. <span class=\"goog-text-highlight\">A coisa mais engra\u00e7ada \u00e9 que especialmente para a imagem, ele mostrou o peito.&#8221; em Samburu, Qu\u00eania.\u00a0<\/span><span class=\"ez-toc-section-end\"><\/span><\/h2>\n<p><img loading=\"lazy\" decoding=\"async\" class=\"alignnone wp-image-24945\" src=\"https:\/\/www.mochileiros.com\/blog\/wp-content\/uploads\/2017\/04\/16797188_1742690112618296_621205896938434748_o-1-1024x682.jpg\" alt=\"\" width=\"880\" height=\"586\" srcset=\"https:\/\/www.mochileiros.com\/blog\/wp-content\/uploads\/2017\/04\/16797188_1742690112618296_621205896938434748_o-1-1024x682.jpg 1024w, https:\/\/www.mochileiros.com\/blog\/wp-content\/uploads\/2017\/04\/16797188_1742690112618296_621205896938434748_o-1-300x200.jpg 300w, https:\/\/www.mochileiros.com\/blog\/wp-content\/uploads\/2017\/04\/16797188_1742690112618296_621205896938434748_o-1-768x511.jpg 768w, https:\/\/www.mochileiros.com\/blog\/wp-content\/uploads\/2017\/04\/16797188_1742690112618296_621205896938434748_o-1-313x208.jpg 313w, https:\/\/www.mochileiros.com\/blog\/wp-content\/uploads\/2017\/04\/16797188_1742690112618296_621205896938434748_o-1-20x13.jpg 20w, https:\/\/www.mochileiros.com\/blog\/wp-content\/uploads\/2017\/04\/16797188_1742690112618296_621205896938434748_o-1.jpg 2048w\" sizes=\"auto, (max-width: 880px) 100vw, 880px\" \/><\/p>\n<h2><span class=\"ez-toc-section\" id=\"Em_Blyde_River_Canyon_na_Africa_do_Sul\"><\/span><span class=\"goog-text-highlight\">Em Blyde River Canyon\u00a0na \u00c1frica do Sul<\/span><span class=\"ez-toc-section-end\"><\/span><\/h2>\n<p><img loading=\"lazy\" decoding=\"async\" class=\"alignnone size-full wp-image-24946\" src=\"https:\/\/www.mochileiros.com\/blog\/wp-content\/uploads\/2017\/04\/Since-one-year-I-am-hitchhiking-alone-through-Africa-Spending-0-for-accommodation-58c1364d66948__880.jpg\" alt=\"\" width=\"880\" height=\"495\" srcset=\"https:\/\/www.mochileiros.com\/blog\/wp-content\/uploads\/2017\/04\/Since-one-year-I-am-hitchhiking-alone-through-Africa-Spending-0-for-accommodation-58c1364d66948__880.jpg 880w, https:\/\/www.mochileiros.com\/blog\/wp-content\/uploads\/2017\/04\/Since-one-year-I-am-hitchhiking-alone-through-Africa-Spending-0-for-accommodation-58c1364d66948__880-300x169.jpg 300w, https:\/\/www.mochileiros.com\/blog\/wp-content\/uploads\/2017\/04\/Since-one-year-I-am-hitchhiking-alone-through-Africa-Spending-0-for-accommodation-58c1364d66948__880-768x432.jpg 768w, https:\/\/www.mochileiros.com\/blog\/wp-content\/uploads\/2017\/04\/Since-one-year-I-am-hitchhiking-alone-through-Africa-Spending-0-for-accommodation-58c1364d66948__880-313x176.jpg 313w, https:\/\/www.mochileiros.com\/blog\/wp-content\/uploads\/2017\/04\/Since-one-year-I-am-hitchhiking-alone-through-Africa-Spending-0-for-accommodation-58c1364d66948__880-20x11.jpg 20w\" sizes=\"auto, (max-width: 880px) 100vw, 880px\" \/><\/p>\n<h2><span class=\"ez-toc-section\" id=\"Acordando_com_vista_para_o_canion%E2%80%A6\"><\/span>Acordando com vista para o c\u00e2nion&#8230;<span class=\"ez-toc-section-end\"><\/span><\/h2>\n<p><img loading=\"lazy\" decoding=\"async\" class=\"alignnone size-full wp-image-24950\" src=\"https:\/\/www.mochileiros.com\/blog\/wp-content\/uploads\/2017\/04\/Since-one-year-I-am-hitchhiking-alone-through-Africa-Spending-0-for-accommodation-58c135710ae2b__880.jpg\" alt=\"\" width=\"880\" height=\"494\" srcset=\"https:\/\/www.mochileiros.com\/blog\/wp-content\/uploads\/2017\/04\/Since-one-year-I-am-hitchhiking-alone-through-Africa-Spending-0-for-accommodation-58c135710ae2b__880.jpg 880w, https:\/\/www.mochileiros.com\/blog\/wp-content\/uploads\/2017\/04\/Since-one-year-I-am-hitchhiking-alone-through-Africa-Spending-0-for-accommodation-58c135710ae2b__880-300x168.jpg 300w, https:\/\/www.mochileiros.com\/blog\/wp-content\/uploads\/2017\/04\/Since-one-year-I-am-hitchhiking-alone-through-Africa-Spending-0-for-accommodation-58c135710ae2b__880-768x431.jpg 768w, https:\/\/www.mochileiros.com\/blog\/wp-content\/uploads\/2017\/04\/Since-one-year-I-am-hitchhiking-alone-through-Africa-Spending-0-for-accommodation-58c135710ae2b__880-313x176.jpg 313w, https:\/\/www.mochileiros.com\/blog\/wp-content\/uploads\/2017\/04\/Since-one-year-I-am-hitchhiking-alone-through-Africa-Spending-0-for-accommodation-58c135710ae2b__880-20x11.jpg 20w\" sizes=\"auto, (max-width: 880px) 100vw, 880px\" \/><\/p>\n<h2><span class=\"ez-toc-section\" id=\"Sensacional\"><\/span>Sensacional!<span class=\"ez-toc-section-end\"><\/span><\/h2>\n<p><img loading=\"lazy\" decoding=\"async\" class=\"alignnone size-full wp-image-24955\" src=\"https:\/\/www.mochileiros.com\/blog\/wp-content\/uploads\/2017\/04\/Since-one-year-I-am-hitchhiking-alone-through-Africa-Spending-0-for-accommodation-58c13579c0efd__880.jpg\" alt=\"\" width=\"880\" height=\"495\" srcset=\"https:\/\/www.mochileiros.com\/blog\/wp-content\/uploads\/2017\/04\/Since-one-year-I-am-hitchhiking-alone-through-Africa-Spending-0-for-accommodation-58c13579c0efd__880.jpg 880w, https:\/\/www.mochileiros.com\/blog\/wp-content\/uploads\/2017\/04\/Since-one-year-I-am-hitchhiking-alone-through-Africa-Spending-0-for-accommodation-58c13579c0efd__880-300x169.jpg 300w, https:\/\/www.mochileiros.com\/blog\/wp-content\/uploads\/2017\/04\/Since-one-year-I-am-hitchhiking-alone-through-Africa-Spending-0-for-accommodation-58c13579c0efd__880-768x432.jpg 768w, https:\/\/www.mochileiros.com\/blog\/wp-content\/uploads\/2017\/04\/Since-one-year-I-am-hitchhiking-alone-through-Africa-Spending-0-for-accommodation-58c13579c0efd__880-313x176.jpg 313w, https:\/\/www.mochileiros.com\/blog\/wp-content\/uploads\/2017\/04\/Since-one-year-I-am-hitchhiking-alone-through-Africa-Spending-0-for-accommodation-58c13579c0efd__880-20x11.jpg 20w\" sizes=\"auto, (max-width: 880px) 100vw, 880px\" \/><\/p>\n<h2><span class=\"ez-toc-section\" id=\"Mais_uma_carona\"><\/span>Mais uma carona!<span class=\"ez-toc-section-end\"><\/span><\/h2>\n<p><img loading=\"lazy\" decoding=\"async\" class=\"alignnone wp-image-24958\" src=\"https:\/\/www.mochileiros.com\/blog\/wp-content\/uploads\/2017\/04\/15284034_1705987742955200_1035683543828859502_n-1.jpg\" alt=\"\" width=\"880\" height=\"495\" srcset=\"https:\/\/www.mochileiros.com\/blog\/wp-content\/uploads\/2017\/04\/15284034_1705987742955200_1035683543828859502_n-1.jpg 960w, https:\/\/www.mochileiros.com\/blog\/wp-content\/uploads\/2017\/04\/15284034_1705987742955200_1035683543828859502_n-1-300x169.jpg 300w, https:\/\/www.mochileiros.com\/blog\/wp-content\/uploads\/2017\/04\/15284034_1705987742955200_1035683543828859502_n-1-768x432.jpg 768w, https:\/\/www.mochileiros.com\/blog\/wp-content\/uploads\/2017\/04\/15284034_1705987742955200_1035683543828859502_n-1-313x176.jpg 313w, https:\/\/www.mochileiros.com\/blog\/wp-content\/uploads\/2017\/04\/15284034_1705987742955200_1035683543828859502_n-1-20x11.jpg 20w\" sizes=\"auto, (max-width: 880px) 100vw, 880px\" \/><\/p>\n<h2><span class=\"ez-toc-section\" id=\"Uma_foto_com_os_novos_amigos\"><\/span>Uma foto com os novos amigos!<span class=\"ez-toc-section-end\"><\/span><\/h2>\n<p><img loading=\"lazy\" decoding=\"async\" class=\"alignnone wp-image-24959\" src=\"https:\/\/www.mochileiros.com\/blog\/wp-content\/uploads\/2017\/04\/14199740_1670928643127777_9068096209657287492_n-1.jpg\" alt=\"\" width=\"880\" height=\"586\" srcset=\"https:\/\/www.mochileiros.com\/blog\/wp-content\/uploads\/2017\/04\/14199740_1670928643127777_9068096209657287492_n-1.jpg 960w, https:\/\/www.mochileiros.com\/blog\/wp-content\/uploads\/2017\/04\/14199740_1670928643127777_9068096209657287492_n-1-300x200.jpg 300w, https:\/\/www.mochileiros.com\/blog\/wp-content\/uploads\/2017\/04\/14199740_1670928643127777_9068096209657287492_n-1-768x511.jpg 768w, https:\/\/www.mochileiros.com\/blog\/wp-content\/uploads\/2017\/04\/14199740_1670928643127777_9068096209657287492_n-1-313x208.jpg 313w, https:\/\/www.mochileiros.com\/blog\/wp-content\/uploads\/2017\/04\/14199740_1670928643127777_9068096209657287492_n-1-20x13.jpg 20w\" sizes=\"auto, (max-width: 880px) 100vw, 880px\" \/><\/p>\n<h2><span class=\"ez-toc-section\" id=\"Quando_completou_290_dias_na_estrada\"><\/span>Quando completou 290 dias na estrada<span class=\"ez-toc-section-end\"><\/span><\/h2>\n<p><img loading=\"lazy\" decoding=\"async\" class=\"alignnone wp-image-24960\" src=\"https:\/\/www.mochileiros.com\/blog\/wp-content\/uploads\/2017\/04\/15741248_1718170908403550_6772070131718749611_n-1.jpg\" alt=\"\" width=\"880\" height=\"495\" srcset=\"https:\/\/www.mochileiros.com\/blog\/wp-content\/uploads\/2017\/04\/15741248_1718170908403550_6772070131718749611_n-1.jpg 960w, https:\/\/www.mochileiros.com\/blog\/wp-content\/uploads\/2017\/04\/15741248_1718170908403550_6772070131718749611_n-1-300x169.jpg 300w, https:\/\/www.mochileiros.com\/blog\/wp-content\/uploads\/2017\/04\/15741248_1718170908403550_6772070131718749611_n-1-768x432.jpg 768w, https:\/\/www.mochileiros.com\/blog\/wp-content\/uploads\/2017\/04\/15741248_1718170908403550_6772070131718749611_n-1-313x176.jpg 313w, https:\/\/www.mochileiros.com\/blog\/wp-content\/uploads\/2017\/04\/15741248_1718170908403550_6772070131718749611_n-1-20x11.jpg 20w\" sizes=\"auto, (max-width: 880px) 100vw, 880px\" \/><\/p>\n<h2><span class=\"ez-toc-section\" id=\"Hora_de_voltar_para_Europa_atravessando_a_Africa_ocidental_tambem_por_meio_de_carona_em_Kalambo_Falls_Zambia\"><\/span>Hora de voltar para\u00a0Europa, atravessando a \u00c1frica\u00a0ocidental tamb\u00e9m por meio de carona. em\u00a0Kalambo Falls, Z\u00e2mbia.<span class=\"ez-toc-section-end\"><\/span><\/h2>\n<p><img loading=\"lazy\" decoding=\"async\" class=\"alignnone size-large wp-image-24961\" src=\"https:\/\/www.mochileiros.com\/blog\/wp-content\/uploads\/2017\/04\/Since-one-year-I-am-hitchhiking-alone-through-Africa-Spending-0-for-accommodation-58c1364f8b847__880.jpg\" alt=\"\" width=\"880\" height=\"494\" srcset=\"https:\/\/www.mochileiros.com\/blog\/wp-content\/uploads\/2017\/04\/Since-one-year-I-am-hitchhiking-alone-through-Africa-Spending-0-for-accommodation-58c1364f8b847__880.jpg 880w, https:\/\/www.mochileiros.com\/blog\/wp-content\/uploads\/2017\/04\/Since-one-year-I-am-hitchhiking-alone-through-Africa-Spending-0-for-accommodation-58c1364f8b847__880-300x168.jpg 300w, https:\/\/www.mochileiros.com\/blog\/wp-content\/uploads\/2017\/04\/Since-one-year-I-am-hitchhiking-alone-through-Africa-Spending-0-for-accommodation-58c1364f8b847__880-768x431.jpg 768w, https:\/\/www.mochileiros.com\/blog\/wp-content\/uploads\/2017\/04\/Since-one-year-I-am-hitchhiking-alone-through-Africa-Spending-0-for-accommodation-58c1364f8b847__880-313x176.jpg 313w, https:\/\/www.mochileiros.com\/blog\/wp-content\/uploads\/2017\/04\/Since-one-year-I-am-hitchhiking-alone-through-Africa-Spending-0-for-accommodation-58c1364f8b847__880-20x11.jpg 20w\" sizes=\"auto, (max-width: 880px) 100vw, 880px\" \/><\/p>\n","protected":false},"excerpt":{"rendered":"<p>A polonesa Monika Masaj tem 24 anos e em\u00a0mar\u00e7o de 2016 come\u00e7ou uma\u00a0viagem partindo da cidade de Sharm el Sheikh, no Egito. Mona como \u00e9 chamada pelos amigos, decidiu n\u00e3o usar\u00a0avi\u00e3o ou \u00f4nibus para viajar\u00a0de uma cidade para outra, o\u00a0transporte escolhido foi\u00a0a carona. E pra se hospedar?\u00a0Uma barraca de camping!\u00a0 Dos 290 dias que levou [&hellip;]<\/p>\n","protected":false},"author":55,"featured_media":24938,"comment_status":"open","ping_status":"closed","sticky":false,"template":"","format":"standard","meta":{"googlesitekit_rrm_CAoiELM5mIOjYRN0nfylq3_9r-8:productID":"","_crdt_document":"","_daim_seo_power":"","_daim_enable_ail":"","footnotes":""},"categories":[1191],"tags":[103,1189,2599,1280],"class_list":["post-24928","post","type-post","status-publish","format-standard","has-post-thumbnail","hentry","category-africa","tag-carona","tag-mochileiras","tag-viajar-de-carona","tag-viajar-sozinha"],"_links":{"self":[{"href":"https:\/\/www.mochileiros.com\/blog\/wp-json\/wp\/v2\/posts\/24928","targetHints":{"allow":["GET"]}}],"collection":[{"href":"https:\/\/www.mochileiros.com\/blog\/wp-json\/wp\/v2\/posts"}],"about":[{"href":"https:\/\/www.mochileiros.com\/blog\/wp-json\/wp\/v2\/types\/post"}],"author":[{"embeddable":true,"href":"https:\/\/www.mochileiros.com\/blog\/wp-json\/wp\/v2\/users\/55"}],"replies":[{"embeddable":true,"href":"https:\/\/www.mochileiros.com\/blog\/wp-json\/wp\/v2\/comments?post=24928"}],"version-history":[{"count":0,"href":"https:\/\/www.mochileiros.com\/blog\/wp-json\/wp\/v2\/posts\/24928\/revisions"}],"wp:featuredmedia":[{"embeddable":true,"href":"https:\/\/www.mochileiros.com\/blog\/wp-json\/wp\/v2\/media\/24938"}],"wp:attachment":[{"href":"https:\/\/www.mochileiros.com\/blog\/wp-json\/wp\/v2\/media?parent=24928"}],"wp:term":[{"taxonomy":"category","embeddable":true,"href":"https:\/\/www.mochileiros.com\/blog\/wp-json\/wp\/v2\/categories?post=24928"},{"taxonomy":"post_tag","embeddable":true,"href":"https:\/\/www.mochileiros.com\/blog\/wp-json\/wp\/v2\/tags?post=24928"}],"curies":[{"name":"wp","href":"https:\/\/api.w.org\/{rel}","templated":true}]}}