{"id":25153,"date":"2017-04-28T12:18:37","date_gmt":"2017-04-28T15:18:37","guid":{"rendered":"https:\/\/www.mochileiros.com\/blog\/blog\/capitolio-por-r-1500-camping-refeicao"},"modified":"2018-11-06T22:41:38","modified_gmt":"2018-11-07T01:41:38","slug":"capitolio-por-r-1500-camping-refeicao","status":"publish","type":"post","link":"https:\/\/www.mochileiros.com\/blog\/capitolio-por-r-1500-camping-refeicao","title":{"rendered":"Camping em Capit\u00f3lio por R$ 35,00"},"content":{"rendered":"<p>Depois da dica que demos da Praia do Sono (<a href=\"https:\/\/www.mochileiros.com\/blog\/blog\/eco-durismo-03-noites-e-02-dias-por-r-2000\" target=\"_blank\" rel=\"noopener\">aqui<\/a>) onde gastamos R$ 10,00 por dia, chegou a hora de relatar outra viagem naquele padr\u00e3o Eco Durismo, dessa vez para <a href=\"https:\/\/www.mochileiros.com\/topic\/60664-capit\u00f3lio-mg\/\" target=\"_blank\" rel=\"noopener\">Capit\u00f3lio MG<\/a>, onde nosso or\u00e7amento foi de R$ 15,00 ao dia, incluindo camping e almo\u00e7o (a vontade), acreditem.<\/p>\n<p>Antes de come\u00e7ar, gostar\u00edamos de relatar que essa viagem rolou h\u00e1 1 ano e meio, e tamb\u00e9m contamos com um pouco de sorte na \u00e9poca, por isso os pre\u00e7os podem ter sido alterados, mas com certeza deve continuar a op\u00e7\u00e3o mais em conta pra quem quer visitar esse \u201cmar\u201d em plena Minas Gerais.<\/p>\n<p>Nessa viagem, percorremos ao todo 21 cidades entre RJ, MG e GO, e por isso est\u00e1vamos economizando ao m\u00e1ximo. Sa\u00edmos de S\u00e3o Thom\u00e9 das Letras por volta de 11h e seguimos viagem sentido Capit\u00f3lio, onde chegamos quase no final da tarde e j\u00e1 come\u00e7amos a procurar lugar pra passar a noite.<\/p>\n<p><iframe loading=\"lazy\" width=\"740\" height=\"416\" src=\"https:\/\/www.youtube.com\/embed\/WVDXnykg2A8?feature=oembed\" frameborder=\"0\" allow=\"autoplay; encrypted-media\" allowfullscreen><\/iframe><\/p>\n<p>N\u00e3o \u00e9 de hoje que Capit\u00f3lio est\u00e1 na lista dos picos mais requisitados em MG, e naturalmente os pre\u00e7os cada vez mais salgados, e n\u00f3s, duros viajantes, penamos cada vez mais pra achar um local pra dormirmos, comermos, respirarmos, etc&#8230;<\/p>\n<p>Bem, come\u00e7amos a procurar algumas pousadinhas em beira de estrada e os pre\u00e7os eram desanimadores para o padr\u00e3o Eco Durismo, e ap\u00f3s 3 ou 4 tentativas, todas na m\u00e9dia de R$ 100 a di\u00e1ria, uma l\u00e1grima come\u00e7ava a escorrer por ter nascido pobre.<br \/>\n<img loading=\"lazy\" decoding=\"async\" class=\"aligncenter snax-figure-content attachment-large size-large\" src=\"https:\/\/www.mochileiros.com\/blog\/wp-content\/uploads\/2017\/04\/GOPR0473-1-1024x768.jpg\" alt=\"\" width=\"1000\" height=\"750\"><\/p>\n<p>&nbsp;<\/p>\n<p>Como num filme dram\u00e1tico, ou um epis\u00f3dio triste do Chaves, caminhamos cabisbaixos at\u00e9 a Represa de Furnas para admirar o Por do Sol, que pelo menos isso, a gente n\u00e3o precisaria pagar. Eis que l\u00e1, naquele p\u00f4r do sol maravilhoso, surge a mina de ouro, o pote no final do arco \u00edris, o portal para o para\u00edso, etc&#8230; Bem no terreno da represa avistamos a pequena plaquinha cravada na terra: \u00c1rea de Camping a 1700 metros. S\u00f3 quem ta viajando duro, chegar numa cidade que tudo \u00e9 caro e avistar uma placa dessa \u00e9 mais prazeroso que ganhar na loteria.<\/p>\n<p><img loading=\"lazy\" decoding=\"async\" class=\"aligncenter snax-figure-content attachment-large size-large\" src=\"https:\/\/www.mochileiros.com\/blog\/wp-content\/uploads\/2017\/04\/GOPR0408-1024x768.jpg\" alt=\"\" width=\"1000\" height=\"750\"><\/p>\n<p>Seguimos at\u00e9 onde indicava a placa e chegamos a um lindo terreno cercado, com portaria, banheiros quentes, pontos de luz e na beira da cachoeira. O camping estava absolutamente vazio, inclusive nem o respons\u00e1vel se encontrava, e que nos recebeu foi um cara que disse ser primo de um funcion\u00e1rio, que disse que poder\u00edamos acampar, mas nem sabia o valor das di\u00e1rias, mas que a qualquer hora o respons\u00e1vel chegaria e nos informaria. Passamos 3 dias, e ningu\u00e9m apareceu.<\/p>\n<div id=\"ez-toc-container\" class=\"ez-toc-v2_0_82_2 counter-hierarchy ez-toc-counter ez-toc-grey ez-toc-container-direction\">\n<div class=\"ez-toc-title-container\">\n<p class=\"ez-toc-title\" style=\"cursor:inherit\">\u00cdndice<\/p>\n<span class=\"ez-toc-title-toggle\"><a href=\"#\" class=\"ez-toc-pull-right ez-toc-btn ez-toc-btn-xs ez-toc-btn-default ez-toc-toggle\" aria-label=\"Alternar tabela de conte\u00fado\"><span class=\"ez-toc-js-icon-con\"><span class=\"\"><span class=\"eztoc-hide\" style=\"display:none;\">Toggle<\/span><span class=\"ez-toc-icon-toggle-span\"><svg style=\"fill: #999;color:#999\" xmlns=\"http:\/\/www.w3.org\/2000\/svg\" class=\"list-377408\" width=\"20px\" height=\"20px\" viewBox=\"0 0 24 24\" fill=\"none\"><path d=\"M6 6H4v2h2V6zm14 0H8v2h12V6zM4 11h2v2H4v-2zm16 0H8v2h12v-2zM4 16h2v2H4v-2zm16 0H8v2h12v-2z\" fill=\"currentColor\"><\/path><\/svg><svg style=\"fill: #999;color:#999\" class=\"arrow-unsorted-368013\" xmlns=\"http:\/\/www.w3.org\/2000\/svg\" width=\"10px\" height=\"10px\" viewBox=\"0 0 24 24\" version=\"1.2\" baseProfile=\"tiny\"><path d=\"M18.2 9.3l-6.2-6.3-6.2 6.3c-.2.2-.3.4-.3.7s.1.5.3.7c.2.2.4.3.7.3h11c.3 0 .5-.1.7-.3.2-.2.3-.5.3-.7s-.1-.5-.3-.7zM5.8 14.7l6.2 6.3 6.2-6.3c.2-.2.3-.5.3-.7s-.1-.5-.3-.7c-.2-.2-.4-.3-.7-.3h-11c-.3 0-.5.1-.7.3-.2.2-.3.5-.3.7s.1.5.3.7z\"\/><\/svg><\/span><\/span><\/span><\/a><\/span><\/div>\n<nav><ul class='ez-toc-list ez-toc-list-level-1 ' ><li class='ez-toc-page-1 ez-toc-heading-level-3'><a class=\"ez-toc-link ez-toc-heading-1\" href=\"https:\/\/www.mochileiros.com\/blog\/capitolio-por-r-1500-camping-refeicao\/#_Hospedagem_a_R_500_a_diaria\" >\u00a0Hospedagem a R$ 5,00 a di\u00e1ria. *<\/a><\/li><li class='ez-toc-page-1 ez-toc-heading-level-3'><a class=\"ez-toc-link ez-toc-heading-2\" href=\"https:\/\/www.mochileiros.com\/blog\/capitolio-por-r-1500-camping-refeicao\/#_Refeicao_a_R_1000_a_vontade\" >* Refei\u00e7\u00e3o a R$ 10,00 (a vontade)<\/a><\/li><li class='ez-toc-page-1 ez-toc-heading-level-3'><a class=\"ez-toc-link ez-toc-heading-3\" href=\"https:\/\/www.mochileiros.com\/blog\/capitolio-por-r-1500-camping-refeicao\/#_Passeios\" >\u00a0Passeios<\/a><\/li><\/ul><\/nav><\/div>\n<h3><span class=\"ez-toc-section\" id=\"_Hospedagem_a_R_500_a_diaria\"><\/span>\u00a0Hospedagem a <del>R$ 5,00<\/del> a di\u00e1ria. *<span class=\"ez-toc-section-end\"><\/span><\/h3>\n<p>Como relatado, ficamos num camping localizado dentro do terreno da Represa de Furnas, numa estradinha de 1700 m. O camping se chama Quebra Anzol e possui a estrutura padr\u00e3o de um bom camping: Chuveiros quentes, banheiros amplos, pontos de energia e ainda uma cachoeira de respeito no terreno. Nenhum respons\u00e1vel chegou durante os tr\u00eas dias que ficamos no local.<\/p>\n<p><strong>* Nota do Mochileiros.com:<\/strong><\/p>\n<p>Pre\u00e7os atualizados do camping Quebra Anzol podem ser encontrados no <a href=\"http:\/\/www.arffurnas.com.br\/quebra-anzol-agremiacao-recreativa-de-furnas\/\" target=\"_blank\" rel=\"noopener\">site do estabelecimento<\/a>.<\/p>\n<p>&nbsp;<\/p>\n<p><img loading=\"lazy\" decoding=\"async\" class=\"aligncenter snax-figure-content attachment-large size-large\" src=\"https:\/\/www.mochileiros.com\/blog\/wp-content\/uploads\/2017\/04\/GOPR0348-1-1024x768.jpg\" alt=\"\" width=\"1000\" height=\"750\"><\/p>\n<p>A pessoa que nos recebeu se apresentou como primo de um funcion\u00e1rio, e o mesmo tamb\u00e9m estava l\u00e1 h\u00e1 alguns dias esperando tamb\u00e9m o tal primo, que n\u00e3o aparecia. No \u00faltimo dia, antes de partir procuramos esse rapaz para avisar que est\u00e1vamos de partida e quer\u00edamos pagar, pois somos duros, por\u00e9m honestos. Pra nosso azar (ou sorte) n\u00e3o encontramos de jeito nenhum o rapaz, que estava dormindo na \u00fanica casal do camping (provavelmente de seu primo). Chamamos, chamamos e nada, apesar da janela aberta e a tv acesa. At\u00e9 que mais uma ajuda de Deus (que sempre ajuda os b\u00eabados, as crian\u00e7as e os duros tamb\u00e9m)&#8230; ao lado da casa, encontramos uma placa jogada no c\u00e3o com os pre\u00e7os do camping. Provavelmente j\u00e1 defasados, pois o material parecia estar sendo descartados, mas pra gente era a \u00fanica refer\u00eancia que poder\u00edamos ter naquele momento e acreditem: Taxa de camping R$ 5,00 por pessoa&#8230; Aquele momento, que o sorriso vai at\u00e9 a orelha&#8230; Enfim, deixamos o dinheiro na janela da casa e partimos para outro destino.<\/p>\n<h3><span class=\"ez-toc-section\" id=\"_Refeicao_a_R_1000_a_vontade\"><\/span>* Refei\u00e7\u00e3o <del>a R$ 10,00<\/del> (a vontade)<span class=\"ez-toc-section-end\"><\/span><\/h3>\n<p>Bom pra completar o para\u00edso, pr\u00f3ximo ao camping, na beira da estrada havia um posto de combust\u00edvel 24h que servia refei\u00e7\u00f5es pelo o valor de R$ 9,99, daquelas que os caminhoneiros fazer pratos mais pesados que a pr\u00f3pria carga de seu caminh\u00e3o.<\/p>\n<p>Os mais frescos devem ler isso e j\u00e1 pensar: Ah n\u00e3o vou comer em posto de gasolina, e com esse pre\u00e7o n\u00e3o deve ser bom. Manooooo&#8230; a comida \u00e9 deliciosa, cozinha mineira bem caseira e tudo muito fresquinho&#8230; com\u00edamos todo santo dia l\u00e1, que nem um animal e era suficiente pra segurar o dia todo&#8230; R$ 9,99 \u00e0 vontade, incluindo docinhos de sobremesa e caf\u00e9 gr\u00e1tis&#8230; Para\u00edso!!!<\/p>\n<h3><span class=\"ez-toc-section\" id=\"_Passeios\"><\/span>\u00a0Passeios<span class=\"ez-toc-section-end\"><\/span><\/h3>\n<p>Capit\u00f3lio \u00e9 privilegiada e pelo volume de \u00e1gua, tem momentos realmente que se acredita que aquilo \u00e9 um mar. H\u00e1 diversas cachoeiras, canions, \u00a0rios, etc&#8230; como est\u00e1vamos de passagem, ficamos pouco tempo na cidade e visitamos o essencial, como o complexo Para\u00edso Perdido, que pagamos na faixa de R$ 25 cada pra ficar o dia inteiro&#8230; S\u00e3o piscinas naturais e quedas de respeito&#8230; lugar realmente incr\u00edvel.<\/p>\n<p><img loading=\"lazy\" decoding=\"async\" class=\"aligncenter snax-figure-content attachment-large size-large\" src=\"https:\/\/www.mochileiros.com\/blog\/wp-content\/uploads\/2017\/04\/GOPR0464-1024x768.jpg\" alt=\"\" width=\"1000\" height=\"750\"><\/p>\n<p>Fizemos tamb\u00e9m o passeio de barco, que muitas vezes \u00e9 oferecido por pre\u00e7os altos e visita lugares que se chega a p\u00e9&#8230; como todo bom viajante duro, vai procurar at\u00e9 o final a op\u00e7\u00e3o mais barata e fomos at\u00e9 a cachoeira Lagoa Azul (que se chega a p\u00e9) e de l\u00e1 pegamos um barco at\u00e9 as outras por R$ 50,00 por pessoa.<\/p>\n<p>Quer saber mais e acompanhar as pr\u00f3ximas viagens, s\u00f3 nos seguir:\u00a0<a href=\"http:\/\/facebook.com\/ecodurismo\" target=\"_blank\" rel=\"nofollow noopener\">Facebook<\/a>\u00a0,\u00a0<a href=\"http:\/\/instagram.com\/ecodurismo\" target=\"_blank\" rel=\"nofollow noopener\">instagram<\/a>\u00a0e\u00a0<a href=\"https:\/\/www.ecodurismo.com.br\/\" target=\"_blank\" rel=\"nofollow noopener\">blog.<\/a><\/p>\n","protected":false},"excerpt":{"rendered":"<p>Depois da dica que demos da Praia do Sono (aqui) onde gastamos R$ 10,00 por dia, chegou a hora de relatar outra viagem naquele padr\u00e3o Eco Durismo, dessa vez para Capit\u00f3lio MG, onde nosso or\u00e7amento foi de R$ 15,00 ao dia, incluindo camping e almo\u00e7o (a vontade), acreditem. Antes de come\u00e7ar, gostar\u00edamos de relatar que [&hellip;]<\/p>\n","protected":false},"author":1069,"featured_media":25152,"comment_status":"open","ping_status":"closed","sticky":false,"template":"","format":"standard","meta":{"googlesitekit_rrm_CAoiELM5mIOjYRN0nfylq3_9r-8:productID":"","_crdt_document":"","_daim_seo_power":"","_daim_enable_ail":"","footnotes":""},"categories":[168],"tags":[28,1392,1341,1335,1365,1520],"class_list":["post-25153","post","type-post","status-publish","format-standard","has-post-thumbnail","hentry","category-blog","tag-camping","tag-capitolio","tag-kombi","tag-minas-gerais","tag-vanlife","tag-viagem-de-kombi"],"_links":{"self":[{"href":"https:\/\/www.mochileiros.com\/blog\/wp-json\/wp\/v2\/posts\/25153","targetHints":{"allow":["GET"]}}],"collection":[{"href":"https:\/\/www.mochileiros.com\/blog\/wp-json\/wp\/v2\/posts"}],"about":[{"href":"https:\/\/www.mochileiros.com\/blog\/wp-json\/wp\/v2\/types\/post"}],"author":[{"embeddable":true,"href":"https:\/\/www.mochileiros.com\/blog\/wp-json\/wp\/v2\/users\/1069"}],"replies":[{"embeddable":true,"href":"https:\/\/www.mochileiros.com\/blog\/wp-json\/wp\/v2\/comments?post=25153"}],"version-history":[{"count":0,"href":"https:\/\/www.mochileiros.com\/blog\/wp-json\/wp\/v2\/posts\/25153\/revisions"}],"wp:featuredmedia":[{"embeddable":true,"href":"https:\/\/www.mochileiros.com\/blog\/wp-json\/wp\/v2\/media\/25152"}],"wp:attachment":[{"href":"https:\/\/www.mochileiros.com\/blog\/wp-json\/wp\/v2\/media?parent=25153"}],"wp:term":[{"taxonomy":"category","embeddable":true,"href":"https:\/\/www.mochileiros.com\/blog\/wp-json\/wp\/v2\/categories?post=25153"},{"taxonomy":"post_tag","embeddable":true,"href":"https:\/\/www.mochileiros.com\/blog\/wp-json\/wp\/v2\/tags?post=25153"}],"curies":[{"name":"wp","href":"https:\/\/api.w.org\/{rel}","templated":true}]}}