{"id":25359,"date":"2017-05-04T11:38:33","date_gmt":"2017-05-04T14:38:33","guid":{"rendered":"https:\/\/www.mochileiros.com\/blog\/?p=25359"},"modified":"2017-05-04T11:39:25","modified_gmt":"2017-05-04T14:39:25","slug":"em-13-dias-eles-percorreram-o-lado-oculto-do-rio-de-janeiro-e-minas-gerais","status":"publish","type":"post","link":"https:\/\/www.mochileiros.com\/blog\/em-13-dias-eles-percorreram-o-lado-oculto-do-rio-de-janeiro-e-minas-gerais","title":{"rendered":"Em 13 dias eles percorreram o lado oculto do Rio de Janeiro e Minas Gerais"},"content":{"rendered":"<p><strong>Das Montanhas de Itatiaia e suas Cachoeiras geladas. \u00a0Do Saco do Mamangu\u00e1 at\u00e9 a travessia da Joatinga, por praias desertas e vilas cai\u00e7aras de Paraty.<\/strong><\/p>\n<p><strong>Dura\u00e7\u00e3o total: 13 dias.<\/strong><\/p>\n<p>Fizemos essa expedi\u00e7\u00e3o eu e meu primo-irm\u00e3o @Mauricio Gomes Loiola, com mais de 1000km de estrada, 60km de trilhas, 15km de caiaque, 18km de barco, 30km de \u00f4nibus e algumas breves pescarias.<\/p>\n<p><strong>DIA 1\u00a0(S\u00e1bado) \u00a0&#8211; NOITE EM PENEDO<\/strong><br \/>\nSa\u00edmos de SP em dire\u00e7\u00e3o ao RJ, chegamos a Penedo, cidade de coloniza\u00e7\u00e3o finlandesa e com uma arquitetura maravilhosa, tudo isso no p\u00e9 da serra de Itatiaia. Havia milhares de turistas e muitas op\u00e7\u00f5es de bares, lanchonetes, chocolateiras e cervejas artesanais. Chegamos anoite e acabamos dormindo no carro, em um estacionamento privado, por algumas horas.<\/p>\n<p><strong>DIA 2\u00a0(Domingo) \u2013 CAMPING DOS L\u00cdRIOS, CACHOEIRA DA FRAG\u00c1RIA e Itamonte<\/strong><br \/>\nSa\u00edmos na madrugada fria pra parte alta da Serra de Itatiaia, sendo que gastamos quase tr\u00eas horas at\u00e9 o Camping dos L\u00edrios o mais pr\u00f3ximo do parque. Imprevistos aconteceram e fizemos um passeio que estava fora do cronograma.<br \/>\nNo caminho paisagens montanhosas de tirar o f\u00f4lego, inclusive no pr\u00f3prio camping, que parecia um sonho.<br \/>\nAs estradas nessa regi\u00e3o eram extremamente prec\u00e1rias e alguns locais quase inacess\u00edveis sem carro alto. Ap\u00f3s 2h30 das piores estradas inimagin\u00e1veis, chegamos \u00e0 Cachoeira do Frag\u00e1ria, com mais de 70m de altura.<br \/>\nVoltamos por outro caminho, conhecendo o povoado da Frag\u00e1ria e a cidade de Itamonte (MG), onde o povo \u00e9 extremamente simp\u00e1tico e solicito.<\/p>\n<p><img loading=\"lazy\" decoding=\"async\" class=\"alignnone size-large wp-image-25367\" src=\"https:\/\/www.mochileiros.com\/blog\/wp-content\/uploads\/2017\/05\/18192366_10207105215427586_561771957032819358_o-1024x576.jpg\" alt=\"\" width=\"1000\" height=\"563\" srcset=\"https:\/\/www.mochileiros.com\/blog\/wp-content\/uploads\/2017\/05\/18192366_10207105215427586_561771957032819358_o-1024x576.jpg 1024w, https:\/\/www.mochileiros.com\/blog\/wp-content\/uploads\/2017\/05\/18192366_10207105215427586_561771957032819358_o-300x169.jpg 300w, https:\/\/www.mochileiros.com\/blog\/wp-content\/uploads\/2017\/05\/18192366_10207105215427586_561771957032819358_o-768x432.jpg 768w, https:\/\/www.mochileiros.com\/blog\/wp-content\/uploads\/2017\/05\/18192366_10207105215427586_561771957032819358_o-313x176.jpg 313w, https:\/\/www.mochileiros.com\/blog\/wp-content\/uploads\/2017\/05\/18192366_10207105215427586_561771957032819358_o-20x11.jpg 20w, https:\/\/www.mochileiros.com\/blog\/wp-content\/uploads\/2017\/05\/18192366_10207105215427586_561771957032819358_o.jpg 2048w\" sizes=\"auto, (max-width: 1000px) 100vw, 1000px\" \/><\/p>\n<p><strong>DIA 3 &#8211;\u00a0Pico das Agulhas Negras (2780m) e\u201cBalada das Estrelas\u201d<\/strong><br \/>\nNa sede do Parque Nacional de Itatiaia fizemos a escalaminhada de um dos 4 pontos mais altos do Brasil com o guia Ivan, que fez um pre\u00e7o bem bacana e deu todo o suporte pros desafios que enfrentamos.<br \/>\nEste Parque \u00e9 absurdamente lindo, com uma riqueza ambiental incompar\u00e1vel. primeira unidade de conserva\u00e7\u00e3o implantada no Brasil, com cumes e uma paisagem de campos de altitude com muitas esp\u00e9cies end\u00eamicas e uma beleza c\u00eanica compar\u00e1vel as mais bonitas que j\u00e1 conheci no Brasil.<br \/>\nA escalaminhada exige muito esfor\u00e7o aer\u00f3bico, com muitos momentos de impulso f\u00edsico bem intenso, em uma atmosfera com oxig\u00eanio mais rarefeito. Em diversos momentos precisei parar pra me recuperar ou ficaria tonto.<br \/>\nA vista do Pico das Agulhas Negras \u00e9 a melhor pra ver os picos do pr\u00f3prio parque, e o plat\u00f4 da parte alta, que lembra muito o topo das chapadas brasileiras.<br \/>\nAnoite fizemos fogueira, tomamos ch\u00e1 e cacha\u00e7a pra enfrentar o frio de quase 0\u00b0 (Fazia temperatura negativa l\u00e1 nos picos). Assamos alguns pinh\u00f5es que encontrei por perto e tocamos viol\u00e3o de baixo de um c\u00e9u forrado de estrelas. Acho que foi um dos melhores momentos de toda a viagem.<\/p>\n<p><img loading=\"lazy\" decoding=\"async\" class=\"alignnone size-large wp-image-25365\" src=\"https:\/\/www.mochileiros.com\/blog\/wp-content\/uploads\/2017\/05\/18192325_10207105260668717_2949095485224945255_o-1024x576.jpg\" alt=\"\" width=\"1000\" height=\"563\" srcset=\"https:\/\/www.mochileiros.com\/blog\/wp-content\/uploads\/2017\/05\/18192325_10207105260668717_2949095485224945255_o-1024x576.jpg 1024w, https:\/\/www.mochileiros.com\/blog\/wp-content\/uploads\/2017\/05\/18192325_10207105260668717_2949095485224945255_o-300x169.jpg 300w, https:\/\/www.mochileiros.com\/blog\/wp-content\/uploads\/2017\/05\/18192325_10207105260668717_2949095485224945255_o-768x432.jpg 768w, https:\/\/www.mochileiros.com\/blog\/wp-content\/uploads\/2017\/05\/18192325_10207105260668717_2949095485224945255_o-1536x864.jpg 1536w, https:\/\/www.mochileiros.com\/blog\/wp-content\/uploads\/2017\/05\/18192325_10207105260668717_2949095485224945255_o.jpg 2048w, https:\/\/www.mochileiros.com\/blog\/wp-content\/uploads\/2017\/05\/18192325_10207105260668717_2949095485224945255_o-267x150.jpg 267w, https:\/\/www.mochileiros.com\/blog\/wp-content\/uploads\/2017\/05\/18192325_10207105260668717_2949095485224945255_o-100x56.jpg 100w, https:\/\/www.mochileiros.com\/blog\/wp-content\/uploads\/2017\/05\/18192325_10207105260668717_2949095485224945255_o-622x350.jpg 622w, https:\/\/www.mochileiros.com\/blog\/wp-content\/uploads\/2017\/05\/18192325_10207105260668717_2949095485224945255_o-788x443.jpg 788w, https:\/\/www.mochileiros.com\/blog\/wp-content\/uploads\/2017\/05\/18192325_10207105260668717_2949095485224945255_o-313x176.jpg 313w, https:\/\/www.mochileiros.com\/blog\/wp-content\/uploads\/2017\/05\/18192325_10207105260668717_2949095485224945255_o-20x11.jpg 20w\" sizes=\"auto, (max-width: 1000px) 100vw, 1000px\" \/><\/p>\n<p><img loading=\"lazy\" decoding=\"async\" class=\"alignnone wp-image-25368 size-large\" src=\"https:\/\/www.mochileiros.com\/blog\/wp-content\/uploads\/2017\/05\/18192531_10207105187746894_5765322338453863574_o-1024x576.jpg\" alt=\"\" width=\"1000\" height=\"563\" srcset=\"https:\/\/www.mochileiros.com\/blog\/wp-content\/uploads\/2017\/05\/18192531_10207105187746894_5765322338453863574_o-1024x576.jpg 1024w, https:\/\/www.mochileiros.com\/blog\/wp-content\/uploads\/2017\/05\/18192531_10207105187746894_5765322338453863574_o-300x169.jpg 300w, https:\/\/www.mochileiros.com\/blog\/wp-content\/uploads\/2017\/05\/18192531_10207105187746894_5765322338453863574_o-768x432.jpg 768w, https:\/\/www.mochileiros.com\/blog\/wp-content\/uploads\/2017\/05\/18192531_10207105187746894_5765322338453863574_o-313x176.jpg 313w, https:\/\/www.mochileiros.com\/blog\/wp-content\/uploads\/2017\/05\/18192531_10207105187746894_5765322338453863574_o-20x11.jpg 20w, https:\/\/www.mochileiros.com\/blog\/wp-content\/uploads\/2017\/05\/18192531_10207105187746894_5765322338453863574_o.jpg 2048w\" sizes=\"auto, (max-width: 1000px) 100vw, 1000px\" \/><\/p>\n<p><img loading=\"lazy\" decoding=\"async\" class=\"alignnone wp-image-25380\" src=\"https:\/\/www.mochileiros.com\/blog\/wp-content\/uploads\/2017\/05\/18221521_10207105226307858_1585444761638225061_n.jpg\" alt=\"\" width=\"1000\" height=\"750\" srcset=\"https:\/\/www.mochileiros.com\/blog\/wp-content\/uploads\/2017\/05\/18221521_10207105226307858_1585444761638225061_n.jpg 960w, https:\/\/www.mochileiros.com\/blog\/wp-content\/uploads\/2017\/05\/18221521_10207105226307858_1585444761638225061_n-300x225.jpg 300w, https:\/\/www.mochileiros.com\/blog\/wp-content\/uploads\/2017\/05\/18221521_10207105226307858_1585444761638225061_n-768x576.jpg 768w, https:\/\/www.mochileiros.com\/blog\/wp-content\/uploads\/2017\/05\/18221521_10207105226307858_1585444761638225061_n-313x235.jpg 313w, https:\/\/www.mochileiros.com\/blog\/wp-content\/uploads\/2017\/05\/18221521_10207105226307858_1585444761638225061_n-20x15.jpg 20w\" sizes=\"auto, (max-width: 1000px) 100vw, 1000px\" \/><\/p>\n<p><strong>DIA 4 &#8211;\u00a0Travessia Coutos-Prateleiras (at\u00e9 2600m de altitude)<\/strong><br \/>\nTravessia de um dia, com 14km de caminhada. Tamb\u00e9m exige equipamentos, caso voc\u00ea v\u00e1 subir o pico das Prateleiras, subida que seria extremamente dif\u00edcil sem um guia e cordas.<br \/>\nA paisagem dessa trilha \u00e9 alucinante, com melhor vis\u00e3o pra Pedra da Mina (2798m de altitude), Pico das Agulhas Negras, pro Vale do Para\u00edba e principalmente pros abismos da borda da serra de Itatiaia.<br \/>\nLogo no in\u00edcio da caminhada tive a imensa sorte de me deparar com uma jararaca rar\u00edssima e end\u00eamica a de Itatiaia, a Bhotrops fonsecai, com mais de 1m de comprimento.<br \/>\nO Pico das Prateleiras exige menos esfor\u00e7o f\u00edsico e mais mental do que as Prateleiras. Tem v\u00e1rios \u201cbecos sem sa\u00edda\u201d, que s\u00f3 com guia\/conhecimento pr\u00e9vio pra saber como passar. Quanto mais voc\u00ea sobe, mais tenso ficam as escaladas na beira do abismo.<br \/>\nNa volta a sorte ainda me sorriu pela segunda vez: Avistei o \u201cSapo Flamenguinho\u201d, anf\u00edbio end\u00eamico dali e animal s\u00edmbolo do parque.<\/p>\n<p><img loading=\"lazy\" decoding=\"async\" class=\"alignnone size-large wp-image-25384\" src=\"https:\/\/www.mochileiros.com\/blog\/wp-content\/uploads\/2017\/05\/18156434_10207105221387735_4293790029493626348_o-1024x576.jpg\" alt=\"\" width=\"1000\" height=\"563\" srcset=\"https:\/\/www.mochileiros.com\/blog\/wp-content\/uploads\/2017\/05\/18156434_10207105221387735_4293790029493626348_o-1024x576.jpg 1024w, https:\/\/www.mochileiros.com\/blog\/wp-content\/uploads\/2017\/05\/18156434_10207105221387735_4293790029493626348_o-300x169.jpg 300w, https:\/\/www.mochileiros.com\/blog\/wp-content\/uploads\/2017\/05\/18156434_10207105221387735_4293790029493626348_o-768x432.jpg 768w, https:\/\/www.mochileiros.com\/blog\/wp-content\/uploads\/2017\/05\/18156434_10207105221387735_4293790029493626348_o-313x176.jpg 313w, https:\/\/www.mochileiros.com\/blog\/wp-content\/uploads\/2017\/05\/18156434_10207105221387735_4293790029493626348_o-20x11.jpg 20w, https:\/\/www.mochileiros.com\/blog\/wp-content\/uploads\/2017\/05\/18156434_10207105221387735_4293790029493626348_o.jpg 2048w\" sizes=\"auto, (max-width: 1000px) 100vw, 1000px\" \/> <img loading=\"lazy\" decoding=\"async\" class=\"alignnone size-large wp-image-25385\" src=\"https:\/\/www.mochileiros.com\/blog\/wp-content\/uploads\/2017\/05\/18209084_10207105205507338_6614830480318170656_o-1024x576.jpg\" alt=\"\" width=\"1000\" height=\"563\" srcset=\"https:\/\/www.mochileiros.com\/blog\/wp-content\/uploads\/2017\/05\/18209084_10207105205507338_6614830480318170656_o-1024x576.jpg 1024w, https:\/\/www.mochileiros.com\/blog\/wp-content\/uploads\/2017\/05\/18209084_10207105205507338_6614830480318170656_o-300x169.jpg 300w, https:\/\/www.mochileiros.com\/blog\/wp-content\/uploads\/2017\/05\/18209084_10207105205507338_6614830480318170656_o-768x432.jpg 768w, https:\/\/www.mochileiros.com\/blog\/wp-content\/uploads\/2017\/05\/18209084_10207105205507338_6614830480318170656_o-313x176.jpg 313w, https:\/\/www.mochileiros.com\/blog\/wp-content\/uploads\/2017\/05\/18209084_10207105205507338_6614830480318170656_o-20x11.jpg 20w, https:\/\/www.mochileiros.com\/blog\/wp-content\/uploads\/2017\/05\/18209084_10207105205507338_6614830480318170656_o.jpg 2048w\" sizes=\"auto, (max-width: 1000px) 100vw, 1000px\" \/><\/p>\n<p><strong>DIA 5\u00a0&#8211; TRAVESSIA DE CARRO, CONTORNANDO A SERRA PELO NOROESTE<\/strong><br \/>\nDesmontamos cedo o acampamento e partimos pela Estrada Real em Itamonte e pelo povoado de Alagoas onde fizemos um almo\u00e7o maravilhoso, no restaurante de uma senhora muito atenciosa.<br \/>\nPassamos por lugares muito isolados, preservados e com acesso extremamente prec\u00e1rio.<br \/>\nDescobrimos no caminho a Cachoeira de 5 Estrelas. S\u00e3o v\u00e1rias quedas enormes, que despencam para um abismo sem fim. O local possui um moinho incr\u00edvel, mas est\u00e1 totalmente abandonado.<br \/>\nE a sorte pela terceira vez: Consegui ver um sapo irado com aspecto de folha, totalmente camuflado na serapilheira da trilha.<br \/>\nAnoitecendo passamos pela bel\u00edssima e min\u00fascula cidade de Mirant\u00e3o, depois pelas charmosas vilas de Maring\u00e1 e Maromba, onde ficamos no Camping da Cabacana, muito arrumado e com op\u00e7\u00e3o de chal\u00e9s.<\/p>\n<p><img loading=\"lazy\" decoding=\"async\" class=\"alignnone size-large wp-image-25383\" src=\"https:\/\/www.mochileiros.com\/blog\/wp-content\/uploads\/2017\/05\/18238464_10207105305149829_1956466324255989606_o-1024x576.jpg\" alt=\"\" width=\"1000\" height=\"563\" srcset=\"https:\/\/www.mochileiros.com\/blog\/wp-content\/uploads\/2017\/05\/18238464_10207105305149829_1956466324255989606_o-1024x576.jpg 1024w, https:\/\/www.mochileiros.com\/blog\/wp-content\/uploads\/2017\/05\/18238464_10207105305149829_1956466324255989606_o-300x169.jpg 300w, https:\/\/www.mochileiros.com\/blog\/wp-content\/uploads\/2017\/05\/18238464_10207105305149829_1956466324255989606_o-768x432.jpg 768w, https:\/\/www.mochileiros.com\/blog\/wp-content\/uploads\/2017\/05\/18238464_10207105305149829_1956466324255989606_o-313x176.jpg 313w, https:\/\/www.mochileiros.com\/blog\/wp-content\/uploads\/2017\/05\/18238464_10207105305149829_1956466324255989606_o-20x11.jpg 20w, https:\/\/www.mochileiros.com\/blog\/wp-content\/uploads\/2017\/05\/18238464_10207105305149829_1956466324255989606_o.jpg 2048w\" sizes=\"auto, (max-width: 1000px) 100vw, 1000px\" \/> <img loading=\"lazy\" decoding=\"async\" class=\"alignnone size-large wp-image-25379\" src=\"https:\/\/www.mochileiros.com\/blog\/wp-content\/uploads\/2017\/05\/18216845_10207105267868897_5905869690577909585_o-1024x576.jpg\" alt=\"\" width=\"1000\" height=\"563\" srcset=\"https:\/\/www.mochileiros.com\/blog\/wp-content\/uploads\/2017\/05\/18216845_10207105267868897_5905869690577909585_o-1024x576.jpg 1024w, https:\/\/www.mochileiros.com\/blog\/wp-content\/uploads\/2017\/05\/18216845_10207105267868897_5905869690577909585_o-300x169.jpg 300w, https:\/\/www.mochileiros.com\/blog\/wp-content\/uploads\/2017\/05\/18216845_10207105267868897_5905869690577909585_o-768x432.jpg 768w, https:\/\/www.mochileiros.com\/blog\/wp-content\/uploads\/2017\/05\/18216845_10207105267868897_5905869690577909585_o-313x176.jpg 313w, https:\/\/www.mochileiros.com\/blog\/wp-content\/uploads\/2017\/05\/18216845_10207105267868897_5905869690577909585_o-20x11.jpg 20w, https:\/\/www.mochileiros.com\/blog\/wp-content\/uploads\/2017\/05\/18216845_10207105267868897_5905869690577909585_o.jpg 2048w\" sizes=\"auto, (max-width: 1000px) 100vw, 1000px\" \/> <img loading=\"lazy\" decoding=\"async\" class=\"alignnone size-large wp-image-25373\" src=\"https:\/\/www.mochileiros.com\/blog\/wp-content\/uploads\/2017\/05\/18193243_10207105235388085_3339132983390861906_o-1024x576.jpg\" alt=\"\" width=\"1000\" height=\"563\" srcset=\"https:\/\/www.mochileiros.com\/blog\/wp-content\/uploads\/2017\/05\/18193243_10207105235388085_3339132983390861906_o-1024x576.jpg 1024w, https:\/\/www.mochileiros.com\/blog\/wp-content\/uploads\/2017\/05\/18193243_10207105235388085_3339132983390861906_o-300x169.jpg 300w, https:\/\/www.mochileiros.com\/blog\/wp-content\/uploads\/2017\/05\/18193243_10207105235388085_3339132983390861906_o-768x432.jpg 768w, https:\/\/www.mochileiros.com\/blog\/wp-content\/uploads\/2017\/05\/18193243_10207105235388085_3339132983390861906_o-313x176.jpg 313w, https:\/\/www.mochileiros.com\/blog\/wp-content\/uploads\/2017\/05\/18193243_10207105235388085_3339132983390861906_o-20x11.jpg 20w, https:\/\/www.mochileiros.com\/blog\/wp-content\/uploads\/2017\/05\/18193243_10207105235388085_3339132983390861906_o.jpg 2048w\" sizes=\"auto, (max-width: 1000px) 100vw, 1000px\" \/> <img loading=\"lazy\" decoding=\"async\" class=\"alignnone size-large wp-image-25371\" src=\"https:\/\/www.mochileiros.com\/blog\/wp-content\/uploads\/2017\/05\/18192755_10207105295629591_4518883698825561704_o-1024x576.jpg\" alt=\"\" width=\"1000\" height=\"563\" srcset=\"https:\/\/www.mochileiros.com\/blog\/wp-content\/uploads\/2017\/05\/18192755_10207105295629591_4518883698825561704_o-1024x576.jpg 1024w, https:\/\/www.mochileiros.com\/blog\/wp-content\/uploads\/2017\/05\/18192755_10207105295629591_4518883698825561704_o-300x169.jpg 300w, https:\/\/www.mochileiros.com\/blog\/wp-content\/uploads\/2017\/05\/18192755_10207105295629591_4518883698825561704_o-768x432.jpg 768w, https:\/\/www.mochileiros.com\/blog\/wp-content\/uploads\/2017\/05\/18192755_10207105295629591_4518883698825561704_o-313x176.jpg 313w, https:\/\/www.mochileiros.com\/blog\/wp-content\/uploads\/2017\/05\/18192755_10207105295629591_4518883698825561704_o-20x11.jpg 20w, https:\/\/www.mochileiros.com\/blog\/wp-content\/uploads\/2017\/05\/18192755_10207105295629591_4518883698825561704_o.jpg 2048w\" sizes=\"auto, (max-width: 1000px) 100vw, 1000px\" \/><\/p>\n<p><strong>DIA 6 &#8211;\u00a0\u00a0Pesca de Truta, Cachoeira do Escorrega e Cachoeiras do Po\u00e7o do C\u00e9u e Po\u00e7o dos Dinossauros.<\/strong><br \/>\nEnquanto meu primo descansava, fui pescar Trutas Arco-Iris, esp\u00e9cie que foi introduzida nas \u00e1reas mais altas e frias do pa\u00eds. Nunca imaginei que iria poder pescar esse peixe manhoso e sa\u00ed vitorioso.<br \/>\nDepois fomos at\u00e9 a cachoeira do escorrega, o tobo\u00e1gua mais insano (e gelado rs) que j\u00e1 fui e ainda criado pela m\u00e3e natureza. Almo\u00e7amos uma Truta \u00e0 Parmegiana, iguaria local e sem igual.<br \/>\nA tarde conhecemos as cachoeiras do Po\u00e7o do C\u00e9u\/Po\u00e7o dos Dinossauros, absolutamente lindas, 100% cristalinas e imperd\u00edveis para um snorkeling.<\/p>\n<p><strong>DIA 7\u00a0\u2013 DESPEDIDA DE ITATIAIA E CHEGADA AO SACO DO MAMANGU\u00c1 (PARATY MIRIM) ANOITE.<\/strong><br \/>\nPela Estrada Real, viajamos 250km at\u00e9 Paraty Mirim, um povoado cai\u00e7ara h\u00e1 25km de Paraty, onde h\u00e1 uma comunidade ind\u00edgena e a igreja mais antiga do munic\u00edpio.<br \/>\nDeixamos o carro num estacionamento onde ele ficou por cinco dias. Sa\u00edmos de caiaque quase no anoitecer, navegando por \u00e1guas cristalinas.<br \/>\nFizemos 6km de remada em 1h, no maior g\u00e1s. No percurso pescamos alguns saborosos \u201cOlho de C\u00e3o\u201d.<br \/>\nJ\u00e1 era noite quando chegamos no Camping do Sr. Orlando dentro do Saco do Mamangu\u00e1, na Vila do Cruzeiro, um capit\u00e3o de navio e pescador aposentado, que nos atendeu com muito entusiasmo.<br \/>\nAssim, acampamos bem na beira de um dos mais belos pontos de todo o litoral paulista.<\/p>\n<p><strong>DIA 8 &#8211;\u00a0DESCANSO E PESCARIA NO SACO DO MAMANGU\u00c1<\/strong><br \/>\nApesar das previs\u00f5es de tempo catastr\u00f3ficas, o tempo amanheceu com sol no magn\u00edfico Saco do Mamangu\u00e1. Esta ba\u00eda possui \u00e1guas cristalinas, cercada por serras dos dois lados, sendo considerada o \u201c\u00fanico fiorde brasileiro\u201d.<br \/>\nA sensa\u00e7\u00e3o era de estar pescando num aqu\u00e1rio vivo, no para\u00edso da pesca e snorkeling.<br \/>\nAnoite fizemos uma boa fritada de peixe, que s\u00f3 n\u00e3o foi perfeita, por qu\u00ea n\u00e3o t\u00ednhamos mais cacha\u00e7a e nem farinha pra empanar os peixes que ficaram encharcados de \u00f3leo kkk.<\/p>\n<p><img loading=\"lazy\" decoding=\"async\" class=\"alignnone size-large wp-image-25363\" src=\"https:\/\/www.mochileiros.com\/blog\/wp-content\/uploads\/2017\/05\/18156789_10207105230987975_1454149497281456667_o-1024x576.jpg\" alt=\"\" width=\"1000\" height=\"563\" srcset=\"https:\/\/www.mochileiros.com\/blog\/wp-content\/uploads\/2017\/05\/18156789_10207105230987975_1454149497281456667_o-1024x576.jpg 1024w, https:\/\/www.mochileiros.com\/blog\/wp-content\/uploads\/2017\/05\/18156789_10207105230987975_1454149497281456667_o-300x169.jpg 300w, https:\/\/www.mochileiros.com\/blog\/wp-content\/uploads\/2017\/05\/18156789_10207105230987975_1454149497281456667_o-768x432.jpg 768w, https:\/\/www.mochileiros.com\/blog\/wp-content\/uploads\/2017\/05\/18156789_10207105230987975_1454149497281456667_o-313x176.jpg 313w, https:\/\/www.mochileiros.com\/blog\/wp-content\/uploads\/2017\/05\/18156789_10207105230987975_1454149497281456667_o-20x11.jpg 20w, https:\/\/www.mochileiros.com\/blog\/wp-content\/uploads\/2017\/05\/18156789_10207105230987975_1454149497281456667_o.jpg 2048w\" sizes=\"auto, (max-width: 1000px) 100vw, 1000px\" \/><\/p>\n<p><strong>DIA 9 &#8211;\u00a0SUBIDA NO PICO P\u00c3O DE A\u00c7\u00daCAR\u00a0E IN\u00cdCIO DA TRAVESSIA DA PONTA DA JOATINGA<\/strong><br \/>\nNa parte da manh\u00e3 subimos no pico que fica na vila do Cruzeiro. 1,5km de subida intensa, 400m de desn\u00edve. O tempo estava maravilhoso! Chupa previs\u00f5es! A vista daquele pico, n\u00e3o tem como descrever, n\u00e3o tem como acreditar, \u00e9 um dos lugares mais lindos que j\u00e1 estive e minha principal meta de toda a viagem.<br \/>\nDepois do almo\u00e7o desmontamos o camping e iniciamos a Travessia da Joatinga. Mesmo com GPS, a trilha da Travessia da Joatinga \u00e9 muito confusa. Voc\u00ea vai beirando o mar, subindo e descendo morros e entrando em muitas casas e mans\u00f5es luxuosas.<br \/>\nAp\u00f3s algumas horas chegamos no MOMENTO MAIS DIF\u00cdCIL de toda essa expedi\u00e7\u00e3o!!! A travessia de uma serra pra chegar na Praia Grande da Caja\u00edba.<br \/>\nCorpo fadigado, mochila pesada, um calor de 35\u00b0C e uma trilha de quase 4km, com desn\u00edvel de 380m, escorregadia com mata muito fechada e in\u00fameros obst\u00e1culos (\u00e1rvores\/bambuzais\/bambuzais ca\u00eddos e barrancos).<br \/>\nA noite caiu e andamos por horas a fio com a luz da lanterna e de uma imensa lua cheia.<br \/>\nChegamos totalmente destru\u00eddos e destro\u00e7ados na bel\u00edssima Praia da Caja\u00edba, no Camping da Dona Dica. A senhora Dica \u00e9 uma cai\u00e7ara de 3\u00b0 gera\u00e7\u00e3o e conhece-la foi um dos momentos tamb\u00e9m dos mais incr\u00edveis daquela viagem. O Camping \u00e9 todo artesanal (feito por ela e seus filhos), cheio de balaios e artesanatos feito por ela. Apesar de bem velhinha, ela mora pra dentro da mata, 3km da praia, e anda aquela dist\u00e2ncia todos os dias. Ainda planta, cria animais e produz farinha de mandioca.<\/p>\n<p><img loading=\"lazy\" decoding=\"async\" class=\"alignnone size-large wp-image-25386\" src=\"https:\/\/www.mochileiros.com\/blog\/wp-content\/uploads\/2017\/05\/18156434_10207105209947449_2182325465122728327_o-1024x576.jpg\" alt=\"\" width=\"1000\" height=\"563\" srcset=\"https:\/\/www.mochileiros.com\/blog\/wp-content\/uploads\/2017\/05\/18156434_10207105209947449_2182325465122728327_o-1024x576.jpg 1024w, https:\/\/www.mochileiros.com\/blog\/wp-content\/uploads\/2017\/05\/18156434_10207105209947449_2182325465122728327_o-300x169.jpg 300w, https:\/\/www.mochileiros.com\/blog\/wp-content\/uploads\/2017\/05\/18156434_10207105209947449_2182325465122728327_o-768x432.jpg 768w, https:\/\/www.mochileiros.com\/blog\/wp-content\/uploads\/2017\/05\/18156434_10207105209947449_2182325465122728327_o-313x176.jpg 313w, https:\/\/www.mochileiros.com\/blog\/wp-content\/uploads\/2017\/05\/18156434_10207105209947449_2182325465122728327_o-20x11.jpg 20w, https:\/\/www.mochileiros.com\/blog\/wp-content\/uploads\/2017\/05\/18156434_10207105209947449_2182325465122728327_o.jpg 2048w\" sizes=\"auto, (max-width: 1000px) 100vw, 1000px\" \/><\/p>\n<p><img loading=\"lazy\" decoding=\"async\" class=\"alignnone size-large wp-image-25366\" src=\"https:\/\/www.mochileiros.com\/blog\/wp-content\/uploads\/2017\/05\/18192346_10207105235668092_90693894055841081_o-1024x576.jpg\" alt=\"\" width=\"1000\" height=\"563\" srcset=\"https:\/\/www.mochileiros.com\/blog\/wp-content\/uploads\/2017\/05\/18192346_10207105235668092_90693894055841081_o-1024x576.jpg 1024w, https:\/\/www.mochileiros.com\/blog\/wp-content\/uploads\/2017\/05\/18192346_10207105235668092_90693894055841081_o-300x169.jpg 300w, https:\/\/www.mochileiros.com\/blog\/wp-content\/uploads\/2017\/05\/18192346_10207105235668092_90693894055841081_o-768x432.jpg 768w, https:\/\/www.mochileiros.com\/blog\/wp-content\/uploads\/2017\/05\/18192346_10207105235668092_90693894055841081_o-313x176.jpg 313w, https:\/\/www.mochileiros.com\/blog\/wp-content\/uploads\/2017\/05\/18192346_10207105235668092_90693894055841081_o-20x11.jpg 20w, https:\/\/www.mochileiros.com\/blog\/wp-content\/uploads\/2017\/05\/18192346_10207105235668092_90693894055841081_o.jpg 2048w\" sizes=\"auto, (max-width: 1000px) 100vw, 1000px\" \/><\/p>\n<p><strong>DIA 10 &#8211;\u00a0\u00a0TRAVESSIA DA JOATINGA, DA PRAIA GRANDE AT\u00c9 O POUSO DA CAJA\u00cdBA<\/strong><br \/>\nA travessia da Joatinga consiste de 44km de trilhas, praias e comunidades cai\u00e7aras isoladas, tudo acess\u00edvel somente por caminhada ou por barco.<br \/>\nAtravessamos v\u00e1rias vilas cai\u00e7aras parecidas tiradas de filme, com praias maravilhosas e translucidas, as quais gostaria muito de ter tido tempo de mergulhar com snorkel.<br \/>\nNo Pouso da Caja\u00edba pegamos um barco at\u00e9 Ponta Negra.<br \/>\nDe fato o mar estava muito bravo, mas conseguimos fazer a travessia de uma hora pelo mar espetacular, de maneira segura com um piloteiro cai\u00e7ara chamado Richard, que nos ensinou muito sobre o modo de vida cai\u00e7ara, ainda bem preservado naquelas vilas isoladas.<\/p>\n<p><img loading=\"lazy\" decoding=\"async\" class=\"alignnone size-large wp-image-25387\" src=\"https:\/\/www.mochileiros.com\/blog\/wp-content\/uploads\/2017\/05\/18193296_10207105251588490_9214013298582719208_o-1024x576.jpg\" alt=\"\" width=\"1000\" height=\"563\" srcset=\"https:\/\/www.mochileiros.com\/blog\/wp-content\/uploads\/2017\/05\/18193296_10207105251588490_9214013298582719208_o-1024x576.jpg 1024w, https:\/\/www.mochileiros.com\/blog\/wp-content\/uploads\/2017\/05\/18193296_10207105251588490_9214013298582719208_o-300x169.jpg 300w, https:\/\/www.mochileiros.com\/blog\/wp-content\/uploads\/2017\/05\/18193296_10207105251588490_9214013298582719208_o-768x432.jpg 768w, https:\/\/www.mochileiros.com\/blog\/wp-content\/uploads\/2017\/05\/18193296_10207105251588490_9214013298582719208_o-313x176.jpg 313w, https:\/\/www.mochileiros.com\/blog\/wp-content\/uploads\/2017\/05\/18193296_10207105251588490_9214013298582719208_o-20x11.jpg 20w, https:\/\/www.mochileiros.com\/blog\/wp-content\/uploads\/2017\/05\/18193296_10207105251588490_9214013298582719208_o.jpg 2048w\" sizes=\"auto, (max-width: 1000px) 100vw, 1000px\" \/><\/p>\n<p><img loading=\"lazy\" decoding=\"async\" class=\"alignnone size-large wp-image-25374\" src=\"https:\/\/www.mochileiros.com\/blog\/wp-content\/uploads\/2017\/05\/18193298_10207105236788120_3257599939336251231_o-1024x576.jpg\" alt=\"\" width=\"1000\" height=\"563\" srcset=\"https:\/\/www.mochileiros.com\/blog\/wp-content\/uploads\/2017\/05\/18193298_10207105236788120_3257599939336251231_o-1024x576.jpg 1024w, https:\/\/www.mochileiros.com\/blog\/wp-content\/uploads\/2017\/05\/18193298_10207105236788120_3257599939336251231_o-300x169.jpg 300w, https:\/\/www.mochileiros.com\/blog\/wp-content\/uploads\/2017\/05\/18193298_10207105236788120_3257599939336251231_o-768x432.jpg 768w, https:\/\/www.mochileiros.com\/blog\/wp-content\/uploads\/2017\/05\/18193298_10207105236788120_3257599939336251231_o-313x176.jpg 313w, https:\/\/www.mochileiros.com\/blog\/wp-content\/uploads\/2017\/05\/18193298_10207105236788120_3257599939336251231_o-20x11.jpg 20w, https:\/\/www.mochileiros.com\/blog\/wp-content\/uploads\/2017\/05\/18193298_10207105236788120_3257599939336251231_o.jpg 2048w\" sizes=\"auto, (max-width: 1000px) 100vw, 1000px\" \/><\/p>\n<p><img loading=\"lazy\" decoding=\"async\" class=\"alignnone size-large wp-image-25378\" src=\"https:\/\/www.mochileiros.com\/blog\/wp-content\/uploads\/2017\/05\/18209390_10207105308469912_3591917246682451229_o-1024x576.jpg\" alt=\"\" width=\"1000\" height=\"563\" srcset=\"https:\/\/www.mochileiros.com\/blog\/wp-content\/uploads\/2017\/05\/18209390_10207105308469912_3591917246682451229_o-1024x576.jpg 1024w, https:\/\/www.mochileiros.com\/blog\/wp-content\/uploads\/2017\/05\/18209390_10207105308469912_3591917246682451229_o-300x169.jpg 300w, https:\/\/www.mochileiros.com\/blog\/wp-content\/uploads\/2017\/05\/18209390_10207105308469912_3591917246682451229_o-768x432.jpg 768w, https:\/\/www.mochileiros.com\/blog\/wp-content\/uploads\/2017\/05\/18209390_10207105308469912_3591917246682451229_o-313x176.jpg 313w, https:\/\/www.mochileiros.com\/blog\/wp-content\/uploads\/2017\/05\/18209390_10207105308469912_3591917246682451229_o-20x11.jpg 20w, https:\/\/www.mochileiros.com\/blog\/wp-content\/uploads\/2017\/05\/18209390_10207105308469912_3591917246682451229_o.jpg 2048w\" sizes=\"auto, (max-width: 1000px) 100vw, 1000px\" \/><\/p>\n<p><img loading=\"lazy\" decoding=\"async\" class=\"alignnone wp-image-25376\" src=\"https:\/\/www.mochileiros.com\/blog\/wp-content\/uploads\/2017\/05\/18198369_10207105208947424_5896983977712336258_n.jpg\" alt=\"\" width=\"1000\" height=\"750\" srcset=\"https:\/\/www.mochileiros.com\/blog\/wp-content\/uploads\/2017\/05\/18198369_10207105208947424_5896983977712336258_n.jpg 960w, https:\/\/www.mochileiros.com\/blog\/wp-content\/uploads\/2017\/05\/18198369_10207105208947424_5896983977712336258_n-300x225.jpg 300w, https:\/\/www.mochileiros.com\/blog\/wp-content\/uploads\/2017\/05\/18198369_10207105208947424_5896983977712336258_n-768x576.jpg 768w, https:\/\/www.mochileiros.com\/blog\/wp-content\/uploads\/2017\/05\/18198369_10207105208947424_5896983977712336258_n-313x235.jpg 313w, https:\/\/www.mochileiros.com\/blog\/wp-content\/uploads\/2017\/05\/18198369_10207105208947424_5896983977712336258_n-20x15.jpg 20w\" sizes=\"auto, (max-width: 1000px) 100vw, 1000px\" \/><\/p>\n<p><img loading=\"lazy\" decoding=\"async\" class=\"alignnone size-large wp-image-25388\" src=\"https:\/\/www.mochileiros.com\/blog\/wp-content\/uploads\/2017\/05\/18192718_10207105259828696_3735946758750548046_o-1024x576.jpg\" alt=\"\" width=\"1000\" height=\"563\" srcset=\"https:\/\/www.mochileiros.com\/blog\/wp-content\/uploads\/2017\/05\/18192718_10207105259828696_3735946758750548046_o-1024x576.jpg 1024w, https:\/\/www.mochileiros.com\/blog\/wp-content\/uploads\/2017\/05\/18192718_10207105259828696_3735946758750548046_o-300x169.jpg 300w, https:\/\/www.mochileiros.com\/blog\/wp-content\/uploads\/2017\/05\/18192718_10207105259828696_3735946758750548046_o-768x432.jpg 768w, https:\/\/www.mochileiros.com\/blog\/wp-content\/uploads\/2017\/05\/18192718_10207105259828696_3735946758750548046_o-313x176.jpg 313w, https:\/\/www.mochileiros.com\/blog\/wp-content\/uploads\/2017\/05\/18192718_10207105259828696_3735946758750548046_o-20x11.jpg 20w, https:\/\/www.mochileiros.com\/blog\/wp-content\/uploads\/2017\/05\/18192718_10207105259828696_3735946758750548046_o.jpg 2048w\" sizes=\"auto, (max-width: 1000px) 100vw, 1000px\" \/><\/p>\n<p><strong>DIA 11 &#8211;\u00a0TRAVESSIA JOATINGA \u2013 SA\u00cdDA DA PONTA NEGRA \u2013 CHEGADA EM PARATY.<\/strong><br \/>\nNosso pouco tempo na vila Cai\u00e7ara de Ponta Negra foi muito intenso. Tive uma crise de dor de barriga\/diarreia anoite.<br \/>\nPra piorar o camping que ficamos, era extremamente pobre e prec\u00e1rio. Ali\u00e1s, ao contr\u00e1rio das outras vilas cai\u00e7aras que visitamos, que pareciam bem pr\u00f3speras, a comunidade da Ponta Negra foi uma das comunidades mais pobres que tive contato.<br \/>\nDeu um aperto muito grande aquela situa\u00e7\u00e3o, fora o desconforto por causa da diarreia.<br \/>\nPra minha sorte, achei um p\u00e9 de lim\u00e3o e consegui fazer um rem\u00e9dio ind\u00edgena milagroso pra diarreias que aprendi na Col\u00f4mbia e funciona melhor que Imozek&#8230;.<br \/>\nA trilha a partir da Ponta Negra \u00e9 bem menos puxada, principalmente entre a Praia do Sono e a Vila do Orat\u00f3rio, que parecia uma brincadeira depois de tudo que enfrentamos.<br \/>\nNa praia do Sono, tinham um zilh\u00e3o de campings e restaurantes e at\u00e9 aceitavam cart\u00e3o, apesar de n\u00e3o ter acesso de carro pra l\u00e1 tamb\u00e9m.<br \/>\nFim do dia chegamos na Vila do Orat\u00f3rio e pegamos um \u00f4nibus pra Paraty, onde pernoitamos num Hostel muito aconchegante e extramente barato pra o que eu esperava de Paraty.<br \/>\nAproveitei pra conhecer o centro hist\u00f3rico de Paraty e sua riqu\u00edssima vida noturna.<\/p>\n<p><img loading=\"lazy\" decoding=\"async\" class=\"alignnone size-large wp-image-25389\" src=\"https:\/\/www.mochileiros.com\/blog\/wp-content\/uploads\/2017\/05\/18209278_10207105226027851_4720742359856988312_o-1024x576.jpg\" alt=\"\" width=\"1000\" height=\"563\" srcset=\"https:\/\/www.mochileiros.com\/blog\/wp-content\/uploads\/2017\/05\/18209278_10207105226027851_4720742359856988312_o-1024x576.jpg 1024w, https:\/\/www.mochileiros.com\/blog\/wp-content\/uploads\/2017\/05\/18209278_10207105226027851_4720742359856988312_o-300x169.jpg 300w, https:\/\/www.mochileiros.com\/blog\/wp-content\/uploads\/2017\/05\/18209278_10207105226027851_4720742359856988312_o-768x432.jpg 768w, https:\/\/www.mochileiros.com\/blog\/wp-content\/uploads\/2017\/05\/18209278_10207105226027851_4720742359856988312_o-313x176.jpg 313w, https:\/\/www.mochileiros.com\/blog\/wp-content\/uploads\/2017\/05\/18209278_10207105226027851_4720742359856988312_o-20x11.jpg 20w, https:\/\/www.mochileiros.com\/blog\/wp-content\/uploads\/2017\/05\/18209278_10207105226027851_4720742359856988312_o.jpg 2048w\" sizes=\"auto, (max-width: 1000px) 100vw, 1000px\" \/><\/p>\n<p><img loading=\"lazy\" decoding=\"async\" class=\"alignnone size-large wp-image-25390\" src=\"https:\/\/www.mochileiros.com\/blog\/wp-content\/uploads\/2017\/05\/18209028_10207105188506913_8246931927795543545_o-1024x576.jpg\" alt=\"\" width=\"1000\" height=\"563\" srcset=\"https:\/\/www.mochileiros.com\/blog\/wp-content\/uploads\/2017\/05\/18209028_10207105188506913_8246931927795543545_o-1024x576.jpg 1024w, https:\/\/www.mochileiros.com\/blog\/wp-content\/uploads\/2017\/05\/18209028_10207105188506913_8246931927795543545_o-300x169.jpg 300w, https:\/\/www.mochileiros.com\/blog\/wp-content\/uploads\/2017\/05\/18209028_10207105188506913_8246931927795543545_o-768x432.jpg 768w, https:\/\/www.mochileiros.com\/blog\/wp-content\/uploads\/2017\/05\/18209028_10207105188506913_8246931927795543545_o-313x176.jpg 313w, https:\/\/www.mochileiros.com\/blog\/wp-content\/uploads\/2017\/05\/18209028_10207105188506913_8246931927795543545_o-20x11.jpg 20w, https:\/\/www.mochileiros.com\/blog\/wp-content\/uploads\/2017\/05\/18209028_10207105188506913_8246931927795543545_o.jpg 2048w\" sizes=\"auto, (max-width: 1000px) 100vw, 1000px\" \/><\/p>\n<p><strong>DIA 12 &#8211; DESCANSO E RESGATE DO CARRO e Caiaques, a conclus\u00e3o da TRAVESSIA ponta da Joatinga.<\/strong><br \/>\nDormimos at\u00e9 tarde no hostel, aproveitando pra descansar. Resolvemos coisas no centro da cidade e pegamos um \u00f4nibus pra Paraty Mirim, pra iniciar o \u201cfim da travessia\u201d e da Expedi\u00e7\u00e3o RJ\/MG Oculto.<br \/>\nChegando em Paraty Mirim, o primeiro desafio foi fazer o carro pegar ap\u00f3s 5 dias parados e uma bateria que estava com dois anos de uso.<br \/>\nDepois fomos atr\u00e1s de barqueiro pra nos levar pro Saco do Mamangu\u00e1 e puxar nossos caiaques e tralhas de pesca que ainda estavam no Camping do Sr. Orlando. A maioria n\u00e3o queria pelo mau tempo, que voltou dessa vez pra ficar. Ficamos todos ensopados por conta das ondas que batiam no barco e sem blusa, ficamos com muito frio.<br \/>\nE assim resgatamos tudos e nos despedimos daquele para\u00edso. Adeus saco do mamangu\u00e1 ou at\u00e9 breve.<br \/>\nAinda voltamos pra Paraty, pra dormir no mesmo hostel e sairmos mais uma noite.<\/p>\n<p><strong>DIA TREZE VOLTA PRA SP, PASSANDO POR S\u00c3O LUIZ DA PARAITINGA.<\/strong><\/p>\n<p>GRATID\u00c3O<br \/>\nAos meus pais que me despertaram quando pequeno uma apetite voraz por conhecer nosso pa\u00eds. Ao meu primo e irm\u00e3o de considera\u00e7\u00e3o Mauricio por ter embarcado nessa comigo. A todos que nos receberam bem. E por ter realizado mais uma expedi\u00e7\u00e3o nesse lindo Brasil.<\/p>\n<p>Texto e fotos:\u00a0<span class=\"fwn fcg\"><span class=\"fcg\"><span class=\"fwb\"><a id=\"js_4iy\" class=\"profileLink\" href=\"https:\/\/www.facebook.com\/Vin.Almeida\" data-ft=\"{&quot;tn&quot;:&quot;l&quot;}\" data-hovercard=\"\/ajax\/hovercard\/user.php?id=1797450191&amp;extragetparams=%7B%22directed_target_id%22%3A23077102259%7D\" data-hovercard-prefer-more-content-show=\"1\" target=\"_blank\" rel=\"noopener\">Vinicius De Souza Almeida<\/a>\u00a0e\u00a0Mauricio Gomes Loiola<\/span><\/span><\/span><\/p>\n<p>Postado originalmente no Grupo Mochileiros em:<br \/>\n<a href=\"https:\/\/www.facebook.com\/groups\/mochileiroscom\/permalink\/10154309701672260\/\" target=\"_blank\" rel=\"noopener noreferrer\">https:\/\/www.facebook.com\/groups\/mochileiroscom\/permalink\/10154309701672260\/<\/a><\/p>\n","protected":false},"excerpt":{"rendered":"<p>Das Montanhas de Itatiaia e suas Cachoeiras geladas. \u00a0Do Saco do Mamangu\u00e1 at\u00e9 a travessia da Joatinga, por praias desertas e vilas cai\u00e7aras de Paraty. Dura\u00e7\u00e3o total: 13 dias. Fizemos essa expedi\u00e7\u00e3o eu e meu primo-irm\u00e3o @Mauricio Gomes Loiola, com mais de 1000km de estrada, 60km de trilhas, 15km de caiaque, 18km de barco, 30km [&hellip;]<\/p>\n","protected":false},"author":55,"featured_media":25365,"comment_status":"open","ping_status":"closed","sticky":false,"template":"","format":"standard","meta":{"googlesitekit_rrm_CAoiELM5mIOjYRN0nfylq3_9r-8:productID":"","_crdt_document":"","_daim_seo_power":"","_daim_enable_ail":"","footnotes":""},"categories":[168,1193],"tags":[1335,1375,66],"class_list":["post-25359","post","type-post","status-publish","format-standard","has-post-thumbnail","hentry","category-blog","category-brasil","tag-minas-gerais","tag-relatos-de-viagem","tag-rio-de-janeiro"],"_links":{"self":[{"href":"https:\/\/www.mochileiros.com\/blog\/wp-json\/wp\/v2\/posts\/25359","targetHints":{"allow":["GET"]}}],"collection":[{"href":"https:\/\/www.mochileiros.com\/blog\/wp-json\/wp\/v2\/posts"}],"about":[{"href":"https:\/\/www.mochileiros.com\/blog\/wp-json\/wp\/v2\/types\/post"}],"author":[{"embeddable":true,"href":"https:\/\/www.mochileiros.com\/blog\/wp-json\/wp\/v2\/users\/55"}],"replies":[{"embeddable":true,"href":"https:\/\/www.mochileiros.com\/blog\/wp-json\/wp\/v2\/comments?post=25359"}],"version-history":[{"count":0,"href":"https:\/\/www.mochileiros.com\/blog\/wp-json\/wp\/v2\/posts\/25359\/revisions"}],"wp:featuredmedia":[{"embeddable":true,"href":"https:\/\/www.mochileiros.com\/blog\/wp-json\/wp\/v2\/media\/25365"}],"wp:attachment":[{"href":"https:\/\/www.mochileiros.com\/blog\/wp-json\/wp\/v2\/media?parent=25359"}],"wp:term":[{"taxonomy":"category","embeddable":true,"href":"https:\/\/www.mochileiros.com\/blog\/wp-json\/wp\/v2\/categories?post=25359"},{"taxonomy":"post_tag","embeddable":true,"href":"https:\/\/www.mochileiros.com\/blog\/wp-json\/wp\/v2\/tags?post=25359"}],"curies":[{"name":"wp","href":"https:\/\/api.w.org\/{rel}","templated":true}]}}