{"id":25565,"date":"2017-05-09T15:02:54","date_gmt":"2017-05-09T18:02:54","guid":{"rendered":"https:\/\/www.mochileiros.com\/blog\/blog\/subindo-o-pico-caratuva-2o-maior-do-sul"},"modified":"2018-09-14T20:47:01","modified_gmt":"2018-09-14T23:47:01","slug":"subindo-o-pico-caratuva-2o-maior-do-sul","status":"publish","type":"post","link":"https:\/\/www.mochileiros.com\/blog\/subindo-o-pico-caratuva-2o-maior-do-sul","title":{"rendered":"Subindo o Pico Caratuva \u2013 2\u00ba Maior do Sul do Brasil!"},"content":{"rendered":"<p>Iniciamos o m\u00eas de maio com muita aventura na veia. Nos dias 6 e 7 fizemos a trilha do Pico Caratuva, o segundo maior do sul do pa\u00eds (1.854m A.N.M), com direito a acampamento no cume da montanha.<\/p>\n<p>A montanha est\u00e1 situada na cidade de Campina Grande do Sul, no Paran\u00e1, dentro da Fazenda Pico Paran\u00e1. O acesso \u00e0 trilha \u00e9 controlado pelos propriet\u00e1rios do local e seu acesso \u00e9 pago (R$ 15 por pessoa). Na chegada, estacionamos os carros, fizemos o pagamento, assinamos o livro de controle do Parque, iniciando nossa jornada por volta de 10h30 da manh\u00e3. O percurso exigiu bastante de n\u00f3s duas. A trilha estava bastante \u00famida na maior parte do trajeto e haviam v\u00e1rios trechos bem lamacentos \u2013 havia tanta lama, que apelidamos estes trechos de \u201cmanguezal\u201d. Por vezes, tivemos que escalar pedras, inclusive com o aux\u00edlio de cordas.<\/p>\n<p>&nbsp;<\/p>\n<p><img loading=\"lazy\" decoding=\"async\" class=\"snax-figure-content attachment-large alignnone\" src=\"https:\/\/www.mochileiros.com\/blog\/wp-content\/uploads\/2017\/05\/caratuva-4-1024x679.jpg\" alt=\"\" width=\"562\" height=\"373\"><\/p>\n<p><img loading=\"lazy\" decoding=\"async\" class=\"snax-figure-content attachment-large alignnone\" src=\"https:\/\/www.mochileiros.com\/blog\/wp-content\/uploads\/2017\/05\/caratuva-5-1024x679.jpg\" alt=\"\" width=\"563\" height=\"373\"><\/p>\n<p><img loading=\"lazy\" decoding=\"async\" class=\"snax-figure-content attachment-large alignnone\" src=\"https:\/\/www.mochileiros.com\/blog\/wp-content\/uploads\/2017\/05\/caratuva-6-1024x681.jpg\" alt=\"\" width=\"563\" height=\"375\"><\/p>\n<p>Fizemos o percurso de ida em 5h30min, completando os cinco quil\u00f4metros de caminhada at\u00e9 o ponto mais alto da montanha, onde montamos o nosso acampamento. Na chegada, alguns montavam suas barracas, outros contemplavam a paisagem e n\u00f3s prepar\u00e1vamos nosso \u201calmo\u00e7o\u201d, afinal, j\u00e1 passavam das 15h. O visual era incr\u00edvel, o c\u00e9u azul, com muitas nuvens ao redor. O sol nos esquentava e, na nossa frente, avist\u00e1vamos o imponente Pico Paran\u00e1, o primeiro da lista nos mais altos do Sul do Brasil. O p\u00f4r do sol tamb\u00e9m foi um show \u00e0 parte apesar do nevoeiro.<\/p>\n<p><img loading=\"lazy\" decoding=\"async\" class=\"snax-figure-content attachment-large size-large alignnone\" src=\"https:\/\/www.mochileiros.com\/blog\/wp-content\/uploads\/2017\/05\/caratuva-8-1024x679.jpg\" alt=\"\" width=\"1000\" height=\"663\"><\/p>\n<p>Logo ap\u00f3s o p\u00f4r do sol, come\u00e7amos a preparar a nossa janta, pois ventava muito e a umidade aumentava a cada momento. Ligamos nosso fogareiro e cozinhamos um arroz de saquinho, que foi misturado com bacon e ovo frito. Uma del\u00edcia! Os outros aventureiros cozinhavam os mais variados menus, no estilo MasterChef! Teve at\u00e9 macarr\u00e3o parafuso com cebola roxa, alho e atum, finalizado com muuiito or\u00e9gano. Este prato ganhou a medalha de ouro e nos rendeu boas risadas. Junto com a refei\u00e7\u00e3o noturna, muitos tiraram da sua mochila o tradicional vinho (e t\u00ednhamos as mais variados tipos: branco seco de uva ni\u00e1gara, chileno, tinto suave). Engana-se aquele que pensa que aventureiro come mal nos acampamentos (kkkk). \u00c0 noite, o frio alcan\u00e7ou a temperatura de 4,6\u00baC, com sensa\u00e7\u00e3o t\u00e9rmica bem menor\u2026 O frio era tanto, que \u00e0s 20h todos j\u00e1 estavam recolhidos em suas barracas.<\/p>\n<p><img loading=\"lazy\" decoding=\"async\" class=\"snax-figure-content attachment-large size-large alignnone\" src=\"https:\/\/www.mochileiros.com\/blog\/wp-content\/uploads\/2017\/05\/caratuva-9-1024x665.jpg\" alt=\"\" width=\"1000\" height=\"649\"><\/p>\n<p>Depois de uma noite de remexe-mexe na barraca, despertamos \u00e0s 5h50 com nosso amigo o Fabiano gritando \u201colha o sol!\u201d. Espregui\u00e7amos mais um pouco e, \u00e0s 6h00, sa\u00edmos da toca pra assistir ao espet\u00e1culo. Infelizmente n\u00e3o conseguimos assistir o raiar do sol por completo por causa das nuvens. O sol apareceu t\u00edmido entre o nevoeiro por tr\u00eas ou quatro vezes. Fizemos um caf\u00e9 da manh\u00e3 gostoso, com gostinho de caf\u00e9 passado. Sabe como? Colocamos uma por\u00e7\u00e3o de p\u00f3 de caf\u00e9 em um filtro de papel tradicional, amarramos com um barbante formando um saquinho. Fervemos \u00e1gua e colocamos o sach\u00ea dentro da panela at\u00e9 o caf\u00e9 diluir na \u00e1gua. Deu super certo! Pra comer, rolou um Rap 10 na frigideira com queijo e salame.<\/p>\n<p>Ainda pela manh\u00e3 fazia muito frio e vento (em torno de 6\u00baC), como o c\u00e9u estava completamente fechado pela n\u00e9voa, decidimos voltar antes do previsto. \u00c0s 9h10min iniciamos a descida, chegando na base ap\u00f3s 4h30min de caminhada. Fechamos a trip com um almo\u00e7o servido pelo pessoal da Fazenda e seguimos rumo \u00e0 terrinha natal. Cada viagem dessas \u00e9 especial. Mas essa teve um gosto diferente. Al\u00e9m das risadas e da paisagem, a troca e a intera\u00e7\u00e3o entre o grupo s\u00e3o os pontos mais marcantes. <strong>Apesar de cada um carregar sua mochila, quando se chega no acampamento, o \u201cmeu\u201d equipamento se torna \u201cseu\u201d, se torna \u201cnosso\u201d. Toda comida \u00e9 compartilhada, cada um come um pouco de tudo. Cada um divide aquilo que tem, independente da por\u00e7\u00e3o ou do valor<\/strong>.<\/p>\n<p>Al\u00e9m da aula de companheirismo, a natureza tamb\u00e9m nos ensina a cada atividade. <strong>Nos mostra o quanto somos pequenos e insignificantes e, ao mesmo tempo, prova que com muita for\u00e7a de vontade podemos alcan\u00e7ar o inimagin\u00e1vel e chegar aos lugares que a maioria das pessoas somente conheceria por foto<\/strong>.<\/p>\n<p><img loading=\"lazy\" decoding=\"async\" class=\"snax-figure-content attachment-large alignnone\" src=\"https:\/\/www.mochileiros.com\/blog\/wp-content\/uploads\/2017\/05\/caratuva-2.jpg\" alt=\"\" width=\"687\" height=\"515\"><\/p>\n<p><strong>Na mochila (10kg cada), levamos:<\/strong><\/p>\n<p><strong>PARA COMER:<\/strong><\/p>\n<ul>\n<li>Lanche r\u00e1pido: barras de cereal, carboidrato em gel, mel em sach\u00ea, salgadinho de polvilho, chocolate<\/li>\n<li>Almo\u00e7o: miojo e suco em p\u00f3Janta: arroz de saquinho, ovo, bacon e suco em p\u00f3<\/li>\n<li>Caf\u00e9 da manh\u00e3: Rap 10 com queijo provolone e salame; mini waffle de chocolate; sach\u00eas de caf\u00e9<\/li>\n<\/ul>\n<p><strong>PARA DORMIR:<\/strong><\/p>\n<ul>\n<li>01 isolantes t\u00e9rmicos aluminizados cada<\/li>\n<li>01 saco de dormir cada<\/li>\n<li>01 colch\u00e3o infl\u00e1vel cada<\/li>\n<li>01 travesseiro infl\u00e1vel<\/li>\n<li>Barraca Naturehike (3 pessoas) \u2013 1,8 x 2,0m<\/li>\n<\/ul>\n<p><strong>PARA VESTIR:<\/strong><\/p>\n<ul>\n<li>02 camisas dry fit para cada<\/li>\n<li>02 anoraques (imperme\u00e1vel e corta vento) para cada<\/li>\n<li>01 casaco fleece para cada<\/li>\n<li>02 pares de meia de trekking para cada<\/li>\n<li>01 gorro de l\u00e3 para cada<\/li>\n<li>01 ecohead<\/li>\n<li>02 pares de luva para cada (sendo um tipo de luva somente para uso na trilha e outro em tecido fleece para aquecer as m\u00e3os no acampamento)<\/li>\n<\/ul>\n<p><strong>OUTROS ITENS:<\/strong><\/p>\n<ul>\n<li>Apito (item obrigat\u00f3rio neste Pico \u2013 e importante em qualquer outra aventura \u2013 para usar somente em caso de emerg\u00eancia)<\/li>\n<li>Lanterna de cabe\u00e7a e pilhas extra<\/li>\n<li>GoPro e 02 baterias reserva<\/li>\n<li>Celulares<\/li>\n<li>01 fogareiro e 01 g\u00e1s<\/li>\n<li>02 pratos<\/li>\n<li>02 canecas<\/li>\n<li>Talheres, sal, a\u00e7\u00facar, leite em p\u00f3<\/li>\n<li>Sacolas extra para embalar itens que podem voltar sujos e tamb\u00e9m carregar o lixo produzido<\/li>\n<li>Medicamentos (analg\u00e9sico, relaxante muscular)<\/li>\n<li>Len\u00e7o umidecido, pente, escova e pasta de dente e desodorante<\/li>\n<\/ul>\n<p><a href=\"https:\/\/www.youtube.com\/watch?v=jM94aQ0AuQ0\" target=\"_blank\" rel=\"noopener\">ASSISTA AO V\u00cdDEO DESTA AVENTURA CLICANDO AQUI!<\/a><\/p>\n<p style=\"text-align: justify;\">_______________________________________<\/p>\n<p style=\"text-align: justify;\"><em><strong>SOBRE O <a href=\"https:\/\/www.youtube.com\/aventuradeferias\" target=\"_blank\" rel=\"noopener\">AVENTURA DE F\u00c9RIAS<\/a>:<\/strong><\/em><\/p>\n<p><em>O Aventura de F\u00e9rias \u00e9 um projeto voltado para o p\u00fablico que gosta de aventuras e tem como objetivo compartilhar experi\u00eancias e viv\u00eancias de baixo custo e em meio \u00e0 natureza, mostrando que \u00e9 poss\u00edvel ser feliz com pouco e pertinho de casa. Dentre as nossas aventuras, \u00e9 poss\u00edvel perceber op\u00e7\u00f5es para caminhar, correr, pedalar, tomar um banho de cachoeira ou subir alguma montanha.<\/em><\/p>\n<p><em>Um dos pontos mais fortes do projeto \u00e9 o canal do <a href=\"https:\/\/www.youtube.com\/channel\/UCfzt6Izdaa3zYEDXyljBN8A\" target=\"_blank\" rel=\"noopener\">YouTube<\/a>, cujos v\u00eddeos apresentam como chegar em cada local e como explor\u00e1-los, ou seja, o expectador ter\u00e1 em suas m\u00e3os um completo Guia de Aventuras. Outro ponto que desperta curiosidade \u00e9 a nossa Kombi Home, que teve o seu interior totalmente adaptado para dormir, cozinhar e viver dentro dela. O passo a passo da reforma da Kombi foi executado por n\u00f3s e registrado em v\u00eddeo, dispon\u00edvel para visualiza\u00e7\u00e3o em nosso canal do <a href=\"https:\/\/www.youtube.com\/channel\/UCfzt6Izdaa3zYEDXyljBN8A\" target=\"_blank\" rel=\"noopener\">YouTube<\/a>. <a href=\"http:\/\/aventuradeferias.com.br\/blog\/\" target=\"_blank\" rel=\"noopener\"><strong>Leia mais!<\/strong><\/a><\/em><\/p>\n<p><em><strong>SIGA-NOS NAS REDES SOCIAIS:<\/strong><\/em><\/p>\n<p>Blog:\u00a0<a href=\"http:\/\/www.aventuradeferias.com.br\/\" target=\"_blank\" rel=\"noopener\">www.aventuradeferias.com.br<\/a><\/p>\n<p>YouTube: <a href=\"https:\/\/www.youtube.com\/aventuradeferias\" target=\"_blank\" rel=\"noopener\">\/aventuradeferias<\/a><\/p>\n<p>Instagram: <a href=\"http:\/\/www.instagram.com\/aventuradeferias\" target=\"_blank\" rel=\"noopener\"><span class=\"atwho-query\">@aventuradeferias<\/span><\/a><\/p>\n<p>Facebook: <a href=\"http:\/\/www.facebook.com\/aventuradeferiastf\" target=\"_blank\" rel=\"noopener\">@aventuradeferiastf<\/a><\/p>\n<blockquote>\n<div style=\"width: 1010px\" class=\"wp-caption alignnone snax-figure\"><img loading=\"lazy\" decoding=\"async\" class=\"aligncenter snax-figure-content attachment-large size-large\" src=\"https:\/\/www.mochileiros.com\/blog\/wp-content\/uploads\/2017\/05\/caratuva-3-1024x481.jpg\" alt=\"\" width=\"1000\" height=\"470\"><p class=\"wp-caption-text\"><strong>Tain\u00e1 e Fernanda, fundadoras do projeto <a href=\"https:\/\/www.youtube.com\/aventuradeferias\" target=\"_blank\" rel=\"noopener\">Aventura de F\u00e9rias<\/a><\/strong><\/p><\/div><\/blockquote>\n","protected":false},"excerpt":{"rendered":"<p>Iniciamos o m\u00eas de maio com muita aventura na veia. Nos dias 6 e 7 fizemos a trilha do Pico Caratuva, o segundo maior do sul do pa\u00eds (1.854m A.N.M), com direito a acampamento no cume da montanha. A montanha est\u00e1 situada na cidade de Campina Grande do Sul, no Paran\u00e1, dentro da Fazenda Pico [&hellip;]<\/p>\n","protected":false},"author":1231,"featured_media":25560,"comment_status":"open","ping_status":"closed","sticky":false,"template":"","format":"standard","meta":{"googlesitekit_rrm_CAoiELM5mIOjYRN0nfylq3_9r-8:productID":"","_crdt_document":"","_daim_seo_power":"","_daim_enable_ail":"","footnotes":""},"categories":[1193],"tags":[2542,85,1646,1647,2545,2544],"class_list":["post-25565","post","type-post","status-publish","format-standard","has-post-thumbnail","hentry","category-brasil","tag-fazenda-pico-parana","tag-parana","tag-pico-caratuva","tag-pico-parana","tag-trilha-do-pico-caratuva","tag-trilhas-no-parana"],"_links":{"self":[{"href":"https:\/\/www.mochileiros.com\/blog\/wp-json\/wp\/v2\/posts\/25565","targetHints":{"allow":["GET"]}}],"collection":[{"href":"https:\/\/www.mochileiros.com\/blog\/wp-json\/wp\/v2\/posts"}],"about":[{"href":"https:\/\/www.mochileiros.com\/blog\/wp-json\/wp\/v2\/types\/post"}],"author":[{"embeddable":true,"href":"https:\/\/www.mochileiros.com\/blog\/wp-json\/wp\/v2\/users\/1231"}],"replies":[{"embeddable":true,"href":"https:\/\/www.mochileiros.com\/blog\/wp-json\/wp\/v2\/comments?post=25565"}],"version-history":[{"count":0,"href":"https:\/\/www.mochileiros.com\/blog\/wp-json\/wp\/v2\/posts\/25565\/revisions"}],"wp:featuredmedia":[{"embeddable":true,"href":"https:\/\/www.mochileiros.com\/blog\/wp-json\/wp\/v2\/media\/25560"}],"wp:attachment":[{"href":"https:\/\/www.mochileiros.com\/blog\/wp-json\/wp\/v2\/media?parent=25565"}],"wp:term":[{"taxonomy":"category","embeddable":true,"href":"https:\/\/www.mochileiros.com\/blog\/wp-json\/wp\/v2\/categories?post=25565"},{"taxonomy":"post_tag","embeddable":true,"href":"https:\/\/www.mochileiros.com\/blog\/wp-json\/wp\/v2\/tags?post=25565"}],"curies":[{"name":"wp","href":"https:\/\/api.w.org\/{rel}","templated":true}]}}