{"id":25661,"date":"2017-05-12T08:48:41","date_gmt":"2017-05-12T11:48:41","guid":{"rendered":"https:\/\/www.mochileiros.com\/blog\/?p=25661"},"modified":"2019-06-05T02:23:04","modified_gmt":"2019-06-05T05:23:04","slug":"cafe-tortoni-buenos-aires","status":"publish","type":"post","link":"https:\/\/www.mochileiros.com\/blog\/cafe-tortoni-buenos-aires","title":{"rendered":"Caf\u00e9 Tortoni (Buenos Aires)"},"content":{"rendered":"<p>Galera o post de hoje \u00e9 sobre\u00a0o caf\u00e9 mais famoso de Buenos Aires e diria que a maioria das pessoas que viaja para BAs tem vontade de conhecer o local.<\/p>\n<p><strong>O Tortoni \u00e9 o paradigma do caf\u00e9 portenho<\/strong>, por\u00e9m pouco se sabe sobre suas origens. O que se sabe \u00e9 que um imigrante franc\u00eas, cujo sobrenome era Touan decidiu inaugur\u00e1-lo no fim de 1858 e que o nome do caf\u00e9 ele pegou emprestado de um estabelecimento no \u201cBoulevard des Italiens\u201d, no qual se reunia a elite da cultura parisiense do s\u00e9culo 19.<\/p>\n<p>No fim do s\u00e9culo, o bar foi comprado por outro franc\u00eas: Dom Celestino Curutchet. Descrito pelo poeta Allende Iragorri como \u201co t\u00edpico velhinho s\u00e1bio franc\u00eas\u201d, de corpo mi\u00fado e esp\u00edrito forte, exibia um cl\u00e1ssico cavanhaque longo, olhos viv\u00edssimos e usava um solid\u00e9u \u00e1rabe de seda preta, quase um personagem dos quadrinhos, que dava um toque peculiar \u00e0 fisionomia do lugar.<\/p>\n<p>O local era frequentado por grupos de pintores, escritores, jornalistas e m\u00fasicos que formavam a \u201cAgrupaci\u00f3n de Gente de Artes y Letras\u201d, liderada por Benito Quinquela Martin. Em maio de 1926, eles formaram \u201cLa Pe\u00f1a\u201d e pediram a Dom Celestino Curutchet que os deixasse usar a adega do subsolo. O dono aceitou encantado porque, segundo suas palavras, \u201cos artistas gastam pouco, mas d\u00e3o brilho e fama ao caf\u00e9\u201d.<\/p>\n<p>Neste caf\u00e9 o tempo parece ter parado como em uma fotografia na qual as pessoas jogam bilhar, cartas, ou simplesmente tomam caf\u00e9 com amigos. Este lugar \u00e9, cada vez mais, uma parte indispens\u00e1vel da hist\u00f3ria portenha. (<a href=\"http:\/\/www.cafetortoni.com.ar\/br\/?p=historia\" target=\"_blank\" rel=\"noopener\">Fonte:\u00a0http:\/\/www.cafetortoni.com.ar\/br\/?p=historia<\/a>).<\/p>\n<p>Depois dessa bel\u00edssima hist\u00f3ria vou contar nossa experi\u00eancia no Caf\u00e9 Tortoni.<\/p>\n<p>Sabe como \u00e9 n\u00e9? Aquela vida de mochileira, grana curta, mas uma vontade imensa de conhecer esse caf\u00e9 t\u00e3o falado, e que as fotos deixam o queixo cair quando trata-se da bela arquitetura e das del\u00edcias que l\u00e1 s\u00e3o servidas. Bom, n\u00f3s andamos muitoooo para chegar l\u00e1. Fomos caminhando de Palermo at\u00e9 Avenida de Mayo (cerca de 7 km) somente para degustar as delicias do Caf\u00e9 Tortoni e tirar uma foto com a est\u00e1tua da Mafalda (que por sinal eu n\u00e3o encontrei ela \u00ac\u00ac e voltei frustrada).<\/p>\n<div id=\"attachment_25662\" style=\"width: 235px\" class=\"wp-caption aligncenter\"><img loading=\"lazy\" decoding=\"async\" aria-describedby=\"caption-attachment-25662\" class=\"size-medium wp-image-25662\" src=\"https:\/\/www.mochileiros.com\/blog\/wp-content\/uploads\/2017\/05\/cade3-225x300.jpg\" alt=\"\" width=\"225\" height=\"300\" srcset=\"https:\/\/www.mochileiros.com\/blog\/wp-content\/uploads\/2017\/05\/cade3-225x300.jpg 225w, https:\/\/www.mochileiros.com\/blog\/wp-content\/uploads\/2017\/05\/cade3-313x417.jpg 313w, https:\/\/www.mochileiros.com\/blog\/wp-content\/uploads\/2017\/05\/cade3-15x20.jpg 15w, https:\/\/www.mochileiros.com\/blog\/wp-content\/uploads\/2017\/05\/cade3.jpg 748w\" sizes=\"auto, (max-width: 225px) 100vw, 225px\" \/><p id=\"caption-attachment-25662\" class=\"wp-caption-text\">*Foto interna do caf\u00e9 Tortoni<\/p><\/div>\n<p>Chegamos em um \u00f3timo hor\u00e1rio (por volta das 16 h), pois n\u00e3o tinha fila na porta, mas cerca de 15 minutos depois estava uma fila imensa.<\/p>\n<p>Meu pedido foi um Petit Gateau e um caf\u00e9 simples e minha amiga pediu churros e um caf\u00e9 com chantilly. <strong>DETALHE: Quando pedirem o churros pe\u00e7am o doce leite tamb\u00e9m, pois n\u00e3o \u00e9 como aqui no Brasil que o churros vem recheado. Foi frustra\u00e7\u00e3o total pra mina amiga hahahaha<\/strong><\/p>\n<div id=\"attachment_25663\" style=\"width: 310px\" class=\"wp-caption aligncenter\"><img loading=\"lazy\" decoding=\"async\" aria-describedby=\"caption-attachment-25663\" class=\"size-medium wp-image-25663\" src=\"https:\/\/www.mochileiros.com\/blog\/wp-content\/uploads\/2017\/05\/cafe2-300x300.jpg\" alt=\"\" width=\"300\" height=\"300\" srcset=\"https:\/\/www.mochileiros.com\/blog\/wp-content\/uploads\/2017\/05\/cafe2-300x300.jpg 300w, https:\/\/www.mochileiros.com\/blog\/wp-content\/uploads\/2017\/05\/cafe2-1024x1024.jpg 1024w, https:\/\/www.mochileiros.com\/blog\/wp-content\/uploads\/2017\/05\/cafe2-150x150.jpg 150w, https:\/\/www.mochileiros.com\/blog\/wp-content\/uploads\/2017\/05\/cafe2-768x768.jpg 768w, https:\/\/www.mochileiros.com\/blog\/wp-content\/uploads\/2017\/05\/cafe2-1536x1536.jpg 1536w, https:\/\/www.mochileiros.com\/blog\/wp-content\/uploads\/2017\/05\/cafe2-2048x2048.jpg 2048w, https:\/\/www.mochileiros.com\/blog\/wp-content\/uploads\/2017\/05\/cafe2-100x100.jpg 100w, https:\/\/www.mochileiros.com\/blog\/wp-content\/uploads\/2017\/05\/cafe2-350x350.jpg 350w, https:\/\/www.mochileiros.com\/blog\/wp-content\/uploads\/2017\/05\/cafe2-788x788.jpg 788w, https:\/\/www.mochileiros.com\/blog\/wp-content\/uploads\/2017\/05\/cafe2-80x80.jpg 80w, https:\/\/www.mochileiros.com\/blog\/wp-content\/uploads\/2017\/05\/cafe2-313x313.jpg 313w, https:\/\/www.mochileiros.com\/blog\/wp-content\/uploads\/2017\/05\/cafe2-20x20.jpg 20w, https:\/\/www.mochileiros.com\/blog\/wp-content\/uploads\/2017\/05\/cafe2.jpg 748w\" sizes=\"auto, (max-width: 300px) 100vw, 300px\" \/><p id=\"caption-attachment-25663\" class=\"wp-caption-text\">Nosso delicioso pedido.<\/p><\/div>\n<p>&nbsp;<\/p>\n<p style=\"text-align: center;\"><img loading=\"lazy\" decoding=\"async\" class=\"size-medium wp-image-25664 aligncenter\" src=\"https:\/\/www.mochileiros.com\/blog\/wp-content\/uploads\/2017\/05\/cafe-169x300.jpg\" alt=\"\" width=\"169\" height=\"300\" srcset=\"https:\/\/www.mochileiros.com\/blog\/wp-content\/uploads\/2017\/05\/cafe-169x300.jpg 169w, https:\/\/www.mochileiros.com\/blog\/wp-content\/uploads\/2017\/05\/cafe-576x1024.jpg 576w, https:\/\/www.mochileiros.com\/blog\/wp-content\/uploads\/2017\/05\/cafe-313x556.jpg 313w, https:\/\/www.mochileiros.com\/blog\/wp-content\/uploads\/2017\/05\/cafe-11x20.jpg 11w, https:\/\/www.mochileiros.com\/blog\/wp-content\/uploads\/2017\/05\/cafe.jpg 648w\" sizes=\"auto, (max-width: 169px) 100vw, 169px\" \/>\u00a0Nossa conta! O valor est\u00e1 em pesos argentinos.<\/p>\n<p><strong>Convers\u00e3o para reais considerando peso de setembro\/16<\/strong><\/p>\n<p>Caf\u00e9: R$ 8,84 \/\u00a0Chantilly: R$ 1,86 \/\u00a0Churros: R$ 6,05 \/ Petit Gateau: R$ 19,77<\/p>\n<p>Valeu muito a pena a caminhada, pois a comida e o caf\u00e9 s\u00e3o deliciosos, os atendentes s\u00e3o muito simp\u00e1ticos, para quem n\u00e3o desenvolve muito bem o espanhol, fiquem tranquilos, porque se sentir\u00e3o em casa.<\/p>\n<p>Espero que tenha gostado. Fica a dica e desejamos uma \u00f3tima viagem ?<\/p>\n<p><img loading=\"lazy\" decoding=\"async\" class=\"alignnone size-full wp-image-25665\" src=\"https:\/\/www.mochileiros.com\/blog\/wp-content\/uploads\/2017\/05\/img_3202-1-1.jpg\" alt=\"\" width=\"150\" height=\"150\" srcset=\"https:\/\/www.mochileiros.com\/blog\/wp-content\/uploads\/2017\/05\/img_3202-1-1.jpg 150w, https:\/\/www.mochileiros.com\/blog\/wp-content\/uploads\/2017\/05\/img_3202-1-1-80x80.jpg 80w, https:\/\/www.mochileiros.com\/blog\/wp-content\/uploads\/2017\/05\/img_3202-1-1-20x20.jpg 20w\" sizes=\"auto, (max-width: 150px) 100vw, 150px\" \/><\/p>\n<p><strong>Nas redes\u00a0<img loading=\"lazy\" decoding=\"async\" class=\" alignnone\" src=\"https:\/\/s0.wp.com\/wp-content\/mu-plugins\/wpcom-smileys\/twemoji\/2\/svg\/1f4bb.svg\" alt=\"?\" width=\"24\" height=\"24\" \/><\/strong><\/p>\n<p>\u2708<strong>Instagram:\u00a0<\/strong><a href=\"https:\/\/www.instagram.com\/ondecevailoko\/\" target=\"_blank\" rel=\"noopener\">@ondecevailoko<\/a><\/p>\n<p>\u2708<strong>Facebook:<\/strong>\u00a0<a href=\"https:\/\/www.facebook.com\/ondecevailoko\/?fref=ts\" target=\"_blank\" rel=\"noopener\">@ondecevailoko<\/a><\/p>\n<p>\u2708<strong> Blog: <\/strong><a href=\"https:\/\/ondecevailoko.wordpress.com\/\" target=\"_blank\" rel=\"noopener\">Onde C\u00ea Vai Loko<\/a><\/p>\n","protected":false},"excerpt":{"rendered":"<p>Galera o post de hoje \u00e9 sobre\u00a0o caf\u00e9 mais famoso de Buenos Aires e diria que a maioria das pessoas que viaja para BAs tem vontade de conhecer o local. O Tortoni \u00e9 o paradigma do caf\u00e9 portenho, por\u00e9m pouco se sabe sobre suas origens. O que se sabe \u00e9 que um imigrante franc\u00eas, cujo [&hellip;]<\/p>\n","protected":false},"author":1187,"featured_media":25663,"comment_status":"open","ping_status":"closed","sticky":false,"template":"","format":"standard","meta":{"googlesitekit_rrm_CAoiELM5mIOjYRN0nfylq3_9r-8:productID":"","_crdt_document":"","_daim_seo_power":"","_daim_enable_ail":"","footnotes":""},"categories":[1186,107],"tags":[1027,2505],"class_list":["post-25661","post","type-post","status-publish","format-standard","has-post-thumbnail","hentry","category-america-do-sul","category-argentina","tag-buenos-aires","tag-cafe-tortoni"],"_links":{"self":[{"href":"https:\/\/www.mochileiros.com\/blog\/wp-json\/wp\/v2\/posts\/25661","targetHints":{"allow":["GET"]}}],"collection":[{"href":"https:\/\/www.mochileiros.com\/blog\/wp-json\/wp\/v2\/posts"}],"about":[{"href":"https:\/\/www.mochileiros.com\/blog\/wp-json\/wp\/v2\/types\/post"}],"author":[{"embeddable":true,"href":"https:\/\/www.mochileiros.com\/blog\/wp-json\/wp\/v2\/users\/1187"}],"replies":[{"embeddable":true,"href":"https:\/\/www.mochileiros.com\/blog\/wp-json\/wp\/v2\/comments?post=25661"}],"version-history":[{"count":0,"href":"https:\/\/www.mochileiros.com\/blog\/wp-json\/wp\/v2\/posts\/25661\/revisions"}],"wp:featuredmedia":[{"embeddable":true,"href":"https:\/\/www.mochileiros.com\/blog\/wp-json\/wp\/v2\/media\/25663"}],"wp:attachment":[{"href":"https:\/\/www.mochileiros.com\/blog\/wp-json\/wp\/v2\/media?parent=25661"}],"wp:term":[{"taxonomy":"category","embeddable":true,"href":"https:\/\/www.mochileiros.com\/blog\/wp-json\/wp\/v2\/categories?post=25661"},{"taxonomy":"post_tag","embeddable":true,"href":"https:\/\/www.mochileiros.com\/blog\/wp-json\/wp\/v2\/tags?post=25661"}],"curies":[{"name":"wp","href":"https:\/\/api.w.org\/{rel}","templated":true}]}}