{"id":26046,"date":"2017-05-23T10:31:21","date_gmt":"2017-05-23T13:31:21","guid":{"rendered":"https:\/\/www.mochileiros.com\/blog\/blog\/trilhas-rapel-e-uma-viagem-ao-centro-da-terra-no-guartela-pr"},"modified":"2018-09-24T16:45:04","modified_gmt":"2018-09-24T19:45:04","slug":"trilhas-rapel-e-uma-viagem-ao-centro-da-terra-no-guartela-pr","status":"publish","type":"post","link":"https:\/\/www.mochileiros.com\/blog\/trilhas-rapel-e-uma-viagem-ao-centro-da-terra-no-guartela-pr","title":{"rendered":"Tibagi: Trilhas, rapel e uma viagem ao centro da terra no Guartel\u00e1"},"content":{"rendered":"<p><em>Tibagi, no interior do Paran\u00e1, \u00e9 a modesta guardi\u00e3 de ricas hist\u00f3rias, lendas misteriosas e de uma das melhores aventuras do mundo.<\/em><\/p>\n<p>A gente costuma admirar o long\u00ednquo, \u201ca grama do vizinho\u201d. A gente costuma, porque somos pregui\u00e7osos e acomodados por natureza, a deixar pra depois as coisas que nos pertencem mais, as que est\u00e3o do nosso lado e \u201cn\u00e3o vemos\u201d. \u00c9 quase cultural assim como o carinho de m\u00e3e que desprezamos por tantas e tantas vezes, seja por vergonha p\u00fablica ou por mera \u201cfalta de tempo\u201d pra velha.<\/p>\n<p>A verdade \u00e9 que a ingratid\u00e3o cr\u00f4nica nasce como uma flor feia em cada um de n\u00f3s. E enquanto regamos, dando vida a esse jardim p\u00e1lido, matamos nossas pr\u00f3prias ra\u00edzes. Quando queremos dizer que algo \u00e9 muito bom, dizemos: \u201cisso \u00e9 padr\u00e3o gringo\u201d. Quando pensamos em Carnaval, sonhamos com Salvador ou com o Rio de Janeiro; Carnaval em Tibagi? Onde diabos fica Tibagi? Aventura \u00e9 no Atacama, na Nova Zel\u00e2ndia; arvorismo em Tibagi? Cara, onde fica Tibagi?<\/p>\n<p><img loading=\"lazy\" decoding=\"async\" class=\"snax-figure-content attachment-large alignnone\" src=\"https:\/\/www.mochileiros.com\/blog\/wp-content\/uploads\/2017\/05\/image1.jpg\" alt=\"Tibagi\" width=\"672\" height=\"504\" \/><\/p>\n<p><strong>Senta aqui, meu jovem. Eu vou lhe contar.<\/strong><\/p>\n<p>A 200 quil\u00f4metros de Curitiba (PR), na regi\u00e3o que literalmente rasga os Campos Gerais, est\u00e1 o portal de entrada do Parque Estadual do Guartel\u00e1. \u00c9 a morada de uma garganta gigantesca que se estende por 30km e exibe penhascos com at\u00e9 450 metros de profundidade: o C\u00e2nion Guartel\u00e1. O sexto mais longo do mundo e o maior do Brasil, morada do Rio Yap\u00f3, legado santificado de seus ancestrais ind\u00edgenas.<\/p>\n<p>Para conhecer esse peda\u00e7o lindo do quintal sulista, \u00e9 preciso apenas ter vontade. A entrada \u00e9 gratuita, e uma trilha autoguiada (5km), muito bem conservada e com v\u00e1rios pontos de \u00e1gua pot\u00e1vel, leva o cora\u00e7\u00e3o aventureiro pelas entranhas do parque que \u00e9 tela para inscri\u00e7\u00f5es rupestres deixadas ali. Aproximadamente uma hora caminhando por quedas d\u2019\u00e1gua e panel\u00f5es naturais para banho, at\u00e9 o ponto final no p\u00falpito rochoso de onde se pode admirar a cachoeira que escorre rente \u00e0 \u201cPonte de Pedra\u201d constru\u00edda pela m\u00e3e de todas as engenharias: a Natureza.<\/p>\n<div style=\"width: 682px\" class=\"wp-caption alignnone snax-figure\"><img loading=\"lazy\" decoding=\"async\" class=\"snax-figure-content attachment-large\" src=\"https:\/\/www.mochileiros.com\/blog\/wp-content\/uploads\/2017\/05\/17190814_597208110473607_3812759109904074427_n.jpg\" alt=\"\" width=\"672\" height=\"504\"><p class=\"wp-caption-text\">&lt;a class=&#8221;snax-figure-source&#8221;<\/p><\/div>\n<p><strong>A mais que obrigat\u00f3ria PARADA DO GUARTEL\u00c1<\/strong><\/p>\n<p>\u00c0s margens da estrada, de frente para o trevo de acesso ao parque, est\u00e1 a <a href=\"http:\/\/guartela.tur.br\/\" rel=\"nofollow noopener\" target=\"_blank\">Parada do Guartel\u00e1<\/a>. Uma lanchonete que serve almo\u00e7os rancheiros especiais e, claro, um card\u00e1pio que ati\u00e7a a gula dos exploradores de plant\u00e3o. Temperos por conta de atividades como rapel, cascading, rafting, trilhas longas, e cavalgadas.<\/p>\n<p>Por l\u00e1 atendem o simp\u00e1tico casal Fredy e Renata, e seu time sensacional que joga bem na cozinha, com os panel\u00f5es fervilhantes com cheiro de ro\u00e7a, pilotados por Josefina; e nas cordas bem amarradas pelo instrutor que anda mais pelas paredes que pelo ch\u00e3o, o Pir\u00e9. Perto dali, seguindo por uma estradinha de barro ao interior do interior, o Camping da Maria, com amplo terreno sombreado por grandes \u00e1rvores e cascatas no jardim. Mora mal, a Dona Maria. \u00c9 assim com o agraciado povo de Tibagi.<\/p>\n<p><strong>Rafting no Rio Tibagi<\/strong><\/p>\n<p>O Rio Tibagi passa entrela\u00e7ando a cintura da cidade hom\u00f4nima, suas \u00e1guas h\u00e1 pouco tempo serviam de palco para o treinamento da Sele\u00e7\u00e3o Brasileira de Canoagem. Ent\u00e3o, por que n\u00e3o se jogar por ali num barco infl\u00e1vel, remando correnteza abaixo? Foi o que fez conosco a <a href=\"http:\/\/www.tibagiaventuras.com.br\/\" rel=\"nofollow noopener\" target=\"_blank\">Tibagi Aventuras<\/a>. Entramos na Kombi preta e partimos sacolejando para encarar as corredeiras, claro, com direito a muita adrenalina e um final apote\u00f3tico, deixando o corpo boiar levado pelo leito caramelizado do rio.<\/p>\n<p>Mas era feriad\u00e3o de Carnaval em Tibagi. O pau estava comendo na pra\u00e7a central. Uma matin\u00ea infantil aquecia a chegada da noite na quermesse agitada, com direito a show do Patati e Patat\u00e1 cover. Barracas com comida gorda incr\u00edvel, quiosques de caipirosca em balde e, obviamente, chope gelado. Encharcados e cuspindo \u00e1gua das botas, ficamos por ali aproveitando uma inusitada e inesquec\u00edvel Festa de Momo. Afinal, o legal \u00e9 contar hist\u00f3rias de enredos incomuns, e nesse quesito, o Carnaval de Tibagi p\u00f5e o carioca no bolso.<\/p>\n<div style=\"width: 682px\" class=\"wp-caption alignnone snax-figure\"><img loading=\"lazy\" decoding=\"async\" class=\"snax-figure-content attachment-large\" title=\"Rafting no Rio Tibagi\" src=\"https:\/\/www.mochileiros.com\/blog\/wp-content\/uploads\/2017\/05\/16864282_594270100767408_8206946166587647044_n.jpg\" alt=\"Rafting no Rio Tibagi\" width=\"672\" height=\"504\" \/><p class=\"wp-caption-text\">Rafting no Rio Tibagi<\/p><\/div>\n<p><strong>Viagem ao centro da terra<\/strong><\/p>\n<p>Que aficionado por mapas nunca quis acordar pra vida num conto do Julio Verne? Pois ent\u00e3o, em Tibagi \u00e9 poss\u00edvel sentir esse gostinho. Rec\u00e9m descoberta \u2013 h\u00e1 coisa de uns cinco anos no m\u00e1ximo \u2013 a \u201cFenda do Nick\u201d \u00e9 uma fant\u00e1stica falha geol\u00f3gica com mais de um quil\u00f4metro de extens\u00e3o e um metro e meio de largura. Um corredor verde, \u00famido e rochoso; um solo amolecido com cheiro de mata nativa, numa hip\u00e9rbole geogr\u00e1fica: a fronteira entre a crosta Terrestre e o manto, onde as pedras suam o calor do magma.<\/p>\n<div style=\"width: 682px\" class=\"wp-caption alignnone snax-figure\"><img loading=\"lazy\" decoding=\"async\" class=\"snax-figure-content attachment-large\" title=\"Fenda do Nick\" src=\"https:\/\/www.mochileiros.com\/blog\/wp-content\/uploads\/2017\/05\/17155159_599076480286770_6836660862871883345_n.jpg\" alt=\"Fenda do Nick\" width=\"672\" height=\"801\" \/><p class=\"wp-caption-text\">Fenda do Nick<\/p><\/div>\n<p>Pelo aumento gradual de sua profundidade, foi necess\u00e1rio dividi-la em tr\u00eas n\u00edveis, sendo que os dois primeiros s\u00e3o percorridos a p\u00e9 e o terceiro, bom, o terceiro \u00e9 o mais interessante: 55 metros, 18 andares, pra descer amarrado a uma corda, com os p\u00e9s nos pared\u00f5es lisos; sentado do ar, praticando o que certamente \u00e9 um dos rap\u00e9is mais incr\u00edveis e \u00fanicos do mundo. Em TIBAGI, filh\u00e3o.<\/p>\n<p>Mas por que um nome meio estrangeiro pra fenda? Convenhamos, o nome n\u00e3o \u00e9 dos melhores, mas o significado dele mata essa quest\u00e3o. Sabe quando a vacina leva o nome do cientista? Quando o invento \u00e9 batizado com o sobrenome do inventor narcisista? A Fenda do Nick leva o nome do seu desbravador, nada mais justo. Contudo, n\u00e3o, ele n\u00e3o \u00e9 um australiano ruivo com um chap\u00e9u esquisito, nem mesmo um ianque com sede por ouro, louco para roubar uma riqueza ancestral latina e exp\u00f4-la no Museu de Ci\u00eancias Naturais de Nova York.<\/p>\n<div style=\"width: 682px\" class=\"wp-caption alignnone snax-figure\"><img loading=\"lazy\" decoding=\"async\" class=\"snax-figure-content attachment-large\" title=\"Fenda do Nick\" src=\"https:\/\/www.mochileiros.com\/blog\/wp-content\/uploads\/2017\/05\/17021893_596005663927185_2831813903189001037_n.jpg\" alt=\"Fenda do Nick\" width=\"672\" height=\"504\" \/><p class=\"wp-caption-text\">Fenda do Nick<\/p><\/div>\n<p>Nick foi o indom\u00e1vel, bravo e destemido c\u00e3ozinho que acabou caindo na fenda. Sucumbiu em nome da arqueologia, geologia, ou da bela chance que temos hoje de \u201crapelar\u201d por aqui; quase esmagados pela estreita abertura dos generosos movimentos tect\u00f4nicos que vieram passar um feriado em Tibagi e acabaram deixando marcas eternas no solo sagrado do Guartel\u00e1.<\/p>\n<blockquote><p>Confira mais aventuras do Mochila Cr\u00f4nica no blog <a href=\"https:\/\/mochilacronica.com\/\" rel=\"nofollow noopener\" target=\"_blank\">www.mochilacronica.com<\/a> e pelo Insta <a href=\"https:\/\/www.instagram.com\/mochilacronica\/\" rel=\"nofollow noopener\" target=\"_blank\">@mochilacronica<\/a><\/p><\/blockquote>\n<div style=\"width: 682px\" class=\"wp-caption alignnone snax-figure\"><img loading=\"lazy\" decoding=\"async\" class=\"snax-figure-content attachment-large\" title=\"Fenda do Nick\" src=\"https:\/\/www.mochileiros.com\/blog\/wp-content\/uploads\/2017\/05\/17264456_600210063506745_317391997291341806_n.jpg\" alt=\"Fenda do Nick\" width=\"672\" height=\"840\" \/><p class=\"wp-caption-text\">Fenda do Nick<\/p><\/div>\n<div style=\"width: 682px\" class=\"wp-caption alignnone snax-figure\"><img loading=\"lazy\" decoding=\"async\" class=\"snax-figure-content attachment-large\" src=\"https:\/\/www.mochileiros.com\/blog\/wp-content\/uploads\/2017\/05\/16938546_595803663947385_3236837202871128479_n.jpg\" alt=\"\" width=\"672\" height=\"504\"><p class=\"wp-caption-text\">Fim do Rafting no Rio Tibagi<\/p><\/div>\n","protected":false},"excerpt":{"rendered":"<p>Tibagi, no interior do Paran\u00e1, \u00e9 a modesta guardi\u00e3 de ricas hist\u00f3rias, lendas misteriosas e de uma das melhores aventuras do mundo. A gente costuma admirar o long\u00ednquo, \u201ca grama do vizinho\u201d. A gente costuma, porque somos pregui\u00e7osos e acomodados por natureza, a deixar pra depois as coisas que nos pertencem mais, as que est\u00e3o [&hellip;]<\/p>\n","protected":false},"author":1276,"featured_media":26038,"comment_status":"open","ping_status":"closed","sticky":false,"template":"","format":"standard","meta":{"googlesitekit_rrm_CAoiELM5mIOjYRN0nfylq3_9r-8:productID":"","_crdt_document":"","_daim_seo_power":"","_daim_enable_ail":"","footnotes":""},"categories":[1193],"tags":[2731,85,2730,2733,1670,2732,2541],"class_list":["post-26046","post","type-post","status-publish","format-standard","has-post-thumbnail","hentry","category-brasil","tag-fenda-do-nick","tag-parana","tag-parque-estadual-do-guartela","tag-rafting-no-rio-tibagi","tag-tibagi","tag-trilhas-em-tibagi","tag-trilhas-no-parana"],"_links":{"self":[{"href":"https:\/\/www.mochileiros.com\/blog\/wp-json\/wp\/v2\/posts\/26046","targetHints":{"allow":["GET"]}}],"collection":[{"href":"https:\/\/www.mochileiros.com\/blog\/wp-json\/wp\/v2\/posts"}],"about":[{"href":"https:\/\/www.mochileiros.com\/blog\/wp-json\/wp\/v2\/types\/post"}],"author":[{"embeddable":true,"href":"https:\/\/www.mochileiros.com\/blog\/wp-json\/wp\/v2\/users\/1276"}],"replies":[{"embeddable":true,"href":"https:\/\/www.mochileiros.com\/blog\/wp-json\/wp\/v2\/comments?post=26046"}],"version-history":[{"count":0,"href":"https:\/\/www.mochileiros.com\/blog\/wp-json\/wp\/v2\/posts\/26046\/revisions"}],"wp:featuredmedia":[{"embeddable":true,"href":"https:\/\/www.mochileiros.com\/blog\/wp-json\/wp\/v2\/media\/26038"}],"wp:attachment":[{"href":"https:\/\/www.mochileiros.com\/blog\/wp-json\/wp\/v2\/media?parent=26046"}],"wp:term":[{"taxonomy":"category","embeddable":true,"href":"https:\/\/www.mochileiros.com\/blog\/wp-json\/wp\/v2\/categories?post=26046"},{"taxonomy":"post_tag","embeddable":true,"href":"https:\/\/www.mochileiros.com\/blog\/wp-json\/wp\/v2\/tags?post=26046"}],"curies":[{"name":"wp","href":"https:\/\/api.w.org\/{rel}","templated":true}]}}