{"id":26820,"date":"2017-06-10T15:02:53","date_gmt":"2017-06-10T18:02:53","guid":{"rendered":"https:\/\/www.mochileiros.com\/blog\/?p=26820"},"modified":"2017-06-10T15:03:27","modified_gmt":"2017-06-10T18:03:27","slug":"casal-viaja-o-mundo-vendendo-fotos-polaroid-por-onde-passa","status":"publish","type":"post","link":"https:\/\/www.mochileiros.com\/blog\/casal-viaja-o-mundo-vendendo-fotos-polaroid-por-onde-passa","title":{"rendered":"Casal viaja o mundo vendendo fotos Polaroid por onde passa"},"content":{"rendered":"<p style=\"text-align: left;\">O casal de jornalistas e viajantes argentino, Mar\u00eda Pagola e Augusto Ros\u00e9s est\u00e1 na estrada desde abril de 2016. De l\u00e1 para c\u00e1, juntos j\u00e1 conheceram mais de 20 pa\u00edses e para conseguirem se manter economicamente durante a viagem fazem fotos das paisagens, monumentos e pessoas que encontram pelo caminho com uma c\u00e2mera instant\u00e2nea e a elas vendem a imagem &#8220;revelada&#8221; (impressa) como recorda\u00e7\u00e3o. Mochileiros sabem que algumas destas amizades feitas na \u00faltima hora durante uma viagem parecem amizades de d\u00e9cadas e ent\u00e3o, quando n\u00e3o h\u00e1 venda, eles conseguem por exemplo, hospedagem na casa dos novos amigos fotografados. (<a href=\"https:\/\/www.mochileiros.com\/blog\/blog\/20-coisas-que-so-quem-ja-mochilou-sabe\" target=\"_blank\" rel=\"noopener noreferrer\">Aqui<\/a>, mais 19 coisas que s\u00f3 quem j\u00e1 mochilou sabe).<br \/>\nA viagem de ambos come\u00e7ou com uma oportunidade de visto franc\u00eas para argentinos menores de 30 anos, o qual lhes permitiria viver e trabalhar legalmente durante um ano na Fran\u00e7a ou permanecer legalmente na Europa pelo mesmo per\u00edodo.<br \/>\nAo jornal argentino La Nacion, explicam que n\u00e3o t\u00eam um roteiro pr\u00e9-determinado. Onde lhe oferecerem um lugar para viver um tempo, l\u00e1 v\u00e3o eles. &#8220;Nos alojamos principalmente em casas de amigos, conhecidos, amigos de amigos, tamb\u00e9m ficamos em hostels, fazemos couchsurfing e v\u00e1rias pessoas para as quais vendemos as fotos Polaroid nos convidam a ficarmos em suas casas. Desta forma conhecemos Viena, Pol\u00f4nia, umas praias da Catalunha e pequenas vilas perto de Par\u00eds&#8221;.<br \/>\nEles j\u00e1 fizeram mais de 700 fotos instant\u00e2neas de pessoas de 50 nacionalidades diferentes, segundo o La Nacion.<\/p>\n<div id=\"attachment_26822\" style=\"width: 970px\" class=\"wp-caption aligncenter\"><img loading=\"lazy\" decoding=\"async\" aria-describedby=\"caption-attachment-26822\" class=\"wp-image-26822 size-full\" src=\"https:\/\/www.mochileiros.com\/blog\/wp-content\/uploads\/2017\/06\/randevuses00.jpg\" alt=\"\" width=\"960\" height=\"640\" srcset=\"https:\/\/www.mochileiros.com\/blog\/wp-content\/uploads\/2017\/06\/randevuses00.jpg 960w, https:\/\/www.mochileiros.com\/blog\/wp-content\/uploads\/2017\/06\/randevuses00-300x200.jpg 300w, https:\/\/www.mochileiros.com\/blog\/wp-content\/uploads\/2017\/06\/randevuses00-1024x683.jpg 1024w, https:\/\/www.mochileiros.com\/blog\/wp-content\/uploads\/2017\/06\/randevuses00-768x512.jpg 768w, https:\/\/www.mochileiros.com\/blog\/wp-content\/uploads\/2017\/06\/randevuses00-1536x1024.jpg 1536w, https:\/\/www.mochileiros.com\/blog\/wp-content\/uploads\/2017\/06\/randevuses00-2048x1365.jpg 2048w, https:\/\/www.mochileiros.com\/blog\/wp-content\/uploads\/2017\/06\/randevuses00-225x150.jpg 225w, https:\/\/www.mochileiros.com\/blog\/wp-content\/uploads\/2017\/06\/randevuses00-100x67.jpg 100w, https:\/\/www.mochileiros.com\/blog\/wp-content\/uploads\/2017\/06\/randevuses00-525x350.jpg 525w, https:\/\/www.mochileiros.com\/blog\/wp-content\/uploads\/2017\/06\/randevuses00-788x525.jpg 788w, https:\/\/www.mochileiros.com\/blog\/wp-content\/uploads\/2017\/06\/randevuses00-313x209.jpg 313w, https:\/\/www.mochileiros.com\/blog\/wp-content\/uploads\/2017\/06\/randevuses00-20x13.jpg 20w\" sizes=\"auto, (max-width: 960px) 100vw, 960px\" \/><p id=\"caption-attachment-26822\" class=\"wp-caption-text\">Mar\u00eda e Augusto | Foto: Reprodu\u00e7\u00e3o Facebook.<\/p><\/div>\n<div id=\"attachment_26823\" style=\"width: 970px\" class=\"wp-caption aligncenter\"><img loading=\"lazy\" decoding=\"async\" aria-describedby=\"caption-attachment-26823\" class=\"wp-image-26823 size-full\" src=\"https:\/\/www.mochileiros.com\/blog\/wp-content\/uploads\/2017\/06\/randevuses04.jpg\" alt=\"\" width=\"960\" height=\"954\" srcset=\"https:\/\/www.mochileiros.com\/blog\/wp-content\/uploads\/2017\/06\/randevuses04.jpg 960w, https:\/\/www.mochileiros.com\/blog\/wp-content\/uploads\/2017\/06\/randevuses04-150x150.jpg 150w, https:\/\/www.mochileiros.com\/blog\/wp-content\/uploads\/2017\/06\/randevuses04-300x298.jpg 300w, https:\/\/www.mochileiros.com\/blog\/wp-content\/uploads\/2017\/06\/randevuses04-768x763.jpg 768w, https:\/\/www.mochileiros.com\/blog\/wp-content\/uploads\/2017\/06\/randevuses04-80x80.jpg 80w, https:\/\/www.mochileiros.com\/blog\/wp-content\/uploads\/2017\/06\/randevuses04-313x311.jpg 313w, https:\/\/www.mochileiros.com\/blog\/wp-content\/uploads\/2017\/06\/randevuses04-20x20.jpg 20w\" sizes=\"auto, (max-width: 960px) 100vw, 960px\" \/><p id=\"caption-attachment-26823\" class=\"wp-caption-text\">Roupas lavadas, c\u00e2mera a postos e &#8220;encontrar&#8221; | Foto: Reprodu\u00e7\u00e3o Facebook.<\/p><\/div>\n<div id=\"attachment_26825\" style=\"width: 970px\" class=\"wp-caption aligncenter\"><img loading=\"lazy\" decoding=\"async\" aria-describedby=\"caption-attachment-26825\" class=\"wp-image-26825 size-full\" src=\"https:\/\/www.mochileiros.com\/blog\/wp-content\/uploads\/2017\/06\/randevuses05.jpg\" alt=\"\" width=\"960\" height=\"540\" srcset=\"https:\/\/www.mochileiros.com\/blog\/wp-content\/uploads\/2017\/06\/randevuses05.jpg 960w, https:\/\/www.mochileiros.com\/blog\/wp-content\/uploads\/2017\/06\/randevuses05-300x169.jpg 300w, https:\/\/www.mochileiros.com\/blog\/wp-content\/uploads\/2017\/06\/randevuses05-768x432.jpg 768w, https:\/\/www.mochileiros.com\/blog\/wp-content\/uploads\/2017\/06\/randevuses05-313x176.jpg 313w, https:\/\/www.mochileiros.com\/blog\/wp-content\/uploads\/2017\/06\/randevuses05-20x11.jpg 20w\" sizes=\"auto, (max-width: 960px) 100vw, 960px\" \/><p id=\"caption-attachment-26825\" class=\"wp-caption-text\">Com Marta, uma das fotografadas. A elas eles ofereceram a foto e ela respondeu que n\u00e3o tinha dinheiro. A &#8220;negocia\u00e7\u00e3o&#8221; virou o come\u00e7o de uma bonita amizade. Eles se encontraram numa praia de Gran Canaria, na Espanha. Mais adiante ela foi visit\u00e1-los em M\u00e1laga. Ao final do encontro:\u00a0um abra\u00e7o forte e a promessa de voltarem a se ver. &#8220;Que boas s\u00e3o as viagens. Boas s\u00e3o tamb\u00e9m as pessoas&#8221;, comentam sobre, no Facebook | Foto: Reprodu\u00e7\u00e3o.<\/p><\/div>\n<div id=\"attachment_26827\" style=\"width: 970px\" class=\"wp-caption aligncenter\"><img loading=\"lazy\" decoding=\"async\" aria-describedby=\"caption-attachment-26827\" class=\"wp-image-26827 size-full\" src=\"https:\/\/www.mochileiros.com\/blog\/wp-content\/uploads\/2017\/06\/randevuses03.jpg\" alt=\"\" width=\"960\" height=\"640\" srcset=\"https:\/\/www.mochileiros.com\/blog\/wp-content\/uploads\/2017\/06\/randevuses03.jpg 960w, https:\/\/www.mochileiros.com\/blog\/wp-content\/uploads\/2017\/06\/randevuses03-300x200.jpg 300w, https:\/\/www.mochileiros.com\/blog\/wp-content\/uploads\/2017\/06\/randevuses03-768x512.jpg 768w, https:\/\/www.mochileiros.com\/blog\/wp-content\/uploads\/2017\/06\/randevuses03-313x209.jpg 313w, https:\/\/www.mochileiros.com\/blog\/wp-content\/uploads\/2017\/06\/randevuses03-20x13.jpg 20w\" sizes=\"auto, (max-width: 960px) 100vw, 960px\" \/><p id=\"caption-attachment-26827\" class=\"wp-caption-text\">Foto: Reprodu\u00e7\u00e3o.<\/p><\/div>\n<h3 style=\"text-align: left;\">Encontros<\/h3>\n<p style=\"text-align: left;\">Para dividirem suas imagens e hist\u00f3rias criaram um blog, o <a href=\"http:\/\/randevuses.blogspot.com.br\/\" target=\"_blank\" rel=\"noopener noreferrer\">Randevuses<\/a>.<br \/>\nO nome vem do h\u00e1bito de uma das av\u00f3s de Mar\u00eda, Nita. &#8220;Cada vez que ia visitar amigos ou cumprimentar algu\u00e9m dizia que ia &#8216;fazer os randevuses&#8217;. Todos acredit\u00e1vamos que ela havia inventando esta express\u00e3o. Tempos depois nos demos conta que era uma reinterpreta\u00e7\u00e3o dela da express\u00e3o francesa &#8216;Rendez-vouz&#8217; que significa ter um encontro&#8221;, explicam.<br \/>\nMar\u00eda e Augusto se encontraram em um centro de ajuda aos afetados por uma inunda\u00e7\u00e3o ocorrida na cidade de La Plata (capital da prov\u00edncia de Buenos Aires) em 2013 e desde ent\u00e3o n\u00e3o mais se separaram e seguem pelo mundo, se reencontrando.<br \/>\nPara saber mais da hist\u00f3ria deles acesse o <a href=\"http:\/\/randevuses.blogspot.com.br\/\" target=\"_blank\" rel=\"noopener noreferrer\">blog<\/a>, a p\u00e1gina no <a href=\"https:\/\/www.facebook.com\/randevuses\/\" target=\"_blank\" rel=\"noopener noreferrer\">Facebook<\/a> e o <a href=\"https:\/\/www.instagram.com\/viajeros.randevuses\/\" target=\"_blank\" rel=\"noopener noreferrer\">Instagram<\/a>.<\/p>\n<div id=\"attachment_26824\" style=\"width: 970px\" class=\"wp-caption aligncenter\"><img loading=\"lazy\" decoding=\"async\" aria-describedby=\"caption-attachment-26824\" class=\"wp-image-26824 size-full\" src=\"https:\/\/www.mochileiros.com\/blog\/wp-content\/uploads\/2017\/06\/randevuses01.jpg\" alt=\"\" width=\"960\" height=\"954\" srcset=\"https:\/\/www.mochileiros.com\/blog\/wp-content\/uploads\/2017\/06\/randevuses01.jpg 960w, https:\/\/www.mochileiros.com\/blog\/wp-content\/uploads\/2017\/06\/randevuses01-150x150.jpg 150w, https:\/\/www.mochileiros.com\/blog\/wp-content\/uploads\/2017\/06\/randevuses01-300x298.jpg 300w, https:\/\/www.mochileiros.com\/blog\/wp-content\/uploads\/2017\/06\/randevuses01-768x763.jpg 768w, https:\/\/www.mochileiros.com\/blog\/wp-content\/uploads\/2017\/06\/randevuses01-80x80.jpg 80w, https:\/\/www.mochileiros.com\/blog\/wp-content\/uploads\/2017\/06\/randevuses01-313x311.jpg 313w, https:\/\/www.mochileiros.com\/blog\/wp-content\/uploads\/2017\/06\/randevuses01-20x20.jpg 20w\" sizes=\"auto, (max-width: 960px) 100vw, 960px\" \/><p id=\"caption-attachment-26824\" class=\"wp-caption-text\">A primeira foto instant\u00e2nea do casal | Foto: Reprodu\u00e7\u00e3o Facebook.<\/p><\/div>\n<p style=\"text-align: left;\"><em>Com informa\u00e7\u00f5es de <a href=\"http:\/\/www.lanacion.com.ar\/1984866-la-pareja-argentina-que-viaja-por-el-mundo-y-se-mantiene-sacando-fotos-polaroid\" target=\"_blank\" rel=\"noopener noreferrer\">La Nacion<\/a> e Randevuses.<\/em><\/p>\n","protected":false},"excerpt":{"rendered":"<p>O casal de jornalistas e viajantes argentino, Mar\u00eda Pagola e Augusto Ros\u00e9s est\u00e1 na estrada desde abril de 2016. De l\u00e1 para c\u00e1, juntos j\u00e1 conheceram mais de 20 pa\u00edses e para conseguirem se manter economicamente durante a viagem fazem fotos das paisagens, monumentos e pessoas que encontram pelo caminho com uma c\u00e2mera instant\u00e2nea e [&hellip;]<\/p>\n","protected":false},"author":55,"featured_media":26822,"comment_status":"open","ping_status":"closed","sticky":false,"template":"","format":"standard","meta":{"googlesitekit_rrm_CAoiELM5mIOjYRN0nfylq3_9r-8:productID":"","_crdt_document":"","_daim_seo_power":"","_daim_enable_ail":"","footnotes":""},"categories":[168],"tags":[39,1206],"class_list":["post-26820","post","type-post","status-publish","format-standard","has-post-thumbnail","hentry","category-blog","tag-fotografia-de-viagem","tag-historias-inspiradoras"],"_links":{"self":[{"href":"https:\/\/www.mochileiros.com\/blog\/wp-json\/wp\/v2\/posts\/26820","targetHints":{"allow":["GET"]}}],"collection":[{"href":"https:\/\/www.mochileiros.com\/blog\/wp-json\/wp\/v2\/posts"}],"about":[{"href":"https:\/\/www.mochileiros.com\/blog\/wp-json\/wp\/v2\/types\/post"}],"author":[{"embeddable":true,"href":"https:\/\/www.mochileiros.com\/blog\/wp-json\/wp\/v2\/users\/55"}],"replies":[{"embeddable":true,"href":"https:\/\/www.mochileiros.com\/blog\/wp-json\/wp\/v2\/comments?post=26820"}],"version-history":[{"count":0,"href":"https:\/\/www.mochileiros.com\/blog\/wp-json\/wp\/v2\/posts\/26820\/revisions"}],"wp:featuredmedia":[{"embeddable":true,"href":"https:\/\/www.mochileiros.com\/blog\/wp-json\/wp\/v2\/media\/26822"}],"wp:attachment":[{"href":"https:\/\/www.mochileiros.com\/blog\/wp-json\/wp\/v2\/media?parent=26820"}],"wp:term":[{"taxonomy":"category","embeddable":true,"href":"https:\/\/www.mochileiros.com\/blog\/wp-json\/wp\/v2\/categories?post=26820"},{"taxonomy":"post_tag","embeddable":true,"href":"https:\/\/www.mochileiros.com\/blog\/wp-json\/wp\/v2\/tags?post=26820"}],"curies":[{"name":"wp","href":"https:\/\/api.w.org\/{rel}","templated":true}]}}