{"id":290,"date":"2012-09-06T19:07:54","date_gmt":"2012-09-06T22:07:54","guid":{"rendered":"http:\/\/www.mochilabrasil.com.br\/?p=290"},"modified":"2018-03-30T03:46:34","modified_gmt":"2018-03-30T06:46:34","slug":"caldos-quentes-num-verao-de-40-graus","status":"publish","type":"post","link":"https:\/\/www.mochileiros.com\/blog\/caldos-quentes-num-verao-de-40-graus","title":{"rendered":"Caldos quentes x ver\u00e3o de 40\u00ba"},"content":{"rendered":"<p>Em uma breve passagem pelo Rio de Janeiro, poucos perceber\u00e3o que na capital fluminense, fa\u00e7a chuva ou fa\u00e7a sol, fa\u00e7a calor (40\u00ba) ou fa\u00e7a frio (tipo 20\u00ba no inverno!) os botecos oferecem todo tipo de caldos quentes. Eles tamb\u00e9m est\u00e3o nas barraquinhas de rua do bo\u00eamio bairro da Lapa, em Botafogo e na cidade existe at\u00e9 delivery de caldos.<br \/>\nO mais popular dos caldos, o de feij\u00e3o, \u00e9 chamado em muitos bares de \u201cAmigo\u201d (feito com feij\u00e3o preto). Os tamanhos variam de um m\u00e3o-de-vaca copo americano at\u00e9 bem servidas cumbuquinhas e os pre\u00e7os entre R$ 7 e R$ 9.<\/p>\n<p><strong>Dos j\u00e1 provados por nosso humilde paladar podemos destacar:<\/strong><\/p>\n<p>&#8211; Os caldinhos de feij\u00e3o do <strong>Bar Portella, em Santa Teresa<\/strong> \u2013 servidos em canecas (nem m\u00e3o-de-vacas, nem exageradas) oferecem o Amigo feito com feij\u00e3o preto e o Paulista, feito com feij\u00e3o carioca (o marronzinho). A cozinha l\u00e1 n\u00e3o erra o padr\u00e3o e os pratos est\u00e3o sempre saborosos.\u00a0O bar fica no Largo dos Guimar\u00e3es.<\/p>\n<div id=\"attachment_2068\" style=\"width: 505px\" class=\"wp-caption aligncenter\"><img loading=\"lazy\" decoding=\"async\" aria-describedby=\"caption-attachment-2068\" class=\"wp-image-2068 size-full\" src=\"https:\/\/www.mochileiros.com\/blog\/wp-content\/uploads\/2012\/09\/caldoportella02.jpg\" alt=\"\" width=\"495\" height=\"600\" srcset=\"https:\/\/www.mochileiros.com\/blog\/wp-content\/uploads\/2012\/09\/caldoportella02.jpg 495w, https:\/\/www.mochileiros.com\/blog\/wp-content\/uploads\/2012\/09\/caldoportella02-248x300.jpg 248w, https:\/\/www.mochileiros.com\/blog\/wp-content\/uploads\/2012\/09\/caldoportella02-845x1024.jpg 845w, https:\/\/www.mochileiros.com\/blog\/wp-content\/uploads\/2012\/09\/caldoportella02-767x930.jpg 767w, https:\/\/www.mochileiros.com\/blog\/wp-content\/uploads\/2012\/09\/caldoportella02-1267x1536.jpg 1267w, https:\/\/www.mochileiros.com\/blog\/wp-content\/uploads\/2012\/09\/caldoportella02-1690x2048.jpg 1690w, https:\/\/www.mochileiros.com\/blog\/wp-content\/uploads\/2012\/09\/caldoportella02-124x150.jpg 124w, https:\/\/www.mochileiros.com\/blog\/wp-content\/uploads\/2012\/09\/caldoportella02-100x121.jpg 100w, https:\/\/www.mochileiros.com\/blog\/wp-content\/uploads\/2012\/09\/caldoportella02-289x350.jpg 289w, https:\/\/www.mochileiros.com\/blog\/wp-content\/uploads\/2012\/09\/caldoportella02-788x955.jpg 788w, https:\/\/www.mochileiros.com\/blog\/wp-content\/uploads\/2012\/09\/caldoportella02-313x379.jpg 313w, https:\/\/www.mochileiros.com\/blog\/wp-content\/uploads\/2012\/09\/caldoportella02-17x20.jpg 17w\" sizes=\"auto, (max-width: 495px) 100vw, 495px\" \/><p id=\"caption-attachment-2068\" class=\"wp-caption-text\">Caldo do Bar Portella<br \/> Foto: Claudia Severo\/Mochila Brasil<\/p><\/div>\n<p>&#8211; Caldinho de feij\u00e3o do <strong>\u00c1guia dos Andes, em Botafogo<\/strong> \u2013 cumbuquinha bem servida num dos \u201cp\u00e9 sujo\u201d melhor custo\/benef\u00edcio da Zona Sul. Fica na Rua Volunt\u00e1rios da P\u00e1tria, 36.<\/p>\n<div id=\"attachment_2070\" style=\"width: 810px\" class=\"wp-caption aligncenter\"><img loading=\"lazy\" decoding=\"async\" aria-describedby=\"caption-attachment-2070\" class=\"wp-image-2070 size-full\" src=\"https:\/\/www.mochileiros.com\/blog\/wp-content\/uploads\/2012\/09\/caldoaguia01.jpg\" alt=\"\" width=\"800\" height=\"438\" srcset=\"https:\/\/www.mochileiros.com\/blog\/wp-content\/uploads\/2012\/09\/caldoaguia01.jpg 800w, https:\/\/www.mochileiros.com\/blog\/wp-content\/uploads\/2012\/09\/caldoaguia01-300x164.jpg 300w, https:\/\/www.mochileiros.com\/blog\/wp-content\/uploads\/2012\/09\/caldoaguia01-768x420.jpg 768w, https:\/\/www.mochileiros.com\/blog\/wp-content\/uploads\/2012\/09\/caldoaguia01-313x171.jpg 313w, https:\/\/www.mochileiros.com\/blog\/wp-content\/uploads\/2012\/09\/caldoaguia01-20x11.jpg 20w\" sizes=\"auto, (max-width: 800px) 100vw, 800px\" \/><p id=\"caption-attachment-2070\" class=\"wp-caption-text\">Caldo do \u00c1guia dos Andes<br \/> Foto: Claudia Severo\/Mochila Brasil<\/p><\/div>\n<p>&#8211; Caldinho de feij\u00e3o do <strong>Simplesmente, em Santa Teresa<\/strong> \u2013 tamb\u00e9m servido em uma cumbuquinha, se der sorte de peg\u00e1-lo fresquinho pode ser um dos mais saborosos. Fica na Rua Pascoal Carlos Magno, 115, pertinho do Largo dos Guimar\u00e3es.<\/p>\n<div id=\"attachment_2072\" style=\"width: 810px\" class=\"wp-caption aligncenter\"><img loading=\"lazy\" decoding=\"async\" aria-describedby=\"caption-attachment-2072\" class=\"wp-image-2072 size-full\" src=\"https:\/\/www.mochileiros.com\/blog\/wp-content\/uploads\/2012\/09\/caldosimplesmente01.jpg\" alt=\"\" width=\"800\" height=\"600\" srcset=\"https:\/\/www.mochileiros.com\/blog\/wp-content\/uploads\/2012\/09\/caldosimplesmente01.jpg 800w, https:\/\/www.mochileiros.com\/blog\/wp-content\/uploads\/2012\/09\/caldosimplesmente01-300x225.jpg 300w, https:\/\/www.mochileiros.com\/blog\/wp-content\/uploads\/2012\/09\/caldosimplesmente01-768x576.jpg 768w, https:\/\/www.mochileiros.com\/blog\/wp-content\/uploads\/2012\/09\/caldosimplesmente01-313x235.jpg 313w, https:\/\/www.mochileiros.com\/blog\/wp-content\/uploads\/2012\/09\/caldosimplesmente01-20x15.jpg 20w\" sizes=\"auto, (max-width: 800px) 100vw, 800px\" \/><p id=\"caption-attachment-2072\" class=\"wp-caption-text\">Caldo do Simplesmente<br \/> Foto: Claudia Severo\/Mochila Brasil<\/p><\/div>\n<p>&#8211; O m\u00e3o-de-vaca copo americano da <strong>Cacha\u00e7aria Mangue Seco<\/strong>. \u00c9 delicioso, mas caro para um simples caldo de feij\u00e3o. Como tudo l\u00e1 \u00e9 meio caro, o feij\u00e3o s\u00f3 vale quando voc\u00ea est\u00e1 com muita fome, bebeu todas e precisa forrar o est\u00f4mago.<br \/>\nSe n\u00e3o valeu pela dica do caldo, <strong>vale pela carta de cacha\u00e7as<\/strong>. Pra quem aprecia, vale a pena.<br \/>\nA Cacha\u00e7aria fica na Rua do Lavradio, 23 \u2013 no Centro Antigo.<\/p>\n<p><strong>Nota:<\/strong> <em>De naturebas aos que gostam de junk food, frequentadores ass\u00edduos (ou quase) de botecos e barraquinhas de rua, a maioria dos mochileiros \u00e9 boa consumidora de baixa gastronomia.<\/em><\/p>\n<p>&nbsp;<\/p>\n","protected":false},"excerpt":{"rendered":"<p>Em uma breve passagem pelo Rio de Janeiro, poucos perceber\u00e3o que na capital fluminense, fa\u00e7a chuva ou fa\u00e7a sol, fa\u00e7a calor (40\u00ba) ou fa\u00e7a frio (tipo 20\u00ba no inverno!) os botecos oferecem todo tipo de caldos quentes. Eles tamb\u00e9m est\u00e3o nas barraquinhas de rua do bo\u00eamio bairro da Lapa, em Botafogo e na cidade existe [&hellip;]<\/p>\n","protected":false},"author":2,"featured_media":2068,"comment_status":"open","ping_status":"closed","sticky":false,"template":"","format":"standard","meta":{"googlesitekit_rrm_CAoiELM5mIOjYRN0nfylq3_9r-8:productID":"","_crdt_document":"","_daim_seo_power":"","_daim_enable_ail":"","footnotes":""},"categories":[],"tags":[7,2099,66],"class_list":["post-290","post","type-post","status-publish","format-standard","has-post-thumbnail","hentry","tag-bares-e-botecos","tag-comidas-do-mundo","tag-rio-de-janeiro"],"_links":{"self":[{"href":"https:\/\/www.mochileiros.com\/blog\/wp-json\/wp\/v2\/posts\/290","targetHints":{"allow":["GET"]}}],"collection":[{"href":"https:\/\/www.mochileiros.com\/blog\/wp-json\/wp\/v2\/posts"}],"about":[{"href":"https:\/\/www.mochileiros.com\/blog\/wp-json\/wp\/v2\/types\/post"}],"author":[{"embeddable":true,"href":"https:\/\/www.mochileiros.com\/blog\/wp-json\/wp\/v2\/users\/2"}],"replies":[{"embeddable":true,"href":"https:\/\/www.mochileiros.com\/blog\/wp-json\/wp\/v2\/comments?post=290"}],"version-history":[{"count":0,"href":"https:\/\/www.mochileiros.com\/blog\/wp-json\/wp\/v2\/posts\/290\/revisions"}],"wp:featuredmedia":[{"embeddable":true,"href":"https:\/\/www.mochileiros.com\/blog\/wp-json\/wp\/v2\/media\/2068"}],"wp:attachment":[{"href":"https:\/\/www.mochileiros.com\/blog\/wp-json\/wp\/v2\/media?parent=290"}],"wp:term":[{"taxonomy":"category","embeddable":true,"href":"https:\/\/www.mochileiros.com\/blog\/wp-json\/wp\/v2\/categories?post=290"},{"taxonomy":"post_tag","embeddable":true,"href":"https:\/\/www.mochileiros.com\/blog\/wp-json\/wp\/v2\/tags?post=290"}],"curies":[{"name":"wp","href":"https:\/\/api.w.org\/{rel}","templated":true}]}}