{"id":29653,"date":"2017-07-04T19:24:26","date_gmt":"2017-07-04T22:24:26","guid":{"rendered":"https:\/\/www.mochileiros.com\/blog\/?p=29653"},"modified":"2018-09-21T11:44:09","modified_gmt":"2018-09-21T14:44:09","slug":"viaje-com-pouca-grana-sozinho-a-e-seja-feliz","status":"publish","type":"post","link":"https:\/\/www.mochileiros.com\/blog\/viaje-com-pouca-grana-sozinho-a-e-seja-feliz","title":{"rendered":"Viaje com pouca grana, sozinho (a) e seja feliz"},"content":{"rendered":"<p>Como concluir a cura de uma forte depress\u00e3o, ocasionada por levar uma vida, nos \u00faltimos anos, em que eu n\u00e3o conseguia mais lidar com tantos percal\u00e7os e problemas? Procurar profissionais de sa\u00fade especializados em tratar de depress\u00e3o? Sim. Contar com os fundamentais apoios da fam\u00edlia e de amigos de verdade? Sim. Isso tudo foi suficiente? Em primeiro momento, claro que sim, mas eu precisava de um plus decisivo.<\/p>\n<p>Pois bem, isso posto, comecei a pensar em qual seria o pr\u00f3ximo passo para retornar a ser quem sempre fui, uma pessoa alegre, tranquila e, na maioria das vezes, de bem com a vida, superando com luta, mas de maneira serena, os obst\u00e1culos rotineiros, que todos t\u00eam. Jornalista que sou, comecei a ler muito sobre meios para se livrar de vez da depress\u00e3o e cheguei nas viagens.<\/p>\n<div style=\"width: 790px\" class=\"wp-caption aligncenter snax-figure\"><img loading=\"lazy\" decoding=\"async\" class=\"aligncenter snax-figure-content attachment-large size-large\" src=\"https:\/\/www.mochileiros.com\/blog\/wp-content\/uploads\/2017\/07\/vinadelmar-1.jpg\" alt=\"\" width=\"780\" height=\"780\"><p class=\"wp-caption-text\"><a class=\"snax-figure-source\" href=\"http:\/\/Vi\u00f1a%20del%20Mar\" target=\"_blank\" rel=\"nofollow noopener\">http:\/\/Vi\u00f1a%20del%20Mar<\/a><\/p><\/div>\n<p>A luz maior, ent\u00e3o, surgiu por acaso. N\u00e3o estava lendo sobre o que citei acima, mas me deparei, na internet, com uma publica\u00e7\u00e3o em facebook de algu\u00e9m que mencionava <a href=\"https:\/\/www.mochileiros.com\/blog\/tag\/worldpackers\" target=\"_blank\" rel=\"noopener\">Worldpackers<\/a>. Me perguntei: &#8216;que raios \u00e9 isso?&#8217;. Descobri, portanto, ap\u00f3s pesquisar, um meio important\u00edssimo que facilita para que as pessoas consigam economizar muito, ao trocar hospedagem e refei\u00e7\u00f5es por trabalho digno.<\/p>\n<p>Li, reli, li de novo e resolvi arriscar (sou habituado a viajar muito por a\u00ed. No entanto, dessa forma, foi a primeira vez). O destino: Vi\u00f1a del Mar, no Chile, mais precisamente a linda praia de Re\u00f1aca, destino que sempre sonhei em conhecer, por curiosidade pessoal. Me candidatei ao Re\u00f1aca Beach Hostel e fui aceito para aquela que seria uma das melhores experi\u00eancias da minha vida, sem sombras de d\u00favidas.<\/p>\n<p><img loading=\"lazy\" decoding=\"async\" class=\"aligncenter snax-figure-content attachment-large size-large\" src=\"https:\/\/www.mochileiros.com\/blog\/wp-content\/uploads\/2017\/07\/valpa-1-1024x768.jpg\" alt=\"\" width=\"1000\" height=\"750\">Passagem comprada em promo\u00e7\u00e3o de companhia a\u00e9rea, parti para um m\u00eas e pouco naquele lindo pa\u00eds. Pouso, \u00f4nibus, mais um \u00f4nibus e, por fim, novo \u00f4nibus&#8230;ufa, cheguei ao hostel. N\u00e3o consigo encontrar palavras para descrever a incr\u00edvel receptividade que tive por l\u00e1, por parte de Cata, a respons\u00e1vel pelo hostel, e Jonathan, o propriet\u00e1rio do local.<\/p>\n<p>Quatro horas de trabalho por dia, como combinado, e, depois, todo o tempo do mundo livre para desfrutar de todas as imedia\u00e7\u00f5es. Valpara\u00edso e sua fant\u00e1stica arquitetura, Vi\u00f1a del Mar, dunas de Con Con, encontro do Rio Aconc\u00e1gua com o mar e muitas praias, al\u00e9m de gastronomia de primeira linha e ampla atividade cultural (aprimorar a l\u00edngua espanhola, na pr\u00e1tica, \u00e9 outra coisa). Tudo isso n\u00e3o gastando quase nada, pois \u00e9 poss\u00edvel ir a p\u00e9 ou de \u00f4nibus de linha aos locais (em um m\u00eas, somando tudo, exceto passagens a\u00e9reas, n\u00e3o gastei nem 400 reais. \u00c9 s\u00e9rio!).<img loading=\"lazy\" decoding=\"async\" class=\"aligncenter snax-figure-content attachment-large size-large\" src=\"https:\/\/www.mochileiros.com\/blog\/wp-content\/uploads\/2017\/07\/concon-1-768x1024.jpg\" alt=\"\" width=\"768\" height=\"1024\"><\/p>\n<p>Mas, a mim, a parte que ficar\u00e1 marcada ao resto de minha vida ser\u00e3o as amizades que fiz por l\u00e1, no hostel. Especialmente com a chilena Cata, os venezuelanos Engel e Isa e os franceses Gui e Margot.<\/p>\n<p>Dica: fundamental, a n\u00f3s brasileiros, combinarmos tudo o que faremos no hostel, quando chegarmos, e, mais que isso, cumprirmos e n\u00e3o sermos folgados.<\/p>\n<p>Erik Oliveira<\/p>\n<p>Siga-me no Instagram: erikao_backpacker<\/p>\n<p>Entre em contato comigo pelo e-mail: erik_oliveira_2@hotmail.com<\/p>\n","protected":false},"excerpt":{"rendered":"<p>Como concluir a cura de uma forte depress\u00e3o, ocasionada por levar uma vida, nos \u00faltimos anos, em que eu n\u00e3o conseguia mais lidar com tantos percal\u00e7os e problemas? Procurar profissionais de sa\u00fade especializados em tratar de depress\u00e3o? Sim. Contar com os fundamentais apoios da fam\u00edlia e de amigos de verdade? Sim. Isso tudo foi suficiente? [&hellip;]<\/p>\n","protected":false},"author":1496,"featured_media":29652,"comment_status":"closed","ping_status":"closed","sticky":false,"template":"","format":"standard","meta":{"googlesitekit_rrm_CAoiELM5mIOjYRN0nfylq3_9r-8:productID":"","_crdt_document":"","_daim_seo_power":"","_daim_enable_ail":"","footnotes":""},"categories":[],"tags":[2386,2345],"class_list":["post-29653","post","type-post","status-publish","format-standard","has-post-thumbnail","hentry","tag-work-exchange","tag-worldpackers"],"_links":{"self":[{"href":"https:\/\/www.mochileiros.com\/blog\/wp-json\/wp\/v2\/posts\/29653","targetHints":{"allow":["GET"]}}],"collection":[{"href":"https:\/\/www.mochileiros.com\/blog\/wp-json\/wp\/v2\/posts"}],"about":[{"href":"https:\/\/www.mochileiros.com\/blog\/wp-json\/wp\/v2\/types\/post"}],"author":[{"embeddable":true,"href":"https:\/\/www.mochileiros.com\/blog\/wp-json\/wp\/v2\/users\/1496"}],"replies":[{"embeddable":true,"href":"https:\/\/www.mochileiros.com\/blog\/wp-json\/wp\/v2\/comments?post=29653"}],"version-history":[{"count":0,"href":"https:\/\/www.mochileiros.com\/blog\/wp-json\/wp\/v2\/posts\/29653\/revisions"}],"wp:featuredmedia":[{"embeddable":true,"href":"https:\/\/www.mochileiros.com\/blog\/wp-json\/wp\/v2\/media\/29652"}],"wp:attachment":[{"href":"https:\/\/www.mochileiros.com\/blog\/wp-json\/wp\/v2\/media?parent=29653"}],"wp:term":[{"taxonomy":"category","embeddable":true,"href":"https:\/\/www.mochileiros.com\/blog\/wp-json\/wp\/v2\/categories?post=29653"},{"taxonomy":"post_tag","embeddable":true,"href":"https:\/\/www.mochileiros.com\/blog\/wp-json\/wp\/v2\/tags?post=29653"}],"curies":[{"name":"wp","href":"https:\/\/api.w.org\/{rel}","templated":true}]}}