{"id":29945,"date":"2017-07-08T00:47:10","date_gmt":"2017-07-08T03:47:10","guid":{"rendered":"https:\/\/www.mochileiros.com\/blog\/?p=29945"},"modified":"2017-07-09T19:43:44","modified_gmt":"2017-07-09T22:43:44","slug":"25-dicas-primeira-viagem-internacional","status":"publish","type":"post","link":"https:\/\/www.mochileiros.com\/blog\/25-dicas-primeira-viagem-internacional","title":{"rendered":"25 dicas para sua primeira viagem internacional"},"content":{"rendered":"<p style=\"text-align: justify\">Ol\u00e1 Pessoal! Eu sou a <strong>Karen Peressuti<\/strong> e escrevo sobre viagens e experiencias no blog <strong><a href=\"https:\/\/feriaspraontem.com\/\" target=\"_blank\" rel=\"noopener\">F\u00e9rias pra Ontem<\/a><\/strong>\u00a0e hoje o meu post \u00e9 dedicado aos <strong>marinheiros<\/strong> de primeira viagem falando sobre 25 dicas para a sua primeira viagem internacional.<\/p>\n<p style=\"text-align: justify\"><img loading=\"lazy\" decoding=\"async\" class=\"alignnone wp-image-1532\" src=\"https:\/\/feriaspraontem.files.wordpress.com\/2017\/04\/giphy.gif\" alt=\"giphy\" width=\"668\" height=\"334\" \/><!--more--><\/p>\n<p style=\"text-align: justify\">Toda viagem tem os itens que precisam de uma certa aten\u00e7\u00e3o, mas nas viagens internacionais temos que ter alguns cuidados extras.<\/p>\n<p style=\"text-align: justify\">\u00c9 por isso que eu estou aqui hoje, para dar dicas dos meus aprendizados.<\/p>\n<p style=\"text-align: justify\">Bem, vamos l\u00e1!<\/p>\n<div id=\"ez-toc-container\" class=\"ez-toc-v2_0_82_2 counter-hierarchy ez-toc-counter ez-toc-grey ez-toc-container-direction\">\n<div class=\"ez-toc-title-container\">\n<p class=\"ez-toc-title\" style=\"cursor:inherit\">\u00cdndice<\/p>\n<span class=\"ez-toc-title-toggle\"><a href=\"#\" class=\"ez-toc-pull-right ez-toc-btn ez-toc-btn-xs ez-toc-btn-default ez-toc-toggle\" aria-label=\"Alternar tabela de conte\u00fado\"><span class=\"ez-toc-js-icon-con\"><span class=\"\"><span class=\"eztoc-hide\" style=\"display:none;\">Toggle<\/span><span class=\"ez-toc-icon-toggle-span\"><svg style=\"fill: #999;color:#999\" xmlns=\"http:\/\/www.w3.org\/2000\/svg\" class=\"list-377408\" width=\"20px\" height=\"20px\" viewBox=\"0 0 24 24\" fill=\"none\"><path d=\"M6 6H4v2h2V6zm14 0H8v2h12V6zM4 11h2v2H4v-2zm16 0H8v2h12v-2zM4 16h2v2H4v-2zm16 0H8v2h12v-2z\" fill=\"currentColor\"><\/path><\/svg><svg style=\"fill: #999;color:#999\" class=\"arrow-unsorted-368013\" xmlns=\"http:\/\/www.w3.org\/2000\/svg\" width=\"10px\" height=\"10px\" viewBox=\"0 0 24 24\" version=\"1.2\" baseProfile=\"tiny\"><path d=\"M18.2 9.3l-6.2-6.3-6.2 6.3c-.2.2-.3.4-.3.7s.1.5.3.7c.2.2.4.3.7.3h11c.3 0 .5-.1.7-.3.2-.2.3-.5.3-.7s-.1-.5-.3-.7zM5.8 14.7l6.2 6.3 6.2-6.3c.2-.2.3-.5.3-.7s-.1-.5-.3-.7c-.2-.2-.4-.3-.7-.3h-11c-.3 0-.5.1-.7.3-.2.2-.3.5-.3.7s.1.5.3.7z\"\/><\/svg><\/span><\/span><\/span><\/a><\/span><\/div>\n<nav><ul class='ez-toc-list ez-toc-list-level-1 ' ><li class='ez-toc-page-1 ez-toc-heading-level-2'><a class=\"ez-toc-link ez-toc-heading-1\" href=\"https:\/\/www.mochileiros.com\/blog\/25-dicas-primeira-viagem-internacional\/#Dicas\" >Dicas:<\/a><ul class='ez-toc-list-level-3' ><li class='ez-toc-heading-level-3'><a class=\"ez-toc-link ez-toc-heading-2\" href=\"https:\/\/www.mochileiros.com\/blog\/25-dicas-primeira-viagem-internacional\/#Mala_de_mao\" >Mala de m\u00e3o:<\/a><\/li><li class='ez-toc-page-1 ez-toc-heading-level-3'><a class=\"ez-toc-link ez-toc-heading-3\" href=\"https:\/\/www.mochileiros.com\/blog\/25-dicas-primeira-viagem-internacional\/#No_voo\" >No voo:<\/a><\/li><li class='ez-toc-page-1 ez-toc-heading-level-3'><a class=\"ez-toc-link ez-toc-heading-4\" href=\"https:\/\/www.mochileiros.com\/blog\/25-dicas-primeira-viagem-internacional\/#Mala_despachada\" >Mala despachada:<\/a><\/li><li class='ez-toc-page-1 ez-toc-heading-level-3'><a class=\"ez-toc-link ez-toc-heading-5\" href=\"https:\/\/www.mochileiros.com\/blog\/25-dicas-primeira-viagem-internacional\/#Documentos\" >Documentos:<\/a><\/li><li class='ez-toc-page-1 ez-toc-heading-level-3'><a class=\"ez-toc-link ez-toc-heading-6\" href=\"https:\/\/www.mochileiros.com\/blog\/25-dicas-primeira-viagem-internacional\/#Viagem\" >Viagem:<\/a><\/li><li class='ez-toc-page-1 ez-toc-heading-level-3'><a class=\"ez-toc-link ez-toc-heading-7\" href=\"https:\/\/www.mochileiros.com\/blog\/25-dicas-primeira-viagem-internacional\/#Por_fim\" >Por fim:<\/a><\/li><\/ul><\/li><\/ul><\/nav><\/div>\n<h2><span class=\"ez-toc-section\" id=\"Dicas\"><\/span>Dicas:<span class=\"ez-toc-section-end\"><\/span><\/h2>\n<h3 style=\"text-align: justify\"><span class=\"ez-toc-section\" id=\"Mala_de_mao\"><\/span><em>Mala de m\u00e3o:<\/em><span class=\"ez-toc-section-end\"><\/span><\/h3>\n<p style=\"text-align: justify\"><strong>1.Tamanho:<\/strong> a mala de m\u00e3o deve ser uma mochila, uma bolsa ou uma mala de rodinha pequena que caiba no compartimento acima dos bancos ou no ch\u00e3o abaixo da poltrona da frente;<\/p>\n<p style=\"text-align: justify\"><strong>2. Caneta:<\/strong> para viagens internacionais, ao entrar no pa\u00eds voc\u00ea sempre precisa passar pela imigra\u00e7\u00e3o. Normalmente no avi\u00e3o \u00e9 entregue um papelzinho para voc\u00ea colocar seus dados, onde vai se hospedar, quantos dias e quanto est\u00e1 levando de dinheiro. \u00c9 por isso que serve a caneta, e tamb\u00e9m para qualquer outra necessidade. Leve mais de uma, sempre tem algu\u00e9m que pede emprestado.<\/p>\n<p style=\"text-align: justify\"><strong>3. Pe\u00e7a de roupa:<\/strong> todos sabemos que infelizmente n\u00e3o \u00e9 t\u00e3o raro assim uma companhia a\u00e9rea perder a sua mala despachada, por isso \u00e9 sempre recomendado que se leve uma pe\u00e7a de roupa na mala de m\u00e3o.<\/p>\n<p style=\"text-align: justify\"><strong>4. Reservas:<\/strong> eu gosto de imprimir todas as reservas, Booking, Airbnb, voos, comprovantes, etc. &#8220;Mas ah Karen, voc\u00ea n\u00e3o tem celular para consultar essas coisas n\u00e3o?!&#8221; Eu n\u00e3o gosto de depender de bateria e internet, ent\u00e3o fa\u00e7o tudo o que posso antes para ficar mais tranquila. Dou essa dica para que voc\u00ea fa\u00e7a isso tamb\u00e9m.<\/p>\n<p style=\"text-align: justify\"><strong>5. Documentos:<\/strong> leve seu passaporte\/RG na bolsa de m\u00e3o.<\/p>\n<p style=\"text-align: justify\"><strong>6. Dinheiro:<\/strong> \u00e9 sempre bom esconder ou dividir o dinheiro. Eu deixo um pouco na bolsa um pouco com meu marido e o restante ponho nessas bolsinhas invis\u00edveis:<\/p>\n<div id=\"attachment_1655\" style=\"width: 509px\" class=\"wp-caption alignnone\"><img loading=\"lazy\" decoding=\"async\" aria-describedby=\"caption-attachment-1655\" class=\" size-full wp-image-1655 aligncenter\" src=\"https:\/\/feriaspraontem.files.wordpress.com\/2017\/04\/bolsa-invisivel-e1491962391151.jpg\" alt=\"Bolsa Invis\u00edvel\" width=\"499\" height=\"285\" \/><p id=\"caption-attachment-1655\" class=\"wp-caption-text\"><em>Imagem da <a href=\"http:\/\/produto.mercadolivre.com.br\/MLB-686206316-porta-dolar-doleira-money-belt-porta-dinheiro-documento-_JM\" target=\"_blank\" rel=\"noopener\">Internet<\/a><\/em><\/p><\/div>\n<p style=\"text-align: justify\"><strong>7. Carregador:<\/strong> leve seu carregador de celular\/tablets na bolsa, nos aeroportos tem onde carregar e no avi\u00e3o tamb\u00e9m. Em um avi\u00e3o que peguei o carregador era via USB, ent\u00e3o leve um assim tamb\u00e9m.<\/p>\n<p style=\"text-align: justify\"><strong>8. Fones de ouvido:<\/strong> leve fone de ouvido, normalmente eles fornecem, mas s\u00e3o uns bem jaguara. Eu prefiro o meu!<\/p>\n<p style=\"text-align: justify\"><strong>9. Rem\u00e9dio:<\/strong> rem\u00e9dios que n\u00e3o tenham mais de 100ml podem ser levados na mala de m\u00e3o. \u00c9 at\u00e9 bom que voc\u00ea os leve, pois assim seus rem\u00e9dios que s\u00e3o necess\u00e1rios estar\u00e3o \u00e0 sua m\u00e3o. A dica aqui n\u00e3o \u00e9 s\u00f3 para a mala de m\u00e3o, sempre leve rem\u00e9dios nas suas viagens, um para dor de cabe\u00e7a, estomago, dor de garganta&#8230; Assim voc\u00ea fica prevenido. Quando for um rem\u00e9dio controlado leve a receita.<\/p>\n<p style=\"text-align: justify\"><strong>10. O que n\u00e3o levar na mala de m\u00e3o:<\/strong> lamina de barbear\/depilar, armas brancas, armas de fogo, desodorante aerossol, embalagens com mais de 100ml (mesmo que vazia), bebidas que n\u00e3o foram adquiridas no duty free (inclusive \u00e1gua), ferramentas e alguns itens esportivos. Encontrei uma tabela bem legal no site <a href=\"https:\/\/www.edestinos.com.br\/dicas-de-viagem\/passagens-aereas\/bagagem\/o-que-e-proibido-e-permitido-ser-levado-na-mala-numa-viagem-de-aviao\" target=\"_blank\" rel=\"noopener\">eDestinos <\/a>de tudo o que pode levar tanto na mala de m\u00e3o quanto na despachada. Na minha ultima viagem, minha amiga perdeu o protetor solar grand\u00e3o por ter deixado dentro da bolsa.<\/p>\n<div id=\"attachment_1716\" style=\"width: 810px\" class=\"wp-caption alignnone\"><img loading=\"lazy\" decoding=\"async\" aria-describedby=\"caption-attachment-1716\" class=\" size-full wp-image-1716 aligncenter\" src=\"https:\/\/feriaspraontem.files.wordpress.com\/2017\/04\/bagagem-mao.jpg\" alt=\"Bagagem de m\u00e3o\" width=\"800\" height=\"400\" \/><p id=\"caption-attachment-1716\" class=\"wp-caption-text\"><em>Imagem: Reprodu\u00e7\u00e3o \/ eDestinos<\/em><\/p><\/div>\n<h3 style=\"text-align: justify\"><span class=\"ez-toc-section\" id=\"No_voo\"><\/span><em>No voo:<\/em><span class=\"ez-toc-section-end\"><\/span><\/h3>\n<p style=\"text-align: justify\"><strong>11. Ar condicionado:<\/strong> normalmente avi\u00f5es maiores s\u00e3o bem mais gelados. A companhia normalmente d\u00e1 uma mantinha, mas muitas vezes n\u00e3o \u00e9 suficiente, vem ar gelado at\u00e9 de baixo do banco. ent\u00e3o v\u00e1 com uma roupa quente ou leve um casaco.<\/p>\n<p style=\"text-align: justify\"><strong>12. O que vestir:<\/strong> v\u00e1 com roupas confort\u00e1veis para compensar o desconforto do avi\u00e3o.<\/p>\n<h3 style=\"text-align: justify\"><span class=\"ez-toc-section\" id=\"Mala_despachada\"><\/span><em>Mala despachada:<\/em><span class=\"ez-toc-section-end\"><\/span><\/h3>\n<p style=\"text-align: justify\"><strong>13. Depende:<\/strong> aqui depende muito para aonde voc\u00ea vai. Se for frio leve roupas adequadas, se tiver neve leve protetor (sim, neve queima), se tiver sol leve p\u00f3s-sol e protetor solar. Como eu disse depende&#8230;<\/p>\n<div id=\"attachment_1719\" style=\"width: 810px\" class=\"wp-caption alignnone\"><img loading=\"lazy\" decoding=\"async\" aria-describedby=\"caption-attachment-1719\" class=\" size-full wp-image-1719 aligncenter\" src=\"https:\/\/feriaspraontem.files.wordpress.com\/2017\/04\/mala.jpg\" alt=\"mala\" width=\"800\" height=\"400\" \/><p id=\"caption-attachment-1719\" class=\"wp-caption-text\"><em>Imagem da Internet<\/em><\/p><\/div>\n<h3 style=\"text-align: justify\"><span class=\"ez-toc-section\" id=\"Documentos\"><\/span><em>Documentos:<\/em><span class=\"ez-toc-section-end\"><\/span><\/h3>\n<p style=\"text-align: justify\"><strong>14. RG:<\/strong> para pa\u00edses do Mercosul voc\u00ea pode viajar apenas com o RG. Isso desde que sua companhia a\u00e9rea n\u00e3o fa\u00e7a conex\u00e3o em um pa\u00eds fora desses. Um amigo foi com s\u00f3 com o RG para a Col\u00f4mbia e deu tudo certo, apenas demora mais em alguns pontos. Ah, e o RG deve ter no m\u00e1ximo 10 anos de emiss\u00e3o.<\/p>\n<p style=\"text-align: justify\"><strong>15. Passaporte:<\/strong>\u00a0Essencial para qualquer viagem internacional. Eu prefiro viajar com o passaporte para ter os carimbinhos.\u00a0<em>haha<\/em><\/p>\n<p style=\"text-align: justify\"><strong>16. Vistos:<\/strong> alguns pa\u00edses precisam de visto para a sua entrada, como os Estados Unidos. Mesmo que voc\u00ea apenas fa\u00e7a uma conex\u00e3o l\u00e1, voc\u00ea ir\u00e1 precisar do visto.<\/p>\n<p style=\"text-align: justify\"><strong>17. Febre Amarela:<\/strong> v\u00e1rios pa\u00edses est\u00e3o exigindo a vacina\u00e7\u00e3o da febre amarela para a entrada no pa\u00eds. <a href=\"http:\/\/www.who.int\/ith\/2017-ith-country-list.pdf\" target=\"_blank\" rel=\"noopener\">Lista dos pa\u00edses que exigem vacina\u00e7\u00e3o.<\/a><\/p>\n<p style=\"text-align: justify\">Mesmo que o pa\u00eds que voc\u00ea v\u00e1 n\u00e3o exija, aproveite para se vacinar, \u00e9 muito f\u00e1cil: Voc\u00ea vai at\u00e9 o posto de sa\u00fade mais pr\u00f3ximo e toma a vacina de gra\u00e7a, ela vale por 10 anos. Mas s\u00f3 isso n\u00e3o basta, voc\u00ea precisa ir em uma agencia da ANVISA e retirar o certificado internacional da vacina, isso tamb\u00e9m \u00e9 de gra\u00e7a e super r\u00e1pido, al\u00e9m de tudo, o certificado \u00e9 para a vida toda.<\/p>\n<div id=\"attachment_3661\" style=\"width: 810px\" class=\"wp-caption alignnone\"><img loading=\"lazy\" decoding=\"async\" aria-describedby=\"caption-attachment-3661\" class=\"alignnone size-full wp-image-3661\" src=\"https:\/\/feriaspraontem.files.wordpress.com\/2017\/04\/buffer-1143485_1920.jpg\" alt=\"Passaporte\" width=\"800\" height=\"400\" \/><p id=\"caption-attachment-3661\" class=\"wp-caption-text\"><em>Foto: <a href=\"https:\/\/pixabay.com\/en\/users\/jackmac34-483877\/\" target=\"_blank\" rel=\"noopener\">jackmac34<\/a><\/em><\/p><\/div>\n<h3 style=\"text-align: justify\"><span class=\"ez-toc-section\" id=\"Viagem\"><\/span><em>Viagem:<\/em><span class=\"ez-toc-section-end\"><\/span><\/h3>\n<p style=\"text-align: justify\"><strong>18. Internet:<\/strong> em alguns aeroportos voc\u00ea possui apenas 30 min de internet livre, em outros \u00e9 sempre livre j\u00e1 em outros a internet \u00e9 p\u00e9ssima e nem funciona. Existem chips que voc\u00ea compra no pa\u00eds e usa a internet 4G e faz liga\u00e7\u00f5es, mas eu nunca fiz isso, mas o blog <a href=\"http:\/\/www.blogvambora.com.br\/easysim4u-chip-internacional-pre-pago-eua\/\" target=\"_blank\" rel=\"noopener\">Vambora <\/a>fez e explicou como funciona.<\/p>\n<p style=\"text-align: justify\"><strong>19. Mapas\/GPS:<\/strong> o Google tem uma fun\u00e7\u00e3o no Google Maps que voc\u00ea baixa os mapas e utiliza no aplicativo no modo offline.<\/p>\n<p style=\"text-align: justify\"><strong>20. Pesquise:<\/strong> pesquise tudo sobre seu destino, quais s\u00e3o os pontos tur\u00edsticos, o que fazer, qual \u00e9 a melhor forma de locomo\u00e7\u00e3o, onde se hospedar, quanto dinheiro levar, onde comer, quantidade de dias, tipo da tomada, voltagem, moeda&#8230; Pesquise fotos nos blogs e n\u00e3o s\u00f3 no Google Images, muitas vezes as pessoas mexem tanto nas fotos que quando voc\u00ea chega no lugar ele nem \u00e9 daquele jeito.<\/p>\n<p style=\"text-align: justify\"><strong>21. Roteiro:<\/strong> ap\u00f3s a pesquisa, monte um roteiro. Ele ajuda a voc\u00ea organizar tudo e assim voc\u00ea consegue fazer o que deseja. Quando voc\u00ea estiver num grupo maior, organize as coisas com mais tempo.<\/p>\n<div id=\"attachment_3662\" style=\"width: 810px\" class=\"wp-caption alignnone\"><img loading=\"lazy\" decoding=\"async\" aria-describedby=\"caption-attachment-3662\" class=\"alignnone size-full wp-image-3662\" src=\"https:\/\/feriaspraontem.files.wordpress.com\/2017\/04\/camera-1846696_1920.jpg\" alt=\"Roteiro\" width=\"800\" height=\"400\" \/><p id=\"caption-attachment-3662\" class=\"wp-caption-text\"><em>Foto: <a href=\"https:\/\/pixabay.com\/en\/users\/Pexels-2286921\/\" target=\"_blank\" rel=\"noopener\">Pexels<\/a><\/em><\/p><\/div>\n<p style=\"text-align: justify\"><strong>22. Lembrancinhas:<\/strong> lembrancinhas normalmente s\u00e3o caras, ent\u00e3o leve para s\u00f3 para quem realmente importa se n\u00e3o voc\u00ea s\u00f3 perde tempo e dinheiro. Claro, se quiser levar para todo mundo, sinta-se a vontade para trazer para mim tamb\u00e9m. \ud83d\ude42<\/p>\n<p style=\"text-align: justify\"><strong>23. Fotos:<\/strong> voc\u00ea est\u00e1 viajando pela primeira vez e est\u00e1 filmando e tirando foto de tudo, \u00e9 claro! Voc\u00ea quer lembrar de todos os detalhes poss\u00edveis, mas preste aten\u00e7\u00e3o se voc\u00ea n\u00e3o est\u00e1 vendo o mundo pela tela do celular\/c\u00e2mera. Veja como \u00e9 o local, aproveite e depois tire as fotos ou vice e versa. E sim, tire muitas fotos e fa\u00e7a um \u00e1lbum de cada viagem depois. \ud83d\ude42<\/p>\n<p style=\"text-align: justify\"><strong>24. Mundo virtual:<\/strong> desconecte um pouco do mundo online, \u00e9 chato voc\u00ea ficar esperando algu\u00e9m no meio do passeio e ela ficar mandando foto para Deus e o mundo. Mande\/poste a noite quando for se deitar ou quando estiver relaxando em algum lugar.<\/p>\n<h3 style=\"text-align: justify\"><span class=\"ez-toc-section\" id=\"Por_fim\"><\/span><em>Por fim:<\/em><span class=\"ez-toc-section-end\"><\/span><\/h3>\n<p style=\"text-align: justify\"><strong>25. Aproveite:<\/strong> aproveite cada momento, aprecie a paisagem, curta a emo\u00e7\u00e3o, veja a cultura, coma algo local&#8230; VIAJE!<\/p>\n<div id=\"attachment_1728\" style=\"width: 810px\" class=\"wp-caption alignnone\"><img loading=\"lazy\" decoding=\"async\" aria-describedby=\"caption-attachment-1728\" class=\" size-full wp-image-1728 aligncenter\" src=\"https:\/\/feriaspraontem.files.wordpress.com\/2017\/04\/ydxj0645.jpg\" alt=\"San Andr\u00e9s\" width=\"800\" height=\"400\" \/><p id=\"caption-attachment-1728\" class=\"wp-caption-text\"><em>Foto: Karen Peressuti \/ F\u00e9rias pra Ontem<\/em><\/p><\/div>\n<p style=\"text-align: justify\">Compartilhe essas dicas com seus amigos marinheiros de primeira viagem. E tamb\u00e9m deixe as suas dicas aqui.<\/p>\n<p style=\"text-align: justify\">Voc\u00ea nunca viajou e ainda est\u00e1 com duvidas? Comente aqui em baixo que eu lhe dou muito mais dicas.<\/p>\n<p>&nbsp;<\/p>\n<p><em><strong>Redes:<\/strong><\/em><\/p>\n<p><em><img loading=\"lazy\" decoding=\"async\" class=\"img\" role=\"presentation\" src=\"https:\/\/www.facebook.com\/images\/emoji.php\/v9\/f39\/1\/24\/2708.png\" alt=\"\" width=\"24\" height=\"24\">\u00a0Facebook: <a href=\"https:\/\/www.facebook.com\/feriaspraontemm\/\" target=\"_blank\" rel=\"noopener\">@feriaspraontemm<\/a><\/em><br \/>\n<em><img loading=\"lazy\" decoding=\"async\" class=\"img\" role=\"presentation\" src=\"https:\/\/www.facebook.com\/images\/emoji.php\/v9\/f39\/1\/24\/2708.png\" alt=\"\" width=\"24\" height=\"24\">\u00a0Instagram: <a href=\"https:\/\/www.instagram.com\/ferias_praontem\/\" target=\"_blank\" rel=\"noopener\">@ferias_praontem<\/a><\/em><br \/>\n<em><img loading=\"lazy\" decoding=\"async\" class=\"img\" role=\"presentation\" src=\"https:\/\/www.facebook.com\/images\/emoji.php\/v9\/f39\/1\/24\/2708.png\" alt=\"\" width=\"24\" height=\"24\">\u00a0Instagram:<a href=\"https:\/\/www.instagram.com\/karenperessuti\/\" target=\"_blank\" rel=\"noopener\"> @karenperessuti<\/a><\/em><br \/>\n<em><img loading=\"lazy\" decoding=\"async\" class=\"img\" role=\"presentation\" src=\"https:\/\/www.facebook.com\/images\/emoji.php\/v9\/f39\/1\/24\/2708.png\" alt=\"\" width=\"24\" height=\"24\">\u00a0Dubbi: <a href=\"https:\/\/www.dubbi.com.br\/viajante\/karen-peressuti\" target=\"_blank\" rel=\"noopener\">Karen Peressuti<\/a><\/em><br \/>\n<em><img loading=\"lazy\" decoding=\"async\" class=\"img\" role=\"presentation\" src=\"https:\/\/www.facebook.com\/images\/emoji.php\/v9\/f39\/1\/24\/2708.png\" alt=\"\" width=\"24\" height=\"24\">\u00a0Linkedin: <a href=\"https:\/\/www.linkedin.com\/in\/f%C3%A9rias-pra-ontem-649b68145\/\" target=\"_blank\" rel=\"noopener\">F\u00e9rias pra Ontem<\/a><\/em><br \/>\n<em><img loading=\"lazy\" decoding=\"async\" class=\"img\" role=\"presentation\" src=\"https:\/\/www.facebook.com\/images\/emoji.php\/v9\/f39\/1\/24\/2708.png\" alt=\"\" width=\"24\" height=\"24\">\u00a0Bloglovin&#8217;: <a href=\"https:\/\/www.bloglovin.com\/blogs\/ferias-pra-ontem-18959889\" target=\"_blank\" rel=\"noopener\">F\u00e9rias pra Ontem<\/a><\/em><br \/>\n<em><img loading=\"lazy\" decoding=\"async\" class=\"img\" role=\"presentation\" src=\"https:\/\/www.facebook.com\/images\/emoji.php\/v9\/f39\/1\/24\/2708.png\" alt=\"\" width=\"24\" height=\"24\">\u00a0Blogs Brasil: <a href=\"https:\/\/blogsbrasil.com.br\/blog\/feriaspraontem-com\/\" target=\"_blank\" rel=\"noopener\">F\u00e9rias pra Ontem<\/a><\/em><\/p>\n<p>&nbsp;<\/p>\n<p><em>Capa:\u00a0<a href=\"https:\/\/pixabay.com\/en\/users\/madjiddesign-3064279\/\" target=\"_blank\" rel=\"noopener\">madjiddesign<\/a><\/em><\/p>\n","protected":false},"excerpt":{"rendered":"<p>Al\u00f4 marinheiros de primeira viagem! Hoje eu trago para voc\u00eas algo muito importante: 25 dicas para a sua primeira viagem internacional.<\/p>\n","protected":false},"author":1387,"featured_media":29946,"comment_status":"open","ping_status":"closed","sticky":false,"template":"","format":"standard","meta":{"googlesitekit_rrm_CAoiELM5mIOjYRN0nfylq3_9r-8:productID":"","_crdt_document":"","_daim_seo_power":"","_daim_enable_ail":"","footnotes":""},"categories":[168],"tags":[1753,1756,35,1516,1517,1496,1762,1757,1768,1765,1763,1767,1752,1760,1764,1769,1065,1754,1766,1758,1755,1761,1414,1518],"class_list":["post-29945","post","type-post","status-publish","format-standard","has-post-thumbnail","hentry","category-blog","tag-caneta","tag-carregador","tag-dicas","tag-dicas-de-viagens","tag-dinheiro","tag-documento","tag-febre-amarela","tag-fones-de-ouvido","tag-fotos","tag-gps","tag-internet","tag-lembrancinhas","tag-mala-de-mao","tag-mala-despachada","tag-mapa","tag-mundo-virtual","tag-passaporte","tag-peca-de-roupa","tag-pesquisar","tag-remedio","tag-reservas","tag-rg","tag-roteiro","tag-visto"],"_links":{"self":[{"href":"https:\/\/www.mochileiros.com\/blog\/wp-json\/wp\/v2\/posts\/29945","targetHints":{"allow":["GET"]}}],"collection":[{"href":"https:\/\/www.mochileiros.com\/blog\/wp-json\/wp\/v2\/posts"}],"about":[{"href":"https:\/\/www.mochileiros.com\/blog\/wp-json\/wp\/v2\/types\/post"}],"author":[{"embeddable":true,"href":"https:\/\/www.mochileiros.com\/blog\/wp-json\/wp\/v2\/users\/1387"}],"replies":[{"embeddable":true,"href":"https:\/\/www.mochileiros.com\/blog\/wp-json\/wp\/v2\/comments?post=29945"}],"version-history":[{"count":0,"href":"https:\/\/www.mochileiros.com\/blog\/wp-json\/wp\/v2\/posts\/29945\/revisions"}],"wp:featuredmedia":[{"embeddable":true,"href":"https:\/\/www.mochileiros.com\/blog\/wp-json\/wp\/v2\/media\/29946"}],"wp:attachment":[{"href":"https:\/\/www.mochileiros.com\/blog\/wp-json\/wp\/v2\/media?parent=29945"}],"wp:term":[{"taxonomy":"category","embeddable":true,"href":"https:\/\/www.mochileiros.com\/blog\/wp-json\/wp\/v2\/categories?post=29945"},{"taxonomy":"post_tag","embeddable":true,"href":"https:\/\/www.mochileiros.com\/blog\/wp-json\/wp\/v2\/tags?post=29945"}],"curies":[{"name":"wp","href":"https:\/\/api.w.org\/{rel}","templated":true}]}}