{"id":30742,"date":"2017-08-09T09:00:15","date_gmt":"2017-08-09T12:00:15","guid":{"rendered":"https:\/\/www.mochileiros.com\/blog\/?p=30742"},"modified":"2017-08-09T10:47:44","modified_gmt":"2017-08-09T13:47:44","slug":"um-passeio-pela-ilha-do-mel","status":"publish","type":"post","link":"https:\/\/www.mochileiros.com\/blog\/um-passeio-pela-ilha-do-mel","title":{"rendered":"Um passeio pela Ilha do Mel"},"content":{"rendered":"<p style=\"text-align: justify;\">Ol\u00e1 pessoal! Eu sou a\u00a0<strong>Karen Peressuti<\/strong>\u00a0e escrevo sobre viagens e experiencias no blog\u00a0<strong><a href=\"https:\/\/feriaspraontem.com\/\" target=\"_blank\" rel=\"noopener\">F\u00e9rias pra Ontem.\u00a0<\/a><\/strong>Que tal conhecer um lugar simplesmente maravilhoso? Ent\u00e3o, v\u00e1 para a <strong>Ilha do Mel<\/strong>!<\/p>\n<div id=\"attachment_418\" style=\"width: 810px\" class=\"wp-caption alignnone\"><img loading=\"lazy\" decoding=\"async\" aria-describedby=\"caption-attachment-418\" class=\"alignnone size-full wp-image-418\" src=\"https:\/\/feriaspraontem.files.wordpress.com\/2016\/12\/farol-1.jpg\" alt=\"Farol das Conchas\" width=\"800\" height=\"400\" \/><p id=\"caption-attachment-418\" class=\"wp-caption-text\"><em>Foto:\u00a0<a class=\"new\" title=\"User:Cyrus Daldin (page does not exist)\" href=\"https:\/\/commons.wikimedia.org\/w\/index.php?title=User:Cyrus_Daldin&amp;action=edit&amp;redlink=1\" target=\"_blank\" rel=\"noopener\">Cyrus Daldin<\/a><\/em><\/p><\/div>\n<p style=\"text-align: justify;\"><!--more-->Eu j\u00e1 fui duas vezes para a ilha, uma vez fiquei em <strong>Bras\u00edlia<\/strong>, outra vez em <strong>Encantadas<\/strong>.<\/p>\n<p style=\"text-align: justify;\">Na praia de Bras\u00edlia, voc\u00ea encontra o Farol j\u00e1 na de <strong>Encantadas<\/strong> a <strong>Gruta<\/strong>.<\/p>\n<p style=\"text-align: justify;\">Se voc\u00ea ficar na praia de Bras\u00edlia \u00e9 um pouco mais perto para voc\u00ea visitar o forte, d\u00e1 uns 5 km, mas voc\u00ea pode alugar uma bike ou ir de barco tamb\u00e9m.<\/p>\n<p style=\"text-align: justify;\">Bem, a Ilha do Mel \u00e9 maravilhosa, n\u00e3o tem carro, n\u00e3o tem estrada. Apenas <strong>trilhas<\/strong> no meio da mata. As pousadas s\u00e3o dentro da mata, as lojinhas os restaurantes os bares&#8230; Em Encantadas as coisas s\u00e3o mais beira mar que em Bras\u00edlia. Mas \u00e9 tudo maravilhoso!<\/p>\n<div id=\"ez-toc-container\" class=\"ez-toc-v2_0_82_2 counter-hierarchy ez-toc-counter ez-toc-grey ez-toc-container-direction\">\n<div class=\"ez-toc-title-container\">\n<p class=\"ez-toc-title\" style=\"cursor:inherit\">\u00cdndice<\/p>\n<span class=\"ez-toc-title-toggle\"><a href=\"#\" class=\"ez-toc-pull-right ez-toc-btn ez-toc-btn-xs ez-toc-btn-default ez-toc-toggle\" aria-label=\"Alternar tabela de conte\u00fado\"><span class=\"ez-toc-js-icon-con\"><span class=\"\"><span class=\"eztoc-hide\" style=\"display:none;\">Toggle<\/span><span class=\"ez-toc-icon-toggle-span\"><svg style=\"fill: #999;color:#999\" xmlns=\"http:\/\/www.w3.org\/2000\/svg\" class=\"list-377408\" width=\"20px\" height=\"20px\" viewBox=\"0 0 24 24\" fill=\"none\"><path d=\"M6 6H4v2h2V6zm14 0H8v2h12V6zM4 11h2v2H4v-2zm16 0H8v2h12v-2zM4 16h2v2H4v-2zm16 0H8v2h12v-2z\" fill=\"currentColor\"><\/path><\/svg><svg style=\"fill: #999;color:#999\" class=\"arrow-unsorted-368013\" xmlns=\"http:\/\/www.w3.org\/2000\/svg\" width=\"10px\" height=\"10px\" viewBox=\"0 0 24 24\" version=\"1.2\" baseProfile=\"tiny\"><path d=\"M18.2 9.3l-6.2-6.3-6.2 6.3c-.2.2-.3.4-.3.7s.1.5.3.7c.2.2.4.3.7.3h11c.3 0 .5-.1.7-.3.2-.2.3-.5.3-.7s-.1-.5-.3-.7zM5.8 14.7l6.2 6.3 6.2-6.3c.2-.2.3-.5.3-.7s-.1-.5-.3-.7c-.2-.2-.4-.3-.7-.3h-11c-.3 0-.5.1-.7.3-.2.2-.3.5-.3.7s.1.5.3.7z\"\/><\/svg><\/span><\/span><\/span><\/a><\/span><\/div>\n<nav><ul class='ez-toc-list ez-toc-list-level-1 ' ><li class='ez-toc-page-1 ez-toc-heading-level-3'><a class=\"ez-toc-link ez-toc-heading-1\" href=\"https:\/\/www.mochileiros.com\/blog\/um-passeio-pela-ilha-do-mel\/#Encantadas\" >Encantadas<\/a><\/li><li class='ez-toc-page-1 ez-toc-heading-level-3'><a class=\"ez-toc-link ez-toc-heading-2\" href=\"https:\/\/www.mochileiros.com\/blog\/um-passeio-pela-ilha-do-mel\/#Brasilia\" >Bras\u00edlia<\/a><\/li><li class='ez-toc-page-1 ez-toc-heading-level-3'><a class=\"ez-toc-link ez-toc-heading-3\" href=\"https:\/\/www.mochileiros.com\/blog\/um-passeio-pela-ilha-do-mel\/#Resumo\" >Resumo<\/a><\/li><\/ul><\/nav><\/div>\n<h3 style=\"text-align: justify;\"><span class=\"ez-toc-section\" id=\"Encantadas\"><\/span><strong>Encantadas<\/strong><span class=\"ez-toc-section-end\"><\/span><\/h3>\n<p style=\"text-align: justify;\">Fui no fim de janeiro \/2016, fiquei s\u00e1bado e domingo. Nos hospedamos na pousada Mar\u00e9 Alta.<\/p>\n<p style=\"text-align: justify;\">No s\u00e1bado de manh\u00e3 estava um pouco chovendo, um pouquinho mais tarde ficou nublado por\u00e9m esquentou. Ficamos na praia ao lado da <strong>gruta<\/strong> (fora), deu para surfar de long board de body board. Por\u00e9m dizem que l\u00e1 \u00e9 perigoso para banho por causa dos navios que passam ao lado. Mas n\u00e3o demos muita sorte pro azar ent\u00e3o deu tudo certo. Fomos almo\u00e7ar num lugar bem ruinzinho. Era PF mas vinha pouca comida, demorou, tinham moscas e um pelo na salada :(. Era o \u00faltimo dos restaurantes ali na praia, e estava vazio. Dev\u00edamos ter ido nos mais cheios, n\u00e3o ter\u00edamos nos estressado. A tarde entramos no mar do lado calmo (dentro), mas por causa dos barcos que ali param \u00e9 um pouco fedido.<\/p>\n<p style=\"text-align: justify;\">A noite sa\u00edmos dar umas voltas, e comemos um <strong>pastel<\/strong> maravilhoso. Super recheado, esse pastel valeu at\u00e9 pelo almo\u00e7o ruim que tivemos. No domingo estava um sol de rachar o coco. Comemos um bolinho que as meninas da pousada fizeram e fomos para a praia de fora, um pouco mais para o l\u00e1 da gruta, onde n\u00e3o \u00e9 perigoso. Ficamos algumas horas l\u00e1 tirando foto, surfando e brincando. Aprendemos a li\u00e7\u00e3o do dia anterior e almo\u00e7amos em um buffet com pouca variedade, mas muito gostoso. A \u00faltima barca saia as 17 hrs, mas acho que sa\u00edmos era umas 16 hrs.<\/p>\n<div id=\"attachment_422\" style=\"width: 810px\" class=\"wp-caption alignnone\"><img loading=\"lazy\" decoding=\"async\" aria-describedby=\"caption-attachment-422\" class=\"alignnone size-full wp-image-422\" src=\"https:\/\/feriaspraontem.files.wordpress.com\/2016\/12\/ilha.jpg\" alt=\"Fam\u00edlia em Encantadas\" width=\"800\" height=\"400\" \/><p id=\"caption-attachment-422\" class=\"wp-caption-text\">Foto: Karen Peressuti \/ F\u00e9rias pra Ontem<\/p><\/div>\n<div id=\"attachment_421\" style=\"width: 810px\" class=\"wp-caption alignnone\"><img loading=\"lazy\" decoding=\"async\" aria-describedby=\"caption-attachment-421\" class=\"alignnone size-full wp-image-421\" src=\"https:\/\/feriaspraontem.files.wordpress.com\/2016\/12\/gruta-das-encantadas.jpg\" alt=\"Gruta de Encantadas\" width=\"800\" height=\"400\" \/><p id=\"caption-attachment-421\" class=\"wp-caption-text\">Foto: Helen Peressuti<\/p><\/div>\n<h3 style=\"text-align: justify;\"><span class=\"ez-toc-section\" id=\"Brasilia\"><\/span><strong>Bras\u00edlia<\/strong><span class=\"ez-toc-section-end\"><\/span><\/h3>\n<p style=\"text-align: justify;\">Fui no feriado de 7 de setembro em 2011, ficamos uns 5 dias. Fui acampar e s\u00f3 comemos <strong>miojo<\/strong> (tudo universit\u00e1rio <em>haha<\/em>). No primeiro dia n\u00e3o curtimos quase nada, s\u00f3 choveu. Quase entrou \u00e1gua na barraca. A partir da\u00ed foi s\u00f3 curti\u00e7\u00e3o, andamos pra l\u00e1 e pra c\u00e1, comemos em uns lugares bem bons, fomos a barzinhos com m\u00fasica a noite, fomos na toca de n\u00e3o sei quem, s\u00f3 tocava reggea, bem gostoso.<\/p>\n<p style=\"text-align: justify;\">O <strong>farol<\/strong> \u00e9 perto da praia, voc\u00ea s\u00f3 precisa subir v\u00e1rios degraus para chegar l\u00e1, \u00e9 bem de boa a subida. L\u00e1 de cima voc\u00ea tem uma vista privilegiada, \u00e9 maravilhoso!<\/p>\n<p style=\"text-align: justify;\">J\u00e1 para o <strong>forte<\/strong>, eu fui a p\u00e9. Voc\u00ea tem que ir cedo por causa da mar\u00e9, pois em alguns pontos a ilha est\u00e1 quase \u201cdesgrudando\u201d um peda\u00e7o do outro, assim pode ser que voc\u00ea n\u00e3o consiga passar. O forte \u00e9 bem legal, tem v\u00e1rio pontos que voc\u00ea vai subindo mais e mais, tem canh\u00f5es e tudo. Tem tamb\u00e9m bastante butuca, pernilongo e outros, n\u00e3o conseguimos ficar muito tempo por l\u00e1, pois estava dif\u00edcil aguentar as picadas.<\/p>\n<div id=\"attachment_424\" style=\"width: 810px\" class=\"wp-caption alignleft\"><img loading=\"lazy\" decoding=\"async\" aria-describedby=\"caption-attachment-424\" class=\"alignnone wp-image-424\" src=\"https:\/\/feriaspraontem.files.wordpress.com\/2016\/12\/farol.jpg\" alt=\"Farol\" width=\"800\" height=\"400\" \/><p id=\"caption-attachment-424\" class=\"wp-caption-text\">Foto: Karen Peressuti \/ F\u00e9rias pra Ontem<\/p><\/div>\n<div id=\"attachment_3640\" style=\"width: 810px\" class=\"wp-caption alignnone\"><img loading=\"lazy\" decoding=\"async\" aria-describedby=\"caption-attachment-3640\" class=\"alignnone size-full wp-image-3640\" src=\"https:\/\/feriaspraontem.files.wordpress.com\/2016\/12\/forte.jpg\" alt=\"Forte\" width=\"800\" height=\"400\" \/><p id=\"caption-attachment-3640\" class=\"wp-caption-text\"><em>Foto: <a href=\"https:\/\/commons.wikimedia.org\/w\/index.php?title=User:Deyvid_Setti~commonswiki&amp;action=edit&amp;redlink=1\" target=\"_blank\" rel=\"noopener\">Deyvid Setti<\/a><\/em><\/p><\/div>\n<h3 style=\"text-align: justify;\"><span class=\"ez-toc-section\" id=\"Resumo\"><\/span><strong>Resumo<\/strong><span class=\"ez-toc-section-end\"><\/span><\/h3>\n<p style=\"text-align: justify;\">A ilha \u00e9 um lugar simples, voc\u00ea n\u00e3o vai ter luxo l\u00e1, n\u00e3o vai ter comidas gourmet. Voc\u00ea vai para curtir a paz e a natureza que aquele lugar exala. \u00c9 incr\u00edvel voc\u00ea n\u00e3o ouvir barulho de carro, n\u00e3o sentir a polui\u00e7\u00e3o e apenas ficar em paz. A <strong>ilha \u00e9 maravilhosa<\/strong>. Eu nem sei muito bem como descreve-la.<\/p>\n<p style=\"text-align: justify;\"><strong>Dicas: <\/strong><\/p>\n<ul style=\"text-align: justify;\">\n<li>Leve protetor, repelente e t\u00eanis. Voc\u00ea anda bastante por l\u00e1 quando quer conhecer os lugares.<\/li>\n<li>A ilha tem quantidade m\u00e1xima de pessoas. Ent\u00e3o se voc\u00ea decidir visita-la em dezembro, janeiro ou fevereiro \u00c9 bom ir cedo para comprar seu ticket.<\/li>\n<li>Voc\u00ea pode deixar o carro em um dos estacionamentos que tem perto do porto de Pontal do Paran\u00e1, n\u00e3o \u00e9 muito caro.<\/li>\n<\/ul>\n<p style=\"text-align: justify;\"><strong>O que mais gostei:<\/strong> N\u00e3o ter carro, n\u00e3o ter rua, a paz e a natureza.<\/p>\n<p style=\"text-align: justify;\"><strong>O que menos gostei:<\/strong> Apenas o restaurante do almo\u00e7o em Encantadas.<\/p>\n<p style=\"text-align: justify;\">Mais <strong>informa\u00e7\u00f5es<\/strong> no site da <a href=\"http:\/\/www.ilhadomel.com\/\" target=\"_blank\" rel=\"noopener\">Ilha do Mel<\/a>.<\/p>\n<p>&nbsp;<\/p>\n<p style=\"text-align: justify;\">Conte seu relato sobre a Ilha do Mel! Caso ainda voc\u00ea n\u00e3o teve o privil\u00e9gio de visita-la, tire suas d\u00favidas.<\/p>\n<p style=\"text-align: justify;\">Aguardo seu coment\u00e1rio. \ud83d\ude09<\/p>\n<p><em><strong>Redes:<\/strong><\/em><\/p>\n<p><em><img loading=\"lazy\" decoding=\"async\" class=\"img\" role=\"presentation\" src=\"https:\/\/www.facebook.com\/images\/emoji.php\/v9\/f39\/1\/24\/2708.png\" alt=\"\" width=\"24\" height=\"24\">\u00a0Facebook: <a href=\"https:\/\/www.facebook.com\/feriaspraontemm\/\" target=\"_blank\" rel=\"noopener\">@feriaspraontemm<\/a><\/em><br \/>\n<em><img loading=\"lazy\" decoding=\"async\" class=\"img\" role=\"presentation\" src=\"https:\/\/www.facebook.com\/images\/emoji.php\/v9\/f39\/1\/24\/2708.png\" alt=\"\" width=\"24\" height=\"24\">\u00a0Instagram: <a href=\"https:\/\/www.instagram.com\/ferias_praontem\/\" target=\"_blank\" rel=\"noopener\">@ferias_praontem<\/a><\/em><br \/>\n<em><img loading=\"lazy\" decoding=\"async\" class=\"img\" role=\"presentation\" src=\"https:\/\/www.facebook.com\/images\/emoji.php\/v9\/f39\/1\/24\/2708.png\" alt=\"\" width=\"24\" height=\"24\">\u00a0Instagram:<a href=\"https:\/\/www.instagram.com\/karenperessuti\/\" target=\"_blank\" rel=\"noopener\"> @karenperessuti<\/a><\/em><br \/>\n<em><img loading=\"lazy\" decoding=\"async\" class=\"img\" role=\"presentation\" src=\"https:\/\/www.facebook.com\/images\/emoji.php\/v9\/f39\/1\/24\/2708.png\" alt=\"\" width=\"24\" height=\"24\">\u00a0Dubbi: <a href=\"https:\/\/www.dubbi.com.br\/viajante\/karen-peressuti\" target=\"_blank\" rel=\"noopener\">Karen Peressuti<\/a><\/em><br \/>\n<em><img loading=\"lazy\" decoding=\"async\" class=\"img\" role=\"presentation\" src=\"https:\/\/www.facebook.com\/images\/emoji.php\/v9\/f39\/1\/24\/2708.png\" alt=\"\" width=\"24\" height=\"24\">\u00a0Linkedin: <a href=\"https:\/\/www.linkedin.com\/in\/f%C3%A9rias-pra-ontem-649b68145\/\" target=\"_blank\" rel=\"noopener\">F\u00e9rias pra Ontem<\/a><\/em><br \/>\n<em><img loading=\"lazy\" decoding=\"async\" class=\"img\" role=\"presentation\" src=\"https:\/\/www.facebook.com\/images\/emoji.php\/v9\/f39\/1\/24\/2708.png\" alt=\"\" width=\"24\" height=\"24\">\u00a0Bloglovin&#8217;: <a href=\"https:\/\/www.bloglovin.com\/blogs\/ferias-pra-ontem-18959889\" target=\"_blank\" rel=\"noopener\">F\u00e9rias pra Ontem<\/a><\/em><br \/>\n<em><img loading=\"lazy\" decoding=\"async\" class=\"img\" role=\"presentation\" src=\"https:\/\/www.facebook.com\/images\/emoji.php\/v9\/f39\/1\/24\/2708.png\" alt=\"\" width=\"24\" height=\"24\">\u00a0Blogs Brasil: <a href=\"https:\/\/blogsbrasil.com.br\/blog\/feriaspraontem-com\/\" target=\"_blank\" rel=\"noopener\">F\u00e9rias pra Ontem<\/a><\/em><\/p>\n","protected":false},"excerpt":{"rendered":"<p>Ol\u00e1 pessoal! Eu sou a\u00a0Karen Peressuti\u00a0e escrevo sobre viagens e experiencias no blog\u00a0F\u00e9rias pra Ontem.\u00a0Que tal conhecer um lugar simplesmente maravilhoso? Ent\u00e3o, v\u00e1 para a Ilha do Mel!<\/p>\n","protected":false},"author":1387,"featured_media":30749,"comment_status":"open","ping_status":"closed","sticky":false,"template":"","format":"standard","meta":{"googlesitekit_rrm_CAoiELM5mIOjYRN0nfylq3_9r-8:productID":"","_crdt_document":"","_daim_seo_power":"","_daim_enable_ail":"","footnotes":""},"categories":[168,1193],"tags":[1833,85],"class_list":["post-30742","post","type-post","status-publish","format-standard","has-post-thumbnail","hentry","category-blog","category-brasil","tag-ilha-do-mel","tag-parana"],"_links":{"self":[{"href":"https:\/\/www.mochileiros.com\/blog\/wp-json\/wp\/v2\/posts\/30742","targetHints":{"allow":["GET"]}}],"collection":[{"href":"https:\/\/www.mochileiros.com\/blog\/wp-json\/wp\/v2\/posts"}],"about":[{"href":"https:\/\/www.mochileiros.com\/blog\/wp-json\/wp\/v2\/types\/post"}],"author":[{"embeddable":true,"href":"https:\/\/www.mochileiros.com\/blog\/wp-json\/wp\/v2\/users\/1387"}],"replies":[{"embeddable":true,"href":"https:\/\/www.mochileiros.com\/blog\/wp-json\/wp\/v2\/comments?post=30742"}],"version-history":[{"count":0,"href":"https:\/\/www.mochileiros.com\/blog\/wp-json\/wp\/v2\/posts\/30742\/revisions"}],"wp:featuredmedia":[{"embeddable":true,"href":"https:\/\/www.mochileiros.com\/blog\/wp-json\/wp\/v2\/media\/30749"}],"wp:attachment":[{"href":"https:\/\/www.mochileiros.com\/blog\/wp-json\/wp\/v2\/media?parent=30742"}],"wp:term":[{"taxonomy":"category","embeddable":true,"href":"https:\/\/www.mochileiros.com\/blog\/wp-json\/wp\/v2\/categories?post=30742"},{"taxonomy":"post_tag","embeddable":true,"href":"https:\/\/www.mochileiros.com\/blog\/wp-json\/wp\/v2\/tags?post=30742"}],"curies":[{"name":"wp","href":"https:\/\/api.w.org\/{rel}","templated":true}]}}