{"id":31061,"date":"2017-08-09T17:36:34","date_gmt":"2017-08-09T20:36:34","guid":{"rendered":"https:\/\/www.mochileiros.com\/blog\/?p=31061"},"modified":"2017-10-20T21:02:54","modified_gmt":"2017-10-21T00:02:54","slug":"viajante-revela-44-fatos-curiosos-apos-rodar-100-paises-de-bicicleta","status":"publish","type":"post","link":"https:\/\/www.mochileiros.com\/blog\/viajante-revela-44-fatos-curiosos-apos-rodar-100-paises-de-bicicleta","title":{"rendered":"Viajante revela fatos curiosos ap\u00f3s rodar 100 pa\u00edses de bicicleta"},"content":{"rendered":"<p>Lars Bengtsson \u00e9 um viajante inveterado. Em mar\u00e7o de 2004 ele partiu com sua bicicleta da Su\u00e9cia, sua terra natal, rumo a China e desde ent\u00e3o n\u00e3o parou mais. J\u00e1 rodou mais de 105.000 km. Durante suas viagens Lars cruzou de bike a cordilheira dos\u00a0Andes e os Alpes Europeus, atravessou pedalando o\u00a0deserto do Saara, o Outback Australiano e \u00e1reas extremamente remotas da China, onde bateu seu pr\u00f3prio recorde de tempo sem encontrar uma aldeia ou vilarejo: 35 dias sem encontrar sequer uma alma viva.<br \/>\nEscalou 9 montanhas, segundo ele, sem nunca ter feito isso antes. \u00a0Atravessou o Parque Nacional Haut Niger na Guin\u00e9 em um barquinho\u00a0<a href=\"https:\/\/www.google.com.br\/search?q=tr%C3%A4kanot&amp;source=lnms&amp;tbm=isch&amp;sa=X&amp;ved=0ahUKEwjbxZfx6crVAhXEhpAKHaXgC3IQ_AUICigB&amp;biw=1600&amp;bih=721\" target=\"_blank\" rel=\"noopener\">tr\u00e4kanot<\/a>\u00a0e em Honduras explorou a floresta de\u00a0La Mosquitia\u00a0em um caiaque, ao todo remou por mais 600 km.<br \/>\nEm junho de 2017 Lars chegou em Angola, seu 100\u00ba pa\u00eds! Dos 13 anos que se passaram desde a sua primeira viagem em 2004, 6 anos foram na estrada, pedalando e acampando.\u00a0 Lars j\u00e1 escreveu um livro e relata suas viagens atrav\u00e9s do seu perfil no\u00a0<a href=\"https:\/\/www.instagram.com\/lostcyclist\/\" target=\"_blank\" rel=\"noopener\">Instagram<\/a> e em seu <a href=\"http:\/\/www.lostcyclist.com\" target=\"_blank\" rel=\"noopener\">site<\/a>\u00a0Lost Cyclist (em su\u00e9co).<br \/>\nAgora ele planeja\u00a0deixar a bicicleta de lado por um tempo e atravessar as ilhas da Indon\u00e9sia a p\u00e9.<\/p>\n<div id=\"ez-toc-container\" class=\"ez-toc-v2_0_82_2 counter-hierarchy ez-toc-counter ez-toc-grey ez-toc-container-direction\">\n<div class=\"ez-toc-title-container\">\n<p class=\"ez-toc-title\" style=\"cursor:inherit\">\u00cdndice<\/p>\n<span class=\"ez-toc-title-toggle\"><a href=\"#\" class=\"ez-toc-pull-right ez-toc-btn ez-toc-btn-xs ez-toc-btn-default ez-toc-toggle\" aria-label=\"Alternar tabela de conte\u00fado\"><span class=\"ez-toc-js-icon-con\"><span class=\"\"><span class=\"eztoc-hide\" style=\"display:none;\">Toggle<\/span><span class=\"ez-toc-icon-toggle-span\"><svg style=\"fill: #999;color:#999\" xmlns=\"http:\/\/www.w3.org\/2000\/svg\" class=\"list-377408\" width=\"20px\" height=\"20px\" viewBox=\"0 0 24 24\" fill=\"none\"><path d=\"M6 6H4v2h2V6zm14 0H8v2h12V6zM4 11h2v2H4v-2zm16 0H8v2h12v-2zM4 16h2v2H4v-2zm16 0H8v2h12v-2z\" fill=\"currentColor\"><\/path><\/svg><svg style=\"fill: #999;color:#999\" class=\"arrow-unsorted-368013\" xmlns=\"http:\/\/www.w3.org\/2000\/svg\" width=\"10px\" height=\"10px\" viewBox=\"0 0 24 24\" version=\"1.2\" baseProfile=\"tiny\"><path d=\"M18.2 9.3l-6.2-6.3-6.2 6.3c-.2.2-.3.4-.3.7s.1.5.3.7c.2.2.4.3.7.3h11c.3 0 .5-.1.7-.3.2-.2.3-.5.3-.7s-.1-.5-.3-.7zM5.8 14.7l6.2 6.3 6.2-6.3c.2-.2.3-.5.3-.7s-.1-.5-.3-.7c-.2-.2-.4-.3-.7-.3h-11c-.3 0-.5.1-.7.3-.2.2-.3.5-.3.7s.1.5.3.7z\"\/><\/svg><\/span><\/span><\/span><\/a><\/span><\/div>\n<nav><ul class='ez-toc-list ez-toc-list-level-1 ' ><li class='ez-toc-page-1 ez-toc-heading-level-2'><a class=\"ez-toc-link ez-toc-heading-1\" href=\"https:\/\/www.mochileiros.com\/blog\/viajante-revela-44-fatos-curiosos-apos-rodar-100-paises-de-bicicleta\/#Os_44_fatos_curiosos_da_jornada_de_Lars_Bengtsson_por_mais_de_100_paises\" >Os 44 fatos curiosos da jornada de Lars Bengtsson por mais\u00a0de 100 pa\u00edses.<\/a><\/li><li class='ez-toc-page-1 ez-toc-heading-level-2'><a class=\"ez-toc-link ez-toc-heading-2\" href=\"https:\/\/www.mochileiros.com\/blog\/viajante-revela-44-fatos-curiosos-apos-rodar-100-paises-de-bicicleta\/#Lars_comemorando_seu_100o_pais_de_bicicleta_em_Angola_Julho_de_2017\" >Lars comemorando seu 100\u00ba pa\u00eds de bicicleta em Angola (Julho de 2017)<\/a><\/li><li class='ez-toc-page-1 ez-toc-heading-level-2'><a class=\"ez-toc-link ez-toc-heading-3\" href=\"https:\/\/www.mochileiros.com\/blog\/viajante-revela-44-fatos-curiosos-apos-rodar-100-paises-de-bicicleta\/#Atravessando_os_Montes_Altun_na_China_em_2010\" >Atravessando os Montes Altun\u00a0na China em 2010.<\/a><\/li><li class='ez-toc-page-1 ez-toc-heading-level-2'><a class=\"ez-toc-link ez-toc-heading-4\" href=\"https:\/\/www.mochileiros.com\/blog\/viajante-revela-44-fatos-curiosos-apos-rodar-100-paises-de-bicicleta\/#Vale_de_Bartang_no_Tajiquistao_em_2016\" >Vale de Bartang no Tajiquist\u00e3o em 2016<\/a><\/li><li class='ez-toc-page-1 ez-toc-heading-level-2'><a class=\"ez-toc-link ez-toc-heading-5\" href=\"https:\/\/www.mochileiros.com\/blog\/viajante-revela-44-fatos-curiosos-apos-rodar-100-paises-de-bicicleta\/#Cruzando_o_Deserto_do_Saara_no_Sudao_em_2006\" >Cruzando o Deserto do Saara no\u00a0Sud\u00e3o em 2006<\/a><\/li><li class='ez-toc-page-1 ez-toc-heading-level-2'><a class=\"ez-toc-link ez-toc-heading-6\" href=\"https:\/\/www.mochileiros.com\/blog\/viajante-revela-44-fatos-curiosos-apos-rodar-100-paises-de-bicicleta\/#Em_Pircas_Negras_na_Argentina_em_2013\" >Em Pircas Negras na Argentina em 2013<\/a><\/li><li class='ez-toc-page-1 ez-toc-heading-level-2'><a class=\"ez-toc-link ez-toc-heading-7\" href=\"https:\/\/www.mochileiros.com\/blog\/viajante-revela-44-fatos-curiosos-apos-rodar-100-paises-de-bicicleta\/#Mais_um_dia_de_camping_na_Guine-Bissau_em_2009\" >Mais um dia de camping na\u00a0Guin\u00e9-Bissau em 2009<\/a><\/li><li class='ez-toc-page-1 ez-toc-heading-level-2'><a class=\"ez-toc-link ez-toc-heading-8\" href=\"https:\/\/www.mochileiros.com\/blog\/viajante-revela-44-fatos-curiosos-apos-rodar-100-paises-de-bicicleta\/#Atravessando_um_rio_na_amazonia_brasileira_em_2017\" >Atravessando um rio na amaz\u00f4nia brasileira em 2017<\/a><\/li><li class='ez-toc-page-1 ez-toc-heading-level-2'><a class=\"ez-toc-link ez-toc-heading-9\" href=\"https:\/\/www.mochileiros.com\/blog\/viajante-revela-44-fatos-curiosos-apos-rodar-100-paises-de-bicicleta\/#Em_Angola_em_2017\" >Em Angola em\u00a02017<\/a><\/li><li class='ez-toc-page-1 ez-toc-heading-level-2'><a class=\"ez-toc-link ez-toc-heading-10\" href=\"https:\/\/www.mochileiros.com\/blog\/viajante-revela-44-fatos-curiosos-apos-rodar-100-paises-de-bicicleta\/#Templo_em_Kalmykia_na_Russia_em_2016\" >Templo em Kalmykia na Russia em 2016<\/a><\/li><li class='ez-toc-page-1 ez-toc-heading-level-2'><a class=\"ez-toc-link ez-toc-heading-11\" href=\"https:\/\/www.mochileiros.com\/blog\/viajante-revela-44-fatos-curiosos-apos-rodar-100-paises-de-bicicleta\/#Atravessando_Van_Zyls_na_Namibia_em_2017\" >Atravessando Van Zyl\u2019s na Namibia em 2017<\/a><\/li><li class='ez-toc-page-1 ez-toc-heading-level-2'><a class=\"ez-toc-link ez-toc-heading-12\" href=\"https:\/\/www.mochileiros.com\/blog\/viajante-revela-44-fatos-curiosos-apos-rodar-100-paises-de-bicicleta\/#E_nas_estradas_congeladas_da_Georgia_em_2016\" >E nas estradas congeladas da\u00a0Georgia em 2016<\/a><\/li><li class='ez-toc-page-1 ez-toc-heading-level-2'><a class=\"ez-toc-link ez-toc-heading-13\" href=\"https:\/\/www.mochileiros.com\/blog\/viajante-revela-44-fatos-curiosos-apos-rodar-100-paises-de-bicicleta\/#Atravessando_as_montanhas_de_Lesoto_em_2014\" >Atravessando as montanhas de Lesoto em 2014<\/a><\/li><\/ul><\/nav><\/div>\n<h2><span class=\"ez-toc-section\" id=\"Os_44_fatos_curiosos_da_jornada_de_Lars_Bengtsson_por_mais_de_100_paises\"><\/span>Os 44 fatos curiosos da jornada de Lars Bengtsson por mais\u00a0de 100 pa\u00edses.<span class=\"ez-toc-section-end\"><\/span><\/h2>\n<ol>\n<li><strong>Quil\u00f4metros pedalados:<\/strong> \u00a0Mais de 105.000 km<\/li>\n<li><strong>Continentes em que j\u00e1 viajou:<\/strong> 6<\/li>\n<li><strong>Dia mais longo pedalando:<\/strong> 255 quil\u00f4metros na Austr\u00e1lia;<\/li>\n<li><strong>Maior altitude pedalando<\/strong>: 5.090m no Peru;<\/li>\n<li><strong>Maior altitude sem bicicleta<\/strong>: 6759m em Cerro Bonete na Argentina;<\/li>\n<li><strong>Tempo mais longo sem tomar banho em um chuveiro:\u00a0<\/strong> 39 dias em Altun Shan \/ Chang Tang na China;<\/li>\n<li><strong>Tempo mais longo sem ver pessoas<\/strong>: 39 dias em Altun Shan \/ Chang Tang na China;<\/li>\n<li><strong>Maior quantidade de alimentos transportados na bicicleta<\/strong>: 34 quilos na China;<\/li>\n<li><strong>Maior quantidade \u00e1gua transportado na na bicicleta:<\/strong> 16 litros na Argentina;<\/li>\n<li><strong>Lugar mais quente que visitou:<\/strong> a fronteira entre o Ir\u00e3 e o Paquist\u00e3o: + 50c;<\/li>\n<li><strong>Lugar mais frio que visitou:<\/strong> Turquia oriental no inverno: -25c;<\/li>\n<li><strong>Pa\u00eds mais dif\u00edcil de viajar:<\/strong> Eti\u00f3pia;<\/li>\n<li><strong>Trajeto mais mais longo sem furar um pneu:<\/strong> 11.050 quil\u00f4metros (Entre Let\u00f4nia e Senegal);<\/li>\n<li><strong>Maior quantidade de furos de pneus em um mesmo dia:<\/strong> 5 furos em Gran Chaco no Paraguai;<\/li>\n<li><strong>Rio mais dif\u00edcil que cruzou:<\/strong> Bartang Valley, Tajiquist\u00e3o;<\/li>\n<li><strong>Piores insetos:<\/strong> moscas ts\u00e9-ts\u00e9 na Tanz\u00e2nia;<\/li>\n<li><strong>Pa\u00eds mais bonito:<\/strong> dif\u00edcil, mas talvez Nam\u00edbia;<\/li>\n<li><strong>Quantas montanhas subiu:<\/strong> nove (tr\u00eas deles foram as primeiras ascens\u00f5es);<\/li>\n<li><strong>Pa\u00eds com os piores motoristas:<\/strong> Pa\u00eds da Ge\u00f3rgia.<\/li>\n<li><strong>Piores Ventos<\/strong>: Durmitor National Park em Montenegro<\/li>\n<li><strong>Estrada mais bonita da \u00c1sia:<\/strong>\u00a0Bartang Valley, Tadjiquist\u00e3o<\/li>\n<li><strong>Estrada mais bonita da Am\u00e9rica do Norte:<\/strong>\u00a0Highway 12, Utah, EUA<\/li>\n<li><strong>Estrada mais bonita da Am\u00e9rica do Sul:\u00a0<\/strong>Chojata Gorge estrada, Peru<\/li>\n<li><strong>Estrada mais bonita da Europa:<\/strong>\u00a0Estradas secund\u00e1rias ao redor Retezatbergen na Rom\u00e9nia<\/li>\n<li><strong>Estrada mais bonita da Austr\u00e1lia:<\/strong>\u00a0 \u00a0Stuart Highway<\/li>\n<li><strong>Estrada mais bonita da \u00c1frica:<\/strong> \u00a0A estrada do Parque Nacional Namib-Naukluft na Nam\u00edbia<\/li>\n<li><strong>Pior estrada em um deserto:<\/strong>\u00a0Wadi Halfa-Dongola Road no deserto do Saara no Sud\u00e3o<\/li>\n<li><strong>Pior estrada de montanha:<\/strong> Gyttjehavet oeste de Fujian Shankou, China<\/li>\n<li><strong>Pior estrada de floresta:<\/strong> Os caminhos no sudeste da Guin\u00e9-Bissau<\/li>\n<li><strong>Estrada mais desagrad\u00e1vel:<\/strong>\u00a0Mostar-Sarajevo, B\u00f3snia<\/li>\n<li><strong>N\u00famero de vezes que cruzou a Linha do Equador:<\/strong> 2 vezes em Uganda e no Equador.<\/li>\n<li><strong>Local onde se perdeu mais:<\/strong> Guin\u00e9-Bissau.\u00a0(Acabou em outro pa\u00eds na Rep\u00fablica da Guin\u00e9)<\/li>\n<li><strong>Maior tempo sem dormir debaixo de um teto:<\/strong> Mais de 2 meses entre a\u00a0Z\u00e2mbia e \u00c1frica do Sul<\/li>\n<li><strong>Hostel mais barato onde se hospedou:<\/strong>\u00a0US$ 0,60 a di\u00e1ria em\u00a0Hunzadalen no Paquist\u00e3o.<\/li>\n<li><strong>Quarto individual mais barato onde se hospedou:<\/strong> US$ 0,80 em \u00a0Addis Zemen\u00a0na Eti\u00f3pia<\/li>\n<li><strong>Refei\u00e7\u00e3o mais barata:<\/strong> cerca de US$ 0,10 Salada de batata em\u00a0Terairegionen no Nepal<\/li>\n<li><strong>Melhores comidas de rua:\u00a0<\/strong>Turquia e Tail\u00e2ndia<\/li>\n<li><strong>Melhor rango:<\/strong> Momos tibetanos comprados em\u00a0McLeod Ganj na \u00edndia<\/li>\n<li><strong>Piores ressacas:<\/strong>\u00a0Em Crac\u00f3via \u00a0na Pol\u00f4nia e em Jinja na Uganda (ugh ..)<\/li>\n<li><strong>Cidade mais quente:<\/strong>\u00a0Lahore no Paquist\u00e3o<\/li>\n<li><strong>Lugar onde sofreu mais ataques de cachorros na rua:<\/strong>\u00a0Rom\u00eania<\/li>\n<li>\u00a0<strong>Lugares onde viu mais atropelamentos:<\/strong> Rom\u00eania e Tasm\u00e2nia<\/li>\n<li><strong>Lugar onde as pessoas foram mais sol\u00edcitas:<\/strong>\u00a0Ir\u00e3, S\u00edria, Estados Unidos e Nam\u00edbia<\/li>\n<li><strong>Lugar onde as pessoas foram menos sol\u00edcitas:<\/strong>\u00a0o pessoal da embaixada indiana em Islamabad<\/li>\n<\/ol>\n<div class=\"hidden-mobile-paragraphs\"><\/div>\n<h2><span class=\"ez-toc-section\" id=\"Lars_comemorando_seu_100o_pais_de_bicicleta_em_Angola_Julho_de_2017\"><\/span>Lars comemorando seu 100\u00ba pa\u00eds de bicicleta em Angola (Julho de 2017)<span class=\"ez-toc-section-end\"><\/span><\/h2>\n<p><img loading=\"lazy\" decoding=\"async\" class=\"alignnone size-full wp-image-31062\" src=\"https:\/\/www.mochileiros.com\/blog\/wp-content\/uploads\/2017\/08\/IMG_20170718_102042_710-59883fdc7402e__880.jpg\" alt=\"\" width=\"880\" height=\"880\" srcset=\"https:\/\/www.mochileiros.com\/blog\/wp-content\/uploads\/2017\/08\/IMG_20170718_102042_710-59883fdc7402e__880.jpg 880w, https:\/\/www.mochileiros.com\/blog\/wp-content\/uploads\/2017\/08\/IMG_20170718_102042_710-59883fdc7402e__880-150x150.jpg 150w, https:\/\/www.mochileiros.com\/blog\/wp-content\/uploads\/2017\/08\/IMG_20170718_102042_710-59883fdc7402e__880-300x300.jpg 300w, https:\/\/www.mochileiros.com\/blog\/wp-content\/uploads\/2017\/08\/IMG_20170718_102042_710-59883fdc7402e__880-768x768.jpg 768w, https:\/\/www.mochileiros.com\/blog\/wp-content\/uploads\/2017\/08\/IMG_20170718_102042_710-59883fdc7402e__880-80x80.jpg 80w, https:\/\/www.mochileiros.com\/blog\/wp-content\/uploads\/2017\/08\/IMG_20170718_102042_710-59883fdc7402e__880-350x350.jpg 350w, https:\/\/www.mochileiros.com\/blog\/wp-content\/uploads\/2017\/08\/IMG_20170718_102042_710-59883fdc7402e__880-313x313.jpg 313w, https:\/\/www.mochileiros.com\/blog\/wp-content\/uploads\/2017\/08\/IMG_20170718_102042_710-59883fdc7402e__880-20x20.jpg 20w\" sizes=\"auto, (max-width: 880px) 100vw, 880px\" \/><\/p>\n<h2><span class=\"ez-toc-section\" id=\"Atravessando_os_Montes_Altun_na_China_em_2010\"><\/span>Atravessando os Montes Altun\u00a0na China em 2010.<span class=\"ez-toc-section-end\"><\/span><\/h2>\n<div id=\"attachment_31063\" style=\"width: 890px\" class=\"wp-caption alignnone\"><img loading=\"lazy\" decoding=\"async\" aria-describedby=\"caption-attachment-31063\" class=\"wp-image-31063 size-full\" src=\"https:\/\/www.mochileiros.com\/blog\/wp-content\/uploads\/2017\/08\/I-have-cycled-across-100-countries-5988431e6948e__880.jpg\" alt=\"\" width=\"880\" height=\"587\" srcset=\"https:\/\/www.mochileiros.com\/blog\/wp-content\/uploads\/2017\/08\/I-have-cycled-across-100-countries-5988431e6948e__880.jpg 880w, https:\/\/www.mochileiros.com\/blog\/wp-content\/uploads\/2017\/08\/I-have-cycled-across-100-countries-5988431e6948e__880-300x200.jpg 300w, https:\/\/www.mochileiros.com\/blog\/wp-content\/uploads\/2017\/08\/I-have-cycled-across-100-countries-5988431e6948e__880-768x512.jpg 768w, https:\/\/www.mochileiros.com\/blog\/wp-content\/uploads\/2017\/08\/I-have-cycled-across-100-countries-5988431e6948e__880-313x209.jpg 313w, https:\/\/www.mochileiros.com\/blog\/wp-content\/uploads\/2017\/08\/I-have-cycled-across-100-countries-5988431e6948e__880-20x13.jpg 20w\" sizes=\"auto, (max-width: 880px) 100vw, 880px\" \/><p id=\"caption-attachment-31063\" class=\"wp-caption-text\">Durante a travessia de 50 dias, Lars carregou na bicicleta, 72 pacotes de macarr\u00e3o e tr\u00eas quilos de aveia.<\/p><\/div>\n<h2><span class=\"ez-toc-section\" id=\"Vale_de_Bartang_no_Tajiquistao_em_2016\"><\/span>Vale de Bartang no Tajiquist\u00e3o em 2016<span class=\"ez-toc-section-end\"><\/span><\/h2>\n<p><img loading=\"lazy\" decoding=\"async\" class=\"alignnone size-full wp-image-31064\" src=\"https:\/\/www.mochileiros.com\/blog\/wp-content\/uploads\/2017\/08\/I-have-cycled-across-100-countries-598843bba39c6__880.jpg\" alt=\"\" width=\"880\" height=\"587\" srcset=\"https:\/\/www.mochileiros.com\/blog\/wp-content\/uploads\/2017\/08\/I-have-cycled-across-100-countries-598843bba39c6__880.jpg 880w, https:\/\/www.mochileiros.com\/blog\/wp-content\/uploads\/2017\/08\/I-have-cycled-across-100-countries-598843bba39c6__880-300x200.jpg 300w, https:\/\/www.mochileiros.com\/blog\/wp-content\/uploads\/2017\/08\/I-have-cycled-across-100-countries-598843bba39c6__880-768x512.jpg 768w, https:\/\/www.mochileiros.com\/blog\/wp-content\/uploads\/2017\/08\/I-have-cycled-across-100-countries-598843bba39c6__880-313x209.jpg 313w, https:\/\/www.mochileiros.com\/blog\/wp-content\/uploads\/2017\/08\/I-have-cycled-across-100-countries-598843bba39c6__880-20x13.jpg 20w\" sizes=\"auto, (max-width: 880px) 100vw, 880px\" \/><\/p>\n<h2><span class=\"ez-toc-section\" id=\"Cruzando_o_Deserto_do_Saara_no_Sudao_em_2006\"><\/span>Cruzando o Deserto do Saara no\u00a0Sud\u00e3o em 2006<span class=\"ez-toc-section-end\"><\/span><\/h2>\n<p><img loading=\"lazy\" decoding=\"async\" class=\"alignnone size-full wp-image-31065\" src=\"https:\/\/www.mochileiros.com\/blog\/wp-content\/uploads\/2017\/08\/I-have-cycled-across-100-countries-598843dec0a02__880.jpg\" alt=\"\" width=\"880\" height=\"660\" srcset=\"https:\/\/www.mochileiros.com\/blog\/wp-content\/uploads\/2017\/08\/I-have-cycled-across-100-countries-598843dec0a02__880.jpg 880w, https:\/\/www.mochileiros.com\/blog\/wp-content\/uploads\/2017\/08\/I-have-cycled-across-100-countries-598843dec0a02__880-300x225.jpg 300w, https:\/\/www.mochileiros.com\/blog\/wp-content\/uploads\/2017\/08\/I-have-cycled-across-100-countries-598843dec0a02__880-1024x768.jpg 1024w, https:\/\/www.mochileiros.com\/blog\/wp-content\/uploads\/2017\/08\/I-have-cycled-across-100-countries-598843dec0a02__880-768x576.jpg 768w, https:\/\/www.mochileiros.com\/blog\/wp-content\/uploads\/2017\/08\/I-have-cycled-across-100-countries-598843dec0a02__880-1536x1152.jpg 1536w, https:\/\/www.mochileiros.com\/blog\/wp-content\/uploads\/2017\/08\/I-have-cycled-across-100-countries-598843dec0a02__880-2048x1536.jpg 2048w, https:\/\/www.mochileiros.com\/blog\/wp-content\/uploads\/2017\/08\/I-have-cycled-across-100-countries-598843dec0a02__880-200x150.jpg 200w, https:\/\/www.mochileiros.com\/blog\/wp-content\/uploads\/2017\/08\/I-have-cycled-across-100-countries-598843dec0a02__880-100x75.jpg 100w, https:\/\/www.mochileiros.com\/blog\/wp-content\/uploads\/2017\/08\/I-have-cycled-across-100-countries-598843dec0a02__880-467x350.jpg 467w, https:\/\/www.mochileiros.com\/blog\/wp-content\/uploads\/2017\/08\/I-have-cycled-across-100-countries-598843dec0a02__880-788x591.jpg 788w, https:\/\/www.mochileiros.com\/blog\/wp-content\/uploads\/2017\/08\/I-have-cycled-across-100-countries-598843dec0a02__880-313x235.jpg 313w, https:\/\/www.mochileiros.com\/blog\/wp-content\/uploads\/2017\/08\/I-have-cycled-across-100-countries-598843dec0a02__880-20x15.jpg 20w\" sizes=\"auto, (max-width: 880px) 100vw, 880px\" \/><\/p>\n<h2><span class=\"ez-toc-section\" id=\"Em_Pircas_Negras_na_Argentina_em_2013\"><\/span>Em Pircas Negras na Argentina em 2013<span class=\"ez-toc-section-end\"><\/span><\/h2>\n<p><img loading=\"lazy\" decoding=\"async\" class=\"alignnone size-full wp-image-31066\" src=\"https:\/\/www.mochileiros.com\/blog\/wp-content\/uploads\/2017\/08\/A-Swede-cycled-across-100-countries-now-he-plans-to-start-walking-5988499245577__880.jpg\" alt=\"\" width=\"880\" height=\"551\" srcset=\"https:\/\/www.mochileiros.com\/blog\/wp-content\/uploads\/2017\/08\/A-Swede-cycled-across-100-countries-now-he-plans-to-start-walking-5988499245577__880.jpg 880w, https:\/\/www.mochileiros.com\/blog\/wp-content\/uploads\/2017\/08\/A-Swede-cycled-across-100-countries-now-he-plans-to-start-walking-5988499245577__880-300x188.jpg 300w, https:\/\/www.mochileiros.com\/blog\/wp-content\/uploads\/2017\/08\/A-Swede-cycled-across-100-countries-now-he-plans-to-start-walking-5988499245577__880-768x481.jpg 768w, https:\/\/www.mochileiros.com\/blog\/wp-content\/uploads\/2017\/08\/A-Swede-cycled-across-100-countries-now-he-plans-to-start-walking-5988499245577__880-313x196.jpg 313w, https:\/\/www.mochileiros.com\/blog\/wp-content\/uploads\/2017\/08\/A-Swede-cycled-across-100-countries-now-he-plans-to-start-walking-5988499245577__880-20x13.jpg 20w\" sizes=\"auto, (max-width: 880px) 100vw, 880px\" \/><\/p>\n<h2><span class=\"ez-toc-section\" id=\"Mais_um_dia_de_camping_na_Guine-Bissau_em_2009\"><\/span>Mais um dia de camping na\u00a0Guin\u00e9-Bissau em 2009<span class=\"ez-toc-section-end\"><\/span><\/h2>\n<p><img loading=\"lazy\" decoding=\"async\" class=\"alignnone size-full wp-image-31067\" src=\"https:\/\/www.mochileiros.com\/blog\/wp-content\/uploads\/2017\/08\/A-Swede-cycled-across-100-countries-now-he-plans-to-start-walking-598849f08ddef__880.jpg\" alt=\"\" width=\"880\" height=\"587\" srcset=\"https:\/\/www.mochileiros.com\/blog\/wp-content\/uploads\/2017\/08\/A-Swede-cycled-across-100-countries-now-he-plans-to-start-walking-598849f08ddef__880.jpg 880w, https:\/\/www.mochileiros.com\/blog\/wp-content\/uploads\/2017\/08\/A-Swede-cycled-across-100-countries-now-he-plans-to-start-walking-598849f08ddef__880-300x200.jpg 300w, https:\/\/www.mochileiros.com\/blog\/wp-content\/uploads\/2017\/08\/A-Swede-cycled-across-100-countries-now-he-plans-to-start-walking-598849f08ddef__880-768x512.jpg 768w, https:\/\/www.mochileiros.com\/blog\/wp-content\/uploads\/2017\/08\/A-Swede-cycled-across-100-countries-now-he-plans-to-start-walking-598849f08ddef__880-313x209.jpg 313w, https:\/\/www.mochileiros.com\/blog\/wp-content\/uploads\/2017\/08\/A-Swede-cycled-across-100-countries-now-he-plans-to-start-walking-598849f08ddef__880-20x13.jpg 20w\" sizes=\"auto, (max-width: 880px) 100vw, 880px\" \/><\/p>\n<h2><span class=\"ez-toc-section\" id=\"Atravessando_um_rio_na_amazonia_brasileira_em_2017\"><\/span>Atravessando um rio na amaz\u00f4nia brasileira em 2017<span class=\"ez-toc-section-end\"><\/span><\/h2>\n<p><img loading=\"lazy\" decoding=\"async\" class=\"alignnone size-full wp-image-31068\" src=\"https:\/\/www.mochileiros.com\/blog\/wp-content\/uploads\/2017\/08\/A-Swede-cycled-across-100-countries-now-he-plans-to-start-walking-59884a30be8f2__880.jpg\" alt=\"\" width=\"880\" height=\"587\" srcset=\"https:\/\/www.mochileiros.com\/blog\/wp-content\/uploads\/2017\/08\/A-Swede-cycled-across-100-countries-now-he-plans-to-start-walking-59884a30be8f2__880.jpg 880w, https:\/\/www.mochileiros.com\/blog\/wp-content\/uploads\/2017\/08\/A-Swede-cycled-across-100-countries-now-he-plans-to-start-walking-59884a30be8f2__880-300x200.jpg 300w, https:\/\/www.mochileiros.com\/blog\/wp-content\/uploads\/2017\/08\/A-Swede-cycled-across-100-countries-now-he-plans-to-start-walking-59884a30be8f2__880-768x512.jpg 768w, https:\/\/www.mochileiros.com\/blog\/wp-content\/uploads\/2017\/08\/A-Swede-cycled-across-100-countries-now-he-plans-to-start-walking-59884a30be8f2__880-313x209.jpg 313w, https:\/\/www.mochileiros.com\/blog\/wp-content\/uploads\/2017\/08\/A-Swede-cycled-across-100-countries-now-he-plans-to-start-walking-59884a30be8f2__880-20x13.jpg 20w\" sizes=\"auto, (max-width: 880px) 100vw, 880px\" \/><\/p>\n<h2><span class=\"ez-toc-section\" id=\"Em_Angola_em_2017\"><\/span>Em Angola em\u00a02017<span class=\"ez-toc-section-end\"><\/span><\/h2>\n<p><img loading=\"lazy\" decoding=\"async\" class=\"alignnone size-full wp-image-31069\" src=\"https:\/\/www.mochileiros.com\/blog\/wp-content\/uploads\/2017\/08\/A-Swede-cycled-across-100-countries-now-he-plans-to-start-walking-59884aa5b83fb__880.jpg\" alt=\"\" width=\"880\" height=\"880\" srcset=\"https:\/\/www.mochileiros.com\/blog\/wp-content\/uploads\/2017\/08\/A-Swede-cycled-across-100-countries-now-he-plans-to-start-walking-59884aa5b83fb__880.jpg 880w, https:\/\/www.mochileiros.com\/blog\/wp-content\/uploads\/2017\/08\/A-Swede-cycled-across-100-countries-now-he-plans-to-start-walking-59884aa5b83fb__880-150x150.jpg 150w, https:\/\/www.mochileiros.com\/blog\/wp-content\/uploads\/2017\/08\/A-Swede-cycled-across-100-countries-now-he-plans-to-start-walking-59884aa5b83fb__880-300x300.jpg 300w, https:\/\/www.mochileiros.com\/blog\/wp-content\/uploads\/2017\/08\/A-Swede-cycled-across-100-countries-now-he-plans-to-start-walking-59884aa5b83fb__880-768x768.jpg 768w, https:\/\/www.mochileiros.com\/blog\/wp-content\/uploads\/2017\/08\/A-Swede-cycled-across-100-countries-now-he-plans-to-start-walking-59884aa5b83fb__880-80x80.jpg 80w, https:\/\/www.mochileiros.com\/blog\/wp-content\/uploads\/2017\/08\/A-Swede-cycled-across-100-countries-now-he-plans-to-start-walking-59884aa5b83fb__880-350x350.jpg 350w, https:\/\/www.mochileiros.com\/blog\/wp-content\/uploads\/2017\/08\/A-Swede-cycled-across-100-countries-now-he-plans-to-start-walking-59884aa5b83fb__880-313x313.jpg 313w, https:\/\/www.mochileiros.com\/blog\/wp-content\/uploads\/2017\/08\/A-Swede-cycled-across-100-countries-now-he-plans-to-start-walking-59884aa5b83fb__880-20x20.jpg 20w\" sizes=\"auto, (max-width: 880px) 100vw, 880px\" \/><\/p>\n<h2><span class=\"ez-toc-section\" id=\"Templo_em_Kalmykia_na_Russia_em_2016\"><\/span>Templo em Kalmykia na Russia em 2016<span class=\"ez-toc-section-end\"><\/span><\/h2>\n<p><img loading=\"lazy\" decoding=\"async\" class=\"alignnone size-full wp-image-31070\" src=\"https:\/\/www.mochileiros.com\/blog\/wp-content\/uploads\/2017\/08\/A-Swede-cycled-across-100-countries-now-he-plans-to-start-walking-5988507acc692__880.jpg\" alt=\"\" width=\"880\" height=\"587\" srcset=\"https:\/\/www.mochileiros.com\/blog\/wp-content\/uploads\/2017\/08\/A-Swede-cycled-across-100-countries-now-he-plans-to-start-walking-5988507acc692__880.jpg 880w, https:\/\/www.mochileiros.com\/blog\/wp-content\/uploads\/2017\/08\/A-Swede-cycled-across-100-countries-now-he-plans-to-start-walking-5988507acc692__880-300x200.jpg 300w, https:\/\/www.mochileiros.com\/blog\/wp-content\/uploads\/2017\/08\/A-Swede-cycled-across-100-countries-now-he-plans-to-start-walking-5988507acc692__880-768x512.jpg 768w, https:\/\/www.mochileiros.com\/blog\/wp-content\/uploads\/2017\/08\/A-Swede-cycled-across-100-countries-now-he-plans-to-start-walking-5988507acc692__880-313x209.jpg 313w, https:\/\/www.mochileiros.com\/blog\/wp-content\/uploads\/2017\/08\/A-Swede-cycled-across-100-countries-now-he-plans-to-start-walking-5988507acc692__880-20x13.jpg 20w\" sizes=\"auto, (max-width: 880px) 100vw, 880px\" \/><\/p>\n<h2><span class=\"ez-toc-section\" id=\"Atravessando_Van_Zyls_na_Namibia_em_2017\"><\/span>Atravessando Van Zyl\u2019s na Namibia em 2017<span class=\"ez-toc-section-end\"><\/span><\/h2>\n<p><img loading=\"lazy\" decoding=\"async\" class=\"alignnone size-full wp-image-31071\" src=\"https:\/\/www.mochileiros.com\/blog\/wp-content\/uploads\/2017\/08\/A-Swede-cycled-across-100-countries-now-he-plans-to-start-walking-598852a90deba__880.jpg\" alt=\"\" width=\"880\" height=\"587\" srcset=\"https:\/\/www.mochileiros.com\/blog\/wp-content\/uploads\/2017\/08\/A-Swede-cycled-across-100-countries-now-he-plans-to-start-walking-598852a90deba__880.jpg 880w, https:\/\/www.mochileiros.com\/blog\/wp-content\/uploads\/2017\/08\/A-Swede-cycled-across-100-countries-now-he-plans-to-start-walking-598852a90deba__880-300x200.jpg 300w, https:\/\/www.mochileiros.com\/blog\/wp-content\/uploads\/2017\/08\/A-Swede-cycled-across-100-countries-now-he-plans-to-start-walking-598852a90deba__880-768x512.jpg 768w, https:\/\/www.mochileiros.com\/blog\/wp-content\/uploads\/2017\/08\/A-Swede-cycled-across-100-countries-now-he-plans-to-start-walking-598852a90deba__880-313x209.jpg 313w, https:\/\/www.mochileiros.com\/blog\/wp-content\/uploads\/2017\/08\/A-Swede-cycled-across-100-countries-now-he-plans-to-start-walking-598852a90deba__880-20x13.jpg 20w\" sizes=\"auto, (max-width: 880px) 100vw, 880px\" \/><\/p>\n<h2><span class=\"ez-toc-section\" id=\"E_nas_estradas_congeladas_da_Georgia_em_2016\"><\/span>E nas estradas congeladas da\u00a0Georgia em 2016<span class=\"ez-toc-section-end\"><\/span><\/h2>\n<p><img loading=\"lazy\" decoding=\"async\" class=\"alignnone size-full wp-image-31072\" src=\"https:\/\/www.mochileiros.com\/blog\/wp-content\/uploads\/2017\/08\/A-Swede-cycled-across-100-countries-now-he-plans-to-start-walking-598856930a2ca__880-1.jpg\" alt=\"\" width=\"880\" height=\"587\" srcset=\"https:\/\/www.mochileiros.com\/blog\/wp-content\/uploads\/2017\/08\/A-Swede-cycled-across-100-countries-now-he-plans-to-start-walking-598856930a2ca__880-1.jpg 880w, https:\/\/www.mochileiros.com\/blog\/wp-content\/uploads\/2017\/08\/A-Swede-cycled-across-100-countries-now-he-plans-to-start-walking-598856930a2ca__880-1-300x200.jpg 300w, https:\/\/www.mochileiros.com\/blog\/wp-content\/uploads\/2017\/08\/A-Swede-cycled-across-100-countries-now-he-plans-to-start-walking-598856930a2ca__880-1-768x512.jpg 768w, https:\/\/www.mochileiros.com\/blog\/wp-content\/uploads\/2017\/08\/A-Swede-cycled-across-100-countries-now-he-plans-to-start-walking-598856930a2ca__880-1-313x209.jpg 313w, https:\/\/www.mochileiros.com\/blog\/wp-content\/uploads\/2017\/08\/A-Swede-cycled-across-100-countries-now-he-plans-to-start-walking-598856930a2ca__880-1-20x13.jpg 20w\" sizes=\"auto, (max-width: 880px) 100vw, 880px\" \/><\/p>\n<h2><span class=\"ez-toc-section\" id=\"Atravessando_as_montanhas_de_Lesoto_em_2014\"><\/span>Atravessando as montanhas de Lesoto em 2014<span class=\"ez-toc-section-end\"><\/span><\/h2>\n<div class=\"hidden-mobile-paragraphs\"><\/div>\n","protected":false},"excerpt":{"rendered":"<p>Lars Bengtsson \u00e9 um viajante inveterado. Em mar\u00e7o de 2004 ele partiu com sua bicicleta da Su\u00e9cia, sua terra natal, rumo a China e desde ent\u00e3o n\u00e3o parou mais. J\u00e1 rodou mais de 105.000 km. Durante suas viagens Lars cruzou de bike a cordilheira dos\u00a0Andes e os Alpes Europeus, atravessou pedalando o\u00a0deserto do Saara, o [&hellip;]<\/p>\n","protected":false},"author":1,"featured_media":31065,"comment_status":"open","ping_status":"closed","sticky":false,"template":"","format":"standard","meta":{"googlesitekit_rrm_CAoiELM5mIOjYRN0nfylq3_9r-8:productID":"","_crdt_document":"","_daim_seo_power":"","_daim_enable_ail":"","footnotes":""},"categories":[168],"tags":[139,982,1852,1126],"class_list":["post-31061","post","type-post","status-publish","format-standard","has-post-thumbnail","hentry","category-blog","tag-cicloturismo","tag-exploradores-do-seculo-xxi","tag-lars-bengtsson","tag-volta-ao-mundo"],"_links":{"self":[{"href":"https:\/\/www.mochileiros.com\/blog\/wp-json\/wp\/v2\/posts\/31061","targetHints":{"allow":["GET"]}}],"collection":[{"href":"https:\/\/www.mochileiros.com\/blog\/wp-json\/wp\/v2\/posts"}],"about":[{"href":"https:\/\/www.mochileiros.com\/blog\/wp-json\/wp\/v2\/types\/post"}],"author":[{"embeddable":true,"href":"https:\/\/www.mochileiros.com\/blog\/wp-json\/wp\/v2\/users\/1"}],"replies":[{"embeddable":true,"href":"https:\/\/www.mochileiros.com\/blog\/wp-json\/wp\/v2\/comments?post=31061"}],"version-history":[{"count":0,"href":"https:\/\/www.mochileiros.com\/blog\/wp-json\/wp\/v2\/posts\/31061\/revisions"}],"wp:featuredmedia":[{"embeddable":true,"href":"https:\/\/www.mochileiros.com\/blog\/wp-json\/wp\/v2\/media\/31065"}],"wp:attachment":[{"href":"https:\/\/www.mochileiros.com\/blog\/wp-json\/wp\/v2\/media?parent=31061"}],"wp:term":[{"taxonomy":"category","embeddable":true,"href":"https:\/\/www.mochileiros.com\/blog\/wp-json\/wp\/v2\/categories?post=31061"},{"taxonomy":"post_tag","embeddable":true,"href":"https:\/\/www.mochileiros.com\/blog\/wp-json\/wp\/v2\/tags?post=31061"}],"curies":[{"name":"wp","href":"https:\/\/api.w.org\/{rel}","templated":true}]}}