{"id":31324,"date":"2017-08-15T13:47:57","date_gmt":"2017-08-15T16:47:57","guid":{"rendered":"https:\/\/www.mochileiros.com\/blog\/?p=31324"},"modified":"2017-08-15T13:55:21","modified_gmt":"2017-08-15T16:55:21","slug":"eles-fizeram-uma-volta-ao-mundo-com-os-3-filhos-pequenos","status":"publish","type":"post","link":"https:\/\/www.mochileiros.com\/blog\/eles-fizeram-uma-volta-ao-mundo-com-os-3-filhos-pequenos","title":{"rendered":"Eles fizeram uma volta ao mundo com os 3 filhos pequenos"},"content":{"rendered":"<p style=\"text-align: left;\">Eles venderam a casa, se desfizeram de quase tudo que tinham e foram realizar o sonho de conhecer o mundo. Este come\u00e7o de hist\u00f3ria j\u00e1 apareceu por aqui em outros casos inspiradores como esse, mas a esta, acrescente ao sonho 3 filhos &#8211; um de 8 anos, um de 5 e um de menos de 2.<br \/>\nEstamos falando do casal portugu\u00eas Andr\u00e9 Carvalho e Carolina Quina e dos pequenos Leonor, Pedro e Andr\u00e9 Maria, a fam\u00edlia Blue Olive.<br \/>\nA viagem de volta ao mundo foi uma maneira da fam\u00edlia se manter unida por mais tempo seguido. Ao site portugu\u00eas <a href=\"https:\/\/nit.pt\/out-of-town\/a-familia-que-largou-tudo-para-viajar-com-os-filhos-regressou-a-portugal\" target=\"_blank\" rel=\"noopener\">NiT<\/a>, eles contaram que este foi um dos principais motivos da viagem. &#8220;C\u00e1 [em Portugal] est\u00e1vamos sempre limitados por hor\u00e1rios, s\u00f3 pod\u00edamos estar juntos ao final da tarde e aos fins de semana. Foi fant\u00e1stico poder fazer isso&#8221;.<br \/>\nViajar com crian\u00e7as n\u00e3o \u00e9 tarefa f\u00e1cil, mas eles se sa\u00edram bem. Contam que achavam que elas n\u00e3o seriam capazes de fazer algumas coisas e que iriam queixar-se pelo caminho. Ao contr\u00e1rio, ficaram extasiados. Chegaram a subir vulc\u00f5es e fazer longas caminhadas; conheceram pessoas, alimentos, paisagens e culturas diferentes.<\/p>\n<div id=\"attachment_31326\" style=\"width: 970px\" class=\"wp-caption aligncenter\"><img loading=\"lazy\" decoding=\"async\" aria-describedby=\"caption-attachment-31326\" class=\"wp-image-31326 size-full\" src=\"https:\/\/www.mochileiros.com\/blog\/wp-content\/uploads\/2017\/08\/blueolive01.jpg\" alt=\"\" width=\"960\" height=\"960\" srcset=\"https:\/\/www.mochileiros.com\/blog\/wp-content\/uploads\/2017\/08\/blueolive01.jpg 960w, https:\/\/www.mochileiros.com\/blog\/wp-content\/uploads\/2017\/08\/blueolive01-300x300.jpg 300w, https:\/\/www.mochileiros.com\/blog\/wp-content\/uploads\/2017\/08\/blueolive01-1024x1024.jpg 1024w, https:\/\/www.mochileiros.com\/blog\/wp-content\/uploads\/2017\/08\/blueolive01-150x150.jpg 150w, https:\/\/www.mochileiros.com\/blog\/wp-content\/uploads\/2017\/08\/blueolive01-768x768.jpg 768w, https:\/\/www.mochileiros.com\/blog\/wp-content\/uploads\/2017\/08\/blueolive01-1536x1536.jpg 1536w, https:\/\/www.mochileiros.com\/blog\/wp-content\/uploads\/2017\/08\/blueolive01-2048x2048.jpg 2048w, https:\/\/www.mochileiros.com\/blog\/wp-content\/uploads\/2017\/08\/blueolive01-100x100.jpg 100w, https:\/\/www.mochileiros.com\/blog\/wp-content\/uploads\/2017\/08\/blueolive01-350x350.jpg 350w, https:\/\/www.mochileiros.com\/blog\/wp-content\/uploads\/2017\/08\/blueolive01-788x788.jpg 788w, https:\/\/www.mochileiros.com\/blog\/wp-content\/uploads\/2017\/08\/blueolive01-80x80.jpg 80w, https:\/\/www.mochileiros.com\/blog\/wp-content\/uploads\/2017\/08\/blueolive01-313x313.jpg 313w, https:\/\/www.mochileiros.com\/blog\/wp-content\/uploads\/2017\/08\/blueolive01-20x20.jpg 20w\" sizes=\"auto, (max-width: 960px) 100vw, 960px\" \/><p id=\"caption-attachment-31326\" class=\"wp-caption-text\">Carolina, Leonor, Andr\u00e9 Maria, Pedro e Andr\u00e9 | Foto: Reprodu\u00e7\u00e3o Facebook\/@blueolivept<\/p><\/div>\n<div id=\"attachment_31330\" style=\"width: 970px\" class=\"wp-caption aligncenter\"><img loading=\"lazy\" decoding=\"async\" aria-describedby=\"caption-attachment-31330\" class=\"wp-image-31330 size-full\" src=\"https:\/\/www.mochileiros.com\/blog\/wp-content\/uploads\/2017\/08\/blueolive04.jpg\" alt=\"\" width=\"960\" height=\"720\" srcset=\"https:\/\/www.mochileiros.com\/blog\/wp-content\/uploads\/2017\/08\/blueolive04.jpg 960w, https:\/\/www.mochileiros.com\/blog\/wp-content\/uploads\/2017\/08\/blueolive04-300x225.jpg 300w, https:\/\/www.mochileiros.com\/blog\/wp-content\/uploads\/2017\/08\/blueolive04-768x576.jpg 768w, https:\/\/www.mochileiros.com\/blog\/wp-content\/uploads\/2017\/08\/blueolive04-313x235.jpg 313w, https:\/\/www.mochileiros.com\/blog\/wp-content\/uploads\/2017\/08\/blueolive04-20x15.jpg 20w\" sizes=\"auto, (max-width: 960px) 100vw, 960px\" \/><p id=\"caption-attachment-31330\" class=\"wp-caption-text\">M\u00e3e e filhos na Muralha da China, um dos muitos lugares que eles conheceram | Foto: Reprodu\u00e7\u00e3o Facebook\/@blueolivept<\/p><\/div>\n<h3 style=\"text-align: left;\">Recome\u00e7ar<\/h3>\n<div id=\"attachment_31327\" style=\"width: 970px\" class=\"wp-caption aligncenter\"><a href=\"https:\/\/www.mochileiros.com\/blog\/blog\/eles-fizeram-uma-volta-ao-mundo-com-os-3-filhos-pequenos\/attachment\/blueolive03\" rel=\"attachment wp-att-31327\"><img loading=\"lazy\" decoding=\"async\" aria-describedby=\"caption-attachment-31327\" class=\"size-full wp-image-31327\" src=\"https:\/\/www.mochileiros.com\/blog\/wp-content\/uploads\/2017\/08\/blueolive03.jpg\" alt=\"\" width=\"960\" height=\"720\" srcset=\"https:\/\/www.mochileiros.com\/blog\/wp-content\/uploads\/2017\/08\/blueolive03.jpg 960w, https:\/\/www.mochileiros.com\/blog\/wp-content\/uploads\/2017\/08\/blueolive03-300x225.jpg 300w, https:\/\/www.mochileiros.com\/blog\/wp-content\/uploads\/2017\/08\/blueolive03-768x576.jpg 768w, https:\/\/www.mochileiros.com\/blog\/wp-content\/uploads\/2017\/08\/blueolive03-313x235.jpg 313w, https:\/\/www.mochileiros.com\/blog\/wp-content\/uploads\/2017\/08\/blueolive03-20x15.jpg 20w\" sizes=\"auto, (max-width: 960px) 100vw, 960px\" \/><\/a><p id=\"caption-attachment-31327\" class=\"wp-caption-text\">Foto: Reprodu\u00e7\u00e3o Facebook\/@blueolivept<\/p><\/div>\n<p style=\"text-align: left;\">Em junho passado, a fam\u00edlia voltou \u00e0 Portugal. Sem nenhum arrependimento, mas ir\u00e3o come\u00e7ar do zero. O dinheiro que tinham utilizaram na viagem. Dela, al\u00e9m da experi\u00eancia \u00edmpar, criaram um <a href=\"https:\/\/blueolive.org\/\" target=\"_blank\" rel=\"noopener\">blog<\/a> e uma <a href=\"https:\/\/www.blueolive.pt\/\" target=\"_blank\" rel=\"noopener\">ag\u00eancia de viagens<\/a> que j\u00e1 come\u00e7a a render-lhes algo. A partir da\u00ed, \u00e9 s\u00f3 seguir adiante.<br \/>\nAo chegarem, na casa de familiares, Andr\u00e9 e Carolina s\u00f3 queriam descansar. Os pequenos? J\u00e1 queriam ir para a rua encontrar algo novo, de novo.<\/p>\n<div id=\"attachment_31328\" style=\"width: 970px\" class=\"wp-caption aligncenter\"><img loading=\"lazy\" decoding=\"async\" aria-describedby=\"caption-attachment-31328\" class=\"wp-image-31328 size-full\" src=\"https:\/\/www.mochileiros.com\/blog\/wp-content\/uploads\/2017\/08\/blueolive05.jpg\" alt=\"\" width=\"960\" height=\"540\" srcset=\"https:\/\/www.mochileiros.com\/blog\/wp-content\/uploads\/2017\/08\/blueolive05.jpg 960w, https:\/\/www.mochileiros.com\/blog\/wp-content\/uploads\/2017\/08\/blueolive05-300x169.jpg 300w, https:\/\/www.mochileiros.com\/blog\/wp-content\/uploads\/2017\/08\/blueolive05-768x432.jpg 768w, https:\/\/www.mochileiros.com\/blog\/wp-content\/uploads\/2017\/08\/blueolive05-313x176.jpg 313w, https:\/\/www.mochileiros.com\/blog\/wp-content\/uploads\/2017\/08\/blueolive05-20x11.jpg 20w\" sizes=\"auto, (max-width: 960px) 100vw, 960px\" \/><p id=\"caption-attachment-31328\" class=\"wp-caption-text\">Foto: Reprodu\u00e7\u00e3o Facebook\/@blueolivept<\/p><\/div>\n<div id=\"attachment_31329\" style=\"width: 970px\" class=\"wp-caption aligncenter\"><img loading=\"lazy\" decoding=\"async\" aria-describedby=\"caption-attachment-31329\" class=\"wp-image-31329 size-full\" src=\"https:\/\/www.mochileiros.com\/blog\/wp-content\/uploads\/2017\/08\/blueolive02.jpg\" alt=\"\" width=\"960\" height=\"720\" srcset=\"https:\/\/www.mochileiros.com\/blog\/wp-content\/uploads\/2017\/08\/blueolive02.jpg 960w, https:\/\/www.mochileiros.com\/blog\/wp-content\/uploads\/2017\/08\/blueolive02-300x225.jpg 300w, https:\/\/www.mochileiros.com\/blog\/wp-content\/uploads\/2017\/08\/blueolive02-768x576.jpg 768w, https:\/\/www.mochileiros.com\/blog\/wp-content\/uploads\/2017\/08\/blueolive02-313x235.jpg 313w, https:\/\/www.mochileiros.com\/blog\/wp-content\/uploads\/2017\/08\/blueolive02-20x15.jpg 20w\" sizes=\"auto, (max-width: 960px) 100vw, 960px\" \/><p id=\"caption-attachment-31329\" class=\"wp-caption-text\">Foto: Reprodu\u00e7\u00e3o Facebook\/@blueolivept<\/p><\/div>\n<p>Mais sobre a hist\u00f3ria deles e a viagem podem ser conferidas no <a href=\"http:\/\/blueolive.org\/\" target=\"_blank\" rel=\"noopener\">blog<\/a>, na p\u00e1gina deles no <a href=\"https:\/\/www.facebook.com\/blueolivept\" target=\"_blank\" rel=\"noopener\">Facebook<\/a> e no <a href=\"https:\/\/www.instagram.com\/blueolivept\/\" target=\"_blank\" rel=\"noopener\">Instagram<\/a>.<\/p>\n","protected":false},"excerpt":{"rendered":"<p>Eles venderam a casa, se desfizeram de quase tudo que tinham e foram realizar o sonho de conhecer o mundo. Este come\u00e7o de hist\u00f3ria j\u00e1 apareceu por aqui em outros casos inspiradores como esse, mas a esta, acrescente ao sonho 3 filhos &#8211; um de 8 anos, um de 5 e um de menos de [&hellip;]<\/p>\n","protected":false},"author":55,"featured_media":31326,"comment_status":"open","ping_status":"closed","sticky":false,"template":"","format":"standard","meta":{"googlesitekit_rrm_CAoiELM5mIOjYRN0nfylq3_9r-8:productID":"","_crdt_document":"","_daim_seo_power":"","_daim_enable_ail":"","footnotes":""},"categories":[168],"tags":[1206,1126],"class_list":["post-31324","post","type-post","status-publish","format-standard","has-post-thumbnail","hentry","category-blog","tag-historias-inspiradoras","tag-volta-ao-mundo"],"_links":{"self":[{"href":"https:\/\/www.mochileiros.com\/blog\/wp-json\/wp\/v2\/posts\/31324","targetHints":{"allow":["GET"]}}],"collection":[{"href":"https:\/\/www.mochileiros.com\/blog\/wp-json\/wp\/v2\/posts"}],"about":[{"href":"https:\/\/www.mochileiros.com\/blog\/wp-json\/wp\/v2\/types\/post"}],"author":[{"embeddable":true,"href":"https:\/\/www.mochileiros.com\/blog\/wp-json\/wp\/v2\/users\/55"}],"replies":[{"embeddable":true,"href":"https:\/\/www.mochileiros.com\/blog\/wp-json\/wp\/v2\/comments?post=31324"}],"version-history":[{"count":0,"href":"https:\/\/www.mochileiros.com\/blog\/wp-json\/wp\/v2\/posts\/31324\/revisions"}],"wp:featuredmedia":[{"embeddable":true,"href":"https:\/\/www.mochileiros.com\/blog\/wp-json\/wp\/v2\/media\/31326"}],"wp:attachment":[{"href":"https:\/\/www.mochileiros.com\/blog\/wp-json\/wp\/v2\/media?parent=31324"}],"wp:term":[{"taxonomy":"category","embeddable":true,"href":"https:\/\/www.mochileiros.com\/blog\/wp-json\/wp\/v2\/categories?post=31324"},{"taxonomy":"post_tag","embeddable":true,"href":"https:\/\/www.mochileiros.com\/blog\/wp-json\/wp\/v2\/tags?post=31324"}],"curies":[{"name":"wp","href":"https:\/\/api.w.org\/{rel}","templated":true}]}}